{"id":9944,"date":"2025-10-28T10:00:32","date_gmt":"2025-10-28T09:00:32","guid":{"rendered":"https:\/\/www.vibrahotels.com\/blog\/?p=9944"},"modified":"2025-10-21T08:49:44","modified_gmt":"2025-10-21T06:49:44","slug":"halloween-mallorca-2025-planes-fiestas-tradiciones","status":"publish","type":"post","link":"https:\/\/www.vibrahotels.com\/blog\/halloween-mallorca-2025-planes-fiestas-tradiciones\/","title":{"rendered":"Halloween en Mallorca 2025: del miedo al misticismo isle\u00f1o"},"content":{"rendered":"<p>La noche m\u00e1s escalofriante del a\u00f1o tambi\u00e9n se celebra por todo lo alto en la isla de Mallorca. La isla se transforma en un escenario perfecto para vivir Halloween con intensidad, ya sea en una fiesta \u00e9pica, en un parque tem\u00e1tico con los peques o reviviendo las tradiciones m\u00e1s aut\u00e9nticas.<\/p>\n<p>Si est\u00e1s pensando en escaparte este octubre, aqu\u00ed te dejamos los mejores planes para disfrutar de Halloween 2025 en Mallorca, desde el ritmo de las mejores discotecas hasta propuestas familiares o culturales con sabor local.<\/p>\n<p><img loading=\"lazy\" decoding=\"async\" src=\"https:\/\/www.vibrahotels.com\/blog\/wp-content\/uploads\/2025\/09\/thumb_2048x1536_14e854da-9daf-4606-9813-9fb0f5293326-1-1-1.jpg\" alt=\"halloween mallorca gu\u00eda vibra hotels\" width=\"2048\" height=\"1170\" class=\"alignnone size-full wp-image-9953\" srcset=\"https:\/\/www.vibrahotels.com\/blog\/wp-content\/uploads\/2025\/09\/thumb_2048x1536_14e854da-9daf-4606-9813-9fb0f5293326-1-1-1.jpg 2048w, https:\/\/www.vibrahotels.com\/blog\/wp-content\/uploads\/2025\/09\/thumb_2048x1536_14e854da-9daf-4606-9813-9fb0f5293326-1-1-1-300x171.jpg 300w, https:\/\/www.vibrahotels.com\/blog\/wp-content\/uploads\/2025\/09\/thumb_2048x1536_14e854da-9daf-4606-9813-9fb0f5293326-1-1-1-1024x585.jpg 1024w, https:\/\/www.vibrahotels.com\/blog\/wp-content\/uploads\/2025\/09\/thumb_2048x1536_14e854da-9daf-4606-9813-9fb0f5293326-1-1-1-768x439.jpg 768w, https:\/\/www.vibrahotels.com\/blog\/wp-content\/uploads\/2025\/09\/thumb_2048x1536_14e854da-9daf-4606-9813-9fb0f5293326-1-1-1-1536x878.jpg 1536w\" sizes=\"auto, (max-width: 2048px) 100vw, 2048px\" \/><\/p>\n<h2>Para amantes de la fiesta: miedo con ritmo y buena m\u00fasica<\/h2>\n<p>Mallorca no falla cuando se trata de montar una buena fiesta, y en Halloween, las discotecas y clubs se llenan de disfraces, m\u00fasica y ambientaciones terror\u00edficas. Estas son algunas de las citas m\u00e1s esperadas del 2025:<\/p>\n<p><strong>Urban Halloween Remember 2025 \u2013 Es Gremi (Palma)<\/strong><br \/>\nUna de las fiestas urbanas m\u00e1s prometedoras de la temporada. M\u00fasica non-stop, buen ambiente y premios para los mejores disfraces. \u00a1No te lo pierdas!<\/p>\n<p><strong>R33 Halloween Edition con Mariano Mellino \u2013 Wave Club, Palma<\/strong><br \/>\nUn line-up de lujo en una de las salas m\u00e1s exclusivas. Eso s\u00ed, las entradas vuelan&#8230; \u00a1As\u00ed que corre!<\/p>\n<p><strong>BCM Planet Dance \u2013 Magaluf<\/strong><br \/>\nUna de las discotecas m\u00e1s grandes de Europa no se queda atr\u00e1s. Cada a\u00f1o celebra un Halloween Party inolvidable, con DJs internacionales, decoraci\u00f3n de pel\u00edcula y sorpresas escalofriantes.<\/p>\n<p><strong>Selva Club \u2013 Palma<\/strong><br \/>\nEn 2025 presenta su evento \u201cHALLOWEEN w\/ Lexlay\u201d, ideal para fans del techno y del buen rollo. Ambiente underground con un toque tenebroso.<\/p>\n<p><strong>Discoteca Decapolis \u2013 Palma<\/strong><br \/>\nUn cl\u00e1sico palmesano. El \u201cFiest\u00f3n Halloween\u201d de cada a\u00f1o nunca decepciona.<\/p>\n<p><img loading=\"lazy\" decoding=\"async\" src=\"https:\/\/www.vibrahotels.com\/blog\/wp-content\/uploads\/2025\/09\/bcm_gallery_0011_043pbob-sinclair21072024.jpg\" alt=\"halloween mallorca gu\u00eda vibra hotels\" width=\"1080\" height=\"1080\" class=\"alignnone size-full wp-image-9947\" srcset=\"https:\/\/www.vibrahotels.com\/blog\/wp-content\/uploads\/2025\/09\/bcm_gallery_0011_043pbob-sinclair21072024.jpg 1080w, https:\/\/www.vibrahotels.com\/blog\/wp-content\/uploads\/2025\/09\/bcm_gallery_0011_043pbob-sinclair21072024-300x300.jpg 300w, https:\/\/www.vibrahotels.com\/blog\/wp-content\/uploads\/2025\/09\/bcm_gallery_0011_043pbob-sinclair21072024-1024x1024.jpg 1024w, https:\/\/www.vibrahotels.com\/blog\/wp-content\/uploads\/2025\/09\/bcm_gallery_0011_043pbob-sinclair21072024-150x150.jpg 150w, https:\/\/www.vibrahotels.com\/blog\/wp-content\/uploads\/2025\/09\/bcm_gallery_0011_043pbob-sinclair21072024-768x768.jpg 768w\" sizes=\"auto, (max-width: 1080px) 100vw, 1080px\" \/><\/p>\n<h2>Halloween en familia: diversi\u00f3n para grandes y peques<\/h2>\n<p>\u00bfViajas en familia? Tambi\u00e9n hay muchas actividades adaptadas a los m\u00e1s peque\u00f1os (y no tan peque\u00f1os). Aqu\u00ed algunas opciones para disfrutar de un Halloween en Mallorca con ni\u00f1os:<\/p>\n<p><strong>FAN Mallorca Shopping<\/strong><br \/>\nTalleres creativos, concurso de disfraces, la caja del terror y encuentros con personajes de Halloween. Todo gratuito y pensado para los m\u00e1s peque\u00f1os.<\/p>\n<p><strong>Katmand\u00fa Park \u2013 Magaluf (del 31 de octubre al 3 de noviembre)<\/strong><br \/>\nEste parque tem\u00e1tico se transforma en un festival de miedo para todas las edades: pasacalles, juegos, decoraci\u00f3n tem\u00e1tica y animadores disfrazados.<\/p>\n<h2>Tradici\u00f3n local: la Nit de les \u00c0nimes<\/h2>\n<p>Mucho antes de que Halloween se globalizara, en Mallorca ya exist\u00eda una festividad con un aire m\u00e1s \u00edntimo y m\u00edstico: <strong>la Nit de les \u00c0nimes<\/strong>, celebrada del 31 de octubre al 1 de noviembre.<\/p>\n<p>Originalmente, las familias encend\u00edan velas en recuerdo de los difuntos, preparaban dulces tradicionales como bunyols y se reun\u00edan en casa o en la iglesia. Hoy, muchos pueblos como Selva, Cala Rajada, Bunyola o Lloseta han reinventado esta tradici\u00f3n combin\u00e1ndola con talleres, m\u00fasica, pasajes del terror y ferias populares.<br \/>\nUna forma diferente (y muy local) de conectar con el alma de la isla. <\/p>\n<h2>\u00bfListo para un Halloween diferente?<\/h2>\n<p>Ya sea que viajes en pareja, con amigos o en familia, Mallorca te espera este Halloween con un plan para cada estilo. Y en Vibra Hotels, tenemos el alojamiento ideal para completar la experiencia.<br \/>\nReserva ahora y vive un Halloween 2025 lleno de ritmo, misterio y sabor isle\u00f1o.<\/p>\n<p><img loading=\"lazy\" decoding=\"async\" src=\"https:\/\/www.vibrahotels.com\/blog\/wp-content\/uploads\/2025\/09\/shutterstock_2515435981-1.jpg\" alt=\"halloween mallorca gu\u00eda vibra hotels\" width=\"800\" height=\"534\" class=\"alignnone size-full wp-image-9950\" srcset=\"https:\/\/www.vibrahotels.com\/blog\/wp-content\/uploads\/2025\/09\/shutterstock_2515435981-1.jpg 800w, https:\/\/www.vibrahotels.com\/blog\/wp-content\/uploads\/2025\/09\/shutterstock_2515435981-1-300x200.jpg 300w, https:\/\/www.vibrahotels.com\/blog\/wp-content\/uploads\/2025\/09\/shutterstock_2515435981-1-768x513.jpg 768w\" sizes=\"auto, (max-width: 800px) 100vw, 800px\" \/><\/p>\n","protected":false},"excerpt":{"rendered":"<p>Este Halloween 2025, Mallorca se llena de ritmo, misterio y tradici\u00f3n. Descubre los mejores planes para disfrutar la noche m\u00e1s terror\u00edfica del a\u00f1o: fiestas inolvidables, actividades en familia y la m\u00e1gica Nit de les \u00c0nimes. <\/p>\n","protected":false},"author":1,"featured_media":9950,"comment_status":"closed","ping_status":"open","sticky":false,"template":"","format":"standard","meta":{"footnotes":""},"categories":[1512],"tags":[],"class_list":["post-9944","post","type-post","status-publish","format-standard","has-post-thumbnail","hentry","category-planes-en-mallorca"],"yoast_head":"<!-- This site is optimized with the Yoast SEO plugin v27.4 - https:\/\/yoast.com\/product\/yoast-seo-wordpress\/ -->\n<title>Halloween en Mallorca 2025: del miedo al misticismo isle\u00f1o - Islander by Vibra Hotels<\/title>\n<meta name=\"robots\" content=\"index, follow, max-snippet:-1, max-image-preview:large, max-video-preview:-1\" \/>\n<link rel=\"canonical\" href=\"https:\/\/www.vibrahotels.com\/blog\/halloween-mallorca-2025-planes-fiestas-tradiciones\/\" \/>\n<meta property=\"og:locale\" content=\"es_ES\" \/>\n<meta property=\"og:type\" content=\"article\" \/>\n<meta property=\"og:title\" content=\"Halloween en Mallorca 2025: del miedo al misticismo isle\u00f1o - Islander by Vibra Hotels\" \/>\n<meta property=\"og:description\" content=\"Este Halloween 2025, Mallorca se llena de ritmo, misterio y tradici\u00f3n. Descubre los mejores planes para disfrutar la noche m\u00e1s terror\u00edfica del a\u00f1o: fiestas inolvidables, actividades en familia y la m\u00e1gica Nit de les \u00c0nimes.\" \/>\n<meta property=\"og:url\" content=\"https:\/\/www.vibrahotels.com\/blog\/halloween-mallorca-2025-planes-fiestas-tradiciones\/\" \/>\n<meta property=\"og:site_name\" content=\"Islander by Vibra Hotels\" \/>\n<meta property=\"article:published_time\" content=\"2025-10-28T09:00:32+00:00\" \/>\n<meta property=\"og:image\" content=\"https:\/\/www.vibrahotels.com\/blog\/wp-content\/uploads\/2025\/09\/shutterstock_2515435981-1.jpg\" \/>\n\t<meta property=\"og:image:width\" content=\"800\" \/>\n\t<meta property=\"og:image:height\" content=\"534\" \/>\n\t<meta property=\"og:image:type\" content=\"image\/jpeg\" \/>\n<meta name=\"author\" content=\"The Ibiza Blog\" \/>\n<meta name=\"twitter:card\" content=\"summary_large_image\" \/>\n<meta name=\"twitter:label1\" content=\"Escrito por\" \/>\n\t<meta name=\"twitter:data1\" content=\"The Ibiza Blog\" \/>\n\t<meta name=\"twitter:label2\" content=\"Tiempo de lectura\" \/>\n\t<meta name=\"twitter:data2\" content=\"3 minutos\" \/>\n<script type=\"application\/ld+json\" class=\"yoast-schema-graph\">{\"@context\":\"https:\\\/\\\/schema.org\",\"@graph\":[{\"@type\":\"Article\",\"@id\":\"https:\\\/\\\/www.vibrahotels.com\\\/blog\\\/halloween-mallorca-2025-planes-fiestas-tradiciones\\\/#article\",\"isPartOf\":{\"@id\":\"https:\\\/\\\/www.vibrahotels.com\\\/blog\\\/halloween-mallorca-2025-planes-fiestas-tradiciones\\\/\"},\"author\":{\"name\":\"The Ibiza Blog\",\"@id\":\"https:\\\/\\\/www.vibrahotels.com\\\/blog\\\/#\\\/schema\\\/person\\\/ad74f13df6e44e7081ef65424f668972\"},\"headline\":\"Halloween en Mallorca 2025: del miedo al misticismo isle\u00f1o\",\"datePublished\":\"2025-10-28T09:00:32+00:00\",\"mainEntityOfPage\":{\"@id\":\"https:\\\/\\\/www.vibrahotels.com\\\/blog\\\/halloween-mallorca-2025-planes-fiestas-tradiciones\\\/\"},\"wordCount\":556,\"image\":{\"@id\":\"https:\\\/\\\/www.vibrahotels.com\\\/blog\\\/halloween-mallorca-2025-planes-fiestas-tradiciones\\\/#primaryimage\"},\"thumbnailUrl\":\"https:\\\/\\\/www.vibrahotels.com\\\/blog\\\/wp-content\\\/uploads\\\/2025\\\/09\\\/shutterstock_2515435981-1.jpg\",\"articleSection\":[\"Planes en Mallorca\"],\"inLanguage\":\"es\"},{\"@type\":\"WebPage\",\"@id\":\"https:\\\/\\\/www.vibrahotels.com\\\/blog\\\/halloween-mallorca-2025-planes-fiestas-tradiciones\\\/\",\"url\":\"https:\\\/\\\/www.vibrahotels.com\\\/blog\\\/halloween-mallorca-2025-planes-fiestas-tradiciones\\\/\",\"name\":\"Halloween en Mallorca 2025: del miedo al misticismo isle\u00f1o - Islander by Vibra Hotels\",\"isPartOf\":{\"@id\":\"https:\\\/\\\/www.vibrahotels.com\\\/blog\\\/#website\"},\"primaryImageOfPage\":{\"@id\":\"https:\\\/\\\/www.vibrahotels.com\\\/blog\\\/halloween-mallorca-2025-planes-fiestas-tradiciones\\\/#primaryimage\"},\"image\":{\"@id\":\"https:\\\/\\\/www.vibrahotels.com\\\/blog\\\/halloween-mallorca-2025-planes-fiestas-tradiciones\\\/#primaryimage\"},\"thumbnailUrl\":\"https:\\\/\\\/www.vibrahotels.com\\\/blog\\\/wp-content\\\/uploads\\\/2025\\\/09\\\/shutterstock_2515435981-1.jpg\",\"datePublished\":\"2025-10-28T09:00:32+00:00\",\"author\":{\"@id\":\"https:\\\/\\\/www.vibrahotels.com\\\/blog\\\/#\\\/schema\\\/person\\\/ad74f13df6e44e7081ef65424f668972\"},\"breadcrumb\":{\"@id\":\"https:\\\/\\\/www.vibrahotels.com\\\/blog\\\/halloween-mallorca-2025-planes-fiestas-tradiciones\\\/#breadcrumb\"},\"inLanguage\":\"es\",\"potentialAction\":[{\"@type\":\"ReadAction\",\"target\":[\"https:\\\/\\\/www.vibrahotels.com\\\/blog\\\/halloween-mallorca-2025-planes-fiestas-tradiciones\\\/\"]}]},{\"@type\":\"ImageObject\",\"inLanguage\":\"es\",\"@id\":\"https:\\\/\\\/www.vibrahotels.com\\\/blog\\\/halloween-mallorca-2025-planes-fiestas-tradiciones\\\/#primaryimage\",\"url\":\"https:\\\/\\\/www.vibrahotels.com\\\/blog\\\/wp-content\\\/uploads\\\/2025\\\/09\\\/shutterstock_2515435981-1.jpg\",\"contentUrl\":\"https:\\\/\\\/www.vibrahotels.com\\\/blog\\\/wp-content\\\/uploads\\\/2025\\\/09\\\/shutterstock_2515435981-1.jpg\",\"width\":800,\"height\":534,\"caption\":\"halloween mallorca gu\u00eda vibra hotels\"},{\"@type\":\"BreadcrumbList\",\"@id\":\"https:\\\/\\\/www.vibrahotels.com\\\/blog\\\/halloween-mallorca-2025-planes-fiestas-tradiciones\\\/#breadcrumb\",\"itemListElement\":[{\"@type\":\"ListItem\",\"position\":1,\"name\":\"Portada\",\"item\":\"https:\\\/\\\/www.vibrahotels.com\\\/blog\\\/\"},{\"@type\":\"ListItem\",\"position\":2,\"name\":\"Halloween en Mallorca 2025: del miedo al misticismo isle\u00f1o\"}]},{\"@type\":\"WebSite\",\"@id\":\"https:\\\/\\\/www.vibrahotels.com\\\/blog\\\/#website\",\"url\":\"https:\\\/\\\/www.vibrahotels.com\\\/blog\\\/\",\"name\":\"Islander by Vibra Hotels\",\"description\":\"\",\"potentialAction\":[{\"@type\":\"SearchAction\",\"target\":{\"@type\":\"EntryPoint\",\"urlTemplate\":\"https:\\\/\\\/www.vibrahotels.com\\\/blog\\\/?s={search_term_string}\"},\"query-input\":{\"@type\":\"PropertyValueSpecification\",\"valueRequired\":true,\"valueName\":\"search_term_string\"}}],\"inLanguage\":\"es\"},{\"@type\":\"Person\",\"@id\":\"https:\\\/\\\/www.vibrahotels.com\\\/blog\\\/#\\\/schema\\\/person\\\/ad74f13df6e44e7081ef65424f668972\",\"name\":\"The Ibiza Blog\",\"image\":{\"@type\":\"ImageObject\",\"inLanguage\":\"es\",\"@id\":\"https:\\\/\\\/secure.gravatar.com\\\/avatar\\\/d172713df318fe4ba11547ee4a70ab1eae0206026db57d7a5920186b9f5ee855?s=96&d=mm&r=g\",\"url\":\"https:\\\/\\\/secure.gravatar.com\\\/avatar\\\/d172713df318fe4ba11547ee4a70ab1eae0206026db57d7a5920186b9f5ee855?s=96&d=mm&r=g\",\"contentUrl\":\"https:\\\/\\\/secure.gravatar.com\\\/avatar\\\/d172713df318fe4ba11547ee4a70ab1eae0206026db57d7a5920186b9f5ee855?s=96&d=mm&r=g\",\"caption\":\"The Ibiza Blog\"},\"url\":\"https:\\\/\\\/www.vibrahotels.com\\\/blog\\\/author\\\/the-ibiza-blog\\\/\"}]}<\/script>\n<!-- \/ Yoast SEO plugin. -->","yoast_head_json":{"title":"Halloween en Mallorca 2025: del miedo al misticismo isle\u00f1o - Islander by Vibra Hotels","robots":{"index":"index","follow":"follow","max-snippet":"max-snippet:-1","max-image-preview":"max-image-preview:large","max-video-preview":"max-video-preview:-1"},"canonical":"https:\/\/www.vibrahotels.com\/blog\/halloween-mallorca-2025-planes-fiestas-tradiciones\/","og_locale":"es_ES","og_type":"article","og_title":"Halloween en Mallorca 2025: del miedo al misticismo isle\u00f1o - Islander by Vibra Hotels","og_description":"Este Halloween 2025, Mallorca se llena de ritmo, misterio y tradici\u00f3n. Descubre los mejores planes para disfrutar la noche m\u00e1s terror\u00edfica del a\u00f1o: fiestas inolvidables, actividades en familia y la m\u00e1gica Nit de les \u00c0nimes.","og_url":"https:\/\/www.vibrahotels.com\/blog\/halloween-mallorca-2025-planes-fiestas-tradiciones\/","og_site_name":"Islander by Vibra Hotels","article_published_time":"2025-10-28T09:00:32+00:00","og_image":[{"width":800,"height":534,"url":"https:\/\/www.vibrahotels.com\/blog\/wp-content\/uploads\/2025\/09\/shutterstock_2515435981-1.jpg","type":"image\/jpeg"}],"author":"The Ibiza Blog","twitter_card":"summary_large_image","twitter_misc":{"Escrito por":"The Ibiza Blog","Tiempo de lectura":"3 minutos"},"schema":{"@context":"https:\/\/schema.org","@graph":[{"@type":"Article","@id":"https:\/\/www.vibrahotels.com\/blog\/halloween-mallorca-2025-planes-fiestas-tradiciones\/#article","isPartOf":{"@id":"https:\/\/www.vibrahotels.com\/blog\/halloween-mallorca-2025-planes-fiestas-tradiciones\/"},"author":{"name":"The Ibiza Blog","@id":"https:\/\/www.vibrahotels.com\/blog\/#\/schema\/person\/ad74f13df6e44e7081ef65424f668972"},"headline":"Halloween en Mallorca 2025: del miedo al misticismo isle\u00f1o","datePublished":"2025-10-28T09:00:32+00:00","mainEntityOfPage":{"@id":"https:\/\/www.vibrahotels.com\/blog\/halloween-mallorca-2025-planes-fiestas-tradiciones\/"},"wordCount":556,"image":{"@id":"https:\/\/www.vibrahotels.com\/blog\/halloween-mallorca-2025-planes-fiestas-tradiciones\/#primaryimage"},"thumbnailUrl":"https:\/\/www.vibrahotels.com\/blog\/wp-content\/uploads\/2025\/09\/shutterstock_2515435981-1.jpg","articleSection":["Planes en Mallorca"],"inLanguage":"es"},{"@type":"WebPage","@id":"https:\/\/www.vibrahotels.com\/blog\/halloween-mallorca-2025-planes-fiestas-tradiciones\/","url":"https:\/\/www.vibrahotels.com\/blog\/halloween-mallorca-2025-planes-fiestas-tradiciones\/","name":"Halloween en Mallorca 2025: del miedo al misticismo isle\u00f1o - Islander by Vibra Hotels","isPartOf":{"@id":"https:\/\/www.vibrahotels.com\/blog\/#website"},"primaryImageOfPage":{"@id":"https:\/\/www.vibrahotels.com\/blog\/halloween-mallorca-2025-planes-fiestas-tradiciones\/#primaryimage"},"image":{"@id":"https:\/\/www.vibrahotels.com\/blog\/halloween-mallorca-2025-planes-fiestas-tradiciones\/#primaryimage"},"thumbnailUrl":"https:\/\/www.vibrahotels.com\/blog\/wp-content\/uploads\/2025\/09\/shutterstock_2515435981-1.jpg","datePublished":"2025-10-28T09:00:32+00:00","author":{"@id":"https:\/\/www.vibrahotels.com\/blog\/#\/schema\/person\/ad74f13df6e44e7081ef65424f668972"},"breadcrumb":{"@id":"https:\/\/www.vibrahotels.com\/blog\/halloween-mallorca-2025-planes-fiestas-tradiciones\/#breadcrumb"},"inLanguage":"es","potentialAction":[{"@type":"ReadAction","target":["https:\/\/www.vibrahotels.com\/blog\/halloween-mallorca-2025-planes-fiestas-tradiciones\/"]}]},{"@type":"ImageObject","inLanguage":"es","@id":"https:\/\/www.vibrahotels.com\/blog\/halloween-mallorca-2025-planes-fiestas-tradiciones\/#primaryimage","url":"https:\/\/www.vibrahotels.com\/blog\/wp-content\/uploads\/2025\/09\/shutterstock_2515435981-1.jpg","contentUrl":"https:\/\/www.vibrahotels.com\/blog\/wp-content\/uploads\/2025\/09\/shutterstock_2515435981-1.jpg","width":800,"height":534,"caption":"halloween mallorca gu\u00eda vibra hotels"},{"@type":"BreadcrumbList","@id":"https:\/\/www.vibrahotels.com\/blog\/halloween-mallorca-2025-planes-fiestas-tradiciones\/#breadcrumb","itemListElement":[{"@type":"ListItem","position":1,"name":"Portada","item":"https:\/\/www.vibrahotels.com\/blog\/"},{"@type":"ListItem","position":2,"name":"Halloween en Mallorca 2025: del miedo al misticismo isle\u00f1o"}]},{"@type":"WebSite","@id":"https:\/\/www.vibrahotels.com\/blog\/#website","url":"https:\/\/www.vibrahotels.com\/blog\/","name":"Islander by Vibra Hotels","description":"","potentialAction":[{"@type":"SearchAction","target":{"@type":"EntryPoint","urlTemplate":"https:\/\/www.vibrahotels.com\/blog\/?s={search_term_string}"},"query-input":{"@type":"PropertyValueSpecification","valueRequired":true,"valueName":"search_term_string"}}],"inLanguage":"es"},{"@type":"Person","@id":"https:\/\/www.vibrahotels.com\/blog\/#\/schema\/person\/ad74f13df6e44e7081ef65424f668972","name":"The Ibiza Blog","image":{"@type":"ImageObject","inLanguage":"es","@id":"https:\/\/secure.gravatar.com\/avatar\/d172713df318fe4ba11547ee4a70ab1eae0206026db57d7a5920186b9f5ee855?s=96&d=mm&r=g","url":"https:\/\/secure.gravatar.com\/avatar\/d172713df318fe4ba11547ee4a70ab1eae0206026db57d7a5920186b9f5ee855?s=96&d=mm&r=g","contentUrl":"https:\/\/secure.gravatar.com\/avatar\/d172713df318fe4ba11547ee4a70ab1eae0206026db57d7a5920186b9f5ee855?s=96&d=mm&r=g","caption":"The Ibiza Blog"},"url":"https:\/\/www.vibrahotels.com\/blog\/author\/the-ibiza-blog\/"}]}},"_links":{"self":[{"href":"https:\/\/www.vibrahotels.com\/blog\/wp-json\/wp\/v2\/posts\/9944","targetHints":{"allow":["GET"]}}],"collection":[{"href":"https:\/\/www.vibrahotels.com\/blog\/wp-json\/wp\/v2\/posts"}],"about":[{"href":"https:\/\/www.vibrahotels.com\/blog\/wp-json\/wp\/v2\/types\/post"}],"author":[{"embeddable":true,"href":"https:\/\/www.vibrahotels.com\/blog\/wp-json\/wp\/v2\/users\/1"}],"replies":[{"embeddable":true,"href":"https:\/\/www.vibrahotels.com\/blog\/wp-json\/wp\/v2\/comments?post=9944"}],"version-history":[{"count":7,"href":"https:\/\/www.vibrahotels.com\/blog\/wp-json\/wp\/v2\/posts\/9944\/revisions"}],"predecessor-version":[{"id":9960,"href":"https:\/\/www.vibrahotels.com\/blog\/wp-json\/wp\/v2\/posts\/9944\/revisions\/9960"}],"wp:featuredmedia":[{"embeddable":true,"href":"https:\/\/www.vibrahotels.com\/blog\/wp-json\/wp\/v2\/media\/9950"}],"wp:attachment":[{"href":"https:\/\/www.vibrahotels.com\/blog\/wp-json\/wp\/v2\/media?parent=9944"}],"wp:term":[{"taxonomy":"category","embeddable":true,"href":"https:\/\/www.vibrahotels.com\/blog\/wp-json\/wp\/v2\/categories?post=9944"},{"taxonomy":"post_tag","embeddable":true,"href":"https:\/\/www.vibrahotels.com\/blog\/wp-json\/wp\/v2\/tags?post=9944"}],"curies":[{"name":"wp","href":"https:\/\/api.w.org\/{rel}","templated":true}]}}