{"id":9894,"date":"2025-11-05T10:00:51","date_gmt":"2025-11-05T09:00:51","guid":{"rendered":"https:\/\/www.vibrahotels.com\/blog\/?p=9894"},"modified":"2025-10-21T08:50:08","modified_gmt":"2025-10-21T06:50:08","slug":"mao-menorca-capital-puerto-natural","status":"publish","type":"post","link":"https:\/\/www.vibrahotels.com\/blog\/mao-menorca-capital-puerto-natural\/","title":{"rendered":"Ma\u00f3 Menorca: Descubre el Encanto de la Capital de Menorca y su Impresionante Puerto Natural"},"content":{"rendered":"<p><strong>Ma\u00f3 Menorca<\/strong>, capital de la isla, es una joya mediterr\u00e1nea que combina historia, naturaleza, cultura y una gastronom\u00eda vibrante. Esta ciudad portuaria, situada al este de Menorca, destaca por su puerto natural, uno de los m\u00e1s grandes del mundo, y por ofrecer un ambiente aut\u00e9ntico, relajado y lleno de vida.<br \/>\nYa sea que busques una escapada cultural, una ruta gastron\u00f3mica o simplemente desconectar junto al mar, <strong>Ma\u00f3 Menorca<\/strong> tiene algo para cada viajero.<\/p>\n<p><img loading=\"lazy\" decoding=\"async\" src=\"https:\/\/www.vibrahotels.com\/blog\/wp-content\/uploads\/2025\/09\/shutterstock_554320489-1.jpg\" alt=\"visita ma\u00f3 menorca con vibra hotels \" width=\"800\" height=\"533\" class=\"alignnone size-full wp-image-9897\" srcset=\"https:\/\/www.vibrahotels.com\/blog\/wp-content\/uploads\/2025\/09\/shutterstock_554320489-1.jpg 800w, https:\/\/www.vibrahotels.com\/blog\/wp-content\/uploads\/2025\/09\/shutterstock_554320489-1-300x200.jpg 300w, https:\/\/www.vibrahotels.com\/blog\/wp-content\/uploads\/2025\/09\/shutterstock_554320489-1-768x512.jpg 768w\" sizes=\"auto, (max-width: 800px) 100vw, 800px\" \/><\/p>\n<h2>Qu\u00e9 Ver y Qu\u00e9 Hacer en Ma\u00f3 Menorca<\/h2>\n<p>Ma\u00f3 Menorca, ofrece una experiencia \u00fanica para quienes desean conocer la Menorca m\u00e1s aut\u00e9ntica.<br \/>\nAqu\u00ed te dejamos algunos imperdibles:<\/p>\n<p><strong>Paseo por el Puerto de Ma\u00f3:<\/strong> Un recorrido a pie por el puerto natural es una experiencia obligatoria. Disfruta de sus terrazas frente al mar, barcos tradicionales y la arquitectura t\u00edpica menorquina.<br \/>\n<strong>Miradores con Vistas Panor\u00e1micas:<\/strong> No te pierdas el Mirador de Sant Francesc, el Pont des Castell y los balcones de Ses Voltes para obtener las mejores vistas del puerto.<br \/>\n<strong>Fortaleza de Isabel II (La Mola):<\/strong> Ubicada en la entrada del puerto, esta fortaleza ofrece historia y vistas espectaculares.<\/p>\n<h2>Pueblos con Encanto cerca de Ma\u00f3 Menorca:<\/h2>\n<p><strong>Binibeca:<\/strong> Conocido por sus casitas blancas y callejones pintorescos.<br \/>\n<strong>Es Grau:<\/strong> Un peque\u00f1o pueblo pesquero con acceso a la reserva natural de S&#8217;Albufera des Grau.<br \/>\n<strong>Sant Tom\u00e0s:<\/strong> Ideal para disfrutar de playas tranquilas y rutas costeras.<\/p>\n<h2>D\u00f3nde Comer en Ma\u00f3 Menorca: Sabores que Enamoran<\/h2>\n<p>La gastronom\u00eda de Ma\u00f3 Menorca es un reflejo de la fusi\u00f3n entre tradici\u00f3n mediterr\u00e1nea y creatividad contempor\u00e1nea. Algunos lugares destacados para comer:<\/p>\n<p><strong>Ses Forquilles:<\/strong> Platos innovadores con esencia local, como la tortilla de sobrasada o el sashimi de at\u00fan.<br \/>\n<strong>El Rais: <\/strong>Especializado en arroces y ceviches, con vistas espectaculares al puerto.<br \/>\n<strong>Mestre d\u2019Aixa:<\/strong> Perfecto para una cena relajada con una excelente selecci\u00f3n de vinos y platos de autor.<\/p>\n<p>Cualquiera de estas opciones te permitir\u00e1 saborear la identidad culinaria de <strong>Ma\u00f3 Menorca.<\/strong><\/p>\n<p><img loading=\"lazy\" decoding=\"async\" src=\"https:\/\/www.vibrahotels.com\/blog\/wp-content\/uploads\/2025\/09\/shutterstock_2324674503-1.jpg\" alt=\"visita ma\u00f3 menorca con vibra hotels \" width=\"800\" height=\"533\" class=\"alignnone size-full wp-image-9900\" srcset=\"https:\/\/www.vibrahotels.com\/blog\/wp-content\/uploads\/2025\/09\/shutterstock_2324674503-1.jpg 800w, https:\/\/www.vibrahotels.com\/blog\/wp-content\/uploads\/2025\/09\/shutterstock_2324674503-1-300x200.jpg 300w, https:\/\/www.vibrahotels.com\/blog\/wp-content\/uploads\/2025\/09\/shutterstock_2324674503-1-768x512.jpg 768w\" sizes=\"auto, (max-width: 800px) 100vw, 800px\" \/><\/p>\n<h2>D\u00f3nde Alojarse en Ma\u00f3 Menorca: Vive la Experiencia Vibra<\/h2>\n<p>Para una experiencia completa en Ma\u00f3 Menorca, al\u00f3jate con <a href=\"https:\/\/www.vibrahotels.com\/es\/ibiza\/playa-d-en-bossa?utm_medium=cpc&#038;utm_source=google&#038;utm_campaign=sem-prospecting&#038;utm_content=destino_playa_bossa&#038;utm_term=es&#038;gad_source=1&#038;gad_campaignid=1628640908&#038;gclid=EAIaIQobChMIlond7IjbjwMV6ZWDBx21eAF9EAAYASAAEgIxB_D_BwE\">Vibra Hotels<\/a>, donde el confort y el dise\u00f1o se combinan con una ubicaci\u00f3n estrat\u00e9gica.<\/p>\n<p><a href=\"https:\/\/www.vibrahotels.com\/es\/menorca\/ciudadela\/aparthotel-vibra-blanc-palace\">Vibra Blanc Palace Aparthotel:<\/a> Ideal para familias, con espacios amplios y todas las comodidades.<br \/>\n<a href=\"https:\/\/www.vibrahotels.com\/es\/menorca\/ciudadela\/apartamentos-vibra-caleta-playa\">Vibra Caleta Playa Apartments: <\/a>Perfecto para quienes buscan independencia sin renunciar al estilo.<br \/>\n<a href=\"https:\/\/www.vibrahotels.com\/es\/menorca\/ciudadela\/apartamentos-vibra-blanc-cottage\">Vibra Blanc Cottage Apartments:<\/a> A pasos del mar, rodeado de naturaleza, ideal para desconectar.<\/p>\n<p>Todos los alojamientos est\u00e1n pensados para que disfrutes de lo mejor de Ma\u00f3 Menorca con la calidad de servicio que distingue a <strong>Vibra Hotels<\/strong>.<\/p>\n<p><img loading=\"lazy\" decoding=\"async\" src=\"https:\/\/www.vibrahotels.com\/blog\/wp-content\/uploads\/2025\/09\/thumb_2048x1536_20a2d3ea-008c-404c-a860-d2ecade402ce.jpg\" alt=\"visita ma\u00f3 menorca con vibra hotels \" width=\"2048\" height=\"1365\" class=\"alignnone size-full wp-image-9903\" srcset=\"https:\/\/www.vibrahotels.com\/blog\/wp-content\/uploads\/2025\/09\/thumb_2048x1536_20a2d3ea-008c-404c-a860-d2ecade402ce.jpg 2048w, https:\/\/www.vibrahotels.com\/blog\/wp-content\/uploads\/2025\/09\/thumb_2048x1536_20a2d3ea-008c-404c-a860-d2ecade402ce-300x200.jpg 300w, https:\/\/www.vibrahotels.com\/blog\/wp-content\/uploads\/2025\/09\/thumb_2048x1536_20a2d3ea-008c-404c-a860-d2ecade402ce-1024x683.jpg 1024w, https:\/\/www.vibrahotels.com\/blog\/wp-content\/uploads\/2025\/09\/thumb_2048x1536_20a2d3ea-008c-404c-a860-d2ecade402ce-768x512.jpg 768w, https:\/\/www.vibrahotels.com\/blog\/wp-content\/uploads\/2025\/09\/thumb_2048x1536_20a2d3ea-008c-404c-a860-d2ecade402ce-1536x1024.jpg 1536w\" sizes=\"auto, (max-width: 2048px) 100vw, 2048px\" \/><\/p>\n<h2>\u00bfPor Qu\u00e9 Visitar Ma\u00f3 Menorca?<\/h2>\n<p>Visitar Ma\u00f3 Menorca es sumergirse en una ciudad vibrante, donde el mar se funde con la historia y cada rinc\u00f3n invita a descubrir algo nuevo. Su puerto natural, sus calles con encanto, su cocina mediterr\u00e1nea y su cercan\u00eda con otros pueblos y playas hacen de Ma\u00f3 un destino imprescindible en Menorca.<\/p>\n<p>\u00bfListo para explorar Ma\u00f3 Menorca? Vive una experiencia inolvidable reservando tu alojamiento con <strong>Vibra Hotels<\/strong>. Con ubicaciones privilegiadas y el mejor servicio, tu aventura en la capital de Menorca comienza aqu\u00ed.<\/p>\n","protected":false},"excerpt":{"rendered":"<p>Descubre Ma\u00f3 Menorca, la capital de la isla, con su impresionante puerto natural, miradores, pueblos cercanos y una exquisita oferta gastron\u00f3mica. \u00a1Planifica tu escapada ideal con Vibra Hotels!<\/p>\n","protected":false},"author":1,"featured_media":9903,"comment_status":"closed","ping_status":"open","sticky":false,"template":"","format":"standard","meta":{"footnotes":""},"categories":[1557],"tags":[],"class_list":["post-9894","post","type-post","status-publish","format-standard","has-post-thumbnail","hentry","category-planes-en-menorca"],"yoast_head":"<!-- This site is optimized with the Yoast SEO plugin v27.4 - https:\/\/yoast.com\/product\/yoast-seo-wordpress\/ -->\n<title>Ma\u00f3 Menorca: Descubre el Encanto de la Capital de Menorca y su Impresionante Puerto Natural - Islander by Vibra Hotels<\/title>\n<meta name=\"robots\" content=\"index, follow, max-snippet:-1, max-image-preview:large, max-video-preview:-1\" \/>\n<link rel=\"canonical\" href=\"https:\/\/www.vibrahotels.com\/blog\/mao-menorca-capital-puerto-natural\/\" \/>\n<meta property=\"og:locale\" content=\"es_ES\" \/>\n<meta property=\"og:type\" content=\"article\" \/>\n<meta property=\"og:title\" content=\"Ma\u00f3 Menorca: Descubre el Encanto de la Capital de Menorca y su Impresionante Puerto Natural - Islander by Vibra Hotels\" \/>\n<meta property=\"og:description\" content=\"Descubre Ma\u00f3 Menorca, la capital de la isla, con su impresionante puerto natural, miradores, pueblos cercanos y una exquisita oferta gastron\u00f3mica. \u00a1Planifica tu escapada ideal con Vibra Hotels!\" \/>\n<meta property=\"og:url\" content=\"https:\/\/www.vibrahotels.com\/blog\/mao-menorca-capital-puerto-natural\/\" \/>\n<meta property=\"og:site_name\" content=\"Islander by Vibra Hotels\" \/>\n<meta property=\"article:published_time\" content=\"2025-11-05T09:00:51+00:00\" \/>\n<meta property=\"og:image\" content=\"https:\/\/www.vibrahotels.com\/blog\/wp-content\/uploads\/2025\/09\/thumb_2048x1536_20a2d3ea-008c-404c-a860-d2ecade402ce.jpg\" \/>\n\t<meta property=\"og:image:width\" content=\"2048\" \/>\n\t<meta property=\"og:image:height\" content=\"1365\" \/>\n\t<meta property=\"og:image:type\" content=\"image\/jpeg\" \/>\n<meta name=\"author\" content=\"The Ibiza Blog\" \/>\n<meta name=\"twitter:card\" content=\"summary_large_image\" \/>\n<meta name=\"twitter:label1\" content=\"Escrito por\" \/>\n\t<meta name=\"twitter:data1\" content=\"The Ibiza Blog\" \/>\n\t<meta name=\"twitter:label2\" content=\"Tiempo de lectura\" \/>\n\t<meta name=\"twitter:data2\" content=\"3 minutos\" \/>\n<script type=\"application\/ld+json\" class=\"yoast-schema-graph\">{\"@context\":\"https:\\\/\\\/schema.org\",\"@graph\":[{\"@type\":\"Article\",\"@id\":\"https:\\\/\\\/www.vibrahotels.com\\\/blog\\\/mao-menorca-capital-puerto-natural\\\/#article\",\"isPartOf\":{\"@id\":\"https:\\\/\\\/www.vibrahotels.com\\\/blog\\\/mao-menorca-capital-puerto-natural\\\/\"},\"author\":{\"name\":\"The Ibiza Blog\",\"@id\":\"https:\\\/\\\/www.vibrahotels.com\\\/blog\\\/#\\\/schema\\\/person\\\/ad74f13df6e44e7081ef65424f668972\"},\"headline\":\"Ma\u00f3 Menorca: Descubre el Encanto de la Capital de Menorca y su Impresionante Puerto Natural\",\"datePublished\":\"2025-11-05T09:00:51+00:00\",\"mainEntityOfPage\":{\"@id\":\"https:\\\/\\\/www.vibrahotels.com\\\/blog\\\/mao-menorca-capital-puerto-natural\\\/\"},\"wordCount\":540,\"image\":{\"@id\":\"https:\\\/\\\/www.vibrahotels.com\\\/blog\\\/mao-menorca-capital-puerto-natural\\\/#primaryimage\"},\"thumbnailUrl\":\"https:\\\/\\\/www.vibrahotels.com\\\/blog\\\/wp-content\\\/uploads\\\/2025\\\/09\\\/thumb_2048x1536_20a2d3ea-008c-404c-a860-d2ecade402ce.jpg\",\"articleSection\":[\"Planes en Menorca\"],\"inLanguage\":\"es\"},{\"@type\":\"WebPage\",\"@id\":\"https:\\\/\\\/www.vibrahotels.com\\\/blog\\\/mao-menorca-capital-puerto-natural\\\/\",\"url\":\"https:\\\/\\\/www.vibrahotels.com\\\/blog\\\/mao-menorca-capital-puerto-natural\\\/\",\"name\":\"Ma\u00f3 Menorca: Descubre el Encanto de la Capital de Menorca y su Impresionante Puerto Natural - Islander by Vibra Hotels\",\"isPartOf\":{\"@id\":\"https:\\\/\\\/www.vibrahotels.com\\\/blog\\\/#website\"},\"primaryImageOfPage\":{\"@id\":\"https:\\\/\\\/www.vibrahotels.com\\\/blog\\\/mao-menorca-capital-puerto-natural\\\/#primaryimage\"},\"image\":{\"@id\":\"https:\\\/\\\/www.vibrahotels.com\\\/blog\\\/mao-menorca-capital-puerto-natural\\\/#primaryimage\"},\"thumbnailUrl\":\"https:\\\/\\\/www.vibrahotels.com\\\/blog\\\/wp-content\\\/uploads\\\/2025\\\/09\\\/thumb_2048x1536_20a2d3ea-008c-404c-a860-d2ecade402ce.jpg\",\"datePublished\":\"2025-11-05T09:00:51+00:00\",\"author\":{\"@id\":\"https:\\\/\\\/www.vibrahotels.com\\\/blog\\\/#\\\/schema\\\/person\\\/ad74f13df6e44e7081ef65424f668972\"},\"breadcrumb\":{\"@id\":\"https:\\\/\\\/www.vibrahotels.com\\\/blog\\\/mao-menorca-capital-puerto-natural\\\/#breadcrumb\"},\"inLanguage\":\"es\",\"potentialAction\":[{\"@type\":\"ReadAction\",\"target\":[\"https:\\\/\\\/www.vibrahotels.com\\\/blog\\\/mao-menorca-capital-puerto-natural\\\/\"]}]},{\"@type\":\"ImageObject\",\"inLanguage\":\"es\",\"@id\":\"https:\\\/\\\/www.vibrahotels.com\\\/blog\\\/mao-menorca-capital-puerto-natural\\\/#primaryimage\",\"url\":\"https:\\\/\\\/www.vibrahotels.com\\\/blog\\\/wp-content\\\/uploads\\\/2025\\\/09\\\/thumb_2048x1536_20a2d3ea-008c-404c-a860-d2ecade402ce.jpg\",\"contentUrl\":\"https:\\\/\\\/www.vibrahotels.com\\\/blog\\\/wp-content\\\/uploads\\\/2025\\\/09\\\/thumb_2048x1536_20a2d3ea-008c-404c-a860-d2ecade402ce.jpg\",\"width\":2048,\"height\":1365,\"caption\":\"visita ma\u00f3 menorca con vibra hotels\"},{\"@type\":\"BreadcrumbList\",\"@id\":\"https:\\\/\\\/www.vibrahotels.com\\\/blog\\\/mao-menorca-capital-puerto-natural\\\/#breadcrumb\",\"itemListElement\":[{\"@type\":\"ListItem\",\"position\":1,\"name\":\"Portada\",\"item\":\"https:\\\/\\\/www.vibrahotels.com\\\/blog\\\/\"},{\"@type\":\"ListItem\",\"position\":2,\"name\":\"Ma\u00f3 Menorca: Descubre el Encanto de la Capital de Menorca y su Impresionante Puerto Natural\"}]},{\"@type\":\"WebSite\",\"@id\":\"https:\\\/\\\/www.vibrahotels.com\\\/blog\\\/#website\",\"url\":\"https:\\\/\\\/www.vibrahotels.com\\\/blog\\\/\",\"name\":\"Islander by Vibra Hotels\",\"description\":\"\",\"potentialAction\":[{\"@type\":\"SearchAction\",\"target\":{\"@type\":\"EntryPoint\",\"urlTemplate\":\"https:\\\/\\\/www.vibrahotels.com\\\/blog\\\/?s={search_term_string}\"},\"query-input\":{\"@type\":\"PropertyValueSpecification\",\"valueRequired\":true,\"valueName\":\"search_term_string\"}}],\"inLanguage\":\"es\"},{\"@type\":\"Person\",\"@id\":\"https:\\\/\\\/www.vibrahotels.com\\\/blog\\\/#\\\/schema\\\/person\\\/ad74f13df6e44e7081ef65424f668972\",\"name\":\"The Ibiza Blog\",\"image\":{\"@type\":\"ImageObject\",\"inLanguage\":\"es\",\"@id\":\"https:\\\/\\\/secure.gravatar.com\\\/avatar\\\/d172713df318fe4ba11547ee4a70ab1eae0206026db57d7a5920186b9f5ee855?s=96&d=mm&r=g\",\"url\":\"https:\\\/\\\/secure.gravatar.com\\\/avatar\\\/d172713df318fe4ba11547ee4a70ab1eae0206026db57d7a5920186b9f5ee855?s=96&d=mm&r=g\",\"contentUrl\":\"https:\\\/\\\/secure.gravatar.com\\\/avatar\\\/d172713df318fe4ba11547ee4a70ab1eae0206026db57d7a5920186b9f5ee855?s=96&d=mm&r=g\",\"caption\":\"The Ibiza Blog\"},\"url\":\"https:\\\/\\\/www.vibrahotels.com\\\/blog\\\/author\\\/the-ibiza-blog\\\/\"}]}<\/script>\n<!-- \/ Yoast SEO plugin. -->","yoast_head_json":{"title":"Ma\u00f3 Menorca: Descubre el Encanto de la Capital de Menorca y su Impresionante Puerto Natural - Islander by Vibra Hotels","robots":{"index":"index","follow":"follow","max-snippet":"max-snippet:-1","max-image-preview":"max-image-preview:large","max-video-preview":"max-video-preview:-1"},"canonical":"https:\/\/www.vibrahotels.com\/blog\/mao-menorca-capital-puerto-natural\/","og_locale":"es_ES","og_type":"article","og_title":"Ma\u00f3 Menorca: Descubre el Encanto de la Capital de Menorca y su Impresionante Puerto Natural - Islander by Vibra Hotels","og_description":"Descubre Ma\u00f3 Menorca, la capital de la isla, con su impresionante puerto natural, miradores, pueblos cercanos y una exquisita oferta gastron\u00f3mica. \u00a1Planifica tu escapada ideal con Vibra Hotels!","og_url":"https:\/\/www.vibrahotels.com\/blog\/mao-menorca-capital-puerto-natural\/","og_site_name":"Islander by Vibra Hotels","article_published_time":"2025-11-05T09:00:51+00:00","og_image":[{"width":2048,"height":1365,"url":"https:\/\/www.vibrahotels.com\/blog\/wp-content\/uploads\/2025\/09\/thumb_2048x1536_20a2d3ea-008c-404c-a860-d2ecade402ce.jpg","type":"image\/jpeg"}],"author":"The Ibiza Blog","twitter_card":"summary_large_image","twitter_misc":{"Escrito por":"The Ibiza Blog","Tiempo de lectura":"3 minutos"},"schema":{"@context":"https:\/\/schema.org","@graph":[{"@type":"Article","@id":"https:\/\/www.vibrahotels.com\/blog\/mao-menorca-capital-puerto-natural\/#article","isPartOf":{"@id":"https:\/\/www.vibrahotels.com\/blog\/mao-menorca-capital-puerto-natural\/"},"author":{"name":"The Ibiza Blog","@id":"https:\/\/www.vibrahotels.com\/blog\/#\/schema\/person\/ad74f13df6e44e7081ef65424f668972"},"headline":"Ma\u00f3 Menorca: Descubre el Encanto de la Capital de Menorca y su Impresionante Puerto Natural","datePublished":"2025-11-05T09:00:51+00:00","mainEntityOfPage":{"@id":"https:\/\/www.vibrahotels.com\/blog\/mao-menorca-capital-puerto-natural\/"},"wordCount":540,"image":{"@id":"https:\/\/www.vibrahotels.com\/blog\/mao-menorca-capital-puerto-natural\/#primaryimage"},"thumbnailUrl":"https:\/\/www.vibrahotels.com\/blog\/wp-content\/uploads\/2025\/09\/thumb_2048x1536_20a2d3ea-008c-404c-a860-d2ecade402ce.jpg","articleSection":["Planes en Menorca"],"inLanguage":"es"},{"@type":"WebPage","@id":"https:\/\/www.vibrahotels.com\/blog\/mao-menorca-capital-puerto-natural\/","url":"https:\/\/www.vibrahotels.com\/blog\/mao-menorca-capital-puerto-natural\/","name":"Ma\u00f3 Menorca: Descubre el Encanto de la Capital de Menorca y su Impresionante Puerto Natural - Islander by Vibra Hotels","isPartOf":{"@id":"https:\/\/www.vibrahotels.com\/blog\/#website"},"primaryImageOfPage":{"@id":"https:\/\/www.vibrahotels.com\/blog\/mao-menorca-capital-puerto-natural\/#primaryimage"},"image":{"@id":"https:\/\/www.vibrahotels.com\/blog\/mao-menorca-capital-puerto-natural\/#primaryimage"},"thumbnailUrl":"https:\/\/www.vibrahotels.com\/blog\/wp-content\/uploads\/2025\/09\/thumb_2048x1536_20a2d3ea-008c-404c-a860-d2ecade402ce.jpg","datePublished":"2025-11-05T09:00:51+00:00","author":{"@id":"https:\/\/www.vibrahotels.com\/blog\/#\/schema\/person\/ad74f13df6e44e7081ef65424f668972"},"breadcrumb":{"@id":"https:\/\/www.vibrahotels.com\/blog\/mao-menorca-capital-puerto-natural\/#breadcrumb"},"inLanguage":"es","potentialAction":[{"@type":"ReadAction","target":["https:\/\/www.vibrahotels.com\/blog\/mao-menorca-capital-puerto-natural\/"]}]},{"@type":"ImageObject","inLanguage":"es","@id":"https:\/\/www.vibrahotels.com\/blog\/mao-menorca-capital-puerto-natural\/#primaryimage","url":"https:\/\/www.vibrahotels.com\/blog\/wp-content\/uploads\/2025\/09\/thumb_2048x1536_20a2d3ea-008c-404c-a860-d2ecade402ce.jpg","contentUrl":"https:\/\/www.vibrahotels.com\/blog\/wp-content\/uploads\/2025\/09\/thumb_2048x1536_20a2d3ea-008c-404c-a860-d2ecade402ce.jpg","width":2048,"height":1365,"caption":"visita ma\u00f3 menorca con vibra hotels"},{"@type":"BreadcrumbList","@id":"https:\/\/www.vibrahotels.com\/blog\/mao-menorca-capital-puerto-natural\/#breadcrumb","itemListElement":[{"@type":"ListItem","position":1,"name":"Portada","item":"https:\/\/www.vibrahotels.com\/blog\/"},{"@type":"ListItem","position":2,"name":"Ma\u00f3 Menorca: Descubre el Encanto de la Capital de Menorca y su Impresionante Puerto Natural"}]},{"@type":"WebSite","@id":"https:\/\/www.vibrahotels.com\/blog\/#website","url":"https:\/\/www.vibrahotels.com\/blog\/","name":"Islander by Vibra Hotels","description":"","potentialAction":[{"@type":"SearchAction","target":{"@type":"EntryPoint","urlTemplate":"https:\/\/www.vibrahotels.com\/blog\/?s={search_term_string}"},"query-input":{"@type":"PropertyValueSpecification","valueRequired":true,"valueName":"search_term_string"}}],"inLanguage":"es"},{"@type":"Person","@id":"https:\/\/www.vibrahotels.com\/blog\/#\/schema\/person\/ad74f13df6e44e7081ef65424f668972","name":"The Ibiza Blog","image":{"@type":"ImageObject","inLanguage":"es","@id":"https:\/\/secure.gravatar.com\/avatar\/d172713df318fe4ba11547ee4a70ab1eae0206026db57d7a5920186b9f5ee855?s=96&d=mm&r=g","url":"https:\/\/secure.gravatar.com\/avatar\/d172713df318fe4ba11547ee4a70ab1eae0206026db57d7a5920186b9f5ee855?s=96&d=mm&r=g","contentUrl":"https:\/\/secure.gravatar.com\/avatar\/d172713df318fe4ba11547ee4a70ab1eae0206026db57d7a5920186b9f5ee855?s=96&d=mm&r=g","caption":"The Ibiza Blog"},"url":"https:\/\/www.vibrahotels.com\/blog\/author\/the-ibiza-blog\/"}]}},"_links":{"self":[{"href":"https:\/\/www.vibrahotels.com\/blog\/wp-json\/wp\/v2\/posts\/9894","targetHints":{"allow":["GET"]}}],"collection":[{"href":"https:\/\/www.vibrahotels.com\/blog\/wp-json\/wp\/v2\/posts"}],"about":[{"href":"https:\/\/www.vibrahotels.com\/blog\/wp-json\/wp\/v2\/types\/post"}],"author":[{"embeddable":true,"href":"https:\/\/www.vibrahotels.com\/blog\/wp-json\/wp\/v2\/users\/1"}],"replies":[{"embeddable":true,"href":"https:\/\/www.vibrahotels.com\/blog\/wp-json\/wp\/v2\/comments?post=9894"}],"version-history":[{"count":5,"href":"https:\/\/www.vibrahotels.com\/blog\/wp-json\/wp\/v2\/posts\/9894\/revisions"}],"predecessor-version":[{"id":9908,"href":"https:\/\/www.vibrahotels.com\/blog\/wp-json\/wp\/v2\/posts\/9894\/revisions\/9908"}],"wp:featuredmedia":[{"embeddable":true,"href":"https:\/\/www.vibrahotels.com\/blog\/wp-json\/wp\/v2\/media\/9903"}],"wp:attachment":[{"href":"https:\/\/www.vibrahotels.com\/blog\/wp-json\/wp\/v2\/media?parent=9894"}],"wp:term":[{"taxonomy":"category","embeddable":true,"href":"https:\/\/www.vibrahotels.com\/blog\/wp-json\/wp\/v2\/categories?post=9894"},{"taxonomy":"post_tag","embeddable":true,"href":"https:\/\/www.vibrahotels.com\/blog\/wp-json\/wp\/v2\/tags?post=9894"}],"curies":[{"name":"wp","href":"https:\/\/api.w.org\/{rel}","templated":true}]}}