{"id":9834,"date":"2025-09-12T10:00:04","date_gmt":"2025-09-12T08:00:04","guid":{"rendered":"https:\/\/www.vibrahotels.com\/blog\/?p=9834"},"modified":"2025-09-01T12:34:50","modified_gmt":"2025-09-01T10:34:50","slug":"eclipse-solar-2026-ibiza-mallorca-menorca","status":"publish","type":"post","link":"https:\/\/www.vibrahotels.com\/blog\/eclipse-solar-2026-ibiza-mallorca-menorca\/","title":{"rendered":"Eclipse Solar Total 2026: Vive este fen\u00f3meno \u00fanico desde las Islas Baleares"},"content":{"rendered":"<p>El 12 de agosto de 2026, el cielo de las Islas Baleares ser\u00e1 el escenario de un espect\u00e1culo c\u00f3smico irrepetible: un eclipse solar total visible desde Mallorca, Ibiza y Menorca. Un evento astron\u00f3mico de escala mundial que podr\u00e1s vivir a orillas del Mediterr\u00e1neo, con la mejor compa\u00f1\u00eda:<a href=\"https:\/\/www.vibrahotels.com\/es\"> Vibra Hotels<\/a>.<\/p>\n<h2>Un eclipse total desde Espa\u00f1a por primera vez en m\u00e1s de 120 a\u00f1os<\/h2>\n<p>Este evento astron\u00f3mico \u2014el primero visible desde la Pen\u00ednsula Ib\u00e9rica desde 1905\u2014 atraer\u00e1 a miles de viajeros, cient\u00edficos y amantes del cosmos.<br \/>\nEl eclipse se iniciar\u00e1 sobre las 19:35h (hora peninsular), cuando la Luna se alinee con el Sol, ocult\u00e1ndolo por completo durante unos instantes. Y en las Baleares, este momento ocurrir\u00e1 justo al atardecer, sobre el horizonte marino, creando una imagen que parecer\u00e1 de otro mundo.<\/p>\n<p><img loading=\"lazy\" decoding=\"async\" src=\"https:\/\/www.vibrahotels.com\/blog\/wp-content\/uploads\/2025\/09\/shutterstock_1904676487-1-2-scaled.jpg\" alt=\"eclipse 2026 baleares vibra hotels\" width=\"2560\" height=\"1185\" class=\"alignnone size-full wp-image-9838\" srcset=\"https:\/\/www.vibrahotels.com\/blog\/wp-content\/uploads\/2025\/09\/shutterstock_1904676487-1-2-scaled.jpg 2560w, https:\/\/www.vibrahotels.com\/blog\/wp-content\/uploads\/2025\/09\/shutterstock_1904676487-1-2-300x139.jpg 300w, https:\/\/www.vibrahotels.com\/blog\/wp-content\/uploads\/2025\/09\/shutterstock_1904676487-1-2-1024x474.jpg 1024w, https:\/\/www.vibrahotels.com\/blog\/wp-content\/uploads\/2025\/09\/shutterstock_1904676487-1-2-768x355.jpg 768w, https:\/\/www.vibrahotels.com\/blog\/wp-content\/uploads\/2025\/09\/shutterstock_1904676487-1-2-1536x711.jpg 1536w, https:\/\/www.vibrahotels.com\/blog\/wp-content\/uploads\/2025\/09\/shutterstock_1904676487-1-2-2048x948.jpg 2048w\" sizes=\"auto, (max-width: 2560px) 100vw, 2560px\" \/><\/p>\n<h2>Las Islas Baleares, el lugar perfecto para ver el eclipse solar total<\/h2>\n<p><strong>Eclipse en Mallorca:<\/strong> El epicentro de la observaci\u00f3n<br \/>\nDesde la Serra de Tramuntana hasta miradores costeros como Sa Foradada, Formentor o el Puig de Galatz\u00f3, Mallorca ofrece condiciones inmejorables para vivir este momento c\u00f3smico en contacto con la naturaleza.<\/p>\n<p><strong>Eclipse en Ibiza:<\/strong> Magia, costa oeste y vistas al atardecer<br \/>\nLa energ\u00eda de la isla blanca se sentir\u00e1 a\u00fan m\u00e1s intensa durante el eclipse. Zonas como Cala Comte, Es Vedr\u00e0, Cala d\u2019Hort o el Puig des Savinar se perfilan como escenarios inolvidables para ver el Sol desaparecer.<\/p>\n<p><strong>Eclipse en Menorca:<\/strong> Calma, cielo limpio y conexi\u00f3n con la naturaleza<br \/>\nMenorca, declarada Reserva de la Biosfera, ofrece algunos de los cielos m\u00e1s limpios de Europa. El eclipse ser\u00e1 visible desde muchos puntos de la isla, y su baja contaminaci\u00f3n lum\u00ednica lo convierte en un lugar ideal para una experiencia m\u00e1s \u00edntima y contemplativa.<\/p>\n<h2>Alojarte en Vibra Hotels: disfruta del eclipse con estilo y comodidad<\/h2>\n<p><a href=\"https:\/\/www.vibrahotels.com\/es\/mallorca\">En Mallorca:<\/a> <strong>Vibra Beverly Playa<\/strong> un hotel frente al mar, ideal para quienes buscan tranquilidad, naturaleza y puestas de sol inolvidables o tambi\u00e9n puedes optar por alojarte en <strong>Vibra Palma Cactus<\/strong> un hotel moderno y c\u00e9ntrico, perfecto para combinar la experiencia astron\u00f3mica con cultura, gastronom\u00eda y ambiente urbano.<\/p>\n<p><a href=\"https:\/\/www.vibrahotels.com\/es\/ibiza\">En Ibiza:<\/a> El hotel <strong>Vibra Cala Tarida<\/strong> est\u00e1 situado a escasos metros de una cala emblem\u00e1tica es ideal para disfrutar del eclipse y el entorno mediterr\u00e1neo, <strong>Vibra Mare Nostrum<\/strong> ofrece un ambiente animado, c\u00f3modo y cercano al mar\u2014ideal si quieres vivir el evento sin desconectarte del ritmo isle\u00f1o y por \u00faltimo no podemos no nombrar la nueva joya de Vibra Hotels, <strong>Vibra Yamm<\/strong> con varias piscinas incluyendo rooftop, restaurante y zona wellness. Pensado para quienes buscan lujo relajado con vistas \u00fanicas al atardecer. <\/p>\n<p><a href=\"https:\/\/www.vibrahotels.com\/es\/menorca\">En Menorca:<\/a> <strong>Aparthotel Vibra Blanc Palace<\/strong> situado frente a la playa y muy cerca del casco hist\u00f3rico, perfecto para familias o parejas. Combina apartamentos c\u00f3modos, piscina, restaurantes y entornos tranquilos junto al mar. Una base ideal para disfrutar del eclipse sin renunciar a servicio y naturaleza. <\/p>\n<p><img loading=\"lazy\" decoding=\"async\" src=\"https:\/\/www.vibrahotels.com\/blog\/wp-content\/uploads\/2025\/09\/thumb_1024x768_89745d8b-4867-4941-87d8-d1908c6b14cb.jpg\" alt=\"vibra yamm eclipse 2026\" width=\"1024\" height=\"682\" class=\"alignnone size-full wp-image-9841\" srcset=\"https:\/\/www.vibrahotels.com\/blog\/wp-content\/uploads\/2025\/09\/thumb_1024x768_89745d8b-4867-4941-87d8-d1908c6b14cb.jpg 1024w, https:\/\/www.vibrahotels.com\/blog\/wp-content\/uploads\/2025\/09\/thumb_1024x768_89745d8b-4867-4941-87d8-d1908c6b14cb-300x200.jpg 300w, https:\/\/www.vibrahotels.com\/blog\/wp-content\/uploads\/2025\/09\/thumb_1024x768_89745d8b-4867-4941-87d8-d1908c6b14cb-768x512.jpg 768w\" sizes=\"auto, (max-width: 1024px) 100vw, 1024px\" \/><\/p>\n<h2>\u00bfEst\u00e1s listo para vivir un fen\u00f3meno \u00fanico en el lugar perfecto?<\/h2>\n<p>El eclipse solar total del <strong>12 de agosto de 2026<\/strong> ser\u00e1 un acontecimiento que muchos recordar\u00e1n toda su vida. Y en las Islas Baleares, con su paisaje, su luz y su energ\u00eda especial, vivirlo ser\u00e1 a\u00fan m\u00e1s impactante.<br \/>\nDesde las monta\u00f1as de Mallorca, pasando por los acantilados m\u00e1gicos de Ibiza, hasta la calma ancestral de Menorca, elige tu isla y prep\u00e1rate para una experiencia que solo se vive una vez cada siglo.<\/p>\n","protected":false},"excerpt":{"rendered":"<p>Vive el eclipse solar total 2026 desde Mallorca, Ibiza o Menorca con Vibra Hotels. Descubre los mejores lugares y hoteles para disfrutarlo.<\/p>\n","protected":false},"author":1,"featured_media":9835,"comment_status":"closed","ping_status":"open","sticky":false,"template":"","format":"standard","meta":{"footnotes":""},"categories":[1311],"tags":[],"class_list":["post-9834","post","type-post","status-publish","format-standard","has-post-thumbnail","hentry","category-planes-en-ibiza"],"yoast_head":"<!-- This site is optimized with the Yoast SEO plugin v27.4 - https:\/\/yoast.com\/product\/yoast-seo-wordpress\/ -->\n<title>Eclipse Solar Total 2026: Vive este fen\u00f3meno \u00fanico desde las Islas Baleares - Islander by Vibra Hotels<\/title>\n<meta name=\"robots\" content=\"index, follow, max-snippet:-1, max-image-preview:large, max-video-preview:-1\" \/>\n<link rel=\"canonical\" href=\"https:\/\/www.vibrahotels.com\/blog\/eclipse-solar-2026-ibiza-mallorca-menorca\/\" \/>\n<meta property=\"og:locale\" content=\"es_ES\" \/>\n<meta property=\"og:type\" content=\"article\" \/>\n<meta property=\"og:title\" content=\"Eclipse Solar Total 2026: Vive este fen\u00f3meno \u00fanico desde las Islas Baleares - Islander by Vibra Hotels\" \/>\n<meta property=\"og:description\" content=\"Vive el eclipse solar total 2026 desde Mallorca, Ibiza o Menorca con Vibra Hotels. Descubre los mejores lugares y hoteles para disfrutarlo.\" \/>\n<meta property=\"og:url\" content=\"https:\/\/www.vibrahotels.com\/blog\/eclipse-solar-2026-ibiza-mallorca-menorca\/\" \/>\n<meta property=\"og:site_name\" content=\"Islander by Vibra Hotels\" \/>\n<meta property=\"article:published_time\" content=\"2025-09-12T08:00:04+00:00\" \/>\n<meta property=\"og:image\" content=\"https:\/\/www.vibrahotels.com\/blog\/wp-content\/uploads\/2025\/09\/shutterstock_2655390683-1.jpg\" \/>\n\t<meta property=\"og:image:width\" content=\"600\" \/>\n\t<meta property=\"og:image:height\" content=\"800\" \/>\n\t<meta property=\"og:image:type\" content=\"image\/jpeg\" \/>\n<meta name=\"author\" content=\"The Ibiza Blog\" \/>\n<meta name=\"twitter:card\" content=\"summary_large_image\" \/>\n<meta name=\"twitter:label1\" content=\"Escrito por\" \/>\n\t<meta name=\"twitter:data1\" content=\"The Ibiza Blog\" \/>\n\t<meta name=\"twitter:label2\" content=\"Tiempo de lectura\" \/>\n\t<meta name=\"twitter:data2\" content=\"3 minutos\" \/>\n<script type=\"application\/ld+json\" class=\"yoast-schema-graph\">{\"@context\":\"https:\\\/\\\/schema.org\",\"@graph\":[{\"@type\":\"Article\",\"@id\":\"https:\\\/\\\/www.vibrahotels.com\\\/blog\\\/eclipse-solar-2026-ibiza-mallorca-menorca\\\/#article\",\"isPartOf\":{\"@id\":\"https:\\\/\\\/www.vibrahotels.com\\\/blog\\\/eclipse-solar-2026-ibiza-mallorca-menorca\\\/\"},\"author\":{\"name\":\"The Ibiza Blog\",\"@id\":\"https:\\\/\\\/www.vibrahotels.com\\\/blog\\\/#\\\/schema\\\/person\\\/ad74f13df6e44e7081ef65424f668972\"},\"headline\":\"Eclipse Solar Total 2026: Vive este fen\u00f3meno \u00fanico desde las Islas Baleares\",\"datePublished\":\"2025-09-12T08:00:04+00:00\",\"mainEntityOfPage\":{\"@id\":\"https:\\\/\\\/www.vibrahotels.com\\\/blog\\\/eclipse-solar-2026-ibiza-mallorca-menorca\\\/\"},\"wordCount\":603,\"image\":{\"@id\":\"https:\\\/\\\/www.vibrahotels.com\\\/blog\\\/eclipse-solar-2026-ibiza-mallorca-menorca\\\/#primaryimage\"},\"thumbnailUrl\":\"https:\\\/\\\/www.vibrahotels.com\\\/blog\\\/wp-content\\\/uploads\\\/2025\\\/09\\\/shutterstock_2655390683-1.jpg\",\"articleSection\":[\"Planes en Ibiza\"],\"inLanguage\":\"es\"},{\"@type\":\"WebPage\",\"@id\":\"https:\\\/\\\/www.vibrahotels.com\\\/blog\\\/eclipse-solar-2026-ibiza-mallorca-menorca\\\/\",\"url\":\"https:\\\/\\\/www.vibrahotels.com\\\/blog\\\/eclipse-solar-2026-ibiza-mallorca-menorca\\\/\",\"name\":\"Eclipse Solar Total 2026: Vive este fen\u00f3meno \u00fanico desde las Islas Baleares - Islander by Vibra Hotels\",\"isPartOf\":{\"@id\":\"https:\\\/\\\/www.vibrahotels.com\\\/blog\\\/#website\"},\"primaryImageOfPage\":{\"@id\":\"https:\\\/\\\/www.vibrahotels.com\\\/blog\\\/eclipse-solar-2026-ibiza-mallorca-menorca\\\/#primaryimage\"},\"image\":{\"@id\":\"https:\\\/\\\/www.vibrahotels.com\\\/blog\\\/eclipse-solar-2026-ibiza-mallorca-menorca\\\/#primaryimage\"},\"thumbnailUrl\":\"https:\\\/\\\/www.vibrahotels.com\\\/blog\\\/wp-content\\\/uploads\\\/2025\\\/09\\\/shutterstock_2655390683-1.jpg\",\"datePublished\":\"2025-09-12T08:00:04+00:00\",\"author\":{\"@id\":\"https:\\\/\\\/www.vibrahotels.com\\\/blog\\\/#\\\/schema\\\/person\\\/ad74f13df6e44e7081ef65424f668972\"},\"breadcrumb\":{\"@id\":\"https:\\\/\\\/www.vibrahotels.com\\\/blog\\\/eclipse-solar-2026-ibiza-mallorca-menorca\\\/#breadcrumb\"},\"inLanguage\":\"es\",\"potentialAction\":[{\"@type\":\"ReadAction\",\"target\":[\"https:\\\/\\\/www.vibrahotels.com\\\/blog\\\/eclipse-solar-2026-ibiza-mallorca-menorca\\\/\"]}]},{\"@type\":\"ImageObject\",\"inLanguage\":\"es\",\"@id\":\"https:\\\/\\\/www.vibrahotels.com\\\/blog\\\/eclipse-solar-2026-ibiza-mallorca-menorca\\\/#primaryimage\",\"url\":\"https:\\\/\\\/www.vibrahotels.com\\\/blog\\\/wp-content\\\/uploads\\\/2025\\\/09\\\/shutterstock_2655390683-1.jpg\",\"contentUrl\":\"https:\\\/\\\/www.vibrahotels.com\\\/blog\\\/wp-content\\\/uploads\\\/2025\\\/09\\\/shutterstock_2655390683-1.jpg\",\"width\":600,\"height\":800,\"caption\":\"eclipse 2026 baleares vibra hotels\"},{\"@type\":\"BreadcrumbList\",\"@id\":\"https:\\\/\\\/www.vibrahotels.com\\\/blog\\\/eclipse-solar-2026-ibiza-mallorca-menorca\\\/#breadcrumb\",\"itemListElement\":[{\"@type\":\"ListItem\",\"position\":1,\"name\":\"Portada\",\"item\":\"https:\\\/\\\/www.vibrahotels.com\\\/blog\\\/\"},{\"@type\":\"ListItem\",\"position\":2,\"name\":\"Eclipse Solar Total 2026: Vive este fen\u00f3meno \u00fanico desde las Islas Baleares\"}]},{\"@type\":\"WebSite\",\"@id\":\"https:\\\/\\\/www.vibrahotels.com\\\/blog\\\/#website\",\"url\":\"https:\\\/\\\/www.vibrahotels.com\\\/blog\\\/\",\"name\":\"Islander by Vibra Hotels\",\"description\":\"\",\"potentialAction\":[{\"@type\":\"SearchAction\",\"target\":{\"@type\":\"EntryPoint\",\"urlTemplate\":\"https:\\\/\\\/www.vibrahotels.com\\\/blog\\\/?s={search_term_string}\"},\"query-input\":{\"@type\":\"PropertyValueSpecification\",\"valueRequired\":true,\"valueName\":\"search_term_string\"}}],\"inLanguage\":\"es\"},{\"@type\":\"Person\",\"@id\":\"https:\\\/\\\/www.vibrahotels.com\\\/blog\\\/#\\\/schema\\\/person\\\/ad74f13df6e44e7081ef65424f668972\",\"name\":\"The Ibiza Blog\",\"image\":{\"@type\":\"ImageObject\",\"inLanguage\":\"es\",\"@id\":\"https:\\\/\\\/secure.gravatar.com\\\/avatar\\\/d172713df318fe4ba11547ee4a70ab1eae0206026db57d7a5920186b9f5ee855?s=96&d=mm&r=g\",\"url\":\"https:\\\/\\\/secure.gravatar.com\\\/avatar\\\/d172713df318fe4ba11547ee4a70ab1eae0206026db57d7a5920186b9f5ee855?s=96&d=mm&r=g\",\"contentUrl\":\"https:\\\/\\\/secure.gravatar.com\\\/avatar\\\/d172713df318fe4ba11547ee4a70ab1eae0206026db57d7a5920186b9f5ee855?s=96&d=mm&r=g\",\"caption\":\"The Ibiza Blog\"},\"url\":\"https:\\\/\\\/www.vibrahotels.com\\\/blog\\\/author\\\/the-ibiza-blog\\\/\"}]}<\/script>\n<!-- \/ Yoast SEO plugin. -->","yoast_head_json":{"title":"Eclipse Solar Total 2026: Vive este fen\u00f3meno \u00fanico desde las Islas Baleares - Islander by Vibra Hotels","robots":{"index":"index","follow":"follow","max-snippet":"max-snippet:-1","max-image-preview":"max-image-preview:large","max-video-preview":"max-video-preview:-1"},"canonical":"https:\/\/www.vibrahotels.com\/blog\/eclipse-solar-2026-ibiza-mallorca-menorca\/","og_locale":"es_ES","og_type":"article","og_title":"Eclipse Solar Total 2026: Vive este fen\u00f3meno \u00fanico desde las Islas Baleares - Islander by Vibra Hotels","og_description":"Vive el eclipse solar total 2026 desde Mallorca, Ibiza o Menorca con Vibra Hotels. Descubre los mejores lugares y hoteles para disfrutarlo.","og_url":"https:\/\/www.vibrahotels.com\/blog\/eclipse-solar-2026-ibiza-mallorca-menorca\/","og_site_name":"Islander by Vibra Hotels","article_published_time":"2025-09-12T08:00:04+00:00","og_image":[{"width":600,"height":800,"url":"https:\/\/www.vibrahotels.com\/blog\/wp-content\/uploads\/2025\/09\/shutterstock_2655390683-1.jpg","type":"image\/jpeg"}],"author":"The Ibiza Blog","twitter_card":"summary_large_image","twitter_misc":{"Escrito por":"The Ibiza Blog","Tiempo de lectura":"3 minutos"},"schema":{"@context":"https:\/\/schema.org","@graph":[{"@type":"Article","@id":"https:\/\/www.vibrahotels.com\/blog\/eclipse-solar-2026-ibiza-mallorca-menorca\/#article","isPartOf":{"@id":"https:\/\/www.vibrahotels.com\/blog\/eclipse-solar-2026-ibiza-mallorca-menorca\/"},"author":{"name":"The Ibiza Blog","@id":"https:\/\/www.vibrahotels.com\/blog\/#\/schema\/person\/ad74f13df6e44e7081ef65424f668972"},"headline":"Eclipse Solar Total 2026: Vive este fen\u00f3meno \u00fanico desde las Islas Baleares","datePublished":"2025-09-12T08:00:04+00:00","mainEntityOfPage":{"@id":"https:\/\/www.vibrahotels.com\/blog\/eclipse-solar-2026-ibiza-mallorca-menorca\/"},"wordCount":603,"image":{"@id":"https:\/\/www.vibrahotels.com\/blog\/eclipse-solar-2026-ibiza-mallorca-menorca\/#primaryimage"},"thumbnailUrl":"https:\/\/www.vibrahotels.com\/blog\/wp-content\/uploads\/2025\/09\/shutterstock_2655390683-1.jpg","articleSection":["Planes en Ibiza"],"inLanguage":"es"},{"@type":"WebPage","@id":"https:\/\/www.vibrahotels.com\/blog\/eclipse-solar-2026-ibiza-mallorca-menorca\/","url":"https:\/\/www.vibrahotels.com\/blog\/eclipse-solar-2026-ibiza-mallorca-menorca\/","name":"Eclipse Solar Total 2026: Vive este fen\u00f3meno \u00fanico desde las Islas Baleares - Islander by Vibra Hotels","isPartOf":{"@id":"https:\/\/www.vibrahotels.com\/blog\/#website"},"primaryImageOfPage":{"@id":"https:\/\/www.vibrahotels.com\/blog\/eclipse-solar-2026-ibiza-mallorca-menorca\/#primaryimage"},"image":{"@id":"https:\/\/www.vibrahotels.com\/blog\/eclipse-solar-2026-ibiza-mallorca-menorca\/#primaryimage"},"thumbnailUrl":"https:\/\/www.vibrahotels.com\/blog\/wp-content\/uploads\/2025\/09\/shutterstock_2655390683-1.jpg","datePublished":"2025-09-12T08:00:04+00:00","author":{"@id":"https:\/\/www.vibrahotels.com\/blog\/#\/schema\/person\/ad74f13df6e44e7081ef65424f668972"},"breadcrumb":{"@id":"https:\/\/www.vibrahotels.com\/blog\/eclipse-solar-2026-ibiza-mallorca-menorca\/#breadcrumb"},"inLanguage":"es","potentialAction":[{"@type":"ReadAction","target":["https:\/\/www.vibrahotels.com\/blog\/eclipse-solar-2026-ibiza-mallorca-menorca\/"]}]},{"@type":"ImageObject","inLanguage":"es","@id":"https:\/\/www.vibrahotels.com\/blog\/eclipse-solar-2026-ibiza-mallorca-menorca\/#primaryimage","url":"https:\/\/www.vibrahotels.com\/blog\/wp-content\/uploads\/2025\/09\/shutterstock_2655390683-1.jpg","contentUrl":"https:\/\/www.vibrahotels.com\/blog\/wp-content\/uploads\/2025\/09\/shutterstock_2655390683-1.jpg","width":600,"height":800,"caption":"eclipse 2026 baleares vibra hotels"},{"@type":"BreadcrumbList","@id":"https:\/\/www.vibrahotels.com\/blog\/eclipse-solar-2026-ibiza-mallorca-menorca\/#breadcrumb","itemListElement":[{"@type":"ListItem","position":1,"name":"Portada","item":"https:\/\/www.vibrahotels.com\/blog\/"},{"@type":"ListItem","position":2,"name":"Eclipse Solar Total 2026: Vive este fen\u00f3meno \u00fanico desde las Islas Baleares"}]},{"@type":"WebSite","@id":"https:\/\/www.vibrahotels.com\/blog\/#website","url":"https:\/\/www.vibrahotels.com\/blog\/","name":"Islander by Vibra Hotels","description":"","potentialAction":[{"@type":"SearchAction","target":{"@type":"EntryPoint","urlTemplate":"https:\/\/www.vibrahotels.com\/blog\/?s={search_term_string}"},"query-input":{"@type":"PropertyValueSpecification","valueRequired":true,"valueName":"search_term_string"}}],"inLanguage":"es"},{"@type":"Person","@id":"https:\/\/www.vibrahotels.com\/blog\/#\/schema\/person\/ad74f13df6e44e7081ef65424f668972","name":"The Ibiza Blog","image":{"@type":"ImageObject","inLanguage":"es","@id":"https:\/\/secure.gravatar.com\/avatar\/d172713df318fe4ba11547ee4a70ab1eae0206026db57d7a5920186b9f5ee855?s=96&d=mm&r=g","url":"https:\/\/secure.gravatar.com\/avatar\/d172713df318fe4ba11547ee4a70ab1eae0206026db57d7a5920186b9f5ee855?s=96&d=mm&r=g","contentUrl":"https:\/\/secure.gravatar.com\/avatar\/d172713df318fe4ba11547ee4a70ab1eae0206026db57d7a5920186b9f5ee855?s=96&d=mm&r=g","caption":"The Ibiza Blog"},"url":"https:\/\/www.vibrahotels.com\/blog\/author\/the-ibiza-blog\/"}]}},"_links":{"self":[{"href":"https:\/\/www.vibrahotels.com\/blog\/wp-json\/wp\/v2\/posts\/9834","targetHints":{"allow":["GET"]}}],"collection":[{"href":"https:\/\/www.vibrahotels.com\/blog\/wp-json\/wp\/v2\/posts"}],"about":[{"href":"https:\/\/www.vibrahotels.com\/blog\/wp-json\/wp\/v2\/types\/post"}],"author":[{"embeddable":true,"href":"https:\/\/www.vibrahotels.com\/blog\/wp-json\/wp\/v2\/users\/1"}],"replies":[{"embeddable":true,"href":"https:\/\/www.vibrahotels.com\/blog\/wp-json\/wp\/v2\/comments?post=9834"}],"version-history":[{"count":3,"href":"https:\/\/www.vibrahotels.com\/blog\/wp-json\/wp\/v2\/posts\/9834\/revisions"}],"predecessor-version":[{"id":9846,"href":"https:\/\/www.vibrahotels.com\/blog\/wp-json\/wp\/v2\/posts\/9834\/revisions\/9846"}],"wp:featuredmedia":[{"embeddable":true,"href":"https:\/\/www.vibrahotels.com\/blog\/wp-json\/wp\/v2\/media\/9835"}],"wp:attachment":[{"href":"https:\/\/www.vibrahotels.com\/blog\/wp-json\/wp\/v2\/media?parent=9834"}],"wp:term":[{"taxonomy":"category","embeddable":true,"href":"https:\/\/www.vibrahotels.com\/blog\/wp-json\/wp\/v2\/categories?post=9834"},{"taxonomy":"post_tag","embeddable":true,"href":"https:\/\/www.vibrahotels.com\/blog\/wp-json\/wp\/v2\/tags?post=9834"}],"curies":[{"name":"wp","href":"https:\/\/api.w.org\/{rel}","templated":true}]}}