{"id":9786,"date":"2025-09-05T10:00:54","date_gmt":"2025-09-05T08:00:54","guid":{"rendered":"https:\/\/www.vibrahotels.com\/blog\/?p=9786"},"modified":"2025-08-21T10:23:02","modified_gmt":"2025-08-21T08:23:02","slug":"cala-macarella-menorca-playas-guia","status":"publish","type":"post","link":"https:\/\/www.vibrahotels.com\/blog\/cala-macarella-menorca-playas-guia\/","title":{"rendered":"Cala Macarella: La playa m\u00e1s paradis\u00edaca de Menorca"},"content":{"rendered":"<p>En pleno coraz\u00f3n del Mediterr\u00e1neo,<strong> Cala Macarella Menorca<\/strong> es considerada por muchos como la playa m\u00e1s paradis\u00edaca de Menorca, por su tranquilidad, belleza virgen y aguas cristalinas en Menorca. <\/p>\n<p>Si est\u00e1s organizando<a href=\"https:\/\/www.vibrahotels.com\/blog\/descubriendo-calas-secretas-en-menorca-un-paraiso-escondido\/\"> tu pr\u00f3xima escapada<\/a> a las Islas Baleares, este rinc\u00f3n m\u00e1gico te va a enamorar.<br \/>\n<strong>Cala Macarella Menorca<\/strong> est\u00e1 ubicada en la costa sur de la isla, cerca de Ciutadella, y es uno de los destinos m\u00e1s fotografiados de todas las playas de Menorca.<br \/>\n\u00bfLa raz\u00f3n? Su espectacular entorno natural, su arena blanca y fina, y ese mar azul turquesa que representa el concepto de para\u00edso en Menorca.<\/p>\n<p><img loading=\"lazy\" decoding=\"async\" src=\"https:\/\/www.vibrahotels.com\/blog\/wp-content\/uploads\/2025\/08\/shutterstock_2199380619-1.jpg\" alt=\"cala macarella menorca gu\u00eda vibra hotels\" width=\"800\" height=\"533\" class=\"alignnone size-full wp-image-9790\" srcset=\"https:\/\/www.vibrahotels.com\/blog\/wp-content\/uploads\/2025\/08\/shutterstock_2199380619-1.jpg 800w, https:\/\/www.vibrahotels.com\/blog\/wp-content\/uploads\/2025\/08\/shutterstock_2199380619-1-300x200.jpg 300w, https:\/\/www.vibrahotels.com\/blog\/wp-content\/uploads\/2025\/08\/shutterstock_2199380619-1-768x512.jpg 768w\" sizes=\"auto, (max-width: 800px) 100vw, 800px\" \/><\/p>\n<h2>C\u00f3mo llegar a Cala Macarella Menorca<\/h2>\n<p>Puedes acceder caminando desde <strong>Cala Galdana<\/strong> (unos 30 minutos por un sendero con vistas a Menorca espectaculares) o desde el <strong>parking de Macarella<\/strong>, en temporada baja.<br \/>\nDurante los meses de verano, para proteger esta cala, el acceso en coche est\u00e1 limitado, pero hay <strong>autobuses lanzadera desde Ciutadella<\/strong>. <\/p>\n<h2>Qu\u00e9 hacer en Cala Macarella Menorca<\/h2>\n<p>Aunque tomar el sol en su arena blanca es un plan m\u00e1s que tentador, <strong>Cala Macarella Menorca<\/strong> ofrece mucho m\u00e1s.<br \/>\nPuedes explorar la peque\u00f1a <strong>Cala Macarelleta<\/strong>, justo al lado, considerada por muchos como incluso m\u00e1s \u00edntima y encantadora.<br \/>\nAdem\u00e1s, si te gusta caminar, hay varias rutas de senderismo desde donde disfrutar\u00e1s de las mejores vistas de Menorca y sus calas v\u00edrgenes. Tambi\u00e9n puedes darte un chapuz\u00f3n en sus aguas cristalinas de Menorca, perfectas para practicar snorkel y descubrir la fauna marina. Adem\u00e1s, su forma de herradura la protege del viento, creando una piscina natural perfecta para nadar y relajarte.<\/p>\n<p><img loading=\"lazy\" decoding=\"async\" src=\"https:\/\/www.vibrahotels.com\/blog\/wp-content\/uploads\/2025\/08\/shutterstock_2463607409-1.jpg\" alt=\"cala macarella menorca gu\u00eda vibra hotels\" width=\"800\" height=\"533\" class=\"alignnone size-full wp-image-9793\" srcset=\"https:\/\/www.vibrahotels.com\/blog\/wp-content\/uploads\/2025\/08\/shutterstock_2463607409-1.jpg 800w, https:\/\/www.vibrahotels.com\/blog\/wp-content\/uploads\/2025\/08\/shutterstock_2463607409-1-300x200.jpg 300w, https:\/\/www.vibrahotels.com\/blog\/wp-content\/uploads\/2025\/08\/shutterstock_2463607409-1-768x512.jpg 768w\" sizes=\"auto, (max-width: 800px) 100vw, 800px\" \/><\/p>\n<h2><a href=\"https:\/\/www.vibrahotels.com\/es\/menorca\">Vibra Hotels: tu refugio en el para\u00edso<\/a><\/h2>\n<p>Para disfrutar al m\u00e1ximo de <strong>Cala Macarella Menorca<\/strong> y del resto de las impresionantes playas de Menorca, alojarte con Vibra Hotels es la mejor opci\u00f3n. Con ubicaciones estrat\u00e9gicas en las Islas Baleares, nuestros alojamientos te permiten vivir la isla con comodidad, estilo y cercan\u00eda al mar.<br \/>\nYa sea que busques desconexi\u00f3n, aventura o simplemente respirar el aire puro del para\u00edso menorqu\u00edn, <strong>Vibra Hotels<\/strong> te conecta con lo mejor de Menorca.<\/p>\n<p>Ubicado en Ciutadella, en el suroeste de la isla, el <a href=\"https:\/\/www.vibrahotels.com\/es\/menorca\/ciudadela\/aparthotel-vibra-blanc-palace\"><strong>Aparthotel Vibra Blanc Palace<\/strong><\/a> es ideal para familias y viajeros que buscan comodidad sin renunciar al estilo. Lo mejor de todo es su cercan\u00eda a playas como Cala Macarella Menorca. Desde aqu\u00ed, podr\u00e1s explorar el para\u00edso menorqu\u00edn, hacer rutas de senderismo o simplemente desconectar en una de las playas de Menorca m\u00e1s impresionantes. <\/p>\n<p>Otra opci\u00f3n son los Apartamentos<a href=\"https:\/\/www.vibrahotels.com\/es\/menorca\/ciudadela\/apartamentos-vibra-caleta-playa\"> <strong>Vibra Caleta Playa<\/strong><\/a>, situados en primera l\u00ednea de la Playa de Cala\u2019n Blanes, estos apartamentos ofrecen acceso directo a la arena y una experiencia aut\u00e9nticamente isle\u00f1a.<\/p>\n<p>Para quienes buscan privacidad, tranquilidad y ese toque rural sin alejarse del mar, los Apartamentos <a href=\"https:\/\/www.vibrahotels.com\/es\/menorca\/ciudadela\/apartamentos-vibra-blanc-cottage\"><strong>Vibra Blanc Cottage<\/strong><\/a> son una joya escondida. Rodeados de naturaleza y a poca distancia de calas v\u00edrgenes, son el punto de partida perfecto para los aventureros que quieren descubrir rincones como Cala Macarella Menorca.<\/p>\n<p><img loading=\"lazy\" decoding=\"async\" src=\"https:\/\/www.vibrahotels.com\/blog\/wp-content\/uploads\/2025\/08\/thumb_2048x1536_b8d19a4b-6fe1-4693-8bf5-04f5ddb4f0bb.jpg\" alt=\"alojamientos vibra menorca\" width=\"1024\" height=\"683\" class=\"alignnone size-full wp-image-9804\" srcset=\"https:\/\/www.vibrahotels.com\/blog\/wp-content\/uploads\/2025\/08\/thumb_2048x1536_b8d19a4b-6fe1-4693-8bf5-04f5ddb4f0bb.jpg 1024w, https:\/\/www.vibrahotels.com\/blog\/wp-content\/uploads\/2025\/08\/thumb_2048x1536_b8d19a4b-6fe1-4693-8bf5-04f5ddb4f0bb-300x200.jpg 300w, https:\/\/www.vibrahotels.com\/blog\/wp-content\/uploads\/2025\/08\/thumb_2048x1536_b8d19a4b-6fe1-4693-8bf5-04f5ddb4f0bb-768x512.jpg 768w\" sizes=\"auto, (max-width: 1024px) 100vw, 1024px\" \/> <\/p>\n","protected":false},"excerpt":{"rendered":"<p>Descubre Cala Macarella, la playa m\u00e1s paradis\u00edaca de Menorca adem\u00e1s de los mejores alojamientos para disfrutar de tus vacaciones <\/p>\n","protected":false},"author":1,"featured_media":9790,"comment_status":"closed","ping_status":"open","sticky":false,"template":"","format":"standard","meta":{"footnotes":""},"categories":[1557,1297],"tags":[],"class_list":["post-9786","post","type-post","status-publish","format-standard","has-post-thumbnail","hentry","category-planes-en-menorca","category-travel"],"yoast_head":"<!-- This site is optimized with the Yoast SEO plugin v27.4 - https:\/\/yoast.com\/product\/yoast-seo-wordpress\/ -->\n<title>Cala Macarella: La playa m\u00e1s paradis\u00edaca de Menorca - Islander by Vibra Hotels<\/title>\n<meta name=\"robots\" content=\"index, follow, max-snippet:-1, max-image-preview:large, max-video-preview:-1\" \/>\n<link rel=\"canonical\" href=\"https:\/\/www.vibrahotels.com\/blog\/cala-macarella-menorca-playas-guia\/\" \/>\n<meta property=\"og:locale\" content=\"es_ES\" \/>\n<meta property=\"og:type\" content=\"article\" \/>\n<meta property=\"og:title\" content=\"Cala Macarella: La playa m\u00e1s paradis\u00edaca de Menorca - Islander by Vibra Hotels\" \/>\n<meta property=\"og:description\" content=\"Descubre Cala Macarella, la playa m\u00e1s paradis\u00edaca de Menorca adem\u00e1s de los mejores alojamientos para disfrutar de tus vacaciones\" \/>\n<meta property=\"og:url\" content=\"https:\/\/www.vibrahotels.com\/blog\/cala-macarella-menorca-playas-guia\/\" \/>\n<meta property=\"og:site_name\" content=\"Islander by Vibra Hotels\" \/>\n<meta property=\"article:published_time\" content=\"2025-09-05T08:00:54+00:00\" \/>\n<meta property=\"og:image\" content=\"https:\/\/www.vibrahotels.com\/blog\/wp-content\/uploads\/2025\/08\/shutterstock_2199380619-1.jpg\" \/>\n\t<meta property=\"og:image:width\" content=\"800\" \/>\n\t<meta property=\"og:image:height\" content=\"533\" \/>\n\t<meta property=\"og:image:type\" content=\"image\/jpeg\" \/>\n<meta name=\"author\" content=\"The Ibiza Blog\" \/>\n<meta name=\"twitter:card\" content=\"summary_large_image\" \/>\n<meta name=\"twitter:label1\" content=\"Escrito por\" \/>\n\t<meta name=\"twitter:data1\" content=\"The Ibiza Blog\" \/>\n\t<meta name=\"twitter:label2\" content=\"Tiempo de lectura\" \/>\n\t<meta name=\"twitter:data2\" content=\"3 minutos\" \/>\n<script type=\"application\/ld+json\" class=\"yoast-schema-graph\">{\"@context\":\"https:\\\/\\\/schema.org\",\"@graph\":[{\"@type\":\"Article\",\"@id\":\"https:\\\/\\\/www.vibrahotels.com\\\/blog\\\/cala-macarella-menorca-playas-guia\\\/#article\",\"isPartOf\":{\"@id\":\"https:\\\/\\\/www.vibrahotels.com\\\/blog\\\/cala-macarella-menorca-playas-guia\\\/\"},\"author\":{\"name\":\"The Ibiza Blog\",\"@id\":\"https:\\\/\\\/www.vibrahotels.com\\\/blog\\\/#\\\/schema\\\/person\\\/ad74f13df6e44e7081ef65424f668972\"},\"headline\":\"Cala Macarella: La playa m\u00e1s paradis\u00edaca de Menorca\",\"datePublished\":\"2025-09-05T08:00:54+00:00\",\"mainEntityOfPage\":{\"@id\":\"https:\\\/\\\/www.vibrahotels.com\\\/blog\\\/cala-macarella-menorca-playas-guia\\\/\"},\"wordCount\":527,\"image\":{\"@id\":\"https:\\\/\\\/www.vibrahotels.com\\\/blog\\\/cala-macarella-menorca-playas-guia\\\/#primaryimage\"},\"thumbnailUrl\":\"https:\\\/\\\/www.vibrahotels.com\\\/blog\\\/wp-content\\\/uploads\\\/2025\\\/08\\\/shutterstock_2199380619-1.jpg\",\"articleSection\":[\"Planes en Menorca\",\"Travel\"],\"inLanguage\":\"es\"},{\"@type\":\"WebPage\",\"@id\":\"https:\\\/\\\/www.vibrahotels.com\\\/blog\\\/cala-macarella-menorca-playas-guia\\\/\",\"url\":\"https:\\\/\\\/www.vibrahotels.com\\\/blog\\\/cala-macarella-menorca-playas-guia\\\/\",\"name\":\"Cala Macarella: La playa m\u00e1s paradis\u00edaca de Menorca - Islander by Vibra Hotels\",\"isPartOf\":{\"@id\":\"https:\\\/\\\/www.vibrahotels.com\\\/blog\\\/#website\"},\"primaryImageOfPage\":{\"@id\":\"https:\\\/\\\/www.vibrahotels.com\\\/blog\\\/cala-macarella-menorca-playas-guia\\\/#primaryimage\"},\"image\":{\"@id\":\"https:\\\/\\\/www.vibrahotels.com\\\/blog\\\/cala-macarella-menorca-playas-guia\\\/#primaryimage\"},\"thumbnailUrl\":\"https:\\\/\\\/www.vibrahotels.com\\\/blog\\\/wp-content\\\/uploads\\\/2025\\\/08\\\/shutterstock_2199380619-1.jpg\",\"datePublished\":\"2025-09-05T08:00:54+00:00\",\"author\":{\"@id\":\"https:\\\/\\\/www.vibrahotels.com\\\/blog\\\/#\\\/schema\\\/person\\\/ad74f13df6e44e7081ef65424f668972\"},\"breadcrumb\":{\"@id\":\"https:\\\/\\\/www.vibrahotels.com\\\/blog\\\/cala-macarella-menorca-playas-guia\\\/#breadcrumb\"},\"inLanguage\":\"es\",\"potentialAction\":[{\"@type\":\"ReadAction\",\"target\":[\"https:\\\/\\\/www.vibrahotels.com\\\/blog\\\/cala-macarella-menorca-playas-guia\\\/\"]}]},{\"@type\":\"ImageObject\",\"inLanguage\":\"es\",\"@id\":\"https:\\\/\\\/www.vibrahotels.com\\\/blog\\\/cala-macarella-menorca-playas-guia\\\/#primaryimage\",\"url\":\"https:\\\/\\\/www.vibrahotels.com\\\/blog\\\/wp-content\\\/uploads\\\/2025\\\/08\\\/shutterstock_2199380619-1.jpg\",\"contentUrl\":\"https:\\\/\\\/www.vibrahotels.com\\\/blog\\\/wp-content\\\/uploads\\\/2025\\\/08\\\/shutterstock_2199380619-1.jpg\",\"width\":800,\"height\":533,\"caption\":\"cala macarella menorca gu\u00eda vibra hotels\"},{\"@type\":\"BreadcrumbList\",\"@id\":\"https:\\\/\\\/www.vibrahotels.com\\\/blog\\\/cala-macarella-menorca-playas-guia\\\/#breadcrumb\",\"itemListElement\":[{\"@type\":\"ListItem\",\"position\":1,\"name\":\"Portada\",\"item\":\"https:\\\/\\\/www.vibrahotels.com\\\/blog\\\/\"},{\"@type\":\"ListItem\",\"position\":2,\"name\":\"Cala Macarella: La playa m\u00e1s paradis\u00edaca de Menorca\"}]},{\"@type\":\"WebSite\",\"@id\":\"https:\\\/\\\/www.vibrahotels.com\\\/blog\\\/#website\",\"url\":\"https:\\\/\\\/www.vibrahotels.com\\\/blog\\\/\",\"name\":\"Islander by Vibra Hotels\",\"description\":\"\",\"potentialAction\":[{\"@type\":\"SearchAction\",\"target\":{\"@type\":\"EntryPoint\",\"urlTemplate\":\"https:\\\/\\\/www.vibrahotels.com\\\/blog\\\/?s={search_term_string}\"},\"query-input\":{\"@type\":\"PropertyValueSpecification\",\"valueRequired\":true,\"valueName\":\"search_term_string\"}}],\"inLanguage\":\"es\"},{\"@type\":\"Person\",\"@id\":\"https:\\\/\\\/www.vibrahotels.com\\\/blog\\\/#\\\/schema\\\/person\\\/ad74f13df6e44e7081ef65424f668972\",\"name\":\"The Ibiza Blog\",\"image\":{\"@type\":\"ImageObject\",\"inLanguage\":\"es\",\"@id\":\"https:\\\/\\\/secure.gravatar.com\\\/avatar\\\/d172713df318fe4ba11547ee4a70ab1eae0206026db57d7a5920186b9f5ee855?s=96&d=mm&r=g\",\"url\":\"https:\\\/\\\/secure.gravatar.com\\\/avatar\\\/d172713df318fe4ba11547ee4a70ab1eae0206026db57d7a5920186b9f5ee855?s=96&d=mm&r=g\",\"contentUrl\":\"https:\\\/\\\/secure.gravatar.com\\\/avatar\\\/d172713df318fe4ba11547ee4a70ab1eae0206026db57d7a5920186b9f5ee855?s=96&d=mm&r=g\",\"caption\":\"The Ibiza Blog\"},\"url\":\"https:\\\/\\\/www.vibrahotels.com\\\/blog\\\/author\\\/the-ibiza-blog\\\/\"}]}<\/script>\n<!-- \/ Yoast SEO plugin. -->","yoast_head_json":{"title":"Cala Macarella: La playa m\u00e1s paradis\u00edaca de Menorca - Islander by Vibra Hotels","robots":{"index":"index","follow":"follow","max-snippet":"max-snippet:-1","max-image-preview":"max-image-preview:large","max-video-preview":"max-video-preview:-1"},"canonical":"https:\/\/www.vibrahotels.com\/blog\/cala-macarella-menorca-playas-guia\/","og_locale":"es_ES","og_type":"article","og_title":"Cala Macarella: La playa m\u00e1s paradis\u00edaca de Menorca - Islander by Vibra Hotels","og_description":"Descubre Cala Macarella, la playa m\u00e1s paradis\u00edaca de Menorca adem\u00e1s de los mejores alojamientos para disfrutar de tus vacaciones","og_url":"https:\/\/www.vibrahotels.com\/blog\/cala-macarella-menorca-playas-guia\/","og_site_name":"Islander by Vibra Hotels","article_published_time":"2025-09-05T08:00:54+00:00","og_image":[{"width":800,"height":533,"url":"https:\/\/www.vibrahotels.com\/blog\/wp-content\/uploads\/2025\/08\/shutterstock_2199380619-1.jpg","type":"image\/jpeg"}],"author":"The Ibiza Blog","twitter_card":"summary_large_image","twitter_misc":{"Escrito por":"The Ibiza Blog","Tiempo de lectura":"3 minutos"},"schema":{"@context":"https:\/\/schema.org","@graph":[{"@type":"Article","@id":"https:\/\/www.vibrahotels.com\/blog\/cala-macarella-menorca-playas-guia\/#article","isPartOf":{"@id":"https:\/\/www.vibrahotels.com\/blog\/cala-macarella-menorca-playas-guia\/"},"author":{"name":"The Ibiza Blog","@id":"https:\/\/www.vibrahotels.com\/blog\/#\/schema\/person\/ad74f13df6e44e7081ef65424f668972"},"headline":"Cala Macarella: La playa m\u00e1s paradis\u00edaca de Menorca","datePublished":"2025-09-05T08:00:54+00:00","mainEntityOfPage":{"@id":"https:\/\/www.vibrahotels.com\/blog\/cala-macarella-menorca-playas-guia\/"},"wordCount":527,"image":{"@id":"https:\/\/www.vibrahotels.com\/blog\/cala-macarella-menorca-playas-guia\/#primaryimage"},"thumbnailUrl":"https:\/\/www.vibrahotels.com\/blog\/wp-content\/uploads\/2025\/08\/shutterstock_2199380619-1.jpg","articleSection":["Planes en Menorca","Travel"],"inLanguage":"es"},{"@type":"WebPage","@id":"https:\/\/www.vibrahotels.com\/blog\/cala-macarella-menorca-playas-guia\/","url":"https:\/\/www.vibrahotels.com\/blog\/cala-macarella-menorca-playas-guia\/","name":"Cala Macarella: La playa m\u00e1s paradis\u00edaca de Menorca - Islander by Vibra Hotels","isPartOf":{"@id":"https:\/\/www.vibrahotels.com\/blog\/#website"},"primaryImageOfPage":{"@id":"https:\/\/www.vibrahotels.com\/blog\/cala-macarella-menorca-playas-guia\/#primaryimage"},"image":{"@id":"https:\/\/www.vibrahotels.com\/blog\/cala-macarella-menorca-playas-guia\/#primaryimage"},"thumbnailUrl":"https:\/\/www.vibrahotels.com\/blog\/wp-content\/uploads\/2025\/08\/shutterstock_2199380619-1.jpg","datePublished":"2025-09-05T08:00:54+00:00","author":{"@id":"https:\/\/www.vibrahotels.com\/blog\/#\/schema\/person\/ad74f13df6e44e7081ef65424f668972"},"breadcrumb":{"@id":"https:\/\/www.vibrahotels.com\/blog\/cala-macarella-menorca-playas-guia\/#breadcrumb"},"inLanguage":"es","potentialAction":[{"@type":"ReadAction","target":["https:\/\/www.vibrahotels.com\/blog\/cala-macarella-menorca-playas-guia\/"]}]},{"@type":"ImageObject","inLanguage":"es","@id":"https:\/\/www.vibrahotels.com\/blog\/cala-macarella-menorca-playas-guia\/#primaryimage","url":"https:\/\/www.vibrahotels.com\/blog\/wp-content\/uploads\/2025\/08\/shutterstock_2199380619-1.jpg","contentUrl":"https:\/\/www.vibrahotels.com\/blog\/wp-content\/uploads\/2025\/08\/shutterstock_2199380619-1.jpg","width":800,"height":533,"caption":"cala macarella menorca gu\u00eda vibra hotels"},{"@type":"BreadcrumbList","@id":"https:\/\/www.vibrahotels.com\/blog\/cala-macarella-menorca-playas-guia\/#breadcrumb","itemListElement":[{"@type":"ListItem","position":1,"name":"Portada","item":"https:\/\/www.vibrahotels.com\/blog\/"},{"@type":"ListItem","position":2,"name":"Cala Macarella: La playa m\u00e1s paradis\u00edaca de Menorca"}]},{"@type":"WebSite","@id":"https:\/\/www.vibrahotels.com\/blog\/#website","url":"https:\/\/www.vibrahotels.com\/blog\/","name":"Islander by Vibra Hotels","description":"","potentialAction":[{"@type":"SearchAction","target":{"@type":"EntryPoint","urlTemplate":"https:\/\/www.vibrahotels.com\/blog\/?s={search_term_string}"},"query-input":{"@type":"PropertyValueSpecification","valueRequired":true,"valueName":"search_term_string"}}],"inLanguage":"es"},{"@type":"Person","@id":"https:\/\/www.vibrahotels.com\/blog\/#\/schema\/person\/ad74f13df6e44e7081ef65424f668972","name":"The Ibiza Blog","image":{"@type":"ImageObject","inLanguage":"es","@id":"https:\/\/secure.gravatar.com\/avatar\/d172713df318fe4ba11547ee4a70ab1eae0206026db57d7a5920186b9f5ee855?s=96&d=mm&r=g","url":"https:\/\/secure.gravatar.com\/avatar\/d172713df318fe4ba11547ee4a70ab1eae0206026db57d7a5920186b9f5ee855?s=96&d=mm&r=g","contentUrl":"https:\/\/secure.gravatar.com\/avatar\/d172713df318fe4ba11547ee4a70ab1eae0206026db57d7a5920186b9f5ee855?s=96&d=mm&r=g","caption":"The Ibiza Blog"},"url":"https:\/\/www.vibrahotels.com\/blog\/author\/the-ibiza-blog\/"}]}},"_links":{"self":[{"href":"https:\/\/www.vibrahotels.com\/blog\/wp-json\/wp\/v2\/posts\/9786","targetHints":{"allow":["GET"]}}],"collection":[{"href":"https:\/\/www.vibrahotels.com\/blog\/wp-json\/wp\/v2\/posts"}],"about":[{"href":"https:\/\/www.vibrahotels.com\/blog\/wp-json\/wp\/v2\/types\/post"}],"author":[{"embeddable":true,"href":"https:\/\/www.vibrahotels.com\/blog\/wp-json\/wp\/v2\/users\/1"}],"replies":[{"embeddable":true,"href":"https:\/\/www.vibrahotels.com\/blog\/wp-json\/wp\/v2\/comments?post=9786"}],"version-history":[{"count":8,"href":"https:\/\/www.vibrahotels.com\/blog\/wp-json\/wp\/v2\/posts\/9786\/revisions"}],"predecessor-version":[{"id":9808,"href":"https:\/\/www.vibrahotels.com\/blog\/wp-json\/wp\/v2\/posts\/9786\/revisions\/9808"}],"wp:featuredmedia":[{"embeddable":true,"href":"https:\/\/www.vibrahotels.com\/blog\/wp-json\/wp\/v2\/media\/9790"}],"wp:attachment":[{"href":"https:\/\/www.vibrahotels.com\/blog\/wp-json\/wp\/v2\/media?parent=9786"}],"wp:term":[{"taxonomy":"category","embeddable":true,"href":"https:\/\/www.vibrahotels.com\/blog\/wp-json\/wp\/v2\/categories?post=9786"},{"taxonomy":"post_tag","embeddable":true,"href":"https:\/\/www.vibrahotels.com\/blog\/wp-json\/wp\/v2\/tags?post=9786"}],"curies":[{"name":"wp","href":"https:\/\/api.w.org\/{rel}","templated":true}]}}