{"id":9736,"date":"2025-08-01T10:30:59","date_gmt":"2025-08-01T08:30:59","guid":{"rendered":"https:\/\/www.vibrahotels.com\/blog\/?p=9736"},"modified":"2025-08-01T10:48:47","modified_gmt":"2025-08-01T08:48:47","slug":"vibra-hotels-apertura-yamm-ibiza","status":"publish","type":"post","link":"https:\/\/www.vibrahotels.com\/blog\/vibra-hotels-apertura-yamm-ibiza\/","title":{"rendered":"Descubre Vibra Yamm, la nueva joya de Vibra Hotels en Ibiza"},"content":{"rendered":"<p>Hay lugares en el mundo donde el sol se despide sin hacer ruido.<br \/>\nY luego est\u00e1 Ibiza, donde cada<a href=\"https:\/\/www.vibrahotels.com\/blog\/mejor-puesta-de-sol-san-antonio-ibiza\/\"> puesta de sol<\/a> es un espect\u00e1culo, una ceremonia que paraliza el tiempo y pinta el cielo con tonos imposibles. <\/p>\n<p>Desde las m\u00edticas vistas de Es Vedr\u00e0 hasta los chill-outs de Benirr\u00e0s o las terrazas legendarias del Sunset Strip en San Antonio, la isla se ha consagrado como uno de los destinos imprescindibles para los amantes del crep\u00fasculo. Pero entre todas esas localizaciones ic\u00f3nicas, hay un nuevo rinc\u00f3n que promete redefinir el atardecer en Ibiza.<\/p>\n<p>Este<strong> 1 de agosto<\/strong> <strong>Vibra Hotels<\/strong> presenta su joya m\u00e1s reciente:<strong> Vibra Yamm<\/strong>, un hotel \u00fanico en el ic\u00f3nico Sunset Strip de San Antonio, Ibiza. Esta nueva apertura redefine la experiencia en la isla con una propuesta dividida en dos espacios complementarios: <strong>Vibra Yamm Sunset y Vibra Yamm Urban.<\/strong><\/p>\n<p><img loading=\"lazy\" decoding=\"async\" src=\"https:\/\/www.vibrahotels.com\/blog\/wp-content\/uploads\/2025\/07\/Image-40-1.jpg\" alt=\"apertura vibra yamm hotel ibiza\" width=\"875\" height=\"599\" class=\"alignnone size-full wp-image-9754\" srcset=\"https:\/\/www.vibrahotels.com\/blog\/wp-content\/uploads\/2025\/07\/Image-40-1.jpg 875w, https:\/\/www.vibrahotels.com\/blog\/wp-content\/uploads\/2025\/07\/Image-40-1-300x205.jpg 300w, https:\/\/www.vibrahotels.com\/blog\/wp-content\/uploads\/2025\/07\/Image-40-1-768x526.jpg 768w\" sizes=\"auto, (max-width: 875px) 100vw, 875px\" \/><\/p>\n<h2>Vibra Yamm: m\u00e1s que un hotel, el reino de un mito<\/h2>\n<p>Yamm no es solo un nombre: es una historia sumergida en lo profundo del Mediterr\u00e1neo. Inspirado en el antiguo dios del mar y de las fuerzas primordiales, <strong>Vibra Yamm<\/strong> nace como un templo moderno donde los hu\u00e9spedes no vienen a controlar el tiempo, sino a disolverse en \u00e9l.<br \/>\nCada espacio del hotel es una manifestaci\u00f3n del alma marina: misterio, sanaci\u00f3n, transici\u00f3n y luz.<\/p>\n<p><img loading=\"lazy\" decoding=\"async\" src=\"https:\/\/www.vibrahotels.com\/blog\/wp-content\/uploads\/2025\/07\/thumb_2048x1536_f9de71b1-8e99-4264-9f27-9f79659bfc87.jpg\" alt=\"apertura vibra yamm ibiza puesta de sol\" width=\"1920\" height=\"1439\" class=\"alignnone size-full wp-image-9744\" srcset=\"https:\/\/www.vibrahotels.com\/blog\/wp-content\/uploads\/2025\/07\/thumb_2048x1536_f9de71b1-8e99-4264-9f27-9f79659bfc87.jpg 1920w, https:\/\/www.vibrahotels.com\/blog\/wp-content\/uploads\/2025\/07\/thumb_2048x1536_f9de71b1-8e99-4264-9f27-9f79659bfc87-300x225.jpg 300w, https:\/\/www.vibrahotels.com\/blog\/wp-content\/uploads\/2025\/07\/thumb_2048x1536_f9de71b1-8e99-4264-9f27-9f79659bfc87-1024x767.jpg 1024w, https:\/\/www.vibrahotels.com\/blog\/wp-content\/uploads\/2025\/07\/thumb_2048x1536_f9de71b1-8e99-4264-9f27-9f79659bfc87-768x576.jpg 768w, https:\/\/www.vibrahotels.com\/blog\/wp-content\/uploads\/2025\/07\/thumb_2048x1536_f9de71b1-8e99-4264-9f27-9f79659bfc87-1536x1151.jpg 1536w\" sizes=\"auto, (max-width: 1920px) 100vw, 1920px\" \/><\/p>\n<h2><a href=\"https:\/\/www.vibrahotels.com\/es\/ibiza\/san-antonio\/hotel-vibra-yamm-sunset\">Yamm Sunset:<\/a> tu nueva forma de ver el atardecer<\/h2>\n<p>Frente al mar y en el coraz\u00f3n del Sunset Strip, est\u00e1 destinado a convertirse en el mejor lugar para contemplar la puesta de sol m\u00e1s famosa del Mediterr\u00e1neo.<\/p>\n<p>Desde el rooftop <strong>Dusk by Yamm<\/strong>, los colores del cielo se funden con el mar en un ritual diario donde la luz danza con el agua. M\u00fasica suave, c\u00f3cteles vibrantes y una atm\u00f3sfera suspendida te invitan a vivir un atardecer que no se cuenta: se siente.<\/p>\n<p>Rel\u00e1jate en sus espacios al aire libre, cena con vistas en<strong> Aura<\/strong>, la terraza dorada sobre el mar, o simplemente deja que la brisa te lleve. Aqu\u00ed, el tiempo no corre: flota. Aqu\u00ed se cena con el horizonte como lienzo y el tiempo como espectador. Todo es dorado, c\u00e1lido, suspendido: una belleza que no grita, que simplemente ocurre.<\/p>\n<h2><a href=\"https:\/\/www.vibrahotels.com\/es\/ibiza\/san-antonio\/hotel-vibra-yamm-urban\">Yamm Urban:<\/a> dise\u00f1o, sabor y secreto en el coraz\u00f3n de San Antonio<\/h2>\n<p>A pocos pasos de la costa, <strong>Vibra Yamm Urban<\/strong> es un refugio moderno con alma sensorial.<br \/>\nSu restaurante terraza,<strong> Sirr<\/strong>, es un espacio sagrado donde el mar susurra secretos antiguos entre platos de sabores evocadores.<br \/>\nY en su zona de bienestar,<strong> Nammu<\/strong>, se detiene el ruido del mundo: un santuario de sanaci\u00f3n inspirado en la diosa del oc\u00e9ano primigenio, con rituales de agua, vapor y silencio que reconectan cuerpo y alma.<br \/>\nY cuando cae la noche, la experiencia contin\u00faa en <strong>Dietro al Sole<\/strong>, una trattoria con alma italiana y coraz\u00f3n ibicenco.<\/p>\n<p><img loading=\"lazy\" decoding=\"async\" src=\"https:\/\/www.vibrahotels.com\/blog\/wp-content\/uploads\/2025\/07\/thumb_1024x768_067d1393-e213-4f28-b738-6e55d295e6cb-1.jpg\" alt=\"apertura nuevo hotel vibra hotels, vibra yamm\" width=\"999\" height=\"768\" class=\"alignnone size-full wp-image-9758\" srcset=\"https:\/\/www.vibrahotels.com\/blog\/wp-content\/uploads\/2025\/07\/thumb_1024x768_067d1393-e213-4f28-b738-6e55d295e6cb-1.jpg 999w, https:\/\/www.vibrahotels.com\/blog\/wp-content\/uploads\/2025\/07\/thumb_1024x768_067d1393-e213-4f28-b738-6e55d295e6cb-1-300x231.jpg 300w, https:\/\/www.vibrahotels.com\/blog\/wp-content\/uploads\/2025\/07\/thumb_1024x768_067d1393-e213-4f28-b738-6e55d295e6cb-1-768x590.jpg 768w\" sizes=\"auto, (max-width: 999px) 100vw, 999px\" \/><\/p>\n<h2>Una propuesta vibrante, una ubicaci\u00f3n perfecta<\/h2>\n<p><strong>Vibra Yamm<\/strong> combina dise\u00f1o contempor\u00e1neo, confort y esencia isle\u00f1a.<br \/>\nYa sea que busques descanso o inmersi\u00f3n en la vibrante vida nocturna de Ibiza, aqu\u00ed encuentras el equilibrio perfecto. Su ubicaci\u00f3n estrat\u00e9gica te permite moverte entre la calma de sus terrazas y la energ\u00eda de los mejores beach clubs y locales de San Antonio.<\/p>\n<p><img loading=\"lazy\" decoding=\"async\" src=\"https:\/\/www.vibrahotels.com\/blog\/wp-content\/uploads\/2025\/07\/thumb_2048x1536_f65bdd4b-2518-4b36-8a68-0431cfad0fa3.jpg\" alt=\"apertura vibra yamm ibiza puesta de sol\" width=\"800\" height=\"445\" class=\"alignnone size-full wp-image-9747\" srcset=\"https:\/\/www.vibrahotels.com\/blog\/wp-content\/uploads\/2025\/07\/thumb_2048x1536_f65bdd4b-2518-4b36-8a68-0431cfad0fa3.jpg 800w, https:\/\/www.vibrahotels.com\/blog\/wp-content\/uploads\/2025\/07\/thumb_2048x1536_f65bdd4b-2518-4b36-8a68-0431cfad0fa3-300x167.jpg 300w, https:\/\/www.vibrahotels.com\/blog\/wp-content\/uploads\/2025\/07\/thumb_2048x1536_f65bdd4b-2518-4b36-8a68-0431cfad0fa3-768x427.jpg 768w\" sizes=\"auto, (max-width: 800px) 100vw, 800px\" \/><\/p>\n<p>Olv\u00eddate de lo de siempre.<strong> Vibra Yamm<\/strong> es el lugar donde todo empieza a sentirse distinto. \u00bfPreparado para vibrar diferente?<\/p>\n","protected":false},"excerpt":{"rendered":"<p>Vibra Yamm llega a Ibiza: El nuevo hotel de Vibra Hotels con vistas incre\u00edbles a las puestas de sol ibicencas. Estilo, energ\u00eda y vacaciones inolvidables.<\/p>\n","protected":false},"author":1,"featured_media":9747,"comment_status":"closed","ping_status":"open","sticky":false,"template":"","format":"standard","meta":{"footnotes":""},"categories":[1312,1311,1297],"tags":[],"class_list":["post-9736","post","type-post","status-publish","format-standard","has-post-thumbnail","hentry","category-living-vibra","category-planes-en-ibiza","category-travel"],"yoast_head":"<!-- This site is optimized with the Yoast SEO plugin v27.4 - https:\/\/yoast.com\/product\/yoast-seo-wordpress\/ -->\n<title>Descubre Vibra Yamm, la nueva joya de Vibra Hotels en Ibiza - Islander by Vibra Hotels<\/title>\n<meta name=\"robots\" content=\"index, follow, max-snippet:-1, max-image-preview:large, max-video-preview:-1\" \/>\n<link rel=\"canonical\" href=\"https:\/\/www.vibrahotels.com\/blog\/vibra-hotels-apertura-yamm-ibiza\/\" \/>\n<meta property=\"og:locale\" content=\"es_ES\" \/>\n<meta property=\"og:type\" content=\"article\" \/>\n<meta property=\"og:title\" content=\"Descubre Vibra Yamm, la nueva joya de Vibra Hotels en Ibiza - Islander by Vibra Hotels\" \/>\n<meta property=\"og:description\" content=\"Vibra Yamm llega a Ibiza: El nuevo hotel de Vibra Hotels con vistas incre\u00edbles a las puestas de sol ibicencas. Estilo, energ\u00eda y vacaciones inolvidables.\" \/>\n<meta property=\"og:url\" content=\"https:\/\/www.vibrahotels.com\/blog\/vibra-hotels-apertura-yamm-ibiza\/\" \/>\n<meta property=\"og:site_name\" content=\"Islander by Vibra Hotels\" \/>\n<meta property=\"article:published_time\" content=\"2025-08-01T08:30:59+00:00\" \/>\n<meta property=\"article:modified_time\" content=\"2025-08-01T08:48:47+00:00\" \/>\n<meta property=\"og:image\" content=\"https:\/\/www.vibrahotels.com\/blog\/wp-content\/uploads\/2025\/07\/thumb_2048x1536_f65bdd4b-2518-4b36-8a68-0431cfad0fa3.jpg\" \/>\n\t<meta property=\"og:image:width\" content=\"800\" \/>\n\t<meta property=\"og:image:height\" content=\"445\" \/>\n\t<meta property=\"og:image:type\" content=\"image\/jpeg\" \/>\n<meta name=\"author\" content=\"The Ibiza Blog\" \/>\n<meta name=\"twitter:card\" content=\"summary_large_image\" \/>\n<meta name=\"twitter:label1\" content=\"Escrito por\" \/>\n\t<meta name=\"twitter:data1\" content=\"The Ibiza Blog\" \/>\n\t<meta name=\"twitter:label2\" content=\"Tiempo de lectura\" \/>\n\t<meta name=\"twitter:data2\" content=\"3 minutos\" \/>\n<script type=\"application\/ld+json\" class=\"yoast-schema-graph\">{\"@context\":\"https:\\\/\\\/schema.org\",\"@graph\":[{\"@type\":\"Article\",\"@id\":\"https:\\\/\\\/www.vibrahotels.com\\\/blog\\\/vibra-hotels-apertura-yamm-ibiza\\\/#article\",\"isPartOf\":{\"@id\":\"https:\\\/\\\/www.vibrahotels.com\\\/blog\\\/vibra-hotels-apertura-yamm-ibiza\\\/\"},\"author\":{\"name\":\"The Ibiza Blog\",\"@id\":\"https:\\\/\\\/www.vibrahotels.com\\\/blog\\\/#\\\/schema\\\/person\\\/ad74f13df6e44e7081ef65424f668972\"},\"headline\":\"Descubre Vibra Yamm, la nueva joya de Vibra Hotels en Ibiza\",\"datePublished\":\"2025-08-01T08:30:59+00:00\",\"dateModified\":\"2025-08-01T08:48:47+00:00\",\"mainEntityOfPage\":{\"@id\":\"https:\\\/\\\/www.vibrahotels.com\\\/blog\\\/vibra-hotels-apertura-yamm-ibiza\\\/\"},\"wordCount\":586,\"image\":{\"@id\":\"https:\\\/\\\/www.vibrahotels.com\\\/blog\\\/vibra-hotels-apertura-yamm-ibiza\\\/#primaryimage\"},\"thumbnailUrl\":\"https:\\\/\\\/www.vibrahotels.com\\\/blog\\\/wp-content\\\/uploads\\\/2025\\\/07\\\/thumb_2048x1536_f65bdd4b-2518-4b36-8a68-0431cfad0fa3.jpg\",\"articleSection\":[\"Living Vibra\",\"Planes en Ibiza\",\"Travel\"],\"inLanguage\":\"es\"},{\"@type\":\"WebPage\",\"@id\":\"https:\\\/\\\/www.vibrahotels.com\\\/blog\\\/vibra-hotels-apertura-yamm-ibiza\\\/\",\"url\":\"https:\\\/\\\/www.vibrahotels.com\\\/blog\\\/vibra-hotels-apertura-yamm-ibiza\\\/\",\"name\":\"Descubre Vibra Yamm, la nueva joya de Vibra Hotels en Ibiza - Islander by Vibra Hotels\",\"isPartOf\":{\"@id\":\"https:\\\/\\\/www.vibrahotels.com\\\/blog\\\/#website\"},\"primaryImageOfPage\":{\"@id\":\"https:\\\/\\\/www.vibrahotels.com\\\/blog\\\/vibra-hotels-apertura-yamm-ibiza\\\/#primaryimage\"},\"image\":{\"@id\":\"https:\\\/\\\/www.vibrahotels.com\\\/blog\\\/vibra-hotels-apertura-yamm-ibiza\\\/#primaryimage\"},\"thumbnailUrl\":\"https:\\\/\\\/www.vibrahotels.com\\\/blog\\\/wp-content\\\/uploads\\\/2025\\\/07\\\/thumb_2048x1536_f65bdd4b-2518-4b36-8a68-0431cfad0fa3.jpg\",\"datePublished\":\"2025-08-01T08:30:59+00:00\",\"dateModified\":\"2025-08-01T08:48:47+00:00\",\"author\":{\"@id\":\"https:\\\/\\\/www.vibrahotels.com\\\/blog\\\/#\\\/schema\\\/person\\\/ad74f13df6e44e7081ef65424f668972\"},\"breadcrumb\":{\"@id\":\"https:\\\/\\\/www.vibrahotels.com\\\/blog\\\/vibra-hotels-apertura-yamm-ibiza\\\/#breadcrumb\"},\"inLanguage\":\"es\",\"potentialAction\":[{\"@type\":\"ReadAction\",\"target\":[\"https:\\\/\\\/www.vibrahotels.com\\\/blog\\\/vibra-hotels-apertura-yamm-ibiza\\\/\"]}]},{\"@type\":\"ImageObject\",\"inLanguage\":\"es\",\"@id\":\"https:\\\/\\\/www.vibrahotels.com\\\/blog\\\/vibra-hotels-apertura-yamm-ibiza\\\/#primaryimage\",\"url\":\"https:\\\/\\\/www.vibrahotels.com\\\/blog\\\/wp-content\\\/uploads\\\/2025\\\/07\\\/thumb_2048x1536_f65bdd4b-2518-4b36-8a68-0431cfad0fa3.jpg\",\"contentUrl\":\"https:\\\/\\\/www.vibrahotels.com\\\/blog\\\/wp-content\\\/uploads\\\/2025\\\/07\\\/thumb_2048x1536_f65bdd4b-2518-4b36-8a68-0431cfad0fa3.jpg\",\"width\":800,\"height\":445,\"caption\":\"apertura vibra yamm ibiza puesta de sol\"},{\"@type\":\"BreadcrumbList\",\"@id\":\"https:\\\/\\\/www.vibrahotels.com\\\/blog\\\/vibra-hotels-apertura-yamm-ibiza\\\/#breadcrumb\",\"itemListElement\":[{\"@type\":\"ListItem\",\"position\":1,\"name\":\"Portada\",\"item\":\"https:\\\/\\\/www.vibrahotels.com\\\/blog\\\/\"},{\"@type\":\"ListItem\",\"position\":2,\"name\":\"Descubre Vibra Yamm, la nueva joya de Vibra Hotels en Ibiza\"}]},{\"@type\":\"WebSite\",\"@id\":\"https:\\\/\\\/www.vibrahotels.com\\\/blog\\\/#website\",\"url\":\"https:\\\/\\\/www.vibrahotels.com\\\/blog\\\/\",\"name\":\"Islander by Vibra Hotels\",\"description\":\"\",\"potentialAction\":[{\"@type\":\"SearchAction\",\"target\":{\"@type\":\"EntryPoint\",\"urlTemplate\":\"https:\\\/\\\/www.vibrahotels.com\\\/blog\\\/?s={search_term_string}\"},\"query-input\":{\"@type\":\"PropertyValueSpecification\",\"valueRequired\":true,\"valueName\":\"search_term_string\"}}],\"inLanguage\":\"es\"},{\"@type\":\"Person\",\"@id\":\"https:\\\/\\\/www.vibrahotels.com\\\/blog\\\/#\\\/schema\\\/person\\\/ad74f13df6e44e7081ef65424f668972\",\"name\":\"The Ibiza Blog\",\"image\":{\"@type\":\"ImageObject\",\"inLanguage\":\"es\",\"@id\":\"https:\\\/\\\/secure.gravatar.com\\\/avatar\\\/d172713df318fe4ba11547ee4a70ab1eae0206026db57d7a5920186b9f5ee855?s=96&d=mm&r=g\",\"url\":\"https:\\\/\\\/secure.gravatar.com\\\/avatar\\\/d172713df318fe4ba11547ee4a70ab1eae0206026db57d7a5920186b9f5ee855?s=96&d=mm&r=g\",\"contentUrl\":\"https:\\\/\\\/secure.gravatar.com\\\/avatar\\\/d172713df318fe4ba11547ee4a70ab1eae0206026db57d7a5920186b9f5ee855?s=96&d=mm&r=g\",\"caption\":\"The Ibiza Blog\"},\"url\":\"https:\\\/\\\/www.vibrahotels.com\\\/blog\\\/author\\\/the-ibiza-blog\\\/\"}]}<\/script>\n<!-- \/ Yoast SEO plugin. -->","yoast_head_json":{"title":"Descubre Vibra Yamm, la nueva joya de Vibra Hotels en Ibiza - Islander by Vibra Hotels","robots":{"index":"index","follow":"follow","max-snippet":"max-snippet:-1","max-image-preview":"max-image-preview:large","max-video-preview":"max-video-preview:-1"},"canonical":"https:\/\/www.vibrahotels.com\/blog\/vibra-hotels-apertura-yamm-ibiza\/","og_locale":"es_ES","og_type":"article","og_title":"Descubre Vibra Yamm, la nueva joya de Vibra Hotels en Ibiza - Islander by Vibra Hotels","og_description":"Vibra Yamm llega a Ibiza: El nuevo hotel de Vibra Hotels con vistas incre\u00edbles a las puestas de sol ibicencas. Estilo, energ\u00eda y vacaciones inolvidables.","og_url":"https:\/\/www.vibrahotels.com\/blog\/vibra-hotels-apertura-yamm-ibiza\/","og_site_name":"Islander by Vibra Hotels","article_published_time":"2025-08-01T08:30:59+00:00","article_modified_time":"2025-08-01T08:48:47+00:00","og_image":[{"width":800,"height":445,"url":"https:\/\/www.vibrahotels.com\/blog\/wp-content\/uploads\/2025\/07\/thumb_2048x1536_f65bdd4b-2518-4b36-8a68-0431cfad0fa3.jpg","type":"image\/jpeg"}],"author":"The Ibiza Blog","twitter_card":"summary_large_image","twitter_misc":{"Escrito por":"The Ibiza Blog","Tiempo de lectura":"3 minutos"},"schema":{"@context":"https:\/\/schema.org","@graph":[{"@type":"Article","@id":"https:\/\/www.vibrahotels.com\/blog\/vibra-hotels-apertura-yamm-ibiza\/#article","isPartOf":{"@id":"https:\/\/www.vibrahotels.com\/blog\/vibra-hotels-apertura-yamm-ibiza\/"},"author":{"name":"The Ibiza Blog","@id":"https:\/\/www.vibrahotels.com\/blog\/#\/schema\/person\/ad74f13df6e44e7081ef65424f668972"},"headline":"Descubre Vibra Yamm, la nueva joya de Vibra Hotels en Ibiza","datePublished":"2025-08-01T08:30:59+00:00","dateModified":"2025-08-01T08:48:47+00:00","mainEntityOfPage":{"@id":"https:\/\/www.vibrahotels.com\/blog\/vibra-hotels-apertura-yamm-ibiza\/"},"wordCount":586,"image":{"@id":"https:\/\/www.vibrahotels.com\/blog\/vibra-hotels-apertura-yamm-ibiza\/#primaryimage"},"thumbnailUrl":"https:\/\/www.vibrahotels.com\/blog\/wp-content\/uploads\/2025\/07\/thumb_2048x1536_f65bdd4b-2518-4b36-8a68-0431cfad0fa3.jpg","articleSection":["Living Vibra","Planes en Ibiza","Travel"],"inLanguage":"es"},{"@type":"WebPage","@id":"https:\/\/www.vibrahotels.com\/blog\/vibra-hotels-apertura-yamm-ibiza\/","url":"https:\/\/www.vibrahotels.com\/blog\/vibra-hotels-apertura-yamm-ibiza\/","name":"Descubre Vibra Yamm, la nueva joya de Vibra Hotels en Ibiza - Islander by Vibra Hotels","isPartOf":{"@id":"https:\/\/www.vibrahotels.com\/blog\/#website"},"primaryImageOfPage":{"@id":"https:\/\/www.vibrahotels.com\/blog\/vibra-hotels-apertura-yamm-ibiza\/#primaryimage"},"image":{"@id":"https:\/\/www.vibrahotels.com\/blog\/vibra-hotels-apertura-yamm-ibiza\/#primaryimage"},"thumbnailUrl":"https:\/\/www.vibrahotels.com\/blog\/wp-content\/uploads\/2025\/07\/thumb_2048x1536_f65bdd4b-2518-4b36-8a68-0431cfad0fa3.jpg","datePublished":"2025-08-01T08:30:59+00:00","dateModified":"2025-08-01T08:48:47+00:00","author":{"@id":"https:\/\/www.vibrahotels.com\/blog\/#\/schema\/person\/ad74f13df6e44e7081ef65424f668972"},"breadcrumb":{"@id":"https:\/\/www.vibrahotels.com\/blog\/vibra-hotels-apertura-yamm-ibiza\/#breadcrumb"},"inLanguage":"es","potentialAction":[{"@type":"ReadAction","target":["https:\/\/www.vibrahotels.com\/blog\/vibra-hotels-apertura-yamm-ibiza\/"]}]},{"@type":"ImageObject","inLanguage":"es","@id":"https:\/\/www.vibrahotels.com\/blog\/vibra-hotels-apertura-yamm-ibiza\/#primaryimage","url":"https:\/\/www.vibrahotels.com\/blog\/wp-content\/uploads\/2025\/07\/thumb_2048x1536_f65bdd4b-2518-4b36-8a68-0431cfad0fa3.jpg","contentUrl":"https:\/\/www.vibrahotels.com\/blog\/wp-content\/uploads\/2025\/07\/thumb_2048x1536_f65bdd4b-2518-4b36-8a68-0431cfad0fa3.jpg","width":800,"height":445,"caption":"apertura vibra yamm ibiza puesta de sol"},{"@type":"BreadcrumbList","@id":"https:\/\/www.vibrahotels.com\/blog\/vibra-hotels-apertura-yamm-ibiza\/#breadcrumb","itemListElement":[{"@type":"ListItem","position":1,"name":"Portada","item":"https:\/\/www.vibrahotels.com\/blog\/"},{"@type":"ListItem","position":2,"name":"Descubre Vibra Yamm, la nueva joya de Vibra Hotels en Ibiza"}]},{"@type":"WebSite","@id":"https:\/\/www.vibrahotels.com\/blog\/#website","url":"https:\/\/www.vibrahotels.com\/blog\/","name":"Islander by Vibra Hotels","description":"","potentialAction":[{"@type":"SearchAction","target":{"@type":"EntryPoint","urlTemplate":"https:\/\/www.vibrahotels.com\/blog\/?s={search_term_string}"},"query-input":{"@type":"PropertyValueSpecification","valueRequired":true,"valueName":"search_term_string"}}],"inLanguage":"es"},{"@type":"Person","@id":"https:\/\/www.vibrahotels.com\/blog\/#\/schema\/person\/ad74f13df6e44e7081ef65424f668972","name":"The Ibiza Blog","image":{"@type":"ImageObject","inLanguage":"es","@id":"https:\/\/secure.gravatar.com\/avatar\/d172713df318fe4ba11547ee4a70ab1eae0206026db57d7a5920186b9f5ee855?s=96&d=mm&r=g","url":"https:\/\/secure.gravatar.com\/avatar\/d172713df318fe4ba11547ee4a70ab1eae0206026db57d7a5920186b9f5ee855?s=96&d=mm&r=g","contentUrl":"https:\/\/secure.gravatar.com\/avatar\/d172713df318fe4ba11547ee4a70ab1eae0206026db57d7a5920186b9f5ee855?s=96&d=mm&r=g","caption":"The Ibiza Blog"},"url":"https:\/\/www.vibrahotels.com\/blog\/author\/the-ibiza-blog\/"}]}},"_links":{"self":[{"href":"https:\/\/www.vibrahotels.com\/blog\/wp-json\/wp\/v2\/posts\/9736","targetHints":{"allow":["GET"]}}],"collection":[{"href":"https:\/\/www.vibrahotels.com\/blog\/wp-json\/wp\/v2\/posts"}],"about":[{"href":"https:\/\/www.vibrahotels.com\/blog\/wp-json\/wp\/v2\/types\/post"}],"author":[{"embeddable":true,"href":"https:\/\/www.vibrahotels.com\/blog\/wp-json\/wp\/v2\/users\/1"}],"replies":[{"embeddable":true,"href":"https:\/\/www.vibrahotels.com\/blog\/wp-json\/wp\/v2\/comments?post=9736"}],"version-history":[{"count":11,"href":"https:\/\/www.vibrahotels.com\/blog\/wp-json\/wp\/v2\/posts\/9736\/revisions"}],"predecessor-version":[{"id":9767,"href":"https:\/\/www.vibrahotels.com\/blog\/wp-json\/wp\/v2\/posts\/9736\/revisions\/9767"}],"wp:featuredmedia":[{"embeddable":true,"href":"https:\/\/www.vibrahotels.com\/blog\/wp-json\/wp\/v2\/media\/9747"}],"wp:attachment":[{"href":"https:\/\/www.vibrahotels.com\/blog\/wp-json\/wp\/v2\/media?parent=9736"}],"wp:term":[{"taxonomy":"category","embeddable":true,"href":"https:\/\/www.vibrahotels.com\/blog\/wp-json\/wp\/v2\/categories?post=9736"},{"taxonomy":"post_tag","embeddable":true,"href":"https:\/\/www.vibrahotels.com\/blog\/wp-json\/wp\/v2\/tags?post=9736"}],"curies":[{"name":"wp","href":"https:\/\/api.w.org\/{rel}","templated":true}]}}