{"id":9692,"date":"2025-08-12T10:30:54","date_gmt":"2025-08-12T08:30:54","guid":{"rendered":"https:\/\/www.vibrahotels.com\/blog\/?p=9692"},"modified":"2025-07-31T13:13:55","modified_gmt":"2025-07-31T11:13:55","slug":"guia-soller-mallorca-planes","status":"publish","type":"post","link":"https:\/\/www.vibrahotels.com\/blog\/guia-soller-mallorca-planes\/","title":{"rendered":"S\u00f3ller Mallorca: Un encantador pueblo entre monta\u00f1as y mar"},"content":{"rendered":"<p>Descubre <strong>S\u00f3ller<\/strong>, una joya escondida en la Sierra de Tramuntana, declarada Patrimonio Mundial por la UNESCO. Este pintoresco pueblo de <a href=\"https:\/\/www.vibrahotels.com\/blog\/ruta-de-3-dias-por-mallorca\/\">Mallorca<\/a>, rodeado de monta\u00f1as y muy cerca del mar, conquista con su arquitectura modernista, ambiente relajado y exquisita gastronom\u00eda local.<\/p>\n<p>Ideal para escapadas tranquilas, excursiones culturales y experiencias aut\u00e9nticas, S\u00f3ller Mallorca lo tiene todo: historia, naturaleza y <a href=\"https:\/\/www.vibrahotels.com\/blog\/gastronomia-en-mallorca\/\">sabor local.<\/a><\/p>\n<p><img loading=\"lazy\" decoding=\"async\" src=\"https:\/\/www.vibrahotels.com\/blog\/wp-content\/uploads\/2025\/07\/shutterstock_2388268251-3-1-1.jpg\" alt=\"soller en mallorca gu\u00eda\" width=\"800\" height=\"533\" class=\"alignnone size-full wp-image-9700\" srcset=\"https:\/\/www.vibrahotels.com\/blog\/wp-content\/uploads\/2025\/07\/shutterstock_2388268251-3-1-1.jpg 800w, https:\/\/www.vibrahotels.com\/blog\/wp-content\/uploads\/2025\/07\/shutterstock_2388268251-3-1-1-300x200.jpg 300w, https:\/\/www.vibrahotels.com\/blog\/wp-content\/uploads\/2025\/07\/shutterstock_2388268251-3-1-1-768x512.jpg 768w\" sizes=\"auto, (max-width: 800px) 100vw, 800px\" \/><\/p>\n<h2>Qu\u00e9 Ver en S\u00f3ller, Mallorca: Naturaleza, Historia y Encanto Mediterr\u00e1neo<\/h2>\n<p>Una de las formas m\u00e1s emblem\u00e1ticas de llegar a S\u00f3ller es a bordo del tren de madera hist\u00f3rico que parte desde Palma. Este trayecto, que cruza valles, t\u00faneles y monta\u00f1as, ofrece unas vistas espectaculares de la Sierra de Tramuntana.<br \/>\nUna vez en el pueblo, puedes subir al tranv\u00eda de S\u00f3ller, uno de los m\u00e1s antiguos de Europa, que te llevar\u00e1 hasta el puerto, en un viaje encantador entre naranjales y calles empedradas.<\/p>\n<h2>Imprescindibles en S\u00f3ller Mallorca<\/h2>\n<p><strong>Plaza de la Constituci\u00f3n:<\/strong> El coraz\u00f3n del pueblo. Llena de terrazas, bares y cafeter\u00edas, est\u00e1 presidida por la impresionante Iglesia de Sant Bartomeu, un ejemplo precioso del modernismo mallorqu\u00edn.<\/p>\n<p><strong>Puerto de S\u00f3ller:<\/strong> Pasea junto al mar, disfruta del puerto pesquero y rel\u00e1jate en alguno de sus restaurantes frente al mar. Ideal al atardecer.<\/p>\n<p><strong>Entorno natural:<\/strong> Desde S\u00f3ller puedes visitar lugares cercanos como Fornalutx, Dei\u00e0 y Valldemossa, pueblos con mucho encanto que comparten el alma tradicional y paisajes monta\u00f1osos espectaculares.<\/p>\n<p><img loading=\"lazy\" decoding=\"async\" src=\"https:\/\/www.vibrahotels.com\/blog\/wp-content\/uploads\/2025\/07\/shutterstock_2157178755-1.jpg\" alt=\"gu\u00eda de s\u00f3ller en mallorca\" width=\"800\" height=\"534\" class=\"alignnone size-full wp-image-9694\" srcset=\"https:\/\/www.vibrahotels.com\/blog\/wp-content\/uploads\/2025\/07\/shutterstock_2157178755-1.jpg 800w, https:\/\/www.vibrahotels.com\/blog\/wp-content\/uploads\/2025\/07\/shutterstock_2157178755-1-300x200.jpg 300w, https:\/\/www.vibrahotels.com\/blog\/wp-content\/uploads\/2025\/07\/shutterstock_2157178755-1-768x513.jpg 768w\" sizes=\"auto, (max-width: 800px) 100vw, 800px\" \/><\/p>\n<h2>Restaurantes Recomendados en S\u00f3ller Mallorca<\/h2>\n<p>La gastronom\u00eda de S\u00f3ller combina la tradici\u00f3n mallorquina con ingredientes locales y frescos. Aqu\u00ed te dejamos algunos restaurantes imperdibles:<\/p>\n<p><strong>Ca\u2019n BoQueta:<\/strong> Restaurante con estrella Michelin que ofrece una cocina creativa y de temporada. Perfecto para una cena sofisticada con productos locales.<\/p>\n<p><strong>Es Passeig:<\/strong> Ubicado frente al mar, en el Puerto de S\u00f3ller. Ideal para probar mariscos frescos y platos mediterr\u00e1neos en un ambiente relajado y con vistas inmejorables.<\/p>\n<p><strong>Caf\u00e9 Scholl: <\/strong>Una opci\u00f3n m\u00e1s informal en el centro del pueblo, con platos tradicionales y vegetarianos en un entorno acogedor con historia.<\/p>\n<h2>\u00bfD\u00f3nde Alojarse en Mallorca?<\/h2>\n<p>Aunque S\u00f3ller tiene encanto para alojarse, si prefieres una base m\u00e1s urbana o cercana a la playa, Vibra Hoteles ofrece dos excelentes opciones:<\/p>\n<p><a href=\"https:\/\/www.vibrahotels.com\/es\/mallorca\/paguera-calvia\/hotel-vibra-beverly-playa\">Hotel Vibra Beverly Playa<\/a><br \/>\nUn hotel moderno frente al mar, ideal para quienes desean combinar ciudad y playa. Desde aqu\u00ed puedes planear excursiones a S\u00f3ller y otros pueblos del norte de Mallorca.<\/p>\n<p><a href=\"https:\/\/www.vibrahotels.com\/blog\/descubre-el-nuevo-paraiso-de-palma-cactus-en-mallorca\/\">Hotel Vibra Palma Cactus<\/a><br \/>\nUbicado en pleno coraz\u00f3n de Palma, es perfecto para explorar tanto la capital como los rincones m\u00e1s aut\u00e9nticos de la isla, como S\u00f3ller, Valldemossa o Dei\u00e0.<\/p>\n<p><img loading=\"lazy\" decoding=\"async\" src=\"https:\/\/www.vibrahotels.com\/blog\/wp-content\/uploads\/2025\/07\/thumb_2048x1536_882c3585-bda7-4359-a432-903256a046c7-1.jpg\" alt=\"hotel vibra hotels mallorca\" width=\"2048\" height=\"1363\" class=\"alignnone size-full wp-image-9697\" srcset=\"https:\/\/www.vibrahotels.com\/blog\/wp-content\/uploads\/2025\/07\/thumb_2048x1536_882c3585-bda7-4359-a432-903256a046c7-1.jpg 2048w, https:\/\/www.vibrahotels.com\/blog\/wp-content\/uploads\/2025\/07\/thumb_2048x1536_882c3585-bda7-4359-a432-903256a046c7-1-300x200.jpg 300w, https:\/\/www.vibrahotels.com\/blog\/wp-content\/uploads\/2025\/07\/thumb_2048x1536_882c3585-bda7-4359-a432-903256a046c7-1-1024x682.jpg 1024w, https:\/\/www.vibrahotels.com\/blog\/wp-content\/uploads\/2025\/07\/thumb_2048x1536_882c3585-bda7-4359-a432-903256a046c7-1-768x511.jpg 768w, https:\/\/www.vibrahotels.com\/blog\/wp-content\/uploads\/2025\/07\/thumb_2048x1536_882c3585-bda7-4359-a432-903256a046c7-1-1536x1022.jpg 1536w\" sizes=\"auto, (max-width: 2048px) 100vw, 2048px\" \/><\/p>\n<p>Visitar <strong>S\u00f3ller Mallorca<\/strong> es una experiencia imprescindible para quienes buscan una combinaci\u00f3n perfecta de paisaje, historia, cultura y buena gastronom\u00eda. Ya sea en una escapada de un d\u00eda o como parte de una ruta m\u00e1s larga por la isla, este pueblo tiene una magia \u00fanica que te atrapar\u00e1. Viaja sin prisas, pasea, degusta, y d\u00e9jate llevar por el ritmo relajado de S\u00f3ller.<br \/>\nMallorca te espera con los brazos abiertos.<\/p>\n","protected":false},"excerpt":{"rendered":"<p>Conoce los mejores lugares y restaurantes para tu visita a S\u00f3ller Mallorca, adem\u00e1s descubre los mejores alojamientos para tu viaje <\/p>\n","protected":false},"author":1,"featured_media":9700,"comment_status":"closed","ping_status":"open","sticky":false,"template":"","format":"standard","meta":{"footnotes":""},"categories":[1512,1297],"tags":[],"class_list":["post-9692","post","type-post","status-publish","format-standard","has-post-thumbnail","hentry","category-planes-en-mallorca","category-travel"],"yoast_head":"<!-- This site is optimized with the Yoast SEO plugin v27.4 - https:\/\/yoast.com\/product\/yoast-seo-wordpress\/ -->\n<title>S\u00f3ller Mallorca: Un encantador pueblo entre monta\u00f1as y mar - Islander by Vibra Hotels<\/title>\n<meta name=\"robots\" content=\"index, follow, max-snippet:-1, max-image-preview:large, max-video-preview:-1\" \/>\n<link rel=\"canonical\" href=\"https:\/\/www.vibrahotels.com\/blog\/guia-soller-mallorca-planes\/\" \/>\n<meta property=\"og:locale\" content=\"es_ES\" \/>\n<meta property=\"og:type\" content=\"article\" \/>\n<meta property=\"og:title\" content=\"S\u00f3ller Mallorca: Un encantador pueblo entre monta\u00f1as y mar - Islander by Vibra Hotels\" \/>\n<meta property=\"og:description\" content=\"Conoce los mejores lugares y restaurantes para tu visita a S\u00f3ller Mallorca, adem\u00e1s descubre los mejores alojamientos para tu viaje\" \/>\n<meta property=\"og:url\" content=\"https:\/\/www.vibrahotels.com\/blog\/guia-soller-mallorca-planes\/\" \/>\n<meta property=\"og:site_name\" content=\"Islander by Vibra Hotels\" \/>\n<meta property=\"article:published_time\" content=\"2025-08-12T08:30:54+00:00\" \/>\n<meta property=\"og:image\" content=\"https:\/\/www.vibrahotels.com\/blog\/wp-content\/uploads\/2025\/07\/shutterstock_2388268251-3-1-1.jpg\" \/>\n\t<meta property=\"og:image:width\" content=\"800\" \/>\n\t<meta property=\"og:image:height\" content=\"533\" \/>\n\t<meta property=\"og:image:type\" content=\"image\/jpeg\" \/>\n<meta name=\"author\" content=\"The Ibiza Blog\" \/>\n<meta name=\"twitter:card\" content=\"summary_large_image\" \/>\n<meta name=\"twitter:label1\" content=\"Escrito por\" \/>\n\t<meta name=\"twitter:data1\" content=\"The Ibiza Blog\" \/>\n\t<meta name=\"twitter:label2\" content=\"Tiempo de lectura\" \/>\n\t<meta name=\"twitter:data2\" content=\"3 minutos\" \/>\n<script type=\"application\/ld+json\" class=\"yoast-schema-graph\">{\"@context\":\"https:\\\/\\\/schema.org\",\"@graph\":[{\"@type\":\"Article\",\"@id\":\"https:\\\/\\\/www.vibrahotels.com\\\/blog\\\/guia-soller-mallorca-planes\\\/#article\",\"isPartOf\":{\"@id\":\"https:\\\/\\\/www.vibrahotels.com\\\/blog\\\/guia-soller-mallorca-planes\\\/\"},\"author\":{\"name\":\"The Ibiza Blog\",\"@id\":\"https:\\\/\\\/www.vibrahotels.com\\\/blog\\\/#\\\/schema\\\/person\\\/ad74f13df6e44e7081ef65424f668972\"},\"headline\":\"S\u00f3ller Mallorca: Un encantador pueblo entre monta\u00f1as y mar\",\"datePublished\":\"2025-08-12T08:30:54+00:00\",\"mainEntityOfPage\":{\"@id\":\"https:\\\/\\\/www.vibrahotels.com\\\/blog\\\/guia-soller-mallorca-planes\\\/\"},\"wordCount\":537,\"image\":{\"@id\":\"https:\\\/\\\/www.vibrahotels.com\\\/blog\\\/guia-soller-mallorca-planes\\\/#primaryimage\"},\"thumbnailUrl\":\"https:\\\/\\\/www.vibrahotels.com\\\/blog\\\/wp-content\\\/uploads\\\/2025\\\/07\\\/shutterstock_2388268251-3-1-1.jpg\",\"articleSection\":[\"Planes en Mallorca\",\"Travel\"],\"inLanguage\":\"es\"},{\"@type\":\"WebPage\",\"@id\":\"https:\\\/\\\/www.vibrahotels.com\\\/blog\\\/guia-soller-mallorca-planes\\\/\",\"url\":\"https:\\\/\\\/www.vibrahotels.com\\\/blog\\\/guia-soller-mallorca-planes\\\/\",\"name\":\"S\u00f3ller Mallorca: Un encantador pueblo entre monta\u00f1as y mar - Islander by Vibra Hotels\",\"isPartOf\":{\"@id\":\"https:\\\/\\\/www.vibrahotels.com\\\/blog\\\/#website\"},\"primaryImageOfPage\":{\"@id\":\"https:\\\/\\\/www.vibrahotels.com\\\/blog\\\/guia-soller-mallorca-planes\\\/#primaryimage\"},\"image\":{\"@id\":\"https:\\\/\\\/www.vibrahotels.com\\\/blog\\\/guia-soller-mallorca-planes\\\/#primaryimage\"},\"thumbnailUrl\":\"https:\\\/\\\/www.vibrahotels.com\\\/blog\\\/wp-content\\\/uploads\\\/2025\\\/07\\\/shutterstock_2388268251-3-1-1.jpg\",\"datePublished\":\"2025-08-12T08:30:54+00:00\",\"author\":{\"@id\":\"https:\\\/\\\/www.vibrahotels.com\\\/blog\\\/#\\\/schema\\\/person\\\/ad74f13df6e44e7081ef65424f668972\"},\"breadcrumb\":{\"@id\":\"https:\\\/\\\/www.vibrahotels.com\\\/blog\\\/guia-soller-mallorca-planes\\\/#breadcrumb\"},\"inLanguage\":\"es\",\"potentialAction\":[{\"@type\":\"ReadAction\",\"target\":[\"https:\\\/\\\/www.vibrahotels.com\\\/blog\\\/guia-soller-mallorca-planes\\\/\"]}]},{\"@type\":\"ImageObject\",\"inLanguage\":\"es\",\"@id\":\"https:\\\/\\\/www.vibrahotels.com\\\/blog\\\/guia-soller-mallorca-planes\\\/#primaryimage\",\"url\":\"https:\\\/\\\/www.vibrahotels.com\\\/blog\\\/wp-content\\\/uploads\\\/2025\\\/07\\\/shutterstock_2388268251-3-1-1.jpg\",\"contentUrl\":\"https:\\\/\\\/www.vibrahotels.com\\\/blog\\\/wp-content\\\/uploads\\\/2025\\\/07\\\/shutterstock_2388268251-3-1-1.jpg\",\"width\":800,\"height\":533,\"caption\":\"soller en mallorca gu\u00eda\"},{\"@type\":\"BreadcrumbList\",\"@id\":\"https:\\\/\\\/www.vibrahotels.com\\\/blog\\\/guia-soller-mallorca-planes\\\/#breadcrumb\",\"itemListElement\":[{\"@type\":\"ListItem\",\"position\":1,\"name\":\"Portada\",\"item\":\"https:\\\/\\\/www.vibrahotels.com\\\/blog\\\/\"},{\"@type\":\"ListItem\",\"position\":2,\"name\":\"S\u00f3ller Mallorca: Un encantador pueblo entre monta\u00f1as y mar\"}]},{\"@type\":\"WebSite\",\"@id\":\"https:\\\/\\\/www.vibrahotels.com\\\/blog\\\/#website\",\"url\":\"https:\\\/\\\/www.vibrahotels.com\\\/blog\\\/\",\"name\":\"Islander by Vibra Hotels\",\"description\":\"\",\"potentialAction\":[{\"@type\":\"SearchAction\",\"target\":{\"@type\":\"EntryPoint\",\"urlTemplate\":\"https:\\\/\\\/www.vibrahotels.com\\\/blog\\\/?s={search_term_string}\"},\"query-input\":{\"@type\":\"PropertyValueSpecification\",\"valueRequired\":true,\"valueName\":\"search_term_string\"}}],\"inLanguage\":\"es\"},{\"@type\":\"Person\",\"@id\":\"https:\\\/\\\/www.vibrahotels.com\\\/blog\\\/#\\\/schema\\\/person\\\/ad74f13df6e44e7081ef65424f668972\",\"name\":\"The Ibiza Blog\",\"image\":{\"@type\":\"ImageObject\",\"inLanguage\":\"es\",\"@id\":\"https:\\\/\\\/secure.gravatar.com\\\/avatar\\\/d172713df318fe4ba11547ee4a70ab1eae0206026db57d7a5920186b9f5ee855?s=96&d=mm&r=g\",\"url\":\"https:\\\/\\\/secure.gravatar.com\\\/avatar\\\/d172713df318fe4ba11547ee4a70ab1eae0206026db57d7a5920186b9f5ee855?s=96&d=mm&r=g\",\"contentUrl\":\"https:\\\/\\\/secure.gravatar.com\\\/avatar\\\/d172713df318fe4ba11547ee4a70ab1eae0206026db57d7a5920186b9f5ee855?s=96&d=mm&r=g\",\"caption\":\"The Ibiza Blog\"},\"url\":\"https:\\\/\\\/www.vibrahotels.com\\\/blog\\\/author\\\/the-ibiza-blog\\\/\"}]}<\/script>\n<!-- \/ Yoast SEO plugin. -->","yoast_head_json":{"title":"S\u00f3ller Mallorca: Un encantador pueblo entre monta\u00f1as y mar - Islander by Vibra Hotels","robots":{"index":"index","follow":"follow","max-snippet":"max-snippet:-1","max-image-preview":"max-image-preview:large","max-video-preview":"max-video-preview:-1"},"canonical":"https:\/\/www.vibrahotels.com\/blog\/guia-soller-mallorca-planes\/","og_locale":"es_ES","og_type":"article","og_title":"S\u00f3ller Mallorca: Un encantador pueblo entre monta\u00f1as y mar - Islander by Vibra Hotels","og_description":"Conoce los mejores lugares y restaurantes para tu visita a S\u00f3ller Mallorca, adem\u00e1s descubre los mejores alojamientos para tu viaje","og_url":"https:\/\/www.vibrahotels.com\/blog\/guia-soller-mallorca-planes\/","og_site_name":"Islander by Vibra Hotels","article_published_time":"2025-08-12T08:30:54+00:00","og_image":[{"width":800,"height":533,"url":"https:\/\/www.vibrahotels.com\/blog\/wp-content\/uploads\/2025\/07\/shutterstock_2388268251-3-1-1.jpg","type":"image\/jpeg"}],"author":"The Ibiza Blog","twitter_card":"summary_large_image","twitter_misc":{"Escrito por":"The Ibiza Blog","Tiempo de lectura":"3 minutos"},"schema":{"@context":"https:\/\/schema.org","@graph":[{"@type":"Article","@id":"https:\/\/www.vibrahotels.com\/blog\/guia-soller-mallorca-planes\/#article","isPartOf":{"@id":"https:\/\/www.vibrahotels.com\/blog\/guia-soller-mallorca-planes\/"},"author":{"name":"The Ibiza Blog","@id":"https:\/\/www.vibrahotels.com\/blog\/#\/schema\/person\/ad74f13df6e44e7081ef65424f668972"},"headline":"S\u00f3ller Mallorca: Un encantador pueblo entre monta\u00f1as y mar","datePublished":"2025-08-12T08:30:54+00:00","mainEntityOfPage":{"@id":"https:\/\/www.vibrahotels.com\/blog\/guia-soller-mallorca-planes\/"},"wordCount":537,"image":{"@id":"https:\/\/www.vibrahotels.com\/blog\/guia-soller-mallorca-planes\/#primaryimage"},"thumbnailUrl":"https:\/\/www.vibrahotels.com\/blog\/wp-content\/uploads\/2025\/07\/shutterstock_2388268251-3-1-1.jpg","articleSection":["Planes en Mallorca","Travel"],"inLanguage":"es"},{"@type":"WebPage","@id":"https:\/\/www.vibrahotels.com\/blog\/guia-soller-mallorca-planes\/","url":"https:\/\/www.vibrahotels.com\/blog\/guia-soller-mallorca-planes\/","name":"S\u00f3ller Mallorca: Un encantador pueblo entre monta\u00f1as y mar - Islander by Vibra Hotels","isPartOf":{"@id":"https:\/\/www.vibrahotels.com\/blog\/#website"},"primaryImageOfPage":{"@id":"https:\/\/www.vibrahotels.com\/blog\/guia-soller-mallorca-planes\/#primaryimage"},"image":{"@id":"https:\/\/www.vibrahotels.com\/blog\/guia-soller-mallorca-planes\/#primaryimage"},"thumbnailUrl":"https:\/\/www.vibrahotels.com\/blog\/wp-content\/uploads\/2025\/07\/shutterstock_2388268251-3-1-1.jpg","datePublished":"2025-08-12T08:30:54+00:00","author":{"@id":"https:\/\/www.vibrahotels.com\/blog\/#\/schema\/person\/ad74f13df6e44e7081ef65424f668972"},"breadcrumb":{"@id":"https:\/\/www.vibrahotels.com\/blog\/guia-soller-mallorca-planes\/#breadcrumb"},"inLanguage":"es","potentialAction":[{"@type":"ReadAction","target":["https:\/\/www.vibrahotels.com\/blog\/guia-soller-mallorca-planes\/"]}]},{"@type":"ImageObject","inLanguage":"es","@id":"https:\/\/www.vibrahotels.com\/blog\/guia-soller-mallorca-planes\/#primaryimage","url":"https:\/\/www.vibrahotels.com\/blog\/wp-content\/uploads\/2025\/07\/shutterstock_2388268251-3-1-1.jpg","contentUrl":"https:\/\/www.vibrahotels.com\/blog\/wp-content\/uploads\/2025\/07\/shutterstock_2388268251-3-1-1.jpg","width":800,"height":533,"caption":"soller en mallorca gu\u00eda"},{"@type":"BreadcrumbList","@id":"https:\/\/www.vibrahotels.com\/blog\/guia-soller-mallorca-planes\/#breadcrumb","itemListElement":[{"@type":"ListItem","position":1,"name":"Portada","item":"https:\/\/www.vibrahotels.com\/blog\/"},{"@type":"ListItem","position":2,"name":"S\u00f3ller Mallorca: Un encantador pueblo entre monta\u00f1as y mar"}]},{"@type":"WebSite","@id":"https:\/\/www.vibrahotels.com\/blog\/#website","url":"https:\/\/www.vibrahotels.com\/blog\/","name":"Islander by Vibra Hotels","description":"","potentialAction":[{"@type":"SearchAction","target":{"@type":"EntryPoint","urlTemplate":"https:\/\/www.vibrahotels.com\/blog\/?s={search_term_string}"},"query-input":{"@type":"PropertyValueSpecification","valueRequired":true,"valueName":"search_term_string"}}],"inLanguage":"es"},{"@type":"Person","@id":"https:\/\/www.vibrahotels.com\/blog\/#\/schema\/person\/ad74f13df6e44e7081ef65424f668972","name":"The Ibiza Blog","image":{"@type":"ImageObject","inLanguage":"es","@id":"https:\/\/secure.gravatar.com\/avatar\/d172713df318fe4ba11547ee4a70ab1eae0206026db57d7a5920186b9f5ee855?s=96&d=mm&r=g","url":"https:\/\/secure.gravatar.com\/avatar\/d172713df318fe4ba11547ee4a70ab1eae0206026db57d7a5920186b9f5ee855?s=96&d=mm&r=g","contentUrl":"https:\/\/secure.gravatar.com\/avatar\/d172713df318fe4ba11547ee4a70ab1eae0206026db57d7a5920186b9f5ee855?s=96&d=mm&r=g","caption":"The Ibiza Blog"},"url":"https:\/\/www.vibrahotels.com\/blog\/author\/the-ibiza-blog\/"}]}},"_links":{"self":[{"href":"https:\/\/www.vibrahotels.com\/blog\/wp-json\/wp\/v2\/posts\/9692","targetHints":{"allow":["GET"]}}],"collection":[{"href":"https:\/\/www.vibrahotels.com\/blog\/wp-json\/wp\/v2\/posts"}],"about":[{"href":"https:\/\/www.vibrahotels.com\/blog\/wp-json\/wp\/v2\/types\/post"}],"author":[{"embeddable":true,"href":"https:\/\/www.vibrahotels.com\/blog\/wp-json\/wp\/v2\/users\/1"}],"replies":[{"embeddable":true,"href":"https:\/\/www.vibrahotels.com\/blog\/wp-json\/wp\/v2\/comments?post=9692"}],"version-history":[{"count":4,"href":"https:\/\/www.vibrahotels.com\/blog\/wp-json\/wp\/v2\/posts\/9692\/revisions"}],"predecessor-version":[{"id":9705,"href":"https:\/\/www.vibrahotels.com\/blog\/wp-json\/wp\/v2\/posts\/9692\/revisions\/9705"}],"wp:featuredmedia":[{"embeddable":true,"href":"https:\/\/www.vibrahotels.com\/blog\/wp-json\/wp\/v2\/media\/9700"}],"wp:attachment":[{"href":"https:\/\/www.vibrahotels.com\/blog\/wp-json\/wp\/v2\/media?parent=9692"}],"wp:term":[{"taxonomy":"category","embeddable":true,"href":"https:\/\/www.vibrahotels.com\/blog\/wp-json\/wp\/v2\/categories?post=9692"},{"taxonomy":"post_tag","embeddable":true,"href":"https:\/\/www.vibrahotels.com\/blog\/wp-json\/wp\/v2\/tags?post=9692"}],"curies":[{"name":"wp","href":"https:\/\/api.w.org\/{rel}","templated":true}]}}