{"id":9521,"date":"2025-06-06T11:30:59","date_gmt":"2025-06-06T09:30:59","guid":{"rendered":"https:\/\/www.vibrahotels.com\/blog\/?p=9521"},"modified":"2025-06-10T15:26:21","modified_gmt":"2025-06-10T13:26:21","slug":"playa-cala-mitjana-menorca","status":"publish","type":"post","link":"https:\/\/www.vibrahotels.com\/blog\/playa-cala-mitjana-menorca\/","title":{"rendered":"Cala Mitjana: Un para\u00edso secreto de Menorca que no te puedes perder"},"content":{"rendered":"<p>Cala Mitjana, es uno de esos rincones escondidos que hacen de <a href=\"https:\/\/www.vibrahotels.com\/blog\/un-fin-de-semana-romantico-en-menorca\/\">la isla un lugar m\u00e1gico.<\/a><br \/>\nSituada entre Cala Galdana y Cala Trebal\u00fager, esta cala virgen de aguas cristalinas y arena blanca es perfecta para quienes buscan tranquilidad, naturaleza y paisajes \u00fanicos.<br \/>\nRodeada de pinares y acantilados, Cala Mitjana Menorca combina belleza natural y f\u00e1cil acceso, convirti\u00e9ndose en una de las playas imprescindibles del sur de la isla.<\/p>\n<p><img loading=\"lazy\" decoding=\"async\" src=\"https:\/\/www.vibrahotels.com\/blog\/wp-content\/uploads\/2025\/06\/cala_mitjana_menorca_playa.jpg\" alt=\"cala mitjana en menorca playa\" width=\"800\" height=\"533\" class=\"alignnone size-full wp-image-9530\" srcset=\"https:\/\/www.vibrahotels.com\/blog\/wp-content\/uploads\/2025\/06\/cala_mitjana_menorca_playa.jpg 800w, https:\/\/www.vibrahotels.com\/blog\/wp-content\/uploads\/2025\/06\/cala_mitjana_menorca_playa-300x200.jpg 300w, https:\/\/www.vibrahotels.com\/blog\/wp-content\/uploads\/2025\/06\/cala_mitjana_menorca_playa-768x512.jpg 768w\" sizes=\"auto, (max-width: 800px) 100vw, 800px\" \/><\/p>\n<h2>\u00bfC\u00f3mo llegar a Cala Mitjana Menorca?<\/h2>\n<p><strong>En coche:<\/strong><br \/>\nPuedes aparcar en el parking se\u00f1alizado m\u00e1s cercano. Desde all\u00ed, solo hay que caminar unos 15 minutos por un sendero c\u00f3modo rodeado de bosque mediterr\u00e1neo. El acceso es apto para carritos de beb\u00e9 y sillas de ruedas.<\/p>\n<p><strong>A pie desde Cala Galdana:<\/strong><br \/>\nUna ruta m\u00e1s aventurera es tomar el Cam\u00ed de Cavalls desde Cala Galdana. En unos 25 minutos llegar\u00e1s caminando a Cala Mitjana Menorca, disfrutando de vistas espectaculares durante el trayecto.<\/p>\n<h2>Qu\u00e9 hacer en Cala Mitjana Menorca:<\/h2>\n<p><strong>1. Visitar Cala Mitjaneta<\/strong><br \/>\nA pocos metros se encuentra Cala Mitjaneta, una cala diminuta, \u00edntima y con aguas igual de cristalinas. Ideal para quienes buscan a\u00fan m\u00e1s privacidad.<\/p>\n<p><strong>2. Disfrutar de las vistas desde los acantilados<\/strong><br \/>\nLos acantilados que rodean Cala Mitjana ofrecen panor\u00e1micas incre\u00edbles. Tambi\u00e9n puedes encontrar un peque\u00f1o b\u00fanker, abierto la mayor\u00eda del tiempo, desde el que contemplar el paisaje.<\/p>\n<p><strong>3. Saltos al mar<\/strong><br \/>\nHay una zona de rocas perfecta para los m\u00e1s atrevidos. Muchos visitantes saltan desde unos 7 u 8 metros, pero siempre es importante comprobar la profundidad antes de lanzarse.<\/p>\n<p><strong>4. Senderismo hacia otras calas v\u00edrgenes<\/strong><br \/>\nDesde Cala Mitjana puedes continuar por el Cam\u00ed de Cavalls hasta Cala Trebal\u00fager, Cala Fustam o Cala Escorxada. Es una excelente ruta para explorar el litoral m\u00e1s salvaje de Menorca.<\/p>\n<p><img loading=\"lazy\" decoding=\"async\" src=\"https:\/\/www.vibrahotels.com\/blog\/wp-content\/uploads\/2025\/06\/cala_mitjana_actividades_menorca.jpg\" alt=\"guia menorca actividades\" width=\"800\" height=\"533\" class=\"alignnone size-full wp-image-9527\" srcset=\"https:\/\/www.vibrahotels.com\/blog\/wp-content\/uploads\/2025\/06\/cala_mitjana_actividades_menorca.jpg 800w, https:\/\/www.vibrahotels.com\/blog\/wp-content\/uploads\/2025\/06\/cala_mitjana_actividades_menorca-300x200.jpg 300w, https:\/\/www.vibrahotels.com\/blog\/wp-content\/uploads\/2025\/06\/cala_mitjana_actividades_menorca-768x512.jpg 768w\" sizes=\"auto, (max-width: 800px) 100vw, 800px\" \/><\/p>\n<h2>Consejos para tu visita a Cala Mitjana Menorca:<\/h2>\n<p>Llega temprano, especialmente en verano, para evitar aglomeraciones y caminar con menos calor.<br \/>\nLleva agua y comida, ya que no hay servicios cerca. Encontrar\u00e1s una zona de picnic con sombra cerca del acceso.<br \/>\nLa mejor \u00e9poca para visitarla es en mayo o junio, cuando el clima es ideal y hay menos gente.<br \/>\nPrecauci\u00f3n si vas fuera de temporada alta, ya que el servicio de socorristas solo est\u00e1 disponible de mayo a octubre.<\/p>\n<h2>Alojamientos cerca de Cala Mitjana Menorca:<\/h2>\n<p><strong><a href=\"https:\/\/www.vibrahotels.com\/es\/menorca\/ciudadela\/apartamentos-vibra-caleta-playa\">Apartamentos Vibra Caleta Playa<\/a><br \/>\n<a href=\"https:\/\/www.vibrahotels.com\/es\/menorca\/ciudadela\/apartamentos-vibra-blanc-cottage\">Vibra Blanc Cottage<\/a><br \/>\n<a href=\"https:\/\/www.vibrahotels.com\/es\/menorca\/ciudadela\/aparthotel-vibra-blanc-palace\">Aparthotel Vibra Blanc Palace<\/a><\/strong><br \/>\nEstas opciones te ofrecen buena ubicaci\u00f3n, servicios modernos y el ambiente perfecto para descansar tras un d\u00eda de playa, senderismo y naturaleza. Adem\u00e1s podr\u00e1s disfrutar de una gran cantidad de beneficios formando parte del <a href=\"https:\/\/www.vibrahotels.com\/blog\/beneficios-club-vibra-descuentos\/\">club vibra<\/a>.<\/p>\n<p><img loading=\"lazy\" decoding=\"async\" src=\"https:\/\/www.vibrahotels.com\/blog\/wp-content\/uploads\/2025\/06\/hotel_vibra_menorca_cala_mitjana.jpg\" alt=\"hotel vibra en menorca \" width=\"2048\" height=\"1365\" class=\"alignnone size-full wp-image-9524\" srcset=\"https:\/\/www.vibrahotels.com\/blog\/wp-content\/uploads\/2025\/06\/hotel_vibra_menorca_cala_mitjana.jpg 2048w, https:\/\/www.vibrahotels.com\/blog\/wp-content\/uploads\/2025\/06\/hotel_vibra_menorca_cala_mitjana-300x200.jpg 300w, https:\/\/www.vibrahotels.com\/blog\/wp-content\/uploads\/2025\/06\/hotel_vibra_menorca_cala_mitjana-1024x683.jpg 1024w, https:\/\/www.vibrahotels.com\/blog\/wp-content\/uploads\/2025\/06\/hotel_vibra_menorca_cala_mitjana-768x512.jpg 768w, https:\/\/www.vibrahotels.com\/blog\/wp-content\/uploads\/2025\/06\/hotel_vibra_menorca_cala_mitjana-1536x1024.jpg 1536w\" sizes=\"auto, (max-width: 2048px) 100vw, 2048px\" \/><\/p>\n","protected":false},"excerpt":{"rendered":"<p>Los mejores consejos para visitar la playa de Cala Mitjana en Menorca, un para\u00edso secreto que no te puedes perder<\/p>\n","protected":false},"author":1,"featured_media":9530,"comment_status":"closed","ping_status":"open","sticky":false,"template":"","format":"standard","meta":{"footnotes":""},"categories":[1557,1297],"tags":[],"class_list":["post-9521","post","type-post","status-publish","format-standard","has-post-thumbnail","hentry","category-planes-en-menorca","category-travel"],"yoast_head":"<!-- This site is optimized with the Yoast SEO plugin v27.4 - https:\/\/yoast.com\/product\/yoast-seo-wordpress\/ -->\n<title>Cala Mitjana: Un para\u00edso secreto de Menorca que no te puedes perder - Islander by Vibra Hotels<\/title>\n<meta name=\"robots\" content=\"index, follow, max-snippet:-1, max-image-preview:large, max-video-preview:-1\" \/>\n<link rel=\"canonical\" href=\"https:\/\/www.vibrahotels.com\/blog\/playa-cala-mitjana-menorca\/\" \/>\n<meta property=\"og:locale\" content=\"es_ES\" \/>\n<meta property=\"og:type\" content=\"article\" \/>\n<meta property=\"og:title\" content=\"Cala Mitjana: Un para\u00edso secreto de Menorca que no te puedes perder - Islander by Vibra Hotels\" \/>\n<meta property=\"og:description\" content=\"Los mejores consejos para visitar la playa de Cala Mitjana en Menorca, un para\u00edso secreto que no te puedes perder\" \/>\n<meta property=\"og:url\" content=\"https:\/\/www.vibrahotels.com\/blog\/playa-cala-mitjana-menorca\/\" \/>\n<meta property=\"og:site_name\" content=\"Islander by Vibra Hotels\" \/>\n<meta property=\"article:published_time\" content=\"2025-06-06T09:30:59+00:00\" \/>\n<meta property=\"article:modified_time\" content=\"2025-06-10T13:26:21+00:00\" \/>\n<meta property=\"og:image\" content=\"https:\/\/www.vibrahotels.com\/blog\/wp-content\/uploads\/2025\/06\/cala_mitjana_menorca_playa.jpg\" \/>\n\t<meta property=\"og:image:width\" content=\"800\" \/>\n\t<meta property=\"og:image:height\" content=\"533\" \/>\n\t<meta property=\"og:image:type\" content=\"image\/jpeg\" \/>\n<meta name=\"author\" content=\"The Ibiza Blog\" \/>\n<meta name=\"twitter:card\" content=\"summary_large_image\" \/>\n<meta name=\"twitter:label1\" content=\"Escrito por\" \/>\n\t<meta name=\"twitter:data1\" content=\"The Ibiza Blog\" \/>\n\t<meta name=\"twitter:label2\" content=\"Tiempo de lectura\" \/>\n\t<meta name=\"twitter:data2\" content=\"2 minutos\" \/>\n<script type=\"application\/ld+json\" class=\"yoast-schema-graph\">{\"@context\":\"https:\\\/\\\/schema.org\",\"@graph\":[{\"@type\":\"Article\",\"@id\":\"https:\\\/\\\/www.vibrahotels.com\\\/blog\\\/playa-cala-mitjana-menorca\\\/#article\",\"isPartOf\":{\"@id\":\"https:\\\/\\\/www.vibrahotels.com\\\/blog\\\/playa-cala-mitjana-menorca\\\/\"},\"author\":{\"name\":\"The Ibiza Blog\",\"@id\":\"https:\\\/\\\/www.vibrahotels.com\\\/blog\\\/#\\\/schema\\\/person\\\/ad74f13df6e44e7081ef65424f668972\"},\"headline\":\"Cala Mitjana: Un para\u00edso secreto de Menorca que no te puedes perder\",\"datePublished\":\"2025-06-06T09:30:59+00:00\",\"dateModified\":\"2025-06-10T13:26:21+00:00\",\"mainEntityOfPage\":{\"@id\":\"https:\\\/\\\/www.vibrahotels.com\\\/blog\\\/playa-cala-mitjana-menorca\\\/\"},\"wordCount\":452,\"image\":{\"@id\":\"https:\\\/\\\/www.vibrahotels.com\\\/blog\\\/playa-cala-mitjana-menorca\\\/#primaryimage\"},\"thumbnailUrl\":\"https:\\\/\\\/www.vibrahotels.com\\\/blog\\\/wp-content\\\/uploads\\\/2025\\\/06\\\/cala_mitjana_menorca_playa.jpg\",\"articleSection\":[\"Planes en Menorca\",\"Travel\"],\"inLanguage\":\"es\"},{\"@type\":\"WebPage\",\"@id\":\"https:\\\/\\\/www.vibrahotels.com\\\/blog\\\/playa-cala-mitjana-menorca\\\/\",\"url\":\"https:\\\/\\\/www.vibrahotels.com\\\/blog\\\/playa-cala-mitjana-menorca\\\/\",\"name\":\"Cala Mitjana: Un para\u00edso secreto de Menorca que no te puedes perder - Islander by Vibra Hotels\",\"isPartOf\":{\"@id\":\"https:\\\/\\\/www.vibrahotels.com\\\/blog\\\/#website\"},\"primaryImageOfPage\":{\"@id\":\"https:\\\/\\\/www.vibrahotels.com\\\/blog\\\/playa-cala-mitjana-menorca\\\/#primaryimage\"},\"image\":{\"@id\":\"https:\\\/\\\/www.vibrahotels.com\\\/blog\\\/playa-cala-mitjana-menorca\\\/#primaryimage\"},\"thumbnailUrl\":\"https:\\\/\\\/www.vibrahotels.com\\\/blog\\\/wp-content\\\/uploads\\\/2025\\\/06\\\/cala_mitjana_menorca_playa.jpg\",\"datePublished\":\"2025-06-06T09:30:59+00:00\",\"dateModified\":\"2025-06-10T13:26:21+00:00\",\"author\":{\"@id\":\"https:\\\/\\\/www.vibrahotels.com\\\/blog\\\/#\\\/schema\\\/person\\\/ad74f13df6e44e7081ef65424f668972\"},\"breadcrumb\":{\"@id\":\"https:\\\/\\\/www.vibrahotels.com\\\/blog\\\/playa-cala-mitjana-menorca\\\/#breadcrumb\"},\"inLanguage\":\"es\",\"potentialAction\":[{\"@type\":\"ReadAction\",\"target\":[\"https:\\\/\\\/www.vibrahotels.com\\\/blog\\\/playa-cala-mitjana-menorca\\\/\"]}]},{\"@type\":\"ImageObject\",\"inLanguage\":\"es\",\"@id\":\"https:\\\/\\\/www.vibrahotels.com\\\/blog\\\/playa-cala-mitjana-menorca\\\/#primaryimage\",\"url\":\"https:\\\/\\\/www.vibrahotels.com\\\/blog\\\/wp-content\\\/uploads\\\/2025\\\/06\\\/cala_mitjana_menorca_playa.jpg\",\"contentUrl\":\"https:\\\/\\\/www.vibrahotels.com\\\/blog\\\/wp-content\\\/uploads\\\/2025\\\/06\\\/cala_mitjana_menorca_playa.jpg\",\"width\":800,\"height\":533,\"caption\":\"cala mitjana en menorca playa\"},{\"@type\":\"BreadcrumbList\",\"@id\":\"https:\\\/\\\/www.vibrahotels.com\\\/blog\\\/playa-cala-mitjana-menorca\\\/#breadcrumb\",\"itemListElement\":[{\"@type\":\"ListItem\",\"position\":1,\"name\":\"Portada\",\"item\":\"https:\\\/\\\/www.vibrahotels.com\\\/blog\\\/\"},{\"@type\":\"ListItem\",\"position\":2,\"name\":\"Cala Mitjana: Un para\u00edso secreto de Menorca que no te puedes perder\"}]},{\"@type\":\"WebSite\",\"@id\":\"https:\\\/\\\/www.vibrahotels.com\\\/blog\\\/#website\",\"url\":\"https:\\\/\\\/www.vibrahotels.com\\\/blog\\\/\",\"name\":\"Islander by Vibra Hotels\",\"description\":\"\",\"potentialAction\":[{\"@type\":\"SearchAction\",\"target\":{\"@type\":\"EntryPoint\",\"urlTemplate\":\"https:\\\/\\\/www.vibrahotels.com\\\/blog\\\/?s={search_term_string}\"},\"query-input\":{\"@type\":\"PropertyValueSpecification\",\"valueRequired\":true,\"valueName\":\"search_term_string\"}}],\"inLanguage\":\"es\"},{\"@type\":\"Person\",\"@id\":\"https:\\\/\\\/www.vibrahotels.com\\\/blog\\\/#\\\/schema\\\/person\\\/ad74f13df6e44e7081ef65424f668972\",\"name\":\"The Ibiza Blog\",\"image\":{\"@type\":\"ImageObject\",\"inLanguage\":\"es\",\"@id\":\"https:\\\/\\\/secure.gravatar.com\\\/avatar\\\/d172713df318fe4ba11547ee4a70ab1eae0206026db57d7a5920186b9f5ee855?s=96&d=mm&r=g\",\"url\":\"https:\\\/\\\/secure.gravatar.com\\\/avatar\\\/d172713df318fe4ba11547ee4a70ab1eae0206026db57d7a5920186b9f5ee855?s=96&d=mm&r=g\",\"contentUrl\":\"https:\\\/\\\/secure.gravatar.com\\\/avatar\\\/d172713df318fe4ba11547ee4a70ab1eae0206026db57d7a5920186b9f5ee855?s=96&d=mm&r=g\",\"caption\":\"The Ibiza Blog\"},\"url\":\"https:\\\/\\\/www.vibrahotels.com\\\/blog\\\/author\\\/the-ibiza-blog\\\/\"}]}<\/script>\n<!-- \/ Yoast SEO plugin. -->","yoast_head_json":{"title":"Cala Mitjana: Un para\u00edso secreto de Menorca que no te puedes perder - Islander by Vibra Hotels","robots":{"index":"index","follow":"follow","max-snippet":"max-snippet:-1","max-image-preview":"max-image-preview:large","max-video-preview":"max-video-preview:-1"},"canonical":"https:\/\/www.vibrahotels.com\/blog\/playa-cala-mitjana-menorca\/","og_locale":"es_ES","og_type":"article","og_title":"Cala Mitjana: Un para\u00edso secreto de Menorca que no te puedes perder - Islander by Vibra Hotels","og_description":"Los mejores consejos para visitar la playa de Cala Mitjana en Menorca, un para\u00edso secreto que no te puedes perder","og_url":"https:\/\/www.vibrahotels.com\/blog\/playa-cala-mitjana-menorca\/","og_site_name":"Islander by Vibra Hotels","article_published_time":"2025-06-06T09:30:59+00:00","article_modified_time":"2025-06-10T13:26:21+00:00","og_image":[{"width":800,"height":533,"url":"https:\/\/www.vibrahotels.com\/blog\/wp-content\/uploads\/2025\/06\/cala_mitjana_menorca_playa.jpg","type":"image\/jpeg"}],"author":"The Ibiza Blog","twitter_card":"summary_large_image","twitter_misc":{"Escrito por":"The Ibiza Blog","Tiempo de lectura":"2 minutos"},"schema":{"@context":"https:\/\/schema.org","@graph":[{"@type":"Article","@id":"https:\/\/www.vibrahotels.com\/blog\/playa-cala-mitjana-menorca\/#article","isPartOf":{"@id":"https:\/\/www.vibrahotels.com\/blog\/playa-cala-mitjana-menorca\/"},"author":{"name":"The Ibiza Blog","@id":"https:\/\/www.vibrahotels.com\/blog\/#\/schema\/person\/ad74f13df6e44e7081ef65424f668972"},"headline":"Cala Mitjana: Un para\u00edso secreto de Menorca que no te puedes perder","datePublished":"2025-06-06T09:30:59+00:00","dateModified":"2025-06-10T13:26:21+00:00","mainEntityOfPage":{"@id":"https:\/\/www.vibrahotels.com\/blog\/playa-cala-mitjana-menorca\/"},"wordCount":452,"image":{"@id":"https:\/\/www.vibrahotels.com\/blog\/playa-cala-mitjana-menorca\/#primaryimage"},"thumbnailUrl":"https:\/\/www.vibrahotels.com\/blog\/wp-content\/uploads\/2025\/06\/cala_mitjana_menorca_playa.jpg","articleSection":["Planes en Menorca","Travel"],"inLanguage":"es"},{"@type":"WebPage","@id":"https:\/\/www.vibrahotels.com\/blog\/playa-cala-mitjana-menorca\/","url":"https:\/\/www.vibrahotels.com\/blog\/playa-cala-mitjana-menorca\/","name":"Cala Mitjana: Un para\u00edso secreto de Menorca que no te puedes perder - Islander by Vibra Hotels","isPartOf":{"@id":"https:\/\/www.vibrahotels.com\/blog\/#website"},"primaryImageOfPage":{"@id":"https:\/\/www.vibrahotels.com\/blog\/playa-cala-mitjana-menorca\/#primaryimage"},"image":{"@id":"https:\/\/www.vibrahotels.com\/blog\/playa-cala-mitjana-menorca\/#primaryimage"},"thumbnailUrl":"https:\/\/www.vibrahotels.com\/blog\/wp-content\/uploads\/2025\/06\/cala_mitjana_menorca_playa.jpg","datePublished":"2025-06-06T09:30:59+00:00","dateModified":"2025-06-10T13:26:21+00:00","author":{"@id":"https:\/\/www.vibrahotels.com\/blog\/#\/schema\/person\/ad74f13df6e44e7081ef65424f668972"},"breadcrumb":{"@id":"https:\/\/www.vibrahotels.com\/blog\/playa-cala-mitjana-menorca\/#breadcrumb"},"inLanguage":"es","potentialAction":[{"@type":"ReadAction","target":["https:\/\/www.vibrahotels.com\/blog\/playa-cala-mitjana-menorca\/"]}]},{"@type":"ImageObject","inLanguage":"es","@id":"https:\/\/www.vibrahotels.com\/blog\/playa-cala-mitjana-menorca\/#primaryimage","url":"https:\/\/www.vibrahotels.com\/blog\/wp-content\/uploads\/2025\/06\/cala_mitjana_menorca_playa.jpg","contentUrl":"https:\/\/www.vibrahotels.com\/blog\/wp-content\/uploads\/2025\/06\/cala_mitjana_menorca_playa.jpg","width":800,"height":533,"caption":"cala mitjana en menorca playa"},{"@type":"BreadcrumbList","@id":"https:\/\/www.vibrahotels.com\/blog\/playa-cala-mitjana-menorca\/#breadcrumb","itemListElement":[{"@type":"ListItem","position":1,"name":"Portada","item":"https:\/\/www.vibrahotels.com\/blog\/"},{"@type":"ListItem","position":2,"name":"Cala Mitjana: Un para\u00edso secreto de Menorca que no te puedes perder"}]},{"@type":"WebSite","@id":"https:\/\/www.vibrahotels.com\/blog\/#website","url":"https:\/\/www.vibrahotels.com\/blog\/","name":"Islander by Vibra Hotels","description":"","potentialAction":[{"@type":"SearchAction","target":{"@type":"EntryPoint","urlTemplate":"https:\/\/www.vibrahotels.com\/blog\/?s={search_term_string}"},"query-input":{"@type":"PropertyValueSpecification","valueRequired":true,"valueName":"search_term_string"}}],"inLanguage":"es"},{"@type":"Person","@id":"https:\/\/www.vibrahotels.com\/blog\/#\/schema\/person\/ad74f13df6e44e7081ef65424f668972","name":"The Ibiza Blog","image":{"@type":"ImageObject","inLanguage":"es","@id":"https:\/\/secure.gravatar.com\/avatar\/d172713df318fe4ba11547ee4a70ab1eae0206026db57d7a5920186b9f5ee855?s=96&d=mm&r=g","url":"https:\/\/secure.gravatar.com\/avatar\/d172713df318fe4ba11547ee4a70ab1eae0206026db57d7a5920186b9f5ee855?s=96&d=mm&r=g","contentUrl":"https:\/\/secure.gravatar.com\/avatar\/d172713df318fe4ba11547ee4a70ab1eae0206026db57d7a5920186b9f5ee855?s=96&d=mm&r=g","caption":"The Ibiza Blog"},"url":"https:\/\/www.vibrahotels.com\/blog\/author\/the-ibiza-blog\/"}]}},"_links":{"self":[{"href":"https:\/\/www.vibrahotels.com\/blog\/wp-json\/wp\/v2\/posts\/9521","targetHints":{"allow":["GET"]}}],"collection":[{"href":"https:\/\/www.vibrahotels.com\/blog\/wp-json\/wp\/v2\/posts"}],"about":[{"href":"https:\/\/www.vibrahotels.com\/blog\/wp-json\/wp\/v2\/types\/post"}],"author":[{"embeddable":true,"href":"https:\/\/www.vibrahotels.com\/blog\/wp-json\/wp\/v2\/users\/1"}],"replies":[{"embeddable":true,"href":"https:\/\/www.vibrahotels.com\/blog\/wp-json\/wp\/v2\/comments?post=9521"}],"version-history":[{"count":6,"href":"https:\/\/www.vibrahotels.com\/blog\/wp-json\/wp\/v2\/posts\/9521\/revisions"}],"predecessor-version":[{"id":9566,"href":"https:\/\/www.vibrahotels.com\/blog\/wp-json\/wp\/v2\/posts\/9521\/revisions\/9566"}],"wp:featuredmedia":[{"embeddable":true,"href":"https:\/\/www.vibrahotels.com\/blog\/wp-json\/wp\/v2\/media\/9530"}],"wp:attachment":[{"href":"https:\/\/www.vibrahotels.com\/blog\/wp-json\/wp\/v2\/media?parent=9521"}],"wp:term":[{"taxonomy":"category","embeddable":true,"href":"https:\/\/www.vibrahotels.com\/blog\/wp-json\/wp\/v2\/categories?post=9521"},{"taxonomy":"post_tag","embeddable":true,"href":"https:\/\/www.vibrahotels.com\/blog\/wp-json\/wp\/v2\/tags?post=9521"}],"curies":[{"name":"wp","href":"https:\/\/api.w.org\/{rel}","templated":true}]}}