{"id":9493,"date":"2025-05-30T11:30:33","date_gmt":"2025-05-30T09:30:33","guid":{"rendered":"https:\/\/www.vibrahotels.com\/blog\/?p=9493"},"modified":"2025-07-22T15:38:54","modified_gmt":"2025-07-22T13:38:54","slug":"playa-cala-dhort-ibiza","status":"publish","type":"post","link":"https:\/\/www.vibrahotels.com\/blog\/playa-cala-dhort-ibiza\/","title":{"rendered":"Playa de Cala d\u2019Hort: Un para\u00edso en Ibiza que no te puedes perder"},"content":{"rendered":"<p>Descubre la playa de Cala d\u2019Hort, una joya natural del suroeste de Ibiza, entre las <a href=\"https:\/\/www.vibrahotels.com\/blog\/las-5-mejores-playas-y-calas-de-ibiza\/\">muchas maravillas que ofrece la isla blanca<\/a>, la playa de Cala d\u2019Hort se posiciona como uno de los destinos m\u00e1s emblem\u00e1ticos y encantadores de Ibiza.<br \/>\nUbicada dentro del Parque Natural de Cala d\u2019Hort, Cap Llentrisca y Sa Talaia, esta playa combina naturaleza salvaje, vistas espectaculares y aguas cristalinas que invitan a la desconexi\u00f3n total.<\/p>\n<h2>\u00bfPor qu\u00e9 visitar la playa de Cala d\u2019Hort?<\/h2>\n<p>Lo que hace \u00fanica a la playa de Cala d\u2019Hort no es solo su belleza natural, sino tambi\u00e9n su entorno m\u00e1gico. Frente a su costa emergen los m\u00edticos islotes de Es Vedr\u00e0 y Es Vedranell, cuya energ\u00eda ha alimentado leyendas durante siglos.<br \/>\nMuchos visitantes aseguran sentir una conexi\u00f3n especial con el entorno desde el primer momento.<br \/>\nVer la puesta de sol desde esta playa, con Es Vedr\u00e0 recort\u00e1ndose en el horizonte, es una experiencia que ning\u00fan amante de Ibiza deber\u00eda perderse. Eso s\u00ed, en temporada alta es recomendable llegar temprano para encontrar aparcamiento y un buen lugar en la arena.<\/p>\n<p><img loading=\"lazy\" decoding=\"async\" src=\"https:\/\/www.vibrahotels.com\/blog\/wp-content\/uploads\/2025\/05\/playa_cala_dhort_ibiza.jpg\" alt=\"playa de cala d&#039;hort en ibiza\" width=\"800\" height=\"576\" class=\"alignnone size-full wp-image-9507\" srcset=\"https:\/\/www.vibrahotels.com\/blog\/wp-content\/uploads\/2025\/05\/playa_cala_dhort_ibiza.jpg 800w, https:\/\/www.vibrahotels.com\/blog\/wp-content\/uploads\/2025\/05\/playa_cala_dhort_ibiza-300x216.jpg 300w, https:\/\/www.vibrahotels.com\/blog\/wp-content\/uploads\/2025\/05\/playa_cala_dhort_ibiza-768x553.jpg 768w\" sizes=\"auto, (max-width: 800px) 100vw, 800px\" \/><\/p>\n<h2><a href=\"https:\/\/www.vibrahotels.com\/blog\/gastronomia-ibicenca\/\">Gastronom\u00eda<\/a> local frente a Es Vedr\u00e0<\/h2>\n<p>Una visita a la playa de Cala d\u2019Hort no estar\u00eda completa sin probar los sabores locales.<br \/>\nRestaurantes como <a href=\"https:\/\/elcarmencaladhort.com\/es-es\/\">El Carmen<\/a>, ubicado frente al mar, ofrecen deliciosos arroces y pescados frescos, acompa\u00f1ados de unas vistas inigualables al m\u00e1gico islote de Es Vedr\u00e0.<br \/>\nEs el plan perfecto: comer bien y relajarse mientras el sol se oculta en uno de los paisajes m\u00e1s fotografiados de Ibiza.<\/p>\n<p><img loading=\"lazy\" decoding=\"async\" src=\"https:\/\/www.vibrahotels.com\/blog\/wp-content\/uploads\/2025\/05\/restaurante_el_carmen_ibiza.jpg\" alt=\"restaurante el carmen en playa cala d&#039;hort\" width=\"800\" height=\"576\" class=\"alignnone size-full wp-image-9504\" srcset=\"https:\/\/www.vibrahotels.com\/blog\/wp-content\/uploads\/2025\/05\/restaurante_el_carmen_ibiza.jpg 800w, https:\/\/www.vibrahotels.com\/blog\/wp-content\/uploads\/2025\/05\/restaurante_el_carmen_ibiza-300x216.jpg 300w, https:\/\/www.vibrahotels.com\/blog\/wp-content\/uploads\/2025\/05\/restaurante_el_carmen_ibiza-768x553.jpg 768w\" sizes=\"auto, (max-width: 800px) 100vw, 800px\" \/><\/p>\n<h2>C\u00f3mo llegar a la playa de Cala d\u2019Hort<\/h2>\n<p>La playa de Cala d\u2019Hort se encuentra a unos 20 minutos en coche desde el pueblo de Sant Josep de sa Talaia. El acceso es sencillo, pero el aparcamiento puede ser limitado en verano, por lo que conviene madrugar. Adem\u00e1s, hay un mirador cercano que ofrece una vista panor\u00e1mica impresionante, ideal para quienes quieren llevarse la mejor postal del viaje.<\/p>\n<h2><a href=\"https:\/\/www.vibrahotels.com\/blog\/donde-alojarse-en-ibiza\/\">Alojamientos<\/a> cerca de la playa de Cala d\u2019Hort<\/h2>\n<p>Si deseas alojarte cerca de este enclave \u00fanico, <a href=\"https:\/\/www.vibrahotels.com\/es?utm_medium=cpc&#038;utm_source=google&#038;utm_campaign=sem-prospecting&#038;utm_content=destino_ibiza&#038;utm_term=es&#038;gad_source=1&#038;gad_campaignid=1628893347&#038;gclid=EAIaIQobChMI37j5iZfIjQMVY6CDBx0A2gNbEAAYASAAEgJhdPD_BwE\">Vibra Hotels<\/a> ofrece opciones perfectas. Por ejemplo, el <a href=\"https:\/\/www.vibrahotels.com\/es\/ibiza\/cala-tarida\/hotel-vibra-cala-tarida\">hotel Vibra Cala Tarida<\/a> se encuentra a tan solo 15 minutos de la playa de Cala d\u2019Hort. Un hotel con encanto, rodeado de zonas verdes y piscinas, donde puedes disfrutar de todas las comodidades mientras te conectas con la energ\u00eda \u00fanica de Es Vedr\u00e0.<\/p>\n<p><img loading=\"lazy\" decoding=\"async\" src=\"https:\/\/www.vibrahotels.com\/blog\/wp-content\/uploads\/2025\/05\/vibra_cala_tarida_ibiza-2.jpg\" alt=\"hotel vibra cala tarida\" width=\"950\" height=\"720\" class=\"alignnone size-full wp-image-9498\" srcset=\"https:\/\/www.vibrahotels.com\/blog\/wp-content\/uploads\/2025\/05\/vibra_cala_tarida_ibiza-2.jpg 950w, https:\/\/www.vibrahotels.com\/blog\/wp-content\/uploads\/2025\/05\/vibra_cala_tarida_ibiza-2-300x227.jpg 300w, https:\/\/www.vibrahotels.com\/blog\/wp-content\/uploads\/2025\/05\/vibra_cala_tarida_ibiza-2-768x582.jpg 768w\" sizes=\"auto, (max-width: 950px) 100vw, 950px\" \/><\/p>\n<p>Cala d\u2019Hort, la playa que lo tiene todo, de todas las playas de Ibiza, la playa de Cala d\u2019Hort destaca por su entorno natural protegido, sus vistas a Es Vedr\u00e0, su ambiente relajado y sus buenas infraestructuras.<br \/>\nYa sea tu primera visita a la isla o seas un habitual de sus costas, Cala d\u2019Hort siempre tiene algo nuevo que ofrecerte.<\/p>\n","protected":false},"excerpt":{"rendered":"<p>Descubre la playa de Cala d&#8217;Hort, un para\u00edso en Ibiza que no te puedes perder <\/p>\n","protected":false},"author":1,"featured_media":9507,"comment_status":"closed","ping_status":"open","sticky":false,"template":"","format":"standard","meta":{"footnotes":""},"categories":[1311,1297],"tags":[],"class_list":["post-9493","post","type-post","status-publish","format-standard","has-post-thumbnail","hentry","category-planes-en-ibiza","category-travel"],"yoast_head":"<!-- This site is optimized with the Yoast SEO plugin v27.4 - https:\/\/yoast.com\/product\/yoast-seo-wordpress\/ -->\n<title>Playa de Cala d\u2019Hort: Un para\u00edso en Ibiza que no te puedes perder - Islander by Vibra Hotels<\/title>\n<meta name=\"robots\" content=\"index, follow, max-snippet:-1, max-image-preview:large, max-video-preview:-1\" \/>\n<link rel=\"canonical\" href=\"https:\/\/www.vibrahotels.com\/blog\/playa-cala-dhort-ibiza\/\" \/>\n<meta property=\"og:locale\" content=\"es_ES\" \/>\n<meta property=\"og:type\" content=\"article\" \/>\n<meta property=\"og:title\" content=\"Playa de Cala d\u2019Hort: Un para\u00edso en Ibiza que no te puedes perder - Islander by Vibra Hotels\" \/>\n<meta property=\"og:description\" content=\"Descubre la playa de Cala d&#039;Hort, un para\u00edso en Ibiza que no te puedes perder\" \/>\n<meta property=\"og:url\" content=\"https:\/\/www.vibrahotels.com\/blog\/playa-cala-dhort-ibiza\/\" \/>\n<meta property=\"og:site_name\" content=\"Islander by Vibra Hotels\" \/>\n<meta property=\"article:published_time\" content=\"2025-05-30T09:30:33+00:00\" \/>\n<meta property=\"article:modified_time\" content=\"2025-07-22T13:38:54+00:00\" \/>\n<meta property=\"og:image\" content=\"https:\/\/www.vibrahotels.com\/blog\/wp-content\/uploads\/2025\/05\/playa_cala_dhort_ibiza.jpg\" \/>\n\t<meta property=\"og:image:width\" content=\"800\" \/>\n\t<meta property=\"og:image:height\" content=\"576\" \/>\n\t<meta property=\"og:image:type\" content=\"image\/jpeg\" \/>\n<meta name=\"author\" content=\"The Ibiza Blog\" \/>\n<meta name=\"twitter:card\" content=\"summary_large_image\" \/>\n<meta name=\"twitter:label1\" content=\"Escrito por\" \/>\n\t<meta name=\"twitter:data1\" content=\"The Ibiza Blog\" \/>\n\t<meta name=\"twitter:label2\" content=\"Tiempo de lectura\" \/>\n\t<meta name=\"twitter:data2\" content=\"2 minutos\" \/>\n<script type=\"application\/ld+json\" class=\"yoast-schema-graph\">{\"@context\":\"https:\\\/\\\/schema.org\",\"@graph\":[{\"@type\":\"Article\",\"@id\":\"https:\\\/\\\/www.vibrahotels.com\\\/blog\\\/playa-cala-dhort-ibiza\\\/#article\",\"isPartOf\":{\"@id\":\"https:\\\/\\\/www.vibrahotels.com\\\/blog\\\/playa-cala-dhort-ibiza\\\/\"},\"author\":{\"name\":\"The Ibiza Blog\",\"@id\":\"https:\\\/\\\/www.vibrahotels.com\\\/blog\\\/#\\\/schema\\\/person\\\/ad74f13df6e44e7081ef65424f668972\"},\"headline\":\"Playa de Cala d\u2019Hort: Un para\u00edso en Ibiza que no te puedes perder\",\"datePublished\":\"2025-05-30T09:30:33+00:00\",\"dateModified\":\"2025-07-22T13:38:54+00:00\",\"mainEntityOfPage\":{\"@id\":\"https:\\\/\\\/www.vibrahotels.com\\\/blog\\\/playa-cala-dhort-ibiza\\\/\"},\"wordCount\":488,\"image\":{\"@id\":\"https:\\\/\\\/www.vibrahotels.com\\\/blog\\\/playa-cala-dhort-ibiza\\\/#primaryimage\"},\"thumbnailUrl\":\"https:\\\/\\\/www.vibrahotels.com\\\/blog\\\/wp-content\\\/uploads\\\/2025\\\/05\\\/playa_cala_dhort_ibiza.jpg\",\"articleSection\":[\"Planes en Ibiza\",\"Travel\"],\"inLanguage\":\"es\"},{\"@type\":\"WebPage\",\"@id\":\"https:\\\/\\\/www.vibrahotels.com\\\/blog\\\/playa-cala-dhort-ibiza\\\/\",\"url\":\"https:\\\/\\\/www.vibrahotels.com\\\/blog\\\/playa-cala-dhort-ibiza\\\/\",\"name\":\"Playa de Cala d\u2019Hort: Un para\u00edso en Ibiza que no te puedes perder - Islander by Vibra Hotels\",\"isPartOf\":{\"@id\":\"https:\\\/\\\/www.vibrahotels.com\\\/blog\\\/#website\"},\"primaryImageOfPage\":{\"@id\":\"https:\\\/\\\/www.vibrahotels.com\\\/blog\\\/playa-cala-dhort-ibiza\\\/#primaryimage\"},\"image\":{\"@id\":\"https:\\\/\\\/www.vibrahotels.com\\\/blog\\\/playa-cala-dhort-ibiza\\\/#primaryimage\"},\"thumbnailUrl\":\"https:\\\/\\\/www.vibrahotels.com\\\/blog\\\/wp-content\\\/uploads\\\/2025\\\/05\\\/playa_cala_dhort_ibiza.jpg\",\"datePublished\":\"2025-05-30T09:30:33+00:00\",\"dateModified\":\"2025-07-22T13:38:54+00:00\",\"author\":{\"@id\":\"https:\\\/\\\/www.vibrahotels.com\\\/blog\\\/#\\\/schema\\\/person\\\/ad74f13df6e44e7081ef65424f668972\"},\"breadcrumb\":{\"@id\":\"https:\\\/\\\/www.vibrahotels.com\\\/blog\\\/playa-cala-dhort-ibiza\\\/#breadcrumb\"},\"inLanguage\":\"es\",\"potentialAction\":[{\"@type\":\"ReadAction\",\"target\":[\"https:\\\/\\\/www.vibrahotels.com\\\/blog\\\/playa-cala-dhort-ibiza\\\/\"]}]},{\"@type\":\"ImageObject\",\"inLanguage\":\"es\",\"@id\":\"https:\\\/\\\/www.vibrahotels.com\\\/blog\\\/playa-cala-dhort-ibiza\\\/#primaryimage\",\"url\":\"https:\\\/\\\/www.vibrahotels.com\\\/blog\\\/wp-content\\\/uploads\\\/2025\\\/05\\\/playa_cala_dhort_ibiza.jpg\",\"contentUrl\":\"https:\\\/\\\/www.vibrahotels.com\\\/blog\\\/wp-content\\\/uploads\\\/2025\\\/05\\\/playa_cala_dhort_ibiza.jpg\",\"width\":800,\"height\":576,\"caption\":\"playa de cala d'hort en ibiza\"},{\"@type\":\"BreadcrumbList\",\"@id\":\"https:\\\/\\\/www.vibrahotels.com\\\/blog\\\/playa-cala-dhort-ibiza\\\/#breadcrumb\",\"itemListElement\":[{\"@type\":\"ListItem\",\"position\":1,\"name\":\"Portada\",\"item\":\"https:\\\/\\\/www.vibrahotels.com\\\/blog\\\/\"},{\"@type\":\"ListItem\",\"position\":2,\"name\":\"Playa de Cala d\u2019Hort: Un para\u00edso en Ibiza que no te puedes perder\"}]},{\"@type\":\"WebSite\",\"@id\":\"https:\\\/\\\/www.vibrahotels.com\\\/blog\\\/#website\",\"url\":\"https:\\\/\\\/www.vibrahotels.com\\\/blog\\\/\",\"name\":\"Islander by Vibra Hotels\",\"description\":\"\",\"potentialAction\":[{\"@type\":\"SearchAction\",\"target\":{\"@type\":\"EntryPoint\",\"urlTemplate\":\"https:\\\/\\\/www.vibrahotels.com\\\/blog\\\/?s={search_term_string}\"},\"query-input\":{\"@type\":\"PropertyValueSpecification\",\"valueRequired\":true,\"valueName\":\"search_term_string\"}}],\"inLanguage\":\"es\"},{\"@type\":\"Person\",\"@id\":\"https:\\\/\\\/www.vibrahotels.com\\\/blog\\\/#\\\/schema\\\/person\\\/ad74f13df6e44e7081ef65424f668972\",\"name\":\"The Ibiza Blog\",\"image\":{\"@type\":\"ImageObject\",\"inLanguage\":\"es\",\"@id\":\"https:\\\/\\\/secure.gravatar.com\\\/avatar\\\/d172713df318fe4ba11547ee4a70ab1eae0206026db57d7a5920186b9f5ee855?s=96&d=mm&r=g\",\"url\":\"https:\\\/\\\/secure.gravatar.com\\\/avatar\\\/d172713df318fe4ba11547ee4a70ab1eae0206026db57d7a5920186b9f5ee855?s=96&d=mm&r=g\",\"contentUrl\":\"https:\\\/\\\/secure.gravatar.com\\\/avatar\\\/d172713df318fe4ba11547ee4a70ab1eae0206026db57d7a5920186b9f5ee855?s=96&d=mm&r=g\",\"caption\":\"The Ibiza Blog\"},\"url\":\"https:\\\/\\\/www.vibrahotels.com\\\/blog\\\/author\\\/the-ibiza-blog\\\/\"}]}<\/script>\n<!-- \/ Yoast SEO plugin. -->","yoast_head_json":{"title":"Playa de Cala d\u2019Hort: Un para\u00edso en Ibiza que no te puedes perder - Islander by Vibra Hotels","robots":{"index":"index","follow":"follow","max-snippet":"max-snippet:-1","max-image-preview":"max-image-preview:large","max-video-preview":"max-video-preview:-1"},"canonical":"https:\/\/www.vibrahotels.com\/blog\/playa-cala-dhort-ibiza\/","og_locale":"es_ES","og_type":"article","og_title":"Playa de Cala d\u2019Hort: Un para\u00edso en Ibiza que no te puedes perder - Islander by Vibra Hotels","og_description":"Descubre la playa de Cala d'Hort, un para\u00edso en Ibiza que no te puedes perder","og_url":"https:\/\/www.vibrahotels.com\/blog\/playa-cala-dhort-ibiza\/","og_site_name":"Islander by Vibra Hotels","article_published_time":"2025-05-30T09:30:33+00:00","article_modified_time":"2025-07-22T13:38:54+00:00","og_image":[{"width":800,"height":576,"url":"https:\/\/www.vibrahotels.com\/blog\/wp-content\/uploads\/2025\/05\/playa_cala_dhort_ibiza.jpg","type":"image\/jpeg"}],"author":"The Ibiza Blog","twitter_card":"summary_large_image","twitter_misc":{"Escrito por":"The Ibiza Blog","Tiempo de lectura":"2 minutos"},"schema":{"@context":"https:\/\/schema.org","@graph":[{"@type":"Article","@id":"https:\/\/www.vibrahotels.com\/blog\/playa-cala-dhort-ibiza\/#article","isPartOf":{"@id":"https:\/\/www.vibrahotels.com\/blog\/playa-cala-dhort-ibiza\/"},"author":{"name":"The Ibiza Blog","@id":"https:\/\/www.vibrahotels.com\/blog\/#\/schema\/person\/ad74f13df6e44e7081ef65424f668972"},"headline":"Playa de Cala d\u2019Hort: Un para\u00edso en Ibiza que no te puedes perder","datePublished":"2025-05-30T09:30:33+00:00","dateModified":"2025-07-22T13:38:54+00:00","mainEntityOfPage":{"@id":"https:\/\/www.vibrahotels.com\/blog\/playa-cala-dhort-ibiza\/"},"wordCount":488,"image":{"@id":"https:\/\/www.vibrahotels.com\/blog\/playa-cala-dhort-ibiza\/#primaryimage"},"thumbnailUrl":"https:\/\/www.vibrahotels.com\/blog\/wp-content\/uploads\/2025\/05\/playa_cala_dhort_ibiza.jpg","articleSection":["Planes en Ibiza","Travel"],"inLanguage":"es"},{"@type":"WebPage","@id":"https:\/\/www.vibrahotels.com\/blog\/playa-cala-dhort-ibiza\/","url":"https:\/\/www.vibrahotels.com\/blog\/playa-cala-dhort-ibiza\/","name":"Playa de Cala d\u2019Hort: Un para\u00edso en Ibiza que no te puedes perder - Islander by Vibra Hotels","isPartOf":{"@id":"https:\/\/www.vibrahotels.com\/blog\/#website"},"primaryImageOfPage":{"@id":"https:\/\/www.vibrahotels.com\/blog\/playa-cala-dhort-ibiza\/#primaryimage"},"image":{"@id":"https:\/\/www.vibrahotels.com\/blog\/playa-cala-dhort-ibiza\/#primaryimage"},"thumbnailUrl":"https:\/\/www.vibrahotels.com\/blog\/wp-content\/uploads\/2025\/05\/playa_cala_dhort_ibiza.jpg","datePublished":"2025-05-30T09:30:33+00:00","dateModified":"2025-07-22T13:38:54+00:00","author":{"@id":"https:\/\/www.vibrahotels.com\/blog\/#\/schema\/person\/ad74f13df6e44e7081ef65424f668972"},"breadcrumb":{"@id":"https:\/\/www.vibrahotels.com\/blog\/playa-cala-dhort-ibiza\/#breadcrumb"},"inLanguage":"es","potentialAction":[{"@type":"ReadAction","target":["https:\/\/www.vibrahotels.com\/blog\/playa-cala-dhort-ibiza\/"]}]},{"@type":"ImageObject","inLanguage":"es","@id":"https:\/\/www.vibrahotels.com\/blog\/playa-cala-dhort-ibiza\/#primaryimage","url":"https:\/\/www.vibrahotels.com\/blog\/wp-content\/uploads\/2025\/05\/playa_cala_dhort_ibiza.jpg","contentUrl":"https:\/\/www.vibrahotels.com\/blog\/wp-content\/uploads\/2025\/05\/playa_cala_dhort_ibiza.jpg","width":800,"height":576,"caption":"playa de cala d'hort en ibiza"},{"@type":"BreadcrumbList","@id":"https:\/\/www.vibrahotels.com\/blog\/playa-cala-dhort-ibiza\/#breadcrumb","itemListElement":[{"@type":"ListItem","position":1,"name":"Portada","item":"https:\/\/www.vibrahotels.com\/blog\/"},{"@type":"ListItem","position":2,"name":"Playa de Cala d\u2019Hort: Un para\u00edso en Ibiza que no te puedes perder"}]},{"@type":"WebSite","@id":"https:\/\/www.vibrahotels.com\/blog\/#website","url":"https:\/\/www.vibrahotels.com\/blog\/","name":"Islander by Vibra Hotels","description":"","potentialAction":[{"@type":"SearchAction","target":{"@type":"EntryPoint","urlTemplate":"https:\/\/www.vibrahotels.com\/blog\/?s={search_term_string}"},"query-input":{"@type":"PropertyValueSpecification","valueRequired":true,"valueName":"search_term_string"}}],"inLanguage":"es"},{"@type":"Person","@id":"https:\/\/www.vibrahotels.com\/blog\/#\/schema\/person\/ad74f13df6e44e7081ef65424f668972","name":"The Ibiza Blog","image":{"@type":"ImageObject","inLanguage":"es","@id":"https:\/\/secure.gravatar.com\/avatar\/d172713df318fe4ba11547ee4a70ab1eae0206026db57d7a5920186b9f5ee855?s=96&d=mm&r=g","url":"https:\/\/secure.gravatar.com\/avatar\/d172713df318fe4ba11547ee4a70ab1eae0206026db57d7a5920186b9f5ee855?s=96&d=mm&r=g","contentUrl":"https:\/\/secure.gravatar.com\/avatar\/d172713df318fe4ba11547ee4a70ab1eae0206026db57d7a5920186b9f5ee855?s=96&d=mm&r=g","caption":"The Ibiza Blog"},"url":"https:\/\/www.vibrahotels.com\/blog\/author\/the-ibiza-blog\/"}]}},"_links":{"self":[{"href":"https:\/\/www.vibrahotels.com\/blog\/wp-json\/wp\/v2\/posts\/9493","targetHints":{"allow":["GET"]}}],"collection":[{"href":"https:\/\/www.vibrahotels.com\/blog\/wp-json\/wp\/v2\/posts"}],"about":[{"href":"https:\/\/www.vibrahotels.com\/blog\/wp-json\/wp\/v2\/types\/post"}],"author":[{"embeddable":true,"href":"https:\/\/www.vibrahotels.com\/blog\/wp-json\/wp\/v2\/users\/1"}],"replies":[{"embeddable":true,"href":"https:\/\/www.vibrahotels.com\/blog\/wp-json\/wp\/v2\/comments?post=9493"}],"version-history":[{"count":8,"href":"https:\/\/www.vibrahotels.com\/blog\/wp-json\/wp\/v2\/posts\/9493\/revisions"}],"predecessor-version":[{"id":9711,"href":"https:\/\/www.vibrahotels.com\/blog\/wp-json\/wp\/v2\/posts\/9493\/revisions\/9711"}],"wp:featuredmedia":[{"embeddable":true,"href":"https:\/\/www.vibrahotels.com\/blog\/wp-json\/wp\/v2\/media\/9507"}],"wp:attachment":[{"href":"https:\/\/www.vibrahotels.com\/blog\/wp-json\/wp\/v2\/media?parent=9493"}],"wp:term":[{"taxonomy":"category","embeddable":true,"href":"https:\/\/www.vibrahotels.com\/blog\/wp-json\/wp\/v2\/categories?post=9493"},{"taxonomy":"post_tag","embeddable":true,"href":"https:\/\/www.vibrahotels.com\/blog\/wp-json\/wp\/v2\/tags?post=9493"}],"curies":[{"name":"wp","href":"https:\/\/api.w.org\/{rel}","templated":true}]}}