{"id":7845,"date":"2025-03-21T09:00:20","date_gmt":"2025-03-21T08:00:20","guid":{"rendered":"https:\/\/www.vibrahotels.com\/blog\/?p=7845"},"modified":"2025-03-27T11:22:15","modified_gmt":"2025-03-27T10:22:15","slug":"descubriendo-calas-secretas-en-menorca-un-paraiso-escondido","status":"publish","type":"post","link":"https:\/\/www.vibrahotels.com\/blog\/descubriendo-calas-secretas-en-menorca-un-paraiso-escondido\/","title":{"rendered":"Descubre las mejores calas de Menorca secretas, un para\u00edso escondido"},"content":{"rendered":"<p>\u201cIsla de los peque\u00f1os placeres\u201d, \u201cisla de la calma\u201d, \u201cpara\u00edso en el mediterr\u00e1neo\u201d. As\u00ed es como describen los amantes de <strong> Menorca<\/strong> a una de las islas m\u00e1s v\u00edrgenes de las<strong> Baleares<\/strong>. Si todav\u00eda podido visitar el mediterr\u00e1neo, querr\u00e1s hacerlo despu\u00e9s de conocer las espectaculares<strong> calas de Menorca secretas. <\/strong><\/p>\n<p><strong>La isla de Menorca<\/strong> tiene grandes playas famosas por sus aguas turquesas y arena blanca, convirti\u00e9ndose en un para\u00edso natural del mediterr\u00e1neo. Pero, a pesar de todas esas calas tan famosas, la isla tiene enormes tesoros que, si tienes la oportunidad, no puedes dejar pasar en tu viaje. Hacemos un repaso por las mejores calas de Menorca secretas que te llevar\u00e1n a descubrir un para\u00edso escondido.  <\/p>\n<h2><strong>Cala Pilar, secretos norte de la isla<\/strong><\/h2>\n<p>En medio de la Reserva Marina Integral del <strong>Norte de Menorca<\/strong> se encuentra esta cala solitaria, enmarcada por un paisaje de acantilados arcillosos y un espectacular dunar. \u00bfC\u00f3mo llegar a ella? El acceso en coche no est\u00e1 permitido, por lo que tendr\u00e1s que llegar a la cala a pie. Podr\u00e1s dejar el veh\u00edculo a unos 2 km de la playa. Adem\u00e1s, es recomendable comprobar el clima para ese d\u00eda en la cala, ya que debido a tramontana puede haber oleaje y favorecer la presencia de medusas. Sin duda, una de las calas de Menorca secretas que m\u00e1s merece la pena de visitar. <\/p>\n<p><img loading=\"lazy\" decoding=\"async\" src=\"https:\/\/www.vibrahotels.com\/blog\/wp-content\/uploads\/2024\/10\/shutterstock_150939656.jpg\" alt=\"Descubre las mejores calas de Menorca secretas, un para\u00edso escondido\" width=\"1000\" height=\"667\" class=\"alignnone size-full wp-image-7849\" srcset=\"https:\/\/www.vibrahotels.com\/blog\/wp-content\/uploads\/2024\/10\/shutterstock_150939656.jpg 1000w, https:\/\/www.vibrahotels.com\/blog\/wp-content\/uploads\/2024\/10\/shutterstock_150939656-300x200.jpg 300w, https:\/\/www.vibrahotels.com\/blog\/wp-content\/uploads\/2024\/10\/shutterstock_150939656-768x512.jpg 768w\" sizes=\"auto, (max-width: 1000px) 100vw, 1000px\" \/><\/p>\n<h2><strong>Cala Calderer<\/strong><\/h2>\n<p>En el municipio<strong> Es Mercadal<\/strong>, al norte de la isla, encontramos esta peque\u00f1a playa virgen rodeada de naturaleza. Es una de las calas de Menorca m\u00e1s aisladas de la civilizaci\u00f3n, por lo que no dispone de ning\u00fan tipo de servicio. Tiene unos 90 metros de largo y 80 de ancho. \u00bfC\u00f3mo llegar? El camino para acceder a la cala no es nada f\u00e1cil, deber\u00e1s acudir en coche hasta Els Alocs, en Ferreires. Una vez all\u00ed, debes seguir a pie siguiendo el sendero de Cam\u00ed de Cavalls. El camino es de dificultad alta ya que est\u00e1 empinado, se recomienda un buen calzado de monta\u00f1a. Tambi\u00e9n aconsejamos tener el clima presente, pues muchas veces hay fuerte oleaje. <\/p>\n<p><img loading=\"lazy\" decoding=\"async\" src=\"https:\/\/www.vibrahotels.com\/blog\/wp-content\/uploads\/2024\/10\/shutterstock_1394847434.jpg\" alt=\"Descubre las mejores calas de Menorca secretas, un para\u00edso escondido\" width=\"1000\" height=\"562\" class=\"alignnone size-full wp-image-7851\" srcset=\"https:\/\/www.vibrahotels.com\/blog\/wp-content\/uploads\/2024\/10\/shutterstock_1394847434.jpg 1000w, https:\/\/www.vibrahotels.com\/blog\/wp-content\/uploads\/2024\/10\/shutterstock_1394847434-300x169.jpg 300w, https:\/\/www.vibrahotels.com\/blog\/wp-content\/uploads\/2024\/10\/shutterstock_1394847434-768x432.jpg 768w\" sizes=\"auto, (max-width: 1000px) 100vw, 1000px\" \/><\/p>\n<h2><strong>Cala Sa Torreta, en Albufera ses Grau <\/strong><\/h2>\n<p>Cala r\u00fastica ubicada en el municipio de <strong>Ma\u00f3.<\/strong> Tiene forma de medialuna de unos 250 metros de largo y 60 de ancho. Compuesta por arena dorada y aguas turquesas, muchas veces cubierta de posidonia. Est\u00e1 situada en una zona natural protegida, en el <strong>Parque Natural de la Albufera des Grau.<\/strong> Por ello, es virgen y no suele ser muy concurrida. Su acceso es dif\u00edcil, puedes llegar a ella a pie, en bici o en barco. <\/p>\n<h2><strong>Son Saura, en Ciudadela<\/strong><\/h2>\n<p>La playa virgen m\u00e1s grande de la costa sur de Ciutadella. Est\u00e1 formada por dos playas:<strong> Es Banyuls<\/strong> y la <strong>playa de Bellavista<\/strong>. La primera permite el acceso en coche, por lo que normalmente estar\u00e1 m\u00e1s frecuentada por familias. A poca distancia se encuentra Bellavista, m\u00e1s larga, con un sistema dunar y zonas h\u00famedas en el posterior. Para llegar a ella debes hacerlo a pie, atravesando un puente de madera. En playas de Son Saura es muy frecuente encontrar posidonia, lo cual beneficia al mantenimiento de los arenales.  <\/p>\n<p><img loading=\"lazy\" decoding=\"async\" src=\"https:\/\/www.vibrahotels.com\/blog\/wp-content\/uploads\/2024\/10\/shutterstock_2346879503.jpg\" alt=\"Descubre las mejores calas de Menorca secretas, un para\u00edso escondido\" width=\"1000\" height=\"472\" class=\"alignnone size-full wp-image-7853\" srcset=\"https:\/\/www.vibrahotels.com\/blog\/wp-content\/uploads\/2024\/10\/shutterstock_2346879503.jpg 1000w, https:\/\/www.vibrahotels.com\/blog\/wp-content\/uploads\/2024\/10\/shutterstock_2346879503-300x142.jpg 300w, https:\/\/www.vibrahotels.com\/blog\/wp-content\/uploads\/2024\/10\/shutterstock_2346879503-768x362.jpg 768w\" sizes=\"auto, (max-width: 1000px) 100vw, 1000px\" \/><\/p>\n<h2><strong>Cala Trebaluger<\/strong><\/h2>\n<p>Situada en Migjorn Gran, Cala Trebaluger es una de las m\u00e1s bonitas de la isla de Menorca. Un para\u00edso de aguas transparentes y arena fina ubicada en un entorno virgen, rodeada de pinos y maravillosos acantilados de piedra caliza. Para acceder a ella es complicado, ya que no se encuentra en Cam\u00ed de Cavalls y deber\u00e1s caminar unos 40 minutos desde Cala Mitjana. Por ello, recomendamos un buen equipo y calzado para realizar la ruta de forma m\u00e1s segura. Recomendamos Cala Trebaluger a quien quiera visitar calas de Menorca sin civilizaci\u00f3n, con un acceso m\u00e1s complicado y en medio de la naturaleza. <\/p>\n<p><img loading=\"lazy\" decoding=\"async\" src=\"https:\/\/www.vibrahotels.com\/blog\/wp-content\/uploads\/2024\/10\/shutterstock_1752438263-1.jpg\" alt=\"Descubre las mejores calas de Menorca secretas, un para\u00edso escondido\" width=\"1000\" height=\"667\" class=\"alignnone size-full wp-image-7855\" srcset=\"https:\/\/www.vibrahotels.com\/blog\/wp-content\/uploads\/2024\/10\/shutterstock_1752438263-1.jpg 1000w, https:\/\/www.vibrahotels.com\/blog\/wp-content\/uploads\/2024\/10\/shutterstock_1752438263-1-300x200.jpg 300w, https:\/\/www.vibrahotels.com\/blog\/wp-content\/uploads\/2024\/10\/shutterstock_1752438263-1-768x512.jpg 768w\" sizes=\"auto, (max-width: 1000px) 100vw, 1000px\" \/><\/p>\n<p>Acompa\u00f1ado de un viaje, un buen alojamiento es lo m\u00e1s importante para disfrutar del descanso, y por ello, te recomendamos los <a href=\"https:\/\/www.vibrahotels.com\/es\">Vibra Hotels<\/a> en la isla: <a href=\"https:\/\/www.vibrahotels.com\/es\/menorca\/ciudadela\/apartamentos-vibra-caleta-playa\"> Vibra Caleta Playa, <\/a><a href=\"https:\/\/www.vibrahotels.com\/es\/menorca\/ciudadela\/aparthotel-vibra-blanc-palace\">Vibra Blanc Palac<\/a>e y <a href=\"https:\/\/www.vibrahotels.com\/es\/menorca\/ciudadela\/apartamentos-vibra-blanc-cottage\">Vibra Blanc Cottage<\/a>. Un ideal apartamento vacacional en Menorca a tan solo 2 km de<strong> Ciutadella,<\/strong> con una buena relaci\u00f3n calidad \u2013 precio, en una zona ba\u00f1ada por el mar, con acceso directo a la playa de Sa Caleta, rodeado de amplios jardines donde se respira calma y disfrutas de un bonito paisaje. <\/p>\n<p><img loading=\"lazy\" decoding=\"async\" src=\"https:\/\/www.vibrahotels.com\/blog\/wp-content\/uploads\/2024\/10\/Imagen1-2.jpg\" alt=\"Descubre las mejores calas de Menorca secretas, un para\u00edso escondido\" width=\"1704\" height=\"1137\" class=\"alignnone size-full wp-image-7846\" srcset=\"https:\/\/www.vibrahotels.com\/blog\/wp-content\/uploads\/2024\/10\/Imagen1-2.jpg 1704w, https:\/\/www.vibrahotels.com\/blog\/wp-content\/uploads\/2024\/10\/Imagen1-2-300x200.jpg 300w, https:\/\/www.vibrahotels.com\/blog\/wp-content\/uploads\/2024\/10\/Imagen1-2-1024x683.jpg 1024w, https:\/\/www.vibrahotels.com\/blog\/wp-content\/uploads\/2024\/10\/Imagen1-2-768x512.jpg 768w, https:\/\/www.vibrahotels.com\/blog\/wp-content\/uploads\/2024\/10\/Imagen1-2-1536x1025.jpg 1536w\" sizes=\"auto, (max-width: 1704px) 100vw, 1704px\" \/><\/p>\n<p>Como has podido comprobar, la isla de<strong> Menorca<\/strong> posee grandes joyas naturales por descubrir y maravillosas playas v\u00edrgenes en las que contemplar el para\u00edso del mediterr\u00e1neo. Adem\u00e1s de su variedad de calas, la isla de los peque\u00f1os placeres tiene grandes cosas por explorar. Siempre es un buen momento para viajar a las <strong>Baleares<\/strong>, y con un apartamento vacacional en Menorca como el de <a href=\"https:\/\/www.vibrahotels.com\/es\">Vibra Hotels<\/a> tu estancia ser\u00e1 incre\u00edble. <\/p>\n","protected":false},"excerpt":{"rendered":"<p>\u201cIsla de los peque\u00f1os placeres\u201d, \u201cisla de la calma\u201d, \u201cpara\u00edso en el mediterr\u00e1neo\u201d. As\u00ed es como describen los amantes de Menorca a una de las islas m\u00e1s v\u00edrgenes de las Baleares. Si todav\u00eda podido visitar el mediterr\u00e1neo, querr\u00e1s hacerlo despu\u00e9s&#8230;<\/p>\n","protected":false},"author":1,"featured_media":7849,"comment_status":"closed","ping_status":"open","sticky":false,"template":"","format":"standard","meta":{"footnotes":""},"categories":[1557],"tags":[],"class_list":["post-7845","post","type-post","status-publish","format-standard","has-post-thumbnail","hentry","category-planes-en-menorca"],"yoast_head":"<!-- This site is optimized with the Yoast SEO plugin v27.4 - https:\/\/yoast.com\/product\/yoast-seo-wordpress\/ -->\n<title>Descubre las mejores calas de Menorca secretas, un para\u00edso escondido - Islander by Vibra Hotels<\/title>\n<meta name=\"robots\" content=\"index, follow, max-snippet:-1, max-image-preview:large, max-video-preview:-1\" \/>\n<link rel=\"canonical\" href=\"https:\/\/www.vibrahotels.com\/blog\/descubriendo-calas-secretas-en-menorca-un-paraiso-escondido\/\" \/>\n<meta property=\"og:locale\" content=\"es_ES\" \/>\n<meta property=\"og:type\" content=\"article\" \/>\n<meta property=\"og:title\" content=\"Descubre las mejores calas de Menorca secretas, un para\u00edso escondido - Islander by Vibra Hotels\" \/>\n<meta property=\"og:description\" content=\"\u201cIsla de los peque\u00f1os placeres\u201d, \u201cisla de la calma\u201d, \u201cpara\u00edso en el mediterr\u00e1neo\u201d. As\u00ed es como describen los amantes de Menorca a una de las islas m\u00e1s v\u00edrgenes de las Baleares. Si todav\u00eda podido visitar el mediterr\u00e1neo, querr\u00e1s hacerlo despu\u00e9s...\" \/>\n<meta property=\"og:url\" content=\"https:\/\/www.vibrahotels.com\/blog\/descubriendo-calas-secretas-en-menorca-un-paraiso-escondido\/\" \/>\n<meta property=\"og:site_name\" content=\"Islander by Vibra Hotels\" \/>\n<meta property=\"article:published_time\" content=\"2025-03-21T08:00:20+00:00\" \/>\n<meta property=\"article:modified_time\" content=\"2025-03-27T10:22:15+00:00\" \/>\n<meta property=\"og:image\" content=\"https:\/\/www.vibrahotels.com\/blog\/wp-content\/uploads\/2024\/10\/shutterstock_150939656.jpg\" \/>\n\t<meta property=\"og:image:width\" content=\"1000\" \/>\n\t<meta property=\"og:image:height\" content=\"667\" \/>\n\t<meta property=\"og:image:type\" content=\"image\/jpeg\" \/>\n<meta name=\"author\" content=\"The Ibiza Blog\" \/>\n<meta name=\"twitter:card\" content=\"summary_large_image\" \/>\n<meta name=\"twitter:label1\" content=\"Escrito por\" \/>\n\t<meta name=\"twitter:data1\" content=\"The Ibiza Blog\" \/>\n\t<meta name=\"twitter:label2\" content=\"Tiempo de lectura\" \/>\n\t<meta name=\"twitter:data2\" content=\"4 minutos\" \/>\n<script type=\"application\/ld+json\" class=\"yoast-schema-graph\">{\"@context\":\"https:\\\/\\\/schema.org\",\"@graph\":[{\"@type\":\"Article\",\"@id\":\"https:\\\/\\\/www.vibrahotels.com\\\/blog\\\/descubriendo-calas-secretas-en-menorca-un-paraiso-escondido\\\/#article\",\"isPartOf\":{\"@id\":\"https:\\\/\\\/www.vibrahotels.com\\\/blog\\\/descubriendo-calas-secretas-en-menorca-un-paraiso-escondido\\\/\"},\"author\":{\"name\":\"The Ibiza Blog\",\"@id\":\"https:\\\/\\\/www.vibrahotels.com\\\/blog\\\/#\\\/schema\\\/person\\\/ad74f13df6e44e7081ef65424f668972\"},\"headline\":\"Descubre las mejores calas de Menorca secretas, un para\u00edso escondido\",\"datePublished\":\"2025-03-21T08:00:20+00:00\",\"dateModified\":\"2025-03-27T10:22:15+00:00\",\"mainEntityOfPage\":{\"@id\":\"https:\\\/\\\/www.vibrahotels.com\\\/blog\\\/descubriendo-calas-secretas-en-menorca-un-paraiso-escondido\\\/\"},\"wordCount\":828,\"image\":{\"@id\":\"https:\\\/\\\/www.vibrahotels.com\\\/blog\\\/descubriendo-calas-secretas-en-menorca-un-paraiso-escondido\\\/#primaryimage\"},\"thumbnailUrl\":\"https:\\\/\\\/www.vibrahotels.com\\\/blog\\\/wp-content\\\/uploads\\\/2024\\\/10\\\/shutterstock_150939656.jpg\",\"articleSection\":[\"Planes en Menorca\"],\"inLanguage\":\"es\"},{\"@type\":\"WebPage\",\"@id\":\"https:\\\/\\\/www.vibrahotels.com\\\/blog\\\/descubriendo-calas-secretas-en-menorca-un-paraiso-escondido\\\/\",\"url\":\"https:\\\/\\\/www.vibrahotels.com\\\/blog\\\/descubriendo-calas-secretas-en-menorca-un-paraiso-escondido\\\/\",\"name\":\"Descubre las mejores calas de Menorca secretas, un para\u00edso escondido - Islander by Vibra Hotels\",\"isPartOf\":{\"@id\":\"https:\\\/\\\/www.vibrahotels.com\\\/blog\\\/#website\"},\"primaryImageOfPage\":{\"@id\":\"https:\\\/\\\/www.vibrahotels.com\\\/blog\\\/descubriendo-calas-secretas-en-menorca-un-paraiso-escondido\\\/#primaryimage\"},\"image\":{\"@id\":\"https:\\\/\\\/www.vibrahotels.com\\\/blog\\\/descubriendo-calas-secretas-en-menorca-un-paraiso-escondido\\\/#primaryimage\"},\"thumbnailUrl\":\"https:\\\/\\\/www.vibrahotels.com\\\/blog\\\/wp-content\\\/uploads\\\/2024\\\/10\\\/shutterstock_150939656.jpg\",\"datePublished\":\"2025-03-21T08:00:20+00:00\",\"dateModified\":\"2025-03-27T10:22:15+00:00\",\"author\":{\"@id\":\"https:\\\/\\\/www.vibrahotels.com\\\/blog\\\/#\\\/schema\\\/person\\\/ad74f13df6e44e7081ef65424f668972\"},\"breadcrumb\":{\"@id\":\"https:\\\/\\\/www.vibrahotels.com\\\/blog\\\/descubriendo-calas-secretas-en-menorca-un-paraiso-escondido\\\/#breadcrumb\"},\"inLanguage\":\"es\",\"potentialAction\":[{\"@type\":\"ReadAction\",\"target\":[\"https:\\\/\\\/www.vibrahotels.com\\\/blog\\\/descubriendo-calas-secretas-en-menorca-un-paraiso-escondido\\\/\"]}]},{\"@type\":\"ImageObject\",\"inLanguage\":\"es\",\"@id\":\"https:\\\/\\\/www.vibrahotels.com\\\/blog\\\/descubriendo-calas-secretas-en-menorca-un-paraiso-escondido\\\/#primaryimage\",\"url\":\"https:\\\/\\\/www.vibrahotels.com\\\/blog\\\/wp-content\\\/uploads\\\/2024\\\/10\\\/shutterstock_150939656.jpg\",\"contentUrl\":\"https:\\\/\\\/www.vibrahotels.com\\\/blog\\\/wp-content\\\/uploads\\\/2024\\\/10\\\/shutterstock_150939656.jpg\",\"width\":1000,\"height\":667,\"caption\":\"Descubre las mejores calas de Menorca secretas, un para\u00edso escondido\"},{\"@type\":\"BreadcrumbList\",\"@id\":\"https:\\\/\\\/www.vibrahotels.com\\\/blog\\\/descubriendo-calas-secretas-en-menorca-un-paraiso-escondido\\\/#breadcrumb\",\"itemListElement\":[{\"@type\":\"ListItem\",\"position\":1,\"name\":\"Portada\",\"item\":\"https:\\\/\\\/www.vibrahotels.com\\\/blog\\\/\"},{\"@type\":\"ListItem\",\"position\":2,\"name\":\"Descubre las mejores calas de Menorca secretas, un para\u00edso escondido\"}]},{\"@type\":\"WebSite\",\"@id\":\"https:\\\/\\\/www.vibrahotels.com\\\/blog\\\/#website\",\"url\":\"https:\\\/\\\/www.vibrahotels.com\\\/blog\\\/\",\"name\":\"Islander by Vibra Hotels\",\"description\":\"\",\"potentialAction\":[{\"@type\":\"SearchAction\",\"target\":{\"@type\":\"EntryPoint\",\"urlTemplate\":\"https:\\\/\\\/www.vibrahotels.com\\\/blog\\\/?s={search_term_string}\"},\"query-input\":{\"@type\":\"PropertyValueSpecification\",\"valueRequired\":true,\"valueName\":\"search_term_string\"}}],\"inLanguage\":\"es\"},{\"@type\":\"Person\",\"@id\":\"https:\\\/\\\/www.vibrahotels.com\\\/blog\\\/#\\\/schema\\\/person\\\/ad74f13df6e44e7081ef65424f668972\",\"name\":\"The Ibiza Blog\",\"image\":{\"@type\":\"ImageObject\",\"inLanguage\":\"es\",\"@id\":\"https:\\\/\\\/secure.gravatar.com\\\/avatar\\\/d172713df318fe4ba11547ee4a70ab1eae0206026db57d7a5920186b9f5ee855?s=96&d=mm&r=g\",\"url\":\"https:\\\/\\\/secure.gravatar.com\\\/avatar\\\/d172713df318fe4ba11547ee4a70ab1eae0206026db57d7a5920186b9f5ee855?s=96&d=mm&r=g\",\"contentUrl\":\"https:\\\/\\\/secure.gravatar.com\\\/avatar\\\/d172713df318fe4ba11547ee4a70ab1eae0206026db57d7a5920186b9f5ee855?s=96&d=mm&r=g\",\"caption\":\"The Ibiza Blog\"},\"url\":\"https:\\\/\\\/www.vibrahotels.com\\\/blog\\\/author\\\/the-ibiza-blog\\\/\"}]}<\/script>\n<!-- \/ Yoast SEO plugin. -->","yoast_head_json":{"title":"Descubre las mejores calas de Menorca secretas, un para\u00edso escondido - Islander by Vibra Hotels","robots":{"index":"index","follow":"follow","max-snippet":"max-snippet:-1","max-image-preview":"max-image-preview:large","max-video-preview":"max-video-preview:-1"},"canonical":"https:\/\/www.vibrahotels.com\/blog\/descubriendo-calas-secretas-en-menorca-un-paraiso-escondido\/","og_locale":"es_ES","og_type":"article","og_title":"Descubre las mejores calas de Menorca secretas, un para\u00edso escondido - Islander by Vibra Hotels","og_description":"\u201cIsla de los peque\u00f1os placeres\u201d, \u201cisla de la calma\u201d, \u201cpara\u00edso en el mediterr\u00e1neo\u201d. As\u00ed es como describen los amantes de Menorca a una de las islas m\u00e1s v\u00edrgenes de las Baleares. Si todav\u00eda podido visitar el mediterr\u00e1neo, querr\u00e1s hacerlo despu\u00e9s...","og_url":"https:\/\/www.vibrahotels.com\/blog\/descubriendo-calas-secretas-en-menorca-un-paraiso-escondido\/","og_site_name":"Islander by Vibra Hotels","article_published_time":"2025-03-21T08:00:20+00:00","article_modified_time":"2025-03-27T10:22:15+00:00","og_image":[{"width":1000,"height":667,"url":"https:\/\/www.vibrahotels.com\/blog\/wp-content\/uploads\/2024\/10\/shutterstock_150939656.jpg","type":"image\/jpeg"}],"author":"The Ibiza Blog","twitter_card":"summary_large_image","twitter_misc":{"Escrito por":"The Ibiza Blog","Tiempo de lectura":"4 minutos"},"schema":{"@context":"https:\/\/schema.org","@graph":[{"@type":"Article","@id":"https:\/\/www.vibrahotels.com\/blog\/descubriendo-calas-secretas-en-menorca-un-paraiso-escondido\/#article","isPartOf":{"@id":"https:\/\/www.vibrahotels.com\/blog\/descubriendo-calas-secretas-en-menorca-un-paraiso-escondido\/"},"author":{"name":"The Ibiza Blog","@id":"https:\/\/www.vibrahotels.com\/blog\/#\/schema\/person\/ad74f13df6e44e7081ef65424f668972"},"headline":"Descubre las mejores calas de Menorca secretas, un para\u00edso escondido","datePublished":"2025-03-21T08:00:20+00:00","dateModified":"2025-03-27T10:22:15+00:00","mainEntityOfPage":{"@id":"https:\/\/www.vibrahotels.com\/blog\/descubriendo-calas-secretas-en-menorca-un-paraiso-escondido\/"},"wordCount":828,"image":{"@id":"https:\/\/www.vibrahotels.com\/blog\/descubriendo-calas-secretas-en-menorca-un-paraiso-escondido\/#primaryimage"},"thumbnailUrl":"https:\/\/www.vibrahotels.com\/blog\/wp-content\/uploads\/2024\/10\/shutterstock_150939656.jpg","articleSection":["Planes en Menorca"],"inLanguage":"es"},{"@type":"WebPage","@id":"https:\/\/www.vibrahotels.com\/blog\/descubriendo-calas-secretas-en-menorca-un-paraiso-escondido\/","url":"https:\/\/www.vibrahotels.com\/blog\/descubriendo-calas-secretas-en-menorca-un-paraiso-escondido\/","name":"Descubre las mejores calas de Menorca secretas, un para\u00edso escondido - Islander by Vibra Hotels","isPartOf":{"@id":"https:\/\/www.vibrahotels.com\/blog\/#website"},"primaryImageOfPage":{"@id":"https:\/\/www.vibrahotels.com\/blog\/descubriendo-calas-secretas-en-menorca-un-paraiso-escondido\/#primaryimage"},"image":{"@id":"https:\/\/www.vibrahotels.com\/blog\/descubriendo-calas-secretas-en-menorca-un-paraiso-escondido\/#primaryimage"},"thumbnailUrl":"https:\/\/www.vibrahotels.com\/blog\/wp-content\/uploads\/2024\/10\/shutterstock_150939656.jpg","datePublished":"2025-03-21T08:00:20+00:00","dateModified":"2025-03-27T10:22:15+00:00","author":{"@id":"https:\/\/www.vibrahotels.com\/blog\/#\/schema\/person\/ad74f13df6e44e7081ef65424f668972"},"breadcrumb":{"@id":"https:\/\/www.vibrahotels.com\/blog\/descubriendo-calas-secretas-en-menorca-un-paraiso-escondido\/#breadcrumb"},"inLanguage":"es","potentialAction":[{"@type":"ReadAction","target":["https:\/\/www.vibrahotels.com\/blog\/descubriendo-calas-secretas-en-menorca-un-paraiso-escondido\/"]}]},{"@type":"ImageObject","inLanguage":"es","@id":"https:\/\/www.vibrahotels.com\/blog\/descubriendo-calas-secretas-en-menorca-un-paraiso-escondido\/#primaryimage","url":"https:\/\/www.vibrahotels.com\/blog\/wp-content\/uploads\/2024\/10\/shutterstock_150939656.jpg","contentUrl":"https:\/\/www.vibrahotels.com\/blog\/wp-content\/uploads\/2024\/10\/shutterstock_150939656.jpg","width":1000,"height":667,"caption":"Descubre las mejores calas de Menorca secretas, un para\u00edso escondido"},{"@type":"BreadcrumbList","@id":"https:\/\/www.vibrahotels.com\/blog\/descubriendo-calas-secretas-en-menorca-un-paraiso-escondido\/#breadcrumb","itemListElement":[{"@type":"ListItem","position":1,"name":"Portada","item":"https:\/\/www.vibrahotels.com\/blog\/"},{"@type":"ListItem","position":2,"name":"Descubre las mejores calas de Menorca secretas, un para\u00edso escondido"}]},{"@type":"WebSite","@id":"https:\/\/www.vibrahotels.com\/blog\/#website","url":"https:\/\/www.vibrahotels.com\/blog\/","name":"Islander by Vibra Hotels","description":"","potentialAction":[{"@type":"SearchAction","target":{"@type":"EntryPoint","urlTemplate":"https:\/\/www.vibrahotels.com\/blog\/?s={search_term_string}"},"query-input":{"@type":"PropertyValueSpecification","valueRequired":true,"valueName":"search_term_string"}}],"inLanguage":"es"},{"@type":"Person","@id":"https:\/\/www.vibrahotels.com\/blog\/#\/schema\/person\/ad74f13df6e44e7081ef65424f668972","name":"The Ibiza Blog","image":{"@type":"ImageObject","inLanguage":"es","@id":"https:\/\/secure.gravatar.com\/avatar\/d172713df318fe4ba11547ee4a70ab1eae0206026db57d7a5920186b9f5ee855?s=96&d=mm&r=g","url":"https:\/\/secure.gravatar.com\/avatar\/d172713df318fe4ba11547ee4a70ab1eae0206026db57d7a5920186b9f5ee855?s=96&d=mm&r=g","contentUrl":"https:\/\/secure.gravatar.com\/avatar\/d172713df318fe4ba11547ee4a70ab1eae0206026db57d7a5920186b9f5ee855?s=96&d=mm&r=g","caption":"The Ibiza Blog"},"url":"https:\/\/www.vibrahotels.com\/blog\/author\/the-ibiza-blog\/"}]}},"_links":{"self":[{"href":"https:\/\/www.vibrahotels.com\/blog\/wp-json\/wp\/v2\/posts\/7845","targetHints":{"allow":["GET"]}}],"collection":[{"href":"https:\/\/www.vibrahotels.com\/blog\/wp-json\/wp\/v2\/posts"}],"about":[{"href":"https:\/\/www.vibrahotels.com\/blog\/wp-json\/wp\/v2\/types\/post"}],"author":[{"embeddable":true,"href":"https:\/\/www.vibrahotels.com\/blog\/wp-json\/wp\/v2\/users\/1"}],"replies":[{"embeddable":true,"href":"https:\/\/www.vibrahotels.com\/blog\/wp-json\/wp\/v2\/comments?post=7845"}],"version-history":[{"count":36,"href":"https:\/\/www.vibrahotels.com\/blog\/wp-json\/wp\/v2\/posts\/7845\/revisions"}],"predecessor-version":[{"id":8992,"href":"https:\/\/www.vibrahotels.com\/blog\/wp-json\/wp\/v2\/posts\/7845\/revisions\/8992"}],"wp:featuredmedia":[{"embeddable":true,"href":"https:\/\/www.vibrahotels.com\/blog\/wp-json\/wp\/v2\/media\/7849"}],"wp:attachment":[{"href":"https:\/\/www.vibrahotels.com\/blog\/wp-json\/wp\/v2\/media?parent=7845"}],"wp:term":[{"taxonomy":"category","embeddable":true,"href":"https:\/\/www.vibrahotels.com\/blog\/wp-json\/wp\/v2\/categories?post=7845"},{"taxonomy":"post_tag","embeddable":true,"href":"https:\/\/www.vibrahotels.com\/blog\/wp-json\/wp\/v2\/tags?post=7845"}],"curies":[{"name":"wp","href":"https:\/\/api.w.org\/{rel}","templated":true}]}}