{"id":7795,"date":"2025-02-07T09:00:14","date_gmt":"2025-02-07T08:00:14","guid":{"rendered":"https:\/\/www.vibrahotels.com\/blog\/?p=7795"},"modified":"2024-12-02T12:06:00","modified_gmt":"2024-12-02T11:06:00","slug":"los-mejores-planes-para-marzo-y-abril-en-mallorca","status":"publish","type":"post","link":"https:\/\/www.vibrahotels.com\/blog\/los-mejores-planes-para-marzo-y-abril-en-mallorca\/","title":{"rendered":"Qu\u00e9 ver en Mallorca: las mejores actividades en primavera"},"content":{"rendered":"<p>Es oficial: queda poco m\u00e1s de un mes para la primavera. El buen tiempo se asoma por la ventana y es el momento perfecto para comenzar a viajar por el mediterr\u00e1neo. Los hoteles comienzan a abrir sus puertas, el sol brilla m\u00e1s, las terrazas se llenan y los d\u00edas comienzan a ser m\u00e1s largos. \u00bfQu\u00e9 m\u00e1s necesitas? Hacemos un repaso por las mejores actividades en primavera para ver en Mallorca durante los meses de marzo y abril, desde una ruta por las cuevas del Drach, visitar el Puerto de S\u00f3ller o probar productos locales. <\/p>\n<h2><strong>Escapada a las cuevas del Drach <\/strong><\/h2>\n<p><strong>Las cuevas del Drach en Mallorca<\/strong> son uno de los planes m\u00e1s conocidos a realizar en la isla cuando llega el buen tiempo y la primavera. Selecciona un tour en un peque\u00f1o barco por las cuevas y conoce sus or\u00edgenes e historia, a la vez que contemplas las maravillas que hay en su interior. Una actividad en primavera que no te puedes perder si viajas a la isla de Mallorca. <\/p>\n<p><img loading=\"lazy\" decoding=\"async\" src=\"https:\/\/www.vibrahotels.com\/blog\/wp-content\/uploads\/2024\/10\/shutterstock_2394473853.jpg\" alt=\"Qu\u00e9 ver en Mallorca: las mejores actividades en primavera\" width=\"1000\" height=\"714\" class=\"alignnone size-full wp-image-7800\" srcset=\"https:\/\/www.vibrahotels.com\/blog\/wp-content\/uploads\/2024\/10\/shutterstock_2394473853.jpg 1000w, https:\/\/www.vibrahotels.com\/blog\/wp-content\/uploads\/2024\/10\/shutterstock_2394473853-300x214.jpg 300w, https:\/\/www.vibrahotels.com\/blog\/wp-content\/uploads\/2024\/10\/shutterstock_2394473853-768x548.jpg 768w\" sizes=\"auto, (max-width: 1000px) 100vw, 1000px\" \/> <\/p>\n<h2><strong>Imprescindible que ver en Mallorca, Puerto de S\u00f3ller <\/strong><\/h2>\n<p>El <strong>Port de S\u00f3ller<\/strong> est\u00e1 situado en el norte de la isla y es el \u00fanico que est\u00e1 conectado por un tren que te lleva desde Palma de Mallorca hasta la peque\u00f1a ciudad de S\u00f3ller, al pie de la Serra de Tramuntana. Constituye adem\u00e1s en punto de salida a lugares costeros como Sa Foradada, Turent, Sa Calobra y Torrent de Pareis. Si no sabes que ver en Mallorca, la visita a este pueblecito es un imprescindible. <\/p>\n<p>El puerto se ha vuelto uno de los puntos m\u00e1s tur\u00edsticos de la isla debido a su especial encanto y tranquilidad que ofrece, junto con la variada restauraci\u00f3n y hoteles. <\/p>\n<p><img loading=\"lazy\" decoding=\"async\" src=\"https:\/\/www.vibrahotels.com\/blog\/wp-content\/uploads\/2024\/10\/mallorca-2911323_1280.jpg\" alt=\"Qu\u00e9 ver en Mallorca: las mejores actividades en primavera\" width=\"1280\" height=\"723\" class=\"alignnone size-full wp-image-7804\" srcset=\"https:\/\/www.vibrahotels.com\/blog\/wp-content\/uploads\/2024\/10\/mallorca-2911323_1280.jpg 1280w, https:\/\/www.vibrahotels.com\/blog\/wp-content\/uploads\/2024\/10\/mallorca-2911323_1280-300x169.jpg 300w, https:\/\/www.vibrahotels.com\/blog\/wp-content\/uploads\/2024\/10\/mallorca-2911323_1280-1024x578.jpg 1024w, https:\/\/www.vibrahotels.com\/blog\/wp-content\/uploads\/2024\/10\/mallorca-2911323_1280-768x434.jpg 768w\" sizes=\"auto, (max-width: 1280px) 100vw, 1280px\" \/><\/p>\n<h2><strong>Ferias gastron\u00f3micas en Mallorca en primavera <\/strong><\/h2>\n<p>Si eres amante de la gastronom\u00eda, realizar actividades en primavera que incluyan degustar platos y recetas locales esta hecho para ti. Durante abril se celebran las ferias gastron\u00f3micas de la isla de Mallorca, entre ellas las de <strong>Port d\u2019Alcudia<\/strong>, popular por girar en torno a las distintas preparaciones de la sepia. Tambi\u00e9n destacar la feria de <strong>Porto Cristo<\/strong>, donde los restaurantes locales ofrecen raciones de creativos platos de marisco. <\/p>\n<p><img loading=\"lazy\" decoding=\"async\" src=\"https:\/\/www.vibrahotels.com\/blog\/wp-content\/uploads\/2024\/10\/shutterstock_1550885723.jpg\" alt=\"Qu\u00e9 ver en Mallorca: las mejores actividades en primavera\" width=\"1000\" height=\"667\" class=\"alignnone size-full wp-image-7806\" srcset=\"https:\/\/www.vibrahotels.com\/blog\/wp-content\/uploads\/2024\/10\/shutterstock_1550885723.jpg 1000w, https:\/\/www.vibrahotels.com\/blog\/wp-content\/uploads\/2024\/10\/shutterstock_1550885723-300x200.jpg 300w, https:\/\/www.vibrahotels.com\/blog\/wp-content\/uploads\/2024\/10\/shutterstock_1550885723-768x512.jpg 768w\" sizes=\"auto, (max-width: 1000px) 100vw, 1000px\" \/><\/p>\n<p>Tambi\u00e9n en la isla de Mallorca puedes encontrar diferentes ferias gastron\u00f3micas como la de <strong>Muro<\/strong>, donde ofrecen productos varios t\u00edpicos como el arr\u00f2s brut, la espinagada de Sant Antoni o diferentes platos de sobrasada y longanizas. <\/p>\n<p><img loading=\"lazy\" decoding=\"async\" src=\"https:\/\/www.vibrahotels.com\/blog\/wp-content\/uploads\/2024\/10\/shutterstock_2427037547.jpg\" alt=\"Qu\u00e9 ver en Mallorca: las mejores actividades en primavera\" width=\"1000\" height=\"667\" class=\"alignnone size-full wp-image-7808\" srcset=\"https:\/\/www.vibrahotels.com\/blog\/wp-content\/uploads\/2024\/10\/shutterstock_2427037547.jpg 1000w, https:\/\/www.vibrahotels.com\/blog\/wp-content\/uploads\/2024\/10\/shutterstock_2427037547-300x200.jpg 300w, https:\/\/www.vibrahotels.com\/blog\/wp-content\/uploads\/2024\/10\/shutterstock_2427037547-768x512.jpg 768w\" sizes=\"auto, (max-width: 1000px) 100vw, 1000px\" \/><\/p>\n<p>Otro mercado que ver en Mallorca es en <strong>Ses Salines<\/strong>, donde encontrar\u00e1s venta de productos como sal gourmet, algo muy t\u00edpico de la isla y una perfecta ocasi\u00f3n para probarla. Si prefieres algo sano y org\u00e1nico, entonces la feria de <strong>Porreres <\/strong> es para ti. Todas estas actividades en primavera son el plan ideal para tus vacaciones con amigos, en pareja o en familia. <\/p>\n<p>Eso si, si tienes pensado viajar a la isla en los meses de marzo y o abril, lo m\u00e1s importante es tener un buen alojamiento el que descansar y aprovechar al m\u00e1ximo el buen tiempo. Puedes encontrar hoteles con encanto como los de <a href=\"https:\/\/www.vibrahotels.com\/es\">Vibra Hotels<\/a> en <strong>Mallorca<\/strong> son ideales para tu viaje en<strong> marzo o abril<\/strong> por su excelente relaci\u00f3n calidad-precio. El <a href=\"https:\/\/www.vibrahotels.com\/es\/mallorca\/paguera-calvia\/hotel-vibra-beverly-playa\">Hotel Beverly Playa<\/a>, ubicado a primera l\u00ednea del mar en la playa de Paguera, en Calvi\u00e0 y a unos 300 metros del centro del pueblo es una gran opci\u00f3n si buscas naturaleza y ocio a la vez. Todas sus habitaciones cuentan con terraza con excelentes vistas al mar.<\/p>\n<p><img loading=\"lazy\" decoding=\"async\" src=\"https:\/\/www.vibrahotels.com\/blog\/wp-content\/uploads\/2024\/10\/Imagen1.jpg\" alt=\"Qu\u00e9 ver en Mallorca: las mejores actividades en primavera\" width=\"1299\" height=\"864\" class=\"alignnone size-full wp-image-7796\" srcset=\"https:\/\/www.vibrahotels.com\/blog\/wp-content\/uploads\/2024\/10\/Imagen1.jpg 1299w, https:\/\/www.vibrahotels.com\/blog\/wp-content\/uploads\/2024\/10\/Imagen1-300x200.jpg 300w, https:\/\/www.vibrahotels.com\/blog\/wp-content\/uploads\/2024\/10\/Imagen1-1024x681.jpg 1024w, https:\/\/www.vibrahotels.com\/blog\/wp-content\/uploads\/2024\/10\/Imagen1-768x511.jpg 768w\" sizes=\"auto, (max-width: 1299px) 100vw, 1299px\" \/><\/p>\n<p>Si buscas un alojamiento m\u00e1s cercano a la ciudad, selecciona entonces el <a href=\"https:\/\/www.vibrahotels.com\/es\/mallorca\/playa-de-palma\/hotel-vibra-palma\">Hotel Vibra Palma Cactus,<\/a> genial para disfrutar de la Playa de Palma y de un lugar lleno de actividades y muy cercano a los puntos m\u00e1s c\u00e9ntricos de la isla, y a tan solo 15 minutos en coche del centro de la ciudad de Palma.<\/p>\n<p><img loading=\"lazy\" decoding=\"async\" src=\"https:\/\/www.vibrahotels.com\/blog\/wp-content\/uploads\/2024\/10\/Imagen2.jpg\" alt=\"Qu\u00e9 ver en Mallorca: las mejores actividades en primavera\" width=\"1299\" height=\"864\" class=\"alignnone size-full wp-image-7798\" srcset=\"https:\/\/www.vibrahotels.com\/blog\/wp-content\/uploads\/2024\/10\/Imagen2.jpg 1299w, https:\/\/www.vibrahotels.com\/blog\/wp-content\/uploads\/2024\/10\/Imagen2-300x200.jpg 300w, https:\/\/www.vibrahotels.com\/blog\/wp-content\/uploads\/2024\/10\/Imagen2-1024x681.jpg 1024w, https:\/\/www.vibrahotels.com\/blog\/wp-content\/uploads\/2024\/10\/Imagen2-768x511.jpg 768w\" sizes=\"auto, (max-width: 1299px) 100vw, 1299px\" \/><\/p>\n<p>Visitar la isla en los meses de marzo y abril es la ocasi\u00f3n perfecta para disfrutar del buen tiempo, del mediterr\u00e1neo y de las diferentes ferias gastron\u00f3micas que ofrece la isla de Mallorca. Y despu\u00e9s de un d\u00eda de turismo, qu\u00e9 mejor manera que alojarte en cualquiera de los <a href=\"https:\/\/www.vibrahotels.com\/es\">Vibra Hotels<\/a> y disfrutar de un delicioso coctel junto a la piscina. <\/p>\n","protected":false},"excerpt":{"rendered":"<p>Es oficial: queda poco m\u00e1s de un mes para la primavera. El buen tiempo se asoma por la ventana y es el momento perfecto para comenzar a viajar por el mediterr\u00e1neo. Los hoteles comienzan a abrir sus puertas, el sol&#8230;<\/p>\n","protected":false},"author":1,"featured_media":7804,"comment_status":"closed","ping_status":"open","sticky":false,"template":"","format":"standard","meta":{"footnotes":""},"categories":[1512,1297],"tags":[],"class_list":["post-7795","post","type-post","status-publish","format-standard","has-post-thumbnail","hentry","category-planes-en-mallorca","category-travel"],"yoast_head":"<!-- This site is optimized with the Yoast SEO plugin v27.4 - https:\/\/yoast.com\/product\/yoast-seo-wordpress\/ -->\n<title>Qu\u00e9 ver en Mallorca: las mejores actividades en primavera - Islander by Vibra Hotels<\/title>\n<meta name=\"robots\" content=\"index, follow, max-snippet:-1, max-image-preview:large, max-video-preview:-1\" \/>\n<link rel=\"canonical\" href=\"https:\/\/www.vibrahotels.com\/blog\/los-mejores-planes-para-marzo-y-abril-en-mallorca\/\" \/>\n<meta property=\"og:locale\" content=\"es_ES\" \/>\n<meta property=\"og:type\" content=\"article\" \/>\n<meta property=\"og:title\" content=\"Qu\u00e9 ver en Mallorca: las mejores actividades en primavera - Islander by Vibra Hotels\" \/>\n<meta property=\"og:description\" content=\"Es oficial: queda poco m\u00e1s de un mes para la primavera. El buen tiempo se asoma por la ventana y es el momento perfecto para comenzar a viajar por el mediterr\u00e1neo. Los hoteles comienzan a abrir sus puertas, el sol...\" \/>\n<meta property=\"og:url\" content=\"https:\/\/www.vibrahotels.com\/blog\/los-mejores-planes-para-marzo-y-abril-en-mallorca\/\" \/>\n<meta property=\"og:site_name\" content=\"Islander by Vibra Hotels\" \/>\n<meta property=\"article:published_time\" content=\"2025-02-07T08:00:14+00:00\" \/>\n<meta property=\"og:image\" content=\"https:\/\/www.vibrahotels.com\/blog\/wp-content\/uploads\/2024\/10\/mallorca-2911323_1280.jpg\" \/>\n\t<meta property=\"og:image:width\" content=\"1280\" \/>\n\t<meta property=\"og:image:height\" content=\"723\" \/>\n\t<meta property=\"og:image:type\" content=\"image\/jpeg\" \/>\n<meta name=\"author\" content=\"The Ibiza Blog\" \/>\n<meta name=\"twitter:card\" content=\"summary_large_image\" \/>\n<meta name=\"twitter:label1\" content=\"Escrito por\" \/>\n\t<meta name=\"twitter:data1\" content=\"The Ibiza Blog\" \/>\n\t<meta name=\"twitter:label2\" content=\"Tiempo de lectura\" \/>\n\t<meta name=\"twitter:data2\" content=\"4 minutos\" \/>\n<script type=\"application\/ld+json\" class=\"yoast-schema-graph\">{\"@context\":\"https:\\\/\\\/schema.org\",\"@graph\":[{\"@type\":\"Article\",\"@id\":\"https:\\\/\\\/www.vibrahotels.com\\\/blog\\\/los-mejores-planes-para-marzo-y-abril-en-mallorca\\\/#article\",\"isPartOf\":{\"@id\":\"https:\\\/\\\/www.vibrahotels.com\\\/blog\\\/los-mejores-planes-para-marzo-y-abril-en-mallorca\\\/\"},\"author\":{\"name\":\"The Ibiza Blog\",\"@id\":\"https:\\\/\\\/www.vibrahotels.com\\\/blog\\\/#\\\/schema\\\/person\\\/ad74f13df6e44e7081ef65424f668972\"},\"headline\":\"Qu\u00e9 ver en Mallorca: las mejores actividades en primavera\",\"datePublished\":\"2025-02-07T08:00:14+00:00\",\"mainEntityOfPage\":{\"@id\":\"https:\\\/\\\/www.vibrahotels.com\\\/blog\\\/los-mejores-planes-para-marzo-y-abril-en-mallorca\\\/\"},\"wordCount\":737,\"image\":{\"@id\":\"https:\\\/\\\/www.vibrahotels.com\\\/blog\\\/los-mejores-planes-para-marzo-y-abril-en-mallorca\\\/#primaryimage\"},\"thumbnailUrl\":\"https:\\\/\\\/www.vibrahotels.com\\\/blog\\\/wp-content\\\/uploads\\\/2024\\\/10\\\/mallorca-2911323_1280.jpg\",\"articleSection\":[\"Planes en Mallorca\",\"Travel\"],\"inLanguage\":\"es\"},{\"@type\":\"WebPage\",\"@id\":\"https:\\\/\\\/www.vibrahotels.com\\\/blog\\\/los-mejores-planes-para-marzo-y-abril-en-mallorca\\\/\",\"url\":\"https:\\\/\\\/www.vibrahotels.com\\\/blog\\\/los-mejores-planes-para-marzo-y-abril-en-mallorca\\\/\",\"name\":\"Qu\u00e9 ver en Mallorca: las mejores actividades en primavera - Islander by Vibra Hotels\",\"isPartOf\":{\"@id\":\"https:\\\/\\\/www.vibrahotels.com\\\/blog\\\/#website\"},\"primaryImageOfPage\":{\"@id\":\"https:\\\/\\\/www.vibrahotels.com\\\/blog\\\/los-mejores-planes-para-marzo-y-abril-en-mallorca\\\/#primaryimage\"},\"image\":{\"@id\":\"https:\\\/\\\/www.vibrahotels.com\\\/blog\\\/los-mejores-planes-para-marzo-y-abril-en-mallorca\\\/#primaryimage\"},\"thumbnailUrl\":\"https:\\\/\\\/www.vibrahotels.com\\\/blog\\\/wp-content\\\/uploads\\\/2024\\\/10\\\/mallorca-2911323_1280.jpg\",\"datePublished\":\"2025-02-07T08:00:14+00:00\",\"author\":{\"@id\":\"https:\\\/\\\/www.vibrahotels.com\\\/blog\\\/#\\\/schema\\\/person\\\/ad74f13df6e44e7081ef65424f668972\"},\"breadcrumb\":{\"@id\":\"https:\\\/\\\/www.vibrahotels.com\\\/blog\\\/los-mejores-planes-para-marzo-y-abril-en-mallorca\\\/#breadcrumb\"},\"inLanguage\":\"es\",\"potentialAction\":[{\"@type\":\"ReadAction\",\"target\":[\"https:\\\/\\\/www.vibrahotels.com\\\/blog\\\/los-mejores-planes-para-marzo-y-abril-en-mallorca\\\/\"]}]},{\"@type\":\"ImageObject\",\"inLanguage\":\"es\",\"@id\":\"https:\\\/\\\/www.vibrahotels.com\\\/blog\\\/los-mejores-planes-para-marzo-y-abril-en-mallorca\\\/#primaryimage\",\"url\":\"https:\\\/\\\/www.vibrahotels.com\\\/blog\\\/wp-content\\\/uploads\\\/2024\\\/10\\\/mallorca-2911323_1280.jpg\",\"contentUrl\":\"https:\\\/\\\/www.vibrahotels.com\\\/blog\\\/wp-content\\\/uploads\\\/2024\\\/10\\\/mallorca-2911323_1280.jpg\",\"width\":1280,\"height\":723,\"caption\":\"What to See in Mallorca: The Best Spring Activities\"},{\"@type\":\"BreadcrumbList\",\"@id\":\"https:\\\/\\\/www.vibrahotels.com\\\/blog\\\/los-mejores-planes-para-marzo-y-abril-en-mallorca\\\/#breadcrumb\",\"itemListElement\":[{\"@type\":\"ListItem\",\"position\":1,\"name\":\"Portada\",\"item\":\"https:\\\/\\\/www.vibrahotels.com\\\/blog\\\/\"},{\"@type\":\"ListItem\",\"position\":2,\"name\":\"Qu\u00e9 ver en Mallorca: las mejores actividades en primavera\"}]},{\"@type\":\"WebSite\",\"@id\":\"https:\\\/\\\/www.vibrahotels.com\\\/blog\\\/#website\",\"url\":\"https:\\\/\\\/www.vibrahotels.com\\\/blog\\\/\",\"name\":\"Islander by Vibra Hotels\",\"description\":\"\",\"potentialAction\":[{\"@type\":\"SearchAction\",\"target\":{\"@type\":\"EntryPoint\",\"urlTemplate\":\"https:\\\/\\\/www.vibrahotels.com\\\/blog\\\/?s={search_term_string}\"},\"query-input\":{\"@type\":\"PropertyValueSpecification\",\"valueRequired\":true,\"valueName\":\"search_term_string\"}}],\"inLanguage\":\"es\"},{\"@type\":\"Person\",\"@id\":\"https:\\\/\\\/www.vibrahotels.com\\\/blog\\\/#\\\/schema\\\/person\\\/ad74f13df6e44e7081ef65424f668972\",\"name\":\"The Ibiza Blog\",\"image\":{\"@type\":\"ImageObject\",\"inLanguage\":\"es\",\"@id\":\"https:\\\/\\\/secure.gravatar.com\\\/avatar\\\/d172713df318fe4ba11547ee4a70ab1eae0206026db57d7a5920186b9f5ee855?s=96&d=mm&r=g\",\"url\":\"https:\\\/\\\/secure.gravatar.com\\\/avatar\\\/d172713df318fe4ba11547ee4a70ab1eae0206026db57d7a5920186b9f5ee855?s=96&d=mm&r=g\",\"contentUrl\":\"https:\\\/\\\/secure.gravatar.com\\\/avatar\\\/d172713df318fe4ba11547ee4a70ab1eae0206026db57d7a5920186b9f5ee855?s=96&d=mm&r=g\",\"caption\":\"The Ibiza Blog\"},\"url\":\"https:\\\/\\\/www.vibrahotels.com\\\/blog\\\/author\\\/the-ibiza-blog\\\/\"}]}<\/script>\n<!-- \/ Yoast SEO plugin. -->","yoast_head_json":{"title":"Qu\u00e9 ver en Mallorca: las mejores actividades en primavera - Islander by Vibra Hotels","robots":{"index":"index","follow":"follow","max-snippet":"max-snippet:-1","max-image-preview":"max-image-preview:large","max-video-preview":"max-video-preview:-1"},"canonical":"https:\/\/www.vibrahotels.com\/blog\/los-mejores-planes-para-marzo-y-abril-en-mallorca\/","og_locale":"es_ES","og_type":"article","og_title":"Qu\u00e9 ver en Mallorca: las mejores actividades en primavera - Islander by Vibra Hotels","og_description":"Es oficial: queda poco m\u00e1s de un mes para la primavera. El buen tiempo se asoma por la ventana y es el momento perfecto para comenzar a viajar por el mediterr\u00e1neo. Los hoteles comienzan a abrir sus puertas, el sol...","og_url":"https:\/\/www.vibrahotels.com\/blog\/los-mejores-planes-para-marzo-y-abril-en-mallorca\/","og_site_name":"Islander by Vibra Hotels","article_published_time":"2025-02-07T08:00:14+00:00","og_image":[{"width":1280,"height":723,"url":"https:\/\/www.vibrahotels.com\/blog\/wp-content\/uploads\/2024\/10\/mallorca-2911323_1280.jpg","type":"image\/jpeg"}],"author":"The Ibiza Blog","twitter_card":"summary_large_image","twitter_misc":{"Escrito por":"The Ibiza Blog","Tiempo de lectura":"4 minutos"},"schema":{"@context":"https:\/\/schema.org","@graph":[{"@type":"Article","@id":"https:\/\/www.vibrahotels.com\/blog\/los-mejores-planes-para-marzo-y-abril-en-mallorca\/#article","isPartOf":{"@id":"https:\/\/www.vibrahotels.com\/blog\/los-mejores-planes-para-marzo-y-abril-en-mallorca\/"},"author":{"name":"The Ibiza Blog","@id":"https:\/\/www.vibrahotels.com\/blog\/#\/schema\/person\/ad74f13df6e44e7081ef65424f668972"},"headline":"Qu\u00e9 ver en Mallorca: las mejores actividades en primavera","datePublished":"2025-02-07T08:00:14+00:00","mainEntityOfPage":{"@id":"https:\/\/www.vibrahotels.com\/blog\/los-mejores-planes-para-marzo-y-abril-en-mallorca\/"},"wordCount":737,"image":{"@id":"https:\/\/www.vibrahotels.com\/blog\/los-mejores-planes-para-marzo-y-abril-en-mallorca\/#primaryimage"},"thumbnailUrl":"https:\/\/www.vibrahotels.com\/blog\/wp-content\/uploads\/2024\/10\/mallorca-2911323_1280.jpg","articleSection":["Planes en Mallorca","Travel"],"inLanguage":"es"},{"@type":"WebPage","@id":"https:\/\/www.vibrahotels.com\/blog\/los-mejores-planes-para-marzo-y-abril-en-mallorca\/","url":"https:\/\/www.vibrahotels.com\/blog\/los-mejores-planes-para-marzo-y-abril-en-mallorca\/","name":"Qu\u00e9 ver en Mallorca: las mejores actividades en primavera - Islander by Vibra Hotels","isPartOf":{"@id":"https:\/\/www.vibrahotels.com\/blog\/#website"},"primaryImageOfPage":{"@id":"https:\/\/www.vibrahotels.com\/blog\/los-mejores-planes-para-marzo-y-abril-en-mallorca\/#primaryimage"},"image":{"@id":"https:\/\/www.vibrahotels.com\/blog\/los-mejores-planes-para-marzo-y-abril-en-mallorca\/#primaryimage"},"thumbnailUrl":"https:\/\/www.vibrahotels.com\/blog\/wp-content\/uploads\/2024\/10\/mallorca-2911323_1280.jpg","datePublished":"2025-02-07T08:00:14+00:00","author":{"@id":"https:\/\/www.vibrahotels.com\/blog\/#\/schema\/person\/ad74f13df6e44e7081ef65424f668972"},"breadcrumb":{"@id":"https:\/\/www.vibrahotels.com\/blog\/los-mejores-planes-para-marzo-y-abril-en-mallorca\/#breadcrumb"},"inLanguage":"es","potentialAction":[{"@type":"ReadAction","target":["https:\/\/www.vibrahotels.com\/blog\/los-mejores-planes-para-marzo-y-abril-en-mallorca\/"]}]},{"@type":"ImageObject","inLanguage":"es","@id":"https:\/\/www.vibrahotels.com\/blog\/los-mejores-planes-para-marzo-y-abril-en-mallorca\/#primaryimage","url":"https:\/\/www.vibrahotels.com\/blog\/wp-content\/uploads\/2024\/10\/mallorca-2911323_1280.jpg","contentUrl":"https:\/\/www.vibrahotels.com\/blog\/wp-content\/uploads\/2024\/10\/mallorca-2911323_1280.jpg","width":1280,"height":723,"caption":"What to See in Mallorca: The Best Spring Activities"},{"@type":"BreadcrumbList","@id":"https:\/\/www.vibrahotels.com\/blog\/los-mejores-planes-para-marzo-y-abril-en-mallorca\/#breadcrumb","itemListElement":[{"@type":"ListItem","position":1,"name":"Portada","item":"https:\/\/www.vibrahotels.com\/blog\/"},{"@type":"ListItem","position":2,"name":"Qu\u00e9 ver en Mallorca: las mejores actividades en primavera"}]},{"@type":"WebSite","@id":"https:\/\/www.vibrahotels.com\/blog\/#website","url":"https:\/\/www.vibrahotels.com\/blog\/","name":"Islander by Vibra Hotels","description":"","potentialAction":[{"@type":"SearchAction","target":{"@type":"EntryPoint","urlTemplate":"https:\/\/www.vibrahotels.com\/blog\/?s={search_term_string}"},"query-input":{"@type":"PropertyValueSpecification","valueRequired":true,"valueName":"search_term_string"}}],"inLanguage":"es"},{"@type":"Person","@id":"https:\/\/www.vibrahotels.com\/blog\/#\/schema\/person\/ad74f13df6e44e7081ef65424f668972","name":"The Ibiza Blog","image":{"@type":"ImageObject","inLanguage":"es","@id":"https:\/\/secure.gravatar.com\/avatar\/d172713df318fe4ba11547ee4a70ab1eae0206026db57d7a5920186b9f5ee855?s=96&d=mm&r=g","url":"https:\/\/secure.gravatar.com\/avatar\/d172713df318fe4ba11547ee4a70ab1eae0206026db57d7a5920186b9f5ee855?s=96&d=mm&r=g","contentUrl":"https:\/\/secure.gravatar.com\/avatar\/d172713df318fe4ba11547ee4a70ab1eae0206026db57d7a5920186b9f5ee855?s=96&d=mm&r=g","caption":"The Ibiza Blog"},"url":"https:\/\/www.vibrahotels.com\/blog\/author\/the-ibiza-blog\/"}]}},"_links":{"self":[{"href":"https:\/\/www.vibrahotels.com\/blog\/wp-json\/wp\/v2\/posts\/7795","targetHints":{"allow":["GET"]}}],"collection":[{"href":"https:\/\/www.vibrahotels.com\/blog\/wp-json\/wp\/v2\/posts"}],"about":[{"href":"https:\/\/www.vibrahotels.com\/blog\/wp-json\/wp\/v2\/types\/post"}],"author":[{"embeddable":true,"href":"https:\/\/www.vibrahotels.com\/blog\/wp-json\/wp\/v2\/users\/1"}],"replies":[{"embeddable":true,"href":"https:\/\/www.vibrahotels.com\/blog\/wp-json\/wp\/v2\/comments?post=7795"}],"version-history":[{"count":23,"href":"https:\/\/www.vibrahotels.com\/blog\/wp-json\/wp\/v2\/posts\/7795\/revisions"}],"predecessor-version":[{"id":8987,"href":"https:\/\/www.vibrahotels.com\/blog\/wp-json\/wp\/v2\/posts\/7795\/revisions\/8987"}],"wp:featuredmedia":[{"embeddable":true,"href":"https:\/\/www.vibrahotels.com\/blog\/wp-json\/wp\/v2\/media\/7804"}],"wp:attachment":[{"href":"https:\/\/www.vibrahotels.com\/blog\/wp-json\/wp\/v2\/media?parent=7795"}],"wp:term":[{"taxonomy":"category","embeddable":true,"href":"https:\/\/www.vibrahotels.com\/blog\/wp-json\/wp\/v2\/categories?post=7795"},{"taxonomy":"post_tag","embeddable":true,"href":"https:\/\/www.vibrahotels.com\/blog\/wp-json\/wp\/v2\/tags?post=7795"}],"curies":[{"name":"wp","href":"https:\/\/api.w.org\/{rel}","templated":true}]}}