{"id":7718,"date":"2024-12-13T09:00:35","date_gmt":"2024-12-13T08:00:35","guid":{"rendered":"https:\/\/www.vibrahotels.com\/blog\/?p=7718"},"modified":"2025-01-21T09:23:23","modified_gmt":"2025-01-21T08:23:23","slug":"los-mejores-mercadillos-navidenos-en-mallorca","status":"publish","type":"post","link":"https:\/\/www.vibrahotels.com\/blog\/los-mejores-mercadillos-navidenos-en-mallorca\/","title":{"rendered":"Que ver en Mallorca: Los mejores mercadillos navide\u00f1os"},"content":{"rendered":"<p>\u00bfQui\u00e9n dice que en las islas no hay vida y movimiento en invierno? La \u00e9poca navide\u00f1a es una de las m\u00e1s esperadas por la poblaci\u00f3n. Sentimientos de felicidad, emoci\u00f3n, nostalgia y amor. La <strong>navidad<\/strong> es la excusa perfecta para hacer planes, salir de la rutina y, como no, viajar. La <strong>navidad en Mallorca<\/strong> es siempre un acierto, no importa el mes del a\u00f1o en el que decidas ir, el mediterr\u00e1neo nunca defrauda. Hacemos un repaso por lo que ver en Mallorca en navidad: ferias de navidad, mercadillos navide\u00f1os o una ruta por el bel\u00e9n de navidad. <\/p>\n<p><strong>Mallorca<\/strong> presenta todos los a\u00f1os diferentes mercadillos navide\u00f1os en los que la ciudad se llena de vida, ambiente y mucha alegr\u00eda. Hacemos un repaso por lo que ver en Mallorca en navidad: ferias de navidad, mercadillos navide\u00f1os, ruta por el bel\u00e9n de navidad o ver las luces en Mallorca. <\/p>\n<p><img loading=\"lazy\" decoding=\"async\" src=\"https:\/\/www.vibrahotels.com\/blog\/wp-content\/uploads\/2024\/10\/shutterstock_2228903793.jpg\" alt=\"Que ver en Mallorca: Los mejores mercadillos navide\u00f1os\" width=\"1000\" height=\"676\" class=\"alignnone size-full wp-image-7722\" srcset=\"https:\/\/www.vibrahotels.com\/blog\/wp-content\/uploads\/2024\/10\/shutterstock_2228903793.jpg 1000w, https:\/\/www.vibrahotels.com\/blog\/wp-content\/uploads\/2024\/10\/shutterstock_2228903793-300x203.jpg 300w, https:\/\/www.vibrahotels.com\/blog\/wp-content\/uploads\/2024\/10\/shutterstock_2228903793-768x519.jpg 768w\" sizes=\"auto, (max-width: 1000px) 100vw, 1000px\" \/><\/p>\n<h2><strong>Feria de Navidad en Mallorca<\/strong><\/h2>\n<p>Se trata del mercadillo navide\u00f1o m\u00e1s famoso de la isla. Durante el 26 de noviembre del 2024 al 6 de enero de 2025 en la<strong> Plaza Mayor, Paseo de Rambla y el Parc de les Estacions<\/strong> podr\u00e1s encontrar un total de 206 casetas. Un paseo por los puestos navide\u00f1os en los que apreciar preciosas figuras del bel\u00e9n de navidad y atracciones para los m\u00e1s peques que estar\u00e1 disponible todo el d\u00eda. En Parc de les Estacions encontrar\u00e1s velas, abalorios, textil o food trucks, entre otros.<\/p>\n<p><img loading=\"lazy\" decoding=\"async\" src=\"https:\/\/www.vibrahotels.com\/blog\/wp-content\/uploads\/2024\/10\/shutterstock_2400730617.jpg\" alt=\"Que ver en Mallorca: Los mejores mercadillos navide\u00f1os\" width=\"1000\" height=\"667\" class=\"alignnone size-full wp-image-7720\" srcset=\"https:\/\/www.vibrahotels.com\/blog\/wp-content\/uploads\/2024\/10\/shutterstock_2400730617.jpg 1000w, https:\/\/www.vibrahotels.com\/blog\/wp-content\/uploads\/2024\/10\/shutterstock_2400730617-300x200.jpg 300w, https:\/\/www.vibrahotels.com\/blog\/wp-content\/uploads\/2024\/10\/shutterstock_2400730617-768x512.jpg 768w\" sizes=\"auto, (max-width: 1000px) 100vw, 1000px\" \/><\/p>\n<h2><strong>Es Refugi: Solidaridad y Navidad en Mallorca<\/strong><\/h2>\n<p>Se trata de uno de los mercadillos navide\u00f1os m\u00e1s conocidos, bajo el lema <strong>\u201cAprofita i ajuda\u201d<\/strong>, muestra un car\u00e1cter solidario y est\u00e1 formado por voluntarios que venden productos en diferentes puestos de segunda mano con el objetivo de destinar los beneficios a un comedor social. Se trata de una iniciativa muy buena para ayudar en la isla ya la vez disfrutar de el esp\u00edritu navide\u00f1o que impregna loa ciudad esos d\u00edas.<\/p>\n<h2><strong>Mercadillo navide\u00f1o Santa Ponsa <\/strong><\/h2>\n<p>Siente Alemania de cerca con este mercadillo navide\u00f1o en<strong> Santa Ponsa<\/strong>. Distribuido con los t\u00edpicos puestos navide\u00f1os de madera adornada con luces, en \u00e9l podr\u00e1s encontrar artesan\u00eda, libros, abalorios o gastronom\u00eda alemana como el \u201cgluhwein\u201d o vino caliente. Localizado en el recinto ferial Molino de Calvi\u00e0, a la entrada del pol\u00edgono de Son Bugadellas. <\/p>\n<h2><strong>Mercadillos navide\u00f1os en Pueblo Espa\u00f1ol <\/strong><\/h2>\n<p>Para muchos, uno de los m\u00e1s especiales de la isla de Mallorca. Todos los a\u00f1os, la localidad de <strong>Pueblo Espa\u00f1ol <\/strong> realiza un mercadillo en el que representa los monumentos y construcciones m\u00e1s famosas de Espa\u00f1a. Sus calles y plazas se convierten en un espacio arquitect\u00f3nico que crea momentos muy especiales. El municipio est\u00e1 situado a menos de 1 km de la Bah\u00eda de Palma, por lo que no tendr\u00e1s problema con el transporte. <\/p>\n<p><img loading=\"lazy\" decoding=\"async\" src=\"https:\/\/www.vibrahotels.com\/blog\/wp-content\/uploads\/2024\/10\/shutterstock_2479092651.jpg\" alt=\"Que ver en Mallorca: Los mejores mercadillos navide\u00f1os\" width=\"1000\" height=\"667\" class=\"alignnone size-full wp-image-7724\" srcset=\"https:\/\/www.vibrahotels.com\/blog\/wp-content\/uploads\/2024\/10\/shutterstock_2479092651.jpg 1000w, https:\/\/www.vibrahotels.com\/blog\/wp-content\/uploads\/2024\/10\/shutterstock_2479092651-300x200.jpg 300w, https:\/\/www.vibrahotels.com\/blog\/wp-content\/uploads\/2024\/10\/shutterstock_2479092651-768x512.jpg 768w\" sizes=\"auto, (max-width: 1000px) 100vw, 1000px\" \/><\/p>\n<h2><strong>Bel\u00e9n navidad en Mallorca <\/strong><\/h2>\n<p>Si prefieres realizar otro plan adem\u00e1s de visitar los mercadillos navide\u00f1os, en <strong> la isla de Mallorca <\/strong> puedes encontrar otro ideal para estas fechas. Recorre las calles de Palma y admira su precioso Bel\u00e9n de Navidad, con historia propia y muestra un reflejo de la artesan\u00eda local. Se trata de una ruta estupenda para conocer m\u00e1s a fondo los belenes: sus materiales, estilos y tama\u00f1os desde cerca. <\/p>\n<p>Estos son algunos de los mercadillos navide\u00f1os que puedes encontrar en la isla de Mallorca durante la \u00e9poca navide\u00f1a. Ven al mediterr\u00e1neo en la temporada m\u00e1s especial y respira felicidad en un ambiente de solidaridad, energ\u00eda y mucha ilusi\u00f3n.  <\/p>\n<p><img loading=\"lazy\" decoding=\"async\" src=\"https:\/\/www.vibrahotels.com\/blog\/wp-content\/uploads\/2024\/10\/shutterstock_2382604739.jpg\" alt=\"Que ver en Mallorca: Los mejores mercadillos navide\u00f1os\" width=\"1000\" height=\"667\" class=\"alignnone size-full wp-image-7726\" srcset=\"https:\/\/www.vibrahotels.com\/blog\/wp-content\/uploads\/2024\/10\/shutterstock_2382604739.jpg 1000w, https:\/\/www.vibrahotels.com\/blog\/wp-content\/uploads\/2024\/10\/shutterstock_2382604739-300x200.jpg 300w, https:\/\/www.vibrahotels.com\/blog\/wp-content\/uploads\/2024\/10\/shutterstock_2382604739-768x512.jpg 768w\" sizes=\"auto, (max-width: 1000px) 100vw, 1000px\" \/><\/p>\n<p>Y si vas a venir en otras fechas, recuerda los alojamientos de<a href=\"https:\/\/www.vibrahotels.com\/es\"> Vibra Hotels,<\/a> disponibles desde marzo a octubre. El <a href=\"https:\/\/www.vibrahotels.com\/es\/mallorca\/playa-de-palma\/hotel-vibra-palma\">Hotel Vibra Palma Cactus,<\/a> genial para disfrutar de la Playa de Palma y de un lugar lleno de actividades y muy cercano a los puntos m\u00e1s c\u00e9ntricos de la isla.  Y si buscas m\u00e1s tranquilidad, naturaleza, pero a la vez tambi\u00e9n sentir el mar cerca, el <a href=\"https:\/\/www.vibrahotels.com\/es\/mallorca\/paguera-calvia\/hotel-vibra-beverly-playa\">Hotel Beverly Playa<\/a> es tu opci\u00f3n. <\/p>\n","protected":false},"excerpt":{"rendered":"<p>\u00bfQui\u00e9n dice que en las islas no hay vida y movimiento en invierno? La \u00e9poca navide\u00f1a es una de las m\u00e1s esperadas por la poblaci\u00f3n. Sentimientos de felicidad, emoci\u00f3n, nostalgia y amor. La navidad es la excusa perfecta para hacer&#8230;<\/p>\n","protected":false},"author":1,"featured_media":7722,"comment_status":"closed","ping_status":"closed","sticky":false,"template":"","format":"standard","meta":{"footnotes":""},"categories":[1312,1512],"tags":[],"class_list":["post-7718","post","type-post","status-publish","format-standard","has-post-thumbnail","hentry","category-living-vibra","category-planes-en-mallorca"],"yoast_head":"<!-- This site is optimized with the Yoast SEO plugin v27.4 - https:\/\/yoast.com\/product\/yoast-seo-wordpress\/ -->\n<title>Que ver en Mallorca: Los mejores mercadillos navide\u00f1os - Islander by Vibra Hotels<\/title>\n<meta name=\"robots\" content=\"index, follow, max-snippet:-1, max-image-preview:large, max-video-preview:-1\" \/>\n<link rel=\"canonical\" href=\"https:\/\/www.vibrahotels.com\/blog\/los-mejores-mercadillos-navidenos-en-mallorca\/\" \/>\n<meta property=\"og:locale\" content=\"es_ES\" \/>\n<meta property=\"og:type\" content=\"article\" \/>\n<meta property=\"og:title\" content=\"Que ver en Mallorca: Los mejores mercadillos navide\u00f1os - Islander by Vibra Hotels\" \/>\n<meta property=\"og:description\" content=\"\u00bfQui\u00e9n dice que en las islas no hay vida y movimiento en invierno? La \u00e9poca navide\u00f1a es una de las m\u00e1s esperadas por la poblaci\u00f3n. Sentimientos de felicidad, emoci\u00f3n, nostalgia y amor. La navidad es la excusa perfecta para hacer...\" \/>\n<meta property=\"og:url\" content=\"https:\/\/www.vibrahotels.com\/blog\/los-mejores-mercadillos-navidenos-en-mallorca\/\" \/>\n<meta property=\"og:site_name\" content=\"Islander by Vibra Hotels\" \/>\n<meta property=\"article:published_time\" content=\"2024-12-13T08:00:35+00:00\" \/>\n<meta property=\"article:modified_time\" content=\"2025-01-21T08:23:23+00:00\" \/>\n<meta property=\"og:image\" content=\"https:\/\/www.vibrahotels.com\/blog\/wp-content\/uploads\/2024\/10\/shutterstock_2228903793.jpg\" \/>\n\t<meta property=\"og:image:width\" content=\"1000\" \/>\n\t<meta property=\"og:image:height\" content=\"676\" \/>\n\t<meta property=\"og:image:type\" content=\"image\/jpeg\" \/>\n<meta name=\"author\" content=\"The Ibiza Blog\" \/>\n<meta name=\"twitter:card\" content=\"summary_large_image\" \/>\n<meta name=\"twitter:label1\" content=\"Escrito por\" \/>\n\t<meta name=\"twitter:data1\" content=\"The Ibiza Blog\" \/>\n\t<meta name=\"twitter:label2\" content=\"Tiempo de lectura\" \/>\n\t<meta name=\"twitter:data2\" content=\"3 minutos\" \/>\n<script type=\"application\/ld+json\" class=\"yoast-schema-graph\">{\"@context\":\"https:\\\/\\\/schema.org\",\"@graph\":[{\"@type\":\"Article\",\"@id\":\"https:\\\/\\\/www.vibrahotels.com\\\/blog\\\/los-mejores-mercadillos-navidenos-en-mallorca\\\/#article\",\"isPartOf\":{\"@id\":\"https:\\\/\\\/www.vibrahotels.com\\\/blog\\\/los-mejores-mercadillos-navidenos-en-mallorca\\\/\"},\"author\":{\"name\":\"The Ibiza Blog\",\"@id\":\"https:\\\/\\\/www.vibrahotels.com\\\/blog\\\/#\\\/schema\\\/person\\\/ad74f13df6e44e7081ef65424f668972\"},\"headline\":\"Que ver en Mallorca: Los mejores mercadillos navide\u00f1os\",\"datePublished\":\"2024-12-13T08:00:35+00:00\",\"dateModified\":\"2025-01-21T08:23:23+00:00\",\"mainEntityOfPage\":{\"@id\":\"https:\\\/\\\/www.vibrahotels.com\\\/blog\\\/los-mejores-mercadillos-navidenos-en-mallorca\\\/\"},\"wordCount\":697,\"image\":{\"@id\":\"https:\\\/\\\/www.vibrahotels.com\\\/blog\\\/los-mejores-mercadillos-navidenos-en-mallorca\\\/#primaryimage\"},\"thumbnailUrl\":\"https:\\\/\\\/www.vibrahotels.com\\\/blog\\\/wp-content\\\/uploads\\\/2024\\\/10\\\/shutterstock_2228903793.jpg\",\"articleSection\":[\"Living Vibra\",\"Planes en Mallorca\"],\"inLanguage\":\"es\"},{\"@type\":\"WebPage\",\"@id\":\"https:\\\/\\\/www.vibrahotels.com\\\/blog\\\/los-mejores-mercadillos-navidenos-en-mallorca\\\/\",\"url\":\"https:\\\/\\\/www.vibrahotels.com\\\/blog\\\/los-mejores-mercadillos-navidenos-en-mallorca\\\/\",\"name\":\"Que ver en Mallorca: Los mejores mercadillos navide\u00f1os - Islander by Vibra Hotels\",\"isPartOf\":{\"@id\":\"https:\\\/\\\/www.vibrahotels.com\\\/blog\\\/#website\"},\"primaryImageOfPage\":{\"@id\":\"https:\\\/\\\/www.vibrahotels.com\\\/blog\\\/los-mejores-mercadillos-navidenos-en-mallorca\\\/#primaryimage\"},\"image\":{\"@id\":\"https:\\\/\\\/www.vibrahotels.com\\\/blog\\\/los-mejores-mercadillos-navidenos-en-mallorca\\\/#primaryimage\"},\"thumbnailUrl\":\"https:\\\/\\\/www.vibrahotels.com\\\/blog\\\/wp-content\\\/uploads\\\/2024\\\/10\\\/shutterstock_2228903793.jpg\",\"datePublished\":\"2024-12-13T08:00:35+00:00\",\"dateModified\":\"2025-01-21T08:23:23+00:00\",\"author\":{\"@id\":\"https:\\\/\\\/www.vibrahotels.com\\\/blog\\\/#\\\/schema\\\/person\\\/ad74f13df6e44e7081ef65424f668972\"},\"breadcrumb\":{\"@id\":\"https:\\\/\\\/www.vibrahotels.com\\\/blog\\\/los-mejores-mercadillos-navidenos-en-mallorca\\\/#breadcrumb\"},\"inLanguage\":\"es\",\"potentialAction\":[{\"@type\":\"ReadAction\",\"target\":[\"https:\\\/\\\/www.vibrahotels.com\\\/blog\\\/los-mejores-mercadillos-navidenos-en-mallorca\\\/\"]}]},{\"@type\":\"ImageObject\",\"inLanguage\":\"es\",\"@id\":\"https:\\\/\\\/www.vibrahotels.com\\\/blog\\\/los-mejores-mercadillos-navidenos-en-mallorca\\\/#primaryimage\",\"url\":\"https:\\\/\\\/www.vibrahotels.com\\\/blog\\\/wp-content\\\/uploads\\\/2024\\\/10\\\/shutterstock_2228903793.jpg\",\"contentUrl\":\"https:\\\/\\\/www.vibrahotels.com\\\/blog\\\/wp-content\\\/uploads\\\/2024\\\/10\\\/shutterstock_2228903793.jpg\",\"width\":1000,\"height\":676,\"caption\":\"Que ver en Mallorca: Los mejores mercadillos navide\u00f1os\"},{\"@type\":\"BreadcrumbList\",\"@id\":\"https:\\\/\\\/www.vibrahotels.com\\\/blog\\\/los-mejores-mercadillos-navidenos-en-mallorca\\\/#breadcrumb\",\"itemListElement\":[{\"@type\":\"ListItem\",\"position\":1,\"name\":\"Portada\",\"item\":\"https:\\\/\\\/www.vibrahotels.com\\\/blog\\\/\"},{\"@type\":\"ListItem\",\"position\":2,\"name\":\"Que ver en Mallorca: Los mejores mercadillos navide\u00f1os\"}]},{\"@type\":\"WebSite\",\"@id\":\"https:\\\/\\\/www.vibrahotels.com\\\/blog\\\/#website\",\"url\":\"https:\\\/\\\/www.vibrahotels.com\\\/blog\\\/\",\"name\":\"Islander by Vibra Hotels\",\"description\":\"\",\"potentialAction\":[{\"@type\":\"SearchAction\",\"target\":{\"@type\":\"EntryPoint\",\"urlTemplate\":\"https:\\\/\\\/www.vibrahotels.com\\\/blog\\\/?s={search_term_string}\"},\"query-input\":{\"@type\":\"PropertyValueSpecification\",\"valueRequired\":true,\"valueName\":\"search_term_string\"}}],\"inLanguage\":\"es\"},{\"@type\":\"Person\",\"@id\":\"https:\\\/\\\/www.vibrahotels.com\\\/blog\\\/#\\\/schema\\\/person\\\/ad74f13df6e44e7081ef65424f668972\",\"name\":\"The Ibiza Blog\",\"image\":{\"@type\":\"ImageObject\",\"inLanguage\":\"es\",\"@id\":\"https:\\\/\\\/secure.gravatar.com\\\/avatar\\\/d172713df318fe4ba11547ee4a70ab1eae0206026db57d7a5920186b9f5ee855?s=96&d=mm&r=g\",\"url\":\"https:\\\/\\\/secure.gravatar.com\\\/avatar\\\/d172713df318fe4ba11547ee4a70ab1eae0206026db57d7a5920186b9f5ee855?s=96&d=mm&r=g\",\"contentUrl\":\"https:\\\/\\\/secure.gravatar.com\\\/avatar\\\/d172713df318fe4ba11547ee4a70ab1eae0206026db57d7a5920186b9f5ee855?s=96&d=mm&r=g\",\"caption\":\"The Ibiza Blog\"},\"url\":\"https:\\\/\\\/www.vibrahotels.com\\\/blog\\\/author\\\/the-ibiza-blog\\\/\"}]}<\/script>\n<!-- \/ Yoast SEO plugin. -->","yoast_head_json":{"title":"Que ver en Mallorca: Los mejores mercadillos navide\u00f1os - Islander by Vibra Hotels","robots":{"index":"index","follow":"follow","max-snippet":"max-snippet:-1","max-image-preview":"max-image-preview:large","max-video-preview":"max-video-preview:-1"},"canonical":"https:\/\/www.vibrahotels.com\/blog\/los-mejores-mercadillos-navidenos-en-mallorca\/","og_locale":"es_ES","og_type":"article","og_title":"Que ver en Mallorca: Los mejores mercadillos navide\u00f1os - Islander by Vibra Hotels","og_description":"\u00bfQui\u00e9n dice que en las islas no hay vida y movimiento en invierno? La \u00e9poca navide\u00f1a es una de las m\u00e1s esperadas por la poblaci\u00f3n. Sentimientos de felicidad, emoci\u00f3n, nostalgia y amor. La navidad es la excusa perfecta para hacer...","og_url":"https:\/\/www.vibrahotels.com\/blog\/los-mejores-mercadillos-navidenos-en-mallorca\/","og_site_name":"Islander by Vibra Hotels","article_published_time":"2024-12-13T08:00:35+00:00","article_modified_time":"2025-01-21T08:23:23+00:00","og_image":[{"width":1000,"height":676,"url":"https:\/\/www.vibrahotels.com\/blog\/wp-content\/uploads\/2024\/10\/shutterstock_2228903793.jpg","type":"image\/jpeg"}],"author":"The Ibiza Blog","twitter_card":"summary_large_image","twitter_misc":{"Escrito por":"The Ibiza Blog","Tiempo de lectura":"3 minutos"},"schema":{"@context":"https:\/\/schema.org","@graph":[{"@type":"Article","@id":"https:\/\/www.vibrahotels.com\/blog\/los-mejores-mercadillos-navidenos-en-mallorca\/#article","isPartOf":{"@id":"https:\/\/www.vibrahotels.com\/blog\/los-mejores-mercadillos-navidenos-en-mallorca\/"},"author":{"name":"The Ibiza Blog","@id":"https:\/\/www.vibrahotels.com\/blog\/#\/schema\/person\/ad74f13df6e44e7081ef65424f668972"},"headline":"Que ver en Mallorca: Los mejores mercadillos navide\u00f1os","datePublished":"2024-12-13T08:00:35+00:00","dateModified":"2025-01-21T08:23:23+00:00","mainEntityOfPage":{"@id":"https:\/\/www.vibrahotels.com\/blog\/los-mejores-mercadillos-navidenos-en-mallorca\/"},"wordCount":697,"image":{"@id":"https:\/\/www.vibrahotels.com\/blog\/los-mejores-mercadillos-navidenos-en-mallorca\/#primaryimage"},"thumbnailUrl":"https:\/\/www.vibrahotels.com\/blog\/wp-content\/uploads\/2024\/10\/shutterstock_2228903793.jpg","articleSection":["Living Vibra","Planes en Mallorca"],"inLanguage":"es"},{"@type":"WebPage","@id":"https:\/\/www.vibrahotels.com\/blog\/los-mejores-mercadillos-navidenos-en-mallorca\/","url":"https:\/\/www.vibrahotels.com\/blog\/los-mejores-mercadillos-navidenos-en-mallorca\/","name":"Que ver en Mallorca: Los mejores mercadillos navide\u00f1os - Islander by Vibra Hotels","isPartOf":{"@id":"https:\/\/www.vibrahotels.com\/blog\/#website"},"primaryImageOfPage":{"@id":"https:\/\/www.vibrahotels.com\/blog\/los-mejores-mercadillos-navidenos-en-mallorca\/#primaryimage"},"image":{"@id":"https:\/\/www.vibrahotels.com\/blog\/los-mejores-mercadillos-navidenos-en-mallorca\/#primaryimage"},"thumbnailUrl":"https:\/\/www.vibrahotels.com\/blog\/wp-content\/uploads\/2024\/10\/shutterstock_2228903793.jpg","datePublished":"2024-12-13T08:00:35+00:00","dateModified":"2025-01-21T08:23:23+00:00","author":{"@id":"https:\/\/www.vibrahotels.com\/blog\/#\/schema\/person\/ad74f13df6e44e7081ef65424f668972"},"breadcrumb":{"@id":"https:\/\/www.vibrahotels.com\/blog\/los-mejores-mercadillos-navidenos-en-mallorca\/#breadcrumb"},"inLanguage":"es","potentialAction":[{"@type":"ReadAction","target":["https:\/\/www.vibrahotels.com\/blog\/los-mejores-mercadillos-navidenos-en-mallorca\/"]}]},{"@type":"ImageObject","inLanguage":"es","@id":"https:\/\/www.vibrahotels.com\/blog\/los-mejores-mercadillos-navidenos-en-mallorca\/#primaryimage","url":"https:\/\/www.vibrahotels.com\/blog\/wp-content\/uploads\/2024\/10\/shutterstock_2228903793.jpg","contentUrl":"https:\/\/www.vibrahotels.com\/blog\/wp-content\/uploads\/2024\/10\/shutterstock_2228903793.jpg","width":1000,"height":676,"caption":"Que ver en Mallorca: Los mejores mercadillos navide\u00f1os"},{"@type":"BreadcrumbList","@id":"https:\/\/www.vibrahotels.com\/blog\/los-mejores-mercadillos-navidenos-en-mallorca\/#breadcrumb","itemListElement":[{"@type":"ListItem","position":1,"name":"Portada","item":"https:\/\/www.vibrahotels.com\/blog\/"},{"@type":"ListItem","position":2,"name":"Que ver en Mallorca: Los mejores mercadillos navide\u00f1os"}]},{"@type":"WebSite","@id":"https:\/\/www.vibrahotels.com\/blog\/#website","url":"https:\/\/www.vibrahotels.com\/blog\/","name":"Islander by Vibra Hotels","description":"","potentialAction":[{"@type":"SearchAction","target":{"@type":"EntryPoint","urlTemplate":"https:\/\/www.vibrahotels.com\/blog\/?s={search_term_string}"},"query-input":{"@type":"PropertyValueSpecification","valueRequired":true,"valueName":"search_term_string"}}],"inLanguage":"es"},{"@type":"Person","@id":"https:\/\/www.vibrahotels.com\/blog\/#\/schema\/person\/ad74f13df6e44e7081ef65424f668972","name":"The Ibiza Blog","image":{"@type":"ImageObject","inLanguage":"es","@id":"https:\/\/secure.gravatar.com\/avatar\/d172713df318fe4ba11547ee4a70ab1eae0206026db57d7a5920186b9f5ee855?s=96&d=mm&r=g","url":"https:\/\/secure.gravatar.com\/avatar\/d172713df318fe4ba11547ee4a70ab1eae0206026db57d7a5920186b9f5ee855?s=96&d=mm&r=g","contentUrl":"https:\/\/secure.gravatar.com\/avatar\/d172713df318fe4ba11547ee4a70ab1eae0206026db57d7a5920186b9f5ee855?s=96&d=mm&r=g","caption":"The Ibiza Blog"},"url":"https:\/\/www.vibrahotels.com\/blog\/author\/the-ibiza-blog\/"}]}},"_links":{"self":[{"href":"https:\/\/www.vibrahotels.com\/blog\/wp-json\/wp\/v2\/posts\/7718","targetHints":{"allow":["GET"]}}],"collection":[{"href":"https:\/\/www.vibrahotels.com\/blog\/wp-json\/wp\/v2\/posts"}],"about":[{"href":"https:\/\/www.vibrahotels.com\/blog\/wp-json\/wp\/v2\/types\/post"}],"author":[{"embeddable":true,"href":"https:\/\/www.vibrahotels.com\/blog\/wp-json\/wp\/v2\/users\/1"}],"replies":[{"embeddable":true,"href":"https:\/\/www.vibrahotels.com\/blog\/wp-json\/wp\/v2\/comments?post=7718"}],"version-history":[{"count":37,"href":"https:\/\/www.vibrahotels.com\/blog\/wp-json\/wp\/v2\/posts\/7718\/revisions"}],"predecessor-version":[{"id":8977,"href":"https:\/\/www.vibrahotels.com\/blog\/wp-json\/wp\/v2\/posts\/7718\/revisions\/8977"}],"wp:featuredmedia":[{"embeddable":true,"href":"https:\/\/www.vibrahotels.com\/blog\/wp-json\/wp\/v2\/media\/7722"}],"wp:attachment":[{"href":"https:\/\/www.vibrahotels.com\/blog\/wp-json\/wp\/v2\/media?parent=7718"}],"wp:term":[{"taxonomy":"category","embeddable":true,"href":"https:\/\/www.vibrahotels.com\/blog\/wp-json\/wp\/v2\/categories?post=7718"},{"taxonomy":"post_tag","embeddable":true,"href":"https:\/\/www.vibrahotels.com\/blog\/wp-json\/wp\/v2\/tags?post=7718"}],"curies":[{"name":"wp","href":"https:\/\/api.w.org\/{rel}","templated":true}]}}