{"id":7662,"date":"2024-11-15T09:00:55","date_gmt":"2024-11-15T08:00:55","guid":{"rendered":"https:\/\/www.vibrahotels.com\/blog\/?p=7662"},"modified":"2025-03-27T11:22:55","modified_gmt":"2025-03-27T10:22:55","slug":"senderismo-por-el-cami-de-cavalls-en-menorca","status":"publish","type":"post","link":"https:\/\/www.vibrahotels.com\/blog\/senderismo-por-el-cami-de-cavalls-en-menorca\/","title":{"rendered":"Que hacer en Menorca: Senderismo por el Cam\u00ed de Cavalls"},"content":{"rendered":"<p>Naturaleza, deporte, tranquilidad y la isla de Menorca. \u00bfQu\u00e9 m\u00e1s necesitas para pasar tus vacaciones de oto\u00f1o?  Las <strong>Islas Baleares<\/strong> son una de las principales opciones para viajar en verano, pero no podemos olvidar las ventajas que tiene visitar la isla en los meses de despu\u00e9s. Por ejemplo, es uno de los momentos perfectos para realizar senderismo por el Cam\u00ed de Cavalls, una de las rutas m\u00e1s famosas. En esta entrada te contamos que hacer en Menorca este oto\u00f1o. <\/p>\n<p><strong>El Cam\u00ed de Cavalls<\/strong> es un sendero hist\u00f3rico que recorre todo el litoral a trav\u00e9s de 20 etapas se\u00f1alizadas. Su origen se remonta al siglo XIV como arma para defender la isla y vigilar la costa a causa de las invasiones que sufr\u00eda. Con el tiempo, se ha recuperado para uso p\u00fablico y es ahora una de las rutas m\u00e1s brillantes y populares para conocer la isla de Menorca. <\/p>\n<p><img loading=\"lazy\" decoding=\"async\" src=\"https:\/\/www.vibrahotels.com\/blog\/wp-content\/uploads\/2024\/10\/shutterstock_1289488525.jpg\" alt=\"Senderismo por Ruta des Cavalls Menorca\" width=\"1000\" height=\"669\" class=\"alignnone size-full wp-image-7663\" srcset=\"https:\/\/www.vibrahotels.com\/blog\/wp-content\/uploads\/2024\/10\/shutterstock_1289488525.jpg 1000w, https:\/\/www.vibrahotels.com\/blog\/wp-content\/uploads\/2024\/10\/shutterstock_1289488525-300x201.jpg 300w, https:\/\/www.vibrahotels.com\/blog\/wp-content\/uploads\/2024\/10\/shutterstock_1289488525-768x514.jpg 768w\" sizes=\"auto, (max-width: 1000px) 100vw, 1000px\" \/> <\/p>\n<p>Gracias al clima mediterr\u00e1neo que tienen la isla de Menorca, el mes de noviembre es ideal para realizar rutas como la del Cam\u00ed de Cavalls. Zonas y senderos m\u00e1s tranquilos, no hay altas temperaturas y se puede disfrutar mejor de la naturaleza. Cada tramo est\u00e1 repleto de sorpresas y es una elecci\u00f3n maravillosa para conocer de cerca la historia de Menorca y sus valores ambientales. <\/p>\n<p><strong><\/p>\n<h2> Que hacer en Menorca: conoce el Cam\u00ed de Cavalls <\/h2>\n<p><\/strong><\/p>\n<p>En el camino descubrir\u00e1s faros, monumentos arquitect\u00f3nicos, torres, parques naturales como el de <strong>s\u2019Albufera des Grau,<\/strong> acantilados y, sobre todo, maravillosas calas. La ruta divide las 10 primeras etapas en la costa norte de la isla, desde Mah\u00f3n hasta Ciudadela de Menorca. <\/p>\n<p><img loading=\"lazy\" decoding=\"async\" src=\"https:\/\/www.vibrahotels.com\/blog\/wp-content\/uploads\/2024\/10\/pexels-tom-d-arby-3904203-6006964-scaled.jpg\" alt=\"Ruta por Cam\u00ed de Cavalls Menorca\" width=\"2560\" height=\"1373\" class=\"alignnone size-full wp-image-7684\" srcset=\"https:\/\/www.vibrahotels.com\/blog\/wp-content\/uploads\/2024\/10\/pexels-tom-d-arby-3904203-6006964-scaled.jpg 2560w, https:\/\/www.vibrahotels.com\/blog\/wp-content\/uploads\/2024\/10\/pexels-tom-d-arby-3904203-6006964-300x161.jpg 300w, https:\/\/www.vibrahotels.com\/blog\/wp-content\/uploads\/2024\/10\/pexels-tom-d-arby-3904203-6006964-1024x549.jpg 1024w, https:\/\/www.vibrahotels.com\/blog\/wp-content\/uploads\/2024\/10\/pexels-tom-d-arby-3904203-6006964-768x412.jpg 768w, https:\/\/www.vibrahotels.com\/blog\/wp-content\/uploads\/2024\/10\/pexels-tom-d-arby-3904203-6006964-1536x824.jpg 1536w, https:\/\/www.vibrahotels.com\/blog\/wp-content\/uploads\/2024\/10\/pexels-tom-d-arby-3904203-6006964-2048x1098.jpg 2048w\" sizes=\"auto, (max-width: 2560px) 100vw, 2560px\" \/><\/p>\n<p>Durante estas diez primeras etapas, encontrar\u00e1s magn\u00edficos lugares a visitar. Varios est\u00e1n en la segunda etapa: Es Grau \u2013 Cala de sa Torreta. En este tramo se puede contemplar el parque natural de S\u2019Albufera des Grau y tiene una distancia de 3,5 km, unos 60 minutos a pie. Tambi\u00e9n en la misma zona se hallan playas v\u00edrgenes en compa\u00f1\u00eda del faro de Fav\u00e0ritx. <\/p>\n<p>Para los amantes del mar y la costa mediterr\u00e1nea, en la etapa 6 podr\u00e1s encontrar la m\u00e1s agreste y espectacular de la isla de Menorca, desde la playa de Binimel-l\u00e0 hasta Cala Pregonda, con una distancia de 1,8 km. Si la quieres alargar m\u00e1s, puedes llegar hasta Cala en Calderer caminando unos 3,5 km m\u00e1s. <\/p>\n<p><img loading=\"lazy\" decoding=\"async\" src=\"https:\/\/www.vibrahotels.com\/blog\/wp-content\/uploads\/2024\/10\/shutterstock_448666033-2-1.jpg\" alt=\"Senderismo por el Cam\u00ed de Cavalls en Menorca \" width=\"1000\" height=\"667\" class=\"alignnone size-full wp-image-7752\" srcset=\"https:\/\/www.vibrahotels.com\/blog\/wp-content\/uploads\/2024\/10\/shutterstock_448666033-2-1.jpg 1000w, https:\/\/www.vibrahotels.com\/blog\/wp-content\/uploads\/2024\/10\/shutterstock_448666033-2-1-300x200.jpg 300w, https:\/\/www.vibrahotels.com\/blog\/wp-content\/uploads\/2024\/10\/shutterstock_448666033-2-1-768x512.jpg 768w\" sizes=\"auto, (max-width: 1000px) 100vw, 1000px\" \/><\/p>\n<p>Las otras 10 etapas est\u00e1n repartidas por la costa sur de la isla, desde Cabo de Artrutx a Cala Sant Esteve. De estas etapas, hay diferentes tramos que son especiales y muestran la historia de Menorca. En la fase 14 de este recorrido por el sur, puedes envolverte en el para\u00edso turquesa de Cala Galdana a Cala Mitjana. La distancia es de 1,3 km y a pie son unos 20 minutos. <\/p>\n<p><img loading=\"lazy\" decoding=\"async\" src=\"https:\/\/www.vibrahotels.com\/blog\/wp-content\/uploads\/2024\/10\/shutterstock_2193379059.jpg\" alt=\"Senderismo por el Cam\u00ed de Cavalls en Menorca \" width=\"1000\" height=\"658\" class=\"alignnone size-full wp-image-7754\" srcset=\"https:\/\/www.vibrahotels.com\/blog\/wp-content\/uploads\/2024\/10\/shutterstock_2193379059.jpg 1000w, https:\/\/www.vibrahotels.com\/blog\/wp-content\/uploads\/2024\/10\/shutterstock_2193379059-300x197.jpg 300w, https:\/\/www.vibrahotels.com\/blog\/wp-content\/uploads\/2024\/10\/shutterstock_2193379059-768x505.jpg 768w\" sizes=\"auto, (max-width: 1000px) 100vw, 1000px\" \/><\/p>\n<p>Ya en el final del camino, en la etapa 19, se encuentra la <strong>torre de Alcafar<\/strong>, en Punta Prima, un paseo ideal en el que te acompa\u00f1a el faro de la isla del Aire. Tiene una distancia de 2,7 km y el tiempo estimado a pie es de unos 60 minutos. <\/p>\n<p>Durante los meses de invierno encontrar\u00e1s muchos alojamientos cerrados, pero si viajas entre los meses de mayo y noviembre, te sugerimos <a href=\"https:\/\/www.vibrahotels.com\/es\" rel=\"noopenertarget=\"_blank\">Vibra Hotels<\/a>, que cuenta con 3 establecimientos a tan solo 2 km de Ciudadela de Menorca y con excelentes zonas ajardinadas, gran piscina y acceso directo a la playa de Sa Caleta <a href=\"https:\/\/www.vibrahotels.com\/es\/menorca\/ciudadela\/apartamentos-vibra-caleta-playa\" rel=\"noopener\" target=\"_blank\">Vibra Caleta Playa<\/a>, <a href=\"https:\/\/www.vibrahotels.com\/es\/menorca\/ciudadela\/aparthotel-vibra-blanc-palace\" rel=\"noopener\" target=\"_blank\">Vibra Blanc Palace<\/a> y <a href=\"https:\/\/www.vibrahotels.com\/es\/menorca\/ciudadela\/apartamentos-vibra-blanc-cottage\" rel=\"noopener\" target=\"_blank\">Vibra Blanc Cottage<\/a> ofrecen la mejor relaci\u00f3n calidad precio de la isla!<\/p>\n<p>Estas son solo algunas de todas las maravillas que puedes encontrarte en el <strong>Cam\u00ed de Cavalls<\/strong>, una ruta fant\u00e1stica para realizar en los meses de oto\u00f1o y disfrutar de la naturaleza en la isla de Menorca. Ya sabes, prepara tu maleta y esc\u00e1pate a la isla de los peque\u00f1os placeres. <\/p>\n","protected":false},"excerpt":{"rendered":"<p>Naturaleza, deporte, tranquilidad y la isla de Menorca. \u00bfQu\u00e9 m\u00e1s necesitas para pasar tus vacaciones de oto\u00f1o? Las Islas Baleares son una de las principales opciones para viajar en verano, pero no podemos olvidar las ventajas que tiene visitar la&#8230;<\/p>\n","protected":false},"author":1,"featured_media":7663,"comment_status":"closed","ping_status":"open","sticky":false,"template":"","format":"standard","meta":{"footnotes":""},"categories":[1557],"tags":[],"class_list":["post-7662","post","type-post","status-publish","format-standard","has-post-thumbnail","hentry","category-planes-en-menorca"],"yoast_head":"<!-- This site is optimized with the Yoast SEO plugin v27.4 - https:\/\/yoast.com\/product\/yoast-seo-wordpress\/ -->\n<title>Que hacer en Menorca: Senderismo por el Cam\u00ed de Cavalls - Islander by Vibra Hotels<\/title>\n<meta name=\"robots\" content=\"index, follow, max-snippet:-1, max-image-preview:large, max-video-preview:-1\" \/>\n<link rel=\"canonical\" href=\"https:\/\/www.vibrahotels.com\/blog\/senderismo-por-el-cami-de-cavalls-en-menorca\/\" \/>\n<meta property=\"og:locale\" content=\"es_ES\" \/>\n<meta property=\"og:type\" content=\"article\" \/>\n<meta property=\"og:title\" content=\"Que hacer en Menorca: Senderismo por el Cam\u00ed de Cavalls - Islander by Vibra Hotels\" \/>\n<meta property=\"og:description\" content=\"Naturaleza, deporte, tranquilidad y la isla de Menorca. \u00bfQu\u00e9 m\u00e1s necesitas para pasar tus vacaciones de oto\u00f1o? Las Islas Baleares son una de las principales opciones para viajar en verano, pero no podemos olvidar las ventajas que tiene visitar la...\" \/>\n<meta property=\"og:url\" content=\"https:\/\/www.vibrahotels.com\/blog\/senderismo-por-el-cami-de-cavalls-en-menorca\/\" \/>\n<meta property=\"og:site_name\" content=\"Islander by Vibra Hotels\" \/>\n<meta property=\"article:published_time\" content=\"2024-11-15T08:00:55+00:00\" \/>\n<meta property=\"article:modified_time\" content=\"2025-03-27T10:22:55+00:00\" \/>\n<meta property=\"og:image\" content=\"https:\/\/www.vibrahotels.com\/blog\/wp-content\/uploads\/2024\/10\/shutterstock_1289488525.jpg\" \/>\n\t<meta property=\"og:image:width\" content=\"1000\" \/>\n\t<meta property=\"og:image:height\" content=\"669\" \/>\n\t<meta property=\"og:image:type\" content=\"image\/jpeg\" \/>\n<meta name=\"author\" content=\"The Ibiza Blog\" \/>\n<meta name=\"twitter:card\" content=\"summary_large_image\" \/>\n<meta name=\"twitter:label1\" content=\"Escrito por\" \/>\n\t<meta name=\"twitter:data1\" content=\"The Ibiza Blog\" \/>\n\t<meta name=\"twitter:label2\" content=\"Tiempo de lectura\" \/>\n\t<meta name=\"twitter:data2\" content=\"3 minutos\" \/>\n<script type=\"application\/ld+json\" class=\"yoast-schema-graph\">{\"@context\":\"https:\\\/\\\/schema.org\",\"@graph\":[{\"@type\":\"Article\",\"@id\":\"https:\\\/\\\/www.vibrahotels.com\\\/blog\\\/senderismo-por-el-cami-de-cavalls-en-menorca\\\/#article\",\"isPartOf\":{\"@id\":\"https:\\\/\\\/www.vibrahotels.com\\\/blog\\\/senderismo-por-el-cami-de-cavalls-en-menorca\\\/\"},\"author\":{\"name\":\"The Ibiza Blog\",\"@id\":\"https:\\\/\\\/www.vibrahotels.com\\\/blog\\\/#\\\/schema\\\/person\\\/ad74f13df6e44e7081ef65424f668972\"},\"headline\":\"Que hacer en Menorca: Senderismo por el Cam\u00ed de Cavalls\",\"datePublished\":\"2024-11-15T08:00:55+00:00\",\"dateModified\":\"2025-03-27T10:22:55+00:00\",\"mainEntityOfPage\":{\"@id\":\"https:\\\/\\\/www.vibrahotels.com\\\/blog\\\/senderismo-por-el-cami-de-cavalls-en-menorca\\\/\"},\"wordCount\":555,\"image\":{\"@id\":\"https:\\\/\\\/www.vibrahotels.com\\\/blog\\\/senderismo-por-el-cami-de-cavalls-en-menorca\\\/#primaryimage\"},\"thumbnailUrl\":\"https:\\\/\\\/www.vibrahotels.com\\\/blog\\\/wp-content\\\/uploads\\\/2024\\\/10\\\/shutterstock_1289488525.jpg\",\"articleSection\":[\"Planes en Menorca\"],\"inLanguage\":\"es\"},{\"@type\":\"WebPage\",\"@id\":\"https:\\\/\\\/www.vibrahotels.com\\\/blog\\\/senderismo-por-el-cami-de-cavalls-en-menorca\\\/\",\"url\":\"https:\\\/\\\/www.vibrahotels.com\\\/blog\\\/senderismo-por-el-cami-de-cavalls-en-menorca\\\/\",\"name\":\"Que hacer en Menorca: Senderismo por el Cam\u00ed de Cavalls - Islander by Vibra Hotels\",\"isPartOf\":{\"@id\":\"https:\\\/\\\/www.vibrahotels.com\\\/blog\\\/#website\"},\"primaryImageOfPage\":{\"@id\":\"https:\\\/\\\/www.vibrahotels.com\\\/blog\\\/senderismo-por-el-cami-de-cavalls-en-menorca\\\/#primaryimage\"},\"image\":{\"@id\":\"https:\\\/\\\/www.vibrahotels.com\\\/blog\\\/senderismo-por-el-cami-de-cavalls-en-menorca\\\/#primaryimage\"},\"thumbnailUrl\":\"https:\\\/\\\/www.vibrahotels.com\\\/blog\\\/wp-content\\\/uploads\\\/2024\\\/10\\\/shutterstock_1289488525.jpg\",\"datePublished\":\"2024-11-15T08:00:55+00:00\",\"dateModified\":\"2025-03-27T10:22:55+00:00\",\"author\":{\"@id\":\"https:\\\/\\\/www.vibrahotels.com\\\/blog\\\/#\\\/schema\\\/person\\\/ad74f13df6e44e7081ef65424f668972\"},\"breadcrumb\":{\"@id\":\"https:\\\/\\\/www.vibrahotels.com\\\/blog\\\/senderismo-por-el-cami-de-cavalls-en-menorca\\\/#breadcrumb\"},\"inLanguage\":\"es\",\"potentialAction\":[{\"@type\":\"ReadAction\",\"target\":[\"https:\\\/\\\/www.vibrahotels.com\\\/blog\\\/senderismo-por-el-cami-de-cavalls-en-menorca\\\/\"]}]},{\"@type\":\"ImageObject\",\"inLanguage\":\"es\",\"@id\":\"https:\\\/\\\/www.vibrahotels.com\\\/blog\\\/senderismo-por-el-cami-de-cavalls-en-menorca\\\/#primaryimage\",\"url\":\"https:\\\/\\\/www.vibrahotels.com\\\/blog\\\/wp-content\\\/uploads\\\/2024\\\/10\\\/shutterstock_1289488525.jpg\",\"contentUrl\":\"https:\\\/\\\/www.vibrahotels.com\\\/blog\\\/wp-content\\\/uploads\\\/2024\\\/10\\\/shutterstock_1289488525.jpg\",\"width\":1000,\"height\":669,\"caption\":\"Que hacer en Menorca: Senderismo por el Cam\u00ed de Cavalls\"},{\"@type\":\"BreadcrumbList\",\"@id\":\"https:\\\/\\\/www.vibrahotels.com\\\/blog\\\/senderismo-por-el-cami-de-cavalls-en-menorca\\\/#breadcrumb\",\"itemListElement\":[{\"@type\":\"ListItem\",\"position\":1,\"name\":\"Portada\",\"item\":\"https:\\\/\\\/www.vibrahotels.com\\\/blog\\\/\"},{\"@type\":\"ListItem\",\"position\":2,\"name\":\"Que hacer en Menorca: Senderismo por el Cam\u00ed de Cavalls\"}]},{\"@type\":\"WebSite\",\"@id\":\"https:\\\/\\\/www.vibrahotels.com\\\/blog\\\/#website\",\"url\":\"https:\\\/\\\/www.vibrahotels.com\\\/blog\\\/\",\"name\":\"Islander by Vibra Hotels\",\"description\":\"\",\"potentialAction\":[{\"@type\":\"SearchAction\",\"target\":{\"@type\":\"EntryPoint\",\"urlTemplate\":\"https:\\\/\\\/www.vibrahotels.com\\\/blog\\\/?s={search_term_string}\"},\"query-input\":{\"@type\":\"PropertyValueSpecification\",\"valueRequired\":true,\"valueName\":\"search_term_string\"}}],\"inLanguage\":\"es\"},{\"@type\":\"Person\",\"@id\":\"https:\\\/\\\/www.vibrahotels.com\\\/blog\\\/#\\\/schema\\\/person\\\/ad74f13df6e44e7081ef65424f668972\",\"name\":\"The Ibiza Blog\",\"image\":{\"@type\":\"ImageObject\",\"inLanguage\":\"es\",\"@id\":\"https:\\\/\\\/secure.gravatar.com\\\/avatar\\\/d172713df318fe4ba11547ee4a70ab1eae0206026db57d7a5920186b9f5ee855?s=96&d=mm&r=g\",\"url\":\"https:\\\/\\\/secure.gravatar.com\\\/avatar\\\/d172713df318fe4ba11547ee4a70ab1eae0206026db57d7a5920186b9f5ee855?s=96&d=mm&r=g\",\"contentUrl\":\"https:\\\/\\\/secure.gravatar.com\\\/avatar\\\/d172713df318fe4ba11547ee4a70ab1eae0206026db57d7a5920186b9f5ee855?s=96&d=mm&r=g\",\"caption\":\"The Ibiza Blog\"},\"url\":\"https:\\\/\\\/www.vibrahotels.com\\\/blog\\\/author\\\/the-ibiza-blog\\\/\"}]}<\/script>\n<!-- \/ Yoast SEO plugin. -->","yoast_head_json":{"title":"Que hacer en Menorca: Senderismo por el Cam\u00ed de Cavalls - Islander by Vibra Hotels","robots":{"index":"index","follow":"follow","max-snippet":"max-snippet:-1","max-image-preview":"max-image-preview:large","max-video-preview":"max-video-preview:-1"},"canonical":"https:\/\/www.vibrahotels.com\/blog\/senderismo-por-el-cami-de-cavalls-en-menorca\/","og_locale":"es_ES","og_type":"article","og_title":"Que hacer en Menorca: Senderismo por el Cam\u00ed de Cavalls - Islander by Vibra Hotels","og_description":"Naturaleza, deporte, tranquilidad y la isla de Menorca. \u00bfQu\u00e9 m\u00e1s necesitas para pasar tus vacaciones de oto\u00f1o? Las Islas Baleares son una de las principales opciones para viajar en verano, pero no podemos olvidar las ventajas que tiene visitar la...","og_url":"https:\/\/www.vibrahotels.com\/blog\/senderismo-por-el-cami-de-cavalls-en-menorca\/","og_site_name":"Islander by Vibra Hotels","article_published_time":"2024-11-15T08:00:55+00:00","article_modified_time":"2025-03-27T10:22:55+00:00","og_image":[{"width":1000,"height":669,"url":"https:\/\/www.vibrahotels.com\/blog\/wp-content\/uploads\/2024\/10\/shutterstock_1289488525.jpg","type":"image\/jpeg"}],"author":"The Ibiza Blog","twitter_card":"summary_large_image","twitter_misc":{"Escrito por":"The Ibiza Blog","Tiempo de lectura":"3 minutos"},"schema":{"@context":"https:\/\/schema.org","@graph":[{"@type":"Article","@id":"https:\/\/www.vibrahotels.com\/blog\/senderismo-por-el-cami-de-cavalls-en-menorca\/#article","isPartOf":{"@id":"https:\/\/www.vibrahotels.com\/blog\/senderismo-por-el-cami-de-cavalls-en-menorca\/"},"author":{"name":"The Ibiza Blog","@id":"https:\/\/www.vibrahotels.com\/blog\/#\/schema\/person\/ad74f13df6e44e7081ef65424f668972"},"headline":"Que hacer en Menorca: Senderismo por el Cam\u00ed de Cavalls","datePublished":"2024-11-15T08:00:55+00:00","dateModified":"2025-03-27T10:22:55+00:00","mainEntityOfPage":{"@id":"https:\/\/www.vibrahotels.com\/blog\/senderismo-por-el-cami-de-cavalls-en-menorca\/"},"wordCount":555,"image":{"@id":"https:\/\/www.vibrahotels.com\/blog\/senderismo-por-el-cami-de-cavalls-en-menorca\/#primaryimage"},"thumbnailUrl":"https:\/\/www.vibrahotels.com\/blog\/wp-content\/uploads\/2024\/10\/shutterstock_1289488525.jpg","articleSection":["Planes en Menorca"],"inLanguage":"es"},{"@type":"WebPage","@id":"https:\/\/www.vibrahotels.com\/blog\/senderismo-por-el-cami-de-cavalls-en-menorca\/","url":"https:\/\/www.vibrahotels.com\/blog\/senderismo-por-el-cami-de-cavalls-en-menorca\/","name":"Que hacer en Menorca: Senderismo por el Cam\u00ed de Cavalls - Islander by Vibra Hotels","isPartOf":{"@id":"https:\/\/www.vibrahotels.com\/blog\/#website"},"primaryImageOfPage":{"@id":"https:\/\/www.vibrahotels.com\/blog\/senderismo-por-el-cami-de-cavalls-en-menorca\/#primaryimage"},"image":{"@id":"https:\/\/www.vibrahotels.com\/blog\/senderismo-por-el-cami-de-cavalls-en-menorca\/#primaryimage"},"thumbnailUrl":"https:\/\/www.vibrahotels.com\/blog\/wp-content\/uploads\/2024\/10\/shutterstock_1289488525.jpg","datePublished":"2024-11-15T08:00:55+00:00","dateModified":"2025-03-27T10:22:55+00:00","author":{"@id":"https:\/\/www.vibrahotels.com\/blog\/#\/schema\/person\/ad74f13df6e44e7081ef65424f668972"},"breadcrumb":{"@id":"https:\/\/www.vibrahotels.com\/blog\/senderismo-por-el-cami-de-cavalls-en-menorca\/#breadcrumb"},"inLanguage":"es","potentialAction":[{"@type":"ReadAction","target":["https:\/\/www.vibrahotels.com\/blog\/senderismo-por-el-cami-de-cavalls-en-menorca\/"]}]},{"@type":"ImageObject","inLanguage":"es","@id":"https:\/\/www.vibrahotels.com\/blog\/senderismo-por-el-cami-de-cavalls-en-menorca\/#primaryimage","url":"https:\/\/www.vibrahotels.com\/blog\/wp-content\/uploads\/2024\/10\/shutterstock_1289488525.jpg","contentUrl":"https:\/\/www.vibrahotels.com\/blog\/wp-content\/uploads\/2024\/10\/shutterstock_1289488525.jpg","width":1000,"height":669,"caption":"Que hacer en Menorca: Senderismo por el Cam\u00ed de Cavalls"},{"@type":"BreadcrumbList","@id":"https:\/\/www.vibrahotels.com\/blog\/senderismo-por-el-cami-de-cavalls-en-menorca\/#breadcrumb","itemListElement":[{"@type":"ListItem","position":1,"name":"Portada","item":"https:\/\/www.vibrahotels.com\/blog\/"},{"@type":"ListItem","position":2,"name":"Que hacer en Menorca: Senderismo por el Cam\u00ed de Cavalls"}]},{"@type":"WebSite","@id":"https:\/\/www.vibrahotels.com\/blog\/#website","url":"https:\/\/www.vibrahotels.com\/blog\/","name":"Islander by Vibra Hotels","description":"","potentialAction":[{"@type":"SearchAction","target":{"@type":"EntryPoint","urlTemplate":"https:\/\/www.vibrahotels.com\/blog\/?s={search_term_string}"},"query-input":{"@type":"PropertyValueSpecification","valueRequired":true,"valueName":"search_term_string"}}],"inLanguage":"es"},{"@type":"Person","@id":"https:\/\/www.vibrahotels.com\/blog\/#\/schema\/person\/ad74f13df6e44e7081ef65424f668972","name":"The Ibiza Blog","image":{"@type":"ImageObject","inLanguage":"es","@id":"https:\/\/secure.gravatar.com\/avatar\/d172713df318fe4ba11547ee4a70ab1eae0206026db57d7a5920186b9f5ee855?s=96&d=mm&r=g","url":"https:\/\/secure.gravatar.com\/avatar\/d172713df318fe4ba11547ee4a70ab1eae0206026db57d7a5920186b9f5ee855?s=96&d=mm&r=g","contentUrl":"https:\/\/secure.gravatar.com\/avatar\/d172713df318fe4ba11547ee4a70ab1eae0206026db57d7a5920186b9f5ee855?s=96&d=mm&r=g","caption":"The Ibiza Blog"},"url":"https:\/\/www.vibrahotels.com\/blog\/author\/the-ibiza-blog\/"}]}},"_links":{"self":[{"href":"https:\/\/www.vibrahotels.com\/blog\/wp-json\/wp\/v2\/posts\/7662","targetHints":{"allow":["GET"]}}],"collection":[{"href":"https:\/\/www.vibrahotels.com\/blog\/wp-json\/wp\/v2\/posts"}],"about":[{"href":"https:\/\/www.vibrahotels.com\/blog\/wp-json\/wp\/v2\/types\/post"}],"author":[{"embeddable":true,"href":"https:\/\/www.vibrahotels.com\/blog\/wp-json\/wp\/v2\/users\/1"}],"replies":[{"embeddable":true,"href":"https:\/\/www.vibrahotels.com\/blog\/wp-json\/wp\/v2\/comments?post=7662"}],"version-history":[{"count":19,"href":"https:\/\/www.vibrahotels.com\/blog\/wp-json\/wp\/v2\/posts\/7662\/revisions"}],"predecessor-version":[{"id":7871,"href":"https:\/\/www.vibrahotels.com\/blog\/wp-json\/wp\/v2\/posts\/7662\/revisions\/7871"}],"wp:featuredmedia":[{"embeddable":true,"href":"https:\/\/www.vibrahotels.com\/blog\/wp-json\/wp\/v2\/media\/7663"}],"wp:attachment":[{"href":"https:\/\/www.vibrahotels.com\/blog\/wp-json\/wp\/v2\/media?parent=7662"}],"wp:term":[{"taxonomy":"category","embeddable":true,"href":"https:\/\/www.vibrahotels.com\/blog\/wp-json\/wp\/v2\/categories?post=7662"},{"taxonomy":"post_tag","embeddable":true,"href":"https:\/\/www.vibrahotels.com\/blog\/wp-json\/wp\/v2\/tags?post=7662"}],"curies":[{"name":"wp","href":"https:\/\/api.w.org\/{rel}","templated":true}]}}