{"id":7612,"date":"2024-11-01T17:00:42","date_gmt":"2024-11-01T16:00:42","guid":{"rendered":"https:\/\/www.vibrahotels.com\/blog\/?p=7612"},"modified":"2024-11-06T15:16:51","modified_gmt":"2024-11-06T14:16:51","slug":"mallorca-en-noviembre-la-epoca-perfecta-para-realizar-la-ruta-de-los-faros","status":"publish","type":"post","link":"https:\/\/www.vibrahotels.com\/blog\/mallorca-en-noviembre-la-epoca-perfecta-para-realizar-la-ruta-de-los-faros\/","title":{"rendered":"Mallorca en noviembre: la \u00e9poca perfecta para realizar la Ruta de los Faros"},"content":{"rendered":"<p>\u00bfTe gusta viajar y buscas el plan perfecto por el mediterr\u00e1neo? Podr\u00edamos decir que oto\u00f1o es una de las mejores \u00e9pocas para viajar en un entorno m\u00e1s tranquilo, pero continuando con un buen clima. Las <strong>Islas Baleares <\/strong>son siempre un acierto para los viajeros oto\u00f1ales.<\/p>\n<p>Y si est\u00e1s buscando un plan que re\u00fana deporte y naturaleza, entonces qu\u00e9date por qu\u00e9 te voy a contar tu pr\u00f3ximo destino. La <strong>Ruta de los Faros <\/strong>en la isla de Mallorca se presenta como una experiencia incre\u00edble para sentir el mar, la naturaleza, la magia de los peque\u00f1os pueblos de interior o la gastronom\u00eda mediterr\u00e1nea. <\/p>\n<h2><strong>Descubre al gran protagonista<\/strong><\/h2>\n<p>Son numerosos los faros que podemos encontrar en Mallorca, pero, sin duda, hay algunos que son especiales y no te puedes perder en tu viaje oto\u00f1al por la isla. Seguro que has o\u00eddo hablar sobre uno de ellos: el <strong>Faro de Cap de Formentor,<\/strong> uno de los m\u00e1s populares. Se trata de una larga y estrecha pen\u00ednsula de unos 15 km de largo que finaliza con una torre situada a casi 200 metros del nivel del mar. En definitiva, una gran experiencia paisaj\u00edstica repleta de naturaleza, maravillosas playas y acantilados. <\/p>\n<p><img loading=\"lazy\" decoding=\"async\" src=\"https:\/\/www.vibrahotels.com\/blog\/wp-content\/uploads\/2024\/10\/shutterstock_784653523.jpg\" alt=\"Ruta de los faros Mallorca: Faro de Cap de Formentor\" width=\"1000\" height=\"667\" class=\"alignnone size-full wp-image-7618\" srcset=\"https:\/\/www.vibrahotels.com\/blog\/wp-content\/uploads\/2024\/10\/shutterstock_784653523.jpg 1000w, https:\/\/www.vibrahotels.com\/blog\/wp-content\/uploads\/2024\/10\/shutterstock_784653523-300x200.jpg 300w, https:\/\/www.vibrahotels.com\/blog\/wp-content\/uploads\/2024\/10\/shutterstock_784653523-768x512.jpg 768w\" sizes=\"auto, (max-width: 1000px) 100vw, 1000px\" \/><\/p>\n<p>Otro gran descubrimiento para tu viaje es visitar uno de los faros m\u00e1s antiguos del mundo: <strong>El Faro de Portop\u00ed.<\/strong>  A unos 41 metros de altura sobre el nivel del mar se alza una torre del Siglo XIV ubicada hoy en d\u00eda en la ciudad de Palma, justo al lado del Puerto. Dentro de ella, se hallan los tesoros m\u00e1s incre\u00edbles de la se\u00f1alizaci\u00f3n mar\u00edtima y de nuestra era. En definitiva, una joya hist\u00f3rica que debes tener en cuenta para tu ruta por los faros. <\/p>\n<p><img loading=\"lazy\" decoding=\"async\" src=\"https:\/\/www.vibrahotels.com\/blog\/wp-content\/uploads\/2024\/10\/shutterstock_778948609.jpg\" alt=\"Ruta de los faros Mallorca: faro de Portop\u00ed\" width=\"1000\" height=\"667\" class=\"alignnone size-full wp-image-7623\" srcset=\"https:\/\/www.vibrahotels.com\/blog\/wp-content\/uploads\/2024\/10\/shutterstock_778948609.jpg 1000w, https:\/\/www.vibrahotels.com\/blog\/wp-content\/uploads\/2024\/10\/shutterstock_778948609-300x200.jpg 300w, https:\/\/www.vibrahotels.com\/blog\/wp-content\/uploads\/2024\/10\/shutterstock_778948609-768x512.jpg 768w\" sizes=\"auto, (max-width: 1000px) 100vw, 1000px\" \/><\/p>\n<p>En la costa este de Mallorca, encontrar\u00e9is una de las rutas m\u00e1s entra\u00f1ables y acogedoras de la isla. Desde las maravillosas aguas cristalinas de Cala Pi sale una ruta de senderismo que concluye en el<strong> Faro de Cabo Blanco, <\/strong>un recorrido de unos 7 kil\u00f3metros que te permitir\u00e1 disfrutar del paisaje con calma.  El faro fue construido en el Siglo XIX y posee unas vistas paisaj\u00edsticas impresionantes. Adem\u00e1s, no es uno de los m\u00e1s concurridos y podr\u00e1s contemplar la bah\u00eda de palma al fondo de \u00e9ste. <\/p>\n<p><img loading=\"lazy\" decoding=\"async\" src=\"https:\/\/www.vibrahotels.com\/blog\/wp-content\/uploads\/2024\/10\/shutterstock_2046705944.jpg\" alt=\"Ruta de los faros Mallorca: Faro de cabo blanco\" width=\"1000\" height=\"667\" class=\"alignnone size-full wp-image-7625\" srcset=\"https:\/\/www.vibrahotels.com\/blog\/wp-content\/uploads\/2024\/10\/shutterstock_2046705944.jpg 1000w, https:\/\/www.vibrahotels.com\/blog\/wp-content\/uploads\/2024\/10\/shutterstock_2046705944-300x200.jpg 300w, https:\/\/www.vibrahotels.com\/blog\/wp-content\/uploads\/2024\/10\/shutterstock_2046705944-768x512.jpg 768w\" sizes=\"auto, (max-width: 1000px) 100vw, 1000px\" \/><\/p>\n<p>La ruta de los faros se presenta como un plan ideal para realizar en oto\u00f1o, por su tranquilidad y clima. Pero, las Islas Baleares son siempre una opci\u00f3n maravillosa para hacer una escapada. Si tienes pensado viajar en otra \u00e9poca del a\u00f1o, los alojamientos de <a href=\"https:\/\/www.vibrahotels.com\/es?utm_medium=cpc&#038;utm_source=google&#038;utm_campaign=marca&#038;utm_content=vibrahotels&#038;utm_term=es&#038;gad_source=1&#038;gclid=EAIaIQobChMImbH4kqefiQMVNzfUAR1kCDkqEAAYASAAEgKNUvD_BwE\">Vibra Hotels<\/a> permanecen abiertos de marzo a octubre, donde podr\u00e1s sentir el mar bien cerca con el<a href=\"https:\/\/www.vibrahotels.com\/es\/mallorca\/playa-de-palma\/hotel-vibra-palma\"> Hotel Vibra Palma Cactus<\/a>, en la playa de Palma, a unos 300 metros de la misma y tan solo 5 kil\u00f3metros del aeropuerto. <\/p>\n<p><img loading=\"lazy\" decoding=\"async\" src=\"https:\/\/www.vibrahotels.com\/blog\/wp-content\/uploads\/2024\/10\/thumb_2048x1536_8bb30872-1c2b-4915-95e1-7c5f74375a68-1.jpg\" alt=\"Hotel Vibra Palma Cactus Mallorca \" width=\"2048\" height=\"1363\" class=\"alignnone size-full wp-image-7616\" srcset=\"https:\/\/www.vibrahotels.com\/blog\/wp-content\/uploads\/2024\/10\/thumb_2048x1536_8bb30872-1c2b-4915-95e1-7c5f74375a68-1.jpg 2048w, https:\/\/www.vibrahotels.com\/blog\/wp-content\/uploads\/2024\/10\/thumb_2048x1536_8bb30872-1c2b-4915-95e1-7c5f74375a68-1-300x200.jpg 300w, https:\/\/www.vibrahotels.com\/blog\/wp-content\/uploads\/2024\/10\/thumb_2048x1536_8bb30872-1c2b-4915-95e1-7c5f74375a68-1-1024x682.jpg 1024w, https:\/\/www.vibrahotels.com\/blog\/wp-content\/uploads\/2024\/10\/thumb_2048x1536_8bb30872-1c2b-4915-95e1-7c5f74375a68-1-768x511.jpg 768w, https:\/\/www.vibrahotels.com\/blog\/wp-content\/uploads\/2024\/10\/thumb_2048x1536_8bb30872-1c2b-4915-95e1-7c5f74375a68-1-1536x1022.jpg 1536w\" sizes=\"auto, (max-width: 2048px) 100vw, 2048px\" \/><\/p>\n<p>Otra gran opci\u00f3n es el <a href=\"https:\/\/www.vibrahotels.com\/es\/mallorca\/paguera-calvia\/hotel-vibra-beverly-playa\">Hotel Vibra Beverly Playa,<\/a> ubicado en primera l\u00ednea de mar, en la playa de Paguera (Calvi\u00e0), una zona m\u00e1s tranquila y famosa por sus aguas cristalinas, una gran belleza natural rodeada de pinos. Paguera se encuentra a unos 30 minutos del aeropuerto y cuenta con transporte p\u00fablico cercano al hotel. <\/p>\n<p>Ahora ya sabes, si viajas a Mallorca en noviembre, realiza de la Ruta de los Faros y d\u00e9jate llevar por una preciosa puesta de sol junto al mar. \u00a1No te lo pienses m\u00e1s y disfruta en oto\u00f1o de los placeres de la isla de Mallorca!  <\/p>\n","protected":false},"excerpt":{"rendered":"<p>\u00bfTe gusta viajar y buscas el plan perfecto por el mediterr\u00e1neo? Podr\u00edamos decir que oto\u00f1o es una de las mejores \u00e9pocas para viajar en un entorno m\u00e1s tranquilo, pero continuando con un buen clima. Las Islas Baleares son siempre un&#8230;<\/p>\n","protected":false},"author":1,"featured_media":7639,"comment_status":"closed","ping_status":"open","sticky":false,"template":"","format":"standard","meta":{"footnotes":""},"categories":[1512,1297],"tags":[],"class_list":["post-7612","post","type-post","status-publish","format-standard","has-post-thumbnail","hentry","category-planes-en-mallorca","category-travel"],"yoast_head":"<!-- This site is optimized with the Yoast SEO plugin v27.4 - https:\/\/yoast.com\/product\/yoast-seo-wordpress\/ -->\n<title>Mallorca en noviembre: la \u00e9poca perfecta para realizar la Ruta de los Faros - Islander by Vibra Hotels<\/title>\n<meta name=\"robots\" content=\"index, follow, max-snippet:-1, max-image-preview:large, max-video-preview:-1\" \/>\n<link rel=\"canonical\" href=\"https:\/\/www.vibrahotels.com\/blog\/mallorca-en-noviembre-la-epoca-perfecta-para-realizar-la-ruta-de-los-faros\/\" \/>\n<meta property=\"og:locale\" content=\"es_ES\" \/>\n<meta property=\"og:type\" content=\"article\" \/>\n<meta property=\"og:title\" content=\"Mallorca en noviembre: la \u00e9poca perfecta para realizar la Ruta de los Faros - Islander by Vibra Hotels\" \/>\n<meta property=\"og:description\" content=\"\u00bfTe gusta viajar y buscas el plan perfecto por el mediterr\u00e1neo? Podr\u00edamos decir que oto\u00f1o es una de las mejores \u00e9pocas para viajar en un entorno m\u00e1s tranquilo, pero continuando con un buen clima. Las Islas Baleares son siempre un...\" \/>\n<meta property=\"og:url\" content=\"https:\/\/www.vibrahotels.com\/blog\/mallorca-en-noviembre-la-epoca-perfecta-para-realizar-la-ruta-de-los-faros\/\" \/>\n<meta property=\"og:site_name\" content=\"Islander by Vibra Hotels\" \/>\n<meta property=\"article:published_time\" content=\"2024-11-01T16:00:42+00:00\" \/>\n<meta property=\"article:modified_time\" content=\"2024-11-06T14:16:51+00:00\" \/>\n<meta property=\"og:image\" content=\"https:\/\/www.vibrahotels.com\/blog\/wp-content\/uploads\/2024\/10\/shutterstock_1211664145.jpg\" \/>\n\t<meta property=\"og:image:width\" content=\"1000\" \/>\n\t<meta property=\"og:image:height\" content=\"333\" \/>\n\t<meta property=\"og:image:type\" content=\"image\/jpeg\" \/>\n<meta name=\"author\" content=\"The Ibiza Blog\" \/>\n<meta name=\"twitter:card\" content=\"summary_large_image\" \/>\n<meta name=\"twitter:label1\" content=\"Escrito por\" \/>\n\t<meta name=\"twitter:data1\" content=\"The Ibiza Blog\" \/>\n\t<meta name=\"twitter:label2\" content=\"Tiempo de lectura\" \/>\n\t<meta name=\"twitter:data2\" content=\"3 minutos\" \/>\n<script type=\"application\/ld+json\" class=\"yoast-schema-graph\">{\"@context\":\"https:\\\/\\\/schema.org\",\"@graph\":[{\"@type\":\"Article\",\"@id\":\"https:\\\/\\\/www.vibrahotels.com\\\/blog\\\/mallorca-en-noviembre-la-epoca-perfecta-para-realizar-la-ruta-de-los-faros\\\/#article\",\"isPartOf\":{\"@id\":\"https:\\\/\\\/www.vibrahotels.com\\\/blog\\\/mallorca-en-noviembre-la-epoca-perfecta-para-realizar-la-ruta-de-los-faros\\\/\"},\"author\":{\"name\":\"The Ibiza Blog\",\"@id\":\"https:\\\/\\\/www.vibrahotels.com\\\/blog\\\/#\\\/schema\\\/person\\\/ad74f13df6e44e7081ef65424f668972\"},\"headline\":\"Mallorca en noviembre: la \u00e9poca perfecta para realizar la Ruta de los Faros\",\"datePublished\":\"2024-11-01T16:00:42+00:00\",\"dateModified\":\"2024-11-06T14:16:51+00:00\",\"mainEntityOfPage\":{\"@id\":\"https:\\\/\\\/www.vibrahotels.com\\\/blog\\\/mallorca-en-noviembre-la-epoca-perfecta-para-realizar-la-ruta-de-los-faros\\\/\"},\"wordCount\":604,\"image\":{\"@id\":\"https:\\\/\\\/www.vibrahotels.com\\\/blog\\\/mallorca-en-noviembre-la-epoca-perfecta-para-realizar-la-ruta-de-los-faros\\\/#primaryimage\"},\"thumbnailUrl\":\"https:\\\/\\\/www.vibrahotels.com\\\/blog\\\/wp-content\\\/uploads\\\/2024\\\/10\\\/shutterstock_1211664145.jpg\",\"articleSection\":[\"Planes en Mallorca\",\"Travel\"],\"inLanguage\":\"es\"},{\"@type\":\"WebPage\",\"@id\":\"https:\\\/\\\/www.vibrahotels.com\\\/blog\\\/mallorca-en-noviembre-la-epoca-perfecta-para-realizar-la-ruta-de-los-faros\\\/\",\"url\":\"https:\\\/\\\/www.vibrahotels.com\\\/blog\\\/mallorca-en-noviembre-la-epoca-perfecta-para-realizar-la-ruta-de-los-faros\\\/\",\"name\":\"Mallorca en noviembre: la \u00e9poca perfecta para realizar la Ruta de los Faros - Islander by Vibra Hotels\",\"isPartOf\":{\"@id\":\"https:\\\/\\\/www.vibrahotels.com\\\/blog\\\/#website\"},\"primaryImageOfPage\":{\"@id\":\"https:\\\/\\\/www.vibrahotels.com\\\/blog\\\/mallorca-en-noviembre-la-epoca-perfecta-para-realizar-la-ruta-de-los-faros\\\/#primaryimage\"},\"image\":{\"@id\":\"https:\\\/\\\/www.vibrahotels.com\\\/blog\\\/mallorca-en-noviembre-la-epoca-perfecta-para-realizar-la-ruta-de-los-faros\\\/#primaryimage\"},\"thumbnailUrl\":\"https:\\\/\\\/www.vibrahotels.com\\\/blog\\\/wp-content\\\/uploads\\\/2024\\\/10\\\/shutterstock_1211664145.jpg\",\"datePublished\":\"2024-11-01T16:00:42+00:00\",\"dateModified\":\"2024-11-06T14:16:51+00:00\",\"author\":{\"@id\":\"https:\\\/\\\/www.vibrahotels.com\\\/blog\\\/#\\\/schema\\\/person\\\/ad74f13df6e44e7081ef65424f668972\"},\"breadcrumb\":{\"@id\":\"https:\\\/\\\/www.vibrahotels.com\\\/blog\\\/mallorca-en-noviembre-la-epoca-perfecta-para-realizar-la-ruta-de-los-faros\\\/#breadcrumb\"},\"inLanguage\":\"es\",\"potentialAction\":[{\"@type\":\"ReadAction\",\"target\":[\"https:\\\/\\\/www.vibrahotels.com\\\/blog\\\/mallorca-en-noviembre-la-epoca-perfecta-para-realizar-la-ruta-de-los-faros\\\/\"]}]},{\"@type\":\"ImageObject\",\"inLanguage\":\"es\",\"@id\":\"https:\\\/\\\/www.vibrahotels.com\\\/blog\\\/mallorca-en-noviembre-la-epoca-perfecta-para-realizar-la-ruta-de-los-faros\\\/#primaryimage\",\"url\":\"https:\\\/\\\/www.vibrahotels.com\\\/blog\\\/wp-content\\\/uploads\\\/2024\\\/10\\\/shutterstock_1211664145.jpg\",\"contentUrl\":\"https:\\\/\\\/www.vibrahotels.com\\\/blog\\\/wp-content\\\/uploads\\\/2024\\\/10\\\/shutterstock_1211664145.jpg\",\"width\":1000,\"height\":333,\"caption\":\"Mallorca en noviembre: la \u00e9poca perfecta para hacer la ruta de los faros\"},{\"@type\":\"BreadcrumbList\",\"@id\":\"https:\\\/\\\/www.vibrahotels.com\\\/blog\\\/mallorca-en-noviembre-la-epoca-perfecta-para-realizar-la-ruta-de-los-faros\\\/#breadcrumb\",\"itemListElement\":[{\"@type\":\"ListItem\",\"position\":1,\"name\":\"Portada\",\"item\":\"https:\\\/\\\/www.vibrahotels.com\\\/blog\\\/\"},{\"@type\":\"ListItem\",\"position\":2,\"name\":\"Mallorca en noviembre: la \u00e9poca perfecta para realizar la Ruta de los Faros\"}]},{\"@type\":\"WebSite\",\"@id\":\"https:\\\/\\\/www.vibrahotels.com\\\/blog\\\/#website\",\"url\":\"https:\\\/\\\/www.vibrahotels.com\\\/blog\\\/\",\"name\":\"Islander by Vibra Hotels\",\"description\":\"\",\"potentialAction\":[{\"@type\":\"SearchAction\",\"target\":{\"@type\":\"EntryPoint\",\"urlTemplate\":\"https:\\\/\\\/www.vibrahotels.com\\\/blog\\\/?s={search_term_string}\"},\"query-input\":{\"@type\":\"PropertyValueSpecification\",\"valueRequired\":true,\"valueName\":\"search_term_string\"}}],\"inLanguage\":\"es\"},{\"@type\":\"Person\",\"@id\":\"https:\\\/\\\/www.vibrahotels.com\\\/blog\\\/#\\\/schema\\\/person\\\/ad74f13df6e44e7081ef65424f668972\",\"name\":\"The Ibiza Blog\",\"image\":{\"@type\":\"ImageObject\",\"inLanguage\":\"es\",\"@id\":\"https:\\\/\\\/secure.gravatar.com\\\/avatar\\\/d172713df318fe4ba11547ee4a70ab1eae0206026db57d7a5920186b9f5ee855?s=96&d=mm&r=g\",\"url\":\"https:\\\/\\\/secure.gravatar.com\\\/avatar\\\/d172713df318fe4ba11547ee4a70ab1eae0206026db57d7a5920186b9f5ee855?s=96&d=mm&r=g\",\"contentUrl\":\"https:\\\/\\\/secure.gravatar.com\\\/avatar\\\/d172713df318fe4ba11547ee4a70ab1eae0206026db57d7a5920186b9f5ee855?s=96&d=mm&r=g\",\"caption\":\"The Ibiza Blog\"},\"url\":\"https:\\\/\\\/www.vibrahotels.com\\\/blog\\\/author\\\/the-ibiza-blog\\\/\"}]}<\/script>\n<!-- \/ Yoast SEO plugin. -->","yoast_head_json":{"title":"Mallorca en noviembre: la \u00e9poca perfecta para realizar la Ruta de los Faros - Islander by Vibra Hotels","robots":{"index":"index","follow":"follow","max-snippet":"max-snippet:-1","max-image-preview":"max-image-preview:large","max-video-preview":"max-video-preview:-1"},"canonical":"https:\/\/www.vibrahotels.com\/blog\/mallorca-en-noviembre-la-epoca-perfecta-para-realizar-la-ruta-de-los-faros\/","og_locale":"es_ES","og_type":"article","og_title":"Mallorca en noviembre: la \u00e9poca perfecta para realizar la Ruta de los Faros - Islander by Vibra Hotels","og_description":"\u00bfTe gusta viajar y buscas el plan perfecto por el mediterr\u00e1neo? Podr\u00edamos decir que oto\u00f1o es una de las mejores \u00e9pocas para viajar en un entorno m\u00e1s tranquilo, pero continuando con un buen clima. Las Islas Baleares son siempre un...","og_url":"https:\/\/www.vibrahotels.com\/blog\/mallorca-en-noviembre-la-epoca-perfecta-para-realizar-la-ruta-de-los-faros\/","og_site_name":"Islander by Vibra Hotels","article_published_time":"2024-11-01T16:00:42+00:00","article_modified_time":"2024-11-06T14:16:51+00:00","og_image":[{"width":1000,"height":333,"url":"https:\/\/www.vibrahotels.com\/blog\/wp-content\/uploads\/2024\/10\/shutterstock_1211664145.jpg","type":"image\/jpeg"}],"author":"The Ibiza Blog","twitter_card":"summary_large_image","twitter_misc":{"Escrito por":"The Ibiza Blog","Tiempo de lectura":"3 minutos"},"schema":{"@context":"https:\/\/schema.org","@graph":[{"@type":"Article","@id":"https:\/\/www.vibrahotels.com\/blog\/mallorca-en-noviembre-la-epoca-perfecta-para-realizar-la-ruta-de-los-faros\/#article","isPartOf":{"@id":"https:\/\/www.vibrahotels.com\/blog\/mallorca-en-noviembre-la-epoca-perfecta-para-realizar-la-ruta-de-los-faros\/"},"author":{"name":"The Ibiza Blog","@id":"https:\/\/www.vibrahotels.com\/blog\/#\/schema\/person\/ad74f13df6e44e7081ef65424f668972"},"headline":"Mallorca en noviembre: la \u00e9poca perfecta para realizar la Ruta de los Faros","datePublished":"2024-11-01T16:00:42+00:00","dateModified":"2024-11-06T14:16:51+00:00","mainEntityOfPage":{"@id":"https:\/\/www.vibrahotels.com\/blog\/mallorca-en-noviembre-la-epoca-perfecta-para-realizar-la-ruta-de-los-faros\/"},"wordCount":604,"image":{"@id":"https:\/\/www.vibrahotels.com\/blog\/mallorca-en-noviembre-la-epoca-perfecta-para-realizar-la-ruta-de-los-faros\/#primaryimage"},"thumbnailUrl":"https:\/\/www.vibrahotels.com\/blog\/wp-content\/uploads\/2024\/10\/shutterstock_1211664145.jpg","articleSection":["Planes en Mallorca","Travel"],"inLanguage":"es"},{"@type":"WebPage","@id":"https:\/\/www.vibrahotels.com\/blog\/mallorca-en-noviembre-la-epoca-perfecta-para-realizar-la-ruta-de-los-faros\/","url":"https:\/\/www.vibrahotels.com\/blog\/mallorca-en-noviembre-la-epoca-perfecta-para-realizar-la-ruta-de-los-faros\/","name":"Mallorca en noviembre: la \u00e9poca perfecta para realizar la Ruta de los Faros - Islander by Vibra Hotels","isPartOf":{"@id":"https:\/\/www.vibrahotels.com\/blog\/#website"},"primaryImageOfPage":{"@id":"https:\/\/www.vibrahotels.com\/blog\/mallorca-en-noviembre-la-epoca-perfecta-para-realizar-la-ruta-de-los-faros\/#primaryimage"},"image":{"@id":"https:\/\/www.vibrahotels.com\/blog\/mallorca-en-noviembre-la-epoca-perfecta-para-realizar-la-ruta-de-los-faros\/#primaryimage"},"thumbnailUrl":"https:\/\/www.vibrahotels.com\/blog\/wp-content\/uploads\/2024\/10\/shutterstock_1211664145.jpg","datePublished":"2024-11-01T16:00:42+00:00","dateModified":"2024-11-06T14:16:51+00:00","author":{"@id":"https:\/\/www.vibrahotels.com\/blog\/#\/schema\/person\/ad74f13df6e44e7081ef65424f668972"},"breadcrumb":{"@id":"https:\/\/www.vibrahotels.com\/blog\/mallorca-en-noviembre-la-epoca-perfecta-para-realizar-la-ruta-de-los-faros\/#breadcrumb"},"inLanguage":"es","potentialAction":[{"@type":"ReadAction","target":["https:\/\/www.vibrahotels.com\/blog\/mallorca-en-noviembre-la-epoca-perfecta-para-realizar-la-ruta-de-los-faros\/"]}]},{"@type":"ImageObject","inLanguage":"es","@id":"https:\/\/www.vibrahotels.com\/blog\/mallorca-en-noviembre-la-epoca-perfecta-para-realizar-la-ruta-de-los-faros\/#primaryimage","url":"https:\/\/www.vibrahotels.com\/blog\/wp-content\/uploads\/2024\/10\/shutterstock_1211664145.jpg","contentUrl":"https:\/\/www.vibrahotels.com\/blog\/wp-content\/uploads\/2024\/10\/shutterstock_1211664145.jpg","width":1000,"height":333,"caption":"Mallorca en noviembre: la \u00e9poca perfecta para hacer la ruta de los faros"},{"@type":"BreadcrumbList","@id":"https:\/\/www.vibrahotels.com\/blog\/mallorca-en-noviembre-la-epoca-perfecta-para-realizar-la-ruta-de-los-faros\/#breadcrumb","itemListElement":[{"@type":"ListItem","position":1,"name":"Portada","item":"https:\/\/www.vibrahotels.com\/blog\/"},{"@type":"ListItem","position":2,"name":"Mallorca en noviembre: la \u00e9poca perfecta para realizar la Ruta de los Faros"}]},{"@type":"WebSite","@id":"https:\/\/www.vibrahotels.com\/blog\/#website","url":"https:\/\/www.vibrahotels.com\/blog\/","name":"Islander by Vibra Hotels","description":"","potentialAction":[{"@type":"SearchAction","target":{"@type":"EntryPoint","urlTemplate":"https:\/\/www.vibrahotels.com\/blog\/?s={search_term_string}"},"query-input":{"@type":"PropertyValueSpecification","valueRequired":true,"valueName":"search_term_string"}}],"inLanguage":"es"},{"@type":"Person","@id":"https:\/\/www.vibrahotels.com\/blog\/#\/schema\/person\/ad74f13df6e44e7081ef65424f668972","name":"The Ibiza Blog","image":{"@type":"ImageObject","inLanguage":"es","@id":"https:\/\/secure.gravatar.com\/avatar\/d172713df318fe4ba11547ee4a70ab1eae0206026db57d7a5920186b9f5ee855?s=96&d=mm&r=g","url":"https:\/\/secure.gravatar.com\/avatar\/d172713df318fe4ba11547ee4a70ab1eae0206026db57d7a5920186b9f5ee855?s=96&d=mm&r=g","contentUrl":"https:\/\/secure.gravatar.com\/avatar\/d172713df318fe4ba11547ee4a70ab1eae0206026db57d7a5920186b9f5ee855?s=96&d=mm&r=g","caption":"The Ibiza Blog"},"url":"https:\/\/www.vibrahotels.com\/blog\/author\/the-ibiza-blog\/"}]}},"_links":{"self":[{"href":"https:\/\/www.vibrahotels.com\/blog\/wp-json\/wp\/v2\/posts\/7612","targetHints":{"allow":["GET"]}}],"collection":[{"href":"https:\/\/www.vibrahotels.com\/blog\/wp-json\/wp\/v2\/posts"}],"about":[{"href":"https:\/\/www.vibrahotels.com\/blog\/wp-json\/wp\/v2\/types\/post"}],"author":[{"embeddable":true,"href":"https:\/\/www.vibrahotels.com\/blog\/wp-json\/wp\/v2\/users\/1"}],"replies":[{"embeddable":true,"href":"https:\/\/www.vibrahotels.com\/blog\/wp-json\/wp\/v2\/comments?post=7612"}],"version-history":[{"count":16,"href":"https:\/\/www.vibrahotels.com\/blog\/wp-json\/wp\/v2\/posts\/7612\/revisions"}],"predecessor-version":[{"id":7925,"href":"https:\/\/www.vibrahotels.com\/blog\/wp-json\/wp\/v2\/posts\/7612\/revisions\/7925"}],"wp:featuredmedia":[{"embeddable":true,"href":"https:\/\/www.vibrahotels.com\/blog\/wp-json\/wp\/v2\/media\/7639"}],"wp:attachment":[{"href":"https:\/\/www.vibrahotels.com\/blog\/wp-json\/wp\/v2\/media?parent=7612"}],"wp:term":[{"taxonomy":"category","embeddable":true,"href":"https:\/\/www.vibrahotels.com\/blog\/wp-json\/wp\/v2\/categories?post=7612"},{"taxonomy":"post_tag","embeddable":true,"href":"https:\/\/www.vibrahotels.com\/blog\/wp-json\/wp\/v2\/tags?post=7612"}],"curies":[{"name":"wp","href":"https:\/\/api.w.org\/{rel}","templated":true}]}}