{"id":7519,"date":"2024-09-20T11:00:39","date_gmt":"2024-09-20T09:00:39","guid":{"rendered":"https:\/\/www.vibrahotels.com\/blog\/?p=7519"},"modified":"2024-09-20T09:58:43","modified_gmt":"2024-09-20T07:58:43","slug":"conoces-los-tesoros-subterraneos-de-mallorca","status":"publish","type":"post","link":"https:\/\/www.vibrahotels.com\/blog\/conoces-los-tesoros-subterraneos-de-mallorca\/","title":{"rendered":"\u00bfConoces los tesoros subterr\u00e1neos de Mallorca?"},"content":{"rendered":"<h2>Descubre las 6 cuevas m\u00e1s famosas de la isla<\/h2>\n<p>Hay muchas razones por las que querr\u00e1s visitar Mallorca, pero seguro que la opci\u00f3n de las cuevas no te dejar\u00e1 indiferente \u00a1son aut\u00e9nticos tesoros subterr\u00e1neos! Lo cierto es que hay casi tantas cuevas como playas que ver.  Se dice que Mallorca est\u00e1 hueca por dentro como un queso gruyere, repleta de galer\u00edas y cuevas.<br \/>En este blog te ayudamos a descubrir 6 de las m\u00e1s famosas cuevas, muchas de las cuales se pueden visitar con toda comodidad.<\/p>\n<h3>Cueva del Drach<\/h3>\n<p>Quiz\u00e1s has o\u00eddo hablar de la cueva del Drach ya que es de las m\u00e1s famosas de la isla junto a las cuevas de Art\u00e1.  La raz\u00f3n por la que se han hecho m\u00e1s famosas que el resto, se debe que el escrito Julio Verne las describi\u00f3 en su famoso libro Viaje al Centro de la Tierra.<br \/>La Cueva del Drach se encuentra en Portocristo, Manacor, y cuenta con 1.200 metros de longitud \u00a1cuando bajas se desciende hasta una profundidad de 25 metros bajo el nivel del mar.  El acceso al interior de la cueva es de pago y se tarda aproximadamente una hora en recorrerla.  Dicen que en su interior se encuentra el subterr\u00e1neo m\u00e1s largo del planeta que podr\u00e1s recorrer en barca o a trav\u00e9s de un puente<\/p>\n<p><img loading=\"lazy\" decoding=\"async\" src=\"https:\/\/www.vibrahotels.com\/blog\/wp-content\/uploads\/2024\/09\/Cueva-del-Drach.jpg\" alt=\"\" width=\"831\" height=\"554\" class=\"alignnone size-full wp-image-7537\" srcset=\"https:\/\/www.vibrahotels.com\/blog\/wp-content\/uploads\/2024\/09\/Cueva-del-Drach.jpg 831w, https:\/\/www.vibrahotels.com\/blog\/wp-content\/uploads\/2024\/09\/Cueva-del-Drach-300x200.jpg 300w, https:\/\/www.vibrahotels.com\/blog\/wp-content\/uploads\/2024\/09\/Cueva-del-Drach-768x512.jpg 768w\" sizes=\"auto, (max-width: 831px) 100vw, 831px\" \/><\/p>\n<h3>Cueva de Art\u00e0<\/h3>\n<p>Quiz\u00e1s la Cueva de Art\u00e0 es la segunda m\u00e1s famosas en Mallorca, aunque sus formaciones en el interior son igualmente impresionantes.  Est\u00e1n ubicadas en la zona de Capdepera, en Cap Vermel, y cuentan con una superficie de 450 metros.  Una vez dentro, el recorrido dura cerca de 40 minutos y podr\u00e1s contemplar las grand\u00edsimas estalagmitas y estalactitas a modo de columnas; alguna llega a medir 22 metros.<\/p>\n<p><img loading=\"lazy\" decoding=\"async\" src=\"https:\/\/www.vibrahotels.com\/blog\/wp-content\/uploads\/2024\/09\/Cueva-de-Arta.jpg\" alt=\"\" width=\"1346\" height=\"899\" class=\"alignnone size-full wp-image-7535\" srcset=\"https:\/\/www.vibrahotels.com\/blog\/wp-content\/uploads\/2024\/09\/Cueva-de-Arta.jpg 1346w, https:\/\/www.vibrahotels.com\/blog\/wp-content\/uploads\/2024\/09\/Cueva-de-Arta-300x200.jpg 300w, https:\/\/www.vibrahotels.com\/blog\/wp-content\/uploads\/2024\/09\/Cueva-de-Arta-1024x684.jpg 1024w, https:\/\/www.vibrahotels.com\/blog\/wp-content\/uploads\/2024\/09\/Cueva-de-Arta-768x513.jpg 768w\" sizes=\"auto, (max-width: 1346px) 100vw, 1346px\" \/><\/p>\n<h3>Cueva dels Hams<\/h3>\n<p>Muy pr\u00f3ximas a las cuevas del Drach se encuentra la Cueva del Hams, con varias salas tambi\u00e9n llevans de estalactitas y estalagmitas impresionantes.  Puedes realizar la visita guiada que dura cerca de una hora, en un recorrido a pie y que incluye la opci\u00f3n de visitar un gran jard\u00edn bot\u00e1nico y asistir a la proyecci\u00f3n de un documental.<\/p>\n<p><img loading=\"lazy\" decoding=\"async\" src=\"https:\/\/www.vibrahotels.com\/blog\/wp-content\/uploads\/2024\/09\/Cueva-dels-Hams.jpg\" alt=\"\" width=\"1444\" height=\"964\" class=\"alignnone size-full wp-image-7539\" srcset=\"https:\/\/www.vibrahotels.com\/blog\/wp-content\/uploads\/2024\/09\/Cueva-dels-Hams.jpg 1444w, https:\/\/www.vibrahotels.com\/blog\/wp-content\/uploads\/2024\/09\/Cueva-dels-Hams-300x200.jpg 300w, https:\/\/www.vibrahotels.com\/blog\/wp-content\/uploads\/2024\/09\/Cueva-dels-Hams-1024x684.jpg 1024w, https:\/\/www.vibrahotels.com\/blog\/wp-content\/uploads\/2024\/09\/Cueva-dels-Hams-768x513.jpg 768w\" sizes=\"auto, (max-width: 1444px) 100vw, 1444px\" \/><\/p>\n<h3>Cueva de G\u00e9nova<\/h3>\n<p>Estas cuevas est\u00e1n situadas en Palma de Mallorca y cuenta con una longitud de 1 kil\u00f3metro y 36 metros de profundidad.  La caracter\u00edstica de estas cuevas son lo colores especiales que podr\u00e1s contemplar en su interior debido a los minerales que la componen.  El recorrido dura cerca de 35 minutos y tambi\u00e9n se trata de visitas guiadas por las diversas galer\u00edas.<\/p>\n<h3>Cueva de Campanet<\/h3>\n<p>Esta cueva cuenta con una gruta de 3.200 m2 y est\u00e1 ubicada en el Puig de San Miquel.  La visita dura aproximadamente 40 minutos y se pueden visitar durante todo el a\u00f1o. Tambi\u00e9n cuenta con diversas salas que podr\u00e1s contemplar a lo largo de los 400 metros de recorrido.<\/p>\n<h3>Cuevas Blanques<\/h3>\n<p>Las Cuevas Blanques son tambi\u00e9n muy famosas en Mallorca ya que se pueden visitar sin necesidad de gu\u00eda, a trav\u00e9s del llamado \u201ccamino de los prisioneros\u201d cuyo nombre viene dado desde la \u00e9poca de la postguerra ya que era recorrido por los prisioneros republicanos. Se encuentran ubicadas en el norte de la isla, en Pollensa.  El recorrido es de gran belleza y durante los cerca de 35 minutos que dura se pueden observar fabulosas vistas de la Cala de San Vicente y la Sierra del Cavall Bernat.  <\/p>\n<p><img loading=\"lazy\" decoding=\"async\" src=\"https:\/\/www.vibrahotels.com\/blog\/wp-content\/uploads\/2024\/09\/Cuevas-Blanques.jpg\" alt=\"\" width=\"1444\" height=\"964\" class=\"alignnone size-full wp-image-7541\" srcset=\"https:\/\/www.vibrahotels.com\/blog\/wp-content\/uploads\/2024\/09\/Cuevas-Blanques.jpg 1444w, https:\/\/www.vibrahotels.com\/blog\/wp-content\/uploads\/2024\/09\/Cuevas-Blanques-300x200.jpg 300w, https:\/\/www.vibrahotels.com\/blog\/wp-content\/uploads\/2024\/09\/Cuevas-Blanques-1024x684.jpg 1024w, https:\/\/www.vibrahotels.com\/blog\/wp-content\/uploads\/2024\/09\/Cuevas-Blanques-768x513.jpg 768w\" sizes=\"auto, (max-width: 1444px) 100vw, 1444px\" \/><\/p>\n<p>Nuestro consejo para tu viaje es que elijas un alojamiento de <a href=\"https:\/\/www.vibrahotels.com\" rel=\"noopener\" target=\"_blank\">Vibra Hotels<\/a>, con la mejor relaci\u00f3n calidad precio de Mallorca y que cuenta con dos hoteles en la isla.  Uno de ellos est\u00e1 ubicado en el coraz\u00f3n de la Playa de Palma, entre el aeropuerto y Palma de Mallorca, el <a href=\"https:\/\/www.vibrahotels.com\/es\/mallorca\/playa-de-palma\/hotel-vibra-palma\" rel=\"noopener\" target=\"_blank\">Hotel Vibra Palma Cactus<\/a>. Recientemente renovado con un vibrante estilo Art Dec\u00f3, piscina y situado en una tranquila urbanizaci\u00f3n residencial rodeado de pinos centenarios, a tan solo 300 metros de la playa.  Otra fant\u00e1stica opci\u00f3n es el <a href=\"https:\/\/www.vibrahotels.com\/es\/mallorca\/paguera-calvia\/hotel-vibra-beverly-playa\" rel=\"noopener\" target=\"_blank\">Hotel Vibra Beverly Playa<\/a>, situado casi sobre la arena de la playa de Paguera, con excelentes habitaciones todas ellas con terraza y fant\u00e1sticas vistas al mar, 2 piscinas y una zona wellnes con piscina interior y zona de masajes que te har\u00e1n disfrutar tras las interesantes visitas a las cuevas \u00a1no lo dejes pasar y haz ya tu reserva!<\/p>\n<p><img loading=\"lazy\" decoding=\"async\" src=\"https:\/\/www.vibrahotels.com\/blog\/wp-content\/uploads\/2024\/09\/Beverly-vibra.jpg\" alt=\"\" width=\"1444\" height=\"964\" class=\"alignnone size-full wp-image-7543\" srcset=\"https:\/\/www.vibrahotels.com\/blog\/wp-content\/uploads\/2024\/09\/Beverly-vibra.jpg 1444w, https:\/\/www.vibrahotels.com\/blog\/wp-content\/uploads\/2024\/09\/Beverly-vibra-300x200.jpg 300w, https:\/\/www.vibrahotels.com\/blog\/wp-content\/uploads\/2024\/09\/Beverly-vibra-1024x684.jpg 1024w, https:\/\/www.vibrahotels.com\/blog\/wp-content\/uploads\/2024\/09\/Beverly-vibra-768x513.jpg 768w\" sizes=\"auto, (max-width: 1444px) 100vw, 1444px\" \/><\/p>\n","protected":false},"excerpt":{"rendered":"<p>Descubre las 6 cuevas m\u00e1s famosas de la isla Hay muchas razones por las que querr\u00e1s visitar Mallorca, pero seguro que la opci\u00f3n de las cuevas no te dejar\u00e1 indiferente \u00a1son aut\u00e9nticos tesoros subterr\u00e1neos! Lo cierto es que hay casi&#8230;<\/p>\n","protected":false},"author":1,"featured_media":7535,"comment_status":"closed","ping_status":"open","sticky":false,"template":"","format":"standard","meta":{"footnotes":""},"categories":[1512],"tags":[],"class_list":["post-7519","post","type-post","status-publish","format-standard","has-post-thumbnail","hentry","category-planes-en-mallorca"],"yoast_head":"<!-- This site is optimized with the Yoast SEO plugin v27.4 - https:\/\/yoast.com\/product\/yoast-seo-wordpress\/ -->\n<title>\u00bfConoces los tesoros subterr\u00e1neos de Mallorca? - Islander by Vibra Hotels<\/title>\n<meta name=\"robots\" content=\"index, follow, max-snippet:-1, max-image-preview:large, max-video-preview:-1\" \/>\n<link rel=\"canonical\" href=\"https:\/\/www.vibrahotels.com\/blog\/conoces-los-tesoros-subterraneos-de-mallorca\/\" \/>\n<meta property=\"og:locale\" content=\"es_ES\" \/>\n<meta property=\"og:type\" content=\"article\" \/>\n<meta property=\"og:title\" content=\"\u00bfConoces los tesoros subterr\u00e1neos de Mallorca? - Islander by Vibra Hotels\" \/>\n<meta property=\"og:description\" content=\"Descubre las 6 cuevas m\u00e1s famosas de la isla Hay muchas razones por las que querr\u00e1s visitar Mallorca, pero seguro que la opci\u00f3n de las cuevas no te dejar\u00e1 indiferente \u00a1son aut\u00e9nticos tesoros subterr\u00e1neos! Lo cierto es que hay casi...\" \/>\n<meta property=\"og:url\" content=\"https:\/\/www.vibrahotels.com\/blog\/conoces-los-tesoros-subterraneos-de-mallorca\/\" \/>\n<meta property=\"og:site_name\" content=\"Islander by Vibra Hotels\" \/>\n<meta property=\"article:published_time\" content=\"2024-09-20T09:00:39+00:00\" \/>\n<meta property=\"og:image\" content=\"https:\/\/www.vibrahotels.com\/blog\/wp-content\/uploads\/2024\/09\/Cueva-de-Arta.jpg\" \/>\n\t<meta property=\"og:image:width\" content=\"1346\" \/>\n\t<meta property=\"og:image:height\" content=\"899\" \/>\n\t<meta property=\"og:image:type\" content=\"image\/jpeg\" \/>\n<meta name=\"author\" content=\"The Ibiza Blog\" \/>\n<meta name=\"twitter:card\" content=\"summary_large_image\" \/>\n<meta name=\"twitter:label1\" content=\"Escrito por\" \/>\n\t<meta name=\"twitter:data1\" content=\"The Ibiza Blog\" \/>\n\t<meta name=\"twitter:label2\" content=\"Tiempo de lectura\" \/>\n\t<meta name=\"twitter:data2\" content=\"4 minutos\" \/>\n<script type=\"application\/ld+json\" class=\"yoast-schema-graph\">{\"@context\":\"https:\\\/\\\/schema.org\",\"@graph\":[{\"@type\":\"Article\",\"@id\":\"https:\\\/\\\/www.vibrahotels.com\\\/blog\\\/conoces-los-tesoros-subterraneos-de-mallorca\\\/#article\",\"isPartOf\":{\"@id\":\"https:\\\/\\\/www.vibrahotels.com\\\/blog\\\/conoces-los-tesoros-subterraneos-de-mallorca\\\/\"},\"author\":{\"name\":\"The Ibiza Blog\",\"@id\":\"https:\\\/\\\/www.vibrahotels.com\\\/blog\\\/#\\\/schema\\\/person\\\/ad74f13df6e44e7081ef65424f668972\"},\"headline\":\"\u00bfConoces los tesoros subterr\u00e1neos de Mallorca?\",\"datePublished\":\"2024-09-20T09:00:39+00:00\",\"mainEntityOfPage\":{\"@id\":\"https:\\\/\\\/www.vibrahotels.com\\\/blog\\\/conoces-los-tesoros-subterraneos-de-mallorca\\\/\"},\"wordCount\":740,\"image\":{\"@id\":\"https:\\\/\\\/www.vibrahotels.com\\\/blog\\\/conoces-los-tesoros-subterraneos-de-mallorca\\\/#primaryimage\"},\"thumbnailUrl\":\"https:\\\/\\\/www.vibrahotels.com\\\/blog\\\/wp-content\\\/uploads\\\/2024\\\/09\\\/Cueva-de-Arta.jpg\",\"articleSection\":[\"Planes en Mallorca\"],\"inLanguage\":\"es\"},{\"@type\":\"WebPage\",\"@id\":\"https:\\\/\\\/www.vibrahotels.com\\\/blog\\\/conoces-los-tesoros-subterraneos-de-mallorca\\\/\",\"url\":\"https:\\\/\\\/www.vibrahotels.com\\\/blog\\\/conoces-los-tesoros-subterraneos-de-mallorca\\\/\",\"name\":\"\u00bfConoces los tesoros subterr\u00e1neos de Mallorca? - Islander by Vibra Hotels\",\"isPartOf\":{\"@id\":\"https:\\\/\\\/www.vibrahotels.com\\\/blog\\\/#website\"},\"primaryImageOfPage\":{\"@id\":\"https:\\\/\\\/www.vibrahotels.com\\\/blog\\\/conoces-los-tesoros-subterraneos-de-mallorca\\\/#primaryimage\"},\"image\":{\"@id\":\"https:\\\/\\\/www.vibrahotels.com\\\/blog\\\/conoces-los-tesoros-subterraneos-de-mallorca\\\/#primaryimage\"},\"thumbnailUrl\":\"https:\\\/\\\/www.vibrahotels.com\\\/blog\\\/wp-content\\\/uploads\\\/2024\\\/09\\\/Cueva-de-Arta.jpg\",\"datePublished\":\"2024-09-20T09:00:39+00:00\",\"author\":{\"@id\":\"https:\\\/\\\/www.vibrahotels.com\\\/blog\\\/#\\\/schema\\\/person\\\/ad74f13df6e44e7081ef65424f668972\"},\"breadcrumb\":{\"@id\":\"https:\\\/\\\/www.vibrahotels.com\\\/blog\\\/conoces-los-tesoros-subterraneos-de-mallorca\\\/#breadcrumb\"},\"inLanguage\":\"es\",\"potentialAction\":[{\"@type\":\"ReadAction\",\"target\":[\"https:\\\/\\\/www.vibrahotels.com\\\/blog\\\/conoces-los-tesoros-subterraneos-de-mallorca\\\/\"]}]},{\"@type\":\"ImageObject\",\"inLanguage\":\"es\",\"@id\":\"https:\\\/\\\/www.vibrahotels.com\\\/blog\\\/conoces-los-tesoros-subterraneos-de-mallorca\\\/#primaryimage\",\"url\":\"https:\\\/\\\/www.vibrahotels.com\\\/blog\\\/wp-content\\\/uploads\\\/2024\\\/09\\\/Cueva-de-Arta.jpg\",\"contentUrl\":\"https:\\\/\\\/www.vibrahotels.com\\\/blog\\\/wp-content\\\/uploads\\\/2024\\\/09\\\/Cueva-de-Arta.jpg\",\"width\":1346,\"height\":899},{\"@type\":\"BreadcrumbList\",\"@id\":\"https:\\\/\\\/www.vibrahotels.com\\\/blog\\\/conoces-los-tesoros-subterraneos-de-mallorca\\\/#breadcrumb\",\"itemListElement\":[{\"@type\":\"ListItem\",\"position\":1,\"name\":\"Portada\",\"item\":\"https:\\\/\\\/www.vibrahotels.com\\\/blog\\\/\"},{\"@type\":\"ListItem\",\"position\":2,\"name\":\"\u00bfConoces los tesoros subterr\u00e1neos de Mallorca?\"}]},{\"@type\":\"WebSite\",\"@id\":\"https:\\\/\\\/www.vibrahotels.com\\\/blog\\\/#website\",\"url\":\"https:\\\/\\\/www.vibrahotels.com\\\/blog\\\/\",\"name\":\"Islander by Vibra Hotels\",\"description\":\"\",\"potentialAction\":[{\"@type\":\"SearchAction\",\"target\":{\"@type\":\"EntryPoint\",\"urlTemplate\":\"https:\\\/\\\/www.vibrahotels.com\\\/blog\\\/?s={search_term_string}\"},\"query-input\":{\"@type\":\"PropertyValueSpecification\",\"valueRequired\":true,\"valueName\":\"search_term_string\"}}],\"inLanguage\":\"es\"},{\"@type\":\"Person\",\"@id\":\"https:\\\/\\\/www.vibrahotels.com\\\/blog\\\/#\\\/schema\\\/person\\\/ad74f13df6e44e7081ef65424f668972\",\"name\":\"The Ibiza Blog\",\"image\":{\"@type\":\"ImageObject\",\"inLanguage\":\"es\",\"@id\":\"https:\\\/\\\/secure.gravatar.com\\\/avatar\\\/d172713df318fe4ba11547ee4a70ab1eae0206026db57d7a5920186b9f5ee855?s=96&d=mm&r=g\",\"url\":\"https:\\\/\\\/secure.gravatar.com\\\/avatar\\\/d172713df318fe4ba11547ee4a70ab1eae0206026db57d7a5920186b9f5ee855?s=96&d=mm&r=g\",\"contentUrl\":\"https:\\\/\\\/secure.gravatar.com\\\/avatar\\\/d172713df318fe4ba11547ee4a70ab1eae0206026db57d7a5920186b9f5ee855?s=96&d=mm&r=g\",\"caption\":\"The Ibiza Blog\"},\"url\":\"https:\\\/\\\/www.vibrahotels.com\\\/blog\\\/author\\\/the-ibiza-blog\\\/\"}]}<\/script>\n<!-- \/ Yoast SEO plugin. -->","yoast_head_json":{"title":"\u00bfConoces los tesoros subterr\u00e1neos de Mallorca? - Islander by Vibra Hotels","robots":{"index":"index","follow":"follow","max-snippet":"max-snippet:-1","max-image-preview":"max-image-preview:large","max-video-preview":"max-video-preview:-1"},"canonical":"https:\/\/www.vibrahotels.com\/blog\/conoces-los-tesoros-subterraneos-de-mallorca\/","og_locale":"es_ES","og_type":"article","og_title":"\u00bfConoces los tesoros subterr\u00e1neos de Mallorca? - Islander by Vibra Hotels","og_description":"Descubre las 6 cuevas m\u00e1s famosas de la isla Hay muchas razones por las que querr\u00e1s visitar Mallorca, pero seguro que la opci\u00f3n de las cuevas no te dejar\u00e1 indiferente \u00a1son aut\u00e9nticos tesoros subterr\u00e1neos! Lo cierto es que hay casi...","og_url":"https:\/\/www.vibrahotels.com\/blog\/conoces-los-tesoros-subterraneos-de-mallorca\/","og_site_name":"Islander by Vibra Hotels","article_published_time":"2024-09-20T09:00:39+00:00","og_image":[{"width":1346,"height":899,"url":"https:\/\/www.vibrahotels.com\/blog\/wp-content\/uploads\/2024\/09\/Cueva-de-Arta.jpg","type":"image\/jpeg"}],"author":"The Ibiza Blog","twitter_card":"summary_large_image","twitter_misc":{"Escrito por":"The Ibiza Blog","Tiempo de lectura":"4 minutos"},"schema":{"@context":"https:\/\/schema.org","@graph":[{"@type":"Article","@id":"https:\/\/www.vibrahotels.com\/blog\/conoces-los-tesoros-subterraneos-de-mallorca\/#article","isPartOf":{"@id":"https:\/\/www.vibrahotels.com\/blog\/conoces-los-tesoros-subterraneos-de-mallorca\/"},"author":{"name":"The Ibiza Blog","@id":"https:\/\/www.vibrahotels.com\/blog\/#\/schema\/person\/ad74f13df6e44e7081ef65424f668972"},"headline":"\u00bfConoces los tesoros subterr\u00e1neos de Mallorca?","datePublished":"2024-09-20T09:00:39+00:00","mainEntityOfPage":{"@id":"https:\/\/www.vibrahotels.com\/blog\/conoces-los-tesoros-subterraneos-de-mallorca\/"},"wordCount":740,"image":{"@id":"https:\/\/www.vibrahotels.com\/blog\/conoces-los-tesoros-subterraneos-de-mallorca\/#primaryimage"},"thumbnailUrl":"https:\/\/www.vibrahotels.com\/blog\/wp-content\/uploads\/2024\/09\/Cueva-de-Arta.jpg","articleSection":["Planes en Mallorca"],"inLanguage":"es"},{"@type":"WebPage","@id":"https:\/\/www.vibrahotels.com\/blog\/conoces-los-tesoros-subterraneos-de-mallorca\/","url":"https:\/\/www.vibrahotels.com\/blog\/conoces-los-tesoros-subterraneos-de-mallorca\/","name":"\u00bfConoces los tesoros subterr\u00e1neos de Mallorca? - Islander by Vibra Hotels","isPartOf":{"@id":"https:\/\/www.vibrahotels.com\/blog\/#website"},"primaryImageOfPage":{"@id":"https:\/\/www.vibrahotels.com\/blog\/conoces-los-tesoros-subterraneos-de-mallorca\/#primaryimage"},"image":{"@id":"https:\/\/www.vibrahotels.com\/blog\/conoces-los-tesoros-subterraneos-de-mallorca\/#primaryimage"},"thumbnailUrl":"https:\/\/www.vibrahotels.com\/blog\/wp-content\/uploads\/2024\/09\/Cueva-de-Arta.jpg","datePublished":"2024-09-20T09:00:39+00:00","author":{"@id":"https:\/\/www.vibrahotels.com\/blog\/#\/schema\/person\/ad74f13df6e44e7081ef65424f668972"},"breadcrumb":{"@id":"https:\/\/www.vibrahotels.com\/blog\/conoces-los-tesoros-subterraneos-de-mallorca\/#breadcrumb"},"inLanguage":"es","potentialAction":[{"@type":"ReadAction","target":["https:\/\/www.vibrahotels.com\/blog\/conoces-los-tesoros-subterraneos-de-mallorca\/"]}]},{"@type":"ImageObject","inLanguage":"es","@id":"https:\/\/www.vibrahotels.com\/blog\/conoces-los-tesoros-subterraneos-de-mallorca\/#primaryimage","url":"https:\/\/www.vibrahotels.com\/blog\/wp-content\/uploads\/2024\/09\/Cueva-de-Arta.jpg","contentUrl":"https:\/\/www.vibrahotels.com\/blog\/wp-content\/uploads\/2024\/09\/Cueva-de-Arta.jpg","width":1346,"height":899},{"@type":"BreadcrumbList","@id":"https:\/\/www.vibrahotels.com\/blog\/conoces-los-tesoros-subterraneos-de-mallorca\/#breadcrumb","itemListElement":[{"@type":"ListItem","position":1,"name":"Portada","item":"https:\/\/www.vibrahotels.com\/blog\/"},{"@type":"ListItem","position":2,"name":"\u00bfConoces los tesoros subterr\u00e1neos de Mallorca?"}]},{"@type":"WebSite","@id":"https:\/\/www.vibrahotels.com\/blog\/#website","url":"https:\/\/www.vibrahotels.com\/blog\/","name":"Islander by Vibra Hotels","description":"","potentialAction":[{"@type":"SearchAction","target":{"@type":"EntryPoint","urlTemplate":"https:\/\/www.vibrahotels.com\/blog\/?s={search_term_string}"},"query-input":{"@type":"PropertyValueSpecification","valueRequired":true,"valueName":"search_term_string"}}],"inLanguage":"es"},{"@type":"Person","@id":"https:\/\/www.vibrahotels.com\/blog\/#\/schema\/person\/ad74f13df6e44e7081ef65424f668972","name":"The Ibiza Blog","image":{"@type":"ImageObject","inLanguage":"es","@id":"https:\/\/secure.gravatar.com\/avatar\/d172713df318fe4ba11547ee4a70ab1eae0206026db57d7a5920186b9f5ee855?s=96&d=mm&r=g","url":"https:\/\/secure.gravatar.com\/avatar\/d172713df318fe4ba11547ee4a70ab1eae0206026db57d7a5920186b9f5ee855?s=96&d=mm&r=g","contentUrl":"https:\/\/secure.gravatar.com\/avatar\/d172713df318fe4ba11547ee4a70ab1eae0206026db57d7a5920186b9f5ee855?s=96&d=mm&r=g","caption":"The Ibiza Blog"},"url":"https:\/\/www.vibrahotels.com\/blog\/author\/the-ibiza-blog\/"}]}},"_links":{"self":[{"href":"https:\/\/www.vibrahotels.com\/blog\/wp-json\/wp\/v2\/posts\/7519","targetHints":{"allow":["GET"]}}],"collection":[{"href":"https:\/\/www.vibrahotels.com\/blog\/wp-json\/wp\/v2\/posts"}],"about":[{"href":"https:\/\/www.vibrahotels.com\/blog\/wp-json\/wp\/v2\/types\/post"}],"author":[{"embeddable":true,"href":"https:\/\/www.vibrahotels.com\/blog\/wp-json\/wp\/v2\/users\/1"}],"replies":[{"embeddable":true,"href":"https:\/\/www.vibrahotels.com\/blog\/wp-json\/wp\/v2\/comments?post=7519"}],"version-history":[{"count":9,"href":"https:\/\/www.vibrahotels.com\/blog\/wp-json\/wp\/v2\/posts\/7519\/revisions"}],"predecessor-version":[{"id":7552,"href":"https:\/\/www.vibrahotels.com\/blog\/wp-json\/wp\/v2\/posts\/7519\/revisions\/7552"}],"wp:featuredmedia":[{"embeddable":true,"href":"https:\/\/www.vibrahotels.com\/blog\/wp-json\/wp\/v2\/media\/7535"}],"wp:attachment":[{"href":"https:\/\/www.vibrahotels.com\/blog\/wp-json\/wp\/v2\/media?parent=7519"}],"wp:term":[{"taxonomy":"category","embeddable":true,"href":"https:\/\/www.vibrahotels.com\/blog\/wp-json\/wp\/v2\/categories?post=7519"},{"taxonomy":"post_tag","embeddable":true,"href":"https:\/\/www.vibrahotels.com\/blog\/wp-json\/wp\/v2\/tags?post=7519"}],"curies":[{"name":"wp","href":"https:\/\/api.w.org\/{rel}","templated":true}]}}