{"id":7414,"date":"2024-08-23T11:00:42","date_gmt":"2024-08-23T09:00:42","guid":{"rendered":"https:\/\/www.vibrahotels.com\/blog\/?p=7414"},"modified":"2025-03-27T11:23:15","modified_gmt":"2025-03-27T10:23:15","slug":"descubre-la-magia-de-menorca-en-temporada-baja","status":"publish","type":"post","link":"https:\/\/www.vibrahotels.com\/blog\/descubre-la-magia-de-menorca-en-temporada-baja\/","title":{"rendered":"Descubre la magia de Menorca en temporada baja"},"content":{"rendered":"<p>\u00a1Sabemos que est\u00e1s so\u00f1ando con la luz y la tranquilidad de Menorca para esa pr\u00f3xima escapada! Aqu\u00ed te damos los mejores \u2018tips\u2019 para que aproveches Menorca al m\u00e1ximo. <\/p>\n<p>Las Islas Baleares se caracterizan por ser uno de los destinos m\u00e1s cotizados durante los meses del verano y la isla de Menorca no es ninguna excepci\u00f3n. Es por esto que te recomendamos visitar la isla cuando las playas est\u00e1n m\u00e1s tranquilas y puedas realmente apreciar la magia de este destino una vez que la temporada alta haya finalizado en el mes de septiembre.  <\/p>\n<p>El ejemplo perfecto de este efecto \u201cpost-temporada\u201d es la ic\u00f3nica <a href=\"https:\/\/www.vibrahotels.com\/menorca\">Ciudadela de Menorca<\/a>, uno de los barrios t\u00edpicos de la isla que se deja apreciar en su totalidad en esta \u00e9poca del a\u00f1o. Y si buscas alojamiento a escasos metros de Ciudadella y con una excelente relaci\u00f3n calidad-precio, nuestro consejo es ir a Vibra Hotels que ofrece tres opciones de alojamiento en esta zona emblem\u00e1tica de la cultura menorquina. El <a href=\"https:\/\/www.vibrahotels.com\/menorca\/ciudadela\/aparthotel-vibra-blanc-palace\">Vibra Blanc Palace<\/a>, <a href=\"https:\/\/www.vibrahotels.com\/menorca\/ciudadela\/apartamentos-vibra-caleta-playa\">Vibra Caleta Playa<\/a> y <a href=\"https:\/\/www.vibrahotels.com\/menorca\/ciudadela\/apartamentos-vibra-blanc-cottage\">Vibra Blanc Cottage<\/a> son un conjunto de apartahoteles situados a pie de la playa de Sa Caleta, ideales para recibirte en estas vacaciones, con amplias y luminosas habitaciones y unas bell\u00edsimas zonas de piscina ajardinadas, de frondosa vegetaci\u00f3n. \u00a1Reserva tu plaza ya!  <\/p>\n<p><img loading=\"lazy\" decoding=\"async\" src=\"https:\/\/www.vibrahotels.com\/blog\/wp-content\/uploads\/2024\/08\/thumb_2048x1536_b8d19a4b-6fe1-4693-8bf5-04f5ddb4f0bb.jpg\" alt=\"\" width=\"1024\" height=\"683\" class=\"alignnone size-full wp-image-7421\" srcset=\"https:\/\/www.vibrahotels.com\/blog\/wp-content\/uploads\/2024\/08\/thumb_2048x1536_b8d19a4b-6fe1-4693-8bf5-04f5ddb4f0bb.jpg 1024w, https:\/\/www.vibrahotels.com\/blog\/wp-content\/uploads\/2024\/08\/thumb_2048x1536_b8d19a4b-6fe1-4693-8bf5-04f5ddb4f0bb-300x200.jpg 300w, https:\/\/www.vibrahotels.com\/blog\/wp-content\/uploads\/2024\/08\/thumb_2048x1536_b8d19a4b-6fe1-4693-8bf5-04f5ddb4f0bb-768x512.jpg 768w\" sizes=\"auto, (max-width: 1024px) 100vw, 1024px\" \/><\/p>\n<p><strong>\u00bfCu\u00e1les son las mejores playas y calas de Menorca? <\/strong><\/p>\n<p>Si buscas pasar tiempo en familia, <strong>Cala Galdana<\/strong> es la mejor opci\u00f3n en el mes de septiembre. Esta cala, parece sacada de una postal, ofrece absolutamente todo servicio para pasar tiempo con la familia. Desde hamacas y sombrillas hasta equipos de esn\u00f3rquel, este para\u00edso de arena y mar te asegura un d\u00eda inolvidable.  <\/p>\n<p><strong>Cala Turqueta<\/strong> es conocida como uno de los sitios m\u00e1s concurridos en temporada alta, es por esto que te recomendamos aprovechar la calma en la isla para apreciar la verdadera belleza de este lugar. Los pinares y rocas adornan el paisaje al dividir la cala en dos playas de arena blanca, la vista perfecta para recargar energ\u00edas en las vacaciones.  <\/p>\n<p>A pesar de que Menorca ofrece una gran variedad de playas y calas para descubrir, <strong>Cala Macarelleta<\/strong> se lleva el puesto n\u00famero uno para ver en temporada baja. Esta cala, calificada como la m\u00e1s bella de la isla, es m\u00e1s f\u00e1cil de apreciar en los meses de menos afluencia de viajeros. Es por esto que te proponemos meter en tu maleta la crema solar y tu ba\u00f1ador, que Cala Macarelleta espera tu visita.  <\/p>\n<p>Por \u00faltimo, <strong>Playa de Sa Caleta<\/strong> es la perfecta combinaci\u00f3n de calma y ocio a dos kil\u00f3metros de la ciudadela de Menorca. A pesar de ser una zona rodeada por acantilados de baja altura y abundante vegetaci\u00f3n, la zona est\u00e1 repleta de servicios b\u00e1sicos para pasar el d\u00eda all\u00ed.  Sa Caleta es uno de los destinos m\u00e1s populares en la isla, por lo que te recomendamos alojarte en uno de los <a href=\"https:\/\/www.vibrahotels.com\/menorca\">tres hoteles Vibra<\/a> que est\u00e1n ubicados en este para\u00edso menorqu\u00edn y as\u00ed aprovechar la playa al m\u00e1ximo.  <\/p>\n<p><img loading=\"lazy\" decoding=\"async\" src=\"https:\/\/www.vibrahotels.com\/blog\/wp-content\/uploads\/2024\/08\/shutterstock_2194054827.jpg\" alt=\"\" width=\"1000\" height=\"546\" class=\"alignnone size-full wp-image-7419\" srcset=\"https:\/\/www.vibrahotels.com\/blog\/wp-content\/uploads\/2024\/08\/shutterstock_2194054827.jpg 1000w, https:\/\/www.vibrahotels.com\/blog\/wp-content\/uploads\/2024\/08\/shutterstock_2194054827-300x164.jpg 300w, https:\/\/www.vibrahotels.com\/blog\/wp-content\/uploads\/2024\/08\/shutterstock_2194054827-768x419.jpg 768w\" sizes=\"auto, (max-width: 1000px) 100vw, 1000px\" \/><\/p>\n<p><strong>Fortaleza de la Mola<\/strong>  <\/p>\n<p>Menorca es hogar de uno de los recintos amurallados m\u00e1s grandes de Europa. La Fortaleza de la Mola ofrece las mejores vistas al puerto de <strong>Mah\u00f3n<\/strong> y es un espacio de conservaci\u00f3n animal, perfecto para observar la naturaleza cuando la isla est\u00e1 m\u00e1s callada.  <\/p>\n<p>Este recinto hist\u00f3rico tambi\u00e9n ofrece acceso a galer\u00edas subterr\u00e1neas, el plan perfecto para escapar del calor y adentrarse en la cultura menorquina. Desde <a href=\"https:\/\/www.vibrahotels.com\/\">Vibra Hotels<\/a> te proponemos agendar una visita nocturna para apreciar la belleza de la arquitectura alumbrada bajo el cielo estrellado.  <\/p>\n<p><img loading=\"lazy\" decoding=\"async\" src=\"https:\/\/www.vibrahotels.com\/blog\/wp-content\/uploads\/2024\/08\/shutterstock_1637117134.jpg\" alt=\"\" width=\"1000\" height=\"668\" class=\"alignnone size-full wp-image-7417\" srcset=\"https:\/\/www.vibrahotels.com\/blog\/wp-content\/uploads\/2024\/08\/shutterstock_1637117134.jpg 1000w, https:\/\/www.vibrahotels.com\/blog\/wp-content\/uploads\/2024\/08\/shutterstock_1637117134-300x200.jpg 300w, https:\/\/www.vibrahotels.com\/blog\/wp-content\/uploads\/2024\/08\/shutterstock_1637117134-768x513.jpg 768w\" sizes=\"auto, (max-width: 1000px) 100vw, 1000px\" \/><\/p>\n<p><strong>El barrio de Fornells  <\/strong><\/p>\n<p>Esta encantadora localidad marinera est\u00e1 llena de vida en el mes de septiembre, ofreci\u00e9ndote un urbanismo mediterr\u00e1neo con una bah\u00eda natural. La zona de Fornells es mayormente conocida por su gastronom\u00eda a base de producto del mar, especialmente por su caldereta de langosta que tiene diferentes versiones de elaboraci\u00f3n dependiendo del restaurante que elijas.  <\/p>\n<p>En este lugar tambi\u00e9n podr\u00e1s conocer el <strong>Castillo de San Antonio<\/strong> o el <strong>Cabo de Cavaller\u00eda<\/strong>, un espacio totalmente natural entre dos acantilados que caracteriza el norte de la isla. Recuerda que Vibra Hotels te ofrece el alojamiento ideal para explorar el encanto de Menorca. <a href=\"http:\/\/El barrio de Fornells    Esta encantadora localidad marinera est\u00e1 llena de vida en el mes de septiembre, ofreci\u00e9ndote un urbanismo mediterr\u00e1neo con una bah\u00eda natural. La zona de Fornells es mayormente conocida por su gastronom\u00eda a base de producto del mar, especialmente por su caldereta de langosta que tiene diferentes versiones de elaboraci\u00f3n dependiendo del restaurante que elijas.    En este lugar tambi\u00e9n podr\u00e1s conocer el Castillo de San Antonio o el Cabo de Cavaller\u00eda, un espacio totalmente natural entre dos acantilados que caracteriza el norte de la isla. Recuerda que Vibra Hotels te ofrece el alojamiento ideal para explorar el encanto de Menorca. \u00a1Gestiona tu reserva!\">\u00a1Gestiona tu reserva!<\/a>  <\/p>\n<p><img loading=\"lazy\" decoding=\"async\" src=\"https:\/\/www.vibrahotels.com\/blog\/wp-content\/uploads\/2024\/08\/shutterstock_162355889_edited.jpg\" alt=\"\" width=\"1000\" height=\"667\" class=\"size-full wp-image-7423\" srcset=\"https:\/\/www.vibrahotels.com\/blog\/wp-content\/uploads\/2024\/08\/shutterstock_162355889_edited.jpg 1000w, https:\/\/www.vibrahotels.com\/blog\/wp-content\/uploads\/2024\/08\/shutterstock_162355889_edited-300x200.jpg 300w, https:\/\/www.vibrahotels.com\/blog\/wp-content\/uploads\/2024\/08\/shutterstock_162355889_edited-768x512.jpg 768w\" sizes=\"auto, (max-width: 1000px) 100vw, 1000px\" \/><\/p>\n","protected":false},"excerpt":{"rendered":"<p>\u00a1Sabemos que est\u00e1s so\u00f1ando con la luz y la tranquilidad de Menorca para esa pr\u00f3xima escapada! Aqu\u00ed te damos los mejores \u2018tips\u2019 para que aproveches Menorca al m\u00e1ximo. Las Islas Baleares se caracterizan por ser uno de los destinos m\u00e1s&#8230;<\/p>\n","protected":false},"author":1,"featured_media":7423,"comment_status":"closed","ping_status":"open","sticky":false,"template":"","format":"standard","meta":{"footnotes":""},"categories":[1557],"tags":[],"class_list":["post-7414","post","type-post","status-publish","format-standard","has-post-thumbnail","hentry","category-planes-en-menorca"],"yoast_head":"<!-- This site is optimized with the Yoast SEO plugin v27.4 - https:\/\/yoast.com\/product\/yoast-seo-wordpress\/ -->\n<title>Descubre la magia de Menorca en temporada baja - Islander by Vibra Hotels<\/title>\n<meta name=\"robots\" content=\"index, follow, max-snippet:-1, max-image-preview:large, max-video-preview:-1\" \/>\n<link rel=\"canonical\" href=\"https:\/\/www.vibrahotels.com\/blog\/descubre-la-magia-de-menorca-en-temporada-baja\/\" \/>\n<meta property=\"og:locale\" content=\"es_ES\" \/>\n<meta property=\"og:type\" content=\"article\" \/>\n<meta property=\"og:title\" content=\"Descubre la magia de Menorca en temporada baja - Islander by Vibra Hotels\" \/>\n<meta property=\"og:description\" content=\"\u00a1Sabemos que est\u00e1s so\u00f1ando con la luz y la tranquilidad de Menorca para esa pr\u00f3xima escapada! Aqu\u00ed te damos los mejores \u2018tips\u2019 para que aproveches Menorca al m\u00e1ximo. Las Islas Baleares se caracterizan por ser uno de los destinos m\u00e1s...\" \/>\n<meta property=\"og:url\" content=\"https:\/\/www.vibrahotels.com\/blog\/descubre-la-magia-de-menorca-en-temporada-baja\/\" \/>\n<meta property=\"og:site_name\" content=\"Islander by Vibra Hotels\" \/>\n<meta property=\"article:published_time\" content=\"2024-08-23T09:00:42+00:00\" \/>\n<meta property=\"article:modified_time\" content=\"2025-03-27T10:23:15+00:00\" \/>\n<meta property=\"og:image\" content=\"https:\/\/www.vibrahotels.com\/blog\/wp-content\/uploads\/2024\/08\/shutterstock_162355889_edited.jpg\" \/>\n\t<meta property=\"og:image:width\" content=\"1000\" \/>\n\t<meta property=\"og:image:height\" content=\"667\" \/>\n\t<meta property=\"og:image:type\" content=\"image\/jpeg\" \/>\n<meta name=\"author\" content=\"The Ibiza Blog\" \/>\n<meta name=\"twitter:card\" content=\"summary_large_image\" \/>\n<meta name=\"twitter:label1\" content=\"Escrito por\" \/>\n\t<meta name=\"twitter:data1\" content=\"The Ibiza Blog\" \/>\n\t<meta name=\"twitter:label2\" content=\"Tiempo de lectura\" \/>\n\t<meta name=\"twitter:data2\" content=\"4 minutos\" \/>\n<script type=\"application\/ld+json\" class=\"yoast-schema-graph\">{\"@context\":\"https:\\\/\\\/schema.org\",\"@graph\":[{\"@type\":\"Article\",\"@id\":\"https:\\\/\\\/www.vibrahotels.com\\\/blog\\\/descubre-la-magia-de-menorca-en-temporada-baja\\\/#article\",\"isPartOf\":{\"@id\":\"https:\\\/\\\/www.vibrahotels.com\\\/blog\\\/descubre-la-magia-de-menorca-en-temporada-baja\\\/\"},\"author\":{\"name\":\"The Ibiza Blog\",\"@id\":\"https:\\\/\\\/www.vibrahotels.com\\\/blog\\\/#\\\/schema\\\/person\\\/ad74f13df6e44e7081ef65424f668972\"},\"headline\":\"Descubre la magia de Menorca en temporada baja\",\"datePublished\":\"2024-08-23T09:00:42+00:00\",\"dateModified\":\"2025-03-27T10:23:15+00:00\",\"mainEntityOfPage\":{\"@id\":\"https:\\\/\\\/www.vibrahotels.com\\\/blog\\\/descubre-la-magia-de-menorca-en-temporada-baja\\\/\"},\"wordCount\":758,\"image\":{\"@id\":\"https:\\\/\\\/www.vibrahotels.com\\\/blog\\\/descubre-la-magia-de-menorca-en-temporada-baja\\\/#primaryimage\"},\"thumbnailUrl\":\"https:\\\/\\\/www.vibrahotels.com\\\/blog\\\/wp-content\\\/uploads\\\/2024\\\/08\\\/shutterstock_162355889_edited.jpg\",\"articleSection\":[\"Planes en Menorca\"],\"inLanguage\":\"es\"},{\"@type\":\"WebPage\",\"@id\":\"https:\\\/\\\/www.vibrahotels.com\\\/blog\\\/descubre-la-magia-de-menorca-en-temporada-baja\\\/\",\"url\":\"https:\\\/\\\/www.vibrahotels.com\\\/blog\\\/descubre-la-magia-de-menorca-en-temporada-baja\\\/\",\"name\":\"Descubre la magia de Menorca en temporada baja - Islander by Vibra Hotels\",\"isPartOf\":{\"@id\":\"https:\\\/\\\/www.vibrahotels.com\\\/blog\\\/#website\"},\"primaryImageOfPage\":{\"@id\":\"https:\\\/\\\/www.vibrahotels.com\\\/blog\\\/descubre-la-magia-de-menorca-en-temporada-baja\\\/#primaryimage\"},\"image\":{\"@id\":\"https:\\\/\\\/www.vibrahotels.com\\\/blog\\\/descubre-la-magia-de-menorca-en-temporada-baja\\\/#primaryimage\"},\"thumbnailUrl\":\"https:\\\/\\\/www.vibrahotels.com\\\/blog\\\/wp-content\\\/uploads\\\/2024\\\/08\\\/shutterstock_162355889_edited.jpg\",\"datePublished\":\"2024-08-23T09:00:42+00:00\",\"dateModified\":\"2025-03-27T10:23:15+00:00\",\"author\":{\"@id\":\"https:\\\/\\\/www.vibrahotels.com\\\/blog\\\/#\\\/schema\\\/person\\\/ad74f13df6e44e7081ef65424f668972\"},\"breadcrumb\":{\"@id\":\"https:\\\/\\\/www.vibrahotels.com\\\/blog\\\/descubre-la-magia-de-menorca-en-temporada-baja\\\/#breadcrumb\"},\"inLanguage\":\"es\",\"potentialAction\":[{\"@type\":\"ReadAction\",\"target\":[\"https:\\\/\\\/www.vibrahotels.com\\\/blog\\\/descubre-la-magia-de-menorca-en-temporada-baja\\\/\"]}]},{\"@type\":\"ImageObject\",\"inLanguage\":\"es\",\"@id\":\"https:\\\/\\\/www.vibrahotels.com\\\/blog\\\/descubre-la-magia-de-menorca-en-temporada-baja\\\/#primaryimage\",\"url\":\"https:\\\/\\\/www.vibrahotels.com\\\/blog\\\/wp-content\\\/uploads\\\/2024\\\/08\\\/shutterstock_162355889_edited.jpg\",\"contentUrl\":\"https:\\\/\\\/www.vibrahotels.com\\\/blog\\\/wp-content\\\/uploads\\\/2024\\\/08\\\/shutterstock_162355889_edited.jpg\",\"width\":1000,\"height\":667,\"caption\":\"Menorca Ciutadella red grunge facade wit bicycle at Balearic islands\"},{\"@type\":\"BreadcrumbList\",\"@id\":\"https:\\\/\\\/www.vibrahotels.com\\\/blog\\\/descubre-la-magia-de-menorca-en-temporada-baja\\\/#breadcrumb\",\"itemListElement\":[{\"@type\":\"ListItem\",\"position\":1,\"name\":\"Portada\",\"item\":\"https:\\\/\\\/www.vibrahotels.com\\\/blog\\\/\"},{\"@type\":\"ListItem\",\"position\":2,\"name\":\"Descubre la magia de Menorca en temporada baja\"}]},{\"@type\":\"WebSite\",\"@id\":\"https:\\\/\\\/www.vibrahotels.com\\\/blog\\\/#website\",\"url\":\"https:\\\/\\\/www.vibrahotels.com\\\/blog\\\/\",\"name\":\"Islander by Vibra Hotels\",\"description\":\"\",\"potentialAction\":[{\"@type\":\"SearchAction\",\"target\":{\"@type\":\"EntryPoint\",\"urlTemplate\":\"https:\\\/\\\/www.vibrahotels.com\\\/blog\\\/?s={search_term_string}\"},\"query-input\":{\"@type\":\"PropertyValueSpecification\",\"valueRequired\":true,\"valueName\":\"search_term_string\"}}],\"inLanguage\":\"es\"},{\"@type\":\"Person\",\"@id\":\"https:\\\/\\\/www.vibrahotels.com\\\/blog\\\/#\\\/schema\\\/person\\\/ad74f13df6e44e7081ef65424f668972\",\"name\":\"The Ibiza Blog\",\"image\":{\"@type\":\"ImageObject\",\"inLanguage\":\"es\",\"@id\":\"https:\\\/\\\/secure.gravatar.com\\\/avatar\\\/d172713df318fe4ba11547ee4a70ab1eae0206026db57d7a5920186b9f5ee855?s=96&d=mm&r=g\",\"url\":\"https:\\\/\\\/secure.gravatar.com\\\/avatar\\\/d172713df318fe4ba11547ee4a70ab1eae0206026db57d7a5920186b9f5ee855?s=96&d=mm&r=g\",\"contentUrl\":\"https:\\\/\\\/secure.gravatar.com\\\/avatar\\\/d172713df318fe4ba11547ee4a70ab1eae0206026db57d7a5920186b9f5ee855?s=96&d=mm&r=g\",\"caption\":\"The Ibiza Blog\"},\"url\":\"https:\\\/\\\/www.vibrahotels.com\\\/blog\\\/author\\\/the-ibiza-blog\\\/\"}]}<\/script>\n<!-- \/ Yoast SEO plugin. -->","yoast_head_json":{"title":"Descubre la magia de Menorca en temporada baja - Islander by Vibra Hotels","robots":{"index":"index","follow":"follow","max-snippet":"max-snippet:-1","max-image-preview":"max-image-preview:large","max-video-preview":"max-video-preview:-1"},"canonical":"https:\/\/www.vibrahotels.com\/blog\/descubre-la-magia-de-menorca-en-temporada-baja\/","og_locale":"es_ES","og_type":"article","og_title":"Descubre la magia de Menorca en temporada baja - Islander by Vibra Hotels","og_description":"\u00a1Sabemos que est\u00e1s so\u00f1ando con la luz y la tranquilidad de Menorca para esa pr\u00f3xima escapada! Aqu\u00ed te damos los mejores \u2018tips\u2019 para que aproveches Menorca al m\u00e1ximo. Las Islas Baleares se caracterizan por ser uno de los destinos m\u00e1s...","og_url":"https:\/\/www.vibrahotels.com\/blog\/descubre-la-magia-de-menorca-en-temporada-baja\/","og_site_name":"Islander by Vibra Hotels","article_published_time":"2024-08-23T09:00:42+00:00","article_modified_time":"2025-03-27T10:23:15+00:00","og_image":[{"width":1000,"height":667,"url":"https:\/\/www.vibrahotels.com\/blog\/wp-content\/uploads\/2024\/08\/shutterstock_162355889_edited.jpg","type":"image\/jpeg"}],"author":"The Ibiza Blog","twitter_card":"summary_large_image","twitter_misc":{"Escrito por":"The Ibiza Blog","Tiempo de lectura":"4 minutos"},"schema":{"@context":"https:\/\/schema.org","@graph":[{"@type":"Article","@id":"https:\/\/www.vibrahotels.com\/blog\/descubre-la-magia-de-menorca-en-temporada-baja\/#article","isPartOf":{"@id":"https:\/\/www.vibrahotels.com\/blog\/descubre-la-magia-de-menorca-en-temporada-baja\/"},"author":{"name":"The Ibiza Blog","@id":"https:\/\/www.vibrahotels.com\/blog\/#\/schema\/person\/ad74f13df6e44e7081ef65424f668972"},"headline":"Descubre la magia de Menorca en temporada baja","datePublished":"2024-08-23T09:00:42+00:00","dateModified":"2025-03-27T10:23:15+00:00","mainEntityOfPage":{"@id":"https:\/\/www.vibrahotels.com\/blog\/descubre-la-magia-de-menorca-en-temporada-baja\/"},"wordCount":758,"image":{"@id":"https:\/\/www.vibrahotels.com\/blog\/descubre-la-magia-de-menorca-en-temporada-baja\/#primaryimage"},"thumbnailUrl":"https:\/\/www.vibrahotels.com\/blog\/wp-content\/uploads\/2024\/08\/shutterstock_162355889_edited.jpg","articleSection":["Planes en Menorca"],"inLanguage":"es"},{"@type":"WebPage","@id":"https:\/\/www.vibrahotels.com\/blog\/descubre-la-magia-de-menorca-en-temporada-baja\/","url":"https:\/\/www.vibrahotels.com\/blog\/descubre-la-magia-de-menorca-en-temporada-baja\/","name":"Descubre la magia de Menorca en temporada baja - Islander by Vibra Hotels","isPartOf":{"@id":"https:\/\/www.vibrahotels.com\/blog\/#website"},"primaryImageOfPage":{"@id":"https:\/\/www.vibrahotels.com\/blog\/descubre-la-magia-de-menorca-en-temporada-baja\/#primaryimage"},"image":{"@id":"https:\/\/www.vibrahotels.com\/blog\/descubre-la-magia-de-menorca-en-temporada-baja\/#primaryimage"},"thumbnailUrl":"https:\/\/www.vibrahotels.com\/blog\/wp-content\/uploads\/2024\/08\/shutterstock_162355889_edited.jpg","datePublished":"2024-08-23T09:00:42+00:00","dateModified":"2025-03-27T10:23:15+00:00","author":{"@id":"https:\/\/www.vibrahotels.com\/blog\/#\/schema\/person\/ad74f13df6e44e7081ef65424f668972"},"breadcrumb":{"@id":"https:\/\/www.vibrahotels.com\/blog\/descubre-la-magia-de-menorca-en-temporada-baja\/#breadcrumb"},"inLanguage":"es","potentialAction":[{"@type":"ReadAction","target":["https:\/\/www.vibrahotels.com\/blog\/descubre-la-magia-de-menorca-en-temporada-baja\/"]}]},{"@type":"ImageObject","inLanguage":"es","@id":"https:\/\/www.vibrahotels.com\/blog\/descubre-la-magia-de-menorca-en-temporada-baja\/#primaryimage","url":"https:\/\/www.vibrahotels.com\/blog\/wp-content\/uploads\/2024\/08\/shutterstock_162355889_edited.jpg","contentUrl":"https:\/\/www.vibrahotels.com\/blog\/wp-content\/uploads\/2024\/08\/shutterstock_162355889_edited.jpg","width":1000,"height":667,"caption":"Menorca Ciutadella red grunge facade wit bicycle at Balearic islands"},{"@type":"BreadcrumbList","@id":"https:\/\/www.vibrahotels.com\/blog\/descubre-la-magia-de-menorca-en-temporada-baja\/#breadcrumb","itemListElement":[{"@type":"ListItem","position":1,"name":"Portada","item":"https:\/\/www.vibrahotels.com\/blog\/"},{"@type":"ListItem","position":2,"name":"Descubre la magia de Menorca en temporada baja"}]},{"@type":"WebSite","@id":"https:\/\/www.vibrahotels.com\/blog\/#website","url":"https:\/\/www.vibrahotels.com\/blog\/","name":"Islander by Vibra Hotels","description":"","potentialAction":[{"@type":"SearchAction","target":{"@type":"EntryPoint","urlTemplate":"https:\/\/www.vibrahotels.com\/blog\/?s={search_term_string}"},"query-input":{"@type":"PropertyValueSpecification","valueRequired":true,"valueName":"search_term_string"}}],"inLanguage":"es"},{"@type":"Person","@id":"https:\/\/www.vibrahotels.com\/blog\/#\/schema\/person\/ad74f13df6e44e7081ef65424f668972","name":"The Ibiza Blog","image":{"@type":"ImageObject","inLanguage":"es","@id":"https:\/\/secure.gravatar.com\/avatar\/d172713df318fe4ba11547ee4a70ab1eae0206026db57d7a5920186b9f5ee855?s=96&d=mm&r=g","url":"https:\/\/secure.gravatar.com\/avatar\/d172713df318fe4ba11547ee4a70ab1eae0206026db57d7a5920186b9f5ee855?s=96&d=mm&r=g","contentUrl":"https:\/\/secure.gravatar.com\/avatar\/d172713df318fe4ba11547ee4a70ab1eae0206026db57d7a5920186b9f5ee855?s=96&d=mm&r=g","caption":"The Ibiza Blog"},"url":"https:\/\/www.vibrahotels.com\/blog\/author\/the-ibiza-blog\/"}]}},"_links":{"self":[{"href":"https:\/\/www.vibrahotels.com\/blog\/wp-json\/wp\/v2\/posts\/7414","targetHints":{"allow":["GET"]}}],"collection":[{"href":"https:\/\/www.vibrahotels.com\/blog\/wp-json\/wp\/v2\/posts"}],"about":[{"href":"https:\/\/www.vibrahotels.com\/blog\/wp-json\/wp\/v2\/types\/post"}],"author":[{"embeddable":true,"href":"https:\/\/www.vibrahotels.com\/blog\/wp-json\/wp\/v2\/users\/1"}],"replies":[{"embeddable":true,"href":"https:\/\/www.vibrahotels.com\/blog\/wp-json\/wp\/v2\/comments?post=7414"}],"version-history":[{"count":2,"href":"https:\/\/www.vibrahotels.com\/blog\/wp-json\/wp\/v2\/posts\/7414\/revisions"}],"predecessor-version":[{"id":7425,"href":"https:\/\/www.vibrahotels.com\/blog\/wp-json\/wp\/v2\/posts\/7414\/revisions\/7425"}],"wp:featuredmedia":[{"embeddable":true,"href":"https:\/\/www.vibrahotels.com\/blog\/wp-json\/wp\/v2\/media\/7423"}],"wp:attachment":[{"href":"https:\/\/www.vibrahotels.com\/blog\/wp-json\/wp\/v2\/media?parent=7414"}],"wp:term":[{"taxonomy":"category","embeddable":true,"href":"https:\/\/www.vibrahotels.com\/blog\/wp-json\/wp\/v2\/categories?post=7414"},{"taxonomy":"post_tag","embeddable":true,"href":"https:\/\/www.vibrahotels.com\/blog\/wp-json\/wp\/v2\/tags?post=7414"}],"curies":[{"name":"wp","href":"https:\/\/api.w.org\/{rel}","templated":true}]}}