{"id":7351,"date":"2024-07-12T13:17:39","date_gmt":"2024-07-12T11:17:39","guid":{"rendered":"https:\/\/www.vibrahotels.com\/blog\/?p=7351"},"modified":"2025-03-27T11:23:31","modified_gmt":"2025-03-27T10:23:31","slug":"no-te-pierdas-las-fiestas-de-sant-marti-en-menorca-2","status":"publish","type":"post","link":"https:\/\/www.vibrahotels.com\/blog\/no-te-pierdas-las-fiestas-de-sant-marti-en-menorca-2\/","title":{"rendered":"\u00a1No te pierdas las fiestas de Sant Mart\u00ed en Menorca!"},"content":{"rendered":"<p><span data-contrast=\"auto\">Sabemos lo que est\u00e1s pensando: \u201c\u00bfAcaso las fiestas de Sant Mart\u00ed no se celebran en noviembre?\u201d A pesar de que las celebraciones oficiales no son hasta dentro de algunos meses\u2026 \u00a1Esta doble festividad tambi\u00e9n la puedes disfrutar en el verano!\u00a0<\/span><span data-ccp-props=\"{&quot;201341983&quot;:0,&quot;335559739&quot;:160,&quot;335559740&quot;:259}\">\u00a0<\/span><\/p>\n<p><img loading=\"lazy\" decoding=\"async\" class=\"size-full wp-image-7243\" src=\"https:\/\/www.vibrahotels.com\/blog\/wp-content\/uploads\/2024\/07\/shutterstock_662175373_edited.jpg\" alt=\"\" width=\"800\" height=\"532\" \/><\/p>\n<p><span data-contrast=\"auto\">Si est\u00e1s pensando en viajar a Menorca del 1 al 17 de julio, te recomendamos aprovechar la temporada de celebraciones en la isla y qu\u00e9 mejor que elegir uno de los alojamientos con una excelente calidad-precio como <\/span><a href=\"https:\/\/www.vibrahotels.com\/es\/menorca\/ciudadela\/aparthotel-vibra-blanc-palace\"><b><span data-contrast=\"none\">Aparthotel Vibra Blanc Palace<\/span><\/b><\/a><span data-contrast=\"auto\"> o el <\/span><a href=\"https:\/\/www.vibrahotels.com\/es\/menorca\/ciudadela\/apartamentos-vibra-blanc-cottage\"><b><span data-contrast=\"none\">Vibra Blanc Cottage<\/span><\/b><\/a><span data-contrast=\"auto\">, ubicados a tan solo 3 km de Ciudadela y con acceso directo a la playa. Ambos aparthoteles son opciones ideales para disfrutar de todas las celebraciones de Sant Mart\u00ed y de cualquier punto de inter\u00e9s en Menorca.\u00a0<\/span><span data-ccp-props=\"{&quot;201341983&quot;:0,&quot;335559739&quot;:160,&quot;335559740&quot;:259}\">\u00a0<\/span><\/p>\n<p><img loading=\"lazy\" decoding=\"async\" class=\"alignnone size-full wp-image-7241\" src=\"https:\/\/www.vibrahotels.com\/blog\/wp-content\/uploads\/2024\/07\/thumb_2048x1536_3f4f93e5-7b8f-4a77-b726-7e47a392f91a.jpg\" alt=\"\" width=\"1024\" height=\"683\" \/><\/p>\n<p><b><span data-contrast=\"auto\">\u00bfQu\u00e9 se celebra en las fiestas de Sant Mart\u00ed?<\/span><\/b><span data-ccp-props=\"{&quot;201341983&quot;:0,&quot;335559739&quot;:160,&quot;335559740&quot;:259}\">\u00a0<\/span><\/p>\n<p><span data-contrast=\"auto\">Las fiestas de Sant Mart\u00ed se derivan de las festividades a Sant Joanet al compartir un car\u00e1cter religioso y popular entre los mercadillos de Es Mercadal. Sin embargo, los eventos en verano se atribuyen a que el resto de los pueblos de la isla celebran sus fiestas patronales en estas \u00e9pocas.\u00a0<\/span><span data-ccp-props=\"{&quot;201341983&quot;:0,&quot;335559739&quot;:160,&quot;335559740&quot;:259}\">\u00a0<\/span><\/p>\n<p><span data-contrast=\"auto\">Las tradiciones m\u00e1s grandes de Sant Mart\u00ed se conocen como las \u201cqualcadas\u201d o \u201ccorreguedes\u201d, diferentes carreras o cabalgatas a caballo y bailes de celebraci\u00f3n. Usualmente, los jinetes (o corredores) que participan en la carrera representan a las diferentes castas o estamentos sociales y econ\u00f3micos de la sociedad menorquina de siglos pasados.\u00a0<\/span><span data-ccp-props=\"{&quot;201341983&quot;:0,&quot;335559739&quot;:160,&quot;335559740&quot;:259}\">\u00a0<\/span><\/p>\n<p><img loading=\"lazy\" decoding=\"async\" class=\"alignnone size-full wp-image-7171\" src=\"https:\/\/www.vibrahotels.com\/blog\/wp-content\/uploads\/2024\/05\/shutterstock_554710495-scaled.jpg\" alt=\"\" width=\"2560\" height=\"1707\" srcset=\"https:\/\/www.vibrahotels.com\/blog\/wp-content\/uploads\/2024\/05\/shutterstock_554710495-scaled.jpg 2560w, https:\/\/www.vibrahotels.com\/blog\/wp-content\/uploads\/2024\/05\/shutterstock_554710495-300x200.jpg 300w, https:\/\/www.vibrahotels.com\/blog\/wp-content\/uploads\/2024\/05\/shutterstock_554710495-1024x683.jpg 1024w, https:\/\/www.vibrahotels.com\/blog\/wp-content\/uploads\/2024\/05\/shutterstock_554710495-768x512.jpg 768w, https:\/\/www.vibrahotels.com\/blog\/wp-content\/uploads\/2024\/05\/shutterstock_554710495-1536x1024.jpg 1536w, https:\/\/www.vibrahotels.com\/blog\/wp-content\/uploads\/2024\/05\/shutterstock_554710495-2048x1365.jpg 2048w\" sizes=\"auto, (max-width: 2560px) 100vw, 2560px\" \/><\/p>\n<p><span data-contrast=\"auto\">Los actos principales de esta festividad se celebran el tercer fin de semana del mes de julio. El s\u00e1bado por la tarde a las 17:00h, las fiestas empiezan de manera oficial con el repique de las campanas de la catedral, dando paso a la ceremonia de apertura en el ayuntamiento de la ciudad. Una vez concluida la ceremonia, los jinetes se dirigen hacia la Plaza Constituci\u00f3, donde los caballos rondan por las calles c\u00e9ntricas al ritmo de la m\u00fasica.\u00a0<\/span><span data-ccp-props=\"{&quot;201341983&quot;:0,&quot;335559739&quot;:160,&quot;335559740&quot;:259}\">\u00a0<\/span><\/p>\n<p><span data-contrast=\"auto\">\u00a1Para maximizar tu experiencia, te sugerimos que te alojes en alguno de los 3 hoteles y aparthoteles de Vibra Hotels ubicados a 10 minutos del ayuntamiento de Menorca! <\/span><a href=\"https:\/\/www.vibrahotels.com\/es\/menorca\"><b><span data-contrast=\"none\">\u00a1Haz tu reserva ya!<\/span><\/b><\/a><b><span data-contrast=\"auto\">\u00a0<\/span><\/b><span data-ccp-props=\"{&quot;201341983&quot;:0,&quot;335559739&quot;:160,&quot;335559740&quot;:259}\">\u00a0<\/span><\/p>\n<p><b><span data-contrast=\"auto\">\u00bfQu\u00e9 ver en Menorca?\u00a0<\/span><\/b><span data-ccp-props=\"{&quot;201341983&quot;:0,&quot;335559739&quot;:160,&quot;335559740&quot;:259}\">\u00a0<\/span><\/p>\n<p><span data-contrast=\"auto\">M\u00e1s all\u00e1 del encantador barrio de Ciutadella o Es Mercadal, te recomendamos visitar algunas calas escondidas por toda la isla. La cala <\/span><b><span data-contrast=\"auto\">Galdana <\/span><\/b><span data-contrast=\"auto\">es ideal para ir en familia, ya que tiene acceso a todos los servicios y necesidades que puedan ocurrir. Adem\u00e1s, cuenta con varias actividades acu\u00e1ticas como kayak, botes a pedal, esn\u00f3rquel y m\u00e1s.\u00a0<\/span><span data-ccp-props=\"{&quot;201341983&quot;:0,&quot;335559739&quot;:160,&quot;335559740&quot;:259}\">\u00a0<\/span><\/p>\n<p><span data-contrast=\"auto\"><img loading=\"lazy\" decoding=\"async\" class=\"alignnone size-full wp-image-7239\" src=\"https:\/\/www.vibrahotels.com\/blog\/wp-content\/uploads\/2024\/07\/shutterstock_2427924235.jpg\" alt=\"\" width=\"1000\" height=\"648\" \/><\/span><\/p>\n<p><span data-contrast=\"auto\">Si est\u00e1s buscando desconectar de las multitudes, la cala <\/span><b><span data-contrast=\"auto\">Mitjaneta<\/span><\/b><span data-contrast=\"auto\"> es perfecta para la ocasi\u00f3n. Esta cala escondida es famosa por su silencio profundo y ofrece un ambiente de agua cristalina para reflexionar. De igual manera, los aficionados al senderismo disfrutar\u00e1n mucho de los diferentes caminos a trav\u00e9s de los bosques de pinos que hay que cruzar para llegar.\u00a0<\/span><span data-ccp-props=\"{&quot;201341983&quot;:0,&quot;335559739&quot;:160,&quot;335559740&quot;:259}\">\u00a0<\/span><\/p>\n<p><span data-contrast=\"auto\">Desde <\/span><b><span data-contrast=\"auto\">Vibra Hotels<\/span><\/b><span data-contrast=\"auto\"> te deseamos unas vacaciones inolvidables en estas fiestas de Sant Mart\u00ed. \u00bfQu\u00e9 est\u00e1s esperando? <\/span><a href=\"https:\/\/www.vibrahotels.com\/es\/menorca\"><b><span data-contrast=\"none\">\u00a1Reserva tu plaza ya!<\/span><\/b><\/a><b><span data-contrast=\"auto\">\u00a0<\/span><\/b><span data-ccp-props=\"{&quot;201341983&quot;:0,&quot;335559739&quot;:160,&quot;335559740&quot;:259}\">\u00a0<\/span><\/p>\n<p><span data-ccp-props=\"{&quot;201341983&quot;:0,&quot;335559739&quot;:160,&quot;335559740&quot;:259}\">\u00a0<\/span><\/p>\n<p><span data-ccp-props=\"{&quot;201341983&quot;:0,&quot;335559739&quot;:160,&quot;335559740&quot;:259}\">\u00a0<\/span><\/p>\n<p><span data-contrast=\"auto\">\u00a0<\/span><span data-ccp-props=\"{&quot;201341983&quot;:0,&quot;335559739&quot;:160,&quot;335559740&quot;:259}\">\u00a0<\/span><\/p>\n<p>&nbsp;<\/p>\n","protected":false},"excerpt":{"rendered":"<p>Sabemos lo que est\u00e1s pensando: \u201c\u00bfAcaso las fiestas de Sant Mart\u00ed no se celebran en noviembre?\u201d A pesar de que las celebraciones oficiales no son hasta dentro de algunos meses\u2026 \u00a1Esta doble festividad tambi\u00e9n la puedes disfrutar en el verano!\u00a0\u00a0&#8230;<\/p>\n","protected":false},"author":1,"featured_media":7243,"comment_status":"open","ping_status":"open","sticky":false,"template":"","format":"standard","meta":{"footnotes":""},"categories":[1557],"tags":[],"class_list":["post-7351","post","type-post","status-publish","format-standard","has-post-thumbnail","hentry","category-planes-en-menorca"],"yoast_head":"<!-- This site is optimized with the Yoast SEO plugin v27.4 - https:\/\/yoast.com\/product\/yoast-seo-wordpress\/ -->\n<title>\u00a1No te pierdas las fiestas de Sant Mart\u00ed en Menorca! - Islander by Vibra Hotels<\/title>\n<meta name=\"robots\" content=\"index, follow, max-snippet:-1, max-image-preview:large, max-video-preview:-1\" \/>\n<link rel=\"canonical\" href=\"https:\/\/www.vibrahotels.com\/blog\/no-te-pierdas-las-fiestas-de-sant-marti-en-menorca-2\/\" \/>\n<meta property=\"og:locale\" content=\"es_ES\" \/>\n<meta property=\"og:type\" content=\"article\" \/>\n<meta property=\"og:title\" content=\"\u00a1No te pierdas las fiestas de Sant Mart\u00ed en Menorca! - Islander by Vibra Hotels\" \/>\n<meta property=\"og:description\" content=\"Sabemos lo que est\u00e1s pensando: \u201c\u00bfAcaso las fiestas de Sant Mart\u00ed no se celebran en noviembre?\u201d A pesar de que las celebraciones oficiales no son hasta dentro de algunos meses\u2026 \u00a1Esta doble festividad tambi\u00e9n la puedes disfrutar en el verano!\u00a0\u00a0...\" \/>\n<meta property=\"og:url\" content=\"https:\/\/www.vibrahotels.com\/blog\/no-te-pierdas-las-fiestas-de-sant-marti-en-menorca-2\/\" \/>\n<meta property=\"og:site_name\" content=\"Islander by Vibra Hotels\" \/>\n<meta property=\"article:published_time\" content=\"2024-07-12T11:17:39+00:00\" \/>\n<meta property=\"article:modified_time\" content=\"2025-03-27T10:23:31+00:00\" \/>\n<meta property=\"og:image\" content=\"https:\/\/www.vibrahotels.com\/blog\/wp-content\/uploads\/2024\/07\/shutterstock_662175373_edited.jpg\" \/>\n\t<meta property=\"og:image:width\" content=\"800\" \/>\n\t<meta property=\"og:image:height\" content=\"532\" \/>\n\t<meta property=\"og:image:type\" content=\"image\/jpeg\" \/>\n<meta name=\"author\" content=\"The Ibiza Blog\" \/>\n<meta name=\"twitter:card\" content=\"summary_large_image\" \/>\n<meta name=\"twitter:label1\" content=\"Escrito por\" \/>\n\t<meta name=\"twitter:data1\" content=\"The Ibiza Blog\" \/>\n\t<meta name=\"twitter:label2\" content=\"Tiempo de lectura\" \/>\n\t<meta name=\"twitter:data2\" content=\"3 minutos\" \/>\n<script type=\"application\/ld+json\" class=\"yoast-schema-graph\">{\"@context\":\"https:\\\/\\\/schema.org\",\"@graph\":[{\"@type\":\"Article\",\"@id\":\"https:\\\/\\\/www.vibrahotels.com\\\/blog\\\/no-te-pierdas-las-fiestas-de-sant-marti-en-menorca-2\\\/#article\",\"isPartOf\":{\"@id\":\"https:\\\/\\\/www.vibrahotels.com\\\/blog\\\/no-te-pierdas-las-fiestas-de-sant-marti-en-menorca-2\\\/\"},\"author\":{\"name\":\"The Ibiza Blog\",\"@id\":\"https:\\\/\\\/www.vibrahotels.com\\\/blog\\\/#\\\/schema\\\/person\\\/ad74f13df6e44e7081ef65424f668972\"},\"headline\":\"\u00a1No te pierdas las fiestas de Sant Mart\u00ed en Menorca!\",\"datePublished\":\"2024-07-12T11:17:39+00:00\",\"dateModified\":\"2025-03-27T10:23:31+00:00\",\"mainEntityOfPage\":{\"@id\":\"https:\\\/\\\/www.vibrahotels.com\\\/blog\\\/no-te-pierdas-las-fiestas-de-sant-marti-en-menorca-2\\\/\"},\"wordCount\":512,\"commentCount\":0,\"image\":{\"@id\":\"https:\\\/\\\/www.vibrahotels.com\\\/blog\\\/no-te-pierdas-las-fiestas-de-sant-marti-en-menorca-2\\\/#primaryimage\"},\"thumbnailUrl\":\"https:\\\/\\\/www.vibrahotels.com\\\/blog\\\/wp-content\\\/uploads\\\/2024\\\/07\\\/shutterstock_662175373_edited.jpg\",\"articleSection\":[\"Planes en Menorca\"],\"inLanguage\":\"es\",\"potentialAction\":[{\"@type\":\"CommentAction\",\"name\":\"Comment\",\"target\":[\"https:\\\/\\\/www.vibrahotels.com\\\/blog\\\/no-te-pierdas-las-fiestas-de-sant-marti-en-menorca-2\\\/#respond\"]}]},{\"@type\":\"WebPage\",\"@id\":\"https:\\\/\\\/www.vibrahotels.com\\\/blog\\\/no-te-pierdas-las-fiestas-de-sant-marti-en-menorca-2\\\/\",\"url\":\"https:\\\/\\\/www.vibrahotels.com\\\/blog\\\/no-te-pierdas-las-fiestas-de-sant-marti-en-menorca-2\\\/\",\"name\":\"\u00a1No te pierdas las fiestas de Sant Mart\u00ed en Menorca! - Islander by Vibra Hotels\",\"isPartOf\":{\"@id\":\"https:\\\/\\\/www.vibrahotels.com\\\/blog\\\/#website\"},\"primaryImageOfPage\":{\"@id\":\"https:\\\/\\\/www.vibrahotels.com\\\/blog\\\/no-te-pierdas-las-fiestas-de-sant-marti-en-menorca-2\\\/#primaryimage\"},\"image\":{\"@id\":\"https:\\\/\\\/www.vibrahotels.com\\\/blog\\\/no-te-pierdas-las-fiestas-de-sant-marti-en-menorca-2\\\/#primaryimage\"},\"thumbnailUrl\":\"https:\\\/\\\/www.vibrahotels.com\\\/blog\\\/wp-content\\\/uploads\\\/2024\\\/07\\\/shutterstock_662175373_edited.jpg\",\"datePublished\":\"2024-07-12T11:17:39+00:00\",\"dateModified\":\"2025-03-27T10:23:31+00:00\",\"author\":{\"@id\":\"https:\\\/\\\/www.vibrahotels.com\\\/blog\\\/#\\\/schema\\\/person\\\/ad74f13df6e44e7081ef65424f668972\"},\"breadcrumb\":{\"@id\":\"https:\\\/\\\/www.vibrahotels.com\\\/blog\\\/no-te-pierdas-las-fiestas-de-sant-marti-en-menorca-2\\\/#breadcrumb\"},\"inLanguage\":\"es\",\"potentialAction\":[{\"@type\":\"ReadAction\",\"target\":[\"https:\\\/\\\/www.vibrahotels.com\\\/blog\\\/no-te-pierdas-las-fiestas-de-sant-marti-en-menorca-2\\\/\"]}]},{\"@type\":\"ImageObject\",\"inLanguage\":\"es\",\"@id\":\"https:\\\/\\\/www.vibrahotels.com\\\/blog\\\/no-te-pierdas-las-fiestas-de-sant-marti-en-menorca-2\\\/#primaryimage\",\"url\":\"https:\\\/\\\/www.vibrahotels.com\\\/blog\\\/wp-content\\\/uploads\\\/2024\\\/07\\\/shutterstock_662175373_edited.jpg\",\"contentUrl\":\"https:\\\/\\\/www.vibrahotels.com\\\/blog\\\/wp-content\\\/uploads\\\/2024\\\/07\\\/shutterstock_662175373_edited.jpg\",\"width\":800,\"height\":532,\"caption\":\"MERCADAL, MINORCA. AUGUST 19th, 2013: traditional jaleo festival. the Jaleo consists of making horses dance among the crowd while an orchestra plays the same song over and over again.\"},{\"@type\":\"BreadcrumbList\",\"@id\":\"https:\\\/\\\/www.vibrahotels.com\\\/blog\\\/no-te-pierdas-las-fiestas-de-sant-marti-en-menorca-2\\\/#breadcrumb\",\"itemListElement\":[{\"@type\":\"ListItem\",\"position\":1,\"name\":\"Portada\",\"item\":\"https:\\\/\\\/www.vibrahotels.com\\\/blog\\\/\"},{\"@type\":\"ListItem\",\"position\":2,\"name\":\"\u00a1No te pierdas las fiestas de Sant Mart\u00ed en Menorca!\"}]},{\"@type\":\"WebSite\",\"@id\":\"https:\\\/\\\/www.vibrahotels.com\\\/blog\\\/#website\",\"url\":\"https:\\\/\\\/www.vibrahotels.com\\\/blog\\\/\",\"name\":\"Islander by Vibra Hotels\",\"description\":\"\",\"potentialAction\":[{\"@type\":\"SearchAction\",\"target\":{\"@type\":\"EntryPoint\",\"urlTemplate\":\"https:\\\/\\\/www.vibrahotels.com\\\/blog\\\/?s={search_term_string}\"},\"query-input\":{\"@type\":\"PropertyValueSpecification\",\"valueRequired\":true,\"valueName\":\"search_term_string\"}}],\"inLanguage\":\"es\"},{\"@type\":\"Person\",\"@id\":\"https:\\\/\\\/www.vibrahotels.com\\\/blog\\\/#\\\/schema\\\/person\\\/ad74f13df6e44e7081ef65424f668972\",\"name\":\"The Ibiza Blog\",\"image\":{\"@type\":\"ImageObject\",\"inLanguage\":\"es\",\"@id\":\"https:\\\/\\\/secure.gravatar.com\\\/avatar\\\/d172713df318fe4ba11547ee4a70ab1eae0206026db57d7a5920186b9f5ee855?s=96&d=mm&r=g\",\"url\":\"https:\\\/\\\/secure.gravatar.com\\\/avatar\\\/d172713df318fe4ba11547ee4a70ab1eae0206026db57d7a5920186b9f5ee855?s=96&d=mm&r=g\",\"contentUrl\":\"https:\\\/\\\/secure.gravatar.com\\\/avatar\\\/d172713df318fe4ba11547ee4a70ab1eae0206026db57d7a5920186b9f5ee855?s=96&d=mm&r=g\",\"caption\":\"The Ibiza Blog\"},\"url\":\"https:\\\/\\\/www.vibrahotels.com\\\/blog\\\/author\\\/the-ibiza-blog\\\/\"}]}<\/script>\n<!-- \/ Yoast SEO plugin. -->","yoast_head_json":{"title":"\u00a1No te pierdas las fiestas de Sant Mart\u00ed en Menorca! - Islander by Vibra Hotels","robots":{"index":"index","follow":"follow","max-snippet":"max-snippet:-1","max-image-preview":"max-image-preview:large","max-video-preview":"max-video-preview:-1"},"canonical":"https:\/\/www.vibrahotels.com\/blog\/no-te-pierdas-las-fiestas-de-sant-marti-en-menorca-2\/","og_locale":"es_ES","og_type":"article","og_title":"\u00a1No te pierdas las fiestas de Sant Mart\u00ed en Menorca! - Islander by Vibra Hotels","og_description":"Sabemos lo que est\u00e1s pensando: \u201c\u00bfAcaso las fiestas de Sant Mart\u00ed no se celebran en noviembre?\u201d A pesar de que las celebraciones oficiales no son hasta dentro de algunos meses\u2026 \u00a1Esta doble festividad tambi\u00e9n la puedes disfrutar en el verano!\u00a0\u00a0...","og_url":"https:\/\/www.vibrahotels.com\/blog\/no-te-pierdas-las-fiestas-de-sant-marti-en-menorca-2\/","og_site_name":"Islander by Vibra Hotels","article_published_time":"2024-07-12T11:17:39+00:00","article_modified_time":"2025-03-27T10:23:31+00:00","og_image":[{"width":800,"height":532,"url":"https:\/\/www.vibrahotels.com\/blog\/wp-content\/uploads\/2024\/07\/shutterstock_662175373_edited.jpg","type":"image\/jpeg"}],"author":"The Ibiza Blog","twitter_card":"summary_large_image","twitter_misc":{"Escrito por":"The Ibiza Blog","Tiempo de lectura":"3 minutos"},"schema":{"@context":"https:\/\/schema.org","@graph":[{"@type":"Article","@id":"https:\/\/www.vibrahotels.com\/blog\/no-te-pierdas-las-fiestas-de-sant-marti-en-menorca-2\/#article","isPartOf":{"@id":"https:\/\/www.vibrahotels.com\/blog\/no-te-pierdas-las-fiestas-de-sant-marti-en-menorca-2\/"},"author":{"name":"The Ibiza Blog","@id":"https:\/\/www.vibrahotels.com\/blog\/#\/schema\/person\/ad74f13df6e44e7081ef65424f668972"},"headline":"\u00a1No te pierdas las fiestas de Sant Mart\u00ed en Menorca!","datePublished":"2024-07-12T11:17:39+00:00","dateModified":"2025-03-27T10:23:31+00:00","mainEntityOfPage":{"@id":"https:\/\/www.vibrahotels.com\/blog\/no-te-pierdas-las-fiestas-de-sant-marti-en-menorca-2\/"},"wordCount":512,"commentCount":0,"image":{"@id":"https:\/\/www.vibrahotels.com\/blog\/no-te-pierdas-las-fiestas-de-sant-marti-en-menorca-2\/#primaryimage"},"thumbnailUrl":"https:\/\/www.vibrahotels.com\/blog\/wp-content\/uploads\/2024\/07\/shutterstock_662175373_edited.jpg","articleSection":["Planes en Menorca"],"inLanguage":"es","potentialAction":[{"@type":"CommentAction","name":"Comment","target":["https:\/\/www.vibrahotels.com\/blog\/no-te-pierdas-las-fiestas-de-sant-marti-en-menorca-2\/#respond"]}]},{"@type":"WebPage","@id":"https:\/\/www.vibrahotels.com\/blog\/no-te-pierdas-las-fiestas-de-sant-marti-en-menorca-2\/","url":"https:\/\/www.vibrahotels.com\/blog\/no-te-pierdas-las-fiestas-de-sant-marti-en-menorca-2\/","name":"\u00a1No te pierdas las fiestas de Sant Mart\u00ed en Menorca! - Islander by Vibra Hotels","isPartOf":{"@id":"https:\/\/www.vibrahotels.com\/blog\/#website"},"primaryImageOfPage":{"@id":"https:\/\/www.vibrahotels.com\/blog\/no-te-pierdas-las-fiestas-de-sant-marti-en-menorca-2\/#primaryimage"},"image":{"@id":"https:\/\/www.vibrahotels.com\/blog\/no-te-pierdas-las-fiestas-de-sant-marti-en-menorca-2\/#primaryimage"},"thumbnailUrl":"https:\/\/www.vibrahotels.com\/blog\/wp-content\/uploads\/2024\/07\/shutterstock_662175373_edited.jpg","datePublished":"2024-07-12T11:17:39+00:00","dateModified":"2025-03-27T10:23:31+00:00","author":{"@id":"https:\/\/www.vibrahotels.com\/blog\/#\/schema\/person\/ad74f13df6e44e7081ef65424f668972"},"breadcrumb":{"@id":"https:\/\/www.vibrahotels.com\/blog\/no-te-pierdas-las-fiestas-de-sant-marti-en-menorca-2\/#breadcrumb"},"inLanguage":"es","potentialAction":[{"@type":"ReadAction","target":["https:\/\/www.vibrahotels.com\/blog\/no-te-pierdas-las-fiestas-de-sant-marti-en-menorca-2\/"]}]},{"@type":"ImageObject","inLanguage":"es","@id":"https:\/\/www.vibrahotels.com\/blog\/no-te-pierdas-las-fiestas-de-sant-marti-en-menorca-2\/#primaryimage","url":"https:\/\/www.vibrahotels.com\/blog\/wp-content\/uploads\/2024\/07\/shutterstock_662175373_edited.jpg","contentUrl":"https:\/\/www.vibrahotels.com\/blog\/wp-content\/uploads\/2024\/07\/shutterstock_662175373_edited.jpg","width":800,"height":532,"caption":"MERCADAL, MINORCA. AUGUST 19th, 2013: traditional jaleo festival. the Jaleo consists of making horses dance among the crowd while an orchestra plays the same song over and over again."},{"@type":"BreadcrumbList","@id":"https:\/\/www.vibrahotels.com\/blog\/no-te-pierdas-las-fiestas-de-sant-marti-en-menorca-2\/#breadcrumb","itemListElement":[{"@type":"ListItem","position":1,"name":"Portada","item":"https:\/\/www.vibrahotels.com\/blog\/"},{"@type":"ListItem","position":2,"name":"\u00a1No te pierdas las fiestas de Sant Mart\u00ed en Menorca!"}]},{"@type":"WebSite","@id":"https:\/\/www.vibrahotels.com\/blog\/#website","url":"https:\/\/www.vibrahotels.com\/blog\/","name":"Islander by Vibra Hotels","description":"","potentialAction":[{"@type":"SearchAction","target":{"@type":"EntryPoint","urlTemplate":"https:\/\/www.vibrahotels.com\/blog\/?s={search_term_string}"},"query-input":{"@type":"PropertyValueSpecification","valueRequired":true,"valueName":"search_term_string"}}],"inLanguage":"es"},{"@type":"Person","@id":"https:\/\/www.vibrahotels.com\/blog\/#\/schema\/person\/ad74f13df6e44e7081ef65424f668972","name":"The Ibiza Blog","image":{"@type":"ImageObject","inLanguage":"es","@id":"https:\/\/secure.gravatar.com\/avatar\/d172713df318fe4ba11547ee4a70ab1eae0206026db57d7a5920186b9f5ee855?s=96&d=mm&r=g","url":"https:\/\/secure.gravatar.com\/avatar\/d172713df318fe4ba11547ee4a70ab1eae0206026db57d7a5920186b9f5ee855?s=96&d=mm&r=g","contentUrl":"https:\/\/secure.gravatar.com\/avatar\/d172713df318fe4ba11547ee4a70ab1eae0206026db57d7a5920186b9f5ee855?s=96&d=mm&r=g","caption":"The Ibiza Blog"},"url":"https:\/\/www.vibrahotels.com\/blog\/author\/the-ibiza-blog\/"}]}},"_links":{"self":[{"href":"https:\/\/www.vibrahotels.com\/blog\/wp-json\/wp\/v2\/posts\/7351","targetHints":{"allow":["GET"]}}],"collection":[{"href":"https:\/\/www.vibrahotels.com\/blog\/wp-json\/wp\/v2\/posts"}],"about":[{"href":"https:\/\/www.vibrahotels.com\/blog\/wp-json\/wp\/v2\/types\/post"}],"author":[{"embeddable":true,"href":"https:\/\/www.vibrahotels.com\/blog\/wp-json\/wp\/v2\/users\/1"}],"replies":[{"embeddable":true,"href":"https:\/\/www.vibrahotels.com\/blog\/wp-json\/wp\/v2\/comments?post=7351"}],"version-history":[{"count":1,"href":"https:\/\/www.vibrahotels.com\/blog\/wp-json\/wp\/v2\/posts\/7351\/revisions"}],"predecessor-version":[{"id":7352,"href":"https:\/\/www.vibrahotels.com\/blog\/wp-json\/wp\/v2\/posts\/7351\/revisions\/7352"}],"wp:featuredmedia":[{"embeddable":true,"href":"https:\/\/www.vibrahotels.com\/blog\/wp-json\/wp\/v2\/media\/7243"}],"wp:attachment":[{"href":"https:\/\/www.vibrahotels.com\/blog\/wp-json\/wp\/v2\/media?parent=7351"}],"wp:term":[{"taxonomy":"category","embeddable":true,"href":"https:\/\/www.vibrahotels.com\/blog\/wp-json\/wp\/v2\/categories?post=7351"},{"taxonomy":"post_tag","embeddable":true,"href":"https:\/\/www.vibrahotels.com\/blog\/wp-json\/wp\/v2\/tags?post=7351"}],"curies":[{"name":"wp","href":"https:\/\/api.w.org\/{rel}","templated":true}]}}