{"id":7188,"date":"2024-07-02T17:23:58","date_gmt":"2024-07-02T15:23:58","guid":{"rendered":"https:\/\/www.vibrahotels.com\/blog\/?p=7188"},"modified":"2024-09-12T16:40:34","modified_gmt":"2024-09-12T14:40:34","slug":"descubre-el-nuevo-paraiso-de-palma-cactus-en-mallorca","status":"publish","type":"post","link":"https:\/\/www.vibrahotels.com\/blog\/descubre-el-nuevo-paraiso-de-palma-cactus-en-mallorca\/","title":{"rendered":"Descubre el nuevo para\u00edso de Palma Cactus en Mallorca"},"content":{"rendered":"<p><span class=\"TextRun SCXW72159650 BCX8\" lang=\"ES-ES\" xml:lang=\"ES-ES\" data-contrast=\"auto\"><span class=\"NormalTextRun SCXW72159650 BCX8\">\u00bfPlaneas viajar a Mallorca y a\u00fan no sabes d\u00f3nde quedarte? \u00a1El nuevo y re<\/span><span class=\"NormalTextRun SCXW72159650 BCX8\">novado<\/span><span class=\"NormalTextRun SCXW72159650 BCX8\"> hotel <\/span><\/span><a class=\"Hyperlink SCXW72159650 BCX8\" href=\"https:\/\/www.vibrahotels.com\/es\/mallorca\/playa-de-palma\/hotel-vibra-palma\" target=\"_blank\" rel=\"noreferrer noopener\"><span class=\"TextRun Underlined SCXW72159650 BCX8\" lang=\"ES-ES\" xml:lang=\"ES-ES\" data-contrast=\"none\"><span class=\"NormalTextRun SCXW72159650 BCX8\" data-ccp-charstyle=\"Hyperlink\">Vibra Palma Cactus<\/span><\/span><\/a><span class=\"TextRun SCXW72159650 BCX8\" lang=\"ES-ES\" xml:lang=\"ES-ES\" data-contrast=\"auto\"> <span class=\"NormalTextRun SCXW72159650 BCX8\">en Palma de Mallorca <\/span><span class=\"NormalTextRun SCXW72159650 BCX8\">es la opci\u00f3n ideal! Este para\u00edso est\u00e1 ubicado a tan solo 300m de la <\/span><span class=\"NormalTextRun SCXW72159650 BCX8\">P<\/span><span class=\"NormalTextRun SCXW72159650 BCX8\">laya de Palma. <\/span><span class=\"NormalTextRun AdvancedProofingIssueV2Themed SCXW72159650 BCX8\">El hotel tambi\u00e9n se encuentra a 7 minutos en coche del aeropuerto y a 17 minutos de la ciudad de Palma de Mallorca.<\/span><span class=\"NormalTextRun SCXW72159650 BCX8\"> Con la reciente reforma, e<\/span><span class=\"NormalTextRun SCXW72159650 BCX8\">l hotel<\/span><span class=\"NormalTextRun SCXW72159650 BCX8\"> ha pasado a tener<\/span><span class=\"NormalTextRun SCXW72159650 BCX8\"> cuatro estrellas, cuenta con 110 habitaciones remodeladas <\/span><span class=\"NormalTextRun SCXW72159650 BCX8\">con materiales nobles que crean ambientes elegantes y de relajaci\u00f3n extrema. <\/span><span class=\"NormalTextRun AdvancedProofingIssueV2Themed SCXW72159650 BCX8\">\u00a1Si lo que estas buscando <\/span><span class=\"NormalTextRun AdvancedProofingIssueV2Themed SCXW72159650 BCX8\">es una experiencia inolvidable en<\/span><span class=\"NormalTextRun AdvancedProofingIssueV2Themed SCXW72159650 BCX8\"> Mallorca, deb<\/span><span class=\"NormalTextRun AdvancedProofingIssueV2Themed SCXW72159650 BCX8\">es realizar tu reserva cuanto antes<\/span><span class=\"NormalTextRun AdvancedProofingIssueV2Themed SCXW72159650 BCX8\">!<\/span><\/span><span class=\"EOP SCXW72159650 BCX8\" data-ccp-props=\"{&quot;201341983&quot;:0,&quot;335551550&quot;:6,&quot;335551620&quot;:6,&quot;335559739&quot;:160,&quot;335559740&quot;:278}\">\u00a0<\/span><\/p>\n<p><b><span data-contrast=\"auto\"><img loading=\"lazy\" decoding=\"async\" class=\"alignnone size-full wp-image-7213\" src=\"https:\/\/www.vibrahotels.com\/blog\/wp-content\/uploads\/2024\/07\/thumb_2048x1536_56ce9ec6-b595-49f7-a443-695f97dba69f_edited.jpg\" alt=\"\" width=\"800\" height=\"450\" \/><\/span><\/b><\/p>\n<p><b><span data-contrast=\"auto\">\u00bfQu\u00e9 ver en Mallorca?\u00a0<\/span><\/b><span data-ccp-props=\"{&quot;201341983&quot;:0,&quot;335551550&quot;:6,&quot;335551620&quot;:6,&quot;335559739&quot;:160,&quot;335559740&quot;:278}\">\u00a0<\/span><\/p>\n<p><span data-contrast=\"auto\">Mallorca es uno de los destinos m\u00e1s tur\u00edsticos de las Islas Baleares, por lo que es muy f\u00e1cil abrumarse con tanto que ver. Desde Vibra Hotels hemos planeado un itinerario para que no te pierdas los lugares m\u00e1s emblem\u00e1ticos de la isla. \u00bfA qu\u00e9 est\u00e1s esperando?\u00a0\u00a0<\/span><span data-ccp-props=\"{&quot;201341983&quot;:0,&quot;335551550&quot;:6,&quot;335551620&quot;:6,&quot;335559739&quot;:160,&quot;335559740&quot;:278}\">\u00a0<\/span><\/p>\n<p><span data-contrast=\"auto\">Para empezar tu recorrido te recomendamos visitar la zona de Playa de Palma que est\u00e1 muy pr\u00f3xima al hotel Vibra Palma Cactus, a tan solo 5 minutos caminando. Pero antes no olvides coger fuerzas con un maravilloso desayuno en la cafeter\u00eda del hotel, junto a la agradable piscina.<\/span><span data-ccp-props=\"{&quot;201341983&quot;:0,&quot;335551550&quot;:6,&quot;335551620&quot;:6,&quot;335559739&quot;:160,&quot;335559740&quot;:278}\">\u00a0<\/span><\/p>\n<p><span data-contrast=\"auto\">Para comer, te sugerimos acercarte a la zona del Portixol, siguiendo el paseo mar\u00edtimo de la Playa de Palma hasta el final en direcci\u00f3n hacia la ciudad de Palma. El Portixol es una zona de casas bajas junto al mar con deliciosos y coquetos peque\u00f1os restaurantes que ofrecen todo tipo de comida local e internacional. \u00a1Te encantar\u00e1 el ambiente distendido y divertido!<\/span><span data-ccp-props=\"{&quot;201341983&quot;:0,&quot;335551550&quot;:6,&quot;335551620&quot;:6,&quot;335559739&quot;:160,&quot;335559740&quot;:278}\">\u00a0<\/span><\/p>\n<p><span data-contrast=\"auto\">Por la tarde, la catedral de Mallorca es una buena opci\u00f3n para escapar el calor y admirar uno de los edificios m\u00e1s voluminosos de la ciudad, siendo una de las estructuras g\u00f3ticas m\u00e1s altas de toda Europa. Frente a la catedral se encuentra el palacio Real de la Almudaina, otro punto de inter\u00e9s que requiere una visita.\u00a0\u00a0<\/span><span data-ccp-props=\"{&quot;201341983&quot;:0,&quot;335551550&quot;:6,&quot;335551620&quot;:6,&quot;335559739&quot;:160,&quot;335559740&quot;:278}\">\u00a0<\/span><\/p>\n<p><span data-contrast=\"auto\">Al anochecer, recomendamos un paseo por el barrio viejo de Alcudia o tambi\u00e9n conocido como \u201cAlcudia old town\u201d. Este vecindario es conocido por su fachada hist\u00f3rica en Mallorca y est\u00e1 lleno de bares y restaurantes para cerrar el d\u00eda con una cena espectacular.\u00a0\u00a0<\/span><span data-ccp-props=\"{&quot;201341983&quot;:0,&quot;335551550&quot;:6,&quot;335551620&quot;:6,&quot;335559739&quot;:160,&quot;335559740&quot;:278}\">\u00a0<\/span><\/p>\n<p><b><span data-contrast=\"auto\"><img loading=\"lazy\" decoding=\"async\" class=\"alignnone size-full wp-image-7207\" src=\"https:\/\/www.vibrahotels.com\/blog\/wp-content\/uploads\/2024\/07\/shutterstock_2298418275.jpg\" alt=\"\" width=\"1000\" height=\"666\" \/><\/span><\/b><\/p>\n<p><b><span data-contrast=\"auto\">\u00bfCu\u00e1les son las mejores playas de Mallorca?<\/span><\/b><span data-ccp-props=\"{&quot;201341983&quot;:0,&quot;335551550&quot;:6,&quot;335551620&quot;:6,&quot;335559739&quot;:160,&quot;335559740&quot;:278}\">\u00a0<\/span><\/p>\n<p><span data-contrast=\"auto\">A pesar de que las playas principales de mallorca tienen su encanto (Palma, Mitjana, etc), vale la pena adentrarse en las zonas m\u00e1s escondidas de la isla. Por ejemplo, las cuevas del Drach o la cala Mondrag\u00f3 son un par de destinos que permitir\u00e1n maximizar la experiencia una vez all\u00ed.\u00a0<\/span><span data-ccp-props=\"{&quot;201341983&quot;:0,&quot;335551550&quot;:6,&quot;335551620&quot;:6,&quot;335559739&quot;:160,&quot;335559740&quot;:278}\">\u00a0<\/span><\/p>\n<p><span data-contrast=\"auto\">Otra opci\u00f3n para pasar la tarde es la playa de Muro de Mallorca que est\u00e1 localizada al otro extremo de la isla. Por la noche, es imprescindible cenar cerca de Sa Font de Sant Joan y gozar de una exquisita selecci\u00f3n de mariscos que ofrecen los restaurantes de la zona.\u00a0<\/span><span data-ccp-props=\"{&quot;201341983&quot;:0,&quot;335551550&quot;:6,&quot;335551620&quot;:6,&quot;335559739&quot;:160,&quot;335559740&quot;:278}\">\u00a0<\/span><\/p>\n<p><span data-contrast=\"auto\"><img loading=\"lazy\" decoding=\"async\" class=\"alignnone size-full wp-image-7205\" src=\"https:\/\/www.vibrahotels.com\/blog\/wp-content\/uploads\/2024\/07\/thumb_2322x121-copia.jpg\" alt=\"\" width=\"1440\" height=\"810\" \/><\/span><\/p>\n<p><span data-contrast=\"auto\">Te sugerimos dirigirte hacia la sierra de Tramutana, uno de los miradores m\u00e1s concurridos del lugar. El castillo de Bellver es otro de los puntos culturales m\u00e1s importantes, una estructura circular que ofrece un vistazo hacia la historia y cultura mallorquina.\u00a0<\/span><span data-ccp-props=\"{&quot;201341983&quot;:0,&quot;335551550&quot;:6,&quot;335551620&quot;:6,&quot;335559739&quot;:160,&quot;335559740&quot;:278}\">\u00a0<\/span><\/p>\n<p><span data-contrast=\"auto\">Para terminar tu d\u00eda te recomendamos recibir la noche en la piscina exterior del hotel Vibra Palma Cactus, el sitio perfecto para celebrar un d\u00eda lleno de experiencias inolvidables mientras disfrutas de alg\u00fan coctel y la tranquilidad de la zona en la que se ubica el hotel. \u00a1Recuerda que el hotel recientemente renovado ya est\u00e1 disponible! <\/span><a href=\"https:\/\/www.vibrahotels.com\/es\/mallorca\/playa-de-palma\/hotel-vibra-palma\"><b><span data-contrast=\"none\">\u00a1Realiza tu reserva ya!<\/span><\/b><\/a><span data-ccp-props=\"{&quot;201341983&quot;:0,&quot;335551550&quot;:6,&quot;335551620&quot;:6,&quot;335559739&quot;:160,&quot;335559740&quot;:278}\">\u00a0<\/span><\/p>\n<p><img loading=\"lazy\" decoding=\"async\" class=\"alignnone size-full wp-image-7201\" src=\"https:\/\/www.vibrahotels.com\/blog\/wp-content\/uploads\/2024\/07\/thumb_2048x1536_c89ade8e-e600-4ba6-8fd9-6c06c2621b92-copia.jpg\" alt=\"\" width=\"2045\" height=\"1536\" \/><\/p>\n","protected":false},"excerpt":{"rendered":"<p>\u00bfPlaneas viajar a Mallorca y a\u00fan no sabes d\u00f3nde quedarte? \u00a1El nuevo y renovado hotel Vibra Palma Cactus en Palma de Mallorca es la opci\u00f3n ideal! Este para\u00edso est\u00e1 ubicado a tan solo 300m de la Playa de Palma. El&#8230;<\/p>\n","protected":false},"author":1,"featured_media":7207,"comment_status":"open","ping_status":"open","sticky":false,"template":"","format":"standard","meta":{"footnotes":""},"categories":[1312,1512],"tags":[],"class_list":["post-7188","post","type-post","status-publish","format-standard","has-post-thumbnail","hentry","category-living-vibra","category-planes-en-mallorca"],"yoast_head":"<!-- This site is optimized with the Yoast SEO plugin v27.4 - https:\/\/yoast.com\/product\/yoast-seo-wordpress\/ -->\n<title>Descubre el nuevo para\u00edso de Palma Cactus en Mallorca - Islander by Vibra Hotels<\/title>\n<meta name=\"robots\" content=\"index, follow, max-snippet:-1, max-image-preview:large, max-video-preview:-1\" \/>\n<link rel=\"canonical\" href=\"https:\/\/www.vibrahotels.com\/blog\/descubre-el-nuevo-paraiso-de-palma-cactus-en-mallorca\/\" \/>\n<meta property=\"og:locale\" content=\"es_ES\" \/>\n<meta property=\"og:type\" content=\"article\" \/>\n<meta property=\"og:title\" content=\"Descubre el nuevo para\u00edso de Palma Cactus en Mallorca - Islander by Vibra Hotels\" \/>\n<meta property=\"og:description\" content=\"\u00bfPlaneas viajar a Mallorca y a\u00fan no sabes d\u00f3nde quedarte? \u00a1El nuevo y renovado hotel Vibra Palma Cactus en Palma de Mallorca es la opci\u00f3n ideal! Este para\u00edso est\u00e1 ubicado a tan solo 300m de la Playa de Palma. El...\" \/>\n<meta property=\"og:url\" content=\"https:\/\/www.vibrahotels.com\/blog\/descubre-el-nuevo-paraiso-de-palma-cactus-en-mallorca\/\" \/>\n<meta property=\"og:site_name\" content=\"Islander by Vibra Hotels\" \/>\n<meta property=\"article:published_time\" content=\"2024-07-02T15:23:58+00:00\" \/>\n<meta property=\"article:modified_time\" content=\"2024-09-12T14:40:34+00:00\" \/>\n<meta property=\"og:image\" content=\"https:\/\/www.vibrahotels.com\/blog\/wp-content\/uploads\/2024\/07\/shutterstock_2298418275.jpg\" \/>\n\t<meta property=\"og:image:width\" content=\"1000\" \/>\n\t<meta property=\"og:image:height\" content=\"666\" \/>\n\t<meta property=\"og:image:type\" content=\"image\/jpeg\" \/>\n<meta name=\"author\" content=\"The Ibiza Blog\" \/>\n<meta name=\"twitter:card\" content=\"summary_large_image\" \/>\n<meta name=\"twitter:label1\" content=\"Escrito por\" \/>\n\t<meta name=\"twitter:data1\" content=\"The Ibiza Blog\" \/>\n\t<meta name=\"twitter:label2\" content=\"Tiempo de lectura\" \/>\n\t<meta name=\"twitter:data2\" content=\"3 minutos\" \/>\n<script type=\"application\/ld+json\" class=\"yoast-schema-graph\">{\"@context\":\"https:\\\/\\\/schema.org\",\"@graph\":[{\"@type\":\"Article\",\"@id\":\"https:\\\/\\\/www.vibrahotels.com\\\/blog\\\/descubre-el-nuevo-paraiso-de-palma-cactus-en-mallorca\\\/#article\",\"isPartOf\":{\"@id\":\"https:\\\/\\\/www.vibrahotels.com\\\/blog\\\/descubre-el-nuevo-paraiso-de-palma-cactus-en-mallorca\\\/\"},\"author\":{\"name\":\"The Ibiza Blog\",\"@id\":\"https:\\\/\\\/www.vibrahotels.com\\\/blog\\\/#\\\/schema\\\/person\\\/ad74f13df6e44e7081ef65424f668972\"},\"headline\":\"Descubre el nuevo para\u00edso de Palma Cactus en Mallorca\",\"datePublished\":\"2024-07-02T15:23:58+00:00\",\"dateModified\":\"2024-09-12T14:40:34+00:00\",\"mainEntityOfPage\":{\"@id\":\"https:\\\/\\\/www.vibrahotels.com\\\/blog\\\/descubre-el-nuevo-paraiso-de-palma-cactus-en-mallorca\\\/\"},\"wordCount\":620,\"commentCount\":0,\"image\":{\"@id\":\"https:\\\/\\\/www.vibrahotels.com\\\/blog\\\/descubre-el-nuevo-paraiso-de-palma-cactus-en-mallorca\\\/#primaryimage\"},\"thumbnailUrl\":\"https:\\\/\\\/www.vibrahotels.com\\\/blog\\\/wp-content\\\/uploads\\\/2024\\\/07\\\/shutterstock_2298418275.jpg\",\"articleSection\":[\"Living Vibra\",\"Planes en Mallorca\"],\"inLanguage\":\"es\",\"potentialAction\":[{\"@type\":\"CommentAction\",\"name\":\"Comment\",\"target\":[\"https:\\\/\\\/www.vibrahotels.com\\\/blog\\\/descubre-el-nuevo-paraiso-de-palma-cactus-en-mallorca\\\/#respond\"]}]},{\"@type\":\"WebPage\",\"@id\":\"https:\\\/\\\/www.vibrahotels.com\\\/blog\\\/descubre-el-nuevo-paraiso-de-palma-cactus-en-mallorca\\\/\",\"url\":\"https:\\\/\\\/www.vibrahotels.com\\\/blog\\\/descubre-el-nuevo-paraiso-de-palma-cactus-en-mallorca\\\/\",\"name\":\"Descubre el nuevo para\u00edso de Palma Cactus en Mallorca - Islander by Vibra Hotels\",\"isPartOf\":{\"@id\":\"https:\\\/\\\/www.vibrahotels.com\\\/blog\\\/#website\"},\"primaryImageOfPage\":{\"@id\":\"https:\\\/\\\/www.vibrahotels.com\\\/blog\\\/descubre-el-nuevo-paraiso-de-palma-cactus-en-mallorca\\\/#primaryimage\"},\"image\":{\"@id\":\"https:\\\/\\\/www.vibrahotels.com\\\/blog\\\/descubre-el-nuevo-paraiso-de-palma-cactus-en-mallorca\\\/#primaryimage\"},\"thumbnailUrl\":\"https:\\\/\\\/www.vibrahotels.com\\\/blog\\\/wp-content\\\/uploads\\\/2024\\\/07\\\/shutterstock_2298418275.jpg\",\"datePublished\":\"2024-07-02T15:23:58+00:00\",\"dateModified\":\"2024-09-12T14:40:34+00:00\",\"author\":{\"@id\":\"https:\\\/\\\/www.vibrahotels.com\\\/blog\\\/#\\\/schema\\\/person\\\/ad74f13df6e44e7081ef65424f668972\"},\"breadcrumb\":{\"@id\":\"https:\\\/\\\/www.vibrahotels.com\\\/blog\\\/descubre-el-nuevo-paraiso-de-palma-cactus-en-mallorca\\\/#breadcrumb\"},\"inLanguage\":\"es\",\"potentialAction\":[{\"@type\":\"ReadAction\",\"target\":[\"https:\\\/\\\/www.vibrahotels.com\\\/blog\\\/descubre-el-nuevo-paraiso-de-palma-cactus-en-mallorca\\\/\"]}]},{\"@type\":\"ImageObject\",\"inLanguage\":\"es\",\"@id\":\"https:\\\/\\\/www.vibrahotels.com\\\/blog\\\/descubre-el-nuevo-paraiso-de-palma-cactus-en-mallorca\\\/#primaryimage\",\"url\":\"https:\\\/\\\/www.vibrahotels.com\\\/blog\\\/wp-content\\\/uploads\\\/2024\\\/07\\\/shutterstock_2298418275.jpg\",\"contentUrl\":\"https:\\\/\\\/www.vibrahotels.com\\\/blog\\\/wp-content\\\/uploads\\\/2024\\\/07\\\/shutterstock_2298418275.jpg\",\"width\":1000,\"height\":666},{\"@type\":\"BreadcrumbList\",\"@id\":\"https:\\\/\\\/www.vibrahotels.com\\\/blog\\\/descubre-el-nuevo-paraiso-de-palma-cactus-en-mallorca\\\/#breadcrumb\",\"itemListElement\":[{\"@type\":\"ListItem\",\"position\":1,\"name\":\"Portada\",\"item\":\"https:\\\/\\\/www.vibrahotels.com\\\/blog\\\/\"},{\"@type\":\"ListItem\",\"position\":2,\"name\":\"Descubre el nuevo para\u00edso de Palma Cactus en Mallorca\"}]},{\"@type\":\"WebSite\",\"@id\":\"https:\\\/\\\/www.vibrahotels.com\\\/blog\\\/#website\",\"url\":\"https:\\\/\\\/www.vibrahotels.com\\\/blog\\\/\",\"name\":\"Islander by Vibra Hotels\",\"description\":\"\",\"potentialAction\":[{\"@type\":\"SearchAction\",\"target\":{\"@type\":\"EntryPoint\",\"urlTemplate\":\"https:\\\/\\\/www.vibrahotels.com\\\/blog\\\/?s={search_term_string}\"},\"query-input\":{\"@type\":\"PropertyValueSpecification\",\"valueRequired\":true,\"valueName\":\"search_term_string\"}}],\"inLanguage\":\"es\"},{\"@type\":\"Person\",\"@id\":\"https:\\\/\\\/www.vibrahotels.com\\\/blog\\\/#\\\/schema\\\/person\\\/ad74f13df6e44e7081ef65424f668972\",\"name\":\"The Ibiza Blog\",\"image\":{\"@type\":\"ImageObject\",\"inLanguage\":\"es\",\"@id\":\"https:\\\/\\\/secure.gravatar.com\\\/avatar\\\/d172713df318fe4ba11547ee4a70ab1eae0206026db57d7a5920186b9f5ee855?s=96&d=mm&r=g\",\"url\":\"https:\\\/\\\/secure.gravatar.com\\\/avatar\\\/d172713df318fe4ba11547ee4a70ab1eae0206026db57d7a5920186b9f5ee855?s=96&d=mm&r=g\",\"contentUrl\":\"https:\\\/\\\/secure.gravatar.com\\\/avatar\\\/d172713df318fe4ba11547ee4a70ab1eae0206026db57d7a5920186b9f5ee855?s=96&d=mm&r=g\",\"caption\":\"The Ibiza Blog\"},\"url\":\"https:\\\/\\\/www.vibrahotels.com\\\/blog\\\/author\\\/the-ibiza-blog\\\/\"}]}<\/script>\n<!-- \/ Yoast SEO plugin. -->","yoast_head_json":{"title":"Descubre el nuevo para\u00edso de Palma Cactus en Mallorca - Islander by Vibra Hotels","robots":{"index":"index","follow":"follow","max-snippet":"max-snippet:-1","max-image-preview":"max-image-preview:large","max-video-preview":"max-video-preview:-1"},"canonical":"https:\/\/www.vibrahotels.com\/blog\/descubre-el-nuevo-paraiso-de-palma-cactus-en-mallorca\/","og_locale":"es_ES","og_type":"article","og_title":"Descubre el nuevo para\u00edso de Palma Cactus en Mallorca - Islander by Vibra Hotels","og_description":"\u00bfPlaneas viajar a Mallorca y a\u00fan no sabes d\u00f3nde quedarte? \u00a1El nuevo y renovado hotel Vibra Palma Cactus en Palma de Mallorca es la opci\u00f3n ideal! Este para\u00edso est\u00e1 ubicado a tan solo 300m de la Playa de Palma. El...","og_url":"https:\/\/www.vibrahotels.com\/blog\/descubre-el-nuevo-paraiso-de-palma-cactus-en-mallorca\/","og_site_name":"Islander by Vibra Hotels","article_published_time":"2024-07-02T15:23:58+00:00","article_modified_time":"2024-09-12T14:40:34+00:00","og_image":[{"width":1000,"height":666,"url":"https:\/\/www.vibrahotels.com\/blog\/wp-content\/uploads\/2024\/07\/shutterstock_2298418275.jpg","type":"image\/jpeg"}],"author":"The Ibiza Blog","twitter_card":"summary_large_image","twitter_misc":{"Escrito por":"The Ibiza Blog","Tiempo de lectura":"3 minutos"},"schema":{"@context":"https:\/\/schema.org","@graph":[{"@type":"Article","@id":"https:\/\/www.vibrahotels.com\/blog\/descubre-el-nuevo-paraiso-de-palma-cactus-en-mallorca\/#article","isPartOf":{"@id":"https:\/\/www.vibrahotels.com\/blog\/descubre-el-nuevo-paraiso-de-palma-cactus-en-mallorca\/"},"author":{"name":"The Ibiza Blog","@id":"https:\/\/www.vibrahotels.com\/blog\/#\/schema\/person\/ad74f13df6e44e7081ef65424f668972"},"headline":"Descubre el nuevo para\u00edso de Palma Cactus en Mallorca","datePublished":"2024-07-02T15:23:58+00:00","dateModified":"2024-09-12T14:40:34+00:00","mainEntityOfPage":{"@id":"https:\/\/www.vibrahotels.com\/blog\/descubre-el-nuevo-paraiso-de-palma-cactus-en-mallorca\/"},"wordCount":620,"commentCount":0,"image":{"@id":"https:\/\/www.vibrahotels.com\/blog\/descubre-el-nuevo-paraiso-de-palma-cactus-en-mallorca\/#primaryimage"},"thumbnailUrl":"https:\/\/www.vibrahotels.com\/blog\/wp-content\/uploads\/2024\/07\/shutterstock_2298418275.jpg","articleSection":["Living Vibra","Planes en Mallorca"],"inLanguage":"es","potentialAction":[{"@type":"CommentAction","name":"Comment","target":["https:\/\/www.vibrahotels.com\/blog\/descubre-el-nuevo-paraiso-de-palma-cactus-en-mallorca\/#respond"]}]},{"@type":"WebPage","@id":"https:\/\/www.vibrahotels.com\/blog\/descubre-el-nuevo-paraiso-de-palma-cactus-en-mallorca\/","url":"https:\/\/www.vibrahotels.com\/blog\/descubre-el-nuevo-paraiso-de-palma-cactus-en-mallorca\/","name":"Descubre el nuevo para\u00edso de Palma Cactus en Mallorca - Islander by Vibra Hotels","isPartOf":{"@id":"https:\/\/www.vibrahotels.com\/blog\/#website"},"primaryImageOfPage":{"@id":"https:\/\/www.vibrahotels.com\/blog\/descubre-el-nuevo-paraiso-de-palma-cactus-en-mallorca\/#primaryimage"},"image":{"@id":"https:\/\/www.vibrahotels.com\/blog\/descubre-el-nuevo-paraiso-de-palma-cactus-en-mallorca\/#primaryimage"},"thumbnailUrl":"https:\/\/www.vibrahotels.com\/blog\/wp-content\/uploads\/2024\/07\/shutterstock_2298418275.jpg","datePublished":"2024-07-02T15:23:58+00:00","dateModified":"2024-09-12T14:40:34+00:00","author":{"@id":"https:\/\/www.vibrahotels.com\/blog\/#\/schema\/person\/ad74f13df6e44e7081ef65424f668972"},"breadcrumb":{"@id":"https:\/\/www.vibrahotels.com\/blog\/descubre-el-nuevo-paraiso-de-palma-cactus-en-mallorca\/#breadcrumb"},"inLanguage":"es","potentialAction":[{"@type":"ReadAction","target":["https:\/\/www.vibrahotels.com\/blog\/descubre-el-nuevo-paraiso-de-palma-cactus-en-mallorca\/"]}]},{"@type":"ImageObject","inLanguage":"es","@id":"https:\/\/www.vibrahotels.com\/blog\/descubre-el-nuevo-paraiso-de-palma-cactus-en-mallorca\/#primaryimage","url":"https:\/\/www.vibrahotels.com\/blog\/wp-content\/uploads\/2024\/07\/shutterstock_2298418275.jpg","contentUrl":"https:\/\/www.vibrahotels.com\/blog\/wp-content\/uploads\/2024\/07\/shutterstock_2298418275.jpg","width":1000,"height":666},{"@type":"BreadcrumbList","@id":"https:\/\/www.vibrahotels.com\/blog\/descubre-el-nuevo-paraiso-de-palma-cactus-en-mallorca\/#breadcrumb","itemListElement":[{"@type":"ListItem","position":1,"name":"Portada","item":"https:\/\/www.vibrahotels.com\/blog\/"},{"@type":"ListItem","position":2,"name":"Descubre el nuevo para\u00edso de Palma Cactus en Mallorca"}]},{"@type":"WebSite","@id":"https:\/\/www.vibrahotels.com\/blog\/#website","url":"https:\/\/www.vibrahotels.com\/blog\/","name":"Islander by Vibra Hotels","description":"","potentialAction":[{"@type":"SearchAction","target":{"@type":"EntryPoint","urlTemplate":"https:\/\/www.vibrahotels.com\/blog\/?s={search_term_string}"},"query-input":{"@type":"PropertyValueSpecification","valueRequired":true,"valueName":"search_term_string"}}],"inLanguage":"es"},{"@type":"Person","@id":"https:\/\/www.vibrahotels.com\/blog\/#\/schema\/person\/ad74f13df6e44e7081ef65424f668972","name":"The Ibiza Blog","image":{"@type":"ImageObject","inLanguage":"es","@id":"https:\/\/secure.gravatar.com\/avatar\/d172713df318fe4ba11547ee4a70ab1eae0206026db57d7a5920186b9f5ee855?s=96&d=mm&r=g","url":"https:\/\/secure.gravatar.com\/avatar\/d172713df318fe4ba11547ee4a70ab1eae0206026db57d7a5920186b9f5ee855?s=96&d=mm&r=g","contentUrl":"https:\/\/secure.gravatar.com\/avatar\/d172713df318fe4ba11547ee4a70ab1eae0206026db57d7a5920186b9f5ee855?s=96&d=mm&r=g","caption":"The Ibiza Blog"},"url":"https:\/\/www.vibrahotels.com\/blog\/author\/the-ibiza-blog\/"}]}},"_links":{"self":[{"href":"https:\/\/www.vibrahotels.com\/blog\/wp-json\/wp\/v2\/posts\/7188","targetHints":{"allow":["GET"]}}],"collection":[{"href":"https:\/\/www.vibrahotels.com\/blog\/wp-json\/wp\/v2\/posts"}],"about":[{"href":"https:\/\/www.vibrahotels.com\/blog\/wp-json\/wp\/v2\/types\/post"}],"author":[{"embeddable":true,"href":"https:\/\/www.vibrahotels.com\/blog\/wp-json\/wp\/v2\/users\/1"}],"replies":[{"embeddable":true,"href":"https:\/\/www.vibrahotels.com\/blog\/wp-json\/wp\/v2\/comments?post=7188"}],"version-history":[{"count":2,"href":"https:\/\/www.vibrahotels.com\/blog\/wp-json\/wp\/v2\/posts\/7188\/revisions"}],"predecessor-version":[{"id":7215,"href":"https:\/\/www.vibrahotels.com\/blog\/wp-json\/wp\/v2\/posts\/7188\/revisions\/7215"}],"wp:featuredmedia":[{"embeddable":true,"href":"https:\/\/www.vibrahotels.com\/blog\/wp-json\/wp\/v2\/media\/7207"}],"wp:attachment":[{"href":"https:\/\/www.vibrahotels.com\/blog\/wp-json\/wp\/v2\/media?parent=7188"}],"wp:term":[{"taxonomy":"category","embeddable":true,"href":"https:\/\/www.vibrahotels.com\/blog\/wp-json\/wp\/v2\/categories?post=7188"},{"taxonomy":"post_tag","embeddable":true,"href":"https:\/\/www.vibrahotels.com\/blog\/wp-json\/wp\/v2\/tags?post=7188"}],"curies":[{"name":"wp","href":"https:\/\/api.w.org\/{rel}","templated":true}]}}