{"id":7166,"date":"2024-05-31T12:00:12","date_gmt":"2024-05-31T10:00:12","guid":{"rendered":"https:\/\/www.vibrahotels.com\/?p=7166"},"modified":"2025-03-27T11:23:41","modified_gmt":"2025-03-27T10:23:41","slug":"pueblos-con-encanto-en-menorca","status":"publish","type":"post","link":"https:\/\/www.vibrahotels.com\/blog\/pueblos-con-encanto-en-menorca\/","title":{"rendered":"Pueblos con encanto en Menorca"},"content":{"rendered":"<p>Dicen que Menorca es la isla de los peque\u00f1os placeres, donde el lujo es disfrutar de las cosas que parecen sencillas y, sin embargo, son importantes para el alma&#8230;<\/p>\n<p>Menorca es una isla singular, que sorprende por su historia marcada por el paso de distintas culturas debido a su ubicaci\u00f3n estrat\u00e9gica en el Mediterr\u00e1neo y por la gran riqueza de su patrimonio arqueol\u00f3gico, arquitect\u00f3nico, y cultural.<\/p>\n<p><img loading=\"lazy\" decoding=\"async\" class=\"alignnone size-full wp-image-7173\" src=\"https:\/\/www.vibrahotels.com\/blog\/wp-content\/uploads\/2024\/05\/shutterstock_566768401-scaled.jpg\" alt=\"\" width=\"2560\" height=\"1707\" srcset=\"https:\/\/www.vibrahotels.com\/blog\/wp-content\/uploads\/2024\/05\/shutterstock_566768401-scaled.jpg 2560w, https:\/\/www.vibrahotels.com\/blog\/wp-content\/uploads\/2024\/05\/shutterstock_566768401-300x200.jpg 300w, https:\/\/www.vibrahotels.com\/blog\/wp-content\/uploads\/2024\/05\/shutterstock_566768401-1024x683.jpg 1024w, https:\/\/www.vibrahotels.com\/blog\/wp-content\/uploads\/2024\/05\/shutterstock_566768401-768x512.jpg 768w, https:\/\/www.vibrahotels.com\/blog\/wp-content\/uploads\/2024\/05\/shutterstock_566768401-1536x1024.jpg 1536w, https:\/\/www.vibrahotels.com\/blog\/wp-content\/uploads\/2024\/05\/shutterstock_566768401-2048x1365.jpg 2048w\" sizes=\"auto, (max-width: 2560px) 100vw, 2560px\" \/>Sus pueblos son en esencia mediterr\u00e1neos y son el reflejo de sus ra\u00edces y tradiciones, aunque cada uno tiene una arquitectura distinta que lo identifica. Si est\u00e1s pensando en visitar Menorca, aqu\u00ed te vamos a contar cu\u00e1les son los pueblos que no te debes perder.<\/p>\n<p><strong>Mah\u00f3n <\/strong><\/p>\n<p>Se trata de la ciudad m\u00e1s importante de Menorca y es la capital.\u00a0 Est\u00e1 repleta de zonas que recuerdan a la \u00e9poca de la colonizaci\u00f3n inglesa.\u00a0 Es una ciudad muy bonita y especial para pasear por sus calles o por el puerto. Como capital de la isla y ciudad m\u00e1s importante de Menorca se encuentra Mah\u00f3n, una localidad llena de vida y rincones que recuerdan el legado ingl\u00e9s.\u00a0 Como dato de inter\u00e9s cabe destacar que se trata del segundo puerto natural m\u00e1s grande de Europa, con m\u00e1s de 5 km de longitud.\u00a0 \u00a1No te pierdas los miradores de Ses Monges y del Pont des Castell con vistas impresionantes!<\/p>\n<p><strong><img loading=\"lazy\" decoding=\"async\" class=\"alignnone size-full wp-image-7169\" src=\"https:\/\/www.vibrahotels.com\/blog\/wp-content\/uploads\/2024\/05\/shutterstock_183078677-1-scaled.jpg\" alt=\"\" width=\"2560\" height=\"1707\" srcset=\"https:\/\/www.vibrahotels.com\/blog\/wp-content\/uploads\/2024\/05\/shutterstock_183078677-1-scaled.jpg 2560w, https:\/\/www.vibrahotels.com\/blog\/wp-content\/uploads\/2024\/05\/shutterstock_183078677-1-300x200.jpg 300w, https:\/\/www.vibrahotels.com\/blog\/wp-content\/uploads\/2024\/05\/shutterstock_183078677-1-1024x683.jpg 1024w, https:\/\/www.vibrahotels.com\/blog\/wp-content\/uploads\/2024\/05\/shutterstock_183078677-1-768x512.jpg 768w, https:\/\/www.vibrahotels.com\/blog\/wp-content\/uploads\/2024\/05\/shutterstock_183078677-1-1536x1024.jpg 1536w, https:\/\/www.vibrahotels.com\/blog\/wp-content\/uploads\/2024\/05\/shutterstock_183078677-1-2048x1365.jpg 2048w\" sizes=\"auto, (max-width: 2560px) 100vw, 2560px\" \/>Alaior <\/strong><\/p>\n<p>Alaior es un pueblo lleno de la esencia y la tranquilidad de la isla.\u00a0 Tiene cerca de 9.000 habitantes y cuenta con puntos de inter\u00e9s para visitar que no te debes perder.\u00a0 Por ejemplo, la parroquia de Santa Eulalia, que es la patrona de la ciudad, el parque Munt de l\u2019Angel desde donde contemplar la Cala En Porter, uno de los lugares ideales para practicar kayak ya est\u00e1 repleto de curiosas cuevas, o la Ermita de San Pere; Ver\u00e1s que todo el pueblo est\u00e1 construido alrededor de dos estas dos iglesias.\u00a0 La arquitectura medieval predomina toda esta zona donde encontraras casas se\u00f1oriales.<\/p>\n<p>Hay un lugar que te recomendamos visitar, el\u00a0patio de Sa Lluna, se trata de un monumento nacional con un antiguo claustro franciscano.\u00a0 Tambi\u00e9n merece la pena visitar el Palacio de Can Salort, actualmente sede de la Universidad Balear.<\/p>\n<p><strong>Ferreries<\/strong><\/p>\n<p>Un bonito y pintoresco pueblo de casas blancas ubicado en el centro de un valle.\u00a0 Ferreries es conocido como el pueblo del calzado ya que fue muy famoso por esta industria durante mucho tiempo.\u00a0 Sigue contando con f\u00e1bricas de calzado de marcas famosas en muchas partes del mundo.<\/p>\n<p>Te sugerimos visitar la\u00a0Iglesia de Sant Bertomeu\u00a0o la\u00a0Plaza de la Peixateria.\u00a0 En las afueras puedes dirigirte al Castillo de Santa \u00c1gueda, del siglo X, desde donde contemplar unas curiosas vistas del poblado talay\u00f3tico de son Mercer de Baix, Patrimonio de la Humanidad.<\/p>\n<p>Despu\u00e9s de una apetecible comida en el puerto, no dejes de caminar por el casco antiguo hasta llegar al Ayuntamiento, que cuenta con un reloj de Richard Kane en la fachada, la Iglesia de Santa Mar\u00eda o la Plaza del Pr\u00edncipe donde sentarse a descansar y observar el ambiente animado.\u00a0 Si eres de los que te gusta ver lo aut\u00e9ntico, te sugerimos visitar el Mercat del Peix, donde tambi\u00e9n podr\u00e1s comer \u00a1te encantar\u00e1!<\/p>\n<p><strong>\u00a0<\/strong><\/p>\n<p><strong>Es Mercadal<\/strong><\/p>\n<p>En el centro de la isla y muy cerca de Ferreries se encuentra esta poblaci\u00f3n famosa or su gastronom\u00eda, \u00bfte gustan las ensaimadas? Has llegado al sitio.\u00a0 Adem\u00e1s, tienen el famoso queso de Mah\u00f3n, otro de los productos emblem\u00e1ticos de Menorca.\u00a0 Desde aqu\u00ed puedes ir al punto m\u00e1s alto de la isla, Monte Toro, donde disfrutar de unas vistas inmejorables y donde se encuentra el Monasterio de Toro, con una arquitectura t\u00edpica de la isla.<\/p>\n<p><img loading=\"lazy\" decoding=\"async\" class=\"alignnone size-full wp-image-7167\" src=\"https:\/\/www.vibrahotels.com\/blog\/wp-content\/uploads\/2024\/05\/shutterstock_107771372-scaled.jpg\" alt=\"\" width=\"2560\" height=\"1700\" srcset=\"https:\/\/www.vibrahotels.com\/blog\/wp-content\/uploads\/2024\/05\/shutterstock_107771372-scaled.jpg 2560w, https:\/\/www.vibrahotels.com\/blog\/wp-content\/uploads\/2024\/05\/shutterstock_107771372-300x199.jpg 300w, https:\/\/www.vibrahotels.com\/blog\/wp-content\/uploads\/2024\/05\/shutterstock_107771372-1024x680.jpg 1024w, https:\/\/www.vibrahotels.com\/blog\/wp-content\/uploads\/2024\/05\/shutterstock_107771372-768x510.jpg 768w, https:\/\/www.vibrahotels.com\/blog\/wp-content\/uploads\/2024\/05\/shutterstock_107771372-1536x1020.jpg 1536w, https:\/\/www.vibrahotels.com\/blog\/wp-content\/uploads\/2024\/05\/shutterstock_107771372-2048x1360.jpg 2048w\" sizes=\"auto, (max-width: 2560px) 100vw, 2560px\" \/><\/p>\n<p><strong>Ciutadella<\/strong><\/p>\n<p>Podemos decir que Ciutadella es considerada la ciudad m\u00e1s monumental de Menorca y por lo tanto es una visita indispensable.\u00a0 Es la ciudad con m\u00e1s encanto e historia que se remonta a la \u00e9poca colonial cuando era colonia inglesa.<\/p>\n<p>Merece la pena recorrer su casco antiguo, de calles empedradas y visitar la Catedral y Convento de Sant Agust\u00ed.\u00a0 Pero lo que realmente sorprende al viajero es el puerto de Ciutadella.\u00a0\u00a0 Est\u00e1 repleto de peque\u00f1os restaurantes junto al mar que ofrecen platos de la gastronom\u00eda t\u00edpica de Menorca.\u00a0 Uno de los puntos con mejores vistas en esta zona es el Castillo de San Nicol\u00e1s \u00a1son fant\u00e1sticas!<\/p>\n<p><img loading=\"lazy\" decoding=\"async\" class=\"alignnone size-full wp-image-7171\" src=\"https:\/\/www.vibrahotels.com\/blog\/wp-content\/uploads\/2024\/05\/shutterstock_554710495-scaled.jpg\" alt=\"\" width=\"2560\" height=\"1707\" srcset=\"https:\/\/www.vibrahotels.com\/blog\/wp-content\/uploads\/2024\/05\/shutterstock_554710495-scaled.jpg 2560w, https:\/\/www.vibrahotels.com\/blog\/wp-content\/uploads\/2024\/05\/shutterstock_554710495-300x200.jpg 300w, https:\/\/www.vibrahotels.com\/blog\/wp-content\/uploads\/2024\/05\/shutterstock_554710495-1024x683.jpg 1024w, https:\/\/www.vibrahotels.com\/blog\/wp-content\/uploads\/2024\/05\/shutterstock_554710495-768x512.jpg 768w, https:\/\/www.vibrahotels.com\/blog\/wp-content\/uploads\/2024\/05\/shutterstock_554710495-1536x1024.jpg 1536w, https:\/\/www.vibrahotels.com\/blog\/wp-content\/uploads\/2024\/05\/shutterstock_554710495-2048x1365.jpg 2048w\" sizes=\"auto, (max-width: 2560px) 100vw, 2560px\" \/>Ya hemos llegado al final de nuestro recorrido despu\u00e9s de un largo d\u00eda de visita de preciosos pueblos y ciudades con encanto, y pasear por las calles empedradas y puertos, y es hora de volver al hotel a darte el \u00faltimo ba\u00f1o y disfrutar de la puesta de sol desde la terraza del cualquiera de los <a href=\"https:\/\/www.vibrahotels.com\/es\/menorca\">apartamentos y aparthotel de Vibra Hotels<\/a>, con la mejor relaci\u00f3n calidad precio y que cuidan de tu descanso, situados a tan solo 2 km de Ciutadella\u00a0 \u00a1no lo dejes pasar y disfruta de sus maravillosas zonas ajardinadas y piscinas!<\/p>\n","protected":false},"excerpt":{"rendered":"<p>Dicen que Menorca es la isla de los peque\u00f1os placeres, donde el lujo es disfrutar de las cosas que parecen sencillas y, sin embargo, son importantes para el alma&#8230; Menorca es una isla singular, que sorprende por su historia marcada&#8230;<\/p>\n","protected":false},"author":1,"featured_media":7169,"comment_status":"open","ping_status":"open","sticky":false,"template":"","format":"standard","meta":{"footnotes":""},"categories":[1557],"tags":[],"class_list":["post-7166","post","type-post","status-publish","format-standard","has-post-thumbnail","hentry","category-planes-en-menorca"],"yoast_head":"<!-- This site is optimized with the Yoast SEO plugin v27.4 - https:\/\/yoast.com\/product\/yoast-seo-wordpress\/ -->\n<title>Pueblos con encanto en Menorca - Islander by Vibra Hotels<\/title>\n<meta name=\"robots\" content=\"index, follow, max-snippet:-1, max-image-preview:large, max-video-preview:-1\" \/>\n<link rel=\"canonical\" href=\"https:\/\/www.vibrahotels.com\/blog\/pueblos-con-encanto-en-menorca\/\" \/>\n<meta property=\"og:locale\" content=\"es_ES\" \/>\n<meta property=\"og:type\" content=\"article\" \/>\n<meta property=\"og:title\" content=\"Pueblos con encanto en Menorca - Islander by Vibra Hotels\" \/>\n<meta property=\"og:description\" content=\"Dicen que Menorca es la isla de los peque\u00f1os placeres, donde el lujo es disfrutar de las cosas que parecen sencillas y, sin embargo, son importantes para el alma&#8230; Menorca es una isla singular, que sorprende por su historia marcada...\" \/>\n<meta property=\"og:url\" content=\"https:\/\/www.vibrahotels.com\/blog\/pueblos-con-encanto-en-menorca\/\" \/>\n<meta property=\"og:site_name\" content=\"Islander by Vibra Hotels\" \/>\n<meta property=\"article:published_time\" content=\"2024-05-31T10:00:12+00:00\" \/>\n<meta property=\"article:modified_time\" content=\"2025-03-27T10:23:41+00:00\" \/>\n<meta property=\"og:image\" content=\"https:\/\/www.vibrahotels.com\/blog\/wp-content\/uploads\/2024\/05\/shutterstock_183078677-1-scaled.jpg\" \/>\n\t<meta property=\"og:image:width\" content=\"2560\" \/>\n\t<meta property=\"og:image:height\" content=\"1707\" \/>\n\t<meta property=\"og:image:type\" content=\"image\/jpeg\" \/>\n<meta name=\"author\" content=\"The Ibiza Blog\" \/>\n<meta name=\"twitter:card\" content=\"summary_large_image\" \/>\n<meta name=\"twitter:label1\" content=\"Escrito por\" \/>\n\t<meta name=\"twitter:data1\" content=\"The Ibiza Blog\" \/>\n\t<meta name=\"twitter:label2\" content=\"Tiempo de lectura\" \/>\n\t<meta name=\"twitter:data2\" content=\"4 minutos\" \/>\n<script type=\"application\/ld+json\" class=\"yoast-schema-graph\">{\"@context\":\"https:\\\/\\\/schema.org\",\"@graph\":[{\"@type\":\"Article\",\"@id\":\"https:\\\/\\\/www.vibrahotels.com\\\/blog\\\/pueblos-con-encanto-en-menorca\\\/#article\",\"isPartOf\":{\"@id\":\"https:\\\/\\\/www.vibrahotels.com\\\/blog\\\/pueblos-con-encanto-en-menorca\\\/\"},\"author\":{\"name\":\"The Ibiza Blog\",\"@id\":\"https:\\\/\\\/www.vibrahotels.com\\\/blog\\\/#\\\/schema\\\/person\\\/ad74f13df6e44e7081ef65424f668972\"},\"headline\":\"Pueblos con encanto en Menorca\",\"datePublished\":\"2024-05-31T10:00:12+00:00\",\"dateModified\":\"2025-03-27T10:23:41+00:00\",\"mainEntityOfPage\":{\"@id\":\"https:\\\/\\\/www.vibrahotels.com\\\/blog\\\/pueblos-con-encanto-en-menorca\\\/\"},\"wordCount\":859,\"commentCount\":0,\"image\":{\"@id\":\"https:\\\/\\\/www.vibrahotels.com\\\/blog\\\/pueblos-con-encanto-en-menorca\\\/#primaryimage\"},\"thumbnailUrl\":\"https:\\\/\\\/www.vibrahotels.com\\\/blog\\\/wp-content\\\/uploads\\\/2024\\\/05\\\/shutterstock_183078677-1-scaled.jpg\",\"articleSection\":[\"Planes en Menorca\"],\"inLanguage\":\"es\",\"potentialAction\":[{\"@type\":\"CommentAction\",\"name\":\"Comment\",\"target\":[\"https:\\\/\\\/www.vibrahotels.com\\\/blog\\\/pueblos-con-encanto-en-menorca\\\/#respond\"]}]},{\"@type\":\"WebPage\",\"@id\":\"https:\\\/\\\/www.vibrahotels.com\\\/blog\\\/pueblos-con-encanto-en-menorca\\\/\",\"url\":\"https:\\\/\\\/www.vibrahotels.com\\\/blog\\\/pueblos-con-encanto-en-menorca\\\/\",\"name\":\"Pueblos con encanto en Menorca - Islander by Vibra Hotels\",\"isPartOf\":{\"@id\":\"https:\\\/\\\/www.vibrahotels.com\\\/blog\\\/#website\"},\"primaryImageOfPage\":{\"@id\":\"https:\\\/\\\/www.vibrahotels.com\\\/blog\\\/pueblos-con-encanto-en-menorca\\\/#primaryimage\"},\"image\":{\"@id\":\"https:\\\/\\\/www.vibrahotels.com\\\/blog\\\/pueblos-con-encanto-en-menorca\\\/#primaryimage\"},\"thumbnailUrl\":\"https:\\\/\\\/www.vibrahotels.com\\\/blog\\\/wp-content\\\/uploads\\\/2024\\\/05\\\/shutterstock_183078677-1-scaled.jpg\",\"datePublished\":\"2024-05-31T10:00:12+00:00\",\"dateModified\":\"2025-03-27T10:23:41+00:00\",\"author\":{\"@id\":\"https:\\\/\\\/www.vibrahotels.com\\\/blog\\\/#\\\/schema\\\/person\\\/ad74f13df6e44e7081ef65424f668972\"},\"breadcrumb\":{\"@id\":\"https:\\\/\\\/www.vibrahotels.com\\\/blog\\\/pueblos-con-encanto-en-menorca\\\/#breadcrumb\"},\"inLanguage\":\"es\",\"potentialAction\":[{\"@type\":\"ReadAction\",\"target\":[\"https:\\\/\\\/www.vibrahotels.com\\\/blog\\\/pueblos-con-encanto-en-menorca\\\/\"]}]},{\"@type\":\"ImageObject\",\"inLanguage\":\"es\",\"@id\":\"https:\\\/\\\/www.vibrahotels.com\\\/blog\\\/pueblos-con-encanto-en-menorca\\\/#primaryimage\",\"url\":\"https:\\\/\\\/www.vibrahotels.com\\\/blog\\\/wp-content\\\/uploads\\\/2024\\\/05\\\/shutterstock_183078677-1-scaled.jpg\",\"contentUrl\":\"https:\\\/\\\/www.vibrahotels.com\\\/blog\\\/wp-content\\\/uploads\\\/2024\\\/05\\\/shutterstock_183078677-1-scaled.jpg\",\"width\":2560,\"height\":1707},{\"@type\":\"BreadcrumbList\",\"@id\":\"https:\\\/\\\/www.vibrahotels.com\\\/blog\\\/pueblos-con-encanto-en-menorca\\\/#breadcrumb\",\"itemListElement\":[{\"@type\":\"ListItem\",\"position\":1,\"name\":\"Portada\",\"item\":\"https:\\\/\\\/www.vibrahotels.com\\\/blog\\\/\"},{\"@type\":\"ListItem\",\"position\":2,\"name\":\"Pueblos con encanto en Menorca\"}]},{\"@type\":\"WebSite\",\"@id\":\"https:\\\/\\\/www.vibrahotels.com\\\/blog\\\/#website\",\"url\":\"https:\\\/\\\/www.vibrahotels.com\\\/blog\\\/\",\"name\":\"Islander by Vibra Hotels\",\"description\":\"\",\"potentialAction\":[{\"@type\":\"SearchAction\",\"target\":{\"@type\":\"EntryPoint\",\"urlTemplate\":\"https:\\\/\\\/www.vibrahotels.com\\\/blog\\\/?s={search_term_string}\"},\"query-input\":{\"@type\":\"PropertyValueSpecification\",\"valueRequired\":true,\"valueName\":\"search_term_string\"}}],\"inLanguage\":\"es\"},{\"@type\":\"Person\",\"@id\":\"https:\\\/\\\/www.vibrahotels.com\\\/blog\\\/#\\\/schema\\\/person\\\/ad74f13df6e44e7081ef65424f668972\",\"name\":\"The Ibiza Blog\",\"image\":{\"@type\":\"ImageObject\",\"inLanguage\":\"es\",\"@id\":\"https:\\\/\\\/secure.gravatar.com\\\/avatar\\\/d172713df318fe4ba11547ee4a70ab1eae0206026db57d7a5920186b9f5ee855?s=96&d=mm&r=g\",\"url\":\"https:\\\/\\\/secure.gravatar.com\\\/avatar\\\/d172713df318fe4ba11547ee4a70ab1eae0206026db57d7a5920186b9f5ee855?s=96&d=mm&r=g\",\"contentUrl\":\"https:\\\/\\\/secure.gravatar.com\\\/avatar\\\/d172713df318fe4ba11547ee4a70ab1eae0206026db57d7a5920186b9f5ee855?s=96&d=mm&r=g\",\"caption\":\"The Ibiza Blog\"},\"url\":\"https:\\\/\\\/www.vibrahotels.com\\\/blog\\\/author\\\/the-ibiza-blog\\\/\"}]}<\/script>\n<!-- \/ Yoast SEO plugin. -->","yoast_head_json":{"title":"Pueblos con encanto en Menorca - Islander by Vibra Hotels","robots":{"index":"index","follow":"follow","max-snippet":"max-snippet:-1","max-image-preview":"max-image-preview:large","max-video-preview":"max-video-preview:-1"},"canonical":"https:\/\/www.vibrahotels.com\/blog\/pueblos-con-encanto-en-menorca\/","og_locale":"es_ES","og_type":"article","og_title":"Pueblos con encanto en Menorca - Islander by Vibra Hotels","og_description":"Dicen que Menorca es la isla de los peque\u00f1os placeres, donde el lujo es disfrutar de las cosas que parecen sencillas y, sin embargo, son importantes para el alma&#8230; Menorca es una isla singular, que sorprende por su historia marcada...","og_url":"https:\/\/www.vibrahotels.com\/blog\/pueblos-con-encanto-en-menorca\/","og_site_name":"Islander by Vibra Hotels","article_published_time":"2024-05-31T10:00:12+00:00","article_modified_time":"2025-03-27T10:23:41+00:00","og_image":[{"width":2560,"height":1707,"url":"https:\/\/www.vibrahotels.com\/blog\/wp-content\/uploads\/2024\/05\/shutterstock_183078677-1-scaled.jpg","type":"image\/jpeg"}],"author":"The Ibiza Blog","twitter_card":"summary_large_image","twitter_misc":{"Escrito por":"The Ibiza Blog","Tiempo de lectura":"4 minutos"},"schema":{"@context":"https:\/\/schema.org","@graph":[{"@type":"Article","@id":"https:\/\/www.vibrahotels.com\/blog\/pueblos-con-encanto-en-menorca\/#article","isPartOf":{"@id":"https:\/\/www.vibrahotels.com\/blog\/pueblos-con-encanto-en-menorca\/"},"author":{"name":"The Ibiza Blog","@id":"https:\/\/www.vibrahotels.com\/blog\/#\/schema\/person\/ad74f13df6e44e7081ef65424f668972"},"headline":"Pueblos con encanto en Menorca","datePublished":"2024-05-31T10:00:12+00:00","dateModified":"2025-03-27T10:23:41+00:00","mainEntityOfPage":{"@id":"https:\/\/www.vibrahotels.com\/blog\/pueblos-con-encanto-en-menorca\/"},"wordCount":859,"commentCount":0,"image":{"@id":"https:\/\/www.vibrahotels.com\/blog\/pueblos-con-encanto-en-menorca\/#primaryimage"},"thumbnailUrl":"https:\/\/www.vibrahotels.com\/blog\/wp-content\/uploads\/2024\/05\/shutterstock_183078677-1-scaled.jpg","articleSection":["Planes en Menorca"],"inLanguage":"es","potentialAction":[{"@type":"CommentAction","name":"Comment","target":["https:\/\/www.vibrahotels.com\/blog\/pueblos-con-encanto-en-menorca\/#respond"]}]},{"@type":"WebPage","@id":"https:\/\/www.vibrahotels.com\/blog\/pueblos-con-encanto-en-menorca\/","url":"https:\/\/www.vibrahotels.com\/blog\/pueblos-con-encanto-en-menorca\/","name":"Pueblos con encanto en Menorca - Islander by Vibra Hotels","isPartOf":{"@id":"https:\/\/www.vibrahotels.com\/blog\/#website"},"primaryImageOfPage":{"@id":"https:\/\/www.vibrahotels.com\/blog\/pueblos-con-encanto-en-menorca\/#primaryimage"},"image":{"@id":"https:\/\/www.vibrahotels.com\/blog\/pueblos-con-encanto-en-menorca\/#primaryimage"},"thumbnailUrl":"https:\/\/www.vibrahotels.com\/blog\/wp-content\/uploads\/2024\/05\/shutterstock_183078677-1-scaled.jpg","datePublished":"2024-05-31T10:00:12+00:00","dateModified":"2025-03-27T10:23:41+00:00","author":{"@id":"https:\/\/www.vibrahotels.com\/blog\/#\/schema\/person\/ad74f13df6e44e7081ef65424f668972"},"breadcrumb":{"@id":"https:\/\/www.vibrahotels.com\/blog\/pueblos-con-encanto-en-menorca\/#breadcrumb"},"inLanguage":"es","potentialAction":[{"@type":"ReadAction","target":["https:\/\/www.vibrahotels.com\/blog\/pueblos-con-encanto-en-menorca\/"]}]},{"@type":"ImageObject","inLanguage":"es","@id":"https:\/\/www.vibrahotels.com\/blog\/pueblos-con-encanto-en-menorca\/#primaryimage","url":"https:\/\/www.vibrahotels.com\/blog\/wp-content\/uploads\/2024\/05\/shutterstock_183078677-1-scaled.jpg","contentUrl":"https:\/\/www.vibrahotels.com\/blog\/wp-content\/uploads\/2024\/05\/shutterstock_183078677-1-scaled.jpg","width":2560,"height":1707},{"@type":"BreadcrumbList","@id":"https:\/\/www.vibrahotels.com\/blog\/pueblos-con-encanto-en-menorca\/#breadcrumb","itemListElement":[{"@type":"ListItem","position":1,"name":"Portada","item":"https:\/\/www.vibrahotels.com\/blog\/"},{"@type":"ListItem","position":2,"name":"Pueblos con encanto en Menorca"}]},{"@type":"WebSite","@id":"https:\/\/www.vibrahotels.com\/blog\/#website","url":"https:\/\/www.vibrahotels.com\/blog\/","name":"Islander by Vibra Hotels","description":"","potentialAction":[{"@type":"SearchAction","target":{"@type":"EntryPoint","urlTemplate":"https:\/\/www.vibrahotels.com\/blog\/?s={search_term_string}"},"query-input":{"@type":"PropertyValueSpecification","valueRequired":true,"valueName":"search_term_string"}}],"inLanguage":"es"},{"@type":"Person","@id":"https:\/\/www.vibrahotels.com\/blog\/#\/schema\/person\/ad74f13df6e44e7081ef65424f668972","name":"The Ibiza Blog","image":{"@type":"ImageObject","inLanguage":"es","@id":"https:\/\/secure.gravatar.com\/avatar\/d172713df318fe4ba11547ee4a70ab1eae0206026db57d7a5920186b9f5ee855?s=96&d=mm&r=g","url":"https:\/\/secure.gravatar.com\/avatar\/d172713df318fe4ba11547ee4a70ab1eae0206026db57d7a5920186b9f5ee855?s=96&d=mm&r=g","contentUrl":"https:\/\/secure.gravatar.com\/avatar\/d172713df318fe4ba11547ee4a70ab1eae0206026db57d7a5920186b9f5ee855?s=96&d=mm&r=g","caption":"The Ibiza Blog"},"url":"https:\/\/www.vibrahotels.com\/blog\/author\/the-ibiza-blog\/"}]}},"_links":{"self":[{"href":"https:\/\/www.vibrahotels.com\/blog\/wp-json\/wp\/v2\/posts\/7166","targetHints":{"allow":["GET"]}}],"collection":[{"href":"https:\/\/www.vibrahotels.com\/blog\/wp-json\/wp\/v2\/posts"}],"about":[{"href":"https:\/\/www.vibrahotels.com\/blog\/wp-json\/wp\/v2\/types\/post"}],"author":[{"embeddable":true,"href":"https:\/\/www.vibrahotels.com\/blog\/wp-json\/wp\/v2\/users\/1"}],"replies":[{"embeddable":true,"href":"https:\/\/www.vibrahotels.com\/blog\/wp-json\/wp\/v2\/comments?post=7166"}],"version-history":[{"count":2,"href":"https:\/\/www.vibrahotels.com\/blog\/wp-json\/wp\/v2\/posts\/7166\/revisions"}],"predecessor-version":[{"id":7222,"href":"https:\/\/www.vibrahotels.com\/blog\/wp-json\/wp\/v2\/posts\/7166\/revisions\/7222"}],"wp:featuredmedia":[{"embeddable":true,"href":"https:\/\/www.vibrahotels.com\/blog\/wp-json\/wp\/v2\/media\/7169"}],"wp:attachment":[{"href":"https:\/\/www.vibrahotels.com\/blog\/wp-json\/wp\/v2\/media?parent=7166"}],"wp:term":[{"taxonomy":"category","embeddable":true,"href":"https:\/\/www.vibrahotels.com\/blog\/wp-json\/wp\/v2\/categories?post=7166"},{"taxonomy":"post_tag","embeddable":true,"href":"https:\/\/www.vibrahotels.com\/blog\/wp-json\/wp\/v2\/tags?post=7166"}],"curies":[{"name":"wp","href":"https:\/\/api.w.org\/{rel}","templated":true}]}}