{"id":7155,"date":"2024-05-20T12:03:03","date_gmt":"2024-05-20T10:03:03","guid":{"rendered":"https:\/\/www.vibrahotels.com\/?p=7155"},"modified":"2024-09-12T16:40:44","modified_gmt":"2024-09-12T14:40:44","slug":"gastronomia-en-mallorca","status":"publish","type":"post","link":"https:\/\/www.vibrahotels.com\/blog\/gastronomia-en-mallorca\/","title":{"rendered":"Gastronom\u00eda en Mallorca"},"content":{"rendered":"<p>Si estas organizando tu pr\u00f3xima visita a Mallorca y eres de los que te gusta descubrir la gastronom\u00eda de cada lugar, aqu\u00ed te contamos los platos m\u00e1s t\u00edpicos de la isla de mallorca que no te debes perder, los de la verdadera cocina mallorquina, tradicionales y por cierto \u00a1est\u00e1n todos riqu\u00edsimos!<\/p>\n<p>En los \u00faltimos a\u00f1os se ha producido un resurgir de la cocina tradicional y la reivindicaci\u00f3n de las ra\u00edces culinarias de la isla. Como sabes, Mallorca cuenta con productos excelentes, y gran predilecci\u00f3n por la huerta y las especias.\u00a0 Es el esp\u00edritu isle\u00f1o del autoabastecimiento, cocina creativa que da lugar a la pasteler\u00eda salada y una gran variedad de embutidos.<\/p>\n<p>Adem\u00e1s, la gastronom\u00eda balear se basa en influencias de todos los pueblos que han pasado por all\u00ed a lo largo de la historia, como los \u00e1rabes, jud\u00edos, franceses e ingleses.\u00a0 Cuentan con gran variedad de productos de la huerta y del mar y sus recetas t\u00edpicas preservan una cocina \u00fanica a partir del gran mestizaje.<\/p>\n<p>Aqu\u00ed te contamos los imprescindibles para que puedas llevarte un delicioso recuerdo:<\/p>\n<ol>\n<li>\u2018Tumbet\u2019<\/li>\n<\/ol>\n<p>Se trata de un homenaje a la huerta y a las hortalizas. Es parecido al pisto de La Mancha o a la sanfaina catalana.\u00a0 En Francia lo llaman ratatouille y en Sicilia la caponata. Tradicionalmente se a\u00f1ade pi\u00f1ones y pasas.<img loading=\"lazy\" decoding=\"async\" class=\"alignnone size-full wp-image-7148\" src=\"https:\/\/www.vibrahotels.com\/wp-content\/uploads\/2024\/05\/shutterstock_2304112595-scaled.jpg\" alt=\"\" width=\"2560\" height=\"1702\" srcset=\"https:\/\/www.vibrahotels.com\/blog\/wp-content\/uploads\/2024\/05\/shutterstock_2304112595-scaled.jpg 2560w, https:\/\/www.vibrahotels.com\/blog\/wp-content\/uploads\/2024\/05\/shutterstock_2304112595-300x199.jpg 300w, https:\/\/www.vibrahotels.com\/blog\/wp-content\/uploads\/2024\/05\/shutterstock_2304112595-1024x681.jpg 1024w, https:\/\/www.vibrahotels.com\/blog\/wp-content\/uploads\/2024\/05\/shutterstock_2304112595-768x511.jpg 768w, https:\/\/www.vibrahotels.com\/blog\/wp-content\/uploads\/2024\/05\/shutterstock_2304112595-1536x1021.jpg 1536w, https:\/\/www.vibrahotels.com\/blog\/wp-content\/uploads\/2024\/05\/shutterstock_2304112595-2048x1362.jpg 2048w\" sizes=\"auto, (max-width: 2560px) 100vw, 2560px\" \/><\/p>\n<p>2. \u2018Cocas\u2019<\/p>\n<p>Es lo que comentamos antes sobre la pasteler\u00eda salada de Mallorca, con gran creatividad y variedad, es un plato imprescindible que nos recuerda a una pizza, pero con otra consistencia y sin queso.\u00a0 Se trata de una base de masa a la que se a\u00f1aden distintos tipos de rellenos con productos de temporada.\u00a0 En verano se elabora m\u00e1s la de tramp\u00f3, a base de ensalada de pimiento, tomate y cebolla, con aceite y sal.\u00a0 Se hornean y est\u00e1n listas para comer.<img loading=\"lazy\" decoding=\"async\" class=\"alignnone size-full wp-image-7146\" src=\"https:\/\/www.vibrahotels.com\/wp-content\/uploads\/2024\/05\/shutterstock_2294230793-scaled.jpg\" alt=\"\" width=\"2560\" height=\"1707\" srcset=\"https:\/\/www.vibrahotels.com\/blog\/wp-content\/uploads\/2024\/05\/shutterstock_2294230793-scaled.jpg 2560w, https:\/\/www.vibrahotels.com\/blog\/wp-content\/uploads\/2024\/05\/shutterstock_2294230793-300x200.jpg 300w, https:\/\/www.vibrahotels.com\/blog\/wp-content\/uploads\/2024\/05\/shutterstock_2294230793-1024x683.jpg 1024w, https:\/\/www.vibrahotels.com\/blog\/wp-content\/uploads\/2024\/05\/shutterstock_2294230793-768x512.jpg 768w, https:\/\/www.vibrahotels.com\/blog\/wp-content\/uploads\/2024\/05\/shutterstock_2294230793-1536x1024.jpg 1536w, https:\/\/www.vibrahotels.com\/blog\/wp-content\/uploads\/2024\/05\/shutterstock_2294230793-2048x1365.jpg 2048w\" sizes=\"auto, (max-width: 2560px) 100vw, 2560px\" \/><\/p>\n<ol start=\"3\">\n<li>Empanadas<\/li>\n<\/ol>\n<p>Las empanadas mallorquinas se remontan a la cultura jud\u00eda, hechas con pan sin levadura y a\u00f1adi\u00e9ndole manteca de cerdo y\/o sobrasada. Se a\u00f1ade carne, pollo, guisantes&#8230;y un sinf\u00edn de variedades que te har\u00e1n la boca agua solo de recordarlas&#8230;<img loading=\"lazy\" decoding=\"async\" class=\"alignnone size-full wp-image-7150\" src=\"https:\/\/www.vibrahotels.com\/wp-content\/uploads\/2024\/05\/shutterstock_2441193447-scaled.jpg\" alt=\"\" width=\"2560\" height=\"1714\" srcset=\"https:\/\/www.vibrahotels.com\/blog\/wp-content\/uploads\/2024\/05\/shutterstock_2441193447-scaled.jpg 2560w, https:\/\/www.vibrahotels.com\/blog\/wp-content\/uploads\/2024\/05\/shutterstock_2441193447-300x201.jpg 300w, https:\/\/www.vibrahotels.com\/blog\/wp-content\/uploads\/2024\/05\/shutterstock_2441193447-1024x686.jpg 1024w, https:\/\/www.vibrahotels.com\/blog\/wp-content\/uploads\/2024\/05\/shutterstock_2441193447-768x514.jpg 768w, https:\/\/www.vibrahotels.com\/blog\/wp-content\/uploads\/2024\/05\/shutterstock_2441193447-1536x1028.jpg 1536w, https:\/\/www.vibrahotels.com\/blog\/wp-content\/uploads\/2024\/05\/shutterstock_2441193447-2048x1371.jpg 2048w\" sizes=\"auto, (max-width: 2560px) 100vw, 2560px\" \/><\/p>\n<ol start=\"4\">\n<li>\u2018Arr\u00f3s brut\u2019<\/li>\n<\/ol>\n<p>Es un plato que tiene multitud de recetas y cada familia lo prepara a su manera. Pero siempre incluye arroz caldoso y se a\u00f1aden productos de caza y de la huerta, como conejo, pollo o cerdo, setas y verduras.<\/p>\n<ol start=\"5\">\n<li>Frito mallorqu\u00edn<\/li>\n<\/ol>\n<p>Un plato contundente elaborado a partir de la asadura de cordero, aunque tambi\u00e9n se puede cocinar con carne de cerdo mezclada con diferentes verduras como patatas, cebolla, tomate, patata, pimiento rojo, guisantes, ajo, laurel e hinojo.<\/p>\n<ol start=\"6\">\n<li>Sobrasada<\/li>\n<\/ol>\n<p>La sobrasada est\u00e1 hecha de\u00a0carne de cerdo, pimienta negra y piment\u00f3n\u00a0y se elabora en la \u00e9poca de la matanza en toda la isla. Se come acompa\u00f1ada de pan o en bocadillo \u00bfa qui\u00e9n no le gusta un bocadillo de sobrasada, incluso calentita y a veces con queso derretido?<\/p>\n<ol start=\"7\">\n<li>Caldereta de langosta<\/li>\n<\/ol>\n<p>Un pato tradicional t\u00edpico de pescadores y que consiste en un\u00a0guiso de langosta en sofrito de tomate con cebolla, pimientos, ajos y especias. La salsa est\u00e1 para mojar el pan, \u00a1no te lo pierdas!<img loading=\"lazy\" decoding=\"async\" class=\"alignnone size-full wp-image-7144\" src=\"https:\/\/www.vibrahotels.com\/wp-content\/uploads\/2024\/05\/shutterstock_1707950317-scaled.jpg\" alt=\"\" width=\"2560\" height=\"1707\" srcset=\"https:\/\/www.vibrahotels.com\/blog\/wp-content\/uploads\/2024\/05\/shutterstock_1707950317-scaled.jpg 2560w, https:\/\/www.vibrahotels.com\/blog\/wp-content\/uploads\/2024\/05\/shutterstock_1707950317-300x200.jpg 300w, https:\/\/www.vibrahotels.com\/blog\/wp-content\/uploads\/2024\/05\/shutterstock_1707950317-1024x683.jpg 1024w, https:\/\/www.vibrahotels.com\/blog\/wp-content\/uploads\/2024\/05\/shutterstock_1707950317-768x512.jpg 768w, https:\/\/www.vibrahotels.com\/blog\/wp-content\/uploads\/2024\/05\/shutterstock_1707950317-1536x1024.jpg 1536w, https:\/\/www.vibrahotels.com\/blog\/wp-content\/uploads\/2024\/05\/shutterstock_1707950317-2048x1365.jpg 2048w\" sizes=\"auto, (max-width: 2560px) 100vw, 2560px\" \/><\/p>\n<ol start=\"8\">\n<li>Ensaimada y Cocas de patata de Valldemossa<\/li>\n<\/ol>\n<p>En nuestra opini\u00f3n, junto con la sobrasada, la ensaimada es uno de los platos m\u00e1s famosos de Mallorca. \u00a0Es un postre que viene desde el siglo XVII y est\u00e1 elaborado con harina, agua, huevos, az\u00facar y manteca de cerdo. Las puedes encontrar sin relleno o rellena de cabello de \u00e1ngel y&#8230;.las hay rellenas de sobrasada que est\u00e1n insuperables. Las Cocas de Valldemossa son de patata y est\u00e1n hechas para mojar en el chocolate o el caf\u00e9. No te las pierdas cuando visites Valldemossa, uno de los pueblos m\u00e1s bonitos en el interior de Mallorca.<img loading=\"lazy\" decoding=\"async\" class=\"alignnone size-full wp-image-7142\" src=\"https:\/\/www.vibrahotels.com\/wp-content\/uploads\/2024\/05\/shutterstock_649296229-scaled.jpg\" alt=\"\" width=\"2560\" height=\"1707\" srcset=\"https:\/\/www.vibrahotels.com\/blog\/wp-content\/uploads\/2024\/05\/shutterstock_649296229-scaled.jpg 2560w, https:\/\/www.vibrahotels.com\/blog\/wp-content\/uploads\/2024\/05\/shutterstock_649296229-300x200.jpg 300w, https:\/\/www.vibrahotels.com\/blog\/wp-content\/uploads\/2024\/05\/shutterstock_649296229-1024x683.jpg 1024w, https:\/\/www.vibrahotels.com\/blog\/wp-content\/uploads\/2024\/05\/shutterstock_649296229-768x512.jpg 768w, https:\/\/www.vibrahotels.com\/blog\/wp-content\/uploads\/2024\/05\/shutterstock_649296229-1536x1024.jpg 1536w, https:\/\/www.vibrahotels.com\/blog\/wp-content\/uploads\/2024\/05\/shutterstock_649296229-2048x1365.jpg 2048w\" sizes=\"auto, (max-width: 2560px) 100vw, 2560px\" \/><\/p>\n<p>Despu\u00e9s de un largo d\u00eda de visita gastron\u00f3mica y saborear platos inolvidables, es hora de volver al hotel a darte el \u00faltimo ba\u00f1o y disfrutar de la puesta de sol desde la terraza del <a href=\"https:\/\/www.vibrahotels.com\/mallorca\/paguera-calvia\/hotel-vibra-beverly-playa?utm_source=google&amp;utm_medium=gmb&amp;utm_campaign=listing&amp;utm_content=HPGR\">hotel Vibra Beverly Playa<\/a> o el <a href=\"https:\/\/www.vibrahotels.com\/mallorca\/playa-de-palma\/hotel-vibra-palma?utm_source=google&amp;utm_medium=gmb&amp;utm_campaign=listing&amp;utm_content=HPAL\">hotel Vibra Palma Cactus,<\/a> con la mejor relaci\u00f3n calidad precio y que cuidan de tu descanso, en las mejores ubicaciones de la isla, \u00a0\u00a1no lo dejes pasar y disfruta de sus maravillosas instalaciones!<\/p>\n","protected":false},"excerpt":{"rendered":"<p>Si estas organizando tu pr\u00f3xima visita a Mallorca y eres de los que te gusta descubrir la gastronom\u00eda de cada lugar, aqu\u00ed te contamos los platos m\u00e1s t\u00edpicos de la isla de mallorca que no te debes perder, los de&#8230;<\/p>\n","protected":false},"author":1,"featured_media":7144,"comment_status":"open","ping_status":"open","sticky":false,"template":"","format":"standard","meta":{"footnotes":""},"categories":[1512],"tags":[],"class_list":["post-7155","post","type-post","status-publish","format-standard","has-post-thumbnail","hentry","category-planes-en-mallorca"],"yoast_head":"<!-- This site is optimized with the Yoast SEO plugin v27.4 - https:\/\/yoast.com\/product\/yoast-seo-wordpress\/ -->\n<title>Gastronom\u00eda en Mallorca - Islander by Vibra Hotels<\/title>\n<meta name=\"robots\" content=\"index, follow, max-snippet:-1, max-image-preview:large, max-video-preview:-1\" \/>\n<link rel=\"canonical\" href=\"https:\/\/www.vibrahotels.com\/blog\/gastronomia-en-mallorca\/\" \/>\n<meta property=\"og:locale\" content=\"es_ES\" \/>\n<meta property=\"og:type\" content=\"article\" \/>\n<meta property=\"og:title\" content=\"Gastronom\u00eda en Mallorca - Islander by Vibra Hotels\" \/>\n<meta property=\"og:description\" content=\"Si estas organizando tu pr\u00f3xima visita a Mallorca y eres de los que te gusta descubrir la gastronom\u00eda de cada lugar, aqu\u00ed te contamos los platos m\u00e1s t\u00edpicos de la isla de mallorca que no te debes perder, los de...\" \/>\n<meta property=\"og:url\" content=\"https:\/\/www.vibrahotels.com\/blog\/gastronomia-en-mallorca\/\" \/>\n<meta property=\"og:site_name\" content=\"Islander by Vibra Hotels\" \/>\n<meta property=\"article:published_time\" content=\"2024-05-20T10:03:03+00:00\" \/>\n<meta property=\"article:modified_time\" content=\"2024-09-12T14:40:44+00:00\" \/>\n<meta property=\"og:image\" content=\"https:\/\/www.vibrahotels.com\/blog\/wp-content\/uploads\/2024\/05\/shutterstock_1707950317-scaled.jpg\" \/>\n\t<meta property=\"og:image:width\" content=\"2560\" \/>\n\t<meta property=\"og:image:height\" content=\"1707\" \/>\n\t<meta property=\"og:image:type\" content=\"image\/jpeg\" \/>\n<meta name=\"author\" content=\"The Ibiza Blog\" \/>\n<meta name=\"twitter:card\" content=\"summary_large_image\" \/>\n<meta name=\"twitter:label1\" content=\"Escrito por\" \/>\n\t<meta name=\"twitter:data1\" content=\"The Ibiza Blog\" \/>\n\t<meta name=\"twitter:label2\" content=\"Tiempo de lectura\" \/>\n\t<meta name=\"twitter:data2\" content=\"4 minutos\" \/>\n<script type=\"application\/ld+json\" class=\"yoast-schema-graph\">{\"@context\":\"https:\\\/\\\/schema.org\",\"@graph\":[{\"@type\":\"Article\",\"@id\":\"https:\\\/\\\/www.vibrahotels.com\\\/blog\\\/gastronomia-en-mallorca\\\/#article\",\"isPartOf\":{\"@id\":\"https:\\\/\\\/www.vibrahotels.com\\\/blog\\\/gastronomia-en-mallorca\\\/\"},\"author\":{\"name\":\"The Ibiza Blog\",\"@id\":\"https:\\\/\\\/www.vibrahotels.com\\\/blog\\\/#\\\/schema\\\/person\\\/ad74f13df6e44e7081ef65424f668972\"},\"headline\":\"Gastronom\u00eda en Mallorca\",\"datePublished\":\"2024-05-20T10:03:03+00:00\",\"dateModified\":\"2024-09-12T14:40:44+00:00\",\"mainEntityOfPage\":{\"@id\":\"https:\\\/\\\/www.vibrahotels.com\\\/blog\\\/gastronomia-en-mallorca\\\/\"},\"wordCount\":738,\"commentCount\":0,\"image\":{\"@id\":\"https:\\\/\\\/www.vibrahotels.com\\\/blog\\\/gastronomia-en-mallorca\\\/#primaryimage\"},\"thumbnailUrl\":\"https:\\\/\\\/www.vibrahotels.com\\\/blog\\\/wp-content\\\/uploads\\\/2024\\\/05\\\/shutterstock_1707950317-scaled.jpg\",\"articleSection\":[\"Planes en Mallorca\"],\"inLanguage\":\"es\",\"potentialAction\":[{\"@type\":\"CommentAction\",\"name\":\"Comment\",\"target\":[\"https:\\\/\\\/www.vibrahotels.com\\\/blog\\\/gastronomia-en-mallorca\\\/#respond\"]}]},{\"@type\":\"WebPage\",\"@id\":\"https:\\\/\\\/www.vibrahotels.com\\\/blog\\\/gastronomia-en-mallorca\\\/\",\"url\":\"https:\\\/\\\/www.vibrahotels.com\\\/blog\\\/gastronomia-en-mallorca\\\/\",\"name\":\"Gastronom\u00eda en Mallorca - Islander by Vibra Hotels\",\"isPartOf\":{\"@id\":\"https:\\\/\\\/www.vibrahotels.com\\\/blog\\\/#website\"},\"primaryImageOfPage\":{\"@id\":\"https:\\\/\\\/www.vibrahotels.com\\\/blog\\\/gastronomia-en-mallorca\\\/#primaryimage\"},\"image\":{\"@id\":\"https:\\\/\\\/www.vibrahotels.com\\\/blog\\\/gastronomia-en-mallorca\\\/#primaryimage\"},\"thumbnailUrl\":\"https:\\\/\\\/www.vibrahotels.com\\\/blog\\\/wp-content\\\/uploads\\\/2024\\\/05\\\/shutterstock_1707950317-scaled.jpg\",\"datePublished\":\"2024-05-20T10:03:03+00:00\",\"dateModified\":\"2024-09-12T14:40:44+00:00\",\"author\":{\"@id\":\"https:\\\/\\\/www.vibrahotels.com\\\/blog\\\/#\\\/schema\\\/person\\\/ad74f13df6e44e7081ef65424f668972\"},\"breadcrumb\":{\"@id\":\"https:\\\/\\\/www.vibrahotels.com\\\/blog\\\/gastronomia-en-mallorca\\\/#breadcrumb\"},\"inLanguage\":\"es\",\"potentialAction\":[{\"@type\":\"ReadAction\",\"target\":[\"https:\\\/\\\/www.vibrahotels.com\\\/blog\\\/gastronomia-en-mallorca\\\/\"]}]},{\"@type\":\"ImageObject\",\"inLanguage\":\"es\",\"@id\":\"https:\\\/\\\/www.vibrahotels.com\\\/blog\\\/gastronomia-en-mallorca\\\/#primaryimage\",\"url\":\"https:\\\/\\\/www.vibrahotels.com\\\/blog\\\/wp-content\\\/uploads\\\/2024\\\/05\\\/shutterstock_1707950317-scaled.jpg\",\"contentUrl\":\"https:\\\/\\\/www.vibrahotels.com\\\/blog\\\/wp-content\\\/uploads\\\/2024\\\/05\\\/shutterstock_1707950317-scaled.jpg\",\"width\":2560,\"height\":1707},{\"@type\":\"BreadcrumbList\",\"@id\":\"https:\\\/\\\/www.vibrahotels.com\\\/blog\\\/gastronomia-en-mallorca\\\/#breadcrumb\",\"itemListElement\":[{\"@type\":\"ListItem\",\"position\":1,\"name\":\"Portada\",\"item\":\"https:\\\/\\\/www.vibrahotels.com\\\/blog\\\/\"},{\"@type\":\"ListItem\",\"position\":2,\"name\":\"Gastronom\u00eda en Mallorca\"}]},{\"@type\":\"WebSite\",\"@id\":\"https:\\\/\\\/www.vibrahotels.com\\\/blog\\\/#website\",\"url\":\"https:\\\/\\\/www.vibrahotels.com\\\/blog\\\/\",\"name\":\"Islander by Vibra Hotels\",\"description\":\"\",\"potentialAction\":[{\"@type\":\"SearchAction\",\"target\":{\"@type\":\"EntryPoint\",\"urlTemplate\":\"https:\\\/\\\/www.vibrahotels.com\\\/blog\\\/?s={search_term_string}\"},\"query-input\":{\"@type\":\"PropertyValueSpecification\",\"valueRequired\":true,\"valueName\":\"search_term_string\"}}],\"inLanguage\":\"es\"},{\"@type\":\"Person\",\"@id\":\"https:\\\/\\\/www.vibrahotels.com\\\/blog\\\/#\\\/schema\\\/person\\\/ad74f13df6e44e7081ef65424f668972\",\"name\":\"The Ibiza Blog\",\"image\":{\"@type\":\"ImageObject\",\"inLanguage\":\"es\",\"@id\":\"https:\\\/\\\/secure.gravatar.com\\\/avatar\\\/d172713df318fe4ba11547ee4a70ab1eae0206026db57d7a5920186b9f5ee855?s=96&d=mm&r=g\",\"url\":\"https:\\\/\\\/secure.gravatar.com\\\/avatar\\\/d172713df318fe4ba11547ee4a70ab1eae0206026db57d7a5920186b9f5ee855?s=96&d=mm&r=g\",\"contentUrl\":\"https:\\\/\\\/secure.gravatar.com\\\/avatar\\\/d172713df318fe4ba11547ee4a70ab1eae0206026db57d7a5920186b9f5ee855?s=96&d=mm&r=g\",\"caption\":\"The Ibiza Blog\"},\"url\":\"https:\\\/\\\/www.vibrahotels.com\\\/blog\\\/author\\\/the-ibiza-blog\\\/\"}]}<\/script>\n<!-- \/ Yoast SEO plugin. -->","yoast_head_json":{"title":"Gastronom\u00eda en Mallorca - Islander by Vibra Hotels","robots":{"index":"index","follow":"follow","max-snippet":"max-snippet:-1","max-image-preview":"max-image-preview:large","max-video-preview":"max-video-preview:-1"},"canonical":"https:\/\/www.vibrahotels.com\/blog\/gastronomia-en-mallorca\/","og_locale":"es_ES","og_type":"article","og_title":"Gastronom\u00eda en Mallorca - Islander by Vibra Hotels","og_description":"Si estas organizando tu pr\u00f3xima visita a Mallorca y eres de los que te gusta descubrir la gastronom\u00eda de cada lugar, aqu\u00ed te contamos los platos m\u00e1s t\u00edpicos de la isla de mallorca que no te debes perder, los de...","og_url":"https:\/\/www.vibrahotels.com\/blog\/gastronomia-en-mallorca\/","og_site_name":"Islander by Vibra Hotels","article_published_time":"2024-05-20T10:03:03+00:00","article_modified_time":"2024-09-12T14:40:44+00:00","og_image":[{"width":2560,"height":1707,"url":"https:\/\/www.vibrahotels.com\/blog\/wp-content\/uploads\/2024\/05\/shutterstock_1707950317-scaled.jpg","type":"image\/jpeg"}],"author":"The Ibiza Blog","twitter_card":"summary_large_image","twitter_misc":{"Escrito por":"The Ibiza Blog","Tiempo de lectura":"4 minutos"},"schema":{"@context":"https:\/\/schema.org","@graph":[{"@type":"Article","@id":"https:\/\/www.vibrahotels.com\/blog\/gastronomia-en-mallorca\/#article","isPartOf":{"@id":"https:\/\/www.vibrahotels.com\/blog\/gastronomia-en-mallorca\/"},"author":{"name":"The Ibiza Blog","@id":"https:\/\/www.vibrahotels.com\/blog\/#\/schema\/person\/ad74f13df6e44e7081ef65424f668972"},"headline":"Gastronom\u00eda en Mallorca","datePublished":"2024-05-20T10:03:03+00:00","dateModified":"2024-09-12T14:40:44+00:00","mainEntityOfPage":{"@id":"https:\/\/www.vibrahotels.com\/blog\/gastronomia-en-mallorca\/"},"wordCount":738,"commentCount":0,"image":{"@id":"https:\/\/www.vibrahotels.com\/blog\/gastronomia-en-mallorca\/#primaryimage"},"thumbnailUrl":"https:\/\/www.vibrahotels.com\/blog\/wp-content\/uploads\/2024\/05\/shutterstock_1707950317-scaled.jpg","articleSection":["Planes en Mallorca"],"inLanguage":"es","potentialAction":[{"@type":"CommentAction","name":"Comment","target":["https:\/\/www.vibrahotels.com\/blog\/gastronomia-en-mallorca\/#respond"]}]},{"@type":"WebPage","@id":"https:\/\/www.vibrahotels.com\/blog\/gastronomia-en-mallorca\/","url":"https:\/\/www.vibrahotels.com\/blog\/gastronomia-en-mallorca\/","name":"Gastronom\u00eda en Mallorca - Islander by Vibra Hotels","isPartOf":{"@id":"https:\/\/www.vibrahotels.com\/blog\/#website"},"primaryImageOfPage":{"@id":"https:\/\/www.vibrahotels.com\/blog\/gastronomia-en-mallorca\/#primaryimage"},"image":{"@id":"https:\/\/www.vibrahotels.com\/blog\/gastronomia-en-mallorca\/#primaryimage"},"thumbnailUrl":"https:\/\/www.vibrahotels.com\/blog\/wp-content\/uploads\/2024\/05\/shutterstock_1707950317-scaled.jpg","datePublished":"2024-05-20T10:03:03+00:00","dateModified":"2024-09-12T14:40:44+00:00","author":{"@id":"https:\/\/www.vibrahotels.com\/blog\/#\/schema\/person\/ad74f13df6e44e7081ef65424f668972"},"breadcrumb":{"@id":"https:\/\/www.vibrahotels.com\/blog\/gastronomia-en-mallorca\/#breadcrumb"},"inLanguage":"es","potentialAction":[{"@type":"ReadAction","target":["https:\/\/www.vibrahotels.com\/blog\/gastronomia-en-mallorca\/"]}]},{"@type":"ImageObject","inLanguage":"es","@id":"https:\/\/www.vibrahotels.com\/blog\/gastronomia-en-mallorca\/#primaryimage","url":"https:\/\/www.vibrahotels.com\/blog\/wp-content\/uploads\/2024\/05\/shutterstock_1707950317-scaled.jpg","contentUrl":"https:\/\/www.vibrahotels.com\/blog\/wp-content\/uploads\/2024\/05\/shutterstock_1707950317-scaled.jpg","width":2560,"height":1707},{"@type":"BreadcrumbList","@id":"https:\/\/www.vibrahotels.com\/blog\/gastronomia-en-mallorca\/#breadcrumb","itemListElement":[{"@type":"ListItem","position":1,"name":"Portada","item":"https:\/\/www.vibrahotels.com\/blog\/"},{"@type":"ListItem","position":2,"name":"Gastronom\u00eda en Mallorca"}]},{"@type":"WebSite","@id":"https:\/\/www.vibrahotels.com\/blog\/#website","url":"https:\/\/www.vibrahotels.com\/blog\/","name":"Islander by Vibra Hotels","description":"","potentialAction":[{"@type":"SearchAction","target":{"@type":"EntryPoint","urlTemplate":"https:\/\/www.vibrahotels.com\/blog\/?s={search_term_string}"},"query-input":{"@type":"PropertyValueSpecification","valueRequired":true,"valueName":"search_term_string"}}],"inLanguage":"es"},{"@type":"Person","@id":"https:\/\/www.vibrahotels.com\/blog\/#\/schema\/person\/ad74f13df6e44e7081ef65424f668972","name":"The Ibiza Blog","image":{"@type":"ImageObject","inLanguage":"es","@id":"https:\/\/secure.gravatar.com\/avatar\/d172713df318fe4ba11547ee4a70ab1eae0206026db57d7a5920186b9f5ee855?s=96&d=mm&r=g","url":"https:\/\/secure.gravatar.com\/avatar\/d172713df318fe4ba11547ee4a70ab1eae0206026db57d7a5920186b9f5ee855?s=96&d=mm&r=g","contentUrl":"https:\/\/secure.gravatar.com\/avatar\/d172713df318fe4ba11547ee4a70ab1eae0206026db57d7a5920186b9f5ee855?s=96&d=mm&r=g","caption":"The Ibiza Blog"},"url":"https:\/\/www.vibrahotels.com\/blog\/author\/the-ibiza-blog\/"}]}},"_links":{"self":[{"href":"https:\/\/www.vibrahotels.com\/blog\/wp-json\/wp\/v2\/posts\/7155","targetHints":{"allow":["GET"]}}],"collection":[{"href":"https:\/\/www.vibrahotels.com\/blog\/wp-json\/wp\/v2\/posts"}],"about":[{"href":"https:\/\/www.vibrahotels.com\/blog\/wp-json\/wp\/v2\/types\/post"}],"author":[{"embeddable":true,"href":"https:\/\/www.vibrahotels.com\/blog\/wp-json\/wp\/v2\/users\/1"}],"replies":[{"embeddable":true,"href":"https:\/\/www.vibrahotels.com\/blog\/wp-json\/wp\/v2\/comments?post=7155"}],"version-history":[{"count":2,"href":"https:\/\/www.vibrahotels.com\/blog\/wp-json\/wp\/v2\/posts\/7155\/revisions"}],"predecessor-version":[{"id":7236,"href":"https:\/\/www.vibrahotels.com\/blog\/wp-json\/wp\/v2\/posts\/7155\/revisions\/7236"}],"wp:featuredmedia":[{"embeddable":true,"href":"https:\/\/www.vibrahotels.com\/blog\/wp-json\/wp\/v2\/media\/7144"}],"wp:attachment":[{"href":"https:\/\/www.vibrahotels.com\/blog\/wp-json\/wp\/v2\/media?parent=7155"}],"wp:term":[{"taxonomy":"category","embeddable":true,"href":"https:\/\/www.vibrahotels.com\/blog\/wp-json\/wp\/v2\/categories?post=7155"},{"taxonomy":"post_tag","embeddable":true,"href":"https:\/\/www.vibrahotels.com\/blog\/wp-json\/wp\/v2\/tags?post=7155"}],"curies":[{"name":"wp","href":"https:\/\/api.w.org\/{rel}","templated":true}]}}