{"id":7069,"date":"2024-04-05T12:00:28","date_gmt":"2024-04-05T10:00:28","guid":{"rendered":"https:\/\/www.vibrahotels.com\/?p=7069"},"modified":"2024-09-12T16:39:19","modified_gmt":"2024-09-12T14:39:19","slug":"ruta-de-3-dias-por-mallorca","status":"publish","type":"post","link":"https:\/\/www.vibrahotels.com\/blog\/ruta-de-3-dias-por-mallorca\/","title":{"rendered":"Ruta de 3 d\u00edas por Mallorca"},"content":{"rendered":"<p><span data-contrast=\"auto\">\u00bfTienes un fin de semana de tres d\u00edas y est\u00e1s pensando en Mallorca&#8230;?\u00a0\u00a0<\/span><span data-ccp-props=\"{&quot;134233117&quot;:false,&quot;134233118&quot;:false,&quot;201341983&quot;:0,&quot;335551550&quot;:6,&quot;335551620&quot;:6,&quot;335557856&quot;:16777215,&quot;335559738&quot;:0,&quot;335559739&quot;:540,&quot;335559740&quot;:240}\">\u00a0<\/span><\/p>\n<p><span data-contrast=\"auto\">\u00a1Has acertado! A Mallorca es f\u00e1cil llegar en avi\u00f3n desde gran parte de los aeropuertos espa\u00f1oles y europeos, y a solo dos horas en ferry desde Valencia o Denia.\u00a0 Eso s\u00ed, una vez llegues a Mallorca te aconsejamos que alquiles un coche para que puedas disfrutar al m\u00e1ximo de la isla m\u00e1s grande del archipi\u00e9lago de las Baleares, conocida por sus innumerables playas de aguas cristalinas, y lugares con encanto para visitar; si viajas en ferry con tu coche es una muy buena alternativa. Otra opci\u00f3n fant\u00e1stica puede ser hacer una excursi\u00f3n en barco, que te permitir\u00e1 ver la isla de otra perspectiva y adem\u00e1s podr\u00e1s disfrutar de ba\u00f1os en calas incre\u00edbles a las que no se accede f\u00e1cilmente por carretera.\u00a0<\/span><span data-ccp-props=\"{&quot;134233117&quot;:false,&quot;134233118&quot;:false,&quot;201341983&quot;:0,&quot;335551550&quot;:6,&quot;335551620&quot;:6,&quot;335557856&quot;:16777215,&quot;335559738&quot;:0,&quot;335559739&quot;:540,&quot;335559740&quot;:240}\">\u00a0<\/span><\/p>\n<p><span data-contrast=\"auto\">Si quieres ideas sobre <\/span><b><span data-contrast=\"auto\">d\u00f3nde alojarse en Mallorca<\/span><\/b><span data-contrast=\"auto\">, te proponemos que elijas un hotel como base y desde ah\u00ed recorras las rutas que hemos seleccionado para que tu viaje sea inolvidable \u00a1seguro que querr\u00e1s volver!\u00a0 Por supuesto que lo ideal son <\/span><b><span data-contrast=\"auto\">hoteles cerca de la playa<\/span><\/b><span data-contrast=\"auto\"> como por ejemplo el <\/span><a href=\"https:\/\/www.vibrahotels.com\/mallorca\/playa-de-palma\/hotel-vibra-palma?utm_source=google&amp;utm_medium=gmb&amp;utm_campaign=listing&amp;utm_content=HPAL\"><span data-contrast=\"none\">Hotel Vibra Palma Cactus<\/span><\/a><span data-contrast=\"auto\">, en la playa de Palma, a 11 km de la ciudad de Palma y a 5 km del aeropuerto de Mallorca, un coqueto dise\u00f1o del Miami de los a\u00f1os 50, con piscina, y a tan solo 300 metros de la Playa de Palma.\u00a0<\/span><span data-ccp-props=\"{&quot;134233117&quot;:false,&quot;134233118&quot;:false,&quot;201341983&quot;:0,&quot;335551550&quot;:6,&quot;335551620&quot;:6,&quot;335557856&quot;:16777215,&quot;335559738&quot;:0,&quot;335559739&quot;:540,&quot;335559740&quot;:240}\">\u00a0<\/span><\/p>\n<p><img loading=\"lazy\" decoding=\"async\" class=\"alignnone size-full wp-image-7074\" src=\"https:\/\/www.vibrahotels.com\/wp-content\/uploads\/2024\/04\/thumb_2048x1536_c89ade8e-e600-4ba6-8fd9-6c06c2621b92-1.jpg\" alt=\"\" width=\"2045\" height=\"1536\" srcset=\"https:\/\/www.vibrahotels.com\/blog\/wp-content\/uploads\/2024\/04\/thumb_2048x1536_c89ade8e-e600-4ba6-8fd9-6c06c2621b92-1.jpg 2045w, https:\/\/www.vibrahotels.com\/blog\/wp-content\/uploads\/2024\/04\/thumb_2048x1536_c89ade8e-e600-4ba6-8fd9-6c06c2621b92-1-300x225.jpg 300w, https:\/\/www.vibrahotels.com\/blog\/wp-content\/uploads\/2024\/04\/thumb_2048x1536_c89ade8e-e600-4ba6-8fd9-6c06c2621b92-1-1024x769.jpg 1024w, https:\/\/www.vibrahotels.com\/blog\/wp-content\/uploads\/2024\/04\/thumb_2048x1536_c89ade8e-e600-4ba6-8fd9-6c06c2621b92-1-768x577.jpg 768w, https:\/\/www.vibrahotels.com\/blog\/wp-content\/uploads\/2024\/04\/thumb_2048x1536_c89ade8e-e600-4ba6-8fd9-6c06c2621b92-1-1536x1154.jpg 1536w\" sizes=\"auto, (max-width: 2045px) 100vw, 2045px\" \/><span class=\"TextRun SCXW175109158 BCX8\" lang=\"ES-ES\" xml:lang=\"ES-ES\" data-contrast=\"auto\"><span class=\"NormalTextRun SCXW175109158 BCX8\" data-ccp-parastyle=\"Normal (Web)\">Otra <\/span><span class=\"NormalTextRun ContextualSpellingAndGrammarErrorV2Themed SCXW175109158 BCX8\" data-ccp-parastyle=\"Normal (Web)\">opci\u00f3n\u00a0<\/span> <span class=\"NormalTextRun ContextualSpellingAndGrammarErrorV2Themed SCXW175109158 BCX8\" data-ccp-parastyle=\"Normal (Web)\">es<\/span> <span class=\"NormalTextRun SCXW175109158 BCX8\" data-ccp-parastyle=\"Normal (Web)\">el impresionante <\/span><\/span><a class=\"Hyperlink SCXW175109158 BCX8\" href=\"https:\/\/www.vibrahotels.com\/es\/mallorca\/paguera-calvia\/hotel-vibra-beverly-playa\" target=\"_blank\" rel=\"noreferrer noopener\"><span class=\"TextRun Underlined SCXW175109158 BCX8\" lang=\"ES-ES\" xml:lang=\"ES-ES\" data-contrast=\"none\"><span class=\"NormalTextRun SCXW175109158 BCX8\" data-ccp-charstyle=\"Hyperlink\">Hotel Vibra Beverly Playa<\/span><\/span><\/a><span class=\"TextRun SCXW175109158 BCX8\" lang=\"ES-ES\" xml:lang=\"ES-ES\" data-contrast=\"auto\"><span class=\"NormalTextRun SCXW175109158 BCX8\" data-ccp-parastyle=\"Normal (Web)\">, <\/span><span class=\"NormalTextRun SCXW175109158 BCX8\" data-ccp-parastyle=\"Normal (Web)\">este <\/span><\/span><span class=\"TextRun SCXW175109158 BCX8\" lang=\"ES-ES\" xml:lang=\"ES-ES\" data-contrast=\"auto\"><span class=\"NormalTextRun SCXW175109158 BCX8\" data-ccp-parastyle=\"Normal (Web)\">hotel est\u00e1 <\/span><span class=\"NormalTextRun SCXW175109158 BCX8\" data-ccp-parastyle=\"Normal (Web)\">situado <\/span><span class=\"NormalTextRun SCXW175109158 BCX8\" data-ccp-parastyle=\"Normal (Web)\">en primera l\u00ednea de mar<\/span><\/span><span class=\"TextRun SCXW175109158 BCX8\" lang=\"ES-ES\" xml:lang=\"ES-ES\" data-contrast=\"auto\"><span class=\"NormalTextRun SCXW175109158 BCX8\" data-ccp-parastyle=\"Normal (Web)\">, en la <\/span><span class=\"NormalTextRun SCXW175109158 BCX8\" data-ccp-parastyle=\"Normal (Web)\">playa en <\/span><span class=\"NormalTextRun SpellingErrorV2Themed SCXW175109158 BCX8\" data-ccp-parastyle=\"Normal (Web)\">Paguera<\/span><span class=\"NormalTextRun SCXW175109158 BCX8\" data-ccp-parastyle=\"Normal (Web)\"> (Calvi\u00e0)<\/span><span class=\"NormalTextRun SCXW175109158 BCX8\" data-ccp-parastyle=\"Normal (Web)\">, una zona de gran belleza a <\/span><span class=\"NormalTextRun SCXW175109158 BCX8\" data-ccp-parastyle=\"Normal (Web)\">30<\/span><span class=\"NormalTextRun SCXW175109158 BCX8\" data-ccp-parastyle=\"Normal (Web)\"> minutos de<\/span><span class=\"NormalTextRun SCXW175109158 BCX8\" data-ccp-parastyle=\"Normal (Web)\">l aeropuerto de<\/span><span class=\"NormalTextRun SCXW175109158 BCX8\" data-ccp-parastyle=\"Normal (Web)\"> Palma, en direcci\u00f3n al puerto de <\/span><span class=\"NormalTextRun SCXW175109158 BCX8\" data-ccp-parastyle=\"Normal (Web)\">Andratx<\/span><span class=\"NormalTextRun SCXW175109158 BCX8\" data-ccp-parastyle=\"Normal (Web)\">, todas sus habitaciones tienen vistas al mar y cuenta con varias piscinas, adem\u00e1s de una para los m\u00e1s peque\u00f1os<\/span><span class=\"NormalTextRun SCXW175109158 BCX8\" data-ccp-parastyle=\"Normal (Web)\"> \u00a1No te pierdas las puestas de sol que se contemplan desde sus habitaciones!<\/span><\/span><span class=\"EOP SCXW175109158 BCX8\" data-ccp-props=\"{&quot;134233117&quot;:false,&quot;134233118&quot;:false,&quot;201341983&quot;:0,&quot;335551550&quot;:6,&quot;335551620&quot;:6,&quot;335557856&quot;:16777215,&quot;335559738&quot;:0,&quot;335559739&quot;:540,&quot;335559740&quot;:240}\">\u00a0<\/span><\/p>\n<p><img loading=\"lazy\" decoding=\"async\" class=\"alignnone size-full wp-image-7070\" src=\"https:\/\/www.vibrahotels.com\/wp-content\/uploads\/2024\/04\/IMG_5841-scaled.jpg\" alt=\"\" width=\"2560\" height=\"1920\" srcset=\"https:\/\/www.vibrahotels.com\/blog\/wp-content\/uploads\/2024\/04\/IMG_5841-scaled.jpg 2560w, https:\/\/www.vibrahotels.com\/blog\/wp-content\/uploads\/2024\/04\/IMG_5841-300x225.jpg 300w, https:\/\/www.vibrahotels.com\/blog\/wp-content\/uploads\/2024\/04\/IMG_5841-1024x768.jpg 1024w, https:\/\/www.vibrahotels.com\/blog\/wp-content\/uploads\/2024\/04\/IMG_5841-768x576.jpg 768w, https:\/\/www.vibrahotels.com\/blog\/wp-content\/uploads\/2024\/04\/IMG_5841-1536x1152.jpg 1536w, https:\/\/www.vibrahotels.com\/blog\/wp-content\/uploads\/2024\/04\/IMG_5841-2048x1536.jpg 2048w\" sizes=\"auto, (max-width: 2560px) 100vw, 2560px\" \/><span data-contrast=\"auto\">Empecemos con nuestra ruta:<\/span><span data-ccp-props=\"{&quot;201341983&quot;:0,&quot;335551550&quot;:6,&quot;335551620&quot;:6,&quot;335557856&quot;:16777215,&quot;335559739&quot;:540,&quot;335559740&quot;:240}\">\u00a0<\/span><\/p>\n<p><b><span data-contrast=\"auto\">D\u00eda 1 S\u00f3ller y Palma de Mallorca por la noche &#8211; <\/span><\/b><span data-contrast=\"auto\">El precioso pueblo de S\u00f3ller est\u00e1 situado en medio de un valle de naranjas, y es famoso por su puerto de mar y por sus edificios modernistas en el centro del pueblo.\u00a0 No dejes de montar en el tren que lleva desde la plaza del centro de Soller hasta el puerto.\u00a0 Los s\u00e1bados hay mercado y sus peque\u00f1as tiendas cuentan con gran variedad de artesan\u00eda local. Adem\u00e1s, Soller es el punto de partida de muchas rutas para senderistas con unos recorridos espectaculares por la Sierra de Tramuntana.<\/span><span data-ccp-props=\"{&quot;201341983&quot;:0,&quot;335551550&quot;:6,&quot;335551620&quot;:6,&quot;335557856&quot;:16777215,&quot;335559739&quot;:540,&quot;335559740&quot;:240}\">\u00a0<\/span><\/p>\n<p><b><span data-contrast=\"auto\">D\u00eda 2 Valldemossa y Dei\u00e0 \u2013 <\/span><\/b><span data-contrast=\"auto\">Valldemosa es un precioso pueblo de interior situado en la Sierra de Tramuntana, a 17 km de Palma de Mallorca. Est\u00e1 rodeado de bosques y paseando por sus calles empedradas encontrar\u00e1s montones de tiendas peque\u00f1as y estupendos restaurantes con encanto. Dicen que fue el hogar de Chopin y no nos extra\u00f1a que all\u00ed encontrara su inspiraci\u00f3n rodeada de cosas simples que son la esencia de la belleza.\u00a0 La siguiente parada en la carretera es el pueblo de Dei\u00e0 que tiene el mismo estilo con calles empedradas y estrechas; un pueblo de tradici\u00f3n bohemia y art\u00edstica de obligada visita.<\/span><span data-ccp-props=\"{&quot;201341983&quot;:0,&quot;335551550&quot;:6,&quot;335551620&quot;:6,&quot;335557856&quot;:16777215,&quot;335559739&quot;:540,&quot;335559740&quot;:240}\">\u00a0<\/span><\/p>\n<p><b><span data-contrast=\"auto\">D\u00eda 3 Cal\u00f3 des Moro &#8211; <\/span><\/b><span data-contrast=\"auto\">Cal\u00f3 des Moro es una cala espectacular, situada en la punta este de la isla y que sin duda merece la visita. Seg\u00fan te vas acercando puedes observar el entorno rodeado de vegetaci\u00f3n y acantilados, y al fondo una peque\u00f1a playa de arena fina, con muy poco espacio y que da entrada a aguas cristalinas de color turquesa. Casi parece una postal.<\/span><span data-ccp-props=\"{&quot;201341983&quot;:0,&quot;335551550&quot;:6,&quot;335551620&quot;:6,&quot;335557856&quot;:16777215,&quot;335559739&quot;:540,&quot;335559740&quot;:240}\">\u00a0<\/span><\/p>\n<p><span class=\"TextRun SCXW111354318 BCX8\" lang=\"ES-ES\" xml:lang=\"ES-ES\" data-contrast=\"auto\"><span class=\"NormalTextRun SCXW111354318 BCX8\"><img loading=\"lazy\" decoding=\"async\" class=\"alignnone size-full wp-image-7072\" src=\"https:\/\/www.vibrahotels.com\/wp-content\/uploads\/2024\/04\/shutterstock_1764321179-scaled.jpg\" alt=\"\" width=\"2560\" height=\"1676\" srcset=\"https:\/\/www.vibrahotels.com\/blog\/wp-content\/uploads\/2024\/04\/shutterstock_1764321179-scaled.jpg 2560w, https:\/\/www.vibrahotels.com\/blog\/wp-content\/uploads\/2024\/04\/shutterstock_1764321179-300x196.jpg 300w, https:\/\/www.vibrahotels.com\/blog\/wp-content\/uploads\/2024\/04\/shutterstock_1764321179-1024x671.jpg 1024w, https:\/\/www.vibrahotels.com\/blog\/wp-content\/uploads\/2024\/04\/shutterstock_1764321179-768x503.jpg 768w, https:\/\/www.vibrahotels.com\/blog\/wp-content\/uploads\/2024\/04\/shutterstock_1764321179-1536x1006.jpg 1536w, https:\/\/www.vibrahotels.com\/blog\/wp-content\/uploads\/2024\/04\/shutterstock_1764321179-2048x1341.jpg 2048w\" sizes=\"auto, (max-width: 2560px) 100vw, 2560px\" \/>Despu\u00e9s de un largo d\u00eda de <\/span><span class=\"NormalTextRun SCXW111354318 BCX8\">lugares<\/span><span class=\"NormalTextRun SCXW111354318 BCX8\"> inolvidables, es hora de volver al hotel a darte el \u00faltimo ba\u00f1o y disfrutar de la puesta de sol desde <\/span><span class=\"NormalTextRun SCXW111354318 BCX8\">la terraza de cualquiera de <\/span><\/span><a class=\"Hyperlink SCXW111354318 BCX8\" href=\"https:\/\/www.vibrahotels.com\/es\/mallorca\" target=\"_blank\" rel=\"noreferrer noopener\"><span class=\"TextRun Underlined SCXW111354318 BCX8\" lang=\"ES-ES\" xml:lang=\"ES-ES\" data-contrast=\"none\"><span class=\"NormalTextRun SCXW111354318 BCX8\" data-ccp-charstyle=\"Hyperlink\">los Vibra Hotels<\/span><\/span><\/a><span class=\"TextRun SCXW111354318 BCX8\" lang=\"ES-ES\" xml:lang=\"ES-ES\" data-contrast=\"auto\"> <span class=\"NormalTextRun SCXW111354318 BCX8\">que te coment\u00e1bamos al principio del blog \u00a1no lo dejes pasar y disfruta de sus maravillosas instalaciones!\u00a0<\/span><\/span><span class=\"EOP SCXW111354318 BCX8\" data-ccp-props=\"{&quot;201341983&quot;:0,&quot;335551550&quot;:6,&quot;335551620&quot;:6,&quot;335557856&quot;:16777215,&quot;335559739&quot;:540,&quot;335559740&quot;:240}\">\u00a0<\/span><\/p>\n","protected":false},"excerpt":{"rendered":"<p>\u00bfTienes un fin de semana de tres d\u00edas y est\u00e1s pensando en Mallorca&#8230;?\u00a0\u00a0\u00a0 \u00a1Has acertado! A Mallorca es f\u00e1cil llegar en avi\u00f3n desde gran parte de los aeropuertos espa\u00f1oles y europeos, y a solo dos horas en ferry desde Valencia&#8230;<\/p>\n","protected":false},"author":1,"featured_media":7072,"comment_status":"open","ping_status":"open","sticky":false,"template":"","format":"standard","meta":{"footnotes":""},"categories":[1512],"tags":[],"class_list":["post-7069","post","type-post","status-publish","format-standard","has-post-thumbnail","hentry","category-planes-en-mallorca"],"yoast_head":"<!-- This site is optimized with the Yoast SEO plugin v27.4 - https:\/\/yoast.com\/product\/yoast-seo-wordpress\/ -->\n<title>Ruta de 3 d\u00edas por Mallorca - Islander by Vibra Hotels<\/title>\n<meta name=\"robots\" content=\"index, follow, max-snippet:-1, max-image-preview:large, max-video-preview:-1\" \/>\n<link rel=\"canonical\" href=\"https:\/\/www.vibrahotels.com\/blog\/ruta-de-3-dias-por-mallorca\/\" \/>\n<meta property=\"og:locale\" content=\"es_ES\" \/>\n<meta property=\"og:type\" content=\"article\" \/>\n<meta property=\"og:title\" content=\"Ruta de 3 d\u00edas por Mallorca - Islander by Vibra Hotels\" \/>\n<meta property=\"og:description\" content=\"\u00bfTienes un fin de semana de tres d\u00edas y est\u00e1s pensando en Mallorca&#8230;?\u00a0\u00a0\u00a0 \u00a1Has acertado! A Mallorca es f\u00e1cil llegar en avi\u00f3n desde gran parte de los aeropuertos espa\u00f1oles y europeos, y a solo dos horas en ferry desde Valencia...\" \/>\n<meta property=\"og:url\" content=\"https:\/\/www.vibrahotels.com\/blog\/ruta-de-3-dias-por-mallorca\/\" \/>\n<meta property=\"og:site_name\" content=\"Islander by Vibra Hotels\" \/>\n<meta property=\"article:published_time\" content=\"2024-04-05T10:00:28+00:00\" \/>\n<meta property=\"article:modified_time\" content=\"2024-09-12T14:39:19+00:00\" \/>\n<meta property=\"og:image\" content=\"https:\/\/www.vibrahotels.com\/blog\/wp-content\/uploads\/2024\/04\/shutterstock_1764321179-scaled.jpg\" \/>\n\t<meta property=\"og:image:width\" content=\"2560\" \/>\n\t<meta property=\"og:image:height\" content=\"1676\" \/>\n\t<meta property=\"og:image:type\" content=\"image\/jpeg\" \/>\n<meta name=\"author\" content=\"The Ibiza Blog\" \/>\n<meta name=\"twitter:card\" content=\"summary_large_image\" \/>\n<meta name=\"twitter:label1\" content=\"Escrito por\" \/>\n\t<meta name=\"twitter:data1\" content=\"The Ibiza Blog\" \/>\n\t<meta name=\"twitter:label2\" content=\"Tiempo de lectura\" \/>\n\t<meta name=\"twitter:data2\" content=\"3 minutos\" \/>\n<script type=\"application\/ld+json\" class=\"yoast-schema-graph\">{\"@context\":\"https:\\\/\\\/schema.org\",\"@graph\":[{\"@type\":\"Article\",\"@id\":\"https:\\\/\\\/www.vibrahotels.com\\\/blog\\\/ruta-de-3-dias-por-mallorca\\\/#article\",\"isPartOf\":{\"@id\":\"https:\\\/\\\/www.vibrahotels.com\\\/blog\\\/ruta-de-3-dias-por-mallorca\\\/\"},\"author\":{\"name\":\"The Ibiza Blog\",\"@id\":\"https:\\\/\\\/www.vibrahotels.com\\\/blog\\\/#\\\/schema\\\/person\\\/ad74f13df6e44e7081ef65424f668972\"},\"headline\":\"Ruta de 3 d\u00edas por Mallorca\",\"datePublished\":\"2024-04-05T10:00:28+00:00\",\"dateModified\":\"2024-09-12T14:39:19+00:00\",\"mainEntityOfPage\":{\"@id\":\"https:\\\/\\\/www.vibrahotels.com\\\/blog\\\/ruta-de-3-dias-por-mallorca\\\/\"},\"wordCount\":676,\"commentCount\":0,\"image\":{\"@id\":\"https:\\\/\\\/www.vibrahotels.com\\\/blog\\\/ruta-de-3-dias-por-mallorca\\\/#primaryimage\"},\"thumbnailUrl\":\"https:\\\/\\\/www.vibrahotels.com\\\/blog\\\/wp-content\\\/uploads\\\/2024\\\/04\\\/shutterstock_1764321179-scaled.jpg\",\"articleSection\":[\"Planes en Mallorca\"],\"inLanguage\":\"es\",\"potentialAction\":[{\"@type\":\"CommentAction\",\"name\":\"Comment\",\"target\":[\"https:\\\/\\\/www.vibrahotels.com\\\/blog\\\/ruta-de-3-dias-por-mallorca\\\/#respond\"]}]},{\"@type\":\"WebPage\",\"@id\":\"https:\\\/\\\/www.vibrahotels.com\\\/blog\\\/ruta-de-3-dias-por-mallorca\\\/\",\"url\":\"https:\\\/\\\/www.vibrahotels.com\\\/blog\\\/ruta-de-3-dias-por-mallorca\\\/\",\"name\":\"Ruta de 3 d\u00edas por Mallorca - Islander by Vibra Hotels\",\"isPartOf\":{\"@id\":\"https:\\\/\\\/www.vibrahotels.com\\\/blog\\\/#website\"},\"primaryImageOfPage\":{\"@id\":\"https:\\\/\\\/www.vibrahotels.com\\\/blog\\\/ruta-de-3-dias-por-mallorca\\\/#primaryimage\"},\"image\":{\"@id\":\"https:\\\/\\\/www.vibrahotels.com\\\/blog\\\/ruta-de-3-dias-por-mallorca\\\/#primaryimage\"},\"thumbnailUrl\":\"https:\\\/\\\/www.vibrahotels.com\\\/blog\\\/wp-content\\\/uploads\\\/2024\\\/04\\\/shutterstock_1764321179-scaled.jpg\",\"datePublished\":\"2024-04-05T10:00:28+00:00\",\"dateModified\":\"2024-09-12T14:39:19+00:00\",\"author\":{\"@id\":\"https:\\\/\\\/www.vibrahotels.com\\\/blog\\\/#\\\/schema\\\/person\\\/ad74f13df6e44e7081ef65424f668972\"},\"breadcrumb\":{\"@id\":\"https:\\\/\\\/www.vibrahotels.com\\\/blog\\\/ruta-de-3-dias-por-mallorca\\\/#breadcrumb\"},\"inLanguage\":\"es\",\"potentialAction\":[{\"@type\":\"ReadAction\",\"target\":[\"https:\\\/\\\/www.vibrahotels.com\\\/blog\\\/ruta-de-3-dias-por-mallorca\\\/\"]}]},{\"@type\":\"ImageObject\",\"inLanguage\":\"es\",\"@id\":\"https:\\\/\\\/www.vibrahotels.com\\\/blog\\\/ruta-de-3-dias-por-mallorca\\\/#primaryimage\",\"url\":\"https:\\\/\\\/www.vibrahotels.com\\\/blog\\\/wp-content\\\/uploads\\\/2024\\\/04\\\/shutterstock_1764321179-scaled.jpg\",\"contentUrl\":\"https:\\\/\\\/www.vibrahotels.com\\\/blog\\\/wp-content\\\/uploads\\\/2024\\\/04\\\/shutterstock_1764321179-scaled.jpg\",\"width\":2560,\"height\":1676},{\"@type\":\"BreadcrumbList\",\"@id\":\"https:\\\/\\\/www.vibrahotels.com\\\/blog\\\/ruta-de-3-dias-por-mallorca\\\/#breadcrumb\",\"itemListElement\":[{\"@type\":\"ListItem\",\"position\":1,\"name\":\"Portada\",\"item\":\"https:\\\/\\\/www.vibrahotels.com\\\/blog\\\/\"},{\"@type\":\"ListItem\",\"position\":2,\"name\":\"Ruta de 3 d\u00edas por Mallorca\"}]},{\"@type\":\"WebSite\",\"@id\":\"https:\\\/\\\/www.vibrahotels.com\\\/blog\\\/#website\",\"url\":\"https:\\\/\\\/www.vibrahotels.com\\\/blog\\\/\",\"name\":\"Islander by Vibra Hotels\",\"description\":\"\",\"potentialAction\":[{\"@type\":\"SearchAction\",\"target\":{\"@type\":\"EntryPoint\",\"urlTemplate\":\"https:\\\/\\\/www.vibrahotels.com\\\/blog\\\/?s={search_term_string}\"},\"query-input\":{\"@type\":\"PropertyValueSpecification\",\"valueRequired\":true,\"valueName\":\"search_term_string\"}}],\"inLanguage\":\"es\"},{\"@type\":\"Person\",\"@id\":\"https:\\\/\\\/www.vibrahotels.com\\\/blog\\\/#\\\/schema\\\/person\\\/ad74f13df6e44e7081ef65424f668972\",\"name\":\"The Ibiza Blog\",\"image\":{\"@type\":\"ImageObject\",\"inLanguage\":\"es\",\"@id\":\"https:\\\/\\\/secure.gravatar.com\\\/avatar\\\/d172713df318fe4ba11547ee4a70ab1eae0206026db57d7a5920186b9f5ee855?s=96&d=mm&r=g\",\"url\":\"https:\\\/\\\/secure.gravatar.com\\\/avatar\\\/d172713df318fe4ba11547ee4a70ab1eae0206026db57d7a5920186b9f5ee855?s=96&d=mm&r=g\",\"contentUrl\":\"https:\\\/\\\/secure.gravatar.com\\\/avatar\\\/d172713df318fe4ba11547ee4a70ab1eae0206026db57d7a5920186b9f5ee855?s=96&d=mm&r=g\",\"caption\":\"The Ibiza Blog\"},\"url\":\"https:\\\/\\\/www.vibrahotels.com\\\/blog\\\/author\\\/the-ibiza-blog\\\/\"}]}<\/script>\n<!-- \/ Yoast SEO plugin. -->","yoast_head_json":{"title":"Ruta de 3 d\u00edas por Mallorca - Islander by Vibra Hotels","robots":{"index":"index","follow":"follow","max-snippet":"max-snippet:-1","max-image-preview":"max-image-preview:large","max-video-preview":"max-video-preview:-1"},"canonical":"https:\/\/www.vibrahotels.com\/blog\/ruta-de-3-dias-por-mallorca\/","og_locale":"es_ES","og_type":"article","og_title":"Ruta de 3 d\u00edas por Mallorca - Islander by Vibra Hotels","og_description":"\u00bfTienes un fin de semana de tres d\u00edas y est\u00e1s pensando en Mallorca&#8230;?\u00a0\u00a0\u00a0 \u00a1Has acertado! A Mallorca es f\u00e1cil llegar en avi\u00f3n desde gran parte de los aeropuertos espa\u00f1oles y europeos, y a solo dos horas en ferry desde Valencia...","og_url":"https:\/\/www.vibrahotels.com\/blog\/ruta-de-3-dias-por-mallorca\/","og_site_name":"Islander by Vibra Hotels","article_published_time":"2024-04-05T10:00:28+00:00","article_modified_time":"2024-09-12T14:39:19+00:00","og_image":[{"width":2560,"height":1676,"url":"https:\/\/www.vibrahotels.com\/blog\/wp-content\/uploads\/2024\/04\/shutterstock_1764321179-scaled.jpg","type":"image\/jpeg"}],"author":"The Ibiza Blog","twitter_card":"summary_large_image","twitter_misc":{"Escrito por":"The Ibiza Blog","Tiempo de lectura":"3 minutos"},"schema":{"@context":"https:\/\/schema.org","@graph":[{"@type":"Article","@id":"https:\/\/www.vibrahotels.com\/blog\/ruta-de-3-dias-por-mallorca\/#article","isPartOf":{"@id":"https:\/\/www.vibrahotels.com\/blog\/ruta-de-3-dias-por-mallorca\/"},"author":{"name":"The Ibiza Blog","@id":"https:\/\/www.vibrahotels.com\/blog\/#\/schema\/person\/ad74f13df6e44e7081ef65424f668972"},"headline":"Ruta de 3 d\u00edas por Mallorca","datePublished":"2024-04-05T10:00:28+00:00","dateModified":"2024-09-12T14:39:19+00:00","mainEntityOfPage":{"@id":"https:\/\/www.vibrahotels.com\/blog\/ruta-de-3-dias-por-mallorca\/"},"wordCount":676,"commentCount":0,"image":{"@id":"https:\/\/www.vibrahotels.com\/blog\/ruta-de-3-dias-por-mallorca\/#primaryimage"},"thumbnailUrl":"https:\/\/www.vibrahotels.com\/blog\/wp-content\/uploads\/2024\/04\/shutterstock_1764321179-scaled.jpg","articleSection":["Planes en Mallorca"],"inLanguage":"es","potentialAction":[{"@type":"CommentAction","name":"Comment","target":["https:\/\/www.vibrahotels.com\/blog\/ruta-de-3-dias-por-mallorca\/#respond"]}]},{"@type":"WebPage","@id":"https:\/\/www.vibrahotels.com\/blog\/ruta-de-3-dias-por-mallorca\/","url":"https:\/\/www.vibrahotels.com\/blog\/ruta-de-3-dias-por-mallorca\/","name":"Ruta de 3 d\u00edas por Mallorca - Islander by Vibra Hotels","isPartOf":{"@id":"https:\/\/www.vibrahotels.com\/blog\/#website"},"primaryImageOfPage":{"@id":"https:\/\/www.vibrahotels.com\/blog\/ruta-de-3-dias-por-mallorca\/#primaryimage"},"image":{"@id":"https:\/\/www.vibrahotels.com\/blog\/ruta-de-3-dias-por-mallorca\/#primaryimage"},"thumbnailUrl":"https:\/\/www.vibrahotels.com\/blog\/wp-content\/uploads\/2024\/04\/shutterstock_1764321179-scaled.jpg","datePublished":"2024-04-05T10:00:28+00:00","dateModified":"2024-09-12T14:39:19+00:00","author":{"@id":"https:\/\/www.vibrahotels.com\/blog\/#\/schema\/person\/ad74f13df6e44e7081ef65424f668972"},"breadcrumb":{"@id":"https:\/\/www.vibrahotels.com\/blog\/ruta-de-3-dias-por-mallorca\/#breadcrumb"},"inLanguage":"es","potentialAction":[{"@type":"ReadAction","target":["https:\/\/www.vibrahotels.com\/blog\/ruta-de-3-dias-por-mallorca\/"]}]},{"@type":"ImageObject","inLanguage":"es","@id":"https:\/\/www.vibrahotels.com\/blog\/ruta-de-3-dias-por-mallorca\/#primaryimage","url":"https:\/\/www.vibrahotels.com\/blog\/wp-content\/uploads\/2024\/04\/shutterstock_1764321179-scaled.jpg","contentUrl":"https:\/\/www.vibrahotels.com\/blog\/wp-content\/uploads\/2024\/04\/shutterstock_1764321179-scaled.jpg","width":2560,"height":1676},{"@type":"BreadcrumbList","@id":"https:\/\/www.vibrahotels.com\/blog\/ruta-de-3-dias-por-mallorca\/#breadcrumb","itemListElement":[{"@type":"ListItem","position":1,"name":"Portada","item":"https:\/\/www.vibrahotels.com\/blog\/"},{"@type":"ListItem","position":2,"name":"Ruta de 3 d\u00edas por Mallorca"}]},{"@type":"WebSite","@id":"https:\/\/www.vibrahotels.com\/blog\/#website","url":"https:\/\/www.vibrahotels.com\/blog\/","name":"Islander by Vibra Hotels","description":"","potentialAction":[{"@type":"SearchAction","target":{"@type":"EntryPoint","urlTemplate":"https:\/\/www.vibrahotels.com\/blog\/?s={search_term_string}"},"query-input":{"@type":"PropertyValueSpecification","valueRequired":true,"valueName":"search_term_string"}}],"inLanguage":"es"},{"@type":"Person","@id":"https:\/\/www.vibrahotels.com\/blog\/#\/schema\/person\/ad74f13df6e44e7081ef65424f668972","name":"The Ibiza Blog","image":{"@type":"ImageObject","inLanguage":"es","@id":"https:\/\/secure.gravatar.com\/avatar\/d172713df318fe4ba11547ee4a70ab1eae0206026db57d7a5920186b9f5ee855?s=96&d=mm&r=g","url":"https:\/\/secure.gravatar.com\/avatar\/d172713df318fe4ba11547ee4a70ab1eae0206026db57d7a5920186b9f5ee855?s=96&d=mm&r=g","contentUrl":"https:\/\/secure.gravatar.com\/avatar\/d172713df318fe4ba11547ee4a70ab1eae0206026db57d7a5920186b9f5ee855?s=96&d=mm&r=g","caption":"The Ibiza Blog"},"url":"https:\/\/www.vibrahotels.com\/blog\/author\/the-ibiza-blog\/"}]}},"_links":{"self":[{"href":"https:\/\/www.vibrahotels.com\/blog\/wp-json\/wp\/v2\/posts\/7069","targetHints":{"allow":["GET"]}}],"collection":[{"href":"https:\/\/www.vibrahotels.com\/blog\/wp-json\/wp\/v2\/posts"}],"about":[{"href":"https:\/\/www.vibrahotels.com\/blog\/wp-json\/wp\/v2\/types\/post"}],"author":[{"embeddable":true,"href":"https:\/\/www.vibrahotels.com\/blog\/wp-json\/wp\/v2\/users\/1"}],"replies":[{"embeddable":true,"href":"https:\/\/www.vibrahotels.com\/blog\/wp-json\/wp\/v2\/comments?post=7069"}],"version-history":[{"count":3,"href":"https:\/\/www.vibrahotels.com\/blog\/wp-json\/wp\/v2\/posts\/7069\/revisions"}],"predecessor-version":[{"id":7235,"href":"https:\/\/www.vibrahotels.com\/blog\/wp-json\/wp\/v2\/posts\/7069\/revisions\/7235"}],"wp:featuredmedia":[{"embeddable":true,"href":"https:\/\/www.vibrahotels.com\/blog\/wp-json\/wp\/v2\/media\/7072"}],"wp:attachment":[{"href":"https:\/\/www.vibrahotels.com\/blog\/wp-json\/wp\/v2\/media?parent=7069"}],"wp:term":[{"taxonomy":"category","embeddable":true,"href":"https:\/\/www.vibrahotels.com\/blog\/wp-json\/wp\/v2\/categories?post=7069"},{"taxonomy":"post_tag","embeddable":true,"href":"https:\/\/www.vibrahotels.com\/blog\/wp-json\/wp\/v2\/tags?post=7069"}],"curies":[{"name":"wp","href":"https:\/\/api.w.org\/{rel}","templated":true}]}}