{"id":7037,"date":"2024-03-27T11:55:30","date_gmt":"2024-03-27T10:55:30","guid":{"rendered":"https:\/\/www.vibrahotels.com\/?p=7037"},"modified":"2024-07-09T15:39:49","modified_gmt":"2024-07-09T13:39:49","slug":"las-5-mejores-playas-y-calas-de-ibiza","status":"publish","type":"post","link":"https:\/\/www.vibrahotels.com\/blog\/las-5-mejores-playas-y-calas-de-ibiza\/","title":{"rendered":"Las 5 mejores calas y playas de Ibiza"},"content":{"rendered":"<p>Ya sabes que Ibiza es un para\u00edso, una isla de atractivo inigualable por su belleza natural, sus playas y calas, y sus aguas cristalinas, a las que desear\u00e1s volver una y otra vez&#8230; Es dif\u00edcil destacar una playa o cala por encima de las dem\u00e1s, pero hoy te contamos cu\u00e1les son las 5 que, en nuestra opini\u00f3n, no deber\u00e1s perderte en tu pr\u00f3xima visita a la isla \u00a1te encantar\u00e1n!<\/p>\n<p>Empezamos por Cala Tarida, una playa de arena blanca rodeada de colinas, situada en el municipio de Sant Josep de Sa Talaia, una zona tur\u00edstica en el oeste de la isla que te sorprender\u00e1 ante la variedad de su paisaje.En Cala Tarida encontrar\u00e1s todo tipo de servicios que complacen a parejas, grupos de amigos y familias por igual. Si viajas con ni\u00f1os esta playa es el sitio ideal, donde pueden jugar y correr en la extensa zona de arena de esta playa.\u00a0 Encontrar\u00e1s todo tipo de comodidades,<strong>\u00a0bares, restaurantes y tiendas<\/strong>. En un lateral de la playa encontrar\u00e1s una escalera que da acceso a uno de los hoteles m\u00e1s encantadores de la zona, el <a href=\"https:\/\/www.vibrahotels.com\/ibiza\/cala-tarida\/hotel-vibra-cala-tarida?utm_source=google&amp;utm_medium=gmb&amp;utm_campaign=listing&amp;utm_content=HCLT\">Hotel Vibra Cala Tarida<\/a>, que cuenta con dos zonas de piscina, amplios jardines y unas habitaciones muy coquetas. Aunque no est\u00e9s alojado en el hotel, puedes hacer uso de su <strong>servicio de Day Pass<\/strong> y disfrutar todo el d\u00eda de todo-incluido en bebidas, desayuno y comida buffet, acceso a las piscinas, hamaca bajo disponibilidad, toalla y Kids Club con animaci\u00f3n durante el d\u00eda. Este servicio lo tienen disponible en varios hoteles m\u00e1s del grupo, <a href=\"https:\/\/www.vibrahotels.com\/ibiza\/playa-d-en-bossa\/hotel-vibra-algarb?utm_source=google&amp;utm_medium=gmb&amp;utm_campaign=listing&amp;utm_content=HALG\">Vibra Algarb<\/a>, <a href=\"https:\/\/www.vibrahotels.com\/ibiza\/playa-d-en-bossa\/hotel-vibra-mare-nostrum?utm_source=google&amp;utm_medium=gmb&amp;utm_campaign=listing&amp;utm_content=HMRN\">Vibra Mare Nostrum<\/a>, <a href=\"https:\/\/www.vibrahotels.com\/ibiza\/san-antonio\/hotel-vibra-district?utm_source=google&amp;utm_medium=gmb&amp;utm_campaign=listing&amp;utm_content=HPIS\">Vibra Disctrict<\/a> y <a href=\"https:\/\/seahorseibiza.com\/\">Vibra Seahorse Beach Club<\/a>, a partir de 65\u20ac adulto y 25\u20ac ni\u00f1o \u00a1es una opci\u00f3n ideal para mimarte y pasar un d\u00eda divertido lleno de comodidades!<\/p>\n<p><img loading=\"lazy\" decoding=\"async\" class=\"alignnone wp-image-7046\" src=\"https:\/\/www.vibrahotels.com\/wp-content\/uploads\/2024\/03\/thumb_2048x1536_751260d6-7e09-454c-942b-a5d7f3137632-7.jpg\" alt=\"\" width=\"422\" height=\"281\" srcset=\"https:\/\/www.vibrahotels.com\/blog\/wp-content\/uploads\/2024\/03\/thumb_2048x1536_751260d6-7e09-454c-942b-a5d7f3137632-7.jpg 2048w, https:\/\/www.vibrahotels.com\/blog\/wp-content\/uploads\/2024\/03\/thumb_2048x1536_751260d6-7e09-454c-942b-a5d7f3137632-7-300x200.jpg 300w, https:\/\/www.vibrahotels.com\/blog\/wp-content\/uploads\/2024\/03\/thumb_2048x1536_751260d6-7e09-454c-942b-a5d7f3137632-7-1024x682.jpg 1024w, https:\/\/www.vibrahotels.com\/blog\/wp-content\/uploads\/2024\/03\/thumb_2048x1536_751260d6-7e09-454c-942b-a5d7f3137632-7-768x511.jpg 768w, https:\/\/www.vibrahotels.com\/blog\/wp-content\/uploads\/2024\/03\/thumb_2048x1536_751260d6-7e09-454c-942b-a5d7f3137632-7-1536x1022.jpg 1536w\" sizes=\"auto, (max-width: 422px) 100vw, 422px\" \/><\/p>\n<p>Desde el <a href=\"https:\/\/www.vibrahotels.com\/es\/ibiza\/cala-tarida\/hotel-vibra-cala-tarida\">Hotel Vibra Cala Tarida<\/a> llegas f\u00e1cilmente a la siguiente parada de nuestro recorrido por las calas y playas, las\u00a0<strong><em>platges<\/em>\u00a0de Comte<\/strong>\u00a0o Cala Conta, a tan solo 9 minutos en coche por la carretera Cala Tarida del Embarcador. En esta zona encontrar\u00e1s muchas caletas con aguas de color esmeralda.\u00a0 Aqu\u00ed tambi\u00e9n las puestas de sol son inmejorables, pero Ibiza es as\u00ed&#8230;vayas donde vayas la puesta de sol te dejar\u00e1 una sensaci\u00f3n especial.<\/p>\n<p><img loading=\"lazy\" decoding=\"async\" class=\"alignnone wp-image-7040\" src=\"https:\/\/www.vibrahotels.com\/wp-content\/uploads\/2024\/03\/shutterstock_650396242-1-scaled.jpg\" alt=\"\" width=\"422\" height=\"281\" srcset=\"https:\/\/www.vibrahotels.com\/blog\/wp-content\/uploads\/2024\/03\/shutterstock_650396242-1-scaled.jpg 2560w, https:\/\/www.vibrahotels.com\/blog\/wp-content\/uploads\/2024\/03\/shutterstock_650396242-1-300x200.jpg 300w, https:\/\/www.vibrahotels.com\/blog\/wp-content\/uploads\/2024\/03\/shutterstock_650396242-1-1024x683.jpg 1024w, https:\/\/www.vibrahotels.com\/blog\/wp-content\/uploads\/2024\/03\/shutterstock_650396242-1-768x512.jpg 768w, https:\/\/www.vibrahotels.com\/blog\/wp-content\/uploads\/2024\/03\/shutterstock_650396242-1-1536x1024.jpg 1536w, https:\/\/www.vibrahotels.com\/blog\/wp-content\/uploads\/2024\/03\/shutterstock_650396242-1-2048x1365.jpg 2048w\" sizes=\"auto, (max-width: 422px) 100vw, 422px\" \/><\/p>\n<p><strong>Cala Conta<\/strong><\/p>\n<p>Siguiendo un poco m\u00e1s hacia el norte, encontrar\u00e1s uno de los rincones m\u00e1s bonitos de Ibiza, Cala Salada, ubicada en el \u00c1rea Natural de Especial Inter\u00e9s de Es Amunts, una formaci\u00f3n monta\u00f1osa que est\u00e1 al noroeste de isla, rodeada de bosque de pinos y unas aguas transparentes que conforman un entorno inigualable. Ver\u00e1s acantilados desde los que contemplar las casetas t\u00edpicas que utilizan los pescadores. No dejes de sentarte a contemplar la puesta de sol y algunos islotes como el de Illa Conillera. Cerca de Cala Salada, en San Antonio de Portmany, te proponemos que te alojes en cualquiera de los <a href=\"https:\/\/www.vibrahotels.com\/es\/ibiza\/san-antonio\">Vibra Hotels<\/a> que hay en la ciudad y en la zona de la <a href=\"https:\/\/www.vibrahotels.com\/es\/ibiza\/bahia-de-san-antonio\">Bah\u00eda de San Antonio.<\/a> Te encantar\u00e1n sus ubicaciones, tanto en el centro de San Antonio, a 100 metros de la playa, como los ubicados en la Bah\u00eda de San Antonio, que est\u00e1n en primera l\u00ednea de mar.<\/p>\n<p><img loading=\"lazy\" decoding=\"async\" class=\"alignnone wp-image-7044\" src=\"https:\/\/www.vibrahotels.com\/wp-content\/uploads\/2024\/03\/shutterstock_1457216219-scaled.jpg\" alt=\"\" width=\"422\" height=\"282\" srcset=\"https:\/\/www.vibrahotels.com\/blog\/wp-content\/uploads\/2024\/03\/shutterstock_1457216219-scaled.jpg 2560w, https:\/\/www.vibrahotels.com\/blog\/wp-content\/uploads\/2024\/03\/shutterstock_1457216219-300x200.jpg 300w, https:\/\/www.vibrahotels.com\/blog\/wp-content\/uploads\/2024\/03\/shutterstock_1457216219-1024x683.jpg 1024w, https:\/\/www.vibrahotels.com\/blog\/wp-content\/uploads\/2024\/03\/shutterstock_1457216219-768x512.jpg 768w, https:\/\/www.vibrahotels.com\/blog\/wp-content\/uploads\/2024\/03\/shutterstock_1457216219-1536x1025.jpg 1536w, https:\/\/www.vibrahotels.com\/blog\/wp-content\/uploads\/2024\/03\/shutterstock_1457216219-2048x1366.jpg 2048w\" sizes=\"auto, (max-width: 422px) 100vw, 422px\" \/><\/p>\n<p><strong>Cala Salada<\/strong><\/p>\n<p>Desde San Antonio de Portmany te sugerimos una excursi\u00f3n a Cala d\u2019Hort, ya que es uno de esos lugares m\u00e1gicos que cuenta con insuperables vistas a los islotes de Es Vedr\u00e1 y Es Vedranell, conocidos en Ibiza por su magnetismo y majestuosidad, que alcanza su mejor momento con las impresionantes puestas de sol \u00a1no te quedes sin ir porque te arrepentir\u00e1s! La playa tiene un ambiente familiar y relajado, est\u00e1 rodeada de altos acantilados con vegetaci\u00f3n de pinos y bosque bajo.\u00a0 El agua tiene poca profundidad en esta cala, ideal para los amantes del snorkel.<\/p>\n<p><img loading=\"lazy\" decoding=\"async\" class=\"alignnone wp-image-7038\" src=\"https:\/\/www.vibrahotels.com\/wp-content\/uploads\/2024\/03\/shutterstock_648400642-1-scaled.jpg\" alt=\"\" width=\"422\" height=\"281\" srcset=\"https:\/\/www.vibrahotels.com\/blog\/wp-content\/uploads\/2024\/03\/shutterstock_648400642-1-scaled.jpg 2560w, https:\/\/www.vibrahotels.com\/blog\/wp-content\/uploads\/2024\/03\/shutterstock_648400642-1-300x200.jpg 300w, https:\/\/www.vibrahotels.com\/blog\/wp-content\/uploads\/2024\/03\/shutterstock_648400642-1-1024x683.jpg 1024w, https:\/\/www.vibrahotels.com\/blog\/wp-content\/uploads\/2024\/03\/shutterstock_648400642-1-768x512.jpg 768w, https:\/\/www.vibrahotels.com\/blog\/wp-content\/uploads\/2024\/03\/shutterstock_648400642-1-1536x1024.jpg 1536w, https:\/\/www.vibrahotels.com\/blog\/wp-content\/uploads\/2024\/03\/shutterstock_648400642-1-2048x1365.jpg 2048w\" sizes=\"auto, (max-width: 422px) 100vw, 422px\" \/><\/p>\n<p><strong>Cala D\u2019Hort<\/strong><\/p>\n<p>Nuestra \u00faltima parada de hoy es en Cala Xarraca, una peque\u00f1a cala situada al norte de la isla de Ibiza que representa una verdadera maravilla natural.\u00a0 Aguas cristalinas que hacen las delicias de los buceadores, con una flora marina impresionante.\u00a0 Se trata de una playa de 10 metros de largo y 15 de ancho, muy frecuentada por nudistas.<\/p>\n<p><img loading=\"lazy\" decoding=\"async\" class=\"alignnone wp-image-7042\" src=\"https:\/\/www.vibrahotels.com\/wp-content\/uploads\/2024\/03\/shutterstock_654896275-scaled.jpg\" alt=\"\" width=\"422\" height=\"281\" srcset=\"https:\/\/www.vibrahotels.com\/blog\/wp-content\/uploads\/2024\/03\/shutterstock_654896275-scaled.jpg 2560w, https:\/\/www.vibrahotels.com\/blog\/wp-content\/uploads\/2024\/03\/shutterstock_654896275-300x200.jpg 300w, https:\/\/www.vibrahotels.com\/blog\/wp-content\/uploads\/2024\/03\/shutterstock_654896275-1024x683.jpg 1024w, https:\/\/www.vibrahotels.com\/blog\/wp-content\/uploads\/2024\/03\/shutterstock_654896275-768x512.jpg 768w, https:\/\/www.vibrahotels.com\/blog\/wp-content\/uploads\/2024\/03\/shutterstock_654896275-1536x1024.jpg 1536w, https:\/\/www.vibrahotels.com\/blog\/wp-content\/uploads\/2024\/03\/shutterstock_654896275-2048x1365.jpg 2048w\" sizes=\"auto, (max-width: 422px) 100vw, 422px\" \/><\/p>\n<p><strong>Cala Xarraca<\/strong><\/p>\n<p>Tras disfrutar de cualquiera de estas calas maravillosas, te mereces un descanso acompa\u00f1ado de un excelente desayuno para reponer fuerzas. \u00bfNuestra propuesta? Te lo venimos contando, los hoteles y apartamentos de <a href=\"https:\/\/www.vibrahotels.com\/es\/ibiza\">Vibra Hotels<\/a> que cuentan con la mejor relaci\u00f3n calidad precio de la isla de Ibiza \u00a1te encantar\u00e1 su ambiente y la amabilidad de sus equipos!<\/p>\n","protected":false},"excerpt":{"rendered":"<p>Ya sabes que Ibiza es un para\u00edso, una isla de atractivo inigualable por su belleza natural, sus playas y calas, y sus aguas cristalinas, a las que desear\u00e1s volver una y otra vez&#8230; Es dif\u00edcil destacar una playa o cala&#8230;<\/p>\n","protected":false},"author":1,"featured_media":7044,"comment_status":"open","ping_status":"open","sticky":false,"template":"","format":"standard","meta":{"footnotes":""},"categories":[1311,1297],"tags":[],"class_list":["post-7037","post","type-post","status-publish","format-standard","has-post-thumbnail","hentry","category-planes-en-ibiza","category-travel"],"yoast_head":"<!-- This site is optimized with the Yoast SEO plugin v27.4 - https:\/\/yoast.com\/product\/yoast-seo-wordpress\/ -->\n<title>Las 5 mejores calas y playas de Ibiza - Islander by Vibra Hotels<\/title>\n<meta name=\"robots\" content=\"index, follow, max-snippet:-1, max-image-preview:large, max-video-preview:-1\" \/>\n<link rel=\"canonical\" href=\"https:\/\/www.vibrahotels.com\/blog\/las-5-mejores-playas-y-calas-de-ibiza\/\" \/>\n<meta property=\"og:locale\" content=\"es_ES\" \/>\n<meta property=\"og:type\" content=\"article\" \/>\n<meta property=\"og:title\" content=\"Las 5 mejores calas y playas de Ibiza - Islander by Vibra Hotels\" \/>\n<meta property=\"og:description\" content=\"Ya sabes que Ibiza es un para\u00edso, una isla de atractivo inigualable por su belleza natural, sus playas y calas, y sus aguas cristalinas, a las que desear\u00e1s volver una y otra vez&#8230; Es dif\u00edcil destacar una playa o cala...\" \/>\n<meta property=\"og:url\" content=\"https:\/\/www.vibrahotels.com\/blog\/las-5-mejores-playas-y-calas-de-ibiza\/\" \/>\n<meta property=\"og:site_name\" content=\"Islander by Vibra Hotels\" \/>\n<meta property=\"article:published_time\" content=\"2024-03-27T10:55:30+00:00\" \/>\n<meta property=\"article:modified_time\" content=\"2024-07-09T13:39:49+00:00\" \/>\n<meta property=\"og:image\" content=\"https:\/\/www.vibrahotels.com\/blog\/wp-content\/uploads\/2024\/03\/shutterstock_1457216219-scaled.jpg\" \/>\n\t<meta property=\"og:image:width\" content=\"2560\" \/>\n\t<meta property=\"og:image:height\" content=\"1708\" \/>\n\t<meta property=\"og:image:type\" content=\"image\/jpeg\" \/>\n<meta name=\"author\" content=\"The Ibiza Blog\" \/>\n<meta name=\"twitter:card\" content=\"summary_large_image\" \/>\n<meta name=\"twitter:label1\" content=\"Escrito por\" \/>\n\t<meta name=\"twitter:data1\" content=\"The Ibiza Blog\" \/>\n\t<meta name=\"twitter:label2\" content=\"Tiempo de lectura\" \/>\n\t<meta name=\"twitter:data2\" content=\"4 minutos\" \/>\n<script type=\"application\/ld+json\" class=\"yoast-schema-graph\">{\"@context\":\"https:\\\/\\\/schema.org\",\"@graph\":[{\"@type\":\"Article\",\"@id\":\"https:\\\/\\\/www.vibrahotels.com\\\/blog\\\/las-5-mejores-playas-y-calas-de-ibiza\\\/#article\",\"isPartOf\":{\"@id\":\"https:\\\/\\\/www.vibrahotels.com\\\/blog\\\/las-5-mejores-playas-y-calas-de-ibiza\\\/\"},\"author\":{\"name\":\"The Ibiza Blog\",\"@id\":\"https:\\\/\\\/www.vibrahotels.com\\\/blog\\\/#\\\/schema\\\/person\\\/ad74f13df6e44e7081ef65424f668972\"},\"headline\":\"Las 5 mejores calas y playas de Ibiza\",\"datePublished\":\"2024-03-27T10:55:30+00:00\",\"dateModified\":\"2024-07-09T13:39:49+00:00\",\"mainEntityOfPage\":{\"@id\":\"https:\\\/\\\/www.vibrahotels.com\\\/blog\\\/las-5-mejores-playas-y-calas-de-ibiza\\\/\"},\"wordCount\":785,\"commentCount\":0,\"image\":{\"@id\":\"https:\\\/\\\/www.vibrahotels.com\\\/blog\\\/las-5-mejores-playas-y-calas-de-ibiza\\\/#primaryimage\"},\"thumbnailUrl\":\"https:\\\/\\\/www.vibrahotels.com\\\/blog\\\/wp-content\\\/uploads\\\/2024\\\/03\\\/shutterstock_1457216219-scaled.jpg\",\"articleSection\":[\"Planes en Ibiza\",\"Travel\"],\"inLanguage\":\"es\",\"potentialAction\":[{\"@type\":\"CommentAction\",\"name\":\"Comment\",\"target\":[\"https:\\\/\\\/www.vibrahotels.com\\\/blog\\\/las-5-mejores-playas-y-calas-de-ibiza\\\/#respond\"]}]},{\"@type\":\"WebPage\",\"@id\":\"https:\\\/\\\/www.vibrahotels.com\\\/blog\\\/las-5-mejores-playas-y-calas-de-ibiza\\\/\",\"url\":\"https:\\\/\\\/www.vibrahotels.com\\\/blog\\\/las-5-mejores-playas-y-calas-de-ibiza\\\/\",\"name\":\"Las 5 mejores calas y playas de Ibiza - Islander by Vibra Hotels\",\"isPartOf\":{\"@id\":\"https:\\\/\\\/www.vibrahotels.com\\\/blog\\\/#website\"},\"primaryImageOfPage\":{\"@id\":\"https:\\\/\\\/www.vibrahotels.com\\\/blog\\\/las-5-mejores-playas-y-calas-de-ibiza\\\/#primaryimage\"},\"image\":{\"@id\":\"https:\\\/\\\/www.vibrahotels.com\\\/blog\\\/las-5-mejores-playas-y-calas-de-ibiza\\\/#primaryimage\"},\"thumbnailUrl\":\"https:\\\/\\\/www.vibrahotels.com\\\/blog\\\/wp-content\\\/uploads\\\/2024\\\/03\\\/shutterstock_1457216219-scaled.jpg\",\"datePublished\":\"2024-03-27T10:55:30+00:00\",\"dateModified\":\"2024-07-09T13:39:49+00:00\",\"author\":{\"@id\":\"https:\\\/\\\/www.vibrahotels.com\\\/blog\\\/#\\\/schema\\\/person\\\/ad74f13df6e44e7081ef65424f668972\"},\"breadcrumb\":{\"@id\":\"https:\\\/\\\/www.vibrahotels.com\\\/blog\\\/las-5-mejores-playas-y-calas-de-ibiza\\\/#breadcrumb\"},\"inLanguage\":\"es\",\"potentialAction\":[{\"@type\":\"ReadAction\",\"target\":[\"https:\\\/\\\/www.vibrahotels.com\\\/blog\\\/las-5-mejores-playas-y-calas-de-ibiza\\\/\"]}]},{\"@type\":\"ImageObject\",\"inLanguage\":\"es\",\"@id\":\"https:\\\/\\\/www.vibrahotels.com\\\/blog\\\/las-5-mejores-playas-y-calas-de-ibiza\\\/#primaryimage\",\"url\":\"https:\\\/\\\/www.vibrahotels.com\\\/blog\\\/wp-content\\\/uploads\\\/2024\\\/03\\\/shutterstock_1457216219-scaled.jpg\",\"contentUrl\":\"https:\\\/\\\/www.vibrahotels.com\\\/blog\\\/wp-content\\\/uploads\\\/2024\\\/03\\\/shutterstock_1457216219-scaled.jpg\",\"width\":2560,\"height\":1708},{\"@type\":\"BreadcrumbList\",\"@id\":\"https:\\\/\\\/www.vibrahotels.com\\\/blog\\\/las-5-mejores-playas-y-calas-de-ibiza\\\/#breadcrumb\",\"itemListElement\":[{\"@type\":\"ListItem\",\"position\":1,\"name\":\"Portada\",\"item\":\"https:\\\/\\\/www.vibrahotels.com\\\/blog\\\/\"},{\"@type\":\"ListItem\",\"position\":2,\"name\":\"Las 5 mejores calas y playas de Ibiza\"}]},{\"@type\":\"WebSite\",\"@id\":\"https:\\\/\\\/www.vibrahotels.com\\\/blog\\\/#website\",\"url\":\"https:\\\/\\\/www.vibrahotels.com\\\/blog\\\/\",\"name\":\"Islander by Vibra Hotels\",\"description\":\"\",\"potentialAction\":[{\"@type\":\"SearchAction\",\"target\":{\"@type\":\"EntryPoint\",\"urlTemplate\":\"https:\\\/\\\/www.vibrahotels.com\\\/blog\\\/?s={search_term_string}\"},\"query-input\":{\"@type\":\"PropertyValueSpecification\",\"valueRequired\":true,\"valueName\":\"search_term_string\"}}],\"inLanguage\":\"es\"},{\"@type\":\"Person\",\"@id\":\"https:\\\/\\\/www.vibrahotels.com\\\/blog\\\/#\\\/schema\\\/person\\\/ad74f13df6e44e7081ef65424f668972\",\"name\":\"The Ibiza Blog\",\"image\":{\"@type\":\"ImageObject\",\"inLanguage\":\"es\",\"@id\":\"https:\\\/\\\/secure.gravatar.com\\\/avatar\\\/d172713df318fe4ba11547ee4a70ab1eae0206026db57d7a5920186b9f5ee855?s=96&d=mm&r=g\",\"url\":\"https:\\\/\\\/secure.gravatar.com\\\/avatar\\\/d172713df318fe4ba11547ee4a70ab1eae0206026db57d7a5920186b9f5ee855?s=96&d=mm&r=g\",\"contentUrl\":\"https:\\\/\\\/secure.gravatar.com\\\/avatar\\\/d172713df318fe4ba11547ee4a70ab1eae0206026db57d7a5920186b9f5ee855?s=96&d=mm&r=g\",\"caption\":\"The Ibiza Blog\"},\"url\":\"https:\\\/\\\/www.vibrahotels.com\\\/blog\\\/author\\\/the-ibiza-blog\\\/\"}]}<\/script>\n<!-- \/ Yoast SEO plugin. -->","yoast_head_json":{"title":"Las 5 mejores calas y playas de Ibiza - Islander by Vibra Hotels","robots":{"index":"index","follow":"follow","max-snippet":"max-snippet:-1","max-image-preview":"max-image-preview:large","max-video-preview":"max-video-preview:-1"},"canonical":"https:\/\/www.vibrahotels.com\/blog\/las-5-mejores-playas-y-calas-de-ibiza\/","og_locale":"es_ES","og_type":"article","og_title":"Las 5 mejores calas y playas de Ibiza - Islander by Vibra Hotels","og_description":"Ya sabes que Ibiza es un para\u00edso, una isla de atractivo inigualable por su belleza natural, sus playas y calas, y sus aguas cristalinas, a las que desear\u00e1s volver una y otra vez&#8230; Es dif\u00edcil destacar una playa o cala...","og_url":"https:\/\/www.vibrahotels.com\/blog\/las-5-mejores-playas-y-calas-de-ibiza\/","og_site_name":"Islander by Vibra Hotels","article_published_time":"2024-03-27T10:55:30+00:00","article_modified_time":"2024-07-09T13:39:49+00:00","og_image":[{"width":2560,"height":1708,"url":"https:\/\/www.vibrahotels.com\/blog\/wp-content\/uploads\/2024\/03\/shutterstock_1457216219-scaled.jpg","type":"image\/jpeg"}],"author":"The Ibiza Blog","twitter_card":"summary_large_image","twitter_misc":{"Escrito por":"The Ibiza Blog","Tiempo de lectura":"4 minutos"},"schema":{"@context":"https:\/\/schema.org","@graph":[{"@type":"Article","@id":"https:\/\/www.vibrahotels.com\/blog\/las-5-mejores-playas-y-calas-de-ibiza\/#article","isPartOf":{"@id":"https:\/\/www.vibrahotels.com\/blog\/las-5-mejores-playas-y-calas-de-ibiza\/"},"author":{"name":"The Ibiza Blog","@id":"https:\/\/www.vibrahotels.com\/blog\/#\/schema\/person\/ad74f13df6e44e7081ef65424f668972"},"headline":"Las 5 mejores calas y playas de Ibiza","datePublished":"2024-03-27T10:55:30+00:00","dateModified":"2024-07-09T13:39:49+00:00","mainEntityOfPage":{"@id":"https:\/\/www.vibrahotels.com\/blog\/las-5-mejores-playas-y-calas-de-ibiza\/"},"wordCount":785,"commentCount":0,"image":{"@id":"https:\/\/www.vibrahotels.com\/blog\/las-5-mejores-playas-y-calas-de-ibiza\/#primaryimage"},"thumbnailUrl":"https:\/\/www.vibrahotels.com\/blog\/wp-content\/uploads\/2024\/03\/shutterstock_1457216219-scaled.jpg","articleSection":["Planes en Ibiza","Travel"],"inLanguage":"es","potentialAction":[{"@type":"CommentAction","name":"Comment","target":["https:\/\/www.vibrahotels.com\/blog\/las-5-mejores-playas-y-calas-de-ibiza\/#respond"]}]},{"@type":"WebPage","@id":"https:\/\/www.vibrahotels.com\/blog\/las-5-mejores-playas-y-calas-de-ibiza\/","url":"https:\/\/www.vibrahotels.com\/blog\/las-5-mejores-playas-y-calas-de-ibiza\/","name":"Las 5 mejores calas y playas de Ibiza - Islander by Vibra Hotels","isPartOf":{"@id":"https:\/\/www.vibrahotels.com\/blog\/#website"},"primaryImageOfPage":{"@id":"https:\/\/www.vibrahotels.com\/blog\/las-5-mejores-playas-y-calas-de-ibiza\/#primaryimage"},"image":{"@id":"https:\/\/www.vibrahotels.com\/blog\/las-5-mejores-playas-y-calas-de-ibiza\/#primaryimage"},"thumbnailUrl":"https:\/\/www.vibrahotels.com\/blog\/wp-content\/uploads\/2024\/03\/shutterstock_1457216219-scaled.jpg","datePublished":"2024-03-27T10:55:30+00:00","dateModified":"2024-07-09T13:39:49+00:00","author":{"@id":"https:\/\/www.vibrahotels.com\/blog\/#\/schema\/person\/ad74f13df6e44e7081ef65424f668972"},"breadcrumb":{"@id":"https:\/\/www.vibrahotels.com\/blog\/las-5-mejores-playas-y-calas-de-ibiza\/#breadcrumb"},"inLanguage":"es","potentialAction":[{"@type":"ReadAction","target":["https:\/\/www.vibrahotels.com\/blog\/las-5-mejores-playas-y-calas-de-ibiza\/"]}]},{"@type":"ImageObject","inLanguage":"es","@id":"https:\/\/www.vibrahotels.com\/blog\/las-5-mejores-playas-y-calas-de-ibiza\/#primaryimage","url":"https:\/\/www.vibrahotels.com\/blog\/wp-content\/uploads\/2024\/03\/shutterstock_1457216219-scaled.jpg","contentUrl":"https:\/\/www.vibrahotels.com\/blog\/wp-content\/uploads\/2024\/03\/shutterstock_1457216219-scaled.jpg","width":2560,"height":1708},{"@type":"BreadcrumbList","@id":"https:\/\/www.vibrahotels.com\/blog\/las-5-mejores-playas-y-calas-de-ibiza\/#breadcrumb","itemListElement":[{"@type":"ListItem","position":1,"name":"Portada","item":"https:\/\/www.vibrahotels.com\/blog\/"},{"@type":"ListItem","position":2,"name":"Las 5 mejores calas y playas de Ibiza"}]},{"@type":"WebSite","@id":"https:\/\/www.vibrahotels.com\/blog\/#website","url":"https:\/\/www.vibrahotels.com\/blog\/","name":"Islander by Vibra Hotels","description":"","potentialAction":[{"@type":"SearchAction","target":{"@type":"EntryPoint","urlTemplate":"https:\/\/www.vibrahotels.com\/blog\/?s={search_term_string}"},"query-input":{"@type":"PropertyValueSpecification","valueRequired":true,"valueName":"search_term_string"}}],"inLanguage":"es"},{"@type":"Person","@id":"https:\/\/www.vibrahotels.com\/blog\/#\/schema\/person\/ad74f13df6e44e7081ef65424f668972","name":"The Ibiza Blog","image":{"@type":"ImageObject","inLanguage":"es","@id":"https:\/\/secure.gravatar.com\/avatar\/d172713df318fe4ba11547ee4a70ab1eae0206026db57d7a5920186b9f5ee855?s=96&d=mm&r=g","url":"https:\/\/secure.gravatar.com\/avatar\/d172713df318fe4ba11547ee4a70ab1eae0206026db57d7a5920186b9f5ee855?s=96&d=mm&r=g","contentUrl":"https:\/\/secure.gravatar.com\/avatar\/d172713df318fe4ba11547ee4a70ab1eae0206026db57d7a5920186b9f5ee855?s=96&d=mm&r=g","caption":"The Ibiza Blog"},"url":"https:\/\/www.vibrahotels.com\/blog\/author\/the-ibiza-blog\/"}]}},"_links":{"self":[{"href":"https:\/\/www.vibrahotels.com\/blog\/wp-json\/wp\/v2\/posts\/7037","targetHints":{"allow":["GET"]}}],"collection":[{"href":"https:\/\/www.vibrahotels.com\/blog\/wp-json\/wp\/v2\/posts"}],"about":[{"href":"https:\/\/www.vibrahotels.com\/blog\/wp-json\/wp\/v2\/types\/post"}],"author":[{"embeddable":true,"href":"https:\/\/www.vibrahotels.com\/blog\/wp-json\/wp\/v2\/users\/1"}],"replies":[{"embeddable":true,"href":"https:\/\/www.vibrahotels.com\/blog\/wp-json\/wp\/v2\/comments?post=7037"}],"version-history":[{"count":8,"href":"https:\/\/www.vibrahotels.com\/blog\/wp-json\/wp\/v2\/posts\/7037\/revisions"}],"predecessor-version":[{"id":7270,"href":"https:\/\/www.vibrahotels.com\/blog\/wp-json\/wp\/v2\/posts\/7037\/revisions\/7270"}],"wp:featuredmedia":[{"embeddable":true,"href":"https:\/\/www.vibrahotels.com\/blog\/wp-json\/wp\/v2\/media\/7044"}],"wp:attachment":[{"href":"https:\/\/www.vibrahotels.com\/blog\/wp-json\/wp\/v2\/media?parent=7037"}],"wp:term":[{"taxonomy":"category","embeddable":true,"href":"https:\/\/www.vibrahotels.com\/blog\/wp-json\/wp\/v2\/categories?post=7037"},{"taxonomy":"post_tag","embeddable":true,"href":"https:\/\/www.vibrahotels.com\/blog\/wp-json\/wp\/v2\/tags?post=7037"}],"curies":[{"name":"wp","href":"https:\/\/api.w.org\/{rel}","templated":true}]}}