{"id":6977,"date":"2024-02-23T12:00:25","date_gmt":"2024-02-23T11:00:25","guid":{"rendered":"https:\/\/www.vibrahotels.com\/?p=6977"},"modified":"2025-03-27T11:23:58","modified_gmt":"2025-03-27T10:23:58","slug":"las-5-mejores-playas-y-calas-en-mallorca","status":"publish","type":"post","link":"https:\/\/www.vibrahotels.com\/blog\/las-5-mejores-playas-y-calas-en-mallorca\/","title":{"rendered":"Las 5 mejores playas y calas en Mallorca"},"content":{"rendered":"<p>Empieza la cuenta atr\u00e1s para tus esperadas vacaciones de Semana Santa o ese fin de semana bajo al sol de las islas&#8230;calorcito, arena suave y dorada, calas inolvidables de aguas transparentes&#8230;<\/p>\n<p>\u00a1En este blog te vamos a hablar de las 5 mejores playas y calas de Mallorca que no te puedes perder!<\/p>\n<p>Aunque Mallorca tiene m\u00e1s de 300 playas y calas, hemos seleccionado estas 5 que te contamos a continuaci\u00f3n y que sabemos que te har\u00e1n disfrutar de cada rayo de sol y sentir\u00e1s una felicidad infinita.<\/p>\n<p>Cuando llegues a Mallorca mejor elegir un hotel que est\u00e9 bien comunicado, que tenga una bonita playa y que tenga una excelente relaci\u00f3n calidad precio \u00a1y lo tenemos!\u00a0 Te recomendamos el hotel <a href=\"https:\/\/www.vibrahotels.com\/mallorca\/paguera-calvia\/hotel-vibra-beverly-playa?utm_source=google&amp;utm_medium=gmb&amp;utm_campaign=listing&amp;utm_content=HPGR\">Vibra Beverly Playa<\/a>.\u00a0 Est\u00e1 en la preciosa playa de Paguera, a 20 minutos de Palma, todas sus habitaciones tienen vistas al mar y cuenta con dos excelentes piscinas al borde de la arena de la playa.\u00a0 Adem\u00e1s, tiene un spa con piscina interior y sus habitaciones han sido renovadas recientemente.\u00a0 Puedes desayunar bajo los pinos viendo la playa y est\u00e1 muy cerca de la primera cala por la que empezamos nuestro recorrido, Cala Fornells.<\/p>\n<p><img loading=\"lazy\" decoding=\"async\" class=\"alignnone size-full wp-image-6982\" src=\"https:\/\/www.vibrahotels.com\/wp-content\/uploads\/2024\/02\/IMG_5842-scaled.jpg\" alt=\"\" width=\"2560\" height=\"1920\" srcset=\"https:\/\/www.vibrahotels.com\/blog\/wp-content\/uploads\/2024\/02\/IMG_5842-scaled.jpg 2560w, https:\/\/www.vibrahotels.com\/blog\/wp-content\/uploads\/2024\/02\/IMG_5842-300x225.jpg 300w, https:\/\/www.vibrahotels.com\/blog\/wp-content\/uploads\/2024\/02\/IMG_5842-1024x768.jpg 1024w, https:\/\/www.vibrahotels.com\/blog\/wp-content\/uploads\/2024\/02\/IMG_5842-768x576.jpg 768w, https:\/\/www.vibrahotels.com\/blog\/wp-content\/uploads\/2024\/02\/IMG_5842-1536x1152.jpg 1536w, https:\/\/www.vibrahotels.com\/blog\/wp-content\/uploads\/2024\/02\/IMG_5842-2048x1536.jpg 2048w\" sizes=\"auto, (max-width: 2560px) 100vw, 2560px\" \/><\/p>\n<p>Vistas desde el hotel Vibra Beverly Playa<\/p>\n<ol>\n<li><strong>CALA FORNELLS (PAGUERA)<\/strong><\/li>\n<\/ol>\n<p>Esta cala se encuentra muy cerca de Andratx y te recomendamos la visites desde el mar, en barco, porque desde la propia bah\u00eda ver\u00e1s las playas de Paguera, Santa Ponsa y la Illa es Malgrat.\u00a0 La playa est\u00e1 cercada por pinos y sus aguas son de color turquesa.\u00a0 Es una playa tranquila desde la que puedes acceder a un animado paseo mar\u00edtimo, una zona con un mont\u00f3n de restaurantes y peque\u00f1as tiendas.\u00a0 \u00a0Muy cerca, a doscientos metros, se encuentra Cal\u00f3 de ses Llises, otro imprescindible.<\/p>\n<p><img loading=\"lazy\" decoding=\"async\" class=\"alignnone size-full wp-image-6978\" src=\"https:\/\/www.vibrahotels.com\/wp-content\/uploads\/2024\/02\/shutterstock_710787499-scaled.jpg\" alt=\"\" width=\"2560\" height=\"1141\" srcset=\"https:\/\/www.vibrahotels.com\/blog\/wp-content\/uploads\/2024\/02\/shutterstock_710787499-scaled.jpg 2560w, https:\/\/www.vibrahotels.com\/blog\/wp-content\/uploads\/2024\/02\/shutterstock_710787499-300x134.jpg 300w, https:\/\/www.vibrahotels.com\/blog\/wp-content\/uploads\/2024\/02\/shutterstock_710787499-1024x457.jpg 1024w, https:\/\/www.vibrahotels.com\/blog\/wp-content\/uploads\/2024\/02\/shutterstock_710787499-768x342.jpg 768w, https:\/\/www.vibrahotels.com\/blog\/wp-content\/uploads\/2024\/02\/shutterstock_710787499-1536x685.jpg 1536w, https:\/\/www.vibrahotels.com\/blog\/wp-content\/uploads\/2024\/02\/shutterstock_710787499-2048x913.jpg 2048w\" sizes=\"auto, (max-width: 2560px) 100vw, 2560px\" \/><\/p>\n<p>&nbsp;<\/p>\n<p><strong>\u00a0 \u00a0 2. C<\/strong><strong>ALA DEL MAG (PORTALS VELLS)<\/strong><\/p>\n<p>Se encuentra situada entre Mallorca y la playa de Paguera que te acabamos de presentar.\u00a0 Est\u00e1 en la conocida zona de Portals Vells y Portal Nous, con excelentes restaurantes y tiendas que visitar, pero eso s\u00ed, despu\u00e9s de darte un fant\u00e1stico ba\u00f1o en Cala del Mag. Esta cala se conoce por sus acantilados de roca que la protegen del viento y una maravillosa vegetaci\u00f3n que te transporta a un mundo de tranquilidad.\u00a0 Si te gusta el snorkel \u00a1aqu\u00ed ver\u00e1s montones de peces coloridos y arrecifes de coral!<\/p>\n<p>&nbsp;<\/p>\n<p><img loading=\"lazy\" decoding=\"async\" class=\"alignnone size-full wp-image-6980\" src=\"https:\/\/www.vibrahotels.com\/wp-content\/uploads\/2024\/02\/shutterstock_1410517901-scaled.jpg\" alt=\"\" width=\"2560\" height=\"1707\" srcset=\"https:\/\/www.vibrahotels.com\/blog\/wp-content\/uploads\/2024\/02\/shutterstock_1410517901-scaled.jpg 2560w, https:\/\/www.vibrahotels.com\/blog\/wp-content\/uploads\/2024\/02\/shutterstock_1410517901-300x200.jpg 300w, https:\/\/www.vibrahotels.com\/blog\/wp-content\/uploads\/2024\/02\/shutterstock_1410517901-1024x683.jpg 1024w, https:\/\/www.vibrahotels.com\/blog\/wp-content\/uploads\/2024\/02\/shutterstock_1410517901-768x512.jpg 768w, https:\/\/www.vibrahotels.com\/blog\/wp-content\/uploads\/2024\/02\/shutterstock_1410517901-1536x1024.jpg 1536w, https:\/\/www.vibrahotels.com\/blog\/wp-content\/uploads\/2024\/02\/shutterstock_1410517901-2048x1365.jpg 2048w\" sizes=\"auto, (max-width: 2560px) 100vw, 2560px\" \/><\/p>\n<p><strong>\u00a0 \u00a03.\u00a0 <\/strong><strong>CALA S&#8217;AMARADOR (CAP D&#8217;ES MORO, SANTANY\u00cd)<\/strong><\/p>\n<p>Ahora nos dirigimos m\u00e1s hacia el sur de Mallorca, al parque natural de Mondrag\u00f3, famoso por sus playas de arenas blancas finas, mucha vegetaci\u00f3n t\u00edpica mediterr\u00e1nea y aguas transparentes.\u00a0 Cala S\u2019Amarador est\u00e1 rodeada de un gran pinar, ideal si eres de los que busca un poco de sombra. <strong>\u00a0<\/strong><\/p>\n<p><img loading=\"lazy\" decoding=\"async\" class=\"alignnone size-full wp-image-6986\" src=\"https:\/\/www.vibrahotels.com\/wp-content\/uploads\/2024\/02\/shutterstock_549996865-scaled.jpg\" alt=\"\" width=\"2560\" height=\"1707\" srcset=\"https:\/\/www.vibrahotels.com\/blog\/wp-content\/uploads\/2024\/02\/shutterstock_549996865-scaled.jpg 2560w, https:\/\/www.vibrahotels.com\/blog\/wp-content\/uploads\/2024\/02\/shutterstock_549996865-300x200.jpg 300w, https:\/\/www.vibrahotels.com\/blog\/wp-content\/uploads\/2024\/02\/shutterstock_549996865-1024x683.jpg 1024w, https:\/\/www.vibrahotels.com\/blog\/wp-content\/uploads\/2024\/02\/shutterstock_549996865-768x512.jpg 768w, https:\/\/www.vibrahotels.com\/blog\/wp-content\/uploads\/2024\/02\/shutterstock_549996865-1536x1024.jpg 1536w, https:\/\/www.vibrahotels.com\/blog\/wp-content\/uploads\/2024\/02\/shutterstock_549996865-2048x1366.jpg 2048w\" sizes=\"auto, (max-width: 2560px) 100vw, 2560px\" \/><\/p>\n<p><strong>\u00a0 4. CALA VARQUES (MANACOR)<\/strong><\/p>\n<p>Cala Varques est\u00e1 enclavada en la costa este, cerca de Calas de Mallorca.\u00a0 La verdad es que el acceso no es muy f\u00e1cil y los mallorquines dicen que es una de esas playas a las que es mejor llegar en barco.\u00a0 Pero no te preocupes, puedes aparcar el coche y acceder andando. Tiene unas aguas de color azul turquesa que te dejar\u00e1n literalmente si habla.\u00a0 Es una cala tranquila en la que no querr\u00e1s salir del agua y adem\u00e1s, es conocida tambi\u00e9n por sus \u00e1reas de buceo y snorkel; hay un camino que te lleva a Es Cal\u00f3 Blanc donde hay un arco de piedra natural que no te debes perder.<\/p>\n<p><img loading=\"lazy\" decoding=\"async\" class=\"alignnone size-full wp-image-6984\" src=\"https:\/\/www.vibrahotels.com\/wp-content\/uploads\/2024\/02\/shutterstock_530491360-scaled.jpg\" alt=\"\" width=\"2560\" height=\"1666\" srcset=\"https:\/\/www.vibrahotels.com\/blog\/wp-content\/uploads\/2024\/02\/shutterstock_530491360-scaled.jpg 2560w, https:\/\/www.vibrahotels.com\/blog\/wp-content\/uploads\/2024\/02\/shutterstock_530491360-300x195.jpg 300w, https:\/\/www.vibrahotels.com\/blog\/wp-content\/uploads\/2024\/02\/shutterstock_530491360-1024x667.jpg 1024w, https:\/\/www.vibrahotels.com\/blog\/wp-content\/uploads\/2024\/02\/shutterstock_530491360-768x500.jpg 768w, https:\/\/www.vibrahotels.com\/blog\/wp-content\/uploads\/2024\/02\/shutterstock_530491360-1536x1000.jpg 1536w, https:\/\/www.vibrahotels.com\/blog\/wp-content\/uploads\/2024\/02\/shutterstock_530491360-2048x1333.jpg 2048w\" sizes=\"auto, (max-width: 2560px) 100vw, 2560px\" \/><\/p>\n<p>&nbsp;<\/p>\n<p><strong>\u00a0 5. CAL\u00d3 DES M\u00c0RMOLS (SANTANY\u00cd)<\/strong><\/p>\n<p>En el faro de Cap de Ses Salines que puedes ver en la foto, es donde empieza el camino que te llevar\u00e1 hasta esta cala de Cal\u00f3 des Marmols.\u00a0 Es un camino ideal para ir andando durante un poquito m\u00e1s de una hora y al final encuentras la recompensa:\u00a0 una playa paradisiaca donde te recomendamos llevar algo de comida y bebida para pasar all\u00ed unas horas. enos eso es lo que se puede leer en unos antiguos b\u00fankers de la costa que los artistas del colectivo madrile\u00f1o Boa Mistura intervinieron. Cuando se pisa la arena de esta playa no se puede estar m\u00e1s de acuerdo con el verso de Miquel Costa i Llobera. Platja d\u2019es Trenc es un conjunto de dunas, pinares, monte, salinas y tamarindos ideado para embriagar los sentidos. Forma parte del espacio natural de la marisma de Es Salobrar, un \u00e1rea protegida de 1.500 hect\u00e1reas de los m\u00e1s bellos de Mallorca.<\/p>\n<p>&nbsp;<\/p>\n<p><strong>PLAYA DE FORMENTOR (PUERTO DE POLLENSA)<\/strong><\/p>\n<p>Antes de finalizar este blog te regalamos un \u2018tip\u2019: una \u00faltima playa que visitar al norte de la isla, a pocos kil\u00f3metros del Puerto de Pollensa, est\u00e1 la <strong>Playa de Formentor<\/strong>, famosa por el hotel que lleva su mismo nombre.\u00a0 Se trata de un paraje natural de excepcional belleza con bosques de pinos que llegan hasta la playa de arena fina.<\/p>\n<p>&nbsp;<\/p>\n<p><img loading=\"lazy\" decoding=\"async\" class=\"alignnone size-full wp-image-6988\" src=\"https:\/\/www.vibrahotels.com\/wp-content\/uploads\/2024\/02\/shutterstock_552743494-scaled.jpg\" alt=\"\" width=\"2560\" height=\"1706\" srcset=\"https:\/\/www.vibrahotels.com\/blog\/wp-content\/uploads\/2024\/02\/shutterstock_552743494-scaled.jpg 2560w, https:\/\/www.vibrahotels.com\/blog\/wp-content\/uploads\/2024\/02\/shutterstock_552743494-300x200.jpg 300w, https:\/\/www.vibrahotels.com\/blog\/wp-content\/uploads\/2024\/02\/shutterstock_552743494-1024x683.jpg 1024w, https:\/\/www.vibrahotels.com\/blog\/wp-content\/uploads\/2024\/02\/shutterstock_552743494-768x512.jpg 768w, https:\/\/www.vibrahotels.com\/blog\/wp-content\/uploads\/2024\/02\/shutterstock_552743494-1536x1024.jpg 1536w, https:\/\/www.vibrahotels.com\/blog\/wp-content\/uploads\/2024\/02\/shutterstock_552743494-2048x1365.jpg 2048w\" sizes=\"auto, (max-width: 2560px) 100vw, 2560px\" \/><\/p>\n<p>Despu\u00e9s de un largo d\u00eda de playas inolvidables, es hora de volver al hotel a darte el \u00faltimo ba\u00f1o y disfrutar de la puesta de sol desde la terraza del <a href=\"https:\/\/www.vibrahotels.com\/mallorca\/paguera-calvia\/hotel-vibra-beverly-playa?utm_source=google&amp;utm_medium=gmb&amp;utm_campaign=listing&amp;utm_content=HPGR\">hotel Vibra Beverly Playa<\/a> que te coment\u00e1bamos al principio del blog \u00a1no lo dejes pasar y disfruta de sus maravillosas instalaciones!<\/p>\n","protected":false},"excerpt":{"rendered":"<p>Empieza la cuenta atr\u00e1s para tus esperadas vacaciones de Semana Santa o ese fin de semana bajo al sol de las islas&#8230;calorcito, arena suave y dorada, calas inolvidables de aguas transparentes&#8230; \u00a1En este blog te vamos a hablar de las&#8230;<\/p>\n","protected":false},"author":1,"featured_media":6978,"comment_status":"open","ping_status":"open","sticky":false,"template":"","format":"standard","meta":{"footnotes":""},"categories":[1512],"tags":[],"class_list":["post-6977","post","type-post","status-publish","format-standard","has-post-thumbnail","hentry","category-planes-en-mallorca"],"yoast_head":"<!-- This site is optimized with the Yoast SEO plugin v27.4 - https:\/\/yoast.com\/product\/yoast-seo-wordpress\/ -->\n<title>Las 5 mejores playas y calas en Mallorca - Islander by Vibra Hotels<\/title>\n<meta name=\"robots\" content=\"index, follow, max-snippet:-1, max-image-preview:large, max-video-preview:-1\" \/>\n<link rel=\"canonical\" href=\"https:\/\/www.vibrahotels.com\/blog\/las-5-mejores-playas-y-calas-en-mallorca\/\" \/>\n<meta property=\"og:locale\" content=\"es_ES\" \/>\n<meta property=\"og:type\" content=\"article\" \/>\n<meta property=\"og:title\" content=\"Las 5 mejores playas y calas en Mallorca - Islander by Vibra Hotels\" \/>\n<meta property=\"og:description\" content=\"Empieza la cuenta atr\u00e1s para tus esperadas vacaciones de Semana Santa o ese fin de semana bajo al sol de las islas&#8230;calorcito, arena suave y dorada, calas inolvidables de aguas transparentes&#8230; \u00a1En este blog te vamos a hablar de las...\" \/>\n<meta property=\"og:url\" content=\"https:\/\/www.vibrahotels.com\/blog\/las-5-mejores-playas-y-calas-en-mallorca\/\" \/>\n<meta property=\"og:site_name\" content=\"Islander by Vibra Hotels\" \/>\n<meta property=\"article:published_time\" content=\"2024-02-23T11:00:25+00:00\" \/>\n<meta property=\"article:modified_time\" content=\"2025-03-27T10:23:58+00:00\" \/>\n<meta property=\"og:image\" content=\"https:\/\/www.vibrahotels.com\/blog\/wp-content\/uploads\/2024\/02\/shutterstock_710787499-scaled.jpg\" \/>\n\t<meta property=\"og:image:width\" content=\"2560\" \/>\n\t<meta property=\"og:image:height\" content=\"1141\" \/>\n\t<meta property=\"og:image:type\" content=\"image\/jpeg\" \/>\n<meta name=\"author\" content=\"The Ibiza Blog\" \/>\n<meta name=\"twitter:card\" content=\"summary_large_image\" \/>\n<meta name=\"twitter:label1\" content=\"Escrito por\" \/>\n\t<meta name=\"twitter:data1\" content=\"The Ibiza Blog\" \/>\n\t<meta name=\"twitter:label2\" content=\"Tiempo de lectura\" \/>\n\t<meta name=\"twitter:data2\" content=\"4 minutos\" \/>\n<script type=\"application\/ld+json\" class=\"yoast-schema-graph\">{\"@context\":\"https:\\\/\\\/schema.org\",\"@graph\":[{\"@type\":\"Article\",\"@id\":\"https:\\\/\\\/www.vibrahotels.com\\\/blog\\\/las-5-mejores-playas-y-calas-en-mallorca\\\/#article\",\"isPartOf\":{\"@id\":\"https:\\\/\\\/www.vibrahotels.com\\\/blog\\\/las-5-mejores-playas-y-calas-en-mallorca\\\/\"},\"author\":{\"name\":\"The Ibiza Blog\",\"@id\":\"https:\\\/\\\/www.vibrahotels.com\\\/blog\\\/#\\\/schema\\\/person\\\/ad74f13df6e44e7081ef65424f668972\"},\"headline\":\"Las 5 mejores playas y calas en Mallorca\",\"datePublished\":\"2024-02-23T11:00:25+00:00\",\"dateModified\":\"2025-03-27T10:23:58+00:00\",\"mainEntityOfPage\":{\"@id\":\"https:\\\/\\\/www.vibrahotels.com\\\/blog\\\/las-5-mejores-playas-y-calas-en-mallorca\\\/\"},\"wordCount\":873,\"commentCount\":0,\"image\":{\"@id\":\"https:\\\/\\\/www.vibrahotels.com\\\/blog\\\/las-5-mejores-playas-y-calas-en-mallorca\\\/#primaryimage\"},\"thumbnailUrl\":\"https:\\\/\\\/www.vibrahotels.com\\\/blog\\\/wp-content\\\/uploads\\\/2024\\\/02\\\/shutterstock_710787499-scaled.jpg\",\"articleSection\":[\"Planes en Mallorca\"],\"inLanguage\":\"es\",\"potentialAction\":[{\"@type\":\"CommentAction\",\"name\":\"Comment\",\"target\":[\"https:\\\/\\\/www.vibrahotels.com\\\/blog\\\/las-5-mejores-playas-y-calas-en-mallorca\\\/#respond\"]}]},{\"@type\":\"WebPage\",\"@id\":\"https:\\\/\\\/www.vibrahotels.com\\\/blog\\\/las-5-mejores-playas-y-calas-en-mallorca\\\/\",\"url\":\"https:\\\/\\\/www.vibrahotels.com\\\/blog\\\/las-5-mejores-playas-y-calas-en-mallorca\\\/\",\"name\":\"Las 5 mejores playas y calas en Mallorca - Islander by Vibra Hotels\",\"isPartOf\":{\"@id\":\"https:\\\/\\\/www.vibrahotels.com\\\/blog\\\/#website\"},\"primaryImageOfPage\":{\"@id\":\"https:\\\/\\\/www.vibrahotels.com\\\/blog\\\/las-5-mejores-playas-y-calas-en-mallorca\\\/#primaryimage\"},\"image\":{\"@id\":\"https:\\\/\\\/www.vibrahotels.com\\\/blog\\\/las-5-mejores-playas-y-calas-en-mallorca\\\/#primaryimage\"},\"thumbnailUrl\":\"https:\\\/\\\/www.vibrahotels.com\\\/blog\\\/wp-content\\\/uploads\\\/2024\\\/02\\\/shutterstock_710787499-scaled.jpg\",\"datePublished\":\"2024-02-23T11:00:25+00:00\",\"dateModified\":\"2025-03-27T10:23:58+00:00\",\"author\":{\"@id\":\"https:\\\/\\\/www.vibrahotels.com\\\/blog\\\/#\\\/schema\\\/person\\\/ad74f13df6e44e7081ef65424f668972\"},\"breadcrumb\":{\"@id\":\"https:\\\/\\\/www.vibrahotels.com\\\/blog\\\/las-5-mejores-playas-y-calas-en-mallorca\\\/#breadcrumb\"},\"inLanguage\":\"es\",\"potentialAction\":[{\"@type\":\"ReadAction\",\"target\":[\"https:\\\/\\\/www.vibrahotels.com\\\/blog\\\/las-5-mejores-playas-y-calas-en-mallorca\\\/\"]}]},{\"@type\":\"ImageObject\",\"inLanguage\":\"es\",\"@id\":\"https:\\\/\\\/www.vibrahotels.com\\\/blog\\\/las-5-mejores-playas-y-calas-en-mallorca\\\/#primaryimage\",\"url\":\"https:\\\/\\\/www.vibrahotels.com\\\/blog\\\/wp-content\\\/uploads\\\/2024\\\/02\\\/shutterstock_710787499-scaled.jpg\",\"contentUrl\":\"https:\\\/\\\/www.vibrahotels.com\\\/blog\\\/wp-content\\\/uploads\\\/2024\\\/02\\\/shutterstock_710787499-scaled.jpg\",\"width\":2560,\"height\":1141},{\"@type\":\"BreadcrumbList\",\"@id\":\"https:\\\/\\\/www.vibrahotels.com\\\/blog\\\/las-5-mejores-playas-y-calas-en-mallorca\\\/#breadcrumb\",\"itemListElement\":[{\"@type\":\"ListItem\",\"position\":1,\"name\":\"Portada\",\"item\":\"https:\\\/\\\/www.vibrahotels.com\\\/blog\\\/\"},{\"@type\":\"ListItem\",\"position\":2,\"name\":\"Las 5 mejores playas y calas en Mallorca\"}]},{\"@type\":\"WebSite\",\"@id\":\"https:\\\/\\\/www.vibrahotels.com\\\/blog\\\/#website\",\"url\":\"https:\\\/\\\/www.vibrahotels.com\\\/blog\\\/\",\"name\":\"Islander by Vibra Hotels\",\"description\":\"\",\"potentialAction\":[{\"@type\":\"SearchAction\",\"target\":{\"@type\":\"EntryPoint\",\"urlTemplate\":\"https:\\\/\\\/www.vibrahotels.com\\\/blog\\\/?s={search_term_string}\"},\"query-input\":{\"@type\":\"PropertyValueSpecification\",\"valueRequired\":true,\"valueName\":\"search_term_string\"}}],\"inLanguage\":\"es\"},{\"@type\":\"Person\",\"@id\":\"https:\\\/\\\/www.vibrahotels.com\\\/blog\\\/#\\\/schema\\\/person\\\/ad74f13df6e44e7081ef65424f668972\",\"name\":\"The Ibiza Blog\",\"image\":{\"@type\":\"ImageObject\",\"inLanguage\":\"es\",\"@id\":\"https:\\\/\\\/secure.gravatar.com\\\/avatar\\\/d172713df318fe4ba11547ee4a70ab1eae0206026db57d7a5920186b9f5ee855?s=96&d=mm&r=g\",\"url\":\"https:\\\/\\\/secure.gravatar.com\\\/avatar\\\/d172713df318fe4ba11547ee4a70ab1eae0206026db57d7a5920186b9f5ee855?s=96&d=mm&r=g\",\"contentUrl\":\"https:\\\/\\\/secure.gravatar.com\\\/avatar\\\/d172713df318fe4ba11547ee4a70ab1eae0206026db57d7a5920186b9f5ee855?s=96&d=mm&r=g\",\"caption\":\"The Ibiza Blog\"},\"url\":\"https:\\\/\\\/www.vibrahotels.com\\\/blog\\\/author\\\/the-ibiza-blog\\\/\"}]}<\/script>\n<!-- \/ Yoast SEO plugin. -->","yoast_head_json":{"title":"Las 5 mejores playas y calas en Mallorca - Islander by Vibra Hotels","robots":{"index":"index","follow":"follow","max-snippet":"max-snippet:-1","max-image-preview":"max-image-preview:large","max-video-preview":"max-video-preview:-1"},"canonical":"https:\/\/www.vibrahotels.com\/blog\/las-5-mejores-playas-y-calas-en-mallorca\/","og_locale":"es_ES","og_type":"article","og_title":"Las 5 mejores playas y calas en Mallorca - Islander by Vibra Hotels","og_description":"Empieza la cuenta atr\u00e1s para tus esperadas vacaciones de Semana Santa o ese fin de semana bajo al sol de las islas&#8230;calorcito, arena suave y dorada, calas inolvidables de aguas transparentes&#8230; \u00a1En este blog te vamos a hablar de las...","og_url":"https:\/\/www.vibrahotels.com\/blog\/las-5-mejores-playas-y-calas-en-mallorca\/","og_site_name":"Islander by Vibra Hotels","article_published_time":"2024-02-23T11:00:25+00:00","article_modified_time":"2025-03-27T10:23:58+00:00","og_image":[{"width":2560,"height":1141,"url":"https:\/\/www.vibrahotels.com\/blog\/wp-content\/uploads\/2024\/02\/shutterstock_710787499-scaled.jpg","type":"image\/jpeg"}],"author":"The Ibiza Blog","twitter_card":"summary_large_image","twitter_misc":{"Escrito por":"The Ibiza Blog","Tiempo de lectura":"4 minutos"},"schema":{"@context":"https:\/\/schema.org","@graph":[{"@type":"Article","@id":"https:\/\/www.vibrahotels.com\/blog\/las-5-mejores-playas-y-calas-en-mallorca\/#article","isPartOf":{"@id":"https:\/\/www.vibrahotels.com\/blog\/las-5-mejores-playas-y-calas-en-mallorca\/"},"author":{"name":"The Ibiza Blog","@id":"https:\/\/www.vibrahotels.com\/blog\/#\/schema\/person\/ad74f13df6e44e7081ef65424f668972"},"headline":"Las 5 mejores playas y calas en Mallorca","datePublished":"2024-02-23T11:00:25+00:00","dateModified":"2025-03-27T10:23:58+00:00","mainEntityOfPage":{"@id":"https:\/\/www.vibrahotels.com\/blog\/las-5-mejores-playas-y-calas-en-mallorca\/"},"wordCount":873,"commentCount":0,"image":{"@id":"https:\/\/www.vibrahotels.com\/blog\/las-5-mejores-playas-y-calas-en-mallorca\/#primaryimage"},"thumbnailUrl":"https:\/\/www.vibrahotels.com\/blog\/wp-content\/uploads\/2024\/02\/shutterstock_710787499-scaled.jpg","articleSection":["Planes en Mallorca"],"inLanguage":"es","potentialAction":[{"@type":"CommentAction","name":"Comment","target":["https:\/\/www.vibrahotels.com\/blog\/las-5-mejores-playas-y-calas-en-mallorca\/#respond"]}]},{"@type":"WebPage","@id":"https:\/\/www.vibrahotels.com\/blog\/las-5-mejores-playas-y-calas-en-mallorca\/","url":"https:\/\/www.vibrahotels.com\/blog\/las-5-mejores-playas-y-calas-en-mallorca\/","name":"Las 5 mejores playas y calas en Mallorca - Islander by Vibra Hotels","isPartOf":{"@id":"https:\/\/www.vibrahotels.com\/blog\/#website"},"primaryImageOfPage":{"@id":"https:\/\/www.vibrahotels.com\/blog\/las-5-mejores-playas-y-calas-en-mallorca\/#primaryimage"},"image":{"@id":"https:\/\/www.vibrahotels.com\/blog\/las-5-mejores-playas-y-calas-en-mallorca\/#primaryimage"},"thumbnailUrl":"https:\/\/www.vibrahotels.com\/blog\/wp-content\/uploads\/2024\/02\/shutterstock_710787499-scaled.jpg","datePublished":"2024-02-23T11:00:25+00:00","dateModified":"2025-03-27T10:23:58+00:00","author":{"@id":"https:\/\/www.vibrahotels.com\/blog\/#\/schema\/person\/ad74f13df6e44e7081ef65424f668972"},"breadcrumb":{"@id":"https:\/\/www.vibrahotels.com\/blog\/las-5-mejores-playas-y-calas-en-mallorca\/#breadcrumb"},"inLanguage":"es","potentialAction":[{"@type":"ReadAction","target":["https:\/\/www.vibrahotels.com\/blog\/las-5-mejores-playas-y-calas-en-mallorca\/"]}]},{"@type":"ImageObject","inLanguage":"es","@id":"https:\/\/www.vibrahotels.com\/blog\/las-5-mejores-playas-y-calas-en-mallorca\/#primaryimage","url":"https:\/\/www.vibrahotels.com\/blog\/wp-content\/uploads\/2024\/02\/shutterstock_710787499-scaled.jpg","contentUrl":"https:\/\/www.vibrahotels.com\/blog\/wp-content\/uploads\/2024\/02\/shutterstock_710787499-scaled.jpg","width":2560,"height":1141},{"@type":"BreadcrumbList","@id":"https:\/\/www.vibrahotels.com\/blog\/las-5-mejores-playas-y-calas-en-mallorca\/#breadcrumb","itemListElement":[{"@type":"ListItem","position":1,"name":"Portada","item":"https:\/\/www.vibrahotels.com\/blog\/"},{"@type":"ListItem","position":2,"name":"Las 5 mejores playas y calas en Mallorca"}]},{"@type":"WebSite","@id":"https:\/\/www.vibrahotels.com\/blog\/#website","url":"https:\/\/www.vibrahotels.com\/blog\/","name":"Islander by Vibra Hotels","description":"","potentialAction":[{"@type":"SearchAction","target":{"@type":"EntryPoint","urlTemplate":"https:\/\/www.vibrahotels.com\/blog\/?s={search_term_string}"},"query-input":{"@type":"PropertyValueSpecification","valueRequired":true,"valueName":"search_term_string"}}],"inLanguage":"es"},{"@type":"Person","@id":"https:\/\/www.vibrahotels.com\/blog\/#\/schema\/person\/ad74f13df6e44e7081ef65424f668972","name":"The Ibiza Blog","image":{"@type":"ImageObject","inLanguage":"es","@id":"https:\/\/secure.gravatar.com\/avatar\/d172713df318fe4ba11547ee4a70ab1eae0206026db57d7a5920186b9f5ee855?s=96&d=mm&r=g","url":"https:\/\/secure.gravatar.com\/avatar\/d172713df318fe4ba11547ee4a70ab1eae0206026db57d7a5920186b9f5ee855?s=96&d=mm&r=g","contentUrl":"https:\/\/secure.gravatar.com\/avatar\/d172713df318fe4ba11547ee4a70ab1eae0206026db57d7a5920186b9f5ee855?s=96&d=mm&r=g","caption":"The Ibiza Blog"},"url":"https:\/\/www.vibrahotels.com\/blog\/author\/the-ibiza-blog\/"}]}},"_links":{"self":[{"href":"https:\/\/www.vibrahotels.com\/blog\/wp-json\/wp\/v2\/posts\/6977","targetHints":{"allow":["GET"]}}],"collection":[{"href":"https:\/\/www.vibrahotels.com\/blog\/wp-json\/wp\/v2\/posts"}],"about":[{"href":"https:\/\/www.vibrahotels.com\/blog\/wp-json\/wp\/v2\/types\/post"}],"author":[{"embeddable":true,"href":"https:\/\/www.vibrahotels.com\/blog\/wp-json\/wp\/v2\/users\/1"}],"replies":[{"embeddable":true,"href":"https:\/\/www.vibrahotels.com\/blog\/wp-json\/wp\/v2\/comments?post=6977"}],"version-history":[{"count":2,"href":"https:\/\/www.vibrahotels.com\/blog\/wp-json\/wp\/v2\/posts\/6977\/revisions"}],"predecessor-version":[{"id":7252,"href":"https:\/\/www.vibrahotels.com\/blog\/wp-json\/wp\/v2\/posts\/6977\/revisions\/7252"}],"wp:featuredmedia":[{"embeddable":true,"href":"https:\/\/www.vibrahotels.com\/blog\/wp-json\/wp\/v2\/media\/6978"}],"wp:attachment":[{"href":"https:\/\/www.vibrahotels.com\/blog\/wp-json\/wp\/v2\/media?parent=6977"}],"wp:term":[{"taxonomy":"category","embeddable":true,"href":"https:\/\/www.vibrahotels.com\/blog\/wp-json\/wp\/v2\/categories?post=6977"},{"taxonomy":"post_tag","embeddable":true,"href":"https:\/\/www.vibrahotels.com\/blog\/wp-json\/wp\/v2\/tags?post=6977"}],"curies":[{"name":"wp","href":"https:\/\/api.w.org\/{rel}","templated":true}]}}