{"id":6922,"date":"2024-02-09T12:00:03","date_gmt":"2024-02-09T11:00:03","guid":{"rendered":"https:\/\/www.vibrahotels.com\/?p=6922"},"modified":"2025-03-27T11:24:10","modified_gmt":"2025-03-27T10:24:10","slug":"el-paraiso-mas-cerca-viaje-por-las-islas-baleares","status":"publish","type":"post","link":"https:\/\/www.vibrahotels.com\/blog\/el-paraiso-mas-cerca-viaje-por-las-islas-baleares\/","title":{"rendered":"El para\u00edso m\u00e1s cerca: viaje por las Islas Baleares"},"content":{"rendered":"<p>\u00a1Queremos que sepas que el para\u00edso est\u00e1 mucho m\u00e1s cerca de lo que piensas&#8230;! Si est\u00e1s pensando en descubrir o en volver a las <a href=\"https:\/\/www.illesbalears.travel\/es\"><strong>Islas Baleares<\/strong><\/a>, te damos la bienvenida a nuestro blog de hoy en el que te hacemos un recorrido por cada una de las islas que forman el archipi\u00e9lago balear, a tan solo unas pocas horas de barco y avi\u00f3n. <img loading=\"lazy\" decoding=\"async\" class=\"alignnone size-full wp-image-6963\" src=\"https:\/\/www.vibrahotels.com\/wp-content\/uploads\/2024\/02\/shutterstock_1752663662-scaled.jpg\" alt=\"\" width=\"2560\" height=\"1440\" srcset=\"https:\/\/www.vibrahotels.com\/blog\/wp-content\/uploads\/2024\/02\/shutterstock_1752663662-scaled.jpg 2560w, https:\/\/www.vibrahotels.com\/blog\/wp-content\/uploads\/2024\/02\/shutterstock_1752663662-300x169.jpg 300w, https:\/\/www.vibrahotels.com\/blog\/wp-content\/uploads\/2024\/02\/shutterstock_1752663662-1024x576.jpg 1024w, https:\/\/www.vibrahotels.com\/blog\/wp-content\/uploads\/2024\/02\/shutterstock_1752663662-768x432.jpg 768w, https:\/\/www.vibrahotels.com\/blog\/wp-content\/uploads\/2024\/02\/shutterstock_1752663662-1536x864.jpg 1536w, https:\/\/www.vibrahotels.com\/blog\/wp-content\/uploads\/2024\/02\/shutterstock_1752663662-2048x1152.jpg 2048w\" sizes=\"auto, (max-width: 2560px) 100vw, 2560px\" \/><\/p>\n<p>Vayas donde vayas en <strong>Baleares<\/strong> encuentras fant\u00e1sticos paisajes con playas de <strong>color turquesa<\/strong>, bosques verdes con gran variedad de plantas y \u00e1rboles, zonas de dunas cuya arena llega hasta el borde del mar y pueblos de sabor mediterr\u00e1neo que preservan con cari\u00f1o sus costumbres.\u00a0 \u00a1Todo ello aderezado con una gastronom\u00eda llena de sabores aut\u00e9nticos e inigualables!<\/p>\n<p>En Baleares hay de todo y para todos, y para acompa\u00f1arte en tu viaje te proponemos las alternativas de alojamiento que encontrar\u00e1s en \u00a0<a href=\"https:\/\/www.vibrahotels.com\/es\">Vibra Hotels<\/a> , con hoteles, apartamentos y aparthoteles en los mejores emplazamientos de <a href=\"https:\/\/www.vibrahotels.com\/es\/mallorca\">Mallorca,<\/a> <a href=\"https:\/\/www.vibrahotels.com\/es\/ibiza\">Ibiza<\/a> y <a href=\"https:\/\/www.vibrahotels.com\/es\/menorca\">Menorca<\/a>, con la mejor relaci\u00f3n calidad-precio; hoteles para solo adultos, hoteles familiares, apartamentos para familias o grupos de amigos, y cuyo personal es tan amable que har\u00e1 de tu viaje la mejor experiencia posible.<\/p>\n<p><img loading=\"lazy\" decoding=\"async\" class=\"alignnone size-full wp-image-6923\" src=\"https:\/\/www.vibrahotels.com\/wp-content\/uploads\/2024\/02\/21.jpg\" alt=\"\" width=\"700\" height=\"574\" srcset=\"https:\/\/www.vibrahotels.com\/blog\/wp-content\/uploads\/2024\/02\/21.jpg 700w, https:\/\/www.vibrahotels.com\/blog\/wp-content\/uploads\/2024\/02\/21-300x246.jpg 300w\" sizes=\"auto, (max-width: 700px) 100vw, 700px\" \/><\/p>\n<p>La verdad es que cualquiera de las islas es una buena opci\u00f3n y todas tienen algo que te sorprender\u00e1, pero lo que si sabemos a ciencia cierta es que te enamorar\u00e1n y sus paisajes quedar\u00e1n grabados en tu retina&#8230;querr\u00e1s volver.\u00a0 Si tu idea es hacer un recorrido por las islas, Mallorca, Menorca, Ibiza y Formentera son de obligada visita.\u00a0 Eso s\u00ed, necesitar\u00e1s por lo menos una semana.<\/p>\n<p>&nbsp;<\/p>\n<p><strong>La isla de Mallorca y el Archipi\u00e9lago de Cabrera<\/strong><\/p>\n<p>Te sugerimos que empieces por <a href=\"https:\/\/www.spain.info\/es\/region\/mallorca-isla\/\">Mallorca<\/a>, ya que tiene buenas conexiones de avi\u00f3n y barco con la pen\u00ednsula y, sobre todo, con el resto de las islas.\u00a0 Es la isla m\u00e1s poblada de las Baleares y la m\u00e1s grande. Puedes encontrar grandes diferencias de paisaje entre el sur de la isla, donde se encuentra la capital, <a href=\"https:\/\/www.spain.info\/es\/destino\/palma\/\">Palma de Mallorca<\/a>, y la zona noroeste con la <a href=\"https:\/\/www.illesbalears.travel\/es\/mallorca\/serra-de-tramuntana-guia-para-visitarla\">Sierra de Tramontana<\/a>:\u00a0 Las playas de esta isla son largas, de arena fina y dorada y aguas cristalinas. La zona de monta\u00f1a te impresionar\u00e1 por las vistas de sus acantilados y su vegetaci\u00f3n frondosa.<\/p>\n<p><img loading=\"lazy\" decoding=\"async\" class=\"alignnone size-full wp-image-6953\" src=\"https:\/\/www.vibrahotels.com\/wp-content\/uploads\/2024\/02\/5.jpg\" alt=\"\" width=\"700\" height=\"574\" srcset=\"https:\/\/www.vibrahotels.com\/blog\/wp-content\/uploads\/2024\/02\/5.jpg 700w, https:\/\/www.vibrahotels.com\/blog\/wp-content\/uploads\/2024\/02\/5-300x246.jpg 300w\" sizes=\"auto, (max-width: 700px) 100vw, 700px\" \/><\/p>\n<p>La capital, Palma de Mallorca, es una ciudad monumental de visita obligada.\u00a0 Una ciudad para caminar y callejear por si calles empedradas llenas de vida y peque\u00f1o comercio, restaurantes y tiendas de todo tipo, donde no te puedes perder la Catedral, el <a href=\"https:\/\/tickets.patrimonionacional.es\/es\/tickets\/palacio-almudaina\">Palacio de la Almudaina<\/a> o el <a href=\"https:\/\/castelldebellver.palma.es\/es\/\">Castillo de Bellver<\/a>.<\/p>\n<p><img loading=\"lazy\" decoding=\"async\" class=\"alignnone size-full wp-image-6935\" src=\"https:\/\/www.vibrahotels.com\/wp-content\/uploads\/2024\/02\/15.jpg\" alt=\"\" width=\"700\" height=\"574\" srcset=\"https:\/\/www.vibrahotels.com\/blog\/wp-content\/uploads\/2024\/02\/15.jpg 700w, https:\/\/www.vibrahotels.com\/blog\/wp-content\/uploads\/2024\/02\/15-300x246.jpg 300w\" sizes=\"auto, (max-width: 700px) 100vw, 700px\" \/><\/p>\n<p>Si eres de los que te gustan los deportes de vela, Palma de Mallorca cuenta con extensos puertos deportivos con grandes barcos veleros y de motor que hacen las delicias de cualquier amante del mar.<\/p>\n<p>El archipi\u00e9lago de Cabrera que se encuentra a tan solo 10 kil\u00f3metros de Mallorca con salidas desde el puerto de Colonia de Sant Jordi. Se trata de un para\u00edso natural protegido, llamado <a href=\"https:\/\/www.miteco.gob.es\/es\/parques-nacionales-oapn\/red-parques-nacionales\/parques-nacionales\/cabrera\/valores-culturales.html\"><strong>Parque Nacional Mar\u00edtimo-Terrestre del Archipi\u00e9lago de Cabrera<\/strong><\/a>.\u00a0 Se pueden hacer rutas de senderismo y ba\u00f1arse en sus espectaculares playas.\u00a0 Si te gusta el snorkel o eres amante del buceo, este es el sitio ideal.<\/p>\n<p><img loading=\"lazy\" decoding=\"async\" class=\"alignnone size-full wp-image-6931\" src=\"https:\/\/www.vibrahotels.com\/wp-content\/uploads\/2024\/02\/17.jpg\" alt=\"\" width=\"700\" height=\"574\" srcset=\"https:\/\/www.vibrahotels.com\/blog\/wp-content\/uploads\/2024\/02\/17.jpg 700w, https:\/\/www.vibrahotels.com\/blog\/wp-content\/uploads\/2024\/02\/17-300x246.jpg 300w\" sizes=\"auto, (max-width: 700px) 100vw, 700px\" \/><\/p>\n<p><strong>\u00a0<\/strong><\/p>\n<p><strong>Menorca <\/strong><\/p>\n<p><a href=\"https:\/\/www.menorca.es\/portal.aspx?IDIOMA=1\">Menorca<\/a> es uno de esos sitios en los que te invade una sensaci\u00f3n de paz y tranquilidad, por sus paisajes, por sus pueblos y por sus gentes. \u00a1Es otro para\u00edso lleno de cosas para hacer!<\/p>\n<p>Puedes llegar en ferry o en avi\u00f3n, pero si llevas el tiempo justo para visitar todas las islas, te recomendamos el avi\u00f3n.\u00a0 Hay vuelos frecuentes desde Mallorca y son vuelos cortos de cerca de 30 minutos de duraci\u00f3n.<\/p>\n<p>Como punto de partida en esta visita te sugerimos <a href=\"https:\/\/www.disfrutamenorca.com\/ciudadela\">Ciutadella<\/a>,\u00a0 recorrer sus calles del centro hist\u00f3rico donde contemplar el <a href=\"https:\/\/visitmenorca.com\/menorca\/castillo-de-sant-nicolau\/\">Castillo de San Nicol\u00e1s<\/a> o su Catedral.\u00a0 En el puerto de Ciutadella encontrar\u00e1s un ambiente animado en la multitud de bares y apetecibles restaurantes donde sentarte a disfrutar de sus deliciosas comidas t\u00edpicas como calderetas o huevos con langosta.<\/p>\n<p>La otra ciudad importante que deber\u00e1s visitar es <a href=\"https:\/\/www.disfrutamenorca.com\/mahon\">Mah\u00f3n<\/a>, considerado como uno de los puertos naturales m\u00e1s extensos en el mar Mediterr\u00e1neo y en el mundo.\u00a0 <a href=\"https:\/\/www.menorca.es\/es\/Fortaleza_de_La_Mola\/9801\">La Fortaleza de la Mola<\/a> o Fortaleza de Isabel II es\u00a0<strong>una de las visitas m\u00e1s interesantes<\/strong>\u00a0que pod\u00e9is hacer dentro de la isla. Pertenece al municipio de Mah\u00f3n, pero se debe acceder en coche. \u00a0 Aqu\u00ed puedes visitar el <a href=\"https:\/\/www.menorca.es\/es\/Puente_de_San_Roque\/9842\">Basti\u00f3n de Sant Roc<\/a> o la <a href=\"https:\/\/www.menorca.es\/es\/Iglesia_de_Sant_Francesc_dAssis_Mahon\/9954\">Iglesia de Sant Francesc.<\/a><\/p>\n<p><img loading=\"lazy\" decoding=\"async\" class=\"alignnone size-full wp-image-6951\" src=\"https:\/\/www.vibrahotels.com\/wp-content\/uploads\/2024\/02\/6.jpg\" alt=\"\" width=\"700\" height=\"574\" srcset=\"https:\/\/www.vibrahotels.com\/blog\/wp-content\/uploads\/2024\/02\/6.jpg 700w, https:\/\/www.vibrahotels.com\/blog\/wp-content\/uploads\/2024\/02\/6-300x246.jpg 300w\" sizes=\"auto, (max-width: 700px) 100vw, 700px\" \/><\/p>\n<p>Las playas de esta isla son tambi\u00e9n paradisiacas, como en el conjunto de las islas Baleares. Sin embargo, aqu\u00ed en Menorca queremos destacar las playas de arena dorada rodeadas de monta\u00f1as rojizas, como las de <a href=\"https:\/\/www.menorca.es\/es\/Pregonda\/8543\">Cala Pregonda<\/a><strong>, <\/strong><a href=\"https:\/\/www.menorca.es\/es\/Platja_den_Tortuga\/9070\">Cala Tortuga<\/a><strong> y <\/strong><a href=\"https:\/\/www.menorca.es\/es\/Cala_Pilar\/8535\">Cala Pilar<\/a>. Otras playas que te sugerimos son las de <a href=\"https:\/\/www.menorca.es\/es\/Cala_en_Turqueta\/8500\">Cala en Turqueta<\/a>, <a href=\"https:\/\/www.menorca.es\/es\/Mitjana\/8513\">Cala Mitjana<\/a> y <a href=\"https:\/\/www.menorca.es\/es\/Macarella\/8504\">Cala Macarella<\/a>.<\/p>\n<p><img loading=\"lazy\" decoding=\"async\" class=\"alignnone size-full wp-image-6941\" src=\"https:\/\/www.vibrahotels.com\/wp-content\/uploads\/2024\/02\/12.jpg\" alt=\"\" width=\"700\" height=\"574\" srcset=\"https:\/\/www.vibrahotels.com\/blog\/wp-content\/uploads\/2024\/02\/12.jpg 700w, https:\/\/www.vibrahotels.com\/blog\/wp-content\/uploads\/2024\/02\/12-300x246.jpg 300w\" sizes=\"auto, (max-width: 700px) 100vw, 700px\" \/><\/p>\n<p>Y ya que estamos cerca del mar no podemos dejar de mencionar las puestas de sol desde los faros de Menorca.\u00a0 Hay gran variedad de ellos distribuidos por la isla y la gran mayor\u00eda son de enorme belleza, como el <a href=\"https:\/\/farsdebalears.com\/ca\/faro\/far-de-cavalleria\">faro de Cavaller\u00eda<\/a> o el de <a href=\"https:\/\/farsdebalears.com\/es\/faro\/faro-de-punta-nati\">Punta Nati.<\/a><\/p>\n<p><img loading=\"lazy\" decoding=\"async\" class=\"alignnone size-full wp-image-6925\" src=\"https:\/\/www.vibrahotels.com\/wp-content\/uploads\/2024\/02\/20.jpg\" alt=\"\" width=\"700\" height=\"574\" srcset=\"https:\/\/www.vibrahotels.com\/blog\/wp-content\/uploads\/2024\/02\/20.jpg 700w, https:\/\/www.vibrahotels.com\/blog\/wp-content\/uploads\/2024\/02\/20-300x246.jpg 300w\" sizes=\"auto, (max-width: 700px) 100vw, 700px\" \/><\/p>\n<p>Si te gusta hacer senderismo, no te puedes perder el recorrido del <a href=\"https:\/\/www.camidecavalls360.com\/es\/\">Cam\u00ed de Cavalls. <\/a>\u00a0Un sendero de\u00a0<strong>185 kil\u00f3metros<\/strong>\u00a0que bordea toda la isla de Menorca. \u00a0Desde el sendero tienes magn\u00edficas vistas y el recorrido incluye zonas salvajes que no imaginabas que estaban all\u00ed.<\/p>\n<p><img loading=\"lazy\" decoding=\"async\" class=\"alignnone size-full wp-image-6943\" src=\"https:\/\/www.vibrahotels.com\/wp-content\/uploads\/2024\/02\/11.jpg\" alt=\"\" width=\"700\" height=\"574\" srcset=\"https:\/\/www.vibrahotels.com\/blog\/wp-content\/uploads\/2024\/02\/11.jpg 700w, https:\/\/www.vibrahotels.com\/blog\/wp-content\/uploads\/2024\/02\/11-300x246.jpg 300w\" sizes=\"auto, (max-width: 700px) 100vw, 700px\" \/><\/p>\n<p>Una curiosidad sobre Menorca son los de\u00a0<strong>restos de la Cultura Talay\u00f3tica<\/strong>, sociedades prehist\u00f3ricas que se originaron a.C. en Mallorca y Menorca, como por ejemplo los hallados en la <a href=\"https:\/\/www.menorca.es\/es\/Naveta_des_Tudons\/8422\">Naveta des Tudons<\/a>, la\u00a0<a href=\"https:\/\/www.illesbalears.travel\/es\/menorca\/necropolis-cala-morell\">Necr\u00f3polis de Cala Morel<\/a>l o la\u00a0<a href=\"https:\/\/www.menorca.es\/\">Torre d\u2019en Galm\u00e9s<\/a>, entre otros.<\/p>\n<p>Por \u00faltimo, te recomendamos un lugar m\u00e1gico situado en Cala en Porter, <a href=\"https:\/\/www.covadenxoroi.com\/es\">la Cova d\u2019en Xoroi<\/a>, a donde solo se accede por mar \u00a1perfecto para la puesta de sol!<\/p>\n<p><img loading=\"lazy\" decoding=\"async\" class=\"alignnone size-full wp-image-6955\" src=\"https:\/\/www.vibrahotels.com\/wp-content\/uploads\/2024\/02\/4.jpg\" alt=\"\" width=\"700\" height=\"574\" srcset=\"https:\/\/www.vibrahotels.com\/blog\/wp-content\/uploads\/2024\/02\/4.jpg 700w, https:\/\/www.vibrahotels.com\/blog\/wp-content\/uploads\/2024\/02\/4-300x246.jpg 300w\" sizes=\"auto, (max-width: 700px) 100vw, 700px\" \/><\/p>\n<p><strong>Las Islas Pitiusas \u2013 Ibiza y Formentera<\/strong><\/p>\n<p><a href=\"https:\/\/ibiza.travel\/\">Ibiza<\/a> es la tercera isla por tama\u00f1o y f\u00edjate que curioso, est\u00e1 m\u00e1s habitada que Menorca aun siendo esta \u00faltima la segunda en tama\u00f1o.\u00a0 Cuenta con lugares rec\u00f3nditos donde contemplar caprichos de naturaleza de verdadera belleza.<\/p>\n<p><img loading=\"lazy\" decoding=\"async\" class=\"alignnone size-full wp-image-6933\" src=\"https:\/\/www.vibrahotels.com\/wp-content\/uploads\/2024\/02\/16.jpg\" alt=\"\" width=\"700\" height=\"574\" srcset=\"https:\/\/www.vibrahotels.com\/blog\/wp-content\/uploads\/2024\/02\/16.jpg 700w, https:\/\/www.vibrahotels.com\/blog\/wp-content\/uploads\/2024\/02\/16-300x246.jpg 300w\" sizes=\"auto, (max-width: 700px) 100vw, 700px\" \/><\/p>\n<p>Aunque Ibiza es famosa en todo el mundo por su ocio nocturno y sus espectaculares clubs, sus pueblos de interior o sus playas salvajes gozan de inmensa tranquilidad. \u00a0 <img loading=\"lazy\" decoding=\"async\" class=\"alignnone size-full wp-image-6949\" src=\"https:\/\/www.vibrahotels.com\/wp-content\/uploads\/2024\/02\/7.jpg\" alt=\"\" width=\"700\" height=\"574\" srcset=\"https:\/\/www.vibrahotels.com\/blog\/wp-content\/uploads\/2024\/02\/7.jpg 700w, https:\/\/www.vibrahotels.com\/blog\/wp-content\/uploads\/2024\/02\/7-300x246.jpg 300w\" sizes=\"auto, (max-width: 700px) 100vw, 700px\" \/><\/p>\n<p>Te recomendamos visitar los pueblos de <a href=\"https:\/\/santaeulariadesriu.com\/es\/\">Santa Eulalia del R\u00edo<\/a> o <a href=\"https:\/\/www.ibiza-spotlight.es\/pueblos\/santa_ines_e.htm\">Santa Agn\u00e9s de Corona<\/a>, <a href=\"http:\/\/www.sanmiguelibiza.com\/\">San Miguel<\/a> con su bonita iglesia, y el casco hist\u00f3rico de la ciudad de Ibiza, nombrado Patrimonio Mundial por la Unesco, con la zona amurallada y calles peatonales llenas de encanto y buen ambiente.<\/p>\n<p><img loading=\"lazy\" decoding=\"async\" class=\"alignnone size-full wp-image-6961\" src=\"https:\/\/www.vibrahotels.com\/wp-content\/uploads\/2024\/02\/Sin-titulo-1.jpg\" alt=\"\" width=\"700\" height=\"574\" srcset=\"https:\/\/www.vibrahotels.com\/blog\/wp-content\/uploads\/2024\/02\/Sin-titulo-1.jpg 700w, https:\/\/www.vibrahotels.com\/blog\/wp-content\/uploads\/2024\/02\/Sin-titulo-1-300x246.jpg 300w\" sizes=\"auto, (max-width: 700px) 100vw, 700px\" \/><\/p>\n<p>Cuando est\u00e1s en Ibiza no debes perderte el lugar que los locales cuentan que proporciona el magnetismo especial que caracteriza a la isla de Ibiza, el <a href=\"https:\/\/www.ibiza-spotlight.es\/guia\/es-vedra\">islote de Es Vedr\u00e1<\/a>, famoso por los atardeceres verdaderamente inolvidables.\u00a0 Planifica tu visita de forma que tengas tiempo tambi\u00e9n para visitar las impresionantes <a href=\"https:\/\/ibiza.travel\/playas\/platges-de-comte\/\">playas de Comte<\/a>, Cala Salada, Cala Tarida y Cala Llentrisca.<\/p>\n<p><img loading=\"lazy\" decoding=\"async\" class=\"alignnone size-full wp-image-6939\" src=\"https:\/\/www.vibrahotels.com\/wp-content\/uploads\/2024\/02\/13.jpg\" alt=\"\" width=\"700\" height=\"574\" srcset=\"https:\/\/www.vibrahotels.com\/blog\/wp-content\/uploads\/2024\/02\/13.jpg 700w, https:\/\/www.vibrahotels.com\/blog\/wp-content\/uploads\/2024\/02\/13-300x246.jpg 300w\" sizes=\"auto, (max-width: 700px) 100vw, 700px\" \/><\/p>\n<p><strong>Formentera \u00a0<\/strong><\/p>\n<p><a href=\"https:\/\/www.formentera.es\/\">Formentera<\/a> es una de esas joyas de la naturaleza, con largas playas de arena blanca y aguas transparentes.\u00a0 \u00a1Pero creemos que merece un blog aparte que pronto encontraras entre nuestras pr\u00f3ximas entradas!<\/p>\n<p><img loading=\"lazy\" decoding=\"async\" class=\"alignnone size-full wp-image-6959\" src=\"https:\/\/www.vibrahotels.com\/wp-content\/uploads\/2024\/02\/2.jpg\" alt=\"\" width=\"700\" height=\"574\" srcset=\"https:\/\/www.vibrahotels.com\/blog\/wp-content\/uploads\/2024\/02\/2.jpg 700w, https:\/\/www.vibrahotels.com\/blog\/wp-content\/uploads\/2024\/02\/2-300x246.jpg 300w\" sizes=\"auto, (max-width: 700px) 100vw, 700px\" \/><\/p>\n","protected":false},"excerpt":{"rendered":"<p>\u00a1Queremos que sepas que el para\u00edso est\u00e1 mucho m\u00e1s cerca de lo que piensas&#8230;! Si est\u00e1s pensando en descubrir o en volver a las Islas Baleares, te damos la bienvenida a nuestro blog de hoy en el que te hacemos&#8230;<\/p>\n","protected":false},"author":1,"featured_media":6937,"comment_status":"open","ping_status":"open","sticky":false,"template":"","format":"standard","meta":{"footnotes":""},"categories":[1311,1512,1557,1297],"tags":[],"class_list":["post-6922","post","type-post","status-publish","format-standard","has-post-thumbnail","hentry","category-planes-en-ibiza","category-planes-en-mallorca","category-planes-en-menorca","category-travel"],"yoast_head":"<!-- This site is optimized with the Yoast SEO plugin v27.4 - https:\/\/yoast.com\/product\/yoast-seo-wordpress\/ -->\n<title>El para\u00edso m\u00e1s cerca: viaje por las Islas Baleares - Islander by Vibra Hotels<\/title>\n<meta name=\"robots\" content=\"index, follow, max-snippet:-1, max-image-preview:large, max-video-preview:-1\" \/>\n<link rel=\"canonical\" href=\"https:\/\/www.vibrahotels.com\/blog\/el-paraiso-mas-cerca-viaje-por-las-islas-baleares\/\" \/>\n<meta property=\"og:locale\" content=\"es_ES\" \/>\n<meta property=\"og:type\" content=\"article\" \/>\n<meta property=\"og:title\" content=\"El para\u00edso m\u00e1s cerca: viaje por las Islas Baleares - Islander by Vibra Hotels\" \/>\n<meta property=\"og:description\" content=\"\u00a1Queremos que sepas que el para\u00edso est\u00e1 mucho m\u00e1s cerca de lo que piensas&#8230;! Si est\u00e1s pensando en descubrir o en volver a las Islas Baleares, te damos la bienvenida a nuestro blog de hoy en el que te hacemos...\" \/>\n<meta property=\"og:url\" content=\"https:\/\/www.vibrahotels.com\/blog\/el-paraiso-mas-cerca-viaje-por-las-islas-baleares\/\" \/>\n<meta property=\"og:site_name\" content=\"Islander by Vibra Hotels\" \/>\n<meta property=\"article:published_time\" content=\"2024-02-09T11:00:03+00:00\" \/>\n<meta property=\"article:modified_time\" content=\"2025-03-27T10:24:10+00:00\" \/>\n<meta property=\"og:image\" content=\"https:\/\/www.vibrahotels.com\/blog\/wp-content\/uploads\/2024\/02\/14.jpg\" \/>\n\t<meta property=\"og:image:width\" content=\"700\" \/>\n\t<meta property=\"og:image:height\" content=\"574\" \/>\n\t<meta property=\"og:image:type\" content=\"image\/jpeg\" \/>\n<meta name=\"author\" content=\"The Ibiza Blog\" \/>\n<meta name=\"twitter:card\" content=\"summary_large_image\" \/>\n<meta name=\"twitter:label1\" content=\"Escrito por\" \/>\n\t<meta name=\"twitter:data1\" content=\"The Ibiza Blog\" \/>\n\t<meta name=\"twitter:label2\" content=\"Tiempo de lectura\" \/>\n\t<meta name=\"twitter:data2\" content=\"6 minutos\" \/>\n<script type=\"application\/ld+json\" class=\"yoast-schema-graph\">{\"@context\":\"https:\\\/\\\/schema.org\",\"@graph\":[{\"@type\":\"Article\",\"@id\":\"https:\\\/\\\/www.vibrahotels.com\\\/blog\\\/el-paraiso-mas-cerca-viaje-por-las-islas-baleares\\\/#article\",\"isPartOf\":{\"@id\":\"https:\\\/\\\/www.vibrahotels.com\\\/blog\\\/el-paraiso-mas-cerca-viaje-por-las-islas-baleares\\\/\"},\"author\":{\"name\":\"The Ibiza Blog\",\"@id\":\"https:\\\/\\\/www.vibrahotels.com\\\/blog\\\/#\\\/schema\\\/person\\\/ad74f13df6e44e7081ef65424f668972\"},\"headline\":\"El para\u00edso m\u00e1s cerca: viaje por las Islas Baleares\",\"datePublished\":\"2024-02-09T11:00:03+00:00\",\"dateModified\":\"2025-03-27T10:24:10+00:00\",\"mainEntityOfPage\":{\"@id\":\"https:\\\/\\\/www.vibrahotels.com\\\/blog\\\/el-paraiso-mas-cerca-viaje-por-las-islas-baleares\\\/\"},\"wordCount\":1244,\"commentCount\":0,\"image\":{\"@id\":\"https:\\\/\\\/www.vibrahotels.com\\\/blog\\\/el-paraiso-mas-cerca-viaje-por-las-islas-baleares\\\/#primaryimage\"},\"thumbnailUrl\":\"https:\\\/\\\/www.vibrahotels.com\\\/blog\\\/wp-content\\\/uploads\\\/2024\\\/02\\\/14.jpg\",\"articleSection\":[\"Planes en Ibiza\",\"Planes en Mallorca\",\"Planes en Menorca\",\"Travel\"],\"inLanguage\":\"es\",\"potentialAction\":[{\"@type\":\"CommentAction\",\"name\":\"Comment\",\"target\":[\"https:\\\/\\\/www.vibrahotels.com\\\/blog\\\/el-paraiso-mas-cerca-viaje-por-las-islas-baleares\\\/#respond\"]}]},{\"@type\":\"WebPage\",\"@id\":\"https:\\\/\\\/www.vibrahotels.com\\\/blog\\\/el-paraiso-mas-cerca-viaje-por-las-islas-baleares\\\/\",\"url\":\"https:\\\/\\\/www.vibrahotels.com\\\/blog\\\/el-paraiso-mas-cerca-viaje-por-las-islas-baleares\\\/\",\"name\":\"El para\u00edso m\u00e1s cerca: viaje por las Islas Baleares - Islander by Vibra Hotels\",\"isPartOf\":{\"@id\":\"https:\\\/\\\/www.vibrahotels.com\\\/blog\\\/#website\"},\"primaryImageOfPage\":{\"@id\":\"https:\\\/\\\/www.vibrahotels.com\\\/blog\\\/el-paraiso-mas-cerca-viaje-por-las-islas-baleares\\\/#primaryimage\"},\"image\":{\"@id\":\"https:\\\/\\\/www.vibrahotels.com\\\/blog\\\/el-paraiso-mas-cerca-viaje-por-las-islas-baleares\\\/#primaryimage\"},\"thumbnailUrl\":\"https:\\\/\\\/www.vibrahotels.com\\\/blog\\\/wp-content\\\/uploads\\\/2024\\\/02\\\/14.jpg\",\"datePublished\":\"2024-02-09T11:00:03+00:00\",\"dateModified\":\"2025-03-27T10:24:10+00:00\",\"author\":{\"@id\":\"https:\\\/\\\/www.vibrahotels.com\\\/blog\\\/#\\\/schema\\\/person\\\/ad74f13df6e44e7081ef65424f668972\"},\"breadcrumb\":{\"@id\":\"https:\\\/\\\/www.vibrahotels.com\\\/blog\\\/el-paraiso-mas-cerca-viaje-por-las-islas-baleares\\\/#breadcrumb\"},\"inLanguage\":\"es\",\"potentialAction\":[{\"@type\":\"ReadAction\",\"target\":[\"https:\\\/\\\/www.vibrahotels.com\\\/blog\\\/el-paraiso-mas-cerca-viaje-por-las-islas-baleares\\\/\"]}]},{\"@type\":\"ImageObject\",\"inLanguage\":\"es\",\"@id\":\"https:\\\/\\\/www.vibrahotels.com\\\/blog\\\/el-paraiso-mas-cerca-viaje-por-las-islas-baleares\\\/#primaryimage\",\"url\":\"https:\\\/\\\/www.vibrahotels.com\\\/blog\\\/wp-content\\\/uploads\\\/2024\\\/02\\\/14.jpg\",\"contentUrl\":\"https:\\\/\\\/www.vibrahotels.com\\\/blog\\\/wp-content\\\/uploads\\\/2024\\\/02\\\/14.jpg\",\"width\":700,\"height\":574},{\"@type\":\"BreadcrumbList\",\"@id\":\"https:\\\/\\\/www.vibrahotels.com\\\/blog\\\/el-paraiso-mas-cerca-viaje-por-las-islas-baleares\\\/#breadcrumb\",\"itemListElement\":[{\"@type\":\"ListItem\",\"position\":1,\"name\":\"Portada\",\"item\":\"https:\\\/\\\/www.vibrahotels.com\\\/blog\\\/\"},{\"@type\":\"ListItem\",\"position\":2,\"name\":\"El para\u00edso m\u00e1s cerca: viaje por las Islas Baleares\"}]},{\"@type\":\"WebSite\",\"@id\":\"https:\\\/\\\/www.vibrahotels.com\\\/blog\\\/#website\",\"url\":\"https:\\\/\\\/www.vibrahotels.com\\\/blog\\\/\",\"name\":\"Islander by Vibra Hotels\",\"description\":\"\",\"potentialAction\":[{\"@type\":\"SearchAction\",\"target\":{\"@type\":\"EntryPoint\",\"urlTemplate\":\"https:\\\/\\\/www.vibrahotels.com\\\/blog\\\/?s={search_term_string}\"},\"query-input\":{\"@type\":\"PropertyValueSpecification\",\"valueRequired\":true,\"valueName\":\"search_term_string\"}}],\"inLanguage\":\"es\"},{\"@type\":\"Person\",\"@id\":\"https:\\\/\\\/www.vibrahotels.com\\\/blog\\\/#\\\/schema\\\/person\\\/ad74f13df6e44e7081ef65424f668972\",\"name\":\"The Ibiza Blog\",\"image\":{\"@type\":\"ImageObject\",\"inLanguage\":\"es\",\"@id\":\"https:\\\/\\\/secure.gravatar.com\\\/avatar\\\/d172713df318fe4ba11547ee4a70ab1eae0206026db57d7a5920186b9f5ee855?s=96&d=mm&r=g\",\"url\":\"https:\\\/\\\/secure.gravatar.com\\\/avatar\\\/d172713df318fe4ba11547ee4a70ab1eae0206026db57d7a5920186b9f5ee855?s=96&d=mm&r=g\",\"contentUrl\":\"https:\\\/\\\/secure.gravatar.com\\\/avatar\\\/d172713df318fe4ba11547ee4a70ab1eae0206026db57d7a5920186b9f5ee855?s=96&d=mm&r=g\",\"caption\":\"The Ibiza Blog\"},\"url\":\"https:\\\/\\\/www.vibrahotels.com\\\/blog\\\/author\\\/the-ibiza-blog\\\/\"}]}<\/script>\n<!-- \/ Yoast SEO plugin. -->","yoast_head_json":{"title":"El para\u00edso m\u00e1s cerca: viaje por las Islas Baleares - Islander by Vibra Hotels","robots":{"index":"index","follow":"follow","max-snippet":"max-snippet:-1","max-image-preview":"max-image-preview:large","max-video-preview":"max-video-preview:-1"},"canonical":"https:\/\/www.vibrahotels.com\/blog\/el-paraiso-mas-cerca-viaje-por-las-islas-baleares\/","og_locale":"es_ES","og_type":"article","og_title":"El para\u00edso m\u00e1s cerca: viaje por las Islas Baleares - Islander by Vibra Hotels","og_description":"\u00a1Queremos que sepas que el para\u00edso est\u00e1 mucho m\u00e1s cerca de lo que piensas&#8230;! Si est\u00e1s pensando en descubrir o en volver a las Islas Baleares, te damos la bienvenida a nuestro blog de hoy en el que te hacemos...","og_url":"https:\/\/www.vibrahotels.com\/blog\/el-paraiso-mas-cerca-viaje-por-las-islas-baleares\/","og_site_name":"Islander by Vibra Hotels","article_published_time":"2024-02-09T11:00:03+00:00","article_modified_time":"2025-03-27T10:24:10+00:00","og_image":[{"width":700,"height":574,"url":"https:\/\/www.vibrahotels.com\/blog\/wp-content\/uploads\/2024\/02\/14.jpg","type":"image\/jpeg"}],"author":"The Ibiza Blog","twitter_card":"summary_large_image","twitter_misc":{"Escrito por":"The Ibiza Blog","Tiempo de lectura":"6 minutos"},"schema":{"@context":"https:\/\/schema.org","@graph":[{"@type":"Article","@id":"https:\/\/www.vibrahotels.com\/blog\/el-paraiso-mas-cerca-viaje-por-las-islas-baleares\/#article","isPartOf":{"@id":"https:\/\/www.vibrahotels.com\/blog\/el-paraiso-mas-cerca-viaje-por-las-islas-baleares\/"},"author":{"name":"The Ibiza Blog","@id":"https:\/\/www.vibrahotels.com\/blog\/#\/schema\/person\/ad74f13df6e44e7081ef65424f668972"},"headline":"El para\u00edso m\u00e1s cerca: viaje por las Islas Baleares","datePublished":"2024-02-09T11:00:03+00:00","dateModified":"2025-03-27T10:24:10+00:00","mainEntityOfPage":{"@id":"https:\/\/www.vibrahotels.com\/blog\/el-paraiso-mas-cerca-viaje-por-las-islas-baleares\/"},"wordCount":1244,"commentCount":0,"image":{"@id":"https:\/\/www.vibrahotels.com\/blog\/el-paraiso-mas-cerca-viaje-por-las-islas-baleares\/#primaryimage"},"thumbnailUrl":"https:\/\/www.vibrahotels.com\/blog\/wp-content\/uploads\/2024\/02\/14.jpg","articleSection":["Planes en Ibiza","Planes en Mallorca","Planes en Menorca","Travel"],"inLanguage":"es","potentialAction":[{"@type":"CommentAction","name":"Comment","target":["https:\/\/www.vibrahotels.com\/blog\/el-paraiso-mas-cerca-viaje-por-las-islas-baleares\/#respond"]}]},{"@type":"WebPage","@id":"https:\/\/www.vibrahotels.com\/blog\/el-paraiso-mas-cerca-viaje-por-las-islas-baleares\/","url":"https:\/\/www.vibrahotels.com\/blog\/el-paraiso-mas-cerca-viaje-por-las-islas-baleares\/","name":"El para\u00edso m\u00e1s cerca: viaje por las Islas Baleares - Islander by Vibra Hotels","isPartOf":{"@id":"https:\/\/www.vibrahotels.com\/blog\/#website"},"primaryImageOfPage":{"@id":"https:\/\/www.vibrahotels.com\/blog\/el-paraiso-mas-cerca-viaje-por-las-islas-baleares\/#primaryimage"},"image":{"@id":"https:\/\/www.vibrahotels.com\/blog\/el-paraiso-mas-cerca-viaje-por-las-islas-baleares\/#primaryimage"},"thumbnailUrl":"https:\/\/www.vibrahotels.com\/blog\/wp-content\/uploads\/2024\/02\/14.jpg","datePublished":"2024-02-09T11:00:03+00:00","dateModified":"2025-03-27T10:24:10+00:00","author":{"@id":"https:\/\/www.vibrahotels.com\/blog\/#\/schema\/person\/ad74f13df6e44e7081ef65424f668972"},"breadcrumb":{"@id":"https:\/\/www.vibrahotels.com\/blog\/el-paraiso-mas-cerca-viaje-por-las-islas-baleares\/#breadcrumb"},"inLanguage":"es","potentialAction":[{"@type":"ReadAction","target":["https:\/\/www.vibrahotels.com\/blog\/el-paraiso-mas-cerca-viaje-por-las-islas-baleares\/"]}]},{"@type":"ImageObject","inLanguage":"es","@id":"https:\/\/www.vibrahotels.com\/blog\/el-paraiso-mas-cerca-viaje-por-las-islas-baleares\/#primaryimage","url":"https:\/\/www.vibrahotels.com\/blog\/wp-content\/uploads\/2024\/02\/14.jpg","contentUrl":"https:\/\/www.vibrahotels.com\/blog\/wp-content\/uploads\/2024\/02\/14.jpg","width":700,"height":574},{"@type":"BreadcrumbList","@id":"https:\/\/www.vibrahotels.com\/blog\/el-paraiso-mas-cerca-viaje-por-las-islas-baleares\/#breadcrumb","itemListElement":[{"@type":"ListItem","position":1,"name":"Portada","item":"https:\/\/www.vibrahotels.com\/blog\/"},{"@type":"ListItem","position":2,"name":"El para\u00edso m\u00e1s cerca: viaje por las Islas Baleares"}]},{"@type":"WebSite","@id":"https:\/\/www.vibrahotels.com\/blog\/#website","url":"https:\/\/www.vibrahotels.com\/blog\/","name":"Islander by Vibra Hotels","description":"","potentialAction":[{"@type":"SearchAction","target":{"@type":"EntryPoint","urlTemplate":"https:\/\/www.vibrahotels.com\/blog\/?s={search_term_string}"},"query-input":{"@type":"PropertyValueSpecification","valueRequired":true,"valueName":"search_term_string"}}],"inLanguage":"es"},{"@type":"Person","@id":"https:\/\/www.vibrahotels.com\/blog\/#\/schema\/person\/ad74f13df6e44e7081ef65424f668972","name":"The Ibiza Blog","image":{"@type":"ImageObject","inLanguage":"es","@id":"https:\/\/secure.gravatar.com\/avatar\/d172713df318fe4ba11547ee4a70ab1eae0206026db57d7a5920186b9f5ee855?s=96&d=mm&r=g","url":"https:\/\/secure.gravatar.com\/avatar\/d172713df318fe4ba11547ee4a70ab1eae0206026db57d7a5920186b9f5ee855?s=96&d=mm&r=g","contentUrl":"https:\/\/secure.gravatar.com\/avatar\/d172713df318fe4ba11547ee4a70ab1eae0206026db57d7a5920186b9f5ee855?s=96&d=mm&r=g","caption":"The Ibiza Blog"},"url":"https:\/\/www.vibrahotels.com\/blog\/author\/the-ibiza-blog\/"}]}},"_links":{"self":[{"href":"https:\/\/www.vibrahotels.com\/blog\/wp-json\/wp\/v2\/posts\/6922","targetHints":{"allow":["GET"]}}],"collection":[{"href":"https:\/\/www.vibrahotels.com\/blog\/wp-json\/wp\/v2\/posts"}],"about":[{"href":"https:\/\/www.vibrahotels.com\/blog\/wp-json\/wp\/v2\/types\/post"}],"author":[{"embeddable":true,"href":"https:\/\/www.vibrahotels.com\/blog\/wp-json\/wp\/v2\/users\/1"}],"replies":[{"embeddable":true,"href":"https:\/\/www.vibrahotels.com\/blog\/wp-json\/wp\/v2\/comments?post=6922"}],"version-history":[{"count":2,"href":"https:\/\/www.vibrahotels.com\/blog\/wp-json\/wp\/v2\/posts\/6922\/revisions"}],"predecessor-version":[{"id":7253,"href":"https:\/\/www.vibrahotels.com\/blog\/wp-json\/wp\/v2\/posts\/6922\/revisions\/7253"}],"wp:featuredmedia":[{"embeddable":true,"href":"https:\/\/www.vibrahotels.com\/blog\/wp-json\/wp\/v2\/media\/6937"}],"wp:attachment":[{"href":"https:\/\/www.vibrahotels.com\/blog\/wp-json\/wp\/v2\/media?parent=6922"}],"wp:term":[{"taxonomy":"category","embeddable":true,"href":"https:\/\/www.vibrahotels.com\/blog\/wp-json\/wp\/v2\/categories?post=6922"},{"taxonomy":"post_tag","embeddable":true,"href":"https:\/\/www.vibrahotels.com\/blog\/wp-json\/wp\/v2\/tags?post=6922"}],"curies":[{"name":"wp","href":"https:\/\/api.w.org\/{rel}","templated":true}]}}