{"id":6896,"date":"2023-12-01T11:00:56","date_gmt":"2023-12-01T10:00:56","guid":{"rendered":"https:\/\/www.vibrahotels.com\/?p=6896"},"modified":"2024-07-09T15:45:54","modified_gmt":"2024-07-09T13:45:54","slug":"arte-urbano-en-ibiza","status":"publish","type":"post","link":"https:\/\/www.vibrahotels.com\/blog\/arte-urbano-en-ibiza\/","title":{"rendered":"ARTE URBANO EN IBIZA"},"content":{"rendered":"<p>Ibiza no deja de sorprendernos! Si estas buscando experiencias fuera de los circuitos habituales de ocio de playa, te sugerimos que leas este blog hasta el final, con nuestras propuestas relacionadas con el arte urbano en Ibiza.<\/p>\n<p>Ya sabes que Ibiza ha sido siempre un im\u00e1n para artistas de todo el mundo por su belleza, su magn\u00edfica naturaleza y calas de arena blanca y paisajes incre\u00edbles.\u00a0Artistas de todas las disciplinas han decidido instalar su residencia en esta isla m\u00e1gica atra\u00eddos por sus encantos.<\/p>\n<p>Es por ello que encontrar\u00e1s interesantes centros de arte contempor\u00e1neo y galer\u00edas de arte distribuidas por la isla, que recogen las muestras de artistas de renombre junto con obras de artistas locales.\u00a0 Entre todas estas propuestas destacamos el Street Art, arte urbano o arte callejero que cada vez posee m\u00e1s peso como expresi\u00f3n art\u00edstica.<\/p>\n<p><img loading=\"lazy\" decoding=\"async\" class=\"alignnone size-full wp-image-6897\" src=\"https:\/\/www.vibrahotels.com\/wp-content\/uploads\/2023\/11\/639528fc55a191e2d98ad417689d1769.jpg\" alt=\"\" width=\"427\" height=\"640\" srcset=\"https:\/\/www.vibrahotels.com\/blog\/wp-content\/uploads\/2023\/11\/639528fc55a191e2d98ad417689d1769.jpg 427w, https:\/\/www.vibrahotels.com\/blog\/wp-content\/uploads\/2023\/11\/639528fc55a191e2d98ad417689d1769-200x300.jpg 200w\" sizes=\"auto, (max-width: 427px) 100vw, 427px\" \/><\/p>\n<p>En 2011 naci\u00f3 el <a href=\"https:\/\/www.biokiplabs.com\/BloopFestival\/\">Ibiza Bloop Festival<\/a> y fue entonces cuando el Street Art se asent\u00f3 definitivamente en Ibiza.\u00a0 Se trata de un evento creado por Biokip Labs dedicado al arte proactivo donde, cada a\u00f1o, artistas de todo el mundo llegan a Ibiza para compartir sus obras siempre basadas en temas sociales de inter\u00e9s. Puedes encontrar desde grandes murales, a esculturas, o instalaciones interactivas, arte urbano, fotograf\u00eda, m\u00fasica o v\u00eddeo mappings entre muchas otras que te har\u00e1n reflexionar sobre temas de actualidad.<\/p>\n<p>La \u00faltima edici\u00f3n n\u00famero XV de este festival tuvo lugar el pasado mes de agosto bajo el lema \u2018Believe\u2019. Fue un evento \u00fanico con m\u00e1s de 60 murales e instalaciones al aire libre de grandes artistas del panorama como Silva Ramacci, Said Dokins, Zsar o Malarky. Se trata de un festival inclusivo y totalmente gratuito y este a\u00f1o, seg\u00fan su director, eligieron la tem\u00e1tica Believe por la situaci\u00f3n que vivimos de inestabilidad econ\u00f3mica, guerra y crisis clim\u00e1tica.<\/p>\n<p>En esta ocasi\u00f3n, el festival cont\u00f3 adem\u00e1s con la colaboraci\u00f3n de\u00a0<a href=\"https:\/\/www.periodicodeibiza.es\/etiqueta\/Endesa.html?utm_source=inline-tag&amp;utm_medium=web\">Endesa<\/a>, as\u00ed como el Ayuntamiento de Sant Josep y de Ibiza, y por primera vez la central el\u00e9ctrica de la isla fu\u00e9 una de las localizaciones del festival, acogiendo la exposici\u00f3n Ephemeral Electricities en el antiguo almac\u00e9n, donde el artista mexicano Said Dokings present\u00f3 una pieza en la que superpon\u00eda diferentes grados de texto y caligraf\u00eda que expresaran las palabras de esperanza, resilencia y libertad. El recinto tambi\u00e9n acog\u00edo piezas de Biokip Labs, Silva Ramacci, Telenova y Amadama.<\/p>\n<p>Esta edici\u00f3n tambi\u00e9n cont\u00f3 con una novedad que consisti\u00f3 en la geolocalizaci\u00f3n de las piezas art\u00edsticas, para que se pudieran ver nuevas obras gracias a un mapa virtual donde estaban se\u00f1aladas. Apuntando con la c\u00e1mara, la aplicaci\u00f3n se\u00f1alaba el nombre, a\u00f1o y el tema de la obra.<\/p>\n<p>SEGUNDA EDICI\u00d3N DEL FESTIVAL DE ARTE URBANO ART ON TRUCKS<\/p>\n<p>El pasado mes de junio de este a\u00f1o tambi\u00e9n se ha celebrado la segunda edici\u00f3n del <a href=\"https:\/\/www.instagram.com\/art_ontrucks\/\">Festival de Arte Urbano ART ON TRUCKS<\/a>, en el centro de ocio juvenil\u00a0<strong>C19<\/strong>, el Ayuntamiento de Ibiza\u00a0y\u00a0<a href=\"https:\/\/welcometoibiza.com\/guia-ibiza\/material-bellas-artes\/pinturas-rubio\/\"><strong>Pinturas Rubio<\/strong><\/a><\/p>\n<p>Se trata de una propuesta especialmente dirigida a los j\u00f3venes, con una oferta de ocio diferente y en la calle que se celebr\u00f3 durante todo el d\u00eda en la\u00a0<strong>Plaza de Antoni Albert i Nieto<\/strong>\u00a0de Ibiza ciudad.\u00a0 El festival cont\u00f3 con diversas<strong>\u00a0<\/strong><strong>actividades, talleres y m\u00fasica de Dj Kace y Dj Fonki Cheff.<\/strong><\/p>\n<p>Tambi\u00e9n aqu\u00ed se realiz\u00f3 una<strong>\u00a0<\/strong><strong>exposici\u00f3n de graffiti sobre camiones<\/strong>, con la participaci\u00f3n de artistas urbanos como\u00a0<strong>Suso33, Tono Cruz, Roice, Dirty, Irene L\u00f3pez,\u00a0Hosh, Sune, Move, Hize, Zsar y EdZumba.<\/strong><strong>\u00a0 <\/strong>En paralelo se realizaron otras actividades relacionadas con el mundo del hip hop, o la<strong> customizaci\u00f3n de camisetas o de graffiti.<\/strong><strong>\u00a0<\/strong> No debes perderte la siguiente edici\u00f3n y ten en cuenta que todas las propuestas son\u00a0<strong>gratuitas<\/strong><strong>.\u00a0 <\/strong><strong>Puedes consultar en su Instagram las pr\u00f3ximas fechas.<\/strong><\/p>\n<p><strong>RUTA DE ARTE URBANO EN SANT ANTONI<\/strong><\/p>\n<p>Y por \u00faltimo nos gusta tambi\u00e9n la ruta de arte urbano de Sant Antoni, una propuesta que no debes perderte para descubrir otra Ibiza llena de creatividad.<\/p>\n<p><img loading=\"lazy\" decoding=\"async\" class=\"alignnone size-full wp-image-6903\" src=\"https:\/\/www.vibrahotels.com\/wp-content\/uploads\/2023\/11\/2015-MULTIVERSE-Okuda-1024x576-1.jpg\" alt=\"\" width=\"1024\" height=\"576\" srcset=\"https:\/\/www.vibrahotels.com\/blog\/wp-content\/uploads\/2023\/11\/2015-MULTIVERSE-Okuda-1024x576-1.jpg 1024w, https:\/\/www.vibrahotels.com\/blog\/wp-content\/uploads\/2023\/11\/2015-MULTIVERSE-Okuda-1024x576-1-300x169.jpg 300w, https:\/\/www.vibrahotels.com\/blog\/wp-content\/uploads\/2023\/11\/2015-MULTIVERSE-Okuda-1024x576-1-768x432.jpg 768w\" sizes=\"auto, (max-width: 1024px) 100vw, 1024px\" \/><\/p>\n<p>Todo el casco urbano de Sant Antoni cuenta con m\u00faltiples expresiones art\u00edsticas. A nosotros nos encanta esta <a href=\"https:\/\/visit.santantoni.net\/que-hacer\/actividades\/ruta-de-arte-urbano-en-sant-antoni\/\">ruta, llamada ArtUrb\u00e0<\/a> (ruta de arte urbano). Aqu\u00ed te dejamos el enlace al <a href=\"https:\/\/visit.santantoni.net\/que-hacer\/actividades\/ruta-de-arte-urbano-en-sant-antoni\/\">mapa de la ruta<\/a> que te servir\u00e1 como gu\u00eda para recorrer las calles y encontrar los murales de grandes dimensiones realizados sobre muros y fachadas de edificios. La ruta consta de 16 obras y muestran creaciones de artistas de diferentes pa\u00edses como Ucrania, Italia, Chile, Inglaterra, B\u00e9lgica o Espa\u00f1a.<\/p>\n<p><img loading=\"lazy\" decoding=\"async\" class=\"alignnone size-full wp-image-6901\" src=\"https:\/\/www.vibrahotels.com\/wp-content\/uploads\/2023\/11\/martorres.com-333A0018-1-scaled.jpg\" alt=\"\" width=\"2560\" height=\"1706\" srcset=\"https:\/\/www.vibrahotels.com\/blog\/wp-content\/uploads\/2023\/11\/martorres.com-333A0018-1-scaled.jpg 2560w, https:\/\/www.vibrahotels.com\/blog\/wp-content\/uploads\/2023\/11\/martorres.com-333A0018-1-300x200.jpg 300w, https:\/\/www.vibrahotels.com\/blog\/wp-content\/uploads\/2023\/11\/martorres.com-333A0018-1-1024x683.jpg 1024w, https:\/\/www.vibrahotels.com\/blog\/wp-content\/uploads\/2023\/11\/martorres.com-333A0018-1-768x512.jpg 768w, https:\/\/www.vibrahotels.com\/blog\/wp-content\/uploads\/2023\/11\/martorres.com-333A0018-1-1536x1024.jpg 1536w, https:\/\/www.vibrahotels.com\/blog\/wp-content\/uploads\/2023\/11\/martorres.com-333A0018-1-2048x1365.jpg 2048w\" sizes=\"auto, (max-width: 2560px) 100vw, 2560px\" \/><\/p>\n<p>Tambi\u00e9n podr\u00e1s encontrar murales en m\u00faltiples lugares de ocio y restaurantes, como por ejemplo el <a href=\"https:\/\/www.instagram.com\/tacosanto_ibiza\/\">restaurante Tacosanto<\/a>, que cuenta con varios ambientes como la terraza exterior presidida por un mural art\u00edstico de la ibicenca <a href=\"https:\/\/www.aidamiro.com\/\">Aida Mir\u00f3<\/a>, artista multidisplicinar afincada actualmente en Nueva York que recientemente\u00a0inaugur\u00f3 la exposici\u00f3n &#8216;Tribute to woman &amp; diversity&#8217; en una galer\u00eda del Bronx con retratos de mujeres de ese barrio. En el sal\u00f3n interior hay mesas corridas para comidas o cenas en las que se unen muchos a la diversi\u00f3n que acompa\u00f1a a la comida mexicana.\u00a0 En el fondo encontramos dos salas de esp\u00edritu m\u00e1s noct\u00e1mbulo, con una iluminaci\u00f3n especial que hace destacar los colores ne\u00f3n del otro mural, el realizado por el artista Curro Gonz\u00e1lez.<\/p>\n<p><img loading=\"lazy\" decoding=\"async\" class=\"alignnone size-full wp-image-6899\" src=\"https:\/\/www.vibrahotels.com\/wp-content\/uploads\/2023\/11\/20230426_181259-scaled.jpg\" alt=\"\" width=\"2560\" height=\"1552\" srcset=\"https:\/\/www.vibrahotels.com\/blog\/wp-content\/uploads\/2023\/11\/20230426_181259-scaled.jpg 2560w, https:\/\/www.vibrahotels.com\/blog\/wp-content\/uploads\/2023\/11\/20230426_181259-300x182.jpg 300w, https:\/\/www.vibrahotels.com\/blog\/wp-content\/uploads\/2023\/11\/20230426_181259-1024x621.jpg 1024w, https:\/\/www.vibrahotels.com\/blog\/wp-content\/uploads\/2023\/11\/20230426_181259-768x465.jpg 768w, https:\/\/www.vibrahotels.com\/blog\/wp-content\/uploads\/2023\/11\/20230426_181259-1536x931.jpg 1536w, https:\/\/www.vibrahotels.com\/blog\/wp-content\/uploads\/2023\/11\/20230426_181259-2048x1241.jpg 2048w, https:\/\/www.vibrahotels.com\/blog\/wp-content\/uploads\/2023\/11\/20230426_181259-90x55.jpg 90w\" sizes=\"auto, (max-width: 2560px) 100vw, 2560px\" \/><\/p>\n<p>Despu\u00e9s de un d\u00eda lleno de experiencias visuales diferentes, seguro que te gustar\u00e1 disfrutar de uno de los mejores ambientes de San Antonio en su hotel <a href=\"https:\/\/www.vibrahotels.com\/es\/ibiza\/san-antonio\/hotel-vibra-district\/no-use\">Vibra District<\/a>, en pleno centro y con una decoraci\u00f3n que hace honor a su ubicaci\u00f3n en un entorno rodeado de inspiraci\u00f3n art\u00edstica. Ahora necesitar\u00e1s un merecido descanso y para ello, te proponemos cualquiera de los <a href=\"https:\/\/www.vibrahotels.com\/es\">mejores hoteles de la isla por su excelente relaci\u00f3n calidad-precio<\/a> y reponer fuerzas.<\/p>\n<p>&nbsp;<\/p>\n<p>&nbsp;<\/p>\n<p>&nbsp;<\/p>\n","protected":false},"excerpt":{"rendered":"<p>Ibiza no deja de sorprendernos! Si estas buscando experiencias fuera de los circuitos habituales de ocio de playa, te sugerimos que leas este blog hasta el final, con nuestras propuestas relacionadas con el arte urbano en Ibiza. Ya sabes que&#8230;<\/p>\n","protected":false},"author":1,"featured_media":6897,"comment_status":"open","ping_status":"open","sticky":false,"template":"","format":"standard","meta":{"footnotes":""},"categories":[1311],"tags":[],"class_list":["post-6896","post","type-post","status-publish","format-standard","has-post-thumbnail","hentry","category-planes-en-ibiza"],"yoast_head":"<!-- This site is optimized with the Yoast SEO plugin v27.4 - https:\/\/yoast.com\/product\/yoast-seo-wordpress\/ -->\n<title>ARTE URBANO EN IBIZA - Islander by Vibra Hotels<\/title>\n<meta name=\"robots\" content=\"index, follow, max-snippet:-1, max-image-preview:large, max-video-preview:-1\" \/>\n<link rel=\"canonical\" href=\"https:\/\/www.vibrahotels.com\/blog\/arte-urbano-en-ibiza\/\" \/>\n<meta property=\"og:locale\" content=\"es_ES\" \/>\n<meta property=\"og:type\" content=\"article\" \/>\n<meta property=\"og:title\" content=\"ARTE URBANO EN IBIZA - Islander by Vibra Hotels\" \/>\n<meta property=\"og:description\" content=\"Ibiza no deja de sorprendernos! Si estas buscando experiencias fuera de los circuitos habituales de ocio de playa, te sugerimos que leas este blog hasta el final, con nuestras propuestas relacionadas con el arte urbano en Ibiza. Ya sabes que...\" \/>\n<meta property=\"og:url\" content=\"https:\/\/www.vibrahotels.com\/blog\/arte-urbano-en-ibiza\/\" \/>\n<meta property=\"og:site_name\" content=\"Islander by Vibra Hotels\" \/>\n<meta property=\"article:published_time\" content=\"2023-12-01T10:00:56+00:00\" \/>\n<meta property=\"article:modified_time\" content=\"2024-07-09T13:45:54+00:00\" \/>\n<meta property=\"og:image\" content=\"https:\/\/www.vibrahotels.com\/blog\/wp-content\/uploads\/2023\/11\/639528fc55a191e2d98ad417689d1769.jpg\" \/>\n\t<meta property=\"og:image:width\" content=\"427\" \/>\n\t<meta property=\"og:image:height\" content=\"640\" \/>\n\t<meta property=\"og:image:type\" content=\"image\/jpeg\" \/>\n<meta name=\"author\" content=\"The Ibiza Blog\" \/>\n<meta name=\"twitter:card\" content=\"summary_large_image\" \/>\n<meta name=\"twitter:label1\" content=\"Escrito por\" \/>\n\t<meta name=\"twitter:data1\" content=\"The Ibiza Blog\" \/>\n\t<meta name=\"twitter:label2\" content=\"Tiempo de lectura\" \/>\n\t<meta name=\"twitter:data2\" content=\"6 minutos\" \/>\n<script type=\"application\/ld+json\" class=\"yoast-schema-graph\">{\"@context\":\"https:\\\/\\\/schema.org\",\"@graph\":[{\"@type\":\"Article\",\"@id\":\"https:\\\/\\\/www.vibrahotels.com\\\/blog\\\/arte-urbano-en-ibiza\\\/#article\",\"isPartOf\":{\"@id\":\"https:\\\/\\\/www.vibrahotels.com\\\/blog\\\/arte-urbano-en-ibiza\\\/\"},\"author\":{\"name\":\"The Ibiza Blog\",\"@id\":\"https:\\\/\\\/www.vibrahotels.com\\\/blog\\\/#\\\/schema\\\/person\\\/ad74f13df6e44e7081ef65424f668972\"},\"headline\":\"ARTE URBANO EN IBIZA\",\"datePublished\":\"2023-12-01T10:00:56+00:00\",\"dateModified\":\"2024-07-09T13:45:54+00:00\",\"mainEntityOfPage\":{\"@id\":\"https:\\\/\\\/www.vibrahotels.com\\\/blog\\\/arte-urbano-en-ibiza\\\/\"},\"wordCount\":1011,\"commentCount\":0,\"image\":{\"@id\":\"https:\\\/\\\/www.vibrahotels.com\\\/blog\\\/arte-urbano-en-ibiza\\\/#primaryimage\"},\"thumbnailUrl\":\"https:\\\/\\\/www.vibrahotels.com\\\/blog\\\/wp-content\\\/uploads\\\/2023\\\/11\\\/639528fc55a191e2d98ad417689d1769.jpg\",\"articleSection\":[\"Planes en Ibiza\"],\"inLanguage\":\"es\",\"potentialAction\":[{\"@type\":\"CommentAction\",\"name\":\"Comment\",\"target\":[\"https:\\\/\\\/www.vibrahotels.com\\\/blog\\\/arte-urbano-en-ibiza\\\/#respond\"]}]},{\"@type\":\"WebPage\",\"@id\":\"https:\\\/\\\/www.vibrahotels.com\\\/blog\\\/arte-urbano-en-ibiza\\\/\",\"url\":\"https:\\\/\\\/www.vibrahotels.com\\\/blog\\\/arte-urbano-en-ibiza\\\/\",\"name\":\"ARTE URBANO EN IBIZA - Islander by Vibra Hotels\",\"isPartOf\":{\"@id\":\"https:\\\/\\\/www.vibrahotels.com\\\/blog\\\/#website\"},\"primaryImageOfPage\":{\"@id\":\"https:\\\/\\\/www.vibrahotels.com\\\/blog\\\/arte-urbano-en-ibiza\\\/#primaryimage\"},\"image\":{\"@id\":\"https:\\\/\\\/www.vibrahotels.com\\\/blog\\\/arte-urbano-en-ibiza\\\/#primaryimage\"},\"thumbnailUrl\":\"https:\\\/\\\/www.vibrahotels.com\\\/blog\\\/wp-content\\\/uploads\\\/2023\\\/11\\\/639528fc55a191e2d98ad417689d1769.jpg\",\"datePublished\":\"2023-12-01T10:00:56+00:00\",\"dateModified\":\"2024-07-09T13:45:54+00:00\",\"author\":{\"@id\":\"https:\\\/\\\/www.vibrahotels.com\\\/blog\\\/#\\\/schema\\\/person\\\/ad74f13df6e44e7081ef65424f668972\"},\"breadcrumb\":{\"@id\":\"https:\\\/\\\/www.vibrahotels.com\\\/blog\\\/arte-urbano-en-ibiza\\\/#breadcrumb\"},\"inLanguage\":\"es\",\"potentialAction\":[{\"@type\":\"ReadAction\",\"target\":[\"https:\\\/\\\/www.vibrahotels.com\\\/blog\\\/arte-urbano-en-ibiza\\\/\"]}]},{\"@type\":\"ImageObject\",\"inLanguage\":\"es\",\"@id\":\"https:\\\/\\\/www.vibrahotels.com\\\/blog\\\/arte-urbano-en-ibiza\\\/#primaryimage\",\"url\":\"https:\\\/\\\/www.vibrahotels.com\\\/blog\\\/wp-content\\\/uploads\\\/2023\\\/11\\\/639528fc55a191e2d98ad417689d1769.jpg\",\"contentUrl\":\"https:\\\/\\\/www.vibrahotels.com\\\/blog\\\/wp-content\\\/uploads\\\/2023\\\/11\\\/639528fc55a191e2d98ad417689d1769.jpg\",\"width\":427,\"height\":640},{\"@type\":\"BreadcrumbList\",\"@id\":\"https:\\\/\\\/www.vibrahotels.com\\\/blog\\\/arte-urbano-en-ibiza\\\/#breadcrumb\",\"itemListElement\":[{\"@type\":\"ListItem\",\"position\":1,\"name\":\"Portada\",\"item\":\"https:\\\/\\\/www.vibrahotels.com\\\/blog\\\/\"},{\"@type\":\"ListItem\",\"position\":2,\"name\":\"ARTE URBANO EN IBIZA\"}]},{\"@type\":\"WebSite\",\"@id\":\"https:\\\/\\\/www.vibrahotels.com\\\/blog\\\/#website\",\"url\":\"https:\\\/\\\/www.vibrahotels.com\\\/blog\\\/\",\"name\":\"Islander by Vibra Hotels\",\"description\":\"\",\"potentialAction\":[{\"@type\":\"SearchAction\",\"target\":{\"@type\":\"EntryPoint\",\"urlTemplate\":\"https:\\\/\\\/www.vibrahotels.com\\\/blog\\\/?s={search_term_string}\"},\"query-input\":{\"@type\":\"PropertyValueSpecification\",\"valueRequired\":true,\"valueName\":\"search_term_string\"}}],\"inLanguage\":\"es\"},{\"@type\":\"Person\",\"@id\":\"https:\\\/\\\/www.vibrahotels.com\\\/blog\\\/#\\\/schema\\\/person\\\/ad74f13df6e44e7081ef65424f668972\",\"name\":\"The Ibiza Blog\",\"image\":{\"@type\":\"ImageObject\",\"inLanguage\":\"es\",\"@id\":\"https:\\\/\\\/secure.gravatar.com\\\/avatar\\\/d172713df318fe4ba11547ee4a70ab1eae0206026db57d7a5920186b9f5ee855?s=96&d=mm&r=g\",\"url\":\"https:\\\/\\\/secure.gravatar.com\\\/avatar\\\/d172713df318fe4ba11547ee4a70ab1eae0206026db57d7a5920186b9f5ee855?s=96&d=mm&r=g\",\"contentUrl\":\"https:\\\/\\\/secure.gravatar.com\\\/avatar\\\/d172713df318fe4ba11547ee4a70ab1eae0206026db57d7a5920186b9f5ee855?s=96&d=mm&r=g\",\"caption\":\"The Ibiza Blog\"},\"url\":\"https:\\\/\\\/www.vibrahotels.com\\\/blog\\\/author\\\/the-ibiza-blog\\\/\"}]}<\/script>\n<!-- \/ Yoast SEO plugin. -->","yoast_head_json":{"title":"ARTE URBANO EN IBIZA - Islander by Vibra Hotels","robots":{"index":"index","follow":"follow","max-snippet":"max-snippet:-1","max-image-preview":"max-image-preview:large","max-video-preview":"max-video-preview:-1"},"canonical":"https:\/\/www.vibrahotels.com\/blog\/arte-urbano-en-ibiza\/","og_locale":"es_ES","og_type":"article","og_title":"ARTE URBANO EN IBIZA - Islander by Vibra Hotels","og_description":"Ibiza no deja de sorprendernos! Si estas buscando experiencias fuera de los circuitos habituales de ocio de playa, te sugerimos que leas este blog hasta el final, con nuestras propuestas relacionadas con el arte urbano en Ibiza. Ya sabes que...","og_url":"https:\/\/www.vibrahotels.com\/blog\/arte-urbano-en-ibiza\/","og_site_name":"Islander by Vibra Hotels","article_published_time":"2023-12-01T10:00:56+00:00","article_modified_time":"2024-07-09T13:45:54+00:00","og_image":[{"width":427,"height":640,"url":"https:\/\/www.vibrahotels.com\/blog\/wp-content\/uploads\/2023\/11\/639528fc55a191e2d98ad417689d1769.jpg","type":"image\/jpeg"}],"author":"The Ibiza Blog","twitter_card":"summary_large_image","twitter_misc":{"Escrito por":"The Ibiza Blog","Tiempo de lectura":"6 minutos"},"schema":{"@context":"https:\/\/schema.org","@graph":[{"@type":"Article","@id":"https:\/\/www.vibrahotels.com\/blog\/arte-urbano-en-ibiza\/#article","isPartOf":{"@id":"https:\/\/www.vibrahotels.com\/blog\/arte-urbano-en-ibiza\/"},"author":{"name":"The Ibiza Blog","@id":"https:\/\/www.vibrahotels.com\/blog\/#\/schema\/person\/ad74f13df6e44e7081ef65424f668972"},"headline":"ARTE URBANO EN IBIZA","datePublished":"2023-12-01T10:00:56+00:00","dateModified":"2024-07-09T13:45:54+00:00","mainEntityOfPage":{"@id":"https:\/\/www.vibrahotels.com\/blog\/arte-urbano-en-ibiza\/"},"wordCount":1011,"commentCount":0,"image":{"@id":"https:\/\/www.vibrahotels.com\/blog\/arte-urbano-en-ibiza\/#primaryimage"},"thumbnailUrl":"https:\/\/www.vibrahotels.com\/blog\/wp-content\/uploads\/2023\/11\/639528fc55a191e2d98ad417689d1769.jpg","articleSection":["Planes en Ibiza"],"inLanguage":"es","potentialAction":[{"@type":"CommentAction","name":"Comment","target":["https:\/\/www.vibrahotels.com\/blog\/arte-urbano-en-ibiza\/#respond"]}]},{"@type":"WebPage","@id":"https:\/\/www.vibrahotels.com\/blog\/arte-urbano-en-ibiza\/","url":"https:\/\/www.vibrahotels.com\/blog\/arte-urbano-en-ibiza\/","name":"ARTE URBANO EN IBIZA - Islander by Vibra Hotels","isPartOf":{"@id":"https:\/\/www.vibrahotels.com\/blog\/#website"},"primaryImageOfPage":{"@id":"https:\/\/www.vibrahotels.com\/blog\/arte-urbano-en-ibiza\/#primaryimage"},"image":{"@id":"https:\/\/www.vibrahotels.com\/blog\/arte-urbano-en-ibiza\/#primaryimage"},"thumbnailUrl":"https:\/\/www.vibrahotels.com\/blog\/wp-content\/uploads\/2023\/11\/639528fc55a191e2d98ad417689d1769.jpg","datePublished":"2023-12-01T10:00:56+00:00","dateModified":"2024-07-09T13:45:54+00:00","author":{"@id":"https:\/\/www.vibrahotels.com\/blog\/#\/schema\/person\/ad74f13df6e44e7081ef65424f668972"},"breadcrumb":{"@id":"https:\/\/www.vibrahotels.com\/blog\/arte-urbano-en-ibiza\/#breadcrumb"},"inLanguage":"es","potentialAction":[{"@type":"ReadAction","target":["https:\/\/www.vibrahotels.com\/blog\/arte-urbano-en-ibiza\/"]}]},{"@type":"ImageObject","inLanguage":"es","@id":"https:\/\/www.vibrahotels.com\/blog\/arte-urbano-en-ibiza\/#primaryimage","url":"https:\/\/www.vibrahotels.com\/blog\/wp-content\/uploads\/2023\/11\/639528fc55a191e2d98ad417689d1769.jpg","contentUrl":"https:\/\/www.vibrahotels.com\/blog\/wp-content\/uploads\/2023\/11\/639528fc55a191e2d98ad417689d1769.jpg","width":427,"height":640},{"@type":"BreadcrumbList","@id":"https:\/\/www.vibrahotels.com\/blog\/arte-urbano-en-ibiza\/#breadcrumb","itemListElement":[{"@type":"ListItem","position":1,"name":"Portada","item":"https:\/\/www.vibrahotels.com\/blog\/"},{"@type":"ListItem","position":2,"name":"ARTE URBANO EN IBIZA"}]},{"@type":"WebSite","@id":"https:\/\/www.vibrahotels.com\/blog\/#website","url":"https:\/\/www.vibrahotels.com\/blog\/","name":"Islander by Vibra Hotels","description":"","potentialAction":[{"@type":"SearchAction","target":{"@type":"EntryPoint","urlTemplate":"https:\/\/www.vibrahotels.com\/blog\/?s={search_term_string}"},"query-input":{"@type":"PropertyValueSpecification","valueRequired":true,"valueName":"search_term_string"}}],"inLanguage":"es"},{"@type":"Person","@id":"https:\/\/www.vibrahotels.com\/blog\/#\/schema\/person\/ad74f13df6e44e7081ef65424f668972","name":"The Ibiza Blog","image":{"@type":"ImageObject","inLanguage":"es","@id":"https:\/\/secure.gravatar.com\/avatar\/d172713df318fe4ba11547ee4a70ab1eae0206026db57d7a5920186b9f5ee855?s=96&d=mm&r=g","url":"https:\/\/secure.gravatar.com\/avatar\/d172713df318fe4ba11547ee4a70ab1eae0206026db57d7a5920186b9f5ee855?s=96&d=mm&r=g","contentUrl":"https:\/\/secure.gravatar.com\/avatar\/d172713df318fe4ba11547ee4a70ab1eae0206026db57d7a5920186b9f5ee855?s=96&d=mm&r=g","caption":"The Ibiza Blog"},"url":"https:\/\/www.vibrahotels.com\/blog\/author\/the-ibiza-blog\/"}]}},"_links":{"self":[{"href":"https:\/\/www.vibrahotels.com\/blog\/wp-json\/wp\/v2\/posts\/6896","targetHints":{"allow":["GET"]}}],"collection":[{"href":"https:\/\/www.vibrahotels.com\/blog\/wp-json\/wp\/v2\/posts"}],"about":[{"href":"https:\/\/www.vibrahotels.com\/blog\/wp-json\/wp\/v2\/types\/post"}],"author":[{"embeddable":true,"href":"https:\/\/www.vibrahotels.com\/blog\/wp-json\/wp\/v2\/users\/1"}],"replies":[{"embeddable":true,"href":"https:\/\/www.vibrahotels.com\/blog\/wp-json\/wp\/v2\/comments?post=6896"}],"version-history":[{"count":3,"href":"https:\/\/www.vibrahotels.com\/blog\/wp-json\/wp\/v2\/posts\/6896\/revisions"}],"predecessor-version":[{"id":7276,"href":"https:\/\/www.vibrahotels.com\/blog\/wp-json\/wp\/v2\/posts\/6896\/revisions\/7276"}],"wp:featuredmedia":[{"embeddable":true,"href":"https:\/\/www.vibrahotels.com\/blog\/wp-json\/wp\/v2\/media\/6897"}],"wp:attachment":[{"href":"https:\/\/www.vibrahotels.com\/blog\/wp-json\/wp\/v2\/media?parent=6896"}],"wp:term":[{"taxonomy":"category","embeddable":true,"href":"https:\/\/www.vibrahotels.com\/blog\/wp-json\/wp\/v2\/categories?post=6896"},{"taxonomy":"post_tag","embeddable":true,"href":"https:\/\/www.vibrahotels.com\/blog\/wp-json\/wp\/v2\/tags?post=6896"}],"curies":[{"name":"wp","href":"https:\/\/api.w.org\/{rel}","templated":true}]}}