{"id":689,"date":"2016-04-20T18:17:36","date_gmt":"2016-04-20T16:17:36","guid":{"rendered":"http:\/\/www.vibrahotels.com\/?p=689"},"modified":"2020-03-11T12:20:09","modified_gmt":"2020-03-11T11:20:09","slug":"los-dias-mas-largos-la-playa","status":"publish","type":"post","link":"https:\/\/www.vibrahotels.com\/blog\/los-dias-mas-largos-la-playa\/","title":{"rendered":"Los d\u00edas son m\u00e1s largos en la playa"},"content":{"rendered":"<p style=\"text-align: justify;\">Ahora que se acerca el verano y los d\u00edas son m\u00e1s largos y m\u00e1s c\u00e1lidos se hace evidente que tenemos muchas ganas de que llegue el verano y sus noches interminables. En cuanto llega a Ibiza, uno se da cuenta de que tiene, aqu\u00ed, ir a la playa va mucho m\u00e1s all\u00e1 de pasarse todo el d\u00eda tumbado en una hamaca (al menos que quieras eso as\u00ed que, en ese caso te recomendamos usar protecci\u00f3n solar).<\/p>\n<p style=\"text-align: justify;\">Sin embargo, si vienes a vivir la experiencia playera de Ibiza al m\u00e1ximo, encontrar\u00e1s un sinf\u00edn de opciones para elegir. Entre todas ellas, creemos que no puedes volver a casa sin visitar uno de estos tres beach clubs (como se conocen los sofisticados restaurantes a pie de playa que encontrar\u00e1s aqu\u00ed).<\/p>\n<p style=\"text-align: justify;\"><strong><a href=\"https:\/\/www.oceanbeachibiza.com\">Ocean Beach Ibiza<\/a>:<\/strong> Desde que abri\u00f3 sus puertas en San Antonio en 2012, este lugar se ha convertido en un aut\u00e9ntico im\u00e1n para celebrities, tanto nacionales como de Reino Unido. Ya han pasado cuatro a\u00f1os y se ha convertido en uno de los los lugares <em>must <\/em>que visitar. Si te apetece disfrutar del mejor ambiente junto a la piscina y su bar de c\u00f3cteles, te recomendamos su fiesta de apertura de temporada, que tendr\u00e1 lugar el 20 de mayo a partir de las 13 horas. Tomar una copa mientras su equipo de acr\u00f3batas vuela sobre las cabezas de los asistentes, no tiene precio. Espera todo tipo de sorpresas y no dejes de bailar todo el d\u00eda con la m\u00fasica de sus DJs residentes.<\/p>\n<p style=\"text-align: justify;\"><strong><a href=\"http:\/\/www.nikkibeach.com\">Nikki Beach<\/a>:<\/strong> Este beach club est\u00e1 situado en la costa este de la isla, en Santa Eul\u00e0ria, en una localizaci\u00f3n perfecta con vistas al mar. Nikki Beach Ibiza abri\u00f3 sus puertas en 2013 y all\u00ed encontrar\u00e1s su emblem\u00e1tico beach club (un aut\u00e9ntico referente mundial), una piscina, restaurante, bar y boutique de la marca. \u00a1Es impresionante! Este a\u00f1o, abrir\u00e1n de nuevo el 28 de mayo y ya han anunciado su fiesta de los domingos, <em>Amazing Sundays<\/em>, que se celebrar\u00e1 todos los domingos de mayo y septiembre. \u00danete a la \u00e9lite m\u00e1s sexy y moderna y disfruta de sus actuaciones en directo y la m\u00fasica de sus DJs residentes.<\/p>\n<p style=\"text-align: justify;\"><strong><a href=\"http:\/\/www.nassaubeachclub.com\/inicio\/\">Nassau<\/a>:<\/strong> Es sin duda uno de los m\u00e1s madrugadores en el calendario de la isla y ya ha abierto sus puertas para esta temporada de verano. Nassau es uno de los favoritos de la isla entre los residentes y se encuentra en la zona m\u00e1s de moda de Ibiza, Playa d\u2019en Bossa, y cerca de algunos de los mejores clubs de Ibiza (en caso de que quieras continuar la fiesta m\u00e1s all\u00e1 de la arena). Situado en la recta final de la playa, las vistas de Fomentera, el mar azul justo enfrente y el sol hacen que una reserva aqu\u00ed sea una experiencia inolvidable y de lo m\u00e1s aut\u00e9ntica.<\/p>\n<p style=\"text-align: justify;\">\u00a1Un d\u00eda en la playa nunca fue m\u00e1s elegante! \u00a1Sum\u00e9rgete en \u00e9l!<\/p>\n","protected":false},"excerpt":{"rendered":"<p>Ahora que se acerca el verano y los d\u00edas son m\u00e1s largos y m\u00e1s c\u00e1lidos se hace evidente que tenemos muchas ganas de que llegue el verano y sus noches interminables. En cuanto llega a Ibiza, uno se da cuenta&#8230;<\/p>\n","protected":false},"author":1,"featured_media":690,"comment_status":"open","ping_status":"open","sticky":false,"template":"","format":"standard","meta":{"footnotes":""},"categories":[1297],"tags":[119,118],"class_list":["post-689","post","type-post","status-publish","format-standard","has-post-thumbnail","hentry","category-travel","tag-nikki-beach","tag-ocean-beach-ibiza"],"yoast_head":"<!-- This site is optimized with the Yoast SEO plugin v27.4 - https:\/\/yoast.com\/product\/yoast-seo-wordpress\/ -->\n<title>Los d\u00edas son m\u00e1s largos en la playa - Islander by Vibra Hotels<\/title>\n<meta name=\"robots\" content=\"index, follow, max-snippet:-1, max-image-preview:large, max-video-preview:-1\" \/>\n<link rel=\"canonical\" href=\"https:\/\/www.vibrahotels.com\/blog\/los-dias-mas-largos-la-playa\/\" \/>\n<meta property=\"og:locale\" content=\"es_ES\" \/>\n<meta property=\"og:type\" content=\"article\" \/>\n<meta property=\"og:title\" content=\"Los d\u00edas son m\u00e1s largos en la playa - Islander by Vibra Hotels\" \/>\n<meta property=\"og:description\" content=\"Ahora que se acerca el verano y los d\u00edas son m\u00e1s largos y m\u00e1s c\u00e1lidos se hace evidente que tenemos muchas ganas de que llegue el verano y sus noches interminables. En cuanto llega a Ibiza, uno se da cuenta...\" \/>\n<meta property=\"og:url\" content=\"https:\/\/www.vibrahotels.com\/blog\/los-dias-mas-largos-la-playa\/\" \/>\n<meta property=\"og:site_name\" content=\"Islander by Vibra Hotels\" \/>\n<meta property=\"article:published_time\" content=\"2016-04-20T16:17:36+00:00\" \/>\n<meta property=\"article:modified_time\" content=\"2020-03-11T11:20:09+00:00\" \/>\n<meta property=\"og:image\" content=\"https:\/\/www.vibrahotels.com\/blog\/wp-content\/uploads\/2016\/05\/00-playa.jpg\" \/>\n\t<meta property=\"og:image:width\" content=\"890\" \/>\n\t<meta property=\"og:image:height\" content=\"395\" \/>\n\t<meta property=\"og:image:type\" content=\"image\/jpeg\" \/>\n<meta name=\"author\" content=\"The Ibiza Blog\" \/>\n<meta name=\"twitter:card\" content=\"summary_large_image\" \/>\n<meta name=\"twitter:label1\" content=\"Escrito por\" \/>\n\t<meta name=\"twitter:data1\" content=\"The Ibiza Blog\" \/>\n\t<meta name=\"twitter:label2\" content=\"Tiempo de lectura\" \/>\n\t<meta name=\"twitter:data2\" content=\"3 minutos\" \/>\n<script type=\"application\/ld+json\" class=\"yoast-schema-graph\">{\"@context\":\"https:\\\/\\\/schema.org\",\"@graph\":[{\"@type\":\"Article\",\"@id\":\"https:\\\/\\\/www.vibrahotels.com\\\/blog\\\/los-dias-mas-largos-la-playa\\\/#article\",\"isPartOf\":{\"@id\":\"https:\\\/\\\/www.vibrahotels.com\\\/blog\\\/los-dias-mas-largos-la-playa\\\/\"},\"author\":{\"name\":\"The Ibiza Blog\",\"@id\":\"https:\\\/\\\/www.vibrahotels.com\\\/blog\\\/#\\\/schema\\\/person\\\/ad74f13df6e44e7081ef65424f668972\"},\"headline\":\"Los d\u00edas son m\u00e1s largos en la playa\",\"datePublished\":\"2016-04-20T16:17:36+00:00\",\"dateModified\":\"2020-03-11T11:20:09+00:00\",\"mainEntityOfPage\":{\"@id\":\"https:\\\/\\\/www.vibrahotels.com\\\/blog\\\/los-dias-mas-largos-la-playa\\\/\"},\"wordCount\":519,\"commentCount\":0,\"image\":{\"@id\":\"https:\\\/\\\/www.vibrahotels.com\\\/blog\\\/los-dias-mas-largos-la-playa\\\/#primaryimage\"},\"thumbnailUrl\":\"https:\\\/\\\/www.vibrahotels.com\\\/blog\\\/wp-content\\\/uploads\\\/2016\\\/05\\\/00-playa.jpg\",\"keywords\":[\"Nikki Beach\",\"Ocean Beach Ibiza\"],\"articleSection\":[\"Travel\"],\"inLanguage\":\"es\",\"potentialAction\":[{\"@type\":\"CommentAction\",\"name\":\"Comment\",\"target\":[\"https:\\\/\\\/www.vibrahotels.com\\\/blog\\\/los-dias-mas-largos-la-playa\\\/#respond\"]}]},{\"@type\":\"WebPage\",\"@id\":\"https:\\\/\\\/www.vibrahotels.com\\\/blog\\\/los-dias-mas-largos-la-playa\\\/\",\"url\":\"https:\\\/\\\/www.vibrahotels.com\\\/blog\\\/los-dias-mas-largos-la-playa\\\/\",\"name\":\"Los d\u00edas son m\u00e1s largos en la playa - Islander by Vibra Hotels\",\"isPartOf\":{\"@id\":\"https:\\\/\\\/www.vibrahotels.com\\\/blog\\\/#website\"},\"primaryImageOfPage\":{\"@id\":\"https:\\\/\\\/www.vibrahotels.com\\\/blog\\\/los-dias-mas-largos-la-playa\\\/#primaryimage\"},\"image\":{\"@id\":\"https:\\\/\\\/www.vibrahotels.com\\\/blog\\\/los-dias-mas-largos-la-playa\\\/#primaryimage\"},\"thumbnailUrl\":\"https:\\\/\\\/www.vibrahotels.com\\\/blog\\\/wp-content\\\/uploads\\\/2016\\\/05\\\/00-playa.jpg\",\"datePublished\":\"2016-04-20T16:17:36+00:00\",\"dateModified\":\"2020-03-11T11:20:09+00:00\",\"author\":{\"@id\":\"https:\\\/\\\/www.vibrahotels.com\\\/blog\\\/#\\\/schema\\\/person\\\/ad74f13df6e44e7081ef65424f668972\"},\"breadcrumb\":{\"@id\":\"https:\\\/\\\/www.vibrahotels.com\\\/blog\\\/los-dias-mas-largos-la-playa\\\/#breadcrumb\"},\"inLanguage\":\"es\",\"potentialAction\":[{\"@type\":\"ReadAction\",\"target\":[\"https:\\\/\\\/www.vibrahotels.com\\\/blog\\\/los-dias-mas-largos-la-playa\\\/\"]}]},{\"@type\":\"ImageObject\",\"inLanguage\":\"es\",\"@id\":\"https:\\\/\\\/www.vibrahotels.com\\\/blog\\\/los-dias-mas-largos-la-playa\\\/#primaryimage\",\"url\":\"https:\\\/\\\/www.vibrahotels.com\\\/blog\\\/wp-content\\\/uploads\\\/2016\\\/05\\\/00-playa.jpg\",\"contentUrl\":\"https:\\\/\\\/www.vibrahotels.com\\\/blog\\\/wp-content\\\/uploads\\\/2016\\\/05\\\/00-playa.jpg\",\"width\":890,\"height\":395,\"caption\":\"Playa de Ibiza - The Ibiza Blog\"},{\"@type\":\"BreadcrumbList\",\"@id\":\"https:\\\/\\\/www.vibrahotels.com\\\/blog\\\/los-dias-mas-largos-la-playa\\\/#breadcrumb\",\"itemListElement\":[{\"@type\":\"ListItem\",\"position\":1,\"name\":\"Portada\",\"item\":\"https:\\\/\\\/www.vibrahotels.com\\\/blog\\\/\"},{\"@type\":\"ListItem\",\"position\":2,\"name\":\"Los d\u00edas son m\u00e1s largos en la playa\"}]},{\"@type\":\"WebSite\",\"@id\":\"https:\\\/\\\/www.vibrahotels.com\\\/blog\\\/#website\",\"url\":\"https:\\\/\\\/www.vibrahotels.com\\\/blog\\\/\",\"name\":\"Islander by Vibra Hotels\",\"description\":\"\",\"potentialAction\":[{\"@type\":\"SearchAction\",\"target\":{\"@type\":\"EntryPoint\",\"urlTemplate\":\"https:\\\/\\\/www.vibrahotels.com\\\/blog\\\/?s={search_term_string}\"},\"query-input\":{\"@type\":\"PropertyValueSpecification\",\"valueRequired\":true,\"valueName\":\"search_term_string\"}}],\"inLanguage\":\"es\"},{\"@type\":\"Person\",\"@id\":\"https:\\\/\\\/www.vibrahotels.com\\\/blog\\\/#\\\/schema\\\/person\\\/ad74f13df6e44e7081ef65424f668972\",\"name\":\"The Ibiza Blog\",\"image\":{\"@type\":\"ImageObject\",\"inLanguage\":\"es\",\"@id\":\"https:\\\/\\\/secure.gravatar.com\\\/avatar\\\/d172713df318fe4ba11547ee4a70ab1eae0206026db57d7a5920186b9f5ee855?s=96&d=mm&r=g\",\"url\":\"https:\\\/\\\/secure.gravatar.com\\\/avatar\\\/d172713df318fe4ba11547ee4a70ab1eae0206026db57d7a5920186b9f5ee855?s=96&d=mm&r=g\",\"contentUrl\":\"https:\\\/\\\/secure.gravatar.com\\\/avatar\\\/d172713df318fe4ba11547ee4a70ab1eae0206026db57d7a5920186b9f5ee855?s=96&d=mm&r=g\",\"caption\":\"The Ibiza Blog\"},\"url\":\"https:\\\/\\\/www.vibrahotels.com\\\/blog\\\/author\\\/the-ibiza-blog\\\/\"}]}<\/script>\n<!-- \/ Yoast SEO plugin. -->","yoast_head_json":{"title":"Los d\u00edas son m\u00e1s largos en la playa - Islander by Vibra Hotels","robots":{"index":"index","follow":"follow","max-snippet":"max-snippet:-1","max-image-preview":"max-image-preview:large","max-video-preview":"max-video-preview:-1"},"canonical":"https:\/\/www.vibrahotels.com\/blog\/los-dias-mas-largos-la-playa\/","og_locale":"es_ES","og_type":"article","og_title":"Los d\u00edas son m\u00e1s largos en la playa - Islander by Vibra Hotels","og_description":"Ahora que se acerca el verano y los d\u00edas son m\u00e1s largos y m\u00e1s c\u00e1lidos se hace evidente que tenemos muchas ganas de que llegue el verano y sus noches interminables. En cuanto llega a Ibiza, uno se da cuenta...","og_url":"https:\/\/www.vibrahotels.com\/blog\/los-dias-mas-largos-la-playa\/","og_site_name":"Islander by Vibra Hotels","article_published_time":"2016-04-20T16:17:36+00:00","article_modified_time":"2020-03-11T11:20:09+00:00","og_image":[{"width":890,"height":395,"url":"https:\/\/www.vibrahotels.com\/blog\/wp-content\/uploads\/2016\/05\/00-playa.jpg","type":"image\/jpeg"}],"author":"The Ibiza Blog","twitter_card":"summary_large_image","twitter_misc":{"Escrito por":"The Ibiza Blog","Tiempo de lectura":"3 minutos"},"schema":{"@context":"https:\/\/schema.org","@graph":[{"@type":"Article","@id":"https:\/\/www.vibrahotels.com\/blog\/los-dias-mas-largos-la-playa\/#article","isPartOf":{"@id":"https:\/\/www.vibrahotels.com\/blog\/los-dias-mas-largos-la-playa\/"},"author":{"name":"The Ibiza Blog","@id":"https:\/\/www.vibrahotels.com\/blog\/#\/schema\/person\/ad74f13df6e44e7081ef65424f668972"},"headline":"Los d\u00edas son m\u00e1s largos en la playa","datePublished":"2016-04-20T16:17:36+00:00","dateModified":"2020-03-11T11:20:09+00:00","mainEntityOfPage":{"@id":"https:\/\/www.vibrahotels.com\/blog\/los-dias-mas-largos-la-playa\/"},"wordCount":519,"commentCount":0,"image":{"@id":"https:\/\/www.vibrahotels.com\/blog\/los-dias-mas-largos-la-playa\/#primaryimage"},"thumbnailUrl":"https:\/\/www.vibrahotels.com\/blog\/wp-content\/uploads\/2016\/05\/00-playa.jpg","keywords":["Nikki Beach","Ocean Beach Ibiza"],"articleSection":["Travel"],"inLanguage":"es","potentialAction":[{"@type":"CommentAction","name":"Comment","target":["https:\/\/www.vibrahotels.com\/blog\/los-dias-mas-largos-la-playa\/#respond"]}]},{"@type":"WebPage","@id":"https:\/\/www.vibrahotels.com\/blog\/los-dias-mas-largos-la-playa\/","url":"https:\/\/www.vibrahotels.com\/blog\/los-dias-mas-largos-la-playa\/","name":"Los d\u00edas son m\u00e1s largos en la playa - Islander by Vibra Hotels","isPartOf":{"@id":"https:\/\/www.vibrahotels.com\/blog\/#website"},"primaryImageOfPage":{"@id":"https:\/\/www.vibrahotels.com\/blog\/los-dias-mas-largos-la-playa\/#primaryimage"},"image":{"@id":"https:\/\/www.vibrahotels.com\/blog\/los-dias-mas-largos-la-playa\/#primaryimage"},"thumbnailUrl":"https:\/\/www.vibrahotels.com\/blog\/wp-content\/uploads\/2016\/05\/00-playa.jpg","datePublished":"2016-04-20T16:17:36+00:00","dateModified":"2020-03-11T11:20:09+00:00","author":{"@id":"https:\/\/www.vibrahotels.com\/blog\/#\/schema\/person\/ad74f13df6e44e7081ef65424f668972"},"breadcrumb":{"@id":"https:\/\/www.vibrahotels.com\/blog\/los-dias-mas-largos-la-playa\/#breadcrumb"},"inLanguage":"es","potentialAction":[{"@type":"ReadAction","target":["https:\/\/www.vibrahotels.com\/blog\/los-dias-mas-largos-la-playa\/"]}]},{"@type":"ImageObject","inLanguage":"es","@id":"https:\/\/www.vibrahotels.com\/blog\/los-dias-mas-largos-la-playa\/#primaryimage","url":"https:\/\/www.vibrahotels.com\/blog\/wp-content\/uploads\/2016\/05\/00-playa.jpg","contentUrl":"https:\/\/www.vibrahotels.com\/blog\/wp-content\/uploads\/2016\/05\/00-playa.jpg","width":890,"height":395,"caption":"Playa de Ibiza - The Ibiza Blog"},{"@type":"BreadcrumbList","@id":"https:\/\/www.vibrahotels.com\/blog\/los-dias-mas-largos-la-playa\/#breadcrumb","itemListElement":[{"@type":"ListItem","position":1,"name":"Portada","item":"https:\/\/www.vibrahotels.com\/blog\/"},{"@type":"ListItem","position":2,"name":"Los d\u00edas son m\u00e1s largos en la playa"}]},{"@type":"WebSite","@id":"https:\/\/www.vibrahotels.com\/blog\/#website","url":"https:\/\/www.vibrahotels.com\/blog\/","name":"Islander by Vibra Hotels","description":"","potentialAction":[{"@type":"SearchAction","target":{"@type":"EntryPoint","urlTemplate":"https:\/\/www.vibrahotels.com\/blog\/?s={search_term_string}"},"query-input":{"@type":"PropertyValueSpecification","valueRequired":true,"valueName":"search_term_string"}}],"inLanguage":"es"},{"@type":"Person","@id":"https:\/\/www.vibrahotels.com\/blog\/#\/schema\/person\/ad74f13df6e44e7081ef65424f668972","name":"The Ibiza Blog","image":{"@type":"ImageObject","inLanguage":"es","@id":"https:\/\/secure.gravatar.com\/avatar\/d172713df318fe4ba11547ee4a70ab1eae0206026db57d7a5920186b9f5ee855?s=96&d=mm&r=g","url":"https:\/\/secure.gravatar.com\/avatar\/d172713df318fe4ba11547ee4a70ab1eae0206026db57d7a5920186b9f5ee855?s=96&d=mm&r=g","contentUrl":"https:\/\/secure.gravatar.com\/avatar\/d172713df318fe4ba11547ee4a70ab1eae0206026db57d7a5920186b9f5ee855?s=96&d=mm&r=g","caption":"The Ibiza Blog"},"url":"https:\/\/www.vibrahotels.com\/blog\/author\/the-ibiza-blog\/"}]}},"_links":{"self":[{"href":"https:\/\/www.vibrahotels.com\/blog\/wp-json\/wp\/v2\/posts\/689","targetHints":{"allow":["GET"]}}],"collection":[{"href":"https:\/\/www.vibrahotels.com\/blog\/wp-json\/wp\/v2\/posts"}],"about":[{"href":"https:\/\/www.vibrahotels.com\/blog\/wp-json\/wp\/v2\/types\/post"}],"author":[{"embeddable":true,"href":"https:\/\/www.vibrahotels.com\/blog\/wp-json\/wp\/v2\/users\/1"}],"replies":[{"embeddable":true,"href":"https:\/\/www.vibrahotels.com\/blog\/wp-json\/wp\/v2\/comments?post=689"}],"version-history":[{"count":0,"href":"https:\/\/www.vibrahotels.com\/blog\/wp-json\/wp\/v2\/posts\/689\/revisions"}],"wp:featuredmedia":[{"embeddable":true,"href":"https:\/\/www.vibrahotels.com\/blog\/wp-json\/wp\/v2\/media\/690"}],"wp:attachment":[{"href":"https:\/\/www.vibrahotels.com\/blog\/wp-json\/wp\/v2\/media?parent=689"}],"wp:term":[{"taxonomy":"category","embeddable":true,"href":"https:\/\/www.vibrahotels.com\/blog\/wp-json\/wp\/v2\/categories?post=689"},{"taxonomy":"post_tag","embeddable":true,"href":"https:\/\/www.vibrahotels.com\/blog\/wp-json\/wp\/v2\/tags?post=689"}],"curies":[{"name":"wp","href":"https:\/\/api.w.org\/{rel}","templated":true}]}}