{"id":6842,"date":"2023-11-03T13:45:56","date_gmt":"2023-11-03T12:45:56","guid":{"rendered":"https:\/\/www.vibrahotels.com\/?p=6842"},"modified":"2023-11-06T08:16:36","modified_gmt":"2023-11-06T07:16:36","slug":"el-islote-de-es-vedra","status":"publish","type":"post","link":"https:\/\/www.vibrahotels.com\/blog\/el-islote-de-es-vedra\/","title":{"rendered":"El islote de Es Vedr\u00e1"},"content":{"rendered":"<p>Seguro que has o\u00eddo hablar de un islote m\u00e1gico frente a la costa de Ibiza, que emerge del mar de forma imponente y con poderes especiales&#8230;es el islote de Es Vedr\u00e1 \u00a1es uno de los imprescindibles en tu visita a Ibiza y no te lo puedes perder!<\/p>\n<p>Es Vedr\u00e1 forma parte de un conjunto de islotes que son espacio natural protegido desde el a\u00f1o 2002 y conforman las Reservas Naturales de Es Vedr\u00e0, Es Vedranell y los islotes de Poniente. Se trata de un espacio natural mar\u00edtimo-terrestre protegido localizado en el oeste de Eivissa, en el t\u00e9rmino municipal de Sant Josep de Sa Talaia.<img loading=\"lazy\" decoding=\"async\" class=\"alignnone size-full wp-image-6847\" src=\"https:\/\/www.vibrahotels.com\/wp-content\/uploads\/2023\/11\/shutterstock_665383891-scaled.jpg\" alt=\"\" width=\"2560\" height=\"1399\" srcset=\"https:\/\/www.vibrahotels.com\/blog\/wp-content\/uploads\/2023\/11\/shutterstock_665383891-scaled.jpg 2560w, https:\/\/www.vibrahotels.com\/blog\/wp-content\/uploads\/2023\/11\/shutterstock_665383891-300x164.jpg 300w, https:\/\/www.vibrahotels.com\/blog\/wp-content\/uploads\/2023\/11\/shutterstock_665383891-1024x560.jpg 1024w, https:\/\/www.vibrahotels.com\/blog\/wp-content\/uploads\/2023\/11\/shutterstock_665383891-768x420.jpg 768w, https:\/\/www.vibrahotels.com\/blog\/wp-content\/uploads\/2023\/11\/shutterstock_665383891-1536x839.jpg 1536w, https:\/\/www.vibrahotels.com\/blog\/wp-content\/uploads\/2023\/11\/shutterstock_665383891-2048x1119.jpg 2048w\" sizes=\"auto, (max-width: 2560px) 100vw, 2560px\" \/><\/p>\n<p>Los islotes se concentran en dos agrupaciones, por un lado, est\u00e1 el conjunto formado por Es Vedr\u00e0 y Es Vedranell y por otro, los islotes de Poniente, llamados Sa Conillera, S\u2019illa des Bosc, S\u2019Espartar y Ses Bledes: Na Gorra, Es Vaixell, Na Bosc, Els esculls d\u2019en Ramon y Na Plana. Est\u00e1n protegidos como espacios naturales porque cuentan con una gran variedad de fauna y flora, como la lagartija de las Pitiusas, protegida y que se diferencia por su tama\u00f1o y coloraci\u00f3n. En el fondo marino tambi\u00e9n abunda la especie end\u00e9mica del Mediterr\u00e1neo, la posidonia oce\u00e1nica.<\/p>\n<p>Adem\u00e1s, estos islotes cuentan con muchas especies vegetales y los fondos marinos cuentan con una fauna rica y variada, que incluye a los delfines murales.<\/p>\n<p>Es Vedr\u00e1 destaca entre todas las islas por su altura, con 382 metros en el picacho de Migjorn, y por su orograf\u00eda escarpada hacen que sea un paisaje \u00fanico. El resto de los islotes tienen elementos que aumentan su atractivo, como su vegetaci\u00f3n y algunos acantilados imponentes como los de S\u2019Espartar y Sa Conillera.<img loading=\"lazy\" decoding=\"async\" class=\"alignnone size-full wp-image-6849\" src=\"https:\/\/www.vibrahotels.com\/wp-content\/uploads\/2023\/11\/shutterstock_1556575151-scaled.jpg\" alt=\"\" width=\"2560\" height=\"1709\" srcset=\"https:\/\/www.vibrahotels.com\/blog\/wp-content\/uploads\/2023\/11\/shutterstock_1556575151-scaled.jpg 2560w, https:\/\/www.vibrahotels.com\/blog\/wp-content\/uploads\/2023\/11\/shutterstock_1556575151-300x200.jpg 300w, https:\/\/www.vibrahotels.com\/blog\/wp-content\/uploads\/2023\/11\/shutterstock_1556575151-1024x684.jpg 1024w, https:\/\/www.vibrahotels.com\/blog\/wp-content\/uploads\/2023\/11\/shutterstock_1556575151-768x513.jpg 768w, https:\/\/www.vibrahotels.com\/blog\/wp-content\/uploads\/2023\/11\/shutterstock_1556575151-1536x1025.jpg 1536w, https:\/\/www.vibrahotels.com\/blog\/wp-content\/uploads\/2023\/11\/shutterstock_1556575151-2048x1367.jpg 2048w\" sizes=\"auto, (max-width: 2560px) 100vw, 2560px\" \/><\/p>\n<p>&nbsp;<\/p>\n<p>Es Vedr\u00e1 es f\u00e1cilmente visible y reconocible desde muchos puntos de Ibiza, Formentera e incluso desde la Pen\u00ednsula Ib\u00e9rica. \u00a0Adem\u00e1s, el m\u00e1gico islote de Es Vedr\u00e0 es propiedad de unas treinta de familias que, ante la imposibilidad de construir o realizar all\u00ed cualquier tipo de actividad econ\u00f3mica, durante muchos a\u00f1os hubo all\u00ed una importante colonia de cabras, de los pocos animales que se pueden adaptar a la orograf\u00eda del rocoso islote, lo que se ha tomado como leyenda popular.<\/p>\n<p>Es Vedr\u00e1 ha servido de inspiraci\u00f3n para artistas y fot\u00f3grafos, as\u00ed como su aparici\u00f3n en pel\u00edculas como la m\u00edtica \u2018More\u2019 de Barbet Schroeder y en la portada de un disco del genial Mike Oldfield, al que Es Vedr\u00e0 sirvi\u00f3 de inspiraci\u00f3n para el \u00e1lbum.<\/p>\n<p>Es Vedr\u00e1 no se puede visitar a pie, est\u00e1 totalmente prohibido, pero puedes divisarla desde distintos puntos de la isla que te contamos a continuaci\u00f3n, aunque, si tienes la oportunidad de hacerlo en barco, es muy recomendable.\u00a0 Cala d\u2019Hort es el sitio m\u00e1s sencillo puesto que el islote est\u00e1 situado justo frente a esta playa y cuenta con una vista impresionante de Es Vedr\u00e1.<\/p>\n<p><img loading=\"lazy\" decoding=\"async\" class=\"alignnone size-full wp-image-6845\" src=\"https:\/\/www.vibrahotels.com\/wp-content\/uploads\/2023\/11\/shutterstock_648400642-scaled.jpg\" alt=\"\" width=\"2560\" height=\"1707\" srcset=\"https:\/\/www.vibrahotels.com\/blog\/wp-content\/uploads\/2023\/11\/shutterstock_648400642-scaled.jpg 2560w, https:\/\/www.vibrahotels.com\/blog\/wp-content\/uploads\/2023\/11\/shutterstock_648400642-300x200.jpg 300w, https:\/\/www.vibrahotels.com\/blog\/wp-content\/uploads\/2023\/11\/shutterstock_648400642-1024x683.jpg 1024w, https:\/\/www.vibrahotels.com\/blog\/wp-content\/uploads\/2023\/11\/shutterstock_648400642-768x512.jpg 768w, https:\/\/www.vibrahotels.com\/blog\/wp-content\/uploads\/2023\/11\/shutterstock_648400642-1536x1024.jpg 1536w, https:\/\/www.vibrahotels.com\/blog\/wp-content\/uploads\/2023\/11\/shutterstock_648400642-2048x1365.jpg 2048w\" sizes=\"auto, (max-width: 2560px) 100vw, 2560px\" \/><\/p>\n<p>Otro punto es la <a href=\"https:\/\/es.wikiloc.com\/rutas-senderismo\/torre-des-savinar-20646825\">Torre de Es Savinar<\/a>, a la que se llega andando tras una larga caminata.\u00a0 El comienzo de la ruta est\u00e1 en una pista asfaltada (con indicador de Torre del Pirata) que sale de la carretera de Sant Josep (Es Cubells) a Cala d&#8217;Hort o PMV-803-1, al norte de la Serra des Graner.<\/p>\n<p>&nbsp;<\/p>\n<p><img loading=\"lazy\" decoding=\"async\" class=\"alignnone size-full wp-image-6843\" src=\"https:\/\/www.vibrahotels.com\/wp-content\/uploads\/2023\/11\/shutterstock_2311177911-scaled.jpg\" alt=\"\" width=\"2560\" height=\"1707\" srcset=\"https:\/\/www.vibrahotels.com\/blog\/wp-content\/uploads\/2023\/11\/shutterstock_2311177911-scaled.jpg 2560w, https:\/\/www.vibrahotels.com\/blog\/wp-content\/uploads\/2023\/11\/shutterstock_2311177911-300x200.jpg 300w, https:\/\/www.vibrahotels.com\/blog\/wp-content\/uploads\/2023\/11\/shutterstock_2311177911-1024x683.jpg 1024w, https:\/\/www.vibrahotels.com\/blog\/wp-content\/uploads\/2023\/11\/shutterstock_2311177911-768x512.jpg 768w, https:\/\/www.vibrahotels.com\/blog\/wp-content\/uploads\/2023\/11\/shutterstock_2311177911-1536x1024.jpg 1536w, https:\/\/www.vibrahotels.com\/blog\/wp-content\/uploads\/2023\/11\/shutterstock_2311177911-2048x1365.jpg 2048w\" sizes=\"auto, (max-width: 2560px) 100vw, 2560px\" \/><\/p>\n<p>Si lo tuyo no son las largas caminatas, tambi\u00e9n existen varios miradores entre la torre y Cala d\u2019Hort que te permitir\u00e1n igualmente ver Es Vedr\u00e1.\u00a0 Pero si te gustan los caminos complicados con tal de conquistar la recompensa de unas vistas excepcionales y que pocos consiguen, te recomendamos el <a href=\"https:\/\/es.wikiloc.com\/rutas-senderismo\/cala-llentrisca-es-cubell-cap-llentrisca-mirador-atlantis-torre-des-savinar-torre-del-pirata-manant-34445653\">mirador de Cap Llentrisca<\/a>.<\/p>\n<p>&nbsp;<\/p>\n<p><img loading=\"lazy\" decoding=\"async\" class=\"alignnone size-full wp-image-6851\" src=\"https:\/\/www.vibrahotels.com\/wp-content\/uploads\/2023\/11\/shutterstock_2210082103-scaled.jpg\" alt=\"\" width=\"2560\" height=\"1440\" srcset=\"https:\/\/www.vibrahotels.com\/blog\/wp-content\/uploads\/2023\/11\/shutterstock_2210082103-scaled.jpg 2560w, https:\/\/www.vibrahotels.com\/blog\/wp-content\/uploads\/2023\/11\/shutterstock_2210082103-300x169.jpg 300w, https:\/\/www.vibrahotels.com\/blog\/wp-content\/uploads\/2023\/11\/shutterstock_2210082103-1024x576.jpg 1024w, https:\/\/www.vibrahotels.com\/blog\/wp-content\/uploads\/2023\/11\/shutterstock_2210082103-768x432.jpg 768w, https:\/\/www.vibrahotels.com\/blog\/wp-content\/uploads\/2023\/11\/shutterstock_2210082103-1536x864.jpg 1536w, https:\/\/www.vibrahotels.com\/blog\/wp-content\/uploads\/2023\/11\/shutterstock_2210082103-2048x1152.jpg 2048w\" sizes=\"auto, (max-width: 2560px) 100vw, 2560px\" \/><\/p>\n<p>Hay muchos mitos alrededor del islote y est\u00e1 considerado como un lugar m\u00e1gico y con poderes especiales; algunos libros recogen testimonios de pescadore que mientras faenaban en la zona vieron luces entrar y salir del agua, incluso verlas pasar por debajo de sus barcos. \u00a0Tambi\u00e9n algunos buceadores afirman haber escuchado potentes sonidos met\u00e1licos bajo el agua.<\/p>\n<p>Algunos investigadores de fen\u00f3menos paranormales han afirmado que podr\u00eda existir algo similar al tri\u00e1ngulo de las Bermudas, donde los barcos se perder\u00edan por culpa de inexplicables fallos en los aparatos de navegaci\u00f3n. Dicen que el tri\u00e1ngulo estar\u00eda formado por Es Vedr\u00e1, la costa suroeste de Mallorca y el Pe\u00f1\u00f3n de Ifach en Alicante.\u00a0 Por otro lado, se supone que la radiaci\u00f3n magn\u00e9tica de Es Vedr\u00e1 se puede comparar con las piedras de Stonehenge, las pir\u00e1mides de Egipto y las estatuas de la isla de Pascua.<\/p>\n<p>Si te gustan este tipo de historias, que sepas que hay una historia que cuenta de la existencia de un monstruo gigante, es Gegant des Vedr\u00e1, que imped\u00eda que nadie se acercara para poder comerse todos los pulpos de las aguas que bordean el islote.<\/p>\n<p>Despu\u00e9s de un d\u00eda lleno de experiencias inigualables, seguro que has quedado invadido por el esp\u00edritu de Es Vedr\u00e1 y ahora necesitar\u00e1s un merecido descanso. Para ello, te proponemos cualquiera de los <a href=\"https:\/\/www.vibrahotels.com\/es\">mejores hoteles de la isla por su excelente relaci\u00f3n calidad-precio<\/a>, donde so\u00f1ar con las im\u00e1genes de Es Vedr\u00e1 y reponer fuerzas.<\/p>\n","protected":false},"excerpt":{"rendered":"<p>Seguro que has o\u00eddo hablar de un islote m\u00e1gico frente a la costa de Ibiza, que emerge del mar de forma imponente y con poderes especiales&#8230;es el islote de Es Vedr\u00e1 \u00a1es uno de los imprescindibles en tu visita a&#8230;<\/p>\n","protected":false},"author":1,"featured_media":0,"comment_status":"open","ping_status":"open","sticky":false,"template":"","format":"standard","meta":{"footnotes":""},"categories":[1311],"tags":[],"class_list":["post-6842","post","type-post","status-publish","format-standard","hentry","category-planes-en-ibiza"],"yoast_head":"<!-- This site is optimized with the Yoast SEO plugin v27.4 - https:\/\/yoast.com\/product\/yoast-seo-wordpress\/ -->\n<title>El islote de Es Vedr\u00e1 - Islander by Vibra Hotels<\/title>\n<meta name=\"robots\" content=\"index, follow, max-snippet:-1, max-image-preview:large, max-video-preview:-1\" \/>\n<link rel=\"canonical\" href=\"https:\/\/www.vibrahotels.com\/blog\/el-islote-de-es-vedra\/\" \/>\n<meta property=\"og:locale\" content=\"es_ES\" \/>\n<meta property=\"og:type\" content=\"article\" \/>\n<meta property=\"og:title\" content=\"El islote de Es Vedr\u00e1 - Islander by Vibra Hotels\" \/>\n<meta property=\"og:description\" content=\"Seguro que has o\u00eddo hablar de un islote m\u00e1gico frente a la costa de Ibiza, que emerge del mar de forma imponente y con poderes especiales&#8230;es el islote de Es Vedr\u00e1 \u00a1es uno de los imprescindibles en tu visita a...\" \/>\n<meta property=\"og:url\" content=\"https:\/\/www.vibrahotels.com\/blog\/el-islote-de-es-vedra\/\" \/>\n<meta property=\"og:site_name\" content=\"Islander by Vibra Hotels\" \/>\n<meta property=\"article:published_time\" content=\"2023-11-03T12:45:56+00:00\" \/>\n<meta property=\"article:modified_time\" content=\"2023-11-06T07:16:36+00:00\" \/>\n<meta property=\"og:image\" content=\"https:\/\/www.vibrahotels.com\/wp-content\/uploads\/2023\/11\/shutterstock_665383891-scaled.jpg\" \/>\n<meta name=\"author\" content=\"The Ibiza Blog\" \/>\n<meta name=\"twitter:card\" content=\"summary_large_image\" \/>\n<meta name=\"twitter:label1\" content=\"Escrito por\" \/>\n\t<meta name=\"twitter:data1\" content=\"The Ibiza Blog\" \/>\n\t<meta name=\"twitter:label2\" content=\"Tiempo de lectura\" \/>\n\t<meta name=\"twitter:data2\" content=\"5 minutos\" \/>\n<script type=\"application\/ld+json\" class=\"yoast-schema-graph\">{\"@context\":\"https:\\\/\\\/schema.org\",\"@graph\":[{\"@type\":\"Article\",\"@id\":\"https:\\\/\\\/www.vibrahotels.com\\\/blog\\\/el-islote-de-es-vedra\\\/#article\",\"isPartOf\":{\"@id\":\"https:\\\/\\\/www.vibrahotels.com\\\/blog\\\/el-islote-de-es-vedra\\\/\"},\"author\":{\"name\":\"The Ibiza Blog\",\"@id\":\"https:\\\/\\\/www.vibrahotels.com\\\/blog\\\/#\\\/schema\\\/person\\\/ad74f13df6e44e7081ef65424f668972\"},\"headline\":\"El islote de Es Vedr\u00e1\",\"datePublished\":\"2023-11-03T12:45:56+00:00\",\"dateModified\":\"2023-11-06T07:16:36+00:00\",\"mainEntityOfPage\":{\"@id\":\"https:\\\/\\\/www.vibrahotels.com\\\/blog\\\/el-islote-de-es-vedra\\\/\"},\"wordCount\":882,\"commentCount\":0,\"image\":{\"@id\":\"https:\\\/\\\/www.vibrahotels.com\\\/blog\\\/el-islote-de-es-vedra\\\/#primaryimage\"},\"thumbnailUrl\":\"https:\\\/\\\/www.vibrahotels.com\\\/wp-content\\\/uploads\\\/2023\\\/11\\\/shutterstock_665383891-scaled.jpg\",\"articleSection\":[\"Planes en Ibiza\"],\"inLanguage\":\"es\",\"potentialAction\":[{\"@type\":\"CommentAction\",\"name\":\"Comment\",\"target\":[\"https:\\\/\\\/www.vibrahotels.com\\\/blog\\\/el-islote-de-es-vedra\\\/#respond\"]}]},{\"@type\":\"WebPage\",\"@id\":\"https:\\\/\\\/www.vibrahotels.com\\\/blog\\\/el-islote-de-es-vedra\\\/\",\"url\":\"https:\\\/\\\/www.vibrahotels.com\\\/blog\\\/el-islote-de-es-vedra\\\/\",\"name\":\"El islote de Es Vedr\u00e1 - Islander by Vibra Hotels\",\"isPartOf\":{\"@id\":\"https:\\\/\\\/www.vibrahotels.com\\\/blog\\\/#website\"},\"primaryImageOfPage\":{\"@id\":\"https:\\\/\\\/www.vibrahotels.com\\\/blog\\\/el-islote-de-es-vedra\\\/#primaryimage\"},\"image\":{\"@id\":\"https:\\\/\\\/www.vibrahotels.com\\\/blog\\\/el-islote-de-es-vedra\\\/#primaryimage\"},\"thumbnailUrl\":\"https:\\\/\\\/www.vibrahotels.com\\\/wp-content\\\/uploads\\\/2023\\\/11\\\/shutterstock_665383891-scaled.jpg\",\"datePublished\":\"2023-11-03T12:45:56+00:00\",\"dateModified\":\"2023-11-06T07:16:36+00:00\",\"author\":{\"@id\":\"https:\\\/\\\/www.vibrahotels.com\\\/blog\\\/#\\\/schema\\\/person\\\/ad74f13df6e44e7081ef65424f668972\"},\"breadcrumb\":{\"@id\":\"https:\\\/\\\/www.vibrahotels.com\\\/blog\\\/el-islote-de-es-vedra\\\/#breadcrumb\"},\"inLanguage\":\"es\",\"potentialAction\":[{\"@type\":\"ReadAction\",\"target\":[\"https:\\\/\\\/www.vibrahotels.com\\\/blog\\\/el-islote-de-es-vedra\\\/\"]}]},{\"@type\":\"ImageObject\",\"inLanguage\":\"es\",\"@id\":\"https:\\\/\\\/www.vibrahotels.com\\\/blog\\\/el-islote-de-es-vedra\\\/#primaryimage\",\"url\":\"https:\\\/\\\/www.vibrahotels.com\\\/wp-content\\\/uploads\\\/2023\\\/11\\\/shutterstock_665383891-scaled.jpg\",\"contentUrl\":\"https:\\\/\\\/www.vibrahotels.com\\\/wp-content\\\/uploads\\\/2023\\\/11\\\/shutterstock_665383891-scaled.jpg\"},{\"@type\":\"BreadcrumbList\",\"@id\":\"https:\\\/\\\/www.vibrahotels.com\\\/blog\\\/el-islote-de-es-vedra\\\/#breadcrumb\",\"itemListElement\":[{\"@type\":\"ListItem\",\"position\":1,\"name\":\"Portada\",\"item\":\"https:\\\/\\\/www.vibrahotels.com\\\/blog\\\/\"},{\"@type\":\"ListItem\",\"position\":2,\"name\":\"El islote de Es Vedr\u00e1\"}]},{\"@type\":\"WebSite\",\"@id\":\"https:\\\/\\\/www.vibrahotels.com\\\/blog\\\/#website\",\"url\":\"https:\\\/\\\/www.vibrahotels.com\\\/blog\\\/\",\"name\":\"Islander by Vibra Hotels\",\"description\":\"\",\"potentialAction\":[{\"@type\":\"SearchAction\",\"target\":{\"@type\":\"EntryPoint\",\"urlTemplate\":\"https:\\\/\\\/www.vibrahotels.com\\\/blog\\\/?s={search_term_string}\"},\"query-input\":{\"@type\":\"PropertyValueSpecification\",\"valueRequired\":true,\"valueName\":\"search_term_string\"}}],\"inLanguage\":\"es\"},{\"@type\":\"Person\",\"@id\":\"https:\\\/\\\/www.vibrahotels.com\\\/blog\\\/#\\\/schema\\\/person\\\/ad74f13df6e44e7081ef65424f668972\",\"name\":\"The Ibiza Blog\",\"image\":{\"@type\":\"ImageObject\",\"inLanguage\":\"es\",\"@id\":\"https:\\\/\\\/secure.gravatar.com\\\/avatar\\\/d172713df318fe4ba11547ee4a70ab1eae0206026db57d7a5920186b9f5ee855?s=96&d=mm&r=g\",\"url\":\"https:\\\/\\\/secure.gravatar.com\\\/avatar\\\/d172713df318fe4ba11547ee4a70ab1eae0206026db57d7a5920186b9f5ee855?s=96&d=mm&r=g\",\"contentUrl\":\"https:\\\/\\\/secure.gravatar.com\\\/avatar\\\/d172713df318fe4ba11547ee4a70ab1eae0206026db57d7a5920186b9f5ee855?s=96&d=mm&r=g\",\"caption\":\"The Ibiza Blog\"},\"url\":\"https:\\\/\\\/www.vibrahotels.com\\\/blog\\\/author\\\/the-ibiza-blog\\\/\"}]}<\/script>\n<!-- \/ Yoast SEO plugin. -->","yoast_head_json":{"title":"El islote de Es Vedr\u00e1 - Islander by Vibra Hotels","robots":{"index":"index","follow":"follow","max-snippet":"max-snippet:-1","max-image-preview":"max-image-preview:large","max-video-preview":"max-video-preview:-1"},"canonical":"https:\/\/www.vibrahotels.com\/blog\/el-islote-de-es-vedra\/","og_locale":"es_ES","og_type":"article","og_title":"El islote de Es Vedr\u00e1 - Islander by Vibra Hotels","og_description":"Seguro que has o\u00eddo hablar de un islote m\u00e1gico frente a la costa de Ibiza, que emerge del mar de forma imponente y con poderes especiales&#8230;es el islote de Es Vedr\u00e1 \u00a1es uno de los imprescindibles en tu visita a...","og_url":"https:\/\/www.vibrahotels.com\/blog\/el-islote-de-es-vedra\/","og_site_name":"Islander by Vibra Hotels","article_published_time":"2023-11-03T12:45:56+00:00","article_modified_time":"2023-11-06T07:16:36+00:00","og_image":[{"url":"https:\/\/www.vibrahotels.com\/wp-content\/uploads\/2023\/11\/shutterstock_665383891-scaled.jpg","type":"","width":"","height":""}],"author":"The Ibiza Blog","twitter_card":"summary_large_image","twitter_misc":{"Escrito por":"The Ibiza Blog","Tiempo de lectura":"5 minutos"},"schema":{"@context":"https:\/\/schema.org","@graph":[{"@type":"Article","@id":"https:\/\/www.vibrahotels.com\/blog\/el-islote-de-es-vedra\/#article","isPartOf":{"@id":"https:\/\/www.vibrahotels.com\/blog\/el-islote-de-es-vedra\/"},"author":{"name":"The Ibiza Blog","@id":"https:\/\/www.vibrahotels.com\/blog\/#\/schema\/person\/ad74f13df6e44e7081ef65424f668972"},"headline":"El islote de Es Vedr\u00e1","datePublished":"2023-11-03T12:45:56+00:00","dateModified":"2023-11-06T07:16:36+00:00","mainEntityOfPage":{"@id":"https:\/\/www.vibrahotels.com\/blog\/el-islote-de-es-vedra\/"},"wordCount":882,"commentCount":0,"image":{"@id":"https:\/\/www.vibrahotels.com\/blog\/el-islote-de-es-vedra\/#primaryimage"},"thumbnailUrl":"https:\/\/www.vibrahotels.com\/wp-content\/uploads\/2023\/11\/shutterstock_665383891-scaled.jpg","articleSection":["Planes en Ibiza"],"inLanguage":"es","potentialAction":[{"@type":"CommentAction","name":"Comment","target":["https:\/\/www.vibrahotels.com\/blog\/el-islote-de-es-vedra\/#respond"]}]},{"@type":"WebPage","@id":"https:\/\/www.vibrahotels.com\/blog\/el-islote-de-es-vedra\/","url":"https:\/\/www.vibrahotels.com\/blog\/el-islote-de-es-vedra\/","name":"El islote de Es Vedr\u00e1 - Islander by Vibra Hotels","isPartOf":{"@id":"https:\/\/www.vibrahotels.com\/blog\/#website"},"primaryImageOfPage":{"@id":"https:\/\/www.vibrahotels.com\/blog\/el-islote-de-es-vedra\/#primaryimage"},"image":{"@id":"https:\/\/www.vibrahotels.com\/blog\/el-islote-de-es-vedra\/#primaryimage"},"thumbnailUrl":"https:\/\/www.vibrahotels.com\/wp-content\/uploads\/2023\/11\/shutterstock_665383891-scaled.jpg","datePublished":"2023-11-03T12:45:56+00:00","dateModified":"2023-11-06T07:16:36+00:00","author":{"@id":"https:\/\/www.vibrahotels.com\/blog\/#\/schema\/person\/ad74f13df6e44e7081ef65424f668972"},"breadcrumb":{"@id":"https:\/\/www.vibrahotels.com\/blog\/el-islote-de-es-vedra\/#breadcrumb"},"inLanguage":"es","potentialAction":[{"@type":"ReadAction","target":["https:\/\/www.vibrahotels.com\/blog\/el-islote-de-es-vedra\/"]}]},{"@type":"ImageObject","inLanguage":"es","@id":"https:\/\/www.vibrahotels.com\/blog\/el-islote-de-es-vedra\/#primaryimage","url":"https:\/\/www.vibrahotels.com\/wp-content\/uploads\/2023\/11\/shutterstock_665383891-scaled.jpg","contentUrl":"https:\/\/www.vibrahotels.com\/wp-content\/uploads\/2023\/11\/shutterstock_665383891-scaled.jpg"},{"@type":"BreadcrumbList","@id":"https:\/\/www.vibrahotels.com\/blog\/el-islote-de-es-vedra\/#breadcrumb","itemListElement":[{"@type":"ListItem","position":1,"name":"Portada","item":"https:\/\/www.vibrahotels.com\/blog\/"},{"@type":"ListItem","position":2,"name":"El islote de Es Vedr\u00e1"}]},{"@type":"WebSite","@id":"https:\/\/www.vibrahotels.com\/blog\/#website","url":"https:\/\/www.vibrahotels.com\/blog\/","name":"Islander by Vibra Hotels","description":"","potentialAction":[{"@type":"SearchAction","target":{"@type":"EntryPoint","urlTemplate":"https:\/\/www.vibrahotels.com\/blog\/?s={search_term_string}"},"query-input":{"@type":"PropertyValueSpecification","valueRequired":true,"valueName":"search_term_string"}}],"inLanguage":"es"},{"@type":"Person","@id":"https:\/\/www.vibrahotels.com\/blog\/#\/schema\/person\/ad74f13df6e44e7081ef65424f668972","name":"The Ibiza Blog","image":{"@type":"ImageObject","inLanguage":"es","@id":"https:\/\/secure.gravatar.com\/avatar\/d172713df318fe4ba11547ee4a70ab1eae0206026db57d7a5920186b9f5ee855?s=96&d=mm&r=g","url":"https:\/\/secure.gravatar.com\/avatar\/d172713df318fe4ba11547ee4a70ab1eae0206026db57d7a5920186b9f5ee855?s=96&d=mm&r=g","contentUrl":"https:\/\/secure.gravatar.com\/avatar\/d172713df318fe4ba11547ee4a70ab1eae0206026db57d7a5920186b9f5ee855?s=96&d=mm&r=g","caption":"The Ibiza Blog"},"url":"https:\/\/www.vibrahotels.com\/blog\/author\/the-ibiza-blog\/"}]}},"_links":{"self":[{"href":"https:\/\/www.vibrahotels.com\/blog\/wp-json\/wp\/v2\/posts\/6842","targetHints":{"allow":["GET"]}}],"collection":[{"href":"https:\/\/www.vibrahotels.com\/blog\/wp-json\/wp\/v2\/posts"}],"about":[{"href":"https:\/\/www.vibrahotels.com\/blog\/wp-json\/wp\/v2\/types\/post"}],"author":[{"embeddable":true,"href":"https:\/\/www.vibrahotels.com\/blog\/wp-json\/wp\/v2\/users\/1"}],"replies":[{"embeddable":true,"href":"https:\/\/www.vibrahotels.com\/blog\/wp-json\/wp\/v2\/comments?post=6842"}],"version-history":[{"count":2,"href":"https:\/\/www.vibrahotels.com\/blog\/wp-json\/wp\/v2\/posts\/6842\/revisions"}],"predecessor-version":[{"id":6860,"href":"https:\/\/www.vibrahotels.com\/blog\/wp-json\/wp\/v2\/posts\/6842\/revisions\/6860"}],"wp:attachment":[{"href":"https:\/\/www.vibrahotels.com\/blog\/wp-json\/wp\/v2\/media?parent=6842"}],"wp:term":[{"taxonomy":"category","embeddable":true,"href":"https:\/\/www.vibrahotels.com\/blog\/wp-json\/wp\/v2\/categories?post=6842"},{"taxonomy":"post_tag","embeddable":true,"href":"https:\/\/www.vibrahotels.com\/blog\/wp-json\/wp\/v2\/tags?post=6842"}],"curies":[{"name":"wp","href":"https:\/\/api.w.org\/{rel}","templated":true}]}}