{"id":6823,"date":"2023-10-31T10:27:00","date_gmt":"2023-10-31T09:27:00","guid":{"rendered":"https:\/\/www.vibrahotels.com\/?p=6823"},"modified":"2023-11-16T12:22:58","modified_gmt":"2023-11-16T11:22:58","slug":"cuevas-de-ibiza","status":"publish","type":"post","link":"https:\/\/www.vibrahotels.com\/blog\/cuevas-de-ibiza\/","title":{"rendered":"Cuevas de Ibiza"},"content":{"rendered":"<p>\u00bfSab\u00edas que Ibiza cuenta con unas impresionantes <strong>cuevas naturales<\/strong>? Si tienes verdadero esp\u00edritu aventurero, las cuevas naturales de Ibiza constituyen uno de los elementos indispensables a incluir en tu visita.\u00a0 En especial, si eres de los que les gusta internarse en rocas y acantilados para contemplar la magia de esta otra cara de Ibiza, no dejes de leer hasta final \u00a1Ver\u00e1s que en este blog te lo contamos todo!<\/p>\n<p>Te planteamos una ruta por las que consideramos las mejores cuevas de Ibiza, tanto si est\u00e1s planeando tu viaje en barco por la isla, como si prefieres hacerlo por tierra.<\/p>\n<p>&nbsp;<\/p>\n<p><strong>Cueva-mirador de Es Vedr\u00e1<\/strong><\/p>\n<p>Empezamos por una cueva que pocas personas conocen, la <a href=\"https:\/\/es.wikiloc.com\/rutas-senderismo\/mirador-es-vedra-cueva-roca-66723098\">cueva-mirador de Es Vedr\u00e1<\/a>.\u00a0 Est\u00e1 justo enfrente del islote que lleva el mismo nombre, en la zona de\u00a0Sa Pedrera. Es una peque\u00f1a cavidad en la piedra rocosa decorada con todo tipo de adornos hippies que han ido dejando all\u00ed sus visitantes.\u00a0 Se trata de un lugar algo oculto y pocas personas saben de su existencia, por lo que no encontrar\u00e1s casi gente visit\u00e1ndolo a la vez que t\u00fa y podr\u00e1s disfrutar de total tranquilidad y paz, contemplando las maravillosas vistas a Es Vedr\u00e1. Ten en cuenta que es f\u00e1cil llegar hasta all\u00ed, puesto que lo encontraras justo en la parte de debajo de la explanada del mirador de Es Vedr\u00e1.<\/p>\n<p><strong> <img loading=\"lazy\" decoding=\"async\" class=\"alignnone size-full wp-image-6832\" src=\"https:\/\/www.vibrahotels.com\/wp-content\/uploads\/2023\/10\/44079979Master.jpg\" alt=\"\" width=\"1024\" height=\"576\" srcset=\"https:\/\/www.vibrahotels.com\/blog\/wp-content\/uploads\/2023\/10\/44079979Master.jpg 1024w, https:\/\/www.vibrahotels.com\/blog\/wp-content\/uploads\/2023\/10\/44079979Master-300x169.jpg 300w, https:\/\/www.vibrahotels.com\/blog\/wp-content\/uploads\/2023\/10\/44079979Master-768x432.jpg 768w\" sizes=\"auto, (max-width: 1024px) 100vw, 1024px\" \/><\/strong><\/p>\n<p><strong>Atlantis \u2013 Sa Pedrera<\/strong><\/p>\n<p>Ya que est\u00e1s en la zona de Sa Pedrera, no debes perderte su <a href=\"https:\/\/www.balearia.com\/es\/blog\/sa-pedrera-cala-hort-atlantis-eivissa\">antigua cantera de mar\u00e9s<\/a>.\u00a0 Un lugar especial donde poder darnos un refrescante ba\u00f1o. Cuenta con una piscina natural, <strong>Atlantis, <\/strong>desconocida\u00a0y\u00a0ubicada en la propia cantera de piedra.<\/p>\n<p>En Sa Pedrera o Atlantis, como es conocida popularmente, no encontrar\u00e1s ning\u00fan tipo de masificaci\u00f3n tur\u00edstica.\u00a0 Te sorprender\u00e1n sus <strong>aguas cristalinas\u00a0<\/strong>al borde de un acantilado. Esta sorprendente piscina natural est\u00e1 oculta bajo un barranco arenoso de dif\u00edcil acceso, dentro de la Reserva Natural de\u00a0<strong>Cala d\u00b4Hort<\/strong>.<\/p>\n<p><strong> <img loading=\"lazy\" decoding=\"async\" class=\"alignnone size-full wp-image-6830\" src=\"https:\/\/www.vibrahotels.com\/wp-content\/uploads\/2023\/10\/shutterstock_1571374393-scaled.jpg\" alt=\"\" width=\"2560\" height=\"1709\" srcset=\"https:\/\/www.vibrahotels.com\/blog\/wp-content\/uploads\/2023\/10\/shutterstock_1571374393-scaled.jpg 2560w, https:\/\/www.vibrahotels.com\/blog\/wp-content\/uploads\/2023\/10\/shutterstock_1571374393-300x200.jpg 300w, https:\/\/www.vibrahotels.com\/blog\/wp-content\/uploads\/2023\/10\/shutterstock_1571374393-1024x684.jpg 1024w, https:\/\/www.vibrahotels.com\/blog\/wp-content\/uploads\/2023\/10\/shutterstock_1571374393-768x513.jpg 768w, https:\/\/www.vibrahotels.com\/blog\/wp-content\/uploads\/2023\/10\/shutterstock_1571374393-1536x1025.jpg 1536w, https:\/\/www.vibrahotels.com\/blog\/wp-content\/uploads\/2023\/10\/shutterstock_1571374393-2048x1367.jpg 2048w\" sizes=\"auto, (max-width: 2560px) 100vw, 2560px\" \/><\/strong><\/p>\n<p><strong>Can Mar\u00e7\u00e0<\/strong><\/p>\n<p>Se trata de una de las cuevas m\u00e1s impresionantes de Ibiza.\u00a0 Est\u00e1 ubicada en los acantilados del Port de Sant Miquel de Balansat, y se trata de un espacio natural de unos 14 metros de altura y un recorrido de unos 40 minutos iluminado por un halo que, desde luego, parece m\u00e1gico; todo un espect\u00e1culo de color que no debes perderte. Est\u00e1 abierta durante todo el a\u00f1o. Representa\u00a0una de las atracciones tur\u00edsticas m\u00e1s visitadas del norte de Ibiza.<\/p>\n<p><img loading=\"lazy\" decoding=\"async\" class=\"alignnone size-full wp-image-6828\" src=\"https:\/\/www.vibrahotels.com\/wp-content\/uploads\/2023\/10\/shutterstock_1171552942-scaled.jpg\" alt=\"\" width=\"2560\" height=\"1707\" srcset=\"https:\/\/www.vibrahotels.com\/blog\/wp-content\/uploads\/2023\/10\/shutterstock_1171552942-scaled.jpg 2560w, https:\/\/www.vibrahotels.com\/blog\/wp-content\/uploads\/2023\/10\/shutterstock_1171552942-300x200.jpg 300w, https:\/\/www.vibrahotels.com\/blog\/wp-content\/uploads\/2023\/10\/shutterstock_1171552942-1024x683.jpg 1024w, https:\/\/www.vibrahotels.com\/blog\/wp-content\/uploads\/2023\/10\/shutterstock_1171552942-768x512.jpg 768w, https:\/\/www.vibrahotels.com\/blog\/wp-content\/uploads\/2023\/10\/shutterstock_1171552942-1536x1024.jpg 1536w, https:\/\/www.vibrahotels.com\/blog\/wp-content\/uploads\/2023\/10\/shutterstock_1171552942-2048x1365.jpg 2048w\" sizes=\"auto, (max-width: 2560px) 100vw, 2560px\" \/><\/p>\n<p><strong>La Catedral del Mar o la Cueva Cala LLonga<\/strong><\/p>\n<p>Se trata de una cueva a 28 metros de profundidad ubicada en Cala LLonga. Si el buceo es lo tuyo, encontrar\u00e1s una gruta subterr\u00e1nea que es todo un espect\u00e1culo.\u00a0 Dicen que recibe el nombre de Catedral del Mar porque cuenta con una impresionante b\u00f3veda.<\/p>\n<p><strong>\u00a0<\/strong><\/p>\n<p><strong>Cueva de Santa In\u00e9s<\/strong><\/p>\n<p>Se trata de una peque\u00f1a gruta situada a los pies de una colina y pr\u00f3xima a poblaci\u00f3n de San Antonio. Alberga la que es considerada como una de las capillas m\u00e1s antiguas de toda la isla, la de Santa Agn\u00e8s. Pero, en la actualidad es de propiedad privada y no est\u00e1 abierta al p\u00fablico. Es decir, tendr\u00e1s que conformarte con conocer el entorno y, por qu\u00e9 no, comer en el restaurante <a href=\"https:\/\/sacapellaibiza.com\/en\/\">Sa Capella<\/a> (antigua ermita dedicada al culto a esta santa ibicenca).<\/p>\n<p><img loading=\"lazy\" decoding=\"async\" class=\"alignnone size-full wp-image-6826\" src=\"https:\/\/www.vibrahotels.com\/wp-content\/uploads\/2023\/10\/PCSA05-Cova-Santa-Agnes-768x515-1.jpg\" alt=\"\" width=\"768\" height=\"515\" srcset=\"https:\/\/www.vibrahotels.com\/blog\/wp-content\/uploads\/2023\/10\/PCSA05-Cova-Santa-Agnes-768x515-1.jpg 768w, https:\/\/www.vibrahotels.com\/blog\/wp-content\/uploads\/2023\/10\/PCSA05-Cova-Santa-Agnes-768x515-1-300x201.jpg 300w\" sizes=\"auto, (max-width: 768px) 100vw, 768px\" \/><\/p>\n<p><strong>Cueva Ses Llagostes<\/strong><\/p>\n<p>En esta curiosa cueva\u00a0acondicionada como acuario y conocida como <a href=\"https:\/\/visit.santantoni.net\/que-hacer\/lugares-de-interes\/aquarium-cap-blanc\/\"><strong>Aquarium Cap Blanc<\/strong><\/a>, se puede observar una gran variedad de fauna marina de la zona, desde tiburones hasta rotjas, meros y mantarrayas, que habitan en esta cueva natural.<\/p>\n<p><img loading=\"lazy\" decoding=\"async\" class=\"alignnone size-full wp-image-6824\" src=\"https:\/\/www.vibrahotels.com\/wp-content\/uploads\/2023\/10\/DSC00422-1024x683-1.jpg\" alt=\"\" width=\"1024\" height=\"683\" srcset=\"https:\/\/www.vibrahotels.com\/blog\/wp-content\/uploads\/2023\/10\/DSC00422-1024x683-1.jpg 1024w, https:\/\/www.vibrahotels.com\/blog\/wp-content\/uploads\/2023\/10\/DSC00422-1024x683-1-300x200.jpg 300w, https:\/\/www.vibrahotels.com\/blog\/wp-content\/uploads\/2023\/10\/DSC00422-1024x683-1-768x512.jpg 768w\" sizes=\"auto, (max-width: 1024px) 100vw, 1024px\" \/><\/p>\n<p>&nbsp;<\/p>\n<p>Todos estos lugares que te recomendamos est\u00e1n llenos de colorido y diversidad, desde el azul de sus aguas cristalinas, hasta intenso las incre\u00edbles tonalidades de las grutas.\u00a0 Estas im\u00e1genes quedar\u00e1n en tu retina para siempre.\u00a0 Ahora necesitar\u00e1s un merecido descanso y proponemos cualquiera de los <a href=\"https:\/\/www.vibrahotels.com\/es\/ibiza\">mejores hoteles de la isla por su excelente relaci\u00f3n calidad-precio<\/a>, donde adem\u00e1s podr\u00e1s disfrutar de deliciosos desayunos para reponer fuerzas.<\/p>\n<p>&nbsp;<\/p>\n","protected":false},"excerpt":{"rendered":"<p>\u00bfSab\u00edas que Ibiza cuenta con unas impresionantes cuevas naturales? Si tienes verdadero esp\u00edritu aventurero, las cuevas naturales de Ibiza constituyen uno de los elementos indispensables a incluir en tu visita.\u00a0 En especial, si eres de los que les gusta internarse&#8230;<\/p>\n","protected":false},"author":1,"featured_media":0,"comment_status":"open","ping_status":"open","sticky":false,"template":"","format":"standard","meta":{"footnotes":""},"categories":[1311],"tags":[],"class_list":["post-6823","post","type-post","status-publish","format-standard","hentry","category-planes-en-ibiza"],"yoast_head":"<!-- This site is optimized with the Yoast SEO plugin v27.4 - https:\/\/yoast.com\/product\/yoast-seo-wordpress\/ -->\n<title>Cuevas de Ibiza - Islander by Vibra Hotels<\/title>\n<meta name=\"robots\" content=\"index, follow, max-snippet:-1, max-image-preview:large, max-video-preview:-1\" \/>\n<link rel=\"canonical\" href=\"https:\/\/www.vibrahotels.com\/blog\/cuevas-de-ibiza\/\" \/>\n<meta property=\"og:locale\" content=\"es_ES\" \/>\n<meta property=\"og:type\" content=\"article\" \/>\n<meta property=\"og:title\" content=\"Cuevas de Ibiza - Islander by Vibra Hotels\" \/>\n<meta property=\"og:description\" content=\"\u00bfSab\u00edas que Ibiza cuenta con unas impresionantes cuevas naturales? Si tienes verdadero esp\u00edritu aventurero, las cuevas naturales de Ibiza constituyen uno de los elementos indispensables a incluir en tu visita.\u00a0 En especial, si eres de los que les gusta internarse...\" \/>\n<meta property=\"og:url\" content=\"https:\/\/www.vibrahotels.com\/blog\/cuevas-de-ibiza\/\" \/>\n<meta property=\"og:site_name\" content=\"Islander by Vibra Hotels\" \/>\n<meta property=\"article:published_time\" content=\"2023-10-31T09:27:00+00:00\" \/>\n<meta property=\"article:modified_time\" content=\"2023-11-16T11:22:58+00:00\" \/>\n<meta property=\"og:image\" content=\"https:\/\/www.vibrahotels.com\/wp-content\/uploads\/2023\/10\/44079979Master.jpg\" \/>\n<meta name=\"author\" content=\"The Ibiza Blog\" \/>\n<meta name=\"twitter:card\" content=\"summary_large_image\" \/>\n<meta name=\"twitter:label1\" content=\"Escrito por\" \/>\n\t<meta name=\"twitter:data1\" content=\"The Ibiza Blog\" \/>\n\t<meta name=\"twitter:label2\" content=\"Tiempo de lectura\" \/>\n\t<meta name=\"twitter:data2\" content=\"4 minutos\" \/>\n<script type=\"application\/ld+json\" class=\"yoast-schema-graph\">{\"@context\":\"https:\\\/\\\/schema.org\",\"@graph\":[{\"@type\":\"Article\",\"@id\":\"https:\\\/\\\/www.vibrahotels.com\\\/blog\\\/cuevas-de-ibiza\\\/#article\",\"isPartOf\":{\"@id\":\"https:\\\/\\\/www.vibrahotels.com\\\/blog\\\/cuevas-de-ibiza\\\/\"},\"author\":{\"name\":\"The Ibiza Blog\",\"@id\":\"https:\\\/\\\/www.vibrahotels.com\\\/blog\\\/#\\\/schema\\\/person\\\/ad74f13df6e44e7081ef65424f668972\"},\"headline\":\"Cuevas de Ibiza\",\"datePublished\":\"2023-10-31T09:27:00+00:00\",\"dateModified\":\"2023-11-16T11:22:58+00:00\",\"mainEntityOfPage\":{\"@id\":\"https:\\\/\\\/www.vibrahotels.com\\\/blog\\\/cuevas-de-ibiza\\\/\"},\"wordCount\":688,\"commentCount\":0,\"image\":{\"@id\":\"https:\\\/\\\/www.vibrahotels.com\\\/blog\\\/cuevas-de-ibiza\\\/#primaryimage\"},\"thumbnailUrl\":\"https:\\\/\\\/www.vibrahotels.com\\\/wp-content\\\/uploads\\\/2023\\\/10\\\/44079979Master.jpg\",\"articleSection\":[\"Planes en Ibiza\"],\"inLanguage\":\"es\",\"potentialAction\":[{\"@type\":\"CommentAction\",\"name\":\"Comment\",\"target\":[\"https:\\\/\\\/www.vibrahotels.com\\\/blog\\\/cuevas-de-ibiza\\\/#respond\"]}]},{\"@type\":\"WebPage\",\"@id\":\"https:\\\/\\\/www.vibrahotels.com\\\/blog\\\/cuevas-de-ibiza\\\/\",\"url\":\"https:\\\/\\\/www.vibrahotels.com\\\/blog\\\/cuevas-de-ibiza\\\/\",\"name\":\"Cuevas de Ibiza - Islander by Vibra Hotels\",\"isPartOf\":{\"@id\":\"https:\\\/\\\/www.vibrahotels.com\\\/blog\\\/#website\"},\"primaryImageOfPage\":{\"@id\":\"https:\\\/\\\/www.vibrahotels.com\\\/blog\\\/cuevas-de-ibiza\\\/#primaryimage\"},\"image\":{\"@id\":\"https:\\\/\\\/www.vibrahotels.com\\\/blog\\\/cuevas-de-ibiza\\\/#primaryimage\"},\"thumbnailUrl\":\"https:\\\/\\\/www.vibrahotels.com\\\/wp-content\\\/uploads\\\/2023\\\/10\\\/44079979Master.jpg\",\"datePublished\":\"2023-10-31T09:27:00+00:00\",\"dateModified\":\"2023-11-16T11:22:58+00:00\",\"author\":{\"@id\":\"https:\\\/\\\/www.vibrahotels.com\\\/blog\\\/#\\\/schema\\\/person\\\/ad74f13df6e44e7081ef65424f668972\"},\"breadcrumb\":{\"@id\":\"https:\\\/\\\/www.vibrahotels.com\\\/blog\\\/cuevas-de-ibiza\\\/#breadcrumb\"},\"inLanguage\":\"es\",\"potentialAction\":[{\"@type\":\"ReadAction\",\"target\":[\"https:\\\/\\\/www.vibrahotels.com\\\/blog\\\/cuevas-de-ibiza\\\/\"]}]},{\"@type\":\"ImageObject\",\"inLanguage\":\"es\",\"@id\":\"https:\\\/\\\/www.vibrahotels.com\\\/blog\\\/cuevas-de-ibiza\\\/#primaryimage\",\"url\":\"https:\\\/\\\/www.vibrahotels.com\\\/wp-content\\\/uploads\\\/2023\\\/10\\\/44079979Master.jpg\",\"contentUrl\":\"https:\\\/\\\/www.vibrahotels.com\\\/wp-content\\\/uploads\\\/2023\\\/10\\\/44079979Master.jpg\"},{\"@type\":\"BreadcrumbList\",\"@id\":\"https:\\\/\\\/www.vibrahotels.com\\\/blog\\\/cuevas-de-ibiza\\\/#breadcrumb\",\"itemListElement\":[{\"@type\":\"ListItem\",\"position\":1,\"name\":\"Portada\",\"item\":\"https:\\\/\\\/www.vibrahotels.com\\\/blog\\\/\"},{\"@type\":\"ListItem\",\"position\":2,\"name\":\"Cuevas de Ibiza\"}]},{\"@type\":\"WebSite\",\"@id\":\"https:\\\/\\\/www.vibrahotels.com\\\/blog\\\/#website\",\"url\":\"https:\\\/\\\/www.vibrahotels.com\\\/blog\\\/\",\"name\":\"Islander by Vibra Hotels\",\"description\":\"\",\"potentialAction\":[{\"@type\":\"SearchAction\",\"target\":{\"@type\":\"EntryPoint\",\"urlTemplate\":\"https:\\\/\\\/www.vibrahotels.com\\\/blog\\\/?s={search_term_string}\"},\"query-input\":{\"@type\":\"PropertyValueSpecification\",\"valueRequired\":true,\"valueName\":\"search_term_string\"}}],\"inLanguage\":\"es\"},{\"@type\":\"Person\",\"@id\":\"https:\\\/\\\/www.vibrahotels.com\\\/blog\\\/#\\\/schema\\\/person\\\/ad74f13df6e44e7081ef65424f668972\",\"name\":\"The Ibiza Blog\",\"image\":{\"@type\":\"ImageObject\",\"inLanguage\":\"es\",\"@id\":\"https:\\\/\\\/secure.gravatar.com\\\/avatar\\\/d172713df318fe4ba11547ee4a70ab1eae0206026db57d7a5920186b9f5ee855?s=96&d=mm&r=g\",\"url\":\"https:\\\/\\\/secure.gravatar.com\\\/avatar\\\/d172713df318fe4ba11547ee4a70ab1eae0206026db57d7a5920186b9f5ee855?s=96&d=mm&r=g\",\"contentUrl\":\"https:\\\/\\\/secure.gravatar.com\\\/avatar\\\/d172713df318fe4ba11547ee4a70ab1eae0206026db57d7a5920186b9f5ee855?s=96&d=mm&r=g\",\"caption\":\"The Ibiza Blog\"},\"url\":\"https:\\\/\\\/www.vibrahotels.com\\\/blog\\\/author\\\/the-ibiza-blog\\\/\"}]}<\/script>\n<!-- \/ Yoast SEO plugin. -->","yoast_head_json":{"title":"Cuevas de Ibiza - Islander by Vibra Hotels","robots":{"index":"index","follow":"follow","max-snippet":"max-snippet:-1","max-image-preview":"max-image-preview:large","max-video-preview":"max-video-preview:-1"},"canonical":"https:\/\/www.vibrahotels.com\/blog\/cuevas-de-ibiza\/","og_locale":"es_ES","og_type":"article","og_title":"Cuevas de Ibiza - Islander by Vibra Hotels","og_description":"\u00bfSab\u00edas que Ibiza cuenta con unas impresionantes cuevas naturales? Si tienes verdadero esp\u00edritu aventurero, las cuevas naturales de Ibiza constituyen uno de los elementos indispensables a incluir en tu visita.\u00a0 En especial, si eres de los que les gusta internarse...","og_url":"https:\/\/www.vibrahotels.com\/blog\/cuevas-de-ibiza\/","og_site_name":"Islander by Vibra Hotels","article_published_time":"2023-10-31T09:27:00+00:00","article_modified_time":"2023-11-16T11:22:58+00:00","og_image":[{"url":"https:\/\/www.vibrahotels.com\/wp-content\/uploads\/2023\/10\/44079979Master.jpg","type":"","width":"","height":""}],"author":"The Ibiza Blog","twitter_card":"summary_large_image","twitter_misc":{"Escrito por":"The Ibiza Blog","Tiempo de lectura":"4 minutos"},"schema":{"@context":"https:\/\/schema.org","@graph":[{"@type":"Article","@id":"https:\/\/www.vibrahotels.com\/blog\/cuevas-de-ibiza\/#article","isPartOf":{"@id":"https:\/\/www.vibrahotels.com\/blog\/cuevas-de-ibiza\/"},"author":{"name":"The Ibiza Blog","@id":"https:\/\/www.vibrahotels.com\/blog\/#\/schema\/person\/ad74f13df6e44e7081ef65424f668972"},"headline":"Cuevas de Ibiza","datePublished":"2023-10-31T09:27:00+00:00","dateModified":"2023-11-16T11:22:58+00:00","mainEntityOfPage":{"@id":"https:\/\/www.vibrahotels.com\/blog\/cuevas-de-ibiza\/"},"wordCount":688,"commentCount":0,"image":{"@id":"https:\/\/www.vibrahotels.com\/blog\/cuevas-de-ibiza\/#primaryimage"},"thumbnailUrl":"https:\/\/www.vibrahotels.com\/wp-content\/uploads\/2023\/10\/44079979Master.jpg","articleSection":["Planes en Ibiza"],"inLanguage":"es","potentialAction":[{"@type":"CommentAction","name":"Comment","target":["https:\/\/www.vibrahotels.com\/blog\/cuevas-de-ibiza\/#respond"]}]},{"@type":"WebPage","@id":"https:\/\/www.vibrahotels.com\/blog\/cuevas-de-ibiza\/","url":"https:\/\/www.vibrahotels.com\/blog\/cuevas-de-ibiza\/","name":"Cuevas de Ibiza - Islander by Vibra Hotels","isPartOf":{"@id":"https:\/\/www.vibrahotels.com\/blog\/#website"},"primaryImageOfPage":{"@id":"https:\/\/www.vibrahotels.com\/blog\/cuevas-de-ibiza\/#primaryimage"},"image":{"@id":"https:\/\/www.vibrahotels.com\/blog\/cuevas-de-ibiza\/#primaryimage"},"thumbnailUrl":"https:\/\/www.vibrahotels.com\/wp-content\/uploads\/2023\/10\/44079979Master.jpg","datePublished":"2023-10-31T09:27:00+00:00","dateModified":"2023-11-16T11:22:58+00:00","author":{"@id":"https:\/\/www.vibrahotels.com\/blog\/#\/schema\/person\/ad74f13df6e44e7081ef65424f668972"},"breadcrumb":{"@id":"https:\/\/www.vibrahotels.com\/blog\/cuevas-de-ibiza\/#breadcrumb"},"inLanguage":"es","potentialAction":[{"@type":"ReadAction","target":["https:\/\/www.vibrahotels.com\/blog\/cuevas-de-ibiza\/"]}]},{"@type":"ImageObject","inLanguage":"es","@id":"https:\/\/www.vibrahotels.com\/blog\/cuevas-de-ibiza\/#primaryimage","url":"https:\/\/www.vibrahotels.com\/wp-content\/uploads\/2023\/10\/44079979Master.jpg","contentUrl":"https:\/\/www.vibrahotels.com\/wp-content\/uploads\/2023\/10\/44079979Master.jpg"},{"@type":"BreadcrumbList","@id":"https:\/\/www.vibrahotels.com\/blog\/cuevas-de-ibiza\/#breadcrumb","itemListElement":[{"@type":"ListItem","position":1,"name":"Portada","item":"https:\/\/www.vibrahotels.com\/blog\/"},{"@type":"ListItem","position":2,"name":"Cuevas de Ibiza"}]},{"@type":"WebSite","@id":"https:\/\/www.vibrahotels.com\/blog\/#website","url":"https:\/\/www.vibrahotels.com\/blog\/","name":"Islander by Vibra Hotels","description":"","potentialAction":[{"@type":"SearchAction","target":{"@type":"EntryPoint","urlTemplate":"https:\/\/www.vibrahotels.com\/blog\/?s={search_term_string}"},"query-input":{"@type":"PropertyValueSpecification","valueRequired":true,"valueName":"search_term_string"}}],"inLanguage":"es"},{"@type":"Person","@id":"https:\/\/www.vibrahotels.com\/blog\/#\/schema\/person\/ad74f13df6e44e7081ef65424f668972","name":"The Ibiza Blog","image":{"@type":"ImageObject","inLanguage":"es","@id":"https:\/\/secure.gravatar.com\/avatar\/d172713df318fe4ba11547ee4a70ab1eae0206026db57d7a5920186b9f5ee855?s=96&d=mm&r=g","url":"https:\/\/secure.gravatar.com\/avatar\/d172713df318fe4ba11547ee4a70ab1eae0206026db57d7a5920186b9f5ee855?s=96&d=mm&r=g","contentUrl":"https:\/\/secure.gravatar.com\/avatar\/d172713df318fe4ba11547ee4a70ab1eae0206026db57d7a5920186b9f5ee855?s=96&d=mm&r=g","caption":"The Ibiza Blog"},"url":"https:\/\/www.vibrahotels.com\/blog\/author\/the-ibiza-blog\/"}]}},"_links":{"self":[{"href":"https:\/\/www.vibrahotels.com\/blog\/wp-json\/wp\/v2\/posts\/6823","targetHints":{"allow":["GET"]}}],"collection":[{"href":"https:\/\/www.vibrahotels.com\/blog\/wp-json\/wp\/v2\/posts"}],"about":[{"href":"https:\/\/www.vibrahotels.com\/blog\/wp-json\/wp\/v2\/types\/post"}],"author":[{"embeddable":true,"href":"https:\/\/www.vibrahotels.com\/blog\/wp-json\/wp\/v2\/users\/1"}],"replies":[{"embeddable":true,"href":"https:\/\/www.vibrahotels.com\/blog\/wp-json\/wp\/v2\/comments?post=6823"}],"version-history":[{"count":2,"href":"https:\/\/www.vibrahotels.com\/blog\/wp-json\/wp\/v2\/posts\/6823\/revisions"}],"predecessor-version":[{"id":6841,"href":"https:\/\/www.vibrahotels.com\/blog\/wp-json\/wp\/v2\/posts\/6823\/revisions\/6841"}],"wp:attachment":[{"href":"https:\/\/www.vibrahotels.com\/blog\/wp-json\/wp\/v2\/media?parent=6823"}],"wp:term":[{"taxonomy":"category","embeddable":true,"href":"https:\/\/www.vibrahotels.com\/blog\/wp-json\/wp\/v2\/categories?post=6823"},{"taxonomy":"post_tag","embeddable":true,"href":"https:\/\/www.vibrahotels.com\/blog\/wp-json\/wp\/v2\/tags?post=6823"}],"curies":[{"name":"wp","href":"https:\/\/api.w.org\/{rel}","templated":true}]}}