{"id":6772,"date":"2023-10-06T11:30:02","date_gmt":"2023-10-06T09:30:02","guid":{"rendered":"https:\/\/www.vibrahotels.com\/?p=6772"},"modified":"2024-07-09T15:47:31","modified_gmt":"2024-07-09T13:47:31","slug":"ruta-cultural-y-natural-por-la-ibiza-desconocida-y-popular","status":"publish","type":"post","link":"https:\/\/www.vibrahotels.com\/blog\/ruta-cultural-y-natural-por-la-ibiza-desconocida-y-popular\/","title":{"rendered":"Ruta cultural y natural por la Ibiza desconocida y popular"},"content":{"rendered":"<p>\u00bfEres de los que disfruta visitando lugares llenos de cultura o dando un paseo por un frondoso bosque de pinos con el mar de fondo?\u00a0 Ibiza es el lugar ideal \u00a1lo tiene todo!<\/p>\n<p>No lo dudes, nos solo son fiestas y playas, Ibiza es un rinc\u00f3n del Mediterr\u00e1neo de gran valor cultural y est\u00e9tico.\u00a0 Merece la pena y, aqu\u00ed te lo vamos a contar todo, para que puedas disfrutar al m\u00e1ximo, deleit\u00e1ndote con buenas tardes al sol y ba\u00f1os en aguas turquesa, acompa\u00f1adas de ma\u00f1anas de cultura y naturaleza.<\/p>\n<p>Empezamos por las visitas que no te debes perder.\u00a0 Son tambi\u00e9n ideales para hacer en familia o con amigos, ver\u00e1s espacios incre\u00edbles y aprender\u00e1s cosas interesantes sobre la historia de la isla.<\/p>\n<p>Ya sabes que, a lo largo de la historia de Ibiza, siempre se han producido interacciones con otras culturas, como por ejemplo la fenicia, la \u00e1rabe o la romana.\u00a0 Ibiza cuenta con una gran riqueza cultural como consecuencia de las ocupaciones que ha sufrido, y esto queda reflejado en los monumentos que se pueden visitar y van desde la \u00e9poca p\u00fanica hasta hoy en d\u00eda.<\/p>\n<p>\u00a1Iniciamos el recorrido! No tiene que ser en este mismo orden, solamente os enumeramos lo que conviene visitar, para hacerse una buena idea del paso del tiempo por la isla de Ibiza.<\/p>\n<p>&nbsp;<\/p>\n<p><a href=\"https:\/\/visitsantaeulalia.com\/directorio\/can-ros\/\"><strong>Museo de Etnograf\u00eda<\/strong><\/a><strong>.\u00a0 <\/strong>Se encuentra ubicado en una<strong>\u00a0<\/strong>antigua casa payesa y muestra una colecci\u00f3n de\u00a0joyer\u00eda, indumentaria y amplia variedad de objetos dom\u00e9sticos cl\u00e1sicos.<\/p>\n<p>Aqu\u00ed podr\u00e9is ver la cueva del vino y son imprescindibles las vistas desde el porche superior, desde donde divisar la totalidad litoral\u00a0de Santa Eul\u00e0ria des Riu.<img loading=\"lazy\" decoding=\"async\" class=\"alignnone size-full wp-image-6800\" src=\"https:\/\/www.vibrahotels.com\/wp-content\/uploads\/2023\/10\/museu-etnografic-01-75789798-1.jpeg\" alt=\"\" width=\"960\" height=\"650\" srcset=\"https:\/\/www.vibrahotels.com\/blog\/wp-content\/uploads\/2023\/10\/museu-etnografic-01-75789798-1.jpeg 960w, https:\/\/www.vibrahotels.com\/blog\/wp-content\/uploads\/2023\/10\/museu-etnografic-01-75789798-1-300x203.jpeg 300w, https:\/\/www.vibrahotels.com\/blog\/wp-content\/uploads\/2023\/10\/museu-etnografic-01-75789798-1-768x520.jpeg 768w\" sizes=\"auto, (max-width: 960px) 100vw, 960px\" \/><\/p>\n<p><a href=\"https:\/\/www.eivissa.es\/portal\/index.php\/es\/museos\/8701-baluartes-de-sant-pere-y-de-sant-jaume\"><strong>Baluartes Museizados de Sant Pere<\/strong><\/a><strong> y Sant Jaume<\/strong>.\u00a0 Se trata de espacios interactivos donde muestran c\u00f3mo se construyeron las\u00a0murallas, con\u00a0distintas proyecciones sobre el proceso constructivo, una reproducci\u00f3n del andamiaje original del Renacimiento e informaci\u00f3n sobre las dificultades que entra\u00f1\u00f3 la conclusi\u00f3n de la fortaleza.<strong>\u00a0<\/strong>En esta ruta nos explican<strong>\u00a0<\/strong>c\u00f3mo eran\u00a0las armas\u00a0que se utilizaron en la \u00e9poca renacentista y su prop\u00f3sito es mostrar a los visitantes \u201cc\u00f3mo\u00a0la aparici\u00f3n de la pirobal\u00edstica afect\u00f3 a las estructuras\u00a0y m\u00e9todos constructivos de las fortalezas amuralladas\u201d seg\u00fan citan las fuetes de los propios Baluartes Museizados.<\/p>\n<p>&nbsp;<\/p>\n<p><a href=\"https:\/\/www.eivissa.es\/portal\/index.php\/es\/bienes-declarados-patrimonio\/poblado-fenicio-de-sa-caleta\"><strong>Poblado Fenicio de Sa Caleta<\/strong><\/a><strong>.\u00a0 <\/strong>No dejes de visitar este campamento fenicio del siglo VII a.c. y que ha sido declarado<strong>\u00a0<\/strong>patrimonio de la Humanidad\u00a0por la UNESCO. Est\u00e1 situado en Sa Caleta,\u00a0una peque\u00f1a pen\u00ednsula entre dos playas (la de Es Codolar y des Jondal) en la costa Sur de la isla. Cuenta la historia que quiz\u00e1s, en un principio, Sa Caleta fuese una especie de\u00a0base provisional y estacionaria, tanto para prospecciones<\/p>\n<p>econ\u00f3micas y geogr\u00e1ficas en las mismas islas, como para los intercambios que desde el Sur de la pen\u00ednsula se realizaban con las costas del Este y el Noroeste, incluso con el Mediterr\u00e1neo central.<img loading=\"lazy\" decoding=\"async\" class=\"alignnone size-full wp-image-6792\" src=\"https:\/\/www.vibrahotels.com\/wp-content\/uploads\/2023\/10\/shutterstock_1242124855-scaled.jpg\" alt=\"\" width=\"2560\" height=\"1709\" srcset=\"https:\/\/www.vibrahotels.com\/blog\/wp-content\/uploads\/2023\/10\/shutterstock_1242124855-scaled.jpg 2560w, https:\/\/www.vibrahotels.com\/blog\/wp-content\/uploads\/2023\/10\/shutterstock_1242124855-300x200.jpg 300w, https:\/\/www.vibrahotels.com\/blog\/wp-content\/uploads\/2023\/10\/shutterstock_1242124855-1024x684.jpg 1024w, https:\/\/www.vibrahotels.com\/blog\/wp-content\/uploads\/2023\/10\/shutterstock_1242124855-768x513.jpg 768w, https:\/\/www.vibrahotels.com\/blog\/wp-content\/uploads\/2023\/10\/shutterstock_1242124855-1536x1025.jpg 1536w, https:\/\/www.vibrahotels.com\/blog\/wp-content\/uploads\/2023\/10\/shutterstock_1242124855-2048x1367.jpg 2048w\" sizes=\"auto, (max-width: 2560px) 100vw, 2560px\" \/><\/p>\n<p><a href=\"https:\/\/www.eivissa.es\/portal\/index.php\/es\/museos\/8702-madina-yabisa-curia\"><strong>Madina Yabisa<\/strong>.<\/a>\u00a0 Se trata de un Centro de Interpretaci\u00f3n situado\u00a0dentro del edificio de La Casa de la Curia,\u00a0en la\u00a0acr\u00f3polis de Dalt Vila<strong>.\u00a0<\/strong>Durante el siglo XVI, fue sede de los tribunales de justicia y uno de los\u00a0centros de poder de Ibiza. Dentro recibir\u00e1s informaci\u00f3n gr\u00e1fica que te permitir\u00e1 conocer muy de cerca la\u00a0historia de la ciudad en especial en la \u00e9poca musulmana<strong>.<\/strong><\/p>\n<p>&nbsp;<\/p>\n<p><a href=\"https:\/\/www.google.es\/maps\/dir\/38.91746,1.43013\/Santuario+Des+Culleram+Ibiza\/@38.9998924,1.3439164,11z\/data=!3m1!4b1!4m9!4m8!1m1!4e1!1m5!1m1!1s0x129916c0422ebb21:0x3ca631849859c730!2m2!1d1.5805364!2d39.0826801?entry=ttu\"><strong>Santuario Des Culleram<\/strong><\/a><strong>.\u00a0\u00a0 <\/strong>Este santuario p\u00fanico es una cueva natural que\u00a0fue\u00a0descubierta el a\u00f1o 1907<strong>,<\/strong>\u00a0y aquel mismo a\u00f1o se llevaron a cabo excavaciones, en las que descubrieron grandes cantidades de figuras de terracota y otros materiales, como un le\u00f3n de hueso y de marfil.<\/p>\n<p>El santuario es espectacular al encontrarse en una<strong>\u00a0gran cavidad natural<\/strong>\u00a0que la circulaci\u00f3n de agua hab\u00eda subdividido en diversas salas, especialmente dos grandes, separadas por una gran\u00a0cortina de estalactitas\u00a0que todav\u00eda podr\u00e1s ver.<img loading=\"lazy\" decoding=\"async\" class=\"alignnone size-full wp-image-6778\" src=\"https:\/\/www.vibrahotels.com\/wp-content\/uploads\/2023\/10\/cueva-de-Es-Culleram-exterior.jpg\" alt=\"\" width=\"640\" height=\"428\" srcset=\"https:\/\/www.vibrahotels.com\/blog\/wp-content\/uploads\/2023\/10\/cueva-de-Es-Culleram-exterior.jpg 640w, https:\/\/www.vibrahotels.com\/blog\/wp-content\/uploads\/2023\/10\/cueva-de-Es-Culleram-exterior-300x201.jpg 300w\" sizes=\"auto, (max-width: 640px) 100vw, 640px\" \/><\/p>\n<p>Te aconsejamos ir haciendo estas visitas culturales, intercaladas con las rutas naturales que te contamos a continuaci\u00f3n \u00a1No puede haber mejor plan!<\/p>\n<p>La naturaleza de Ibiza es uno de los atractivos m\u00e1s impresionantes de la isla: Inmensos bosques de pino mediterr\u00e1neo llenan sus paisajes. Los pinos bajan hasta las playas con calas de aguas turquesas, islotes, y el\u00a0<a href=\"https:\/\/www.formentera.es\/la-isla\/flora-y-fauna\/parc-natural-de-ses-salines\/\">Parque Natural de Ses Salines<strong>\u00a0<\/strong><\/a>o las\u00a0<strong>Reservas Naturales de Es Vedr\u00e0<\/strong>,\u00a0<strong>Es Vedranell y<\/strong>\u00a0los\u00a0<strong>islotes de Poniente<\/strong>\u00a0son de aquellos parajes que te quedar\u00e1n grabados en la retina.<\/p>\n<p>Empecemos por el\u00a0<a href=\"https:\/\/es.balearsnatura.com\/parque_natural\/parc-natural-de-ses-salines-deivissa-i-formentera\/\"><strong>Parque Natural de Ses Salines<\/strong><\/a>, que comprende un \u00e1rea situada entre el sur de Ibiza y el norte de Formentera y ocupa un territorio de 1.786,52 hect\u00e1reas terrestres y 13.611,80 marinas. En este parque podemos encontrar, desde los estanques de las salinas, las playas, hasta los cordones lunares con sabinas centenarias, los acantilados y las costas rocosas, donde se encuentran como el\u00a0<strong>halc\u00f3n<\/strong> <strong>peregrino<\/strong>\u00a0y el\u00a0<strong>\u00e1guila pescadora<\/strong>, y los islotes des Freus (s\u2019Espalmador, s\u2019Espardell, el islote des Penjats, entre otros). <img loading=\"lazy\" decoding=\"async\" class=\"alignnone size-full wp-image-6796\" src=\"https:\/\/www.vibrahotels.com\/wp-content\/uploads\/2023\/10\/shutterstock_1918251359-scaled.jpg\" alt=\"\" width=\"2560\" height=\"1392\" srcset=\"https:\/\/www.vibrahotels.com\/blog\/wp-content\/uploads\/2023\/10\/shutterstock_1918251359-scaled.jpg 2560w, https:\/\/www.vibrahotels.com\/blog\/wp-content\/uploads\/2023\/10\/shutterstock_1918251359-300x163.jpg 300w, https:\/\/www.vibrahotels.com\/blog\/wp-content\/uploads\/2023\/10\/shutterstock_1918251359-1024x557.jpg 1024w, https:\/\/www.vibrahotels.com\/blog\/wp-content\/uploads\/2023\/10\/shutterstock_1918251359-768x418.jpg 768w, https:\/\/www.vibrahotels.com\/blog\/wp-content\/uploads\/2023\/10\/shutterstock_1918251359-1536x835.jpg 1536w, https:\/\/www.vibrahotels.com\/blog\/wp-content\/uploads\/2023\/10\/shutterstock_1918251359-2048x1114.jpg 2048w\" sizes=\"auto, (max-width: 2560px) 100vw, 2560px\" \/><\/p>\n<p><strong>La <\/strong><a href=\"https:\/\/www.caib.es\/sites\/espaisnaturalsprotegits\/es\/reservas_naturales_des_vedra_es_vedranell_i_els_illots_de_ponent-21789\/\">Reserva Natural de es Vedr\u00e0<\/a><strong>, es Vedranell i de los islotes de Poniente<\/strong>\u00a0se encuentra en el sudoeste de la isla en el t\u00e9rmino municipal de\u00a0<strong>Sant Josep<\/strong><strong>\u00a0<\/strong><strong>de sa Talaia<\/strong>. El territorio protegido comprende islotes, medio marino, acantilados, torrentes, playas y campos de cultivo, bosques e importantes macizos monta\u00f1osos. Una caracter\u00edstica relevante es que esta reserva incluye la elevaci\u00f3n m\u00e1s importante de la isla de Ibiza,\u00a0<strong>sa Talaia<\/strong>, con 485 mts de altura sobre el nivel del mar.\u00a0 Aqu\u00ed disfrutar\u00e1s de las m\u00e1s espectaculares\u00a0<strong>puestas de sol<\/strong>, ba\u00f1arse en aguas cristalinas, o pasear por campos de almendros en flor y otros frutales perfumados por el romero, tomillo y lavanda.<img loading=\"lazy\" decoding=\"async\" class=\"alignnone size-full wp-image-6794\" src=\"https:\/\/www.vibrahotels.com\/wp-content\/uploads\/2023\/10\/shutterstock_1310945447-scaled.jpg\" alt=\"\" width=\"2560\" height=\"1707\" srcset=\"https:\/\/www.vibrahotels.com\/blog\/wp-content\/uploads\/2023\/10\/shutterstock_1310945447-scaled.jpg 2560w, https:\/\/www.vibrahotels.com\/blog\/wp-content\/uploads\/2023\/10\/shutterstock_1310945447-300x200.jpg 300w, https:\/\/www.vibrahotels.com\/blog\/wp-content\/uploads\/2023\/10\/shutterstock_1310945447-1024x683.jpg 1024w, https:\/\/www.vibrahotels.com\/blog\/wp-content\/uploads\/2023\/10\/shutterstock_1310945447-768x512.jpg 768w, https:\/\/www.vibrahotels.com\/blog\/wp-content\/uploads\/2023\/10\/shutterstock_1310945447-1536x1024.jpg 1536w, https:\/\/www.vibrahotels.com\/blog\/wp-content\/uploads\/2023\/10\/shutterstock_1310945447-2048x1365.jpg 2048w\" sizes=\"auto, (max-width: 2560px) 100vw, 2560px\" \/><\/p>\n<p>M\u00e1s al norte, est\u00e1 el espacio protegido de\u00a0<strong>Es Amunts<\/strong>\u00a0y los pueblos de\u00a0<strong>Sant Mateu, Santa Agn\u00e8s, Sant Agust\u00ed o Es Cubells, zonas donde se respira la calma<\/strong><strong>.<\/strong><\/p>\n<p><strong>Tambi\u00e9n encontramos el pueblo de <\/strong><a href=\"https:\/\/www.viamichelin.es\/web\/Itinerarios\/Itinerario-Ibiza-07800-Balears-Espana-hacia-Sant_Mateu-_-Balears-Espana\">Sant Mateu\u00a0<\/a>muy peque\u00f1o y acogedor, y que cultiva una antigua tradici\u00f3n de cultivo de vino. En el mes de diciembre se celebra la\u00a0<strong>Fiesta del Vino<\/strong>, en la que se dan cita cientos de personas para catar los caldos de la isla.<\/p>\n<p>La carretera que une <a href=\"https:\/\/visit.santantoni.net\/que-hacer\/pueblos-y-zonas\/sant-rafel-de-sa-creu\/\">Sant Rafel<\/a> y Santa Agn\u00e8s transcurre en sus tres \u00faltimos kil\u00f3metros por el \u00e1rea de Es Amunts, catalogada como zona natural protegida.\u00a0<a href=\"https:\/\/visit.santantoni.net\/que-hacer\/pueblos-y-zonas\/santa-agnes-de-corona\/\">Santa Agn\u00e8s\u00a0<\/a>se convierte en el principal atractivo de la isla en las noches de luna llena de enero y febrero, cuando las gentes acuden para contemplar sus cientos de\u00a0<strong>almendros en flor<\/strong>. Su iglesia fue construida en 1812 y en su interior guarda una talla de la Madre de Dios del Rosario, que data de la misma \u00e9poca que el templo.<img loading=\"lazy\" decoding=\"async\" class=\"alignnone size-full wp-image-6782\" src=\"https:\/\/www.vibrahotels.com\/wp-content\/uploads\/2023\/10\/shutterstock_107515313-scaled.jpg\" alt=\"\" width=\"1707\" height=\"2560\" srcset=\"https:\/\/www.vibrahotels.com\/blog\/wp-content\/uploads\/2023\/10\/shutterstock_107515313-scaled.jpg 1707w, https:\/\/www.vibrahotels.com\/blog\/wp-content\/uploads\/2023\/10\/shutterstock_107515313-200x300.jpg 200w, https:\/\/www.vibrahotels.com\/blog\/wp-content\/uploads\/2023\/10\/shutterstock_107515313-683x1024.jpg 683w, https:\/\/www.vibrahotels.com\/blog\/wp-content\/uploads\/2023\/10\/shutterstock_107515313-768x1152.jpg 768w, https:\/\/www.vibrahotels.com\/blog\/wp-content\/uploads\/2023\/10\/shutterstock_107515313-1024x1536.jpg 1024w, https:\/\/www.vibrahotels.com\/blog\/wp-content\/uploads\/2023\/10\/shutterstock_107515313-1365x2048.jpg 1365w\" sizes=\"auto, (max-width: 1707px) 100vw, 1707px\" \/><\/p>\n<p><a href=\"https:\/\/www.santjosep.org\/es\/tu-municipio\/zonas-de-poblacion\/sant-agusti-cala-de-bou\/\">Sant Agust\u00ed\u00a0<\/a>es uno de los pueblos mejor conservados de la isla. \u00a0Su casa parroquial, situada en la parte trasera de la iglesia, la torre de piedra que hay al fondo y las casas payesas que rodean la plaza. Desde la colina se divisan los campos del entorno, famosos por albergar vides que producen un vino tinto casero y afrutado. Muy cerca podr\u00e1s encontrar numerosas playas v\u00edrgenes, como\u00a0<a href=\"https:\/\/ibiza.travel\/playas\/platges-de-comte\/\">Platges de Comte\u00a0<\/a>o<strong>\u00a0<\/strong><strong>Cala Bassa<\/strong>.<img loading=\"lazy\" decoding=\"async\" class=\"alignnone size-full wp-image-6790\" src=\"https:\/\/www.vibrahotels.com\/wp-content\/uploads\/2023\/10\/shutterstock_650412016-scaled.jpg\" alt=\"\" width=\"2560\" height=\"1707\" srcset=\"https:\/\/www.vibrahotels.com\/blog\/wp-content\/uploads\/2023\/10\/shutterstock_650412016-scaled.jpg 2560w, https:\/\/www.vibrahotels.com\/blog\/wp-content\/uploads\/2023\/10\/shutterstock_650412016-300x200.jpg 300w, https:\/\/www.vibrahotels.com\/blog\/wp-content\/uploads\/2023\/10\/shutterstock_650412016-1024x683.jpg 1024w, https:\/\/www.vibrahotels.com\/blog\/wp-content\/uploads\/2023\/10\/shutterstock_650412016-768x512.jpg 768w, https:\/\/www.vibrahotels.com\/blog\/wp-content\/uploads\/2023\/10\/shutterstock_650412016-1536x1024.jpg 1536w, https:\/\/www.vibrahotels.com\/blog\/wp-content\/uploads\/2023\/10\/shutterstock_650412016-2048x1365.jpg 2048w\" sizes=\"auto, (max-width: 2560px) 100vw, 2560px\" \/><img loading=\"lazy\" decoding=\"async\" class=\"alignnone size-full wp-image-6786\" src=\"https:\/\/www.vibrahotels.com\/wp-content\/uploads\/2023\/10\/shutterstock_158599139-scaled.jpg\" alt=\"\" width=\"2560\" height=\"1707\" srcset=\"https:\/\/www.vibrahotels.com\/blog\/wp-content\/uploads\/2023\/10\/shutterstock_158599139-scaled.jpg 2560w, https:\/\/www.vibrahotels.com\/blog\/wp-content\/uploads\/2023\/10\/shutterstock_158599139-300x200.jpg 300w, https:\/\/www.vibrahotels.com\/blog\/wp-content\/uploads\/2023\/10\/shutterstock_158599139-1024x683.jpg 1024w, https:\/\/www.vibrahotels.com\/blog\/wp-content\/uploads\/2023\/10\/shutterstock_158599139-768x512.jpg 768w, https:\/\/www.vibrahotels.com\/blog\/wp-content\/uploads\/2023\/10\/shutterstock_158599139-1536x1024.jpg 1536w, https:\/\/www.vibrahotels.com\/blog\/wp-content\/uploads\/2023\/10\/shutterstock_158599139-2048x1365.jpg 2048w\" sizes=\"auto, (max-width: 2560px) 100vw, 2560px\" \/><\/p>\n<p><a href=\"https:\/\/www.santjosep.org\/es\/tu-municipio\/zonas-de-poblacion\/es-cubells\/\">Es Cubells<\/a> cuenta con un diminuto n\u00facleo urbano, y se encuentra situada al borde de un gran acantilado.\u00a0 La mayor\u00eda de los habitantes de Es Cubells viven en los campos colindantes.<img loading=\"lazy\" decoding=\"async\" class=\"alignnone size-full wp-image-6784\" src=\"https:\/\/www.vibrahotels.com\/wp-content\/uploads\/2023\/10\/shutterstock_157703648-scaled.jpg\" alt=\"\" width=\"2560\" height=\"1707\" srcset=\"https:\/\/www.vibrahotels.com\/blog\/wp-content\/uploads\/2023\/10\/shutterstock_157703648-scaled.jpg 2560w, https:\/\/www.vibrahotels.com\/blog\/wp-content\/uploads\/2023\/10\/shutterstock_157703648-300x200.jpg 300w, https:\/\/www.vibrahotels.com\/blog\/wp-content\/uploads\/2023\/10\/shutterstock_157703648-1024x683.jpg 1024w, https:\/\/www.vibrahotels.com\/blog\/wp-content\/uploads\/2023\/10\/shutterstock_157703648-768x512.jpg 768w, https:\/\/www.vibrahotels.com\/blog\/wp-content\/uploads\/2023\/10\/shutterstock_157703648-1536x1024.jpg 1536w, https:\/\/www.vibrahotels.com\/blog\/wp-content\/uploads\/2023\/10\/shutterstock_157703648-2048x1365.jpg 2048w\" sizes=\"auto, (max-width: 2560px) 100vw, 2560px\" \/><\/p>\n<p>Durante tu recorrido por la isla de Ibiza observar\u00e1s que cuenta con un patrimonio natural que se mantiene virgen, donde destacan olivos, sabinas, halcones, liebres o podencos.<img loading=\"lazy\" decoding=\"async\" class=\"alignnone size-full wp-image-6788\" src=\"https:\/\/www.vibrahotels.com\/wp-content\/uploads\/2023\/10\/shutterstock_264217706-1-scaled.jpg\" alt=\"\" width=\"2560\" height=\"1690\" srcset=\"https:\/\/www.vibrahotels.com\/blog\/wp-content\/uploads\/2023\/10\/shutterstock_264217706-1-scaled.jpg 2560w, https:\/\/www.vibrahotels.com\/blog\/wp-content\/uploads\/2023\/10\/shutterstock_264217706-1-300x198.jpg 300w, https:\/\/www.vibrahotels.com\/blog\/wp-content\/uploads\/2023\/10\/shutterstock_264217706-1-1024x676.jpg 1024w, https:\/\/www.vibrahotels.com\/blog\/wp-content\/uploads\/2023\/10\/shutterstock_264217706-1-768x507.jpg 768w, https:\/\/www.vibrahotels.com\/blog\/wp-content\/uploads\/2023\/10\/shutterstock_264217706-1-1536x1014.jpg 1536w, https:\/\/www.vibrahotels.com\/blog\/wp-content\/uploads\/2023\/10\/shutterstock_264217706-1-2048x1352.jpg 2048w\" sizes=\"auto, (max-width: 2560px) 100vw, 2560px\" \/><\/p>\n<p>Tras estas largas jornadas de visitas a sitios excitantes, llenos de colorido y diversidad, desde el azul de sus aguas cristalinas, hasta el amarillo intenso de sus campos, necesitar\u00e1s un merecido descanso.\u00a0 Te proponemos visitar los <a href=\"https:\/\/www.vibrahotels.com\/es\/ibiza\">mejores hoteles de la isla por su excelente relaci\u00f3n calidad-precio<\/a>, donde adem\u00e1s podr\u00e1s disfrutar de deliciosos desayunos para reponer fuerzas.<\/p>\n<p>&nbsp;<\/p>\n","protected":false},"excerpt":{"rendered":"<p>\u00bfEres de los que disfruta visitando lugares llenos de cultura o dando un paseo por un frondoso bosque de pinos con el mar de fondo?\u00a0 Ibiza es el lugar ideal \u00a1lo tiene todo! No lo dudes, nos solo son fiestas&#8230;<\/p>\n","protected":false},"author":1,"featured_media":6794,"comment_status":"open","ping_status":"open","sticky":false,"template":"","format":"standard","meta":{"footnotes":""},"categories":[1311,1297],"tags":[],"class_list":["post-6772","post","type-post","status-publish","format-standard","has-post-thumbnail","hentry","category-planes-en-ibiza","category-travel"],"yoast_head":"<!-- This site is optimized with the Yoast SEO plugin v27.4 - https:\/\/yoast.com\/product\/yoast-seo-wordpress\/ -->\n<title>Ruta cultural y natural por la Ibiza desconocida y popular - Islander by Vibra Hotels<\/title>\n<meta name=\"robots\" content=\"index, follow, max-snippet:-1, max-image-preview:large, max-video-preview:-1\" \/>\n<link rel=\"canonical\" href=\"https:\/\/www.vibrahotels.com\/blog\/ruta-cultural-y-natural-por-la-ibiza-desconocida-y-popular\/\" \/>\n<meta property=\"og:locale\" content=\"es_ES\" \/>\n<meta property=\"og:type\" content=\"article\" \/>\n<meta property=\"og:title\" content=\"Ruta cultural y natural por la Ibiza desconocida y popular - Islander by Vibra Hotels\" \/>\n<meta property=\"og:description\" content=\"\u00bfEres de los que disfruta visitando lugares llenos de cultura o dando un paseo por un frondoso bosque de pinos con el mar de fondo?\u00a0 Ibiza es el lugar ideal \u00a1lo tiene todo! No lo dudes, nos solo son fiestas...\" \/>\n<meta property=\"og:url\" content=\"https:\/\/www.vibrahotels.com\/blog\/ruta-cultural-y-natural-por-la-ibiza-desconocida-y-popular\/\" \/>\n<meta property=\"og:site_name\" content=\"Islander by Vibra Hotels\" \/>\n<meta property=\"article:published_time\" content=\"2023-10-06T09:30:02+00:00\" \/>\n<meta property=\"article:modified_time\" content=\"2024-07-09T13:47:31+00:00\" \/>\n<meta property=\"og:image\" content=\"https:\/\/www.vibrahotels.com\/blog\/wp-content\/uploads\/2023\/10\/shutterstock_1310945447-scaled.jpg\" \/>\n\t<meta property=\"og:image:width\" content=\"2560\" \/>\n\t<meta property=\"og:image:height\" content=\"1707\" \/>\n\t<meta property=\"og:image:type\" content=\"image\/jpeg\" \/>\n<meta name=\"author\" content=\"The Ibiza Blog\" \/>\n<meta name=\"twitter:card\" content=\"summary_large_image\" \/>\n<meta name=\"twitter:label1\" content=\"Escrito por\" \/>\n\t<meta name=\"twitter:data1\" content=\"The Ibiza Blog\" \/>\n\t<meta name=\"twitter:label2\" content=\"Tiempo de lectura\" \/>\n\t<meta name=\"twitter:data2\" content=\"8 minutos\" \/>\n<script type=\"application\/ld+json\" class=\"yoast-schema-graph\">{\"@context\":\"https:\\\/\\\/schema.org\",\"@graph\":[{\"@type\":\"Article\",\"@id\":\"https:\\\/\\\/www.vibrahotels.com\\\/blog\\\/ruta-cultural-y-natural-por-la-ibiza-desconocida-y-popular\\\/#article\",\"isPartOf\":{\"@id\":\"https:\\\/\\\/www.vibrahotels.com\\\/blog\\\/ruta-cultural-y-natural-por-la-ibiza-desconocida-y-popular\\\/\"},\"author\":{\"name\":\"The Ibiza Blog\",\"@id\":\"https:\\\/\\\/www.vibrahotels.com\\\/blog\\\/#\\\/schema\\\/person\\\/ad74f13df6e44e7081ef65424f668972\"},\"headline\":\"Ruta cultural y natural por la Ibiza desconocida y popular\",\"datePublished\":\"2023-10-06T09:30:02+00:00\",\"dateModified\":\"2024-07-09T13:47:31+00:00\",\"mainEntityOfPage\":{\"@id\":\"https:\\\/\\\/www.vibrahotels.com\\\/blog\\\/ruta-cultural-y-natural-por-la-ibiza-desconocida-y-popular\\\/\"},\"wordCount\":1352,\"commentCount\":0,\"image\":{\"@id\":\"https:\\\/\\\/www.vibrahotels.com\\\/blog\\\/ruta-cultural-y-natural-por-la-ibiza-desconocida-y-popular\\\/#primaryimage\"},\"thumbnailUrl\":\"https:\\\/\\\/www.vibrahotels.com\\\/blog\\\/wp-content\\\/uploads\\\/2023\\\/10\\\/shutterstock_1310945447-scaled.jpg\",\"articleSection\":[\"Planes en Ibiza\",\"Travel\"],\"inLanguage\":\"es\",\"potentialAction\":[{\"@type\":\"CommentAction\",\"name\":\"Comment\",\"target\":[\"https:\\\/\\\/www.vibrahotels.com\\\/blog\\\/ruta-cultural-y-natural-por-la-ibiza-desconocida-y-popular\\\/#respond\"]}]},{\"@type\":\"WebPage\",\"@id\":\"https:\\\/\\\/www.vibrahotels.com\\\/blog\\\/ruta-cultural-y-natural-por-la-ibiza-desconocida-y-popular\\\/\",\"url\":\"https:\\\/\\\/www.vibrahotels.com\\\/blog\\\/ruta-cultural-y-natural-por-la-ibiza-desconocida-y-popular\\\/\",\"name\":\"Ruta cultural y natural por la Ibiza desconocida y popular - Islander by Vibra Hotels\",\"isPartOf\":{\"@id\":\"https:\\\/\\\/www.vibrahotels.com\\\/blog\\\/#website\"},\"primaryImageOfPage\":{\"@id\":\"https:\\\/\\\/www.vibrahotels.com\\\/blog\\\/ruta-cultural-y-natural-por-la-ibiza-desconocida-y-popular\\\/#primaryimage\"},\"image\":{\"@id\":\"https:\\\/\\\/www.vibrahotels.com\\\/blog\\\/ruta-cultural-y-natural-por-la-ibiza-desconocida-y-popular\\\/#primaryimage\"},\"thumbnailUrl\":\"https:\\\/\\\/www.vibrahotels.com\\\/blog\\\/wp-content\\\/uploads\\\/2023\\\/10\\\/shutterstock_1310945447-scaled.jpg\",\"datePublished\":\"2023-10-06T09:30:02+00:00\",\"dateModified\":\"2024-07-09T13:47:31+00:00\",\"author\":{\"@id\":\"https:\\\/\\\/www.vibrahotels.com\\\/blog\\\/#\\\/schema\\\/person\\\/ad74f13df6e44e7081ef65424f668972\"},\"breadcrumb\":{\"@id\":\"https:\\\/\\\/www.vibrahotels.com\\\/blog\\\/ruta-cultural-y-natural-por-la-ibiza-desconocida-y-popular\\\/#breadcrumb\"},\"inLanguage\":\"es\",\"potentialAction\":[{\"@type\":\"ReadAction\",\"target\":[\"https:\\\/\\\/www.vibrahotels.com\\\/blog\\\/ruta-cultural-y-natural-por-la-ibiza-desconocida-y-popular\\\/\"]}]},{\"@type\":\"ImageObject\",\"inLanguage\":\"es\",\"@id\":\"https:\\\/\\\/www.vibrahotels.com\\\/blog\\\/ruta-cultural-y-natural-por-la-ibiza-desconocida-y-popular\\\/#primaryimage\",\"url\":\"https:\\\/\\\/www.vibrahotels.com\\\/blog\\\/wp-content\\\/uploads\\\/2023\\\/10\\\/shutterstock_1310945447-scaled.jpg\",\"contentUrl\":\"https:\\\/\\\/www.vibrahotels.com\\\/blog\\\/wp-content\\\/uploads\\\/2023\\\/10\\\/shutterstock_1310945447-scaled.jpg\",\"width\":2560,\"height\":1707},{\"@type\":\"BreadcrumbList\",\"@id\":\"https:\\\/\\\/www.vibrahotels.com\\\/blog\\\/ruta-cultural-y-natural-por-la-ibiza-desconocida-y-popular\\\/#breadcrumb\",\"itemListElement\":[{\"@type\":\"ListItem\",\"position\":1,\"name\":\"Portada\",\"item\":\"https:\\\/\\\/www.vibrahotels.com\\\/blog\\\/\"},{\"@type\":\"ListItem\",\"position\":2,\"name\":\"Ruta cultural y natural por la Ibiza desconocida y popular\"}]},{\"@type\":\"WebSite\",\"@id\":\"https:\\\/\\\/www.vibrahotels.com\\\/blog\\\/#website\",\"url\":\"https:\\\/\\\/www.vibrahotels.com\\\/blog\\\/\",\"name\":\"Islander by Vibra Hotels\",\"description\":\"\",\"potentialAction\":[{\"@type\":\"SearchAction\",\"target\":{\"@type\":\"EntryPoint\",\"urlTemplate\":\"https:\\\/\\\/www.vibrahotels.com\\\/blog\\\/?s={search_term_string}\"},\"query-input\":{\"@type\":\"PropertyValueSpecification\",\"valueRequired\":true,\"valueName\":\"search_term_string\"}}],\"inLanguage\":\"es\"},{\"@type\":\"Person\",\"@id\":\"https:\\\/\\\/www.vibrahotels.com\\\/blog\\\/#\\\/schema\\\/person\\\/ad74f13df6e44e7081ef65424f668972\",\"name\":\"The Ibiza Blog\",\"image\":{\"@type\":\"ImageObject\",\"inLanguage\":\"es\",\"@id\":\"https:\\\/\\\/secure.gravatar.com\\\/avatar\\\/d172713df318fe4ba11547ee4a70ab1eae0206026db57d7a5920186b9f5ee855?s=96&d=mm&r=g\",\"url\":\"https:\\\/\\\/secure.gravatar.com\\\/avatar\\\/d172713df318fe4ba11547ee4a70ab1eae0206026db57d7a5920186b9f5ee855?s=96&d=mm&r=g\",\"contentUrl\":\"https:\\\/\\\/secure.gravatar.com\\\/avatar\\\/d172713df318fe4ba11547ee4a70ab1eae0206026db57d7a5920186b9f5ee855?s=96&d=mm&r=g\",\"caption\":\"The Ibiza Blog\"},\"url\":\"https:\\\/\\\/www.vibrahotels.com\\\/blog\\\/author\\\/the-ibiza-blog\\\/\"}]}<\/script>\n<!-- \/ Yoast SEO plugin. -->","yoast_head_json":{"title":"Ruta cultural y natural por la Ibiza desconocida y popular - Islander by Vibra Hotels","robots":{"index":"index","follow":"follow","max-snippet":"max-snippet:-1","max-image-preview":"max-image-preview:large","max-video-preview":"max-video-preview:-1"},"canonical":"https:\/\/www.vibrahotels.com\/blog\/ruta-cultural-y-natural-por-la-ibiza-desconocida-y-popular\/","og_locale":"es_ES","og_type":"article","og_title":"Ruta cultural y natural por la Ibiza desconocida y popular - Islander by Vibra Hotels","og_description":"\u00bfEres de los que disfruta visitando lugares llenos de cultura o dando un paseo por un frondoso bosque de pinos con el mar de fondo?\u00a0 Ibiza es el lugar ideal \u00a1lo tiene todo! No lo dudes, nos solo son fiestas...","og_url":"https:\/\/www.vibrahotels.com\/blog\/ruta-cultural-y-natural-por-la-ibiza-desconocida-y-popular\/","og_site_name":"Islander by Vibra Hotels","article_published_time":"2023-10-06T09:30:02+00:00","article_modified_time":"2024-07-09T13:47:31+00:00","og_image":[{"width":2560,"height":1707,"url":"https:\/\/www.vibrahotels.com\/blog\/wp-content\/uploads\/2023\/10\/shutterstock_1310945447-scaled.jpg","type":"image\/jpeg"}],"author":"The Ibiza Blog","twitter_card":"summary_large_image","twitter_misc":{"Escrito por":"The Ibiza Blog","Tiempo de lectura":"8 minutos"},"schema":{"@context":"https:\/\/schema.org","@graph":[{"@type":"Article","@id":"https:\/\/www.vibrahotels.com\/blog\/ruta-cultural-y-natural-por-la-ibiza-desconocida-y-popular\/#article","isPartOf":{"@id":"https:\/\/www.vibrahotels.com\/blog\/ruta-cultural-y-natural-por-la-ibiza-desconocida-y-popular\/"},"author":{"name":"The Ibiza Blog","@id":"https:\/\/www.vibrahotels.com\/blog\/#\/schema\/person\/ad74f13df6e44e7081ef65424f668972"},"headline":"Ruta cultural y natural por la Ibiza desconocida y popular","datePublished":"2023-10-06T09:30:02+00:00","dateModified":"2024-07-09T13:47:31+00:00","mainEntityOfPage":{"@id":"https:\/\/www.vibrahotels.com\/blog\/ruta-cultural-y-natural-por-la-ibiza-desconocida-y-popular\/"},"wordCount":1352,"commentCount":0,"image":{"@id":"https:\/\/www.vibrahotels.com\/blog\/ruta-cultural-y-natural-por-la-ibiza-desconocida-y-popular\/#primaryimage"},"thumbnailUrl":"https:\/\/www.vibrahotels.com\/blog\/wp-content\/uploads\/2023\/10\/shutterstock_1310945447-scaled.jpg","articleSection":["Planes en Ibiza","Travel"],"inLanguage":"es","potentialAction":[{"@type":"CommentAction","name":"Comment","target":["https:\/\/www.vibrahotels.com\/blog\/ruta-cultural-y-natural-por-la-ibiza-desconocida-y-popular\/#respond"]}]},{"@type":"WebPage","@id":"https:\/\/www.vibrahotels.com\/blog\/ruta-cultural-y-natural-por-la-ibiza-desconocida-y-popular\/","url":"https:\/\/www.vibrahotels.com\/blog\/ruta-cultural-y-natural-por-la-ibiza-desconocida-y-popular\/","name":"Ruta cultural y natural por la Ibiza desconocida y popular - Islander by Vibra Hotels","isPartOf":{"@id":"https:\/\/www.vibrahotels.com\/blog\/#website"},"primaryImageOfPage":{"@id":"https:\/\/www.vibrahotels.com\/blog\/ruta-cultural-y-natural-por-la-ibiza-desconocida-y-popular\/#primaryimage"},"image":{"@id":"https:\/\/www.vibrahotels.com\/blog\/ruta-cultural-y-natural-por-la-ibiza-desconocida-y-popular\/#primaryimage"},"thumbnailUrl":"https:\/\/www.vibrahotels.com\/blog\/wp-content\/uploads\/2023\/10\/shutterstock_1310945447-scaled.jpg","datePublished":"2023-10-06T09:30:02+00:00","dateModified":"2024-07-09T13:47:31+00:00","author":{"@id":"https:\/\/www.vibrahotels.com\/blog\/#\/schema\/person\/ad74f13df6e44e7081ef65424f668972"},"breadcrumb":{"@id":"https:\/\/www.vibrahotels.com\/blog\/ruta-cultural-y-natural-por-la-ibiza-desconocida-y-popular\/#breadcrumb"},"inLanguage":"es","potentialAction":[{"@type":"ReadAction","target":["https:\/\/www.vibrahotels.com\/blog\/ruta-cultural-y-natural-por-la-ibiza-desconocida-y-popular\/"]}]},{"@type":"ImageObject","inLanguage":"es","@id":"https:\/\/www.vibrahotels.com\/blog\/ruta-cultural-y-natural-por-la-ibiza-desconocida-y-popular\/#primaryimage","url":"https:\/\/www.vibrahotels.com\/blog\/wp-content\/uploads\/2023\/10\/shutterstock_1310945447-scaled.jpg","contentUrl":"https:\/\/www.vibrahotels.com\/blog\/wp-content\/uploads\/2023\/10\/shutterstock_1310945447-scaled.jpg","width":2560,"height":1707},{"@type":"BreadcrumbList","@id":"https:\/\/www.vibrahotels.com\/blog\/ruta-cultural-y-natural-por-la-ibiza-desconocida-y-popular\/#breadcrumb","itemListElement":[{"@type":"ListItem","position":1,"name":"Portada","item":"https:\/\/www.vibrahotels.com\/blog\/"},{"@type":"ListItem","position":2,"name":"Ruta cultural y natural por la Ibiza desconocida y popular"}]},{"@type":"WebSite","@id":"https:\/\/www.vibrahotels.com\/blog\/#website","url":"https:\/\/www.vibrahotels.com\/blog\/","name":"Islander by Vibra Hotels","description":"","potentialAction":[{"@type":"SearchAction","target":{"@type":"EntryPoint","urlTemplate":"https:\/\/www.vibrahotels.com\/blog\/?s={search_term_string}"},"query-input":{"@type":"PropertyValueSpecification","valueRequired":true,"valueName":"search_term_string"}}],"inLanguage":"es"},{"@type":"Person","@id":"https:\/\/www.vibrahotels.com\/blog\/#\/schema\/person\/ad74f13df6e44e7081ef65424f668972","name":"The Ibiza Blog","image":{"@type":"ImageObject","inLanguage":"es","@id":"https:\/\/secure.gravatar.com\/avatar\/d172713df318fe4ba11547ee4a70ab1eae0206026db57d7a5920186b9f5ee855?s=96&d=mm&r=g","url":"https:\/\/secure.gravatar.com\/avatar\/d172713df318fe4ba11547ee4a70ab1eae0206026db57d7a5920186b9f5ee855?s=96&d=mm&r=g","contentUrl":"https:\/\/secure.gravatar.com\/avatar\/d172713df318fe4ba11547ee4a70ab1eae0206026db57d7a5920186b9f5ee855?s=96&d=mm&r=g","caption":"The Ibiza Blog"},"url":"https:\/\/www.vibrahotels.com\/blog\/author\/the-ibiza-blog\/"}]}},"_links":{"self":[{"href":"https:\/\/www.vibrahotels.com\/blog\/wp-json\/wp\/v2\/posts\/6772","targetHints":{"allow":["GET"]}}],"collection":[{"href":"https:\/\/www.vibrahotels.com\/blog\/wp-json\/wp\/v2\/posts"}],"about":[{"href":"https:\/\/www.vibrahotels.com\/blog\/wp-json\/wp\/v2\/types\/post"}],"author":[{"embeddable":true,"href":"https:\/\/www.vibrahotels.com\/blog\/wp-json\/wp\/v2\/users\/1"}],"replies":[{"embeddable":true,"href":"https:\/\/www.vibrahotels.com\/blog\/wp-json\/wp\/v2\/comments?post=6772"}],"version-history":[{"count":5,"href":"https:\/\/www.vibrahotels.com\/blog\/wp-json\/wp\/v2\/posts\/6772\/revisions"}],"predecessor-version":[{"id":7277,"href":"https:\/\/www.vibrahotels.com\/blog\/wp-json\/wp\/v2\/posts\/6772\/revisions\/7277"}],"wp:featuredmedia":[{"embeddable":true,"href":"https:\/\/www.vibrahotels.com\/blog\/wp-json\/wp\/v2\/media\/6794"}],"wp:attachment":[{"href":"https:\/\/www.vibrahotels.com\/blog\/wp-json\/wp\/v2\/media?parent=6772"}],"wp:term":[{"taxonomy":"category","embeddable":true,"href":"https:\/\/www.vibrahotels.com\/blog\/wp-json\/wp\/v2\/categories?post=6772"},{"taxonomy":"post_tag","embeddable":true,"href":"https:\/\/www.vibrahotels.com\/blog\/wp-json\/wp\/v2\/tags?post=6772"}],"curies":[{"name":"wp","href":"https:\/\/api.w.org\/{rel}","templated":true}]}}