{"id":6748,"date":"2023-09-22T15:10:12","date_gmt":"2023-09-22T13:10:12","guid":{"rendered":"https:\/\/www.vibrahotels.com\/?p=6748"},"modified":"2024-07-09T16:26:29","modified_gmt":"2024-07-09T14:26:29","slug":"que-hacer-un-dia-en-formentera","status":"publish","type":"post","link":"https:\/\/www.vibrahotels.com\/blog\/que-hacer-un-dia-en-formentera\/","title":{"rendered":"Qu\u00e9 hacer un d\u00eda en Formentera"},"content":{"rendered":"<p>\u00bfEst\u00e1s pensando en visitar Formentera y solo tienes un d\u00eda para hacerlo?\u00a0 No te preocupes, tendr\u00e1s tiempo de hacer muchas cosas y sobre todo \u00a1tendr\u00e1s una buena excusa para volver!<\/p>\n<p>Formentera es un tesoro, un impresionante espacio natural lleno de belleza, con playas de arena blanca, y aguas transparentes. A pesar de que solamente tiene cerca de 20 kil\u00f3metros de punta a punta, hay sitios y cosas que hacer que no te puedes perder y te lo vamos a contar todo. Te proponemos un itinerario con algunos de<strong>\u00a0<\/strong><strong>los mejores lugares qu\u00e9 ver en Formentera en un d\u00eda<\/strong>\u00a0para que, a pesar de ser una visita corta, puedas disfrutar al m\u00e1ximo de los lugares m\u00e1s espectaculares de la isla.<\/p>\n<p><a href=\"https:\/\/www.formentera.es\/\">Formentera<\/a>\u00a0pertenece, junto a\u00a0<a href=\"https:\/\/ibiza.travel\/\">Ibiza<\/a>\u00a0y numerosos islotes, pertenecen a\u00a0<strong>las llamadas islas Pitiusas<\/strong> y al estar tan cerca de Ibiza nos permiten conocer todos sus encantos de forma c\u00f3moda, r\u00e1pida y sencilla.<\/p>\n<p>Tienes dos opciones para visitar Formentera, por tierra o, recorriendo la isla en barco.\u00a0 Si eres un amante de la navegaci\u00f3n, Formentera merece un d\u00eda para recorrerla entera por mar, ba\u00f1\u00e1ndote en sus maravillosas calas y terminar el d\u00eda en alguna de sus calas, viendo la impresionante vista de sol. \u00a0Adem\u00e1s, en alguna de sus playas, como por ejemplo en Cala Saona, los restaurantes ofrecen un servicio de entrega y te acercan la paella al barco \u00a1todo un planazo! M\u00e1s abajo te dejamos datos de empresas con las que puedes alquilar un barco, con o sin patr\u00f3n, y navegar desde Ibiza.\u00a0 Es una traves\u00eda de cerca de 40 minutos, que tambi\u00e9n te permite contemplar el litoral de Ibiza, con el islote de Es Vedr\u00e1 al fondo, toda una maravilla de la naturaleza.<\/p>\n<p><img loading=\"lazy\" decoding=\"async\" class=\"wp-image-6749 aligncenter\" src=\"https:\/\/www.vibrahotels.com\/wp-content\/uploads\/2023\/09\/shutterstock_2013349658-1-scaled.jpg\" alt=\"\" width=\"979\" height=\"551\" srcset=\"https:\/\/www.vibrahotels.com\/blog\/wp-content\/uploads\/2023\/09\/shutterstock_2013349658-1-scaled.jpg 2560w, https:\/\/www.vibrahotels.com\/blog\/wp-content\/uploads\/2023\/09\/shutterstock_2013349658-1-300x169.jpg 300w, https:\/\/www.vibrahotels.com\/blog\/wp-content\/uploads\/2023\/09\/shutterstock_2013349658-1-1024x576.jpg 1024w, https:\/\/www.vibrahotels.com\/blog\/wp-content\/uploads\/2023\/09\/shutterstock_2013349658-1-768x432.jpg 768w, https:\/\/www.vibrahotels.com\/blog\/wp-content\/uploads\/2023\/09\/shutterstock_2013349658-1-1536x864.jpg 1536w, https:\/\/www.vibrahotels.com\/blog\/wp-content\/uploads\/2023\/09\/shutterstock_2013349658-1-2048x1152.jpg 2048w\" sizes=\"auto, (max-width: 979px) 100vw, 979px\" \/><\/p>\n<p>Si tu opci\u00f3n visitar Formentera por tierra, la mejor forma es coger cualquiera de los ferry que salen del puerto de Ibiza, ya que Formentera no dispone de aeropuerto. \u00a0Se trata del trayecto m\u00e1s r\u00e1pido y econ\u00f3mico y, como consecuencia, el m\u00e1s utilizado.<\/p>\n<p>Los horarios dependen de la \u00e9poca del a\u00f1o, en temporada alta hay barcos cada media hora, y tardan cerca de 40 minutos.\u00a0 Si tienes coche podr\u00e1s llevarlo en alguno de los barcos, solamente tendr\u00e1s que consultarlo en las taquillas para coger el adecuado. Las principales compa\u00f1\u00edas que realizan los trayectos son Balearia y Trasmapi. Y, si a\u00fan no tienes billete, aconsejamos utilizar el <a href=\"https:\/\/www.ferryhopper.com\/es\/ferry-routes\/direct\/ferry-ibiza-formentera?aff_uid=vjrtt\"><strong>buscador de Ferryhopper<\/strong><\/a>\u00a0para poder elegir entre horarios, precios y opciones.<\/p>\n<p>Todos los barcos llegan al\u00a0<strong>puerto de La Savina<\/strong>\u00a0en Formentera.\u00a0 Una vez all\u00ed, junto a la estaci\u00f3n mar\u00edtima, tienes <strong>empresas de alquiler de coches, motos y bicicletas<\/strong>. Otra opci\u00f3n son los autobuses de l\u00ednea que recorren la isla con frecuencia durante los meses de verano.\u00a0 Pero la moto, bici o coche te dan mucha libertad y te permiten llegar a todos los sitios m\u00e1s especiales que no debes dejar de ver. Te aconsejamos consultar precios de las mejores compa\u00f1\u00edas de alquiler en los buscadores de\u00a0<a href=\"https:\/\/viajeros30.com\/autoeurope-oferta\"><strong>Autoeurope<\/strong><\/a>\u00a0y\u00a0<a href=\"https:\/\/viajeros30.com\/rentalcars-ofertas\"><strong>Rentalcars.<\/strong><\/a> <strong>Es importante que hagas la reserva con tiempo si vas en temporada alta.<\/strong><\/p>\n<p>Tambi\u00e9n es importante que tengas en cuenta que, si tu veh\u00edculo es de alquiler debes comprobar que\u00a0<strong>el seguro te permita el transporte en ferry<\/strong>\u00a0y el cambio de isla, porque no todas las compa\u00f1\u00edas lo incluyen. \u00a0Ten en cuenta las restricciones de circulaci\u00f3n o entrada de veh\u00edculos a la isla, ya que\u00a0d<strong>el 15 de junio al 15 de septiembre<\/strong>\u00a0(ambos incluidos) Formentera establece una\u00a0<strong>limitaci\u00f3n de acceso y circulaci\u00f3n de veh\u00edculos particulares a motor<\/strong>. Para poder visitar Formentera con tu propio coche o moto debes\u00a0<a href=\"https:\/\/formentera.eco\/es\"><strong>hacer reserva en esta web<\/strong><\/a>\u00a0y abonar la tasa correspondiente. Las fechas en las que aplica la limitaci\u00f3n pueden variar de un a\u00f1o a otro. Si no cuentas con veh\u00edculo propio tendr\u00e1s que alquilarlo en Formentera. Tampoco se puede cruzar con una caravana o autocaravana. El camping est\u00e1 totalmente prohibido en la isla.<\/p>\n<p>Bueno, ya estamos preparados para empezar la ruta por Formentera y tenemos que decidir d\u00f3nde vamos.<\/p>\n<p>Te sugerimos que empieces por <strong>Ses Illetes<\/strong>.\u00a0 Es la lengua de playa con aguas de color turquesa que has estado viendo desde el barco seg\u00fan se aproximaba al puerto de Formentera.\u00a0 Su playa virgen casi ocupa medio kil\u00f3metro y te transporta directamente al para\u00edso. Esta playa forma parte del <a href=\"https:\/\/es.balearsnatura.com\/parque_natural\/parc-natural-de-ses-salines-deivissa-i-formentera\/\">Parque Natural de Ses Salines de Eivissa y Formentera<\/a>. Es un espacio protegido y dependiendo de la \u00e9poca del a\u00f1o, hay que pagar por acceder (entre 4 y 6 euros dependiendo de si vas en coche o en moto). Si eres un amante de la bicicleta, te encantar\u00e1 el recorrido, contemplando todo tipo de aves (tambi\u00e9n depende de la \u00e9poca del a\u00f1o) y algunas zonas donde todo son pr\u00e1cticamente dunas. Tanto los colores como el aire que se respira.<\/p>\n<p>&nbsp;<\/p>\n<p><img loading=\"lazy\" decoding=\"async\" class=\"wp-image-6763 aligncenter\" src=\"https:\/\/www.vibrahotels.com\/wp-content\/uploads\/2023\/09\/shutterstock_1401720578-scaled.jpg\" alt=\"\" width=\"966\" height=\"542\" srcset=\"https:\/\/www.vibrahotels.com\/blog\/wp-content\/uploads\/2023\/09\/shutterstock_1401720578-scaled.jpg 2560w, https:\/\/www.vibrahotels.com\/blog\/wp-content\/uploads\/2023\/09\/shutterstock_1401720578-300x169.jpg 300w, https:\/\/www.vibrahotels.com\/blog\/wp-content\/uploads\/2023\/09\/shutterstock_1401720578-1024x575.jpg 1024w, https:\/\/www.vibrahotels.com\/blog\/wp-content\/uploads\/2023\/09\/shutterstock_1401720578-768x432.jpg 768w, https:\/\/www.vibrahotels.com\/blog\/wp-content\/uploads\/2023\/09\/shutterstock_1401720578-1536x863.jpg 1536w, https:\/\/www.vibrahotels.com\/blog\/wp-content\/uploads\/2023\/09\/shutterstock_1401720578-2048x1151.jpg 2048w\" sizes=\"auto, (max-width: 966px) 100vw, 966px\" \/><\/p>\n<p>&nbsp;<\/p>\n<p>Al final de la playa encontrar\u00e1s una zona donde ver\u00e1s que la gente se pone un barro arcilloso por todo el cuerpo. Dicen que tiene un efecto especial sobre la piel, pero eso s\u00ed, ten cuidado si eres propenso a alergias o si la sal te irrita la piel.\u00a0 De otro modo, el resultado es todo un \u00e9xito.<\/p>\n<p>Seguimos nuestro camino y ahora nos dirigimos a la playa de <a href=\"https:\/\/www.formentera.es\/explorar\/playas\/migjorn\/\"><strong>Es Migjorn<\/strong><\/a> en la zona sur de Formentera. Te encontrar\u00e1s con la playa m\u00e1s extensa de la isla, de arena fina y aguas cristalinas. En algunas zonas de esta playa puedes caminar mar adentro muchos metros y el agua sigue lleg\u00e1ndote por las rodillas. En esta zona encontrar\u00e1s algunos restaurantes y chiringuitos de playa, donde te recomiendo que pruebes la caldereta o la langosta con huevos fritos. En realidad, cualquiera de los platos t\u00edpicos de las islas Pitiusas son deliciosos.<\/p>\n<p><img loading=\"lazy\" decoding=\"async\" class=\"wp-image-6761 aligncenter\" src=\"https:\/\/www.vibrahotels.com\/wp-content\/uploads\/2023\/09\/shutterstock_1232396419-scaled.jpg\" alt=\"\" width=\"978\" height=\"652\" srcset=\"https:\/\/www.vibrahotels.com\/blog\/wp-content\/uploads\/2023\/09\/shutterstock_1232396419-scaled.jpg 2560w, https:\/\/www.vibrahotels.com\/blog\/wp-content\/uploads\/2023\/09\/shutterstock_1232396419-300x200.jpg 300w, https:\/\/www.vibrahotels.com\/blog\/wp-content\/uploads\/2023\/09\/shutterstock_1232396419-1024x683.jpg 1024w, https:\/\/www.vibrahotels.com\/blog\/wp-content\/uploads\/2023\/09\/shutterstock_1232396419-768x512.jpg 768w, https:\/\/www.vibrahotels.com\/blog\/wp-content\/uploads\/2023\/09\/shutterstock_1232396419-1536x1024.jpg 1536w, https:\/\/www.vibrahotels.com\/blog\/wp-content\/uploads\/2023\/09\/shutterstock_1232396419-2048x1365.jpg 2048w\" sizes=\"auto, (max-width: 978px) 100vw, 978px\" \/><\/p>\n<p>&nbsp;<\/p>\n<p>Ahora que has disfrutado del mar y la comida, te sugerimos continuar el camino hacia la costa norte de Formentera, a donde llegar\u00e1s en pocos minutos si vas en coche o en moto, hasta el pueblo de <a href=\"https:\/\/www.formentera.es\/explorar\/pueblos\/es-calo-de-sant-agusti\/\">Es Cal\u00f3 de Sant Agust\u00ed,<\/a> un peque\u00f1o n\u00facleo con casas blancas y embarcaderos de los pescadores locales, que son la imagen t\u00edpica de la zona, unos varaderos antiguos y tradicionales, de madera, que todav\u00eda est\u00e1n en uso.<\/p>\n<p>&nbsp;<\/p>\n<p><img loading=\"lazy\" decoding=\"async\" class=\"wp-image-6755 aligncenter\" src=\"https:\/\/www.vibrahotels.com\/wp-content\/uploads\/2023\/09\/shutterstock_2302932799-scaled.jpg\" alt=\"\" width=\"979\" height=\"734\" srcset=\"https:\/\/www.vibrahotels.com\/blog\/wp-content\/uploads\/2023\/09\/shutterstock_2302932799-scaled.jpg 2560w, https:\/\/www.vibrahotels.com\/blog\/wp-content\/uploads\/2023\/09\/shutterstock_2302932799-300x225.jpg 300w, https:\/\/www.vibrahotels.com\/blog\/wp-content\/uploads\/2023\/09\/shutterstock_2302932799-1024x768.jpg 1024w, https:\/\/www.vibrahotels.com\/blog\/wp-content\/uploads\/2023\/09\/shutterstock_2302932799-768x576.jpg 768w, https:\/\/www.vibrahotels.com\/blog\/wp-content\/uploads\/2023\/09\/shutterstock_2302932799-1536x1152.jpg 1536w, https:\/\/www.vibrahotels.com\/blog\/wp-content\/uploads\/2023\/09\/shutterstock_2302932799-2048x1536.jpg 2048w\" sizes=\"auto, (max-width: 979px) 100vw, 979px\" \/><\/p>\n<p>&nbsp;<\/p>\n<p>Desde aqu\u00ed debes ir sin falta a uno de los sitios que m\u00e1s te impresionar\u00e1n en Formentera por la belleza del color de su tierra caliza, erosionada por el viento y el mar, y al que se accede por un camino entre vegetaci\u00f3n y arenisca, <a href=\"https:\/\/www.formenteraisla.es\/playa\/calo-des-mort.html\">Es Cal\u00f3 d\u2019es Mort<\/a>. Se trata de una cala paradisiaca, de tonos rojizos y que no podr\u00e1s borrar de tu retina.<\/p>\n<p><img loading=\"lazy\" decoding=\"async\" class=\"wp-image-6753 aligncenter\" src=\"https:\/\/www.vibrahotels.com\/wp-content\/uploads\/2023\/09\/shutterstock_2219572705-scaled.jpg\" alt=\"\" width=\"980\" height=\"397\" srcset=\"https:\/\/www.vibrahotels.com\/blog\/wp-content\/uploads\/2023\/09\/shutterstock_2219572705-scaled.jpg 2560w, https:\/\/www.vibrahotels.com\/blog\/wp-content\/uploads\/2023\/09\/shutterstock_2219572705-300x121.jpg 300w, https:\/\/www.vibrahotels.com\/blog\/wp-content\/uploads\/2023\/09\/shutterstock_2219572705-1024x415.jpg 1024w, https:\/\/www.vibrahotels.com\/blog\/wp-content\/uploads\/2023\/09\/shutterstock_2219572705-768x311.jpg 768w, https:\/\/www.vibrahotels.com\/blog\/wp-content\/uploads\/2023\/09\/shutterstock_2219572705-1536x622.jpg 1536w, https:\/\/www.vibrahotels.com\/blog\/wp-content\/uploads\/2023\/09\/shutterstock_2219572705-2048x829.jpg 2048w\" sizes=\"auto, (max-width: 980px) 100vw, 980px\" \/><\/p>\n<p>Desde aqu\u00ed ponemos rumbo al Faro de la Mola, y en el camino, podremos parar en alguno de sus miradores para contemplar las vistas que llegan hasta la isla de Ibiza e incluso el islote de Es Vedr\u00e1.<\/p>\n<p>Continuamos por la misma carretera que recorre la isla de norte a sur, y llegamos a uno de los puntos m\u00e1s fotografiados, el <a href=\"https:\/\/www.formentera.es\/explorar\/lugares-de-interes\/faro-de-la-mola\/\">Faro de la Mola<\/a>. \u00a0Se construy\u00f3 en 1861 sobre el borde de\u00a0unos acantilados a m\u00e1s de 120 metros de altura sobre el mar.\u00a0 Adem\u00e1s de las impresionantes vistas sobre el mar, en el interior podr\u00e1s visitar un museo y centro cultural.\u00a0 Tambi\u00e9n ver\u00e1s una placa conmemorativa de Julio Verne, el escritor incluy\u00f3 este punto en algunas de sus novelas.<strong> En este punto junto al faro, hay un peque\u00f1o restaurante-bar donde podr\u00e1s tomar algo mientras recalas con la vista en todos los detalles del fabuloso paisaje.<\/strong><\/p>\n<p>&nbsp;<\/p>\n<p><img loading=\"lazy\" decoding=\"async\" class=\"wp-image-6759 aligncenter\" src=\"https:\/\/www.vibrahotels.com\/wp-content\/uploads\/2023\/09\/shutterstock_157706243-scaled.jpg\" alt=\"\" width=\"973\" height=\"686\" srcset=\"https:\/\/www.vibrahotels.com\/blog\/wp-content\/uploads\/2023\/09\/shutterstock_157706243-scaled.jpg 2560w, https:\/\/www.vibrahotels.com\/blog\/wp-content\/uploads\/2023\/09\/shutterstock_157706243-300x211.jpg 300w, https:\/\/www.vibrahotels.com\/blog\/wp-content\/uploads\/2023\/09\/shutterstock_157706243-1024x722.jpg 1024w, https:\/\/www.vibrahotels.com\/blog\/wp-content\/uploads\/2023\/09\/shutterstock_157706243-768x541.jpg 768w, https:\/\/www.vibrahotels.com\/blog\/wp-content\/uploads\/2023\/09\/shutterstock_157706243-1536x1083.jpg 1536w, https:\/\/www.vibrahotels.com\/blog\/wp-content\/uploads\/2023\/09\/shutterstock_157706243-2048x1443.jpg 2048w\" sizes=\"auto, (max-width: 973px) 100vw, 973px\" \/><\/p>\n<p>&nbsp;<\/p>\n<p>Si cuando vuelves de la visita al faro, todav\u00eda te queda tiempo, te recomendamos un \u00faltimo ba\u00f1o en <a href=\"https:\/\/www.formentera.es\/explorar\/playas\/cala-saona\/\"><strong>Cala Saona<\/strong><\/a>. Se encuentra a unos 15 minutos en coche desde el puerto de la Savina, el lugar donde te deja el ferry de Formentera. Aunque la playa es peque\u00f1a, es otra de esas playas de arena fina y blanca, con aguas maravillosas y los alrededores merecen un peque\u00f1o paseo.<\/p>\n<p>En direcci\u00f3n contraria desde el puerto de La Savina se encuentra <a href=\"https:\/\/www.formentera.es\/explorar\/pueblos\/sant-francesc\/\"><strong>Sant Francesc Xavier<\/strong><\/a>, se trata de la capital de Formentera, algo m\u00e1s tur\u00edstico, que cuenta con una bella iglesia parroquial terminada en 1738, y cerca del pueblo se pueden visitar otro punto de inter\u00e9s, los molinos de\u00a0Sa Miranda<strong>.<\/strong><\/p>\n<p><strong><br \/>\n<\/strong><img loading=\"lazy\" decoding=\"async\" class=\"wp-image-6751 aligncenter\" src=\"https:\/\/www.vibrahotels.com\/wp-content\/uploads\/2023\/09\/shutterstock_1994229173-scaled.jpg\" alt=\"\" width=\"899\" height=\"600\" srcset=\"https:\/\/www.vibrahotels.com\/blog\/wp-content\/uploads\/2023\/09\/shutterstock_1994229173-scaled.jpg 2560w, https:\/\/www.vibrahotels.com\/blog\/wp-content\/uploads\/2023\/09\/shutterstock_1994229173-300x200.jpg 300w, https:\/\/www.vibrahotels.com\/blog\/wp-content\/uploads\/2023\/09\/shutterstock_1994229173-1024x684.jpg 1024w, https:\/\/www.vibrahotels.com\/blog\/wp-content\/uploads\/2023\/09\/shutterstock_1994229173-768x513.jpg 768w, https:\/\/www.vibrahotels.com\/blog\/wp-content\/uploads\/2023\/09\/shutterstock_1994229173-1536x1026.jpg 1536w, https:\/\/www.vibrahotels.com\/blog\/wp-content\/uploads\/2023\/09\/shutterstock_1994229173-2048x1367.jpg 2048w\" sizes=\"auto, (max-width: 899px) 100vw, 899px\" \/><\/p>\n<p>&nbsp;<\/p>\n<p>Antes de tomar el ferry de vuelta a Ibiza en La Savina, no dejes de darte una vuelta por los peque\u00f1os puestos de mercadillo que ver\u00e1s en el mismo puerto \u00a1es perfecto para pasar un rato y llevarte alg\u00fan recuerdo en la maleta!<\/p>\n<p>Si necesitas alojarte en Ibiza, recuerda que <a href=\"https:\/\/www.vibrahotels.com\/es\/ibiza\/ciudad\">Vibra Hotels<\/a> cuenta con varios hoteles a los que puedes ir andando desde el puerto, con ubicaciones excelentes y que te permitir\u00e1n un merecido descanso de tu visita a Formentera \u00a1adem\u00e1s podr\u00e1s disfrutar de sus excelentes desayunos, como por ejemplo el del <a href=\"https:\/\/www.vibrahotels.com\/es\/ibiza\/ciudad\/hotel-vibra-maritimo\">hotel Vibra Mar\u00edtimo<\/a>, en su <a href=\"http:\/\/blavosibiza.com\/\">restaurante Blav\u00f3s<\/a>, junto al mar, con vistas a Formentera desde las habitaciones y el restaurante\u00a0 \u00a1Qu\u00e9 m\u00e1s se puede pedir para despedir tu viaje!<\/p>\n<p><img loading=\"lazy\" decoding=\"async\" class=\"wp-image-6757 aligncenter\" src=\"https:\/\/www.vibrahotels.com\/wp-content\/uploads\/2023\/09\/thumb_2048x1536_434805f4-c23f-492b-94a9-a87f057c298c-1.jpg\" alt=\"\" width=\"954\" height=\"636\" srcset=\"https:\/\/www.vibrahotels.com\/blog\/wp-content\/uploads\/2023\/09\/thumb_2048x1536_434805f4-c23f-492b-94a9-a87f057c298c-1.jpg 2048w, https:\/\/www.vibrahotels.com\/blog\/wp-content\/uploads\/2023\/09\/thumb_2048x1536_434805f4-c23f-492b-94a9-a87f057c298c-1-300x200.jpg 300w, https:\/\/www.vibrahotels.com\/blog\/wp-content\/uploads\/2023\/09\/thumb_2048x1536_434805f4-c23f-492b-94a9-a87f057c298c-1-1024x683.jpg 1024w, https:\/\/www.vibrahotels.com\/blog\/wp-content\/uploads\/2023\/09\/thumb_2048x1536_434805f4-c23f-492b-94a9-a87f057c298c-1-768x512.jpg 768w, https:\/\/www.vibrahotels.com\/blog\/wp-content\/uploads\/2023\/09\/thumb_2048x1536_434805f4-c23f-492b-94a9-a87f057c298c-1-1536x1024.jpg 1536w\" sizes=\"auto, (max-width: 954px) 100vw, 954px\" \/><\/p>\n","protected":false},"excerpt":{"rendered":"<p>\u00bfEst\u00e1s pensando en visitar Formentera y solo tienes un d\u00eda para hacerlo?\u00a0 No te preocupes, tendr\u00e1s tiempo de hacer muchas cosas y sobre todo \u00a1tendr\u00e1s una buena excusa para volver! Formentera es un tesoro, un impresionante espacio natural lleno de&#8230;<\/p>\n","protected":false},"author":1,"featured_media":6763,"comment_status":"open","ping_status":"open","sticky":false,"template":"","format":"standard","meta":{"footnotes":""},"categories":[1311,1297],"tags":[],"class_list":["post-6748","post","type-post","status-publish","format-standard","has-post-thumbnail","hentry","category-planes-en-ibiza","category-travel"],"yoast_head":"<!-- This site is optimized with the Yoast SEO plugin v27.4 - https:\/\/yoast.com\/product\/yoast-seo-wordpress\/ -->\n<title>Qu\u00e9 hacer un d\u00eda en Formentera - Islander by Vibra Hotels<\/title>\n<meta name=\"robots\" content=\"index, follow, max-snippet:-1, max-image-preview:large, max-video-preview:-1\" \/>\n<link rel=\"canonical\" href=\"https:\/\/www.vibrahotels.com\/blog\/que-hacer-un-dia-en-formentera\/\" \/>\n<meta property=\"og:locale\" content=\"es_ES\" \/>\n<meta property=\"og:type\" content=\"article\" \/>\n<meta property=\"og:title\" content=\"Qu\u00e9 hacer un d\u00eda en Formentera - Islander by Vibra Hotels\" \/>\n<meta property=\"og:description\" content=\"\u00bfEst\u00e1s pensando en visitar Formentera y solo tienes un d\u00eda para hacerlo?\u00a0 No te preocupes, tendr\u00e1s tiempo de hacer muchas cosas y sobre todo \u00a1tendr\u00e1s una buena excusa para volver! Formentera es un tesoro, un impresionante espacio natural lleno de...\" \/>\n<meta property=\"og:url\" content=\"https:\/\/www.vibrahotels.com\/blog\/que-hacer-un-dia-en-formentera\/\" \/>\n<meta property=\"og:site_name\" content=\"Islander by Vibra Hotels\" \/>\n<meta property=\"article:published_time\" content=\"2023-09-22T13:10:12+00:00\" \/>\n<meta property=\"article:modified_time\" content=\"2024-07-09T14:26:29+00:00\" \/>\n<meta property=\"og:image\" content=\"https:\/\/www.vibrahotels.com\/blog\/wp-content\/uploads\/2023\/09\/shutterstock_1401720578-scaled.jpg\" \/>\n\t<meta property=\"og:image:width\" content=\"2560\" \/>\n\t<meta property=\"og:image:height\" content=\"1438\" \/>\n\t<meta property=\"og:image:type\" content=\"image\/jpeg\" \/>\n<meta name=\"author\" content=\"The Ibiza Blog\" \/>\n<meta name=\"twitter:card\" content=\"summary_large_image\" \/>\n<meta name=\"twitter:label1\" content=\"Escrito por\" \/>\n\t<meta name=\"twitter:data1\" content=\"The Ibiza Blog\" \/>\n\t<meta name=\"twitter:label2\" content=\"Tiempo de lectura\" \/>\n\t<meta name=\"twitter:data2\" content=\"9 minutos\" \/>\n<script type=\"application\/ld+json\" class=\"yoast-schema-graph\">{\"@context\":\"https:\\\/\\\/schema.org\",\"@graph\":[{\"@type\":\"Article\",\"@id\":\"https:\\\/\\\/www.vibrahotels.com\\\/blog\\\/que-hacer-un-dia-en-formentera\\\/#article\",\"isPartOf\":{\"@id\":\"https:\\\/\\\/www.vibrahotels.com\\\/blog\\\/que-hacer-un-dia-en-formentera\\\/\"},\"author\":{\"name\":\"The Ibiza Blog\",\"@id\":\"https:\\\/\\\/www.vibrahotels.com\\\/blog\\\/#\\\/schema\\\/person\\\/ad74f13df6e44e7081ef65424f668972\"},\"headline\":\"Qu\u00e9 hacer un d\u00eda en Formentera\",\"datePublished\":\"2023-09-22T13:10:12+00:00\",\"dateModified\":\"2024-07-09T14:26:29+00:00\",\"mainEntityOfPage\":{\"@id\":\"https:\\\/\\\/www.vibrahotels.com\\\/blog\\\/que-hacer-un-dia-en-formentera\\\/\"},\"wordCount\":1564,\"commentCount\":0,\"image\":{\"@id\":\"https:\\\/\\\/www.vibrahotels.com\\\/blog\\\/que-hacer-un-dia-en-formentera\\\/#primaryimage\"},\"thumbnailUrl\":\"https:\\\/\\\/www.vibrahotels.com\\\/blog\\\/wp-content\\\/uploads\\\/2023\\\/09\\\/shutterstock_1401720578-scaled.jpg\",\"articleSection\":[\"Planes en Ibiza\",\"Travel\"],\"inLanguage\":\"es\",\"potentialAction\":[{\"@type\":\"CommentAction\",\"name\":\"Comment\",\"target\":[\"https:\\\/\\\/www.vibrahotels.com\\\/blog\\\/que-hacer-un-dia-en-formentera\\\/#respond\"]}]},{\"@type\":\"WebPage\",\"@id\":\"https:\\\/\\\/www.vibrahotels.com\\\/blog\\\/que-hacer-un-dia-en-formentera\\\/\",\"url\":\"https:\\\/\\\/www.vibrahotels.com\\\/blog\\\/que-hacer-un-dia-en-formentera\\\/\",\"name\":\"Qu\u00e9 hacer un d\u00eda en Formentera - Islander by Vibra Hotels\",\"isPartOf\":{\"@id\":\"https:\\\/\\\/www.vibrahotels.com\\\/blog\\\/#website\"},\"primaryImageOfPage\":{\"@id\":\"https:\\\/\\\/www.vibrahotels.com\\\/blog\\\/que-hacer-un-dia-en-formentera\\\/#primaryimage\"},\"image\":{\"@id\":\"https:\\\/\\\/www.vibrahotels.com\\\/blog\\\/que-hacer-un-dia-en-formentera\\\/#primaryimage\"},\"thumbnailUrl\":\"https:\\\/\\\/www.vibrahotels.com\\\/blog\\\/wp-content\\\/uploads\\\/2023\\\/09\\\/shutterstock_1401720578-scaled.jpg\",\"datePublished\":\"2023-09-22T13:10:12+00:00\",\"dateModified\":\"2024-07-09T14:26:29+00:00\",\"author\":{\"@id\":\"https:\\\/\\\/www.vibrahotels.com\\\/blog\\\/#\\\/schema\\\/person\\\/ad74f13df6e44e7081ef65424f668972\"},\"breadcrumb\":{\"@id\":\"https:\\\/\\\/www.vibrahotels.com\\\/blog\\\/que-hacer-un-dia-en-formentera\\\/#breadcrumb\"},\"inLanguage\":\"es\",\"potentialAction\":[{\"@type\":\"ReadAction\",\"target\":[\"https:\\\/\\\/www.vibrahotels.com\\\/blog\\\/que-hacer-un-dia-en-formentera\\\/\"]}]},{\"@type\":\"ImageObject\",\"inLanguage\":\"es\",\"@id\":\"https:\\\/\\\/www.vibrahotels.com\\\/blog\\\/que-hacer-un-dia-en-formentera\\\/#primaryimage\",\"url\":\"https:\\\/\\\/www.vibrahotels.com\\\/blog\\\/wp-content\\\/uploads\\\/2023\\\/09\\\/shutterstock_1401720578-scaled.jpg\",\"contentUrl\":\"https:\\\/\\\/www.vibrahotels.com\\\/blog\\\/wp-content\\\/uploads\\\/2023\\\/09\\\/shutterstock_1401720578-scaled.jpg\",\"width\":2560,\"height\":1438},{\"@type\":\"BreadcrumbList\",\"@id\":\"https:\\\/\\\/www.vibrahotels.com\\\/blog\\\/que-hacer-un-dia-en-formentera\\\/#breadcrumb\",\"itemListElement\":[{\"@type\":\"ListItem\",\"position\":1,\"name\":\"Portada\",\"item\":\"https:\\\/\\\/www.vibrahotels.com\\\/blog\\\/\"},{\"@type\":\"ListItem\",\"position\":2,\"name\":\"Qu\u00e9 hacer un d\u00eda en Formentera\"}]},{\"@type\":\"WebSite\",\"@id\":\"https:\\\/\\\/www.vibrahotels.com\\\/blog\\\/#website\",\"url\":\"https:\\\/\\\/www.vibrahotels.com\\\/blog\\\/\",\"name\":\"Islander by Vibra Hotels\",\"description\":\"\",\"potentialAction\":[{\"@type\":\"SearchAction\",\"target\":{\"@type\":\"EntryPoint\",\"urlTemplate\":\"https:\\\/\\\/www.vibrahotels.com\\\/blog\\\/?s={search_term_string}\"},\"query-input\":{\"@type\":\"PropertyValueSpecification\",\"valueRequired\":true,\"valueName\":\"search_term_string\"}}],\"inLanguage\":\"es\"},{\"@type\":\"Person\",\"@id\":\"https:\\\/\\\/www.vibrahotels.com\\\/blog\\\/#\\\/schema\\\/person\\\/ad74f13df6e44e7081ef65424f668972\",\"name\":\"The Ibiza Blog\",\"image\":{\"@type\":\"ImageObject\",\"inLanguage\":\"es\",\"@id\":\"https:\\\/\\\/secure.gravatar.com\\\/avatar\\\/d172713df318fe4ba11547ee4a70ab1eae0206026db57d7a5920186b9f5ee855?s=96&d=mm&r=g\",\"url\":\"https:\\\/\\\/secure.gravatar.com\\\/avatar\\\/d172713df318fe4ba11547ee4a70ab1eae0206026db57d7a5920186b9f5ee855?s=96&d=mm&r=g\",\"contentUrl\":\"https:\\\/\\\/secure.gravatar.com\\\/avatar\\\/d172713df318fe4ba11547ee4a70ab1eae0206026db57d7a5920186b9f5ee855?s=96&d=mm&r=g\",\"caption\":\"The Ibiza Blog\"},\"url\":\"https:\\\/\\\/www.vibrahotels.com\\\/blog\\\/author\\\/the-ibiza-blog\\\/\"}]}<\/script>\n<!-- \/ Yoast SEO plugin. -->","yoast_head_json":{"title":"Qu\u00e9 hacer un d\u00eda en Formentera - Islander by Vibra Hotels","robots":{"index":"index","follow":"follow","max-snippet":"max-snippet:-1","max-image-preview":"max-image-preview:large","max-video-preview":"max-video-preview:-1"},"canonical":"https:\/\/www.vibrahotels.com\/blog\/que-hacer-un-dia-en-formentera\/","og_locale":"es_ES","og_type":"article","og_title":"Qu\u00e9 hacer un d\u00eda en Formentera - Islander by Vibra Hotels","og_description":"\u00bfEst\u00e1s pensando en visitar Formentera y solo tienes un d\u00eda para hacerlo?\u00a0 No te preocupes, tendr\u00e1s tiempo de hacer muchas cosas y sobre todo \u00a1tendr\u00e1s una buena excusa para volver! Formentera es un tesoro, un impresionante espacio natural lleno de...","og_url":"https:\/\/www.vibrahotels.com\/blog\/que-hacer-un-dia-en-formentera\/","og_site_name":"Islander by Vibra Hotels","article_published_time":"2023-09-22T13:10:12+00:00","article_modified_time":"2024-07-09T14:26:29+00:00","og_image":[{"width":2560,"height":1438,"url":"https:\/\/www.vibrahotels.com\/blog\/wp-content\/uploads\/2023\/09\/shutterstock_1401720578-scaled.jpg","type":"image\/jpeg"}],"author":"The Ibiza Blog","twitter_card":"summary_large_image","twitter_misc":{"Escrito por":"The Ibiza Blog","Tiempo de lectura":"9 minutos"},"schema":{"@context":"https:\/\/schema.org","@graph":[{"@type":"Article","@id":"https:\/\/www.vibrahotels.com\/blog\/que-hacer-un-dia-en-formentera\/#article","isPartOf":{"@id":"https:\/\/www.vibrahotels.com\/blog\/que-hacer-un-dia-en-formentera\/"},"author":{"name":"The Ibiza Blog","@id":"https:\/\/www.vibrahotels.com\/blog\/#\/schema\/person\/ad74f13df6e44e7081ef65424f668972"},"headline":"Qu\u00e9 hacer un d\u00eda en Formentera","datePublished":"2023-09-22T13:10:12+00:00","dateModified":"2024-07-09T14:26:29+00:00","mainEntityOfPage":{"@id":"https:\/\/www.vibrahotels.com\/blog\/que-hacer-un-dia-en-formentera\/"},"wordCount":1564,"commentCount":0,"image":{"@id":"https:\/\/www.vibrahotels.com\/blog\/que-hacer-un-dia-en-formentera\/#primaryimage"},"thumbnailUrl":"https:\/\/www.vibrahotels.com\/blog\/wp-content\/uploads\/2023\/09\/shutterstock_1401720578-scaled.jpg","articleSection":["Planes en Ibiza","Travel"],"inLanguage":"es","potentialAction":[{"@type":"CommentAction","name":"Comment","target":["https:\/\/www.vibrahotels.com\/blog\/que-hacer-un-dia-en-formentera\/#respond"]}]},{"@type":"WebPage","@id":"https:\/\/www.vibrahotels.com\/blog\/que-hacer-un-dia-en-formentera\/","url":"https:\/\/www.vibrahotels.com\/blog\/que-hacer-un-dia-en-formentera\/","name":"Qu\u00e9 hacer un d\u00eda en Formentera - Islander by Vibra Hotels","isPartOf":{"@id":"https:\/\/www.vibrahotels.com\/blog\/#website"},"primaryImageOfPage":{"@id":"https:\/\/www.vibrahotels.com\/blog\/que-hacer-un-dia-en-formentera\/#primaryimage"},"image":{"@id":"https:\/\/www.vibrahotels.com\/blog\/que-hacer-un-dia-en-formentera\/#primaryimage"},"thumbnailUrl":"https:\/\/www.vibrahotels.com\/blog\/wp-content\/uploads\/2023\/09\/shutterstock_1401720578-scaled.jpg","datePublished":"2023-09-22T13:10:12+00:00","dateModified":"2024-07-09T14:26:29+00:00","author":{"@id":"https:\/\/www.vibrahotels.com\/blog\/#\/schema\/person\/ad74f13df6e44e7081ef65424f668972"},"breadcrumb":{"@id":"https:\/\/www.vibrahotels.com\/blog\/que-hacer-un-dia-en-formentera\/#breadcrumb"},"inLanguage":"es","potentialAction":[{"@type":"ReadAction","target":["https:\/\/www.vibrahotels.com\/blog\/que-hacer-un-dia-en-formentera\/"]}]},{"@type":"ImageObject","inLanguage":"es","@id":"https:\/\/www.vibrahotels.com\/blog\/que-hacer-un-dia-en-formentera\/#primaryimage","url":"https:\/\/www.vibrahotels.com\/blog\/wp-content\/uploads\/2023\/09\/shutterstock_1401720578-scaled.jpg","contentUrl":"https:\/\/www.vibrahotels.com\/blog\/wp-content\/uploads\/2023\/09\/shutterstock_1401720578-scaled.jpg","width":2560,"height":1438},{"@type":"BreadcrumbList","@id":"https:\/\/www.vibrahotels.com\/blog\/que-hacer-un-dia-en-formentera\/#breadcrumb","itemListElement":[{"@type":"ListItem","position":1,"name":"Portada","item":"https:\/\/www.vibrahotels.com\/blog\/"},{"@type":"ListItem","position":2,"name":"Qu\u00e9 hacer un d\u00eda en Formentera"}]},{"@type":"WebSite","@id":"https:\/\/www.vibrahotels.com\/blog\/#website","url":"https:\/\/www.vibrahotels.com\/blog\/","name":"Islander by Vibra Hotels","description":"","potentialAction":[{"@type":"SearchAction","target":{"@type":"EntryPoint","urlTemplate":"https:\/\/www.vibrahotels.com\/blog\/?s={search_term_string}"},"query-input":{"@type":"PropertyValueSpecification","valueRequired":true,"valueName":"search_term_string"}}],"inLanguage":"es"},{"@type":"Person","@id":"https:\/\/www.vibrahotels.com\/blog\/#\/schema\/person\/ad74f13df6e44e7081ef65424f668972","name":"The Ibiza Blog","image":{"@type":"ImageObject","inLanguage":"es","@id":"https:\/\/secure.gravatar.com\/avatar\/d172713df318fe4ba11547ee4a70ab1eae0206026db57d7a5920186b9f5ee855?s=96&d=mm&r=g","url":"https:\/\/secure.gravatar.com\/avatar\/d172713df318fe4ba11547ee4a70ab1eae0206026db57d7a5920186b9f5ee855?s=96&d=mm&r=g","contentUrl":"https:\/\/secure.gravatar.com\/avatar\/d172713df318fe4ba11547ee4a70ab1eae0206026db57d7a5920186b9f5ee855?s=96&d=mm&r=g","caption":"The Ibiza Blog"},"url":"https:\/\/www.vibrahotels.com\/blog\/author\/the-ibiza-blog\/"}]}},"_links":{"self":[{"href":"https:\/\/www.vibrahotels.com\/blog\/wp-json\/wp\/v2\/posts\/6748","targetHints":{"allow":["GET"]}}],"collection":[{"href":"https:\/\/www.vibrahotels.com\/blog\/wp-json\/wp\/v2\/posts"}],"about":[{"href":"https:\/\/www.vibrahotels.com\/blog\/wp-json\/wp\/v2\/types\/post"}],"author":[{"embeddable":true,"href":"https:\/\/www.vibrahotels.com\/blog\/wp-json\/wp\/v2\/users\/1"}],"replies":[{"embeddable":true,"href":"https:\/\/www.vibrahotels.com\/blog\/wp-json\/wp\/v2\/comments?post=6748"}],"version-history":[{"count":2,"href":"https:\/\/www.vibrahotels.com\/blog\/wp-json\/wp\/v2\/posts\/6748\/revisions"}],"predecessor-version":[{"id":7308,"href":"https:\/\/www.vibrahotels.com\/blog\/wp-json\/wp\/v2\/posts\/6748\/revisions\/7308"}],"wp:featuredmedia":[{"embeddable":true,"href":"https:\/\/www.vibrahotels.com\/blog\/wp-json\/wp\/v2\/media\/6763"}],"wp:attachment":[{"href":"https:\/\/www.vibrahotels.com\/blog\/wp-json\/wp\/v2\/media?parent=6748"}],"wp:term":[{"taxonomy":"category","embeddable":true,"href":"https:\/\/www.vibrahotels.com\/blog\/wp-json\/wp\/v2\/categories?post=6748"},{"taxonomy":"post_tag","embeddable":true,"href":"https:\/\/www.vibrahotels.com\/blog\/wp-json\/wp\/v2\/tags?post=6748"}],"curies":[{"name":"wp","href":"https:\/\/api.w.org\/{rel}","templated":true}]}}