{"id":6672,"date":"2023-08-02T16:30:37","date_gmt":"2023-08-02T14:30:37","guid":{"rendered":"https:\/\/www.vibrahotels.com\/?p=6672"},"modified":"2024-07-09T16:28:39","modified_gmt":"2024-07-09T14:28:39","slug":"visitas-pueblos-y-playas-en-un-fin-de-semana","status":"publish","type":"post","link":"https:\/\/www.vibrahotels.com\/blog\/visitas-pueblos-y-playas-en-un-fin-de-semana\/","title":{"rendered":"Visitas Pueblos y Playas en un Fin de Semana"},"content":{"rendered":"<p>Si estas preparando tu pr\u00f3xima visita Ibiza y solamente dispones de un fin de semana, hoy te proponemos algunos planes imprescindibles que no te puedes perder.\u00a0 Ya sabes que en Ibiza contamos con las playas y pueblos m\u00e1s bonitos, que conservan todo su encanto \u00a1estamos seguros que nuestras propuestas te van a encantar&#8230;!<\/p>\n<p>Ibiza tiene ese ese algo m\u00e1gico que siempre invita a volver, es un destino que podr\u00e1s repetir una y mil veces sin cansarte. Tenemos el recorrido perfecto para descubrir los lugares y planes m\u00e1s interesantes de la isla de Ibiza de viernes a domingo.<\/p>\n<p>Ibiza no es solo fiesta y\u00a0grandes playas concurridas, sino que tambi\u00e9n cuenta con algunos de los entornos naturales, calas y destinos espectaculares. Empezamos con nuestra ruta&#8230;<\/p>\n<h3><strong>Dia de llegada a Ibiza<\/strong><\/h3>\n<p>Si has pensado en alquilar un coche, es una buena opci\u00f3n que te permitir\u00e1 moverte por la isla con total libertad, pero si no tienes coche, puedes consultar las <a href=\"https:\/\/ibizabus.com\/ibiza\/lineas\/\">rutas de autobuses<\/a> que recorren toda la isla.<\/p>\n<h4><strong>Visita la ciudad de Ibiza y su Dalt Vila<\/strong><\/h4>\n<p>Te sugerimos que empieces tu ruta por la ciudad de Ibiza, capital de la isla, que adem\u00e1s se encuentra en la lista de Patrimonios de la Humanidad declarados por la UNESCO.\u00a0 Si recorres su centro hist\u00f3rico amurallado del siglo XVII, llamado Dalt Vila, encontrar\u00e1s una fortificaci\u00f3n que fue construida por Felipe II para proteger la ciudad de los ataques piratas.\u00a0 \u00a1No te pierdas las estupendas vistas desde la parte alta donde se encuentra la catedral de Santa Mar\u00eda!<\/p>\n<p><img loading=\"lazy\" decoding=\"async\" class=\"alignnone  wp-image-6636\" src=\"https:\/\/www.vibrahotels.com\/wp-content\/uploads\/2023\/08\/Ibiza-route-1-300x200.jpg\" alt=\"\" width=\"654\" height=\"436\" srcset=\"https:\/\/www.vibrahotels.com\/blog\/wp-content\/uploads\/2023\/08\/Ibiza-route-1-300x200.jpg 300w, https:\/\/www.vibrahotels.com\/blog\/wp-content\/uploads\/2023\/08\/Ibiza-route-1-1024x683.jpg 1024w, https:\/\/www.vibrahotels.com\/blog\/wp-content\/uploads\/2023\/08\/Ibiza-route-1-768x512.jpg 768w, https:\/\/www.vibrahotels.com\/blog\/wp-content\/uploads\/2023\/08\/Ibiza-route-1.jpg 1299w\" sizes=\"auto, (max-width: 654px) 100vw, 654px\" \/><\/p>\n<p>Ver\u00e1s que dentro y fuera de las murallas hay peque\u00f1as casas blancas y calles laber\u00ednticas, llenas de peque\u00f1as tiendas, muchas de artesanos de la isla y donde tambi\u00e9n encontrar\u00e1s la t\u00edpica ropa blanca ibicenca, as\u00ed como multitud de bares, barecitos y restaurantes con todo tipo de comida, y terrazas encantadoras donde sentarte a respirar el ambiente de Ibiza.<\/p>\n<p><img loading=\"lazy\" decoding=\"async\" class=\"alignnone  wp-image-6638\" src=\"https:\/\/www.vibrahotels.com\/wp-content\/uploads\/2023\/08\/ibiza-route-2-300x199.jpg\" alt=\"\" width=\"675\" height=\"448\" srcset=\"https:\/\/www.vibrahotels.com\/blog\/wp-content\/uploads\/2023\/08\/ibiza-route-2-300x199.jpg 300w, https:\/\/www.vibrahotels.com\/blog\/wp-content\/uploads\/2023\/08\/ibiza-route-2-1024x679.jpg 1024w, https:\/\/www.vibrahotels.com\/blog\/wp-content\/uploads\/2023\/08\/ibiza-route-2-768x509.jpg 768w, https:\/\/www.vibrahotels.com\/blog\/wp-content\/uploads\/2023\/08\/ibiza-route-2.jpg 1299w\" sizes=\"auto, (max-width: 675px) 100vw, 675px\" \/><\/p>\n<p>La zona de <a href=\"https:\/\/turismo.eivissa.es\/que-ver\/visitas-culturales\/barrios-historicos\/barrio-dalt-vila\/\"><strong>Dalt Vila<\/strong><\/a> est\u00e1 directamente unida en su parte baja al paseo de Vara del Rey, a donde podr\u00e1s llegar caminando.\u00a0 Pr\u00f3ximos a la zona de Vara del Rey est\u00e1n algunos lugares emblem\u00e1ticos como el Hotel Montesol o la cafeter\u00eda Mar y Sol, en cuyas terrazas tambi\u00e9n puedes hacer una parada; frente a la cafeter\u00eda est\u00e1 el puerto, que tambi\u00e9n invita a pasear ya que muy a menudo alberga ferias artesanas y mercadillos; puedes andar hasta el faro y disfrutar de las vistas de la bah\u00eda.<\/p>\n<p><img loading=\"lazy\" decoding=\"async\" class=\"alignnone  wp-image-6640\" src=\"https:\/\/www.vibrahotels.com\/wp-content\/uploads\/2023\/08\/ibiza-route-3-300x200.jpg\" alt=\"\" width=\"677\" height=\"451\" srcset=\"https:\/\/www.vibrahotels.com\/blog\/wp-content\/uploads\/2023\/08\/ibiza-route-3-300x200.jpg 300w, https:\/\/www.vibrahotels.com\/blog\/wp-content\/uploads\/2023\/08\/ibiza-route-3-1024x683.jpg 1024w, https:\/\/www.vibrahotels.com\/blog\/wp-content\/uploads\/2023\/08\/ibiza-route-3-768x512.jpg 768w, https:\/\/www.vibrahotels.com\/blog\/wp-content\/uploads\/2023\/08\/ibiza-route-3.jpg 1299w\" sizes=\"auto, (max-width: 677px) 100vw, 677px\" \/><\/p>\n<h4><strong>Conoce el Parque Natural de Las Salinas<\/strong><\/h4>\n<p>A primera hora de la tarde, cuando termines la visita a Ibiza ciudad, te proponemos dirigirte hacia el Parque Natural de Las Salinas que se encuentra en la zona suroeste de la isla en direcci\u00f3n a San Jordi.\u00a0 En el camino puedes hacer parada en la famosa Playa d\u2019en Bossa para darte un ba\u00f1o. \u00bfEl lugar ideal? El <a href=\"https:\/\/www.vibrahotels.com\/ibiza\/playa-d-en-bossa\/hotel-vibra-algarb?utm_source=google&amp;utm_medium=gmb&amp;utm_campaign=listing&amp;utm_content=HALG\">hotel Vibra Algarb<\/a>, ubicado justo encima de la arena y con una zona chillout en su <a href=\"http:\/\/seahorseibiza.com\/\">restaurante Seahorse<\/a>, con salida directa a la playa \u00a1aqu\u00ed puedes aprovechar para tomarte un coctel refrescante despu\u00e9s del ba\u00f1o!<\/p>\n<p><img loading=\"lazy\" decoding=\"async\" class=\"alignnone  wp-image-6642\" src=\"https:\/\/www.vibrahotels.com\/wp-content\/uploads\/2023\/08\/ibiza-route-4-300x200.jpg\" alt=\"\" width=\"683\" height=\"455\" srcset=\"https:\/\/www.vibrahotels.com\/blog\/wp-content\/uploads\/2023\/08\/ibiza-route-4-300x200.jpg 300w, https:\/\/www.vibrahotels.com\/blog\/wp-content\/uploads\/2023\/08\/ibiza-route-4-1024x683.jpg 1024w, https:\/\/www.vibrahotels.com\/blog\/wp-content\/uploads\/2023\/08\/ibiza-route-4-768x512.jpg 768w, https:\/\/www.vibrahotels.com\/blog\/wp-content\/uploads\/2023\/08\/ibiza-route-4.jpg 1299w\" sizes=\"auto, (max-width: 683px) 100vw, 683px\" \/><\/p>\n<p>A continuaci\u00f3n ponemos rumbo al <a href=\"https:\/\/www.caib.es\/sites\/espaisnaturalsprotegits\/es\/parque_natural_de_ses_salines_de_ibiza_y_formentera-21765\/\">Parque Natural de Las Salinas<\/a> donde tambi\u00e9n se encuentran pr\u00f3ximas las playas de Ses Salines y Es Cavallet, en un paraje de dunas de arena blanca y aguas turquesa que no podr\u00e1s borrar de tu memoria. Puedes recorrer ambas playas y parar en alguno de sus famosos chiringuitos como <a href=\"https:\/\/welcometoibiza.com\/restaurantes\/chiringay\/\">Chiringay <\/a>con el mejor ambiente gay y buna m\u00fasica; te dejar\u00e1 sorprendido su maravilloso entorno natural.<\/p>\n<p><img loading=\"lazy\" decoding=\"async\" class=\"alignnone  wp-image-6644\" src=\"https:\/\/www.vibrahotels.com\/wp-content\/uploads\/2023\/08\/ibiza-route-5-300x200.jpg\" alt=\"\" width=\"674\" height=\"449\" srcset=\"https:\/\/www.vibrahotels.com\/blog\/wp-content\/uploads\/2023\/08\/ibiza-route-5-300x200.jpg 300w, https:\/\/www.vibrahotels.com\/blog\/wp-content\/uploads\/2023\/08\/ibiza-route-5-1024x683.jpg 1024w, https:\/\/www.vibrahotels.com\/blog\/wp-content\/uploads\/2023\/08\/ibiza-route-5-768x512.jpg 768w, https:\/\/www.vibrahotels.com\/blog\/wp-content\/uploads\/2023\/08\/ibiza-route-5.jpg 1299w\" sizes=\"auto, (max-width: 674px) 100vw, 674px\" \/><\/p>\n<p>Despu\u00e9s puedes poner rumbo a la torre de defensa de <a href=\"https:\/\/www.google.es\/maps\/dir\/torre+de+defensa+ses+portes++ibiza\/data=!4m6!4m5!1m1!4e2!1m2!1m1!1s0x129944dfe91fa239:0xf708367c40db66de?sa=X&amp;ved=2ahUKEwis0J-wrruAAxV9_7sIHaNPAN0Q9Rd6BAhMEAA&amp;ved=2ahUKEwis0J-wrruAAxV9_7sIHaNPAN0Q9Rd6BAhUEAM\">Ses Portes<\/a>,\u00a0 una de las siete atalayas que proteg\u00edan la isla del ataque de los piratas. Puedes ir andando desde la playa y por el camino podr\u00e1s disfrutar de<strong>\u00a0un paisaje \u00fanico<\/strong>\u00a0y lleno de curiosas formaciones rocosas entre las que encontrar\u00e1s peque\u00f1as calas y piscinas naturales.<\/p>\n<p><img loading=\"lazy\" decoding=\"async\" class=\"alignnone  wp-image-6646\" src=\"https:\/\/www.vibrahotels.com\/wp-content\/uploads\/2023\/08\/ibiza-route-6-300x225.jpg\" alt=\"\" width=\"679\" height=\"509\" srcset=\"https:\/\/www.vibrahotels.com\/blog\/wp-content\/uploads\/2023\/08\/ibiza-route-6-300x225.jpg 300w, https:\/\/www.vibrahotels.com\/blog\/wp-content\/uploads\/2023\/08\/ibiza-route-6-1024x769.jpg 1024w, https:\/\/www.vibrahotels.com\/blog\/wp-content\/uploads\/2023\/08\/ibiza-route-6-768x576.jpg 768w, https:\/\/www.vibrahotels.com\/blog\/wp-content\/uploads\/2023\/08\/ibiza-route-6.jpg 1299w\" sizes=\"auto, (max-width: 679px) 100vw, 679px\" \/><\/p>\n<p>Para terminar el d\u00eda puedes volver a la zona de Playa d\u2019en Bossa y descansar en cualquiera de los <a href=\"https:\/\/www.vibrahotels.com\/es\/ibiza\/playa-d-en-bossa\">hoteles o apartamentos Vibra<\/a>, como por ejemplo el <a href=\"https:\/\/www.vibrahotels.com\/ibiza\/playa-d-en-bossa\/hotel-vibra-bossa-flow?utm_source=google&amp;utm_medium=gmb&amp;utm_campaign=listing&amp;utm_content=HBSF\">hotel Vibra Bossa Flow<\/a>, con un ambiente coqueto y encantador, a pocos pasos de una de las renombradas zonas de ocio de la isla.\u00a0 Si buscas un hotel tranquilo con excelentes zona de descanso junto a la piscina, tambi\u00e9n all\u00ed cerca se encuentra el <a href=\"https:\/\/www.vibrahotels.com\/ibiza\/playa-d-en-bossa\/hotel-vibra-isola?utm_source=google&amp;utm_medium=gmb&amp;utm_campaign=listing&amp;utm_content=HNOR\">hotel Vibra Isola <\/a>cuyas habitaciones han sido recientemente renovadas. \u00a0\u00a1Todos los hoteles Vibra ofrecen unos estupendos desayunos!<\/p>\n<p><img loading=\"lazy\" decoding=\"async\" class=\"alignnone  wp-image-6648\" src=\"https:\/\/www.vibrahotels.com\/wp-content\/uploads\/2023\/08\/ibiza-route-7-300x200.jpg\" alt=\"\" width=\"677\" height=\"451\" srcset=\"https:\/\/www.vibrahotels.com\/blog\/wp-content\/uploads\/2023\/08\/ibiza-route-7-300x200.jpg 300w, https:\/\/www.vibrahotels.com\/blog\/wp-content\/uploads\/2023\/08\/ibiza-route-7-1024x682.jpg 1024w, https:\/\/www.vibrahotels.com\/blog\/wp-content\/uploads\/2023\/08\/ibiza-route-7-768x511.jpg 768w, https:\/\/www.vibrahotels.com\/blog\/wp-content\/uploads\/2023\/08\/ibiza-route-7.jpg 1299w\" sizes=\"auto, (max-width: 677px) 100vw, 677px\" \/><\/p>\n<h4><strong>Segundo d\u00eda en Ibiza <\/strong><\/h4>\n<p>Ya sabemos que el primer d\u00eda en Ibiza ha sido intenso, has visto muchas cosas y has aprovechado nuestras sugerencias para visitar lo m\u00e1ximo posible.\u00a0 Has descansado bien y, despu\u00e9s de un desayuno reponedor de fuerzas, te proponemos dirigirte hacia la zona norte-noreste de la isla a puntos de obligada visita que es mejor no perderse.<\/p>\n<h4><strong>Pueblo de San Jos\u00e9<\/strong><\/h4>\n<p>Te proponemos que te acerques a conocer el pueblo de San Jos\u00e9, un pueblo blanco ibicenco de que puede ser considerado de los m\u00e1s bellos de Ibiza. Tienen una amplia propuesta gastron\u00f3mica y es adem\u00e1s el punto de partida de diversas rutas de senderismo; una de ellas en especial es la que va hasta Sa Talaia, donde podr\u00e1s contemplar vistas inigualables.<\/p>\n<p>El paseo por las calles de San Jos\u00e9 es tambi\u00e9n casi obligado; est\u00e1 la <a href=\"https:\/\/www.parroquiasantjosepibiza.com\/\">Iglesia Parroquial de Sant Josep<\/a>, que es recordada por ser un puesto de vigilancia de la isla.<\/p>\n<p><img loading=\"lazy\" decoding=\"async\" class=\"alignnone  wp-image-6650\" src=\"https:\/\/www.vibrahotels.com\/wp-content\/uploads\/2023\/08\/ibiza-route-8-300x201.jpg\" alt=\"\" width=\"699\" height=\"468\" srcset=\"https:\/\/www.vibrahotels.com\/blog\/wp-content\/uploads\/2023\/08\/ibiza-route-8-300x201.jpg 300w, https:\/\/www.vibrahotels.com\/blog\/wp-content\/uploads\/2023\/08\/ibiza-route-8-1024x685.jpg 1024w, https:\/\/www.vibrahotels.com\/blog\/wp-content\/uploads\/2023\/08\/ibiza-route-8-768x514.jpg 768w, https:\/\/www.vibrahotels.com\/blog\/wp-content\/uploads\/2023\/08\/ibiza-route-8.jpg 1299w\" sizes=\"auto, (max-width: 699px) 100vw, 699px\" \/><\/p>\n<h4><strong>Es Vedra \u00a0y Playas de Cala d\u2019Hort y Cala Vadella<\/strong><\/h4>\n<p>Una vez hayamos visitado San Jos\u00e9 y descubierto esas rutas de senderismo que te conducen a alguna de sus torres defensivas, es el momento de poner direcci\u00f3n hacia uno de los lugares m\u00e1s especiales y m\u00e1gicos\u00a0de la isla: Es Vedr\u00e1. Se trata de un islote sobre el que dicen que acumula energ\u00eda especial y atrae a turistas de todo el mundo por su belleza. Si quieres tener la mejor panor\u00e1mica de Es Vedr\u00e1, te sugerimos que te acerques hasta la Torre del Savinar y esperar el momento perfecto para contemplarlo, que ser\u00e1 con la puesta del sol. El atardecer desde este punto te dejar\u00e1 sin palabras.<\/p>\n<p><img loading=\"lazy\" decoding=\"async\" class=\"alignnone  wp-image-6652\" src=\"https:\/\/www.vibrahotels.com\/wp-content\/uploads\/2023\/08\/ibiza-route-9-300x200.jpg\" alt=\"\" width=\"743\" height=\"495\" srcset=\"https:\/\/www.vibrahotels.com\/blog\/wp-content\/uploads\/2023\/08\/ibiza-route-9-300x200.jpg 300w, https:\/\/www.vibrahotels.com\/blog\/wp-content\/uploads\/2023\/08\/ibiza-route-9-1024x683.jpg 1024w, https:\/\/www.vibrahotels.com\/blog\/wp-content\/uploads\/2023\/08\/ibiza-route-9-768x512.jpg 768w, https:\/\/www.vibrahotels.com\/blog\/wp-content\/uploads\/2023\/08\/ibiza-route-9.jpg 1299w\" sizes=\"auto, (max-width: 743px) 100vw, 743px\" \/><\/p>\n<p>Ya que est\u00e1s por la zona y mientras esperas a que llegue la hora m\u00e1gica del atardecer para contemplar Es Vedr\u00e1, \u00bfqu\u00e9 te parece darte un ba\u00f1o en una cala de arena fina dorada?\u00a0 Es el momento de pisarla y para ello te proponemos Cala d\u2019Hort y, si te da tiempo, Cala Vadella.\u00a0 Cala d\u2019Hort se encuentra en el mismo municipio de Sant Josep de sa Talaia, y est\u00e1 a 21 km al oeste de Ibiza ciudad.\u00a0 Se trata de una playa peque\u00f1a y encantadora, desde tambi\u00e9n podr\u00e1s ver Es Vedr\u00e1, con una parte de arena fina y, en el otro extremo, algo m\u00e1s rocosa.\u00a0 Es un entorno paradisiaco, protegida por un acantilado; podr\u00e1s acceder por una pronunciada pendiente en la que acaba la carretera por la que llegas.\u00a0\u00a0 Si las olas lo permiten, y el viento, podr\u00e1s contemplar a los amantes del deporte de Surf \u00bfte animas?&#8230;\u00a0 Se trata de una playa sin humos, ya que quieren mantener sus arenas impecables.<\/p>\n<p><img decoding=\"async\" src=\"https:\/\/www.santjosep.net\/wp-content\/uploads\/2016\/04\/caladhort.jpg\" \/><\/p>\n<h4><strong>Disfruta del atardecer en el Caf\u00e9 del Mar en San Antonio<\/strong><\/h4>\n<p>Como alternativa a la puesta de sol de Es Vedr\u00e1, tambi\u00e9n tienes la de San Antonio.\u00a0 Esta ciudad se encuentra ubicada en la costa oeste a tan solo a 30 minutos en coche y es conocida como uno de los centros tur\u00edsticos mas importantes de la isla ya que cuenta con numerosos bares y macrodiscotecas que le dieron visibilidad internacional en los a\u00f1os setenta.\u00a0 Pero, adem\u00e1s, all\u00ed encontrar\u00e1s el famoso punto del <a href=\"https:\/\/www.ibiza.cafedelmar.com\/\">Caf\u00e9 del Mar<\/a>, uno de los sitios m\u00e1s conocidos del mundo y de los m\u00e1s famosos de Ibiza, para disfrutar del atardecer tomando una copa en sus bonitas terrazas y desde el que podr\u00e1s disfrutar de la puesta de sol con m\u00fasica chillout de fondo.\u00a0 All\u00ed tambi\u00e9n puedes cenar, pero te aconsejamos que reserves tu mesa con tiempo porque est\u00e1 muy, muy solicitado.<\/p>\n<p><img loading=\"lazy\" decoding=\"async\" class=\"alignnone  wp-image-6654\" src=\"https:\/\/www.vibrahotels.com\/wp-content\/uploads\/2023\/08\/ibiza-route-10-300x200.jpg\" alt=\"\" width=\"674\" height=\"449\" srcset=\"https:\/\/www.vibrahotels.com\/blog\/wp-content\/uploads\/2023\/08\/ibiza-route-10-300x200.jpg 300w, https:\/\/www.vibrahotels.com\/blog\/wp-content\/uploads\/2023\/08\/ibiza-route-10.jpg 567w\" sizes=\"auto, (max-width: 674px) 100vw, 674px\" \/><\/p>\n<p>Ya que est\u00e1s en San Antonio y se ha hecho tarde, te recomendamos uno de los hoteles m\u00e1s ic\u00f3nicos de la ciudad, a unos pasos andando desde donde est\u00e1s, el <a href=\"https:\/\/www.vibrahotels.com\/es\/ibiza\/san-antonio\/hotel-vibra-district?utm_medium=cpc&amp;utm_source=google&amp;utm_campaign=marca&amp;utm_content=HPIS&amp;utm_term=es&amp;gad=1\">hotel Vibra District<\/a>.\u00a0 Es uno de esos hoteles que lo tiene todo, pero su decoraci\u00f3n no te dejar\u00e1 indiferente.\u00a0 \u00a1No te olvides de ba\u00f1arte en su piscina roja!<\/p>\n<p><img loading=\"lazy\" decoding=\"async\" class=\"alignnone  wp-image-6656\" src=\"https:\/\/www.vibrahotels.com\/wp-content\/uploads\/2023\/08\/ibiza-route-11-300x200.jpg\" alt=\"\" width=\"692\" height=\"461\" srcset=\"https:\/\/www.vibrahotels.com\/blog\/wp-content\/uploads\/2023\/08\/ibiza-route-11-300x200.jpg 300w, https:\/\/www.vibrahotels.com\/blog\/wp-content\/uploads\/2023\/08\/ibiza-route-11-1024x682.jpg 1024w, https:\/\/www.vibrahotels.com\/blog\/wp-content\/uploads\/2023\/08\/ibiza-route-11-768x511.jpg 768w, https:\/\/www.vibrahotels.com\/blog\/wp-content\/uploads\/2023\/08\/ibiza-route-11.jpg 1299w\" sizes=\"auto, (max-width: 692px) 100vw, 692px\" \/><\/p>\n<h3><strong>Tercer un \u00faltimo d\u00eda en Ibiza <\/strong><\/h3>\n<h4><strong>Santa Eulalia del R\u00edo<\/strong><\/h4>\n<p>Si has reservado un avi\u00f3n o barco para \u00faltima hora del d\u00eda vas a poder visitar <strong>Santa Eulalia del R\u00edo<\/strong>.\u00a0 \u00a1Hay que aprovechar el \u00faltimo d\u00eda y no puedes despedirte de la isla sin visitar esta zona al este de Ibiza! \u00a0Este es uno de los pueblos m\u00e1s tranquilos de la isla y tiene mucho que ver, como por ejemplo Es Puig de Missa,\u00a0una de las iglesias m\u00e1s importantes del municipio\u00a0y que sin duda merece la pena visitar por su gran belleza. Desde all\u00ed tendr\u00e1s la mejor panor\u00e1mica de Santa Eulalia.<\/p>\n<p><img loading=\"lazy\" decoding=\"async\" class=\"alignnone  wp-image-6658\" src=\"https:\/\/www.vibrahotels.com\/wp-content\/uploads\/2023\/08\/ibiza-route-12-300x200.jpg\" alt=\"\" width=\"686\" height=\"457\" srcset=\"https:\/\/www.vibrahotels.com\/blog\/wp-content\/uploads\/2023\/08\/ibiza-route-12-300x200.jpg 300w, https:\/\/www.vibrahotels.com\/blog\/wp-content\/uploads\/2023\/08\/ibiza-route-12-1024x682.jpg 1024w, https:\/\/www.vibrahotels.com\/blog\/wp-content\/uploads\/2023\/08\/ibiza-route-12-768x511.jpg 768w, https:\/\/www.vibrahotels.com\/blog\/wp-content\/uploads\/2023\/08\/ibiza-route-12.jpg 1299w\" sizes=\"auto, (max-width: 686px) 100vw, 686px\" \/><\/p>\n<p>Adem\u00e1s, en Santa Eulalia encontrar\u00e1s los mercadillos hippies m\u00e1s famosos de la isla:\u00a0<strong>el de Punta Arab\u00ed y el de <\/strong><a href=\"https:\/\/lasdalias.es\/\"><strong>Las Dalias<\/strong><\/a><strong>.<\/strong>\u00a0El primero de ellos se encuentra en Es Canar y se trata de uno de los m\u00e1s grandes de la isla. \u00a0Las Dalias por su parte es uno de los m\u00e1s famosos y lleva celebr\u00e1ndose desde nada menos que 1954.<strong>\u00a0<\/strong>All\u00ed puedes encontrar de todo, joyas, ropa, arte, jabones, artesan\u00eda; en sus puestos encontrar\u00e1s todo lo que imagines y su horario los s\u00e1bados es de 10:00 a 20:00 horas, pero mejor consultar el horario en su web porque hay noches en las que tienen m\u00fasica en directo en un ambiente divertido.<\/p>\n<p><img loading=\"lazy\" decoding=\"async\" class=\"alignnone  wp-image-6660\" src=\"https:\/\/www.vibrahotels.com\/wp-content\/uploads\/2023\/08\/ibiza-route-13-225x300.jpg\" alt=\"\" width=\"691\" height=\"921\" srcset=\"https:\/\/www.vibrahotels.com\/blog\/wp-content\/uploads\/2023\/08\/ibiza-route-13-225x300.jpg 225w, https:\/\/www.vibrahotels.com\/blog\/wp-content\/uploads\/2023\/08\/ibiza-route-13-768x1024.jpg 768w, https:\/\/www.vibrahotels.com\/blog\/wp-content\/uploads\/2023\/08\/ibiza-route-13-1152x1536.jpg 1152w, https:\/\/www.vibrahotels.com\/blog\/wp-content\/uploads\/2023\/08\/ibiza-route-13.jpg 1299w\" sizes=\"auto, (max-width: 691px) 100vw, 691px\" \/><\/p>\n<h4><strong>San Carlos y el famoso Bar Anita<\/strong><\/h4>\n<p>Tambi\u00e9n en la zona hay otro punto de obligada visita: San Carlos.\u00a0 Se trata de una localidad llena de encanto donde ver\u00e1 la arquitectura tradicional de la isla mientras caminas por sus calles de esta bonita villa ibicenca. Es pueblo pintoresco y lleno de encanto, donde tambi\u00e9n hay m\u00faltiples tiendas, bares y restaurantes con precios moderado; uno de los sitios que te proponemos para comer es el <a href=\"https:\/\/e-carta.es\/func1\/1088\">Bar Anita<\/a>, \u00a0tambi\u00e9n conocido como Ca n\u2019Anneta, es un lugar de peregrinaci\u00f3n. \u00a0All\u00ed te sugerimos saborear una copa de su delicioso licor de hierbas, que la misma familia produce desde hace un siglo siguiendo la receta tradicional. Es un bar famoso por el ambiente cosmopolita que se congrega en su peque\u00f1a terraza frente a la iglesia.<\/p>\n<p><img loading=\"lazy\" decoding=\"async\" class=\"alignnone  wp-image-6662\" src=\"https:\/\/www.vibrahotels.com\/wp-content\/uploads\/2023\/08\/ibiza-route-14-300x200.jpg\" alt=\"\" width=\"690\" height=\"460\" srcset=\"https:\/\/www.vibrahotels.com\/blog\/wp-content\/uploads\/2023\/08\/ibiza-route-14-300x200.jpg 300w, https:\/\/www.vibrahotels.com\/blog\/wp-content\/uploads\/2023\/08\/ibiza-route-14-1024x683.jpg 1024w, https:\/\/www.vibrahotels.com\/blog\/wp-content\/uploads\/2023\/08\/ibiza-route-14-768x512.jpg 768w, https:\/\/www.vibrahotels.com\/blog\/wp-content\/uploads\/2023\/08\/ibiza-route-14.jpg 1299w\" sizes=\"auto, (max-width: 690px) 100vw, 690px\" \/><\/p>\n<p>Para terminar el d\u00eda y antes de despedirte de la isla para tu viaje de vuelta, te recomendamos que hagas una visita a la playa de Aguas Blancas. Esta es una de<strong>\u00a0<\/strong>las playas nudistas favoritas de los residentes en la isla, rodeada de acantilados, con arena dorada y aguas transparentes; otro de esos lugares m\u00e1gicos de la isla.<\/p>\n<p>\u00a1Aprovecha para cubrirte del lodo rojizo que se obtiene de sus acantilados y te volver\u00e1s a casa con los recuerdos y las im\u00e1genes de una isla \u00fanica y especial como es Ibiza, y la piel suave!&#8230;<\/p>\n<p><img loading=\"lazy\" decoding=\"async\" class=\"alignnone  wp-image-6664\" src=\"https:\/\/www.vibrahotels.com\/wp-content\/uploads\/2023\/08\/ibiza-route-15-300x200.jpg\" alt=\"\" width=\"668\" height=\"445\" srcset=\"https:\/\/www.vibrahotels.com\/blog\/wp-content\/uploads\/2023\/08\/ibiza-route-15-300x200.jpg 300w, https:\/\/www.vibrahotels.com\/blog\/wp-content\/uploads\/2023\/08\/ibiza-route-15-1024x683.jpg 1024w, https:\/\/www.vibrahotels.com\/blog\/wp-content\/uploads\/2023\/08\/ibiza-route-15-768x512.jpg 768w, https:\/\/www.vibrahotels.com\/blog\/wp-content\/uploads\/2023\/08\/ibiza-route-15.jpg 1299w\" sizes=\"auto, (max-width: 668px) 100vw, 668px\" \/><\/p>\n<p>\u00a1Seguro que te ha sabido a poco, pero volver\u00e1s! Hay mucho m\u00e1s que ver y te lo seguiremos contando todo en nuestro blog.<\/p>\n<p><img loading=\"lazy\" decoding=\"async\" class=\"alignnone  wp-image-6666\" src=\"https:\/\/www.vibrahotels.com\/wp-content\/uploads\/2023\/08\/ibiza-route-16-300x200.jpg\" alt=\"\" width=\"650\" height=\"433\" srcset=\"https:\/\/www.vibrahotels.com\/blog\/wp-content\/uploads\/2023\/08\/ibiza-route-16-300x200.jpg 300w, https:\/\/www.vibrahotels.com\/blog\/wp-content\/uploads\/2023\/08\/ibiza-route-16-1024x683.jpg 1024w, https:\/\/www.vibrahotels.com\/blog\/wp-content\/uploads\/2023\/08\/ibiza-route-16-768x512.jpg 768w, https:\/\/www.vibrahotels.com\/blog\/wp-content\/uploads\/2023\/08\/ibiza-route-16.jpg 1299w\" sizes=\"auto, (max-width: 650px) 100vw, 650px\" \/><\/p>\n","protected":false},"excerpt":{"rendered":"<p>Si estas preparando tu pr\u00f3xima visita Ibiza y solamente dispones de un fin de semana, hoy te proponemos algunos planes imprescindibles que no te puedes perder.\u00a0 Ya sabes que en Ibiza contamos con las playas y pueblos m\u00e1s bonitos, que&#8230;<\/p>\n","protected":false},"author":1,"featured_media":6636,"comment_status":"open","ping_status":"open","sticky":false,"template":"","format":"standard","meta":{"footnotes":""},"categories":[1312,1311,1297],"tags":[],"class_list":["post-6672","post","type-post","status-publish","format-standard","has-post-thumbnail","hentry","category-living-vibra","category-planes-en-ibiza","category-travel"],"yoast_head":"<!-- This site is optimized with the Yoast SEO plugin v27.4 - https:\/\/yoast.com\/product\/yoast-seo-wordpress\/ -->\n<title>Visitas Pueblos y Playas en un Fin de Semana - Islander by Vibra Hotels<\/title>\n<meta name=\"robots\" content=\"index, follow, max-snippet:-1, max-image-preview:large, max-video-preview:-1\" \/>\n<link rel=\"canonical\" href=\"https:\/\/www.vibrahotels.com\/blog\/visitas-pueblos-y-playas-en-un-fin-de-semana\/\" \/>\n<meta property=\"og:locale\" content=\"es_ES\" \/>\n<meta property=\"og:type\" content=\"article\" \/>\n<meta property=\"og:title\" content=\"Visitas Pueblos y Playas en un Fin de Semana - Islander by Vibra Hotels\" \/>\n<meta property=\"og:description\" content=\"Si estas preparando tu pr\u00f3xima visita Ibiza y solamente dispones de un fin de semana, hoy te proponemos algunos planes imprescindibles que no te puedes perder.\u00a0 Ya sabes que en Ibiza contamos con las playas y pueblos m\u00e1s bonitos, que...\" \/>\n<meta property=\"og:url\" content=\"https:\/\/www.vibrahotels.com\/blog\/visitas-pueblos-y-playas-en-un-fin-de-semana\/\" \/>\n<meta property=\"og:site_name\" content=\"Islander by Vibra Hotels\" \/>\n<meta property=\"article:published_time\" content=\"2023-08-02T14:30:37+00:00\" \/>\n<meta property=\"article:modified_time\" content=\"2024-07-09T14:28:39+00:00\" \/>\n<meta property=\"og:image\" content=\"https:\/\/www.vibrahotels.com\/blog\/wp-content\/uploads\/2023\/08\/Ibiza-route-1.jpg\" \/>\n\t<meta property=\"og:image:width\" content=\"1299\" \/>\n\t<meta property=\"og:image:height\" content=\"866\" \/>\n\t<meta property=\"og:image:type\" content=\"image\/jpeg\" \/>\n<meta name=\"author\" content=\"The Ibiza Blog\" \/>\n<meta name=\"twitter:card\" content=\"summary_large_image\" \/>\n<meta name=\"twitter:label1\" content=\"Escrito por\" \/>\n\t<meta name=\"twitter:data1\" content=\"The Ibiza Blog\" \/>\n\t<meta name=\"twitter:label2\" content=\"Tiempo de lectura\" \/>\n\t<meta name=\"twitter:data2\" content=\"12 minutos\" \/>\n<script type=\"application\/ld+json\" class=\"yoast-schema-graph\">{\"@context\":\"https:\\\/\\\/schema.org\",\"@graph\":[{\"@type\":\"Article\",\"@id\":\"https:\\\/\\\/www.vibrahotels.com\\\/blog\\\/visitas-pueblos-y-playas-en-un-fin-de-semana\\\/#article\",\"isPartOf\":{\"@id\":\"https:\\\/\\\/www.vibrahotels.com\\\/blog\\\/visitas-pueblos-y-playas-en-un-fin-de-semana\\\/\"},\"author\":{\"name\":\"The Ibiza Blog\",\"@id\":\"https:\\\/\\\/www.vibrahotels.com\\\/blog\\\/#\\\/schema\\\/person\\\/ad74f13df6e44e7081ef65424f668972\"},\"headline\":\"Visitas Pueblos y Playas en un Fin de Semana\",\"datePublished\":\"2023-08-02T14:30:37+00:00\",\"dateModified\":\"2024-07-09T14:28:39+00:00\",\"mainEntityOfPage\":{\"@id\":\"https:\\\/\\\/www.vibrahotels.com\\\/blog\\\/visitas-pueblos-y-playas-en-un-fin-de-semana\\\/\"},\"wordCount\":1942,\"commentCount\":0,\"image\":{\"@id\":\"https:\\\/\\\/www.vibrahotels.com\\\/blog\\\/visitas-pueblos-y-playas-en-un-fin-de-semana\\\/#primaryimage\"},\"thumbnailUrl\":\"https:\\\/\\\/www.vibrahotels.com\\\/blog\\\/wp-content\\\/uploads\\\/2023\\\/08\\\/Ibiza-route-1.jpg\",\"articleSection\":[\"Living Vibra\",\"Planes en Ibiza\",\"Travel\"],\"inLanguage\":\"es\",\"potentialAction\":[{\"@type\":\"CommentAction\",\"name\":\"Comment\",\"target\":[\"https:\\\/\\\/www.vibrahotels.com\\\/blog\\\/visitas-pueblos-y-playas-en-un-fin-de-semana\\\/#respond\"]}]},{\"@type\":\"WebPage\",\"@id\":\"https:\\\/\\\/www.vibrahotels.com\\\/blog\\\/visitas-pueblos-y-playas-en-un-fin-de-semana\\\/\",\"url\":\"https:\\\/\\\/www.vibrahotels.com\\\/blog\\\/visitas-pueblos-y-playas-en-un-fin-de-semana\\\/\",\"name\":\"Visitas Pueblos y Playas en un Fin de Semana - Islander by Vibra Hotels\",\"isPartOf\":{\"@id\":\"https:\\\/\\\/www.vibrahotels.com\\\/blog\\\/#website\"},\"primaryImageOfPage\":{\"@id\":\"https:\\\/\\\/www.vibrahotels.com\\\/blog\\\/visitas-pueblos-y-playas-en-un-fin-de-semana\\\/#primaryimage\"},\"image\":{\"@id\":\"https:\\\/\\\/www.vibrahotels.com\\\/blog\\\/visitas-pueblos-y-playas-en-un-fin-de-semana\\\/#primaryimage\"},\"thumbnailUrl\":\"https:\\\/\\\/www.vibrahotels.com\\\/blog\\\/wp-content\\\/uploads\\\/2023\\\/08\\\/Ibiza-route-1.jpg\",\"datePublished\":\"2023-08-02T14:30:37+00:00\",\"dateModified\":\"2024-07-09T14:28:39+00:00\",\"author\":{\"@id\":\"https:\\\/\\\/www.vibrahotels.com\\\/blog\\\/#\\\/schema\\\/person\\\/ad74f13df6e44e7081ef65424f668972\"},\"breadcrumb\":{\"@id\":\"https:\\\/\\\/www.vibrahotels.com\\\/blog\\\/visitas-pueblos-y-playas-en-un-fin-de-semana\\\/#breadcrumb\"},\"inLanguage\":\"es\",\"potentialAction\":[{\"@type\":\"ReadAction\",\"target\":[\"https:\\\/\\\/www.vibrahotels.com\\\/blog\\\/visitas-pueblos-y-playas-en-un-fin-de-semana\\\/\"]}]},{\"@type\":\"ImageObject\",\"inLanguage\":\"es\",\"@id\":\"https:\\\/\\\/www.vibrahotels.com\\\/blog\\\/visitas-pueblos-y-playas-en-un-fin-de-semana\\\/#primaryimage\",\"url\":\"https:\\\/\\\/www.vibrahotels.com\\\/blog\\\/wp-content\\\/uploads\\\/2023\\\/08\\\/Ibiza-route-1.jpg\",\"contentUrl\":\"https:\\\/\\\/www.vibrahotels.com\\\/blog\\\/wp-content\\\/uploads\\\/2023\\\/08\\\/Ibiza-route-1.jpg\",\"width\":1299,\"height\":866},{\"@type\":\"BreadcrumbList\",\"@id\":\"https:\\\/\\\/www.vibrahotels.com\\\/blog\\\/visitas-pueblos-y-playas-en-un-fin-de-semana\\\/#breadcrumb\",\"itemListElement\":[{\"@type\":\"ListItem\",\"position\":1,\"name\":\"Portada\",\"item\":\"https:\\\/\\\/www.vibrahotels.com\\\/blog\\\/\"},{\"@type\":\"ListItem\",\"position\":2,\"name\":\"Visitas Pueblos y Playas en un Fin de Semana\"}]},{\"@type\":\"WebSite\",\"@id\":\"https:\\\/\\\/www.vibrahotels.com\\\/blog\\\/#website\",\"url\":\"https:\\\/\\\/www.vibrahotels.com\\\/blog\\\/\",\"name\":\"Islander by Vibra Hotels\",\"description\":\"\",\"potentialAction\":[{\"@type\":\"SearchAction\",\"target\":{\"@type\":\"EntryPoint\",\"urlTemplate\":\"https:\\\/\\\/www.vibrahotels.com\\\/blog\\\/?s={search_term_string}\"},\"query-input\":{\"@type\":\"PropertyValueSpecification\",\"valueRequired\":true,\"valueName\":\"search_term_string\"}}],\"inLanguage\":\"es\"},{\"@type\":\"Person\",\"@id\":\"https:\\\/\\\/www.vibrahotels.com\\\/blog\\\/#\\\/schema\\\/person\\\/ad74f13df6e44e7081ef65424f668972\",\"name\":\"The Ibiza Blog\",\"image\":{\"@type\":\"ImageObject\",\"inLanguage\":\"es\",\"@id\":\"https:\\\/\\\/secure.gravatar.com\\\/avatar\\\/d172713df318fe4ba11547ee4a70ab1eae0206026db57d7a5920186b9f5ee855?s=96&d=mm&r=g\",\"url\":\"https:\\\/\\\/secure.gravatar.com\\\/avatar\\\/d172713df318fe4ba11547ee4a70ab1eae0206026db57d7a5920186b9f5ee855?s=96&d=mm&r=g\",\"contentUrl\":\"https:\\\/\\\/secure.gravatar.com\\\/avatar\\\/d172713df318fe4ba11547ee4a70ab1eae0206026db57d7a5920186b9f5ee855?s=96&d=mm&r=g\",\"caption\":\"The Ibiza Blog\"},\"url\":\"https:\\\/\\\/www.vibrahotels.com\\\/blog\\\/author\\\/the-ibiza-blog\\\/\"}]}<\/script>\n<!-- \/ Yoast SEO plugin. -->","yoast_head_json":{"title":"Visitas Pueblos y Playas en un Fin de Semana - Islander by Vibra Hotels","robots":{"index":"index","follow":"follow","max-snippet":"max-snippet:-1","max-image-preview":"max-image-preview:large","max-video-preview":"max-video-preview:-1"},"canonical":"https:\/\/www.vibrahotels.com\/blog\/visitas-pueblos-y-playas-en-un-fin-de-semana\/","og_locale":"es_ES","og_type":"article","og_title":"Visitas Pueblos y Playas en un Fin de Semana - Islander by Vibra Hotels","og_description":"Si estas preparando tu pr\u00f3xima visita Ibiza y solamente dispones de un fin de semana, hoy te proponemos algunos planes imprescindibles que no te puedes perder.\u00a0 Ya sabes que en Ibiza contamos con las playas y pueblos m\u00e1s bonitos, que...","og_url":"https:\/\/www.vibrahotels.com\/blog\/visitas-pueblos-y-playas-en-un-fin-de-semana\/","og_site_name":"Islander by Vibra Hotels","article_published_time":"2023-08-02T14:30:37+00:00","article_modified_time":"2024-07-09T14:28:39+00:00","og_image":[{"width":1299,"height":866,"url":"https:\/\/www.vibrahotels.com\/blog\/wp-content\/uploads\/2023\/08\/Ibiza-route-1.jpg","type":"image\/jpeg"}],"author":"The Ibiza Blog","twitter_card":"summary_large_image","twitter_misc":{"Escrito por":"The Ibiza Blog","Tiempo de lectura":"12 minutos"},"schema":{"@context":"https:\/\/schema.org","@graph":[{"@type":"Article","@id":"https:\/\/www.vibrahotels.com\/blog\/visitas-pueblos-y-playas-en-un-fin-de-semana\/#article","isPartOf":{"@id":"https:\/\/www.vibrahotels.com\/blog\/visitas-pueblos-y-playas-en-un-fin-de-semana\/"},"author":{"name":"The Ibiza Blog","@id":"https:\/\/www.vibrahotels.com\/blog\/#\/schema\/person\/ad74f13df6e44e7081ef65424f668972"},"headline":"Visitas Pueblos y Playas en un Fin de Semana","datePublished":"2023-08-02T14:30:37+00:00","dateModified":"2024-07-09T14:28:39+00:00","mainEntityOfPage":{"@id":"https:\/\/www.vibrahotels.com\/blog\/visitas-pueblos-y-playas-en-un-fin-de-semana\/"},"wordCount":1942,"commentCount":0,"image":{"@id":"https:\/\/www.vibrahotels.com\/blog\/visitas-pueblos-y-playas-en-un-fin-de-semana\/#primaryimage"},"thumbnailUrl":"https:\/\/www.vibrahotels.com\/blog\/wp-content\/uploads\/2023\/08\/Ibiza-route-1.jpg","articleSection":["Living Vibra","Planes en Ibiza","Travel"],"inLanguage":"es","potentialAction":[{"@type":"CommentAction","name":"Comment","target":["https:\/\/www.vibrahotels.com\/blog\/visitas-pueblos-y-playas-en-un-fin-de-semana\/#respond"]}]},{"@type":"WebPage","@id":"https:\/\/www.vibrahotels.com\/blog\/visitas-pueblos-y-playas-en-un-fin-de-semana\/","url":"https:\/\/www.vibrahotels.com\/blog\/visitas-pueblos-y-playas-en-un-fin-de-semana\/","name":"Visitas Pueblos y Playas en un Fin de Semana - Islander by Vibra Hotels","isPartOf":{"@id":"https:\/\/www.vibrahotels.com\/blog\/#website"},"primaryImageOfPage":{"@id":"https:\/\/www.vibrahotels.com\/blog\/visitas-pueblos-y-playas-en-un-fin-de-semana\/#primaryimage"},"image":{"@id":"https:\/\/www.vibrahotels.com\/blog\/visitas-pueblos-y-playas-en-un-fin-de-semana\/#primaryimage"},"thumbnailUrl":"https:\/\/www.vibrahotels.com\/blog\/wp-content\/uploads\/2023\/08\/Ibiza-route-1.jpg","datePublished":"2023-08-02T14:30:37+00:00","dateModified":"2024-07-09T14:28:39+00:00","author":{"@id":"https:\/\/www.vibrahotels.com\/blog\/#\/schema\/person\/ad74f13df6e44e7081ef65424f668972"},"breadcrumb":{"@id":"https:\/\/www.vibrahotels.com\/blog\/visitas-pueblos-y-playas-en-un-fin-de-semana\/#breadcrumb"},"inLanguage":"es","potentialAction":[{"@type":"ReadAction","target":["https:\/\/www.vibrahotels.com\/blog\/visitas-pueblos-y-playas-en-un-fin-de-semana\/"]}]},{"@type":"ImageObject","inLanguage":"es","@id":"https:\/\/www.vibrahotels.com\/blog\/visitas-pueblos-y-playas-en-un-fin-de-semana\/#primaryimage","url":"https:\/\/www.vibrahotels.com\/blog\/wp-content\/uploads\/2023\/08\/Ibiza-route-1.jpg","contentUrl":"https:\/\/www.vibrahotels.com\/blog\/wp-content\/uploads\/2023\/08\/Ibiza-route-1.jpg","width":1299,"height":866},{"@type":"BreadcrumbList","@id":"https:\/\/www.vibrahotels.com\/blog\/visitas-pueblos-y-playas-en-un-fin-de-semana\/#breadcrumb","itemListElement":[{"@type":"ListItem","position":1,"name":"Portada","item":"https:\/\/www.vibrahotels.com\/blog\/"},{"@type":"ListItem","position":2,"name":"Visitas Pueblos y Playas en un Fin de Semana"}]},{"@type":"WebSite","@id":"https:\/\/www.vibrahotels.com\/blog\/#website","url":"https:\/\/www.vibrahotels.com\/blog\/","name":"Islander by Vibra Hotels","description":"","potentialAction":[{"@type":"SearchAction","target":{"@type":"EntryPoint","urlTemplate":"https:\/\/www.vibrahotels.com\/blog\/?s={search_term_string}"},"query-input":{"@type":"PropertyValueSpecification","valueRequired":true,"valueName":"search_term_string"}}],"inLanguage":"es"},{"@type":"Person","@id":"https:\/\/www.vibrahotels.com\/blog\/#\/schema\/person\/ad74f13df6e44e7081ef65424f668972","name":"The Ibiza Blog","image":{"@type":"ImageObject","inLanguage":"es","@id":"https:\/\/secure.gravatar.com\/avatar\/d172713df318fe4ba11547ee4a70ab1eae0206026db57d7a5920186b9f5ee855?s=96&d=mm&r=g","url":"https:\/\/secure.gravatar.com\/avatar\/d172713df318fe4ba11547ee4a70ab1eae0206026db57d7a5920186b9f5ee855?s=96&d=mm&r=g","contentUrl":"https:\/\/secure.gravatar.com\/avatar\/d172713df318fe4ba11547ee4a70ab1eae0206026db57d7a5920186b9f5ee855?s=96&d=mm&r=g","caption":"The Ibiza Blog"},"url":"https:\/\/www.vibrahotels.com\/blog\/author\/the-ibiza-blog\/"}]}},"_links":{"self":[{"href":"https:\/\/www.vibrahotels.com\/blog\/wp-json\/wp\/v2\/posts\/6672","targetHints":{"allow":["GET"]}}],"collection":[{"href":"https:\/\/www.vibrahotels.com\/blog\/wp-json\/wp\/v2\/posts"}],"about":[{"href":"https:\/\/www.vibrahotels.com\/blog\/wp-json\/wp\/v2\/types\/post"}],"author":[{"embeddable":true,"href":"https:\/\/www.vibrahotels.com\/blog\/wp-json\/wp\/v2\/users\/1"}],"replies":[{"embeddable":true,"href":"https:\/\/www.vibrahotels.com\/blog\/wp-json\/wp\/v2\/comments?post=6672"}],"version-history":[{"count":2,"href":"https:\/\/www.vibrahotels.com\/blog\/wp-json\/wp\/v2\/posts\/6672\/revisions"}],"predecessor-version":[{"id":7311,"href":"https:\/\/www.vibrahotels.com\/blog\/wp-json\/wp\/v2\/posts\/6672\/revisions\/7311"}],"wp:featuredmedia":[{"embeddable":true,"href":"https:\/\/www.vibrahotels.com\/blog\/wp-json\/wp\/v2\/media\/6636"}],"wp:attachment":[{"href":"https:\/\/www.vibrahotels.com\/blog\/wp-json\/wp\/v2\/media?parent=6672"}],"wp:term":[{"taxonomy":"category","embeddable":true,"href":"https:\/\/www.vibrahotels.com\/blog\/wp-json\/wp\/v2\/categories?post=6672"},{"taxonomy":"post_tag","embeddable":true,"href":"https:\/\/www.vibrahotels.com\/blog\/wp-json\/wp\/v2\/tags?post=6672"}],"curies":[{"name":"wp","href":"https:\/\/api.w.org\/{rel}","templated":true}]}}