{"id":6615,"date":"2023-08-11T10:00:01","date_gmt":"2023-08-11T08:00:01","guid":{"rendered":"https:\/\/www.vibrahotels.com\/?p=6615"},"modified":"2024-07-09T16:28:13","modified_gmt":"2024-07-09T14:28:13","slug":"las-mejores-fiestas-del-verano-viernes-sabado-y-domingo","status":"publish","type":"post","link":"https:\/\/www.vibrahotels.com\/blog\/las-mejores-fiestas-del-verano-viernes-sabado-y-domingo\/","title":{"rendered":"Las Mejores Fiestas del Verano: Viernes, Sabado y Domingo"},"content":{"rendered":"<p>\u00bfListo para m\u00e1s tips exclusivos sobre las mejores fiestas de fin de semana en Ibiza? \u00a1Hoy, analizaremos detalladamente algunos de los eventos m\u00e1s candentes de la isla!<\/p>\n<p>&nbsp;<\/p>\n<p>&nbsp;<\/p>\n<h3>VIERNES<\/h3>\n<h4>Future Rave<\/h4>\n<p><span class=\"TextRun SCXW104023756 BCX8\" lang=\"ES-ES\" xml:lang=\"ES-ES\" data-contrast=\"none\"><span class=\"NormalTextRun SCXW104023756 BCX8\">Los <\/span><\/span><span class=\"TextRun SCXW104023756 BCX8\" lang=\"ES-ES\" xml:lang=\"ES-ES\" data-contrast=\"none\"><span class=\"NormalTextRun SCXW104023756 BCX8\">VIERNES est\u00e1 DAVID GUETA en H\u00cf IBIZA, con MORTEN y presentan la fiesta FUTURE RAVE<\/span><\/span><span class=\"TextRun SCXW104023756 BCX8\" lang=\"ES-ES\" xml:lang=\"ES-ES\" data-contrast=\"none\"><span class=\"NormalTextRun SCXW104023756 BCX8\">.\u00a0 Se trata de m\u00fasica de baile con un toque futurista<\/span><span class=\"NormalTextRun SCXW104023756 BCX8\"> y mezclada con sonidos <\/span><span class=\"NormalTextRun SpellingErrorV2Themed SCXW104023756 BCX8\">underground<\/span><span class=\"NormalTextRun SCXW104023756 BCX8\"> que te transportan a una rave.\u00a0 <\/span><\/span><span class=\"TextRun Highlight SCXW104023756 BCX8\" lang=\"ES-ES\" xml:lang=\"ES-ES\" data-contrast=\"none\"><span class=\"NormalTextRun SCXW104023756 BCX8\">Este verano encontrar\u00e1s pinchando en Future Rave a la residente\u202f<\/span><\/span><span class=\"TextRun Highlight SCXW104023756 BCX8\" lang=\"ES-ES\" xml:lang=\"ES-ES\" data-contrast=\"none\"><span class=\"NormalTextRun SpellingErrorV2Themed SCXW104023756 BCX8\" data-ccp-charstyle=\"Strong\">Arielle<\/span> <\/span><span class=\"TextRun Highlight SCXW104023756 BCX8\" lang=\"ES-ES\" xml:lang=\"ES-ES\" data-contrast=\"none\"><span class=\"NormalTextRun SCXW104023756 BCX8\" data-ccp-charstyle=\"Strong\">Free<\/span><\/span><span class=\"TextRun Highlight SCXW104023756 BCX8\" lang=\"ES-ES\" xml:lang=\"ES-ES\" data-contrast=\"none\"><span class=\"NormalTextRun SCXW104023756 BCX8\">,\u202f<\/span><\/span><span class=\"TextRun Highlight SCXW104023756 BCX8\" lang=\"ES-ES\" xml:lang=\"ES-ES\" data-contrast=\"none\"><span class=\"NormalTextRun SCXW104023756 BCX8\" data-ccp-charstyle=\"Strong\">ARTBAT<\/span><\/span><span class=\"TextRun Highlight SCXW104023756 BCX8\" lang=\"ES-ES\" xml:lang=\"ES-ES\" data-contrast=\"none\"><span class=\"NormalTextRun SCXW104023756 BCX8\" data-ccp-charstyle=\"Strong\">\u202f<\/span><\/span><span class=\"TextRun Highlight SCXW104023756 BCX8\" lang=\"ES-ES\" xml:lang=\"ES-ES\" data-contrast=\"none\"><span class=\"NormalTextRun SCXW104023756 BCX8\">(exclusiva),\u202f<\/span><\/span><span class=\"TextRun Highlight SCXW104023756 BCX8\" lang=\"ES-ES\" xml:lang=\"ES-ES\" data-contrast=\"none\"><span class=\"NormalTextRun SpellingErrorV2Themed SCXW104023756 BCX8\" data-ccp-charstyle=\"Strong\">Eelke<\/span> <span class=\"NormalTextRun SpellingErrorV2Themed SCXW104023756 BCX8\" data-ccp-charstyle=\"Strong\">Kleijn<\/span><\/span><span class=\"TextRun Highlight SCXW104023756 BCX8\" lang=\"ES-ES\" xml:lang=\"ES-ES\" data-contrast=\"none\"><span class=\"NormalTextRun SCXW104023756 BCX8\">,\u202f<\/span><\/span><span class=\"TextRun Highlight SCXW104023756 BCX8\" lang=\"ES-ES\" xml:lang=\"ES-ES\" data-contrast=\"none\"><span class=\"NormalTextRun SCXW104023756 BCX8\" data-ccp-charstyle=\"Strong\">Fred <\/span><span class=\"NormalTextRun SpellingErrorV2Themed SCXW104023756 BCX8\" data-ccp-charstyle=\"Strong\">Lenix<\/span><\/span><span class=\"TextRun Highlight SCXW104023756 BCX8\" lang=\"ES-ES\" xml:lang=\"ES-ES\" data-contrast=\"none\"><span class=\"NormalTextRun SCXW104023756 BCX8\">,\u202f<\/span><\/span><span class=\"TextRun Highlight SCXW104023756 BCX8\" lang=\"ES-ES\" xml:lang=\"ES-ES\" data-contrast=\"none\"><span class=\"NormalTextRun SCXW104023756 BCX8\" data-ccp-charstyle=\"Strong\">John Summit<\/span><\/span><span class=\"TextRun Highlight SCXW104023756 BCX8\" lang=\"ES-ES\" xml:lang=\"ES-ES\" data-contrast=\"none\"><span class=\"NormalTextRun SCXW104023756 BCX8\">,\u202f<\/span><\/span><span class=\"TextRun Highlight SCXW104023756 BCX8\" lang=\"ES-ES\" xml:lang=\"ES-ES\" data-contrast=\"none\"><span class=\"NormalTextRun SpellingErrorV2Themed SCXW104023756 BCX8\" data-ccp-charstyle=\"Strong\">Korolova<\/span><\/span><span class=\"TextRun Highlight SCXW104023756 BCX8\" lang=\"ES-ES\" xml:lang=\"ES-ES\" data-contrast=\"none\"><span class=\"NormalTextRun SCXW104023756 BCX8\">,\u202f<\/span><\/span><span class=\"TextRun Highlight SCXW104023756 BCX8\" lang=\"ES-ES\" xml:lang=\"ES-ES\" data-contrast=\"none\"><span class=\"NormalTextRun SCXW104023756 BCX8\" data-ccp-charstyle=\"Strong\">Mark <\/span><span class=\"NormalTextRun SpellingErrorV2Themed SCXW104023756 BCX8\" data-ccp-charstyle=\"Strong\">Knight<\/span><\/span><span class=\"TextRun Highlight SCXW104023756 BCX8\" lang=\"ES-ES\" xml:lang=\"ES-ES\" data-contrast=\"none\"><span class=\"NormalTextRun SCXW104023756 BCX8\">,\u202f<\/span><\/span><span class=\"TextRun Highlight SCXW104023756 BCX8\" lang=\"ES-ES\" xml:lang=\"ES-ES\" data-contrast=\"none\"><span class=\"NormalTextRun SpellingErrorV2Themed SCXW104023756 BCX8\" data-ccp-charstyle=\"Strong\">Mathame<\/span><\/span><span class=\"TextRun Highlight SCXW104023756 BCX8\" lang=\"ES-ES\" xml:lang=\"ES-ES\" data-contrast=\"none\"><span class=\"NormalTextRun SCXW104023756 BCX8\">,\u202f<\/span><\/span><span class=\"TextRun Highlight SCXW104023756 BCX8\" lang=\"ES-ES\" xml:lang=\"ES-ES\" data-contrast=\"none\"><span class=\"NormalTextRun SCXW104023756 BCX8\" data-ccp-charstyle=\"Strong\">Mau P<\/span><\/span><span class=\"TextRun Highlight SCXW104023756 BCX8\" lang=\"ES-ES\" xml:lang=\"ES-ES\" data-contrast=\"none\"><span class=\"NormalTextRun SCXW104023756 BCX8\">,\u202f<\/span><\/span><span class=\"TextRun Highlight SCXW104023756 BCX8\" lang=\"ES-ES\" xml:lang=\"ES-ES\" data-contrast=\"none\"><span class=\"NormalTextRun SCXW104023756 BCX8\" data-ccp-charstyle=\"Strong\">Miss Monique<\/span><\/span><span class=\"TextRun Highlight SCXW104023756 BCX8\" lang=\"ES-ES\" xml:lang=\"ES-ES\" data-contrast=\"none\"><span class=\"NormalTextRun SCXW104023756 BCX8\">,\u202f<\/span><\/span><span class=\"TextRun Highlight SCXW104023756 BCX8\" lang=\"ES-ES\" xml:lang=\"ES-ES\" data-contrast=\"none\"><span class=\"NormalTextRun SpellingErrorV2Themed SCXW104023756 BCX8\" data-ccp-charstyle=\"Strong\">Shall<\/span> <span class=\"NormalTextRun SpellingErrorV2Themed SCXW104023756 BCX8\" data-ccp-charstyle=\"Strong\">Ocin<\/span><\/span><span class=\"TextRun Highlight SCXW104023756 BCX8\" lang=\"ES-ES\" xml:lang=\"ES-ES\" data-contrast=\"none\"><span class=\"NormalTextRun SCXW104023756 BCX8\">\u202fy m\u00e1s. E<\/span><span class=\"NormalTextRun SCXW104023756 BCX8\">sta temporada el <\/span><span class=\"NormalTextRun SCXW104023756 BCX8\">italiano\u202f<\/span><\/span><span class=\"TextRun Highlight SCXW104023756 BCX8\" lang=\"ES-ES\" xml:lang=\"ES-ES\" data-contrast=\"none\"><span class=\"NormalTextRun SpellingErrorV2Themed SCXW104023756 BCX8\" data-ccp-charstyle=\"Strong\">Meduza<\/span><\/span><span class=\"TextRun Highlight SCXW104023756 BCX8\" lang=\"ES-ES\" xml:lang=\"ES-ES\" data-contrast=\"none\"><span class=\"NormalTextRun SCXW104023756 BCX8\">\u202f<\/span><\/span><span class=\"TextRun Highlight SCXW104023756 BCX8\" lang=\"ES-ES\" xml:lang=\"ES-ES\" data-contrast=\"none\"><span class=\"NormalTextRun SCXW104023756 BCX8\">y su compa\u00f1ero\u202f<\/span><\/span><span class=\"TextRun Highlight SCXW104023756 BCX8\" lang=\"ES-ES\" xml:lang=\"ES-ES\" data-contrast=\"none\"><span class=\"NormalTextRun SCXW104023756 BCX8\" data-ccp-charstyle=\"Strong\">James <\/span><span class=\"NormalTextRun SpellingErrorV2Themed SCXW104023756 BCX8\" data-ccp-charstyle=\"Strong\">Hype<\/span><\/span><span class=\"TextRun Highlight SCXW104023756 BCX8\" lang=\"ES-ES\" xml:lang=\"ES-ES\" data-contrast=\"none\"><span class=\"NormalTextRun SCXW104023756 BCX8\" data-ccp-charstyle=\"Strong\">\u202f<\/span><\/span><span class=\"TextRun Highlight SCXW104023756 BCX8\" lang=\"ES-ES\" xml:lang=\"ES-ES\" data-contrast=\"none\"><span class=\"NormalTextRun SCXW104023756 BCX8\">estar\u00e1 en <\/span><span class=\"NormalTextRun SCXW104023756 BCX8\">la Club <\/span><span class=\"NormalTextRun SpellingErrorV2Themed SCXW104023756 BCX8\">Room<\/span><span class=\"NormalTextRun SCXW104023756 BCX8\">.<\/span><\/span><span class=\"EOP SCXW104023756 BCX8\" data-ccp-props=\"{&quot;201341983&quot;:0,&quot;335551550&quot;:6,&quot;335551620&quot;:6,&quot;335559739&quot;:375,&quot;335559740&quot;:240}\">\u00a0<\/span><\/p>\n<p><img decoding=\"async\" src=\"https:\/\/welcometoibiza.com\/wp-content\/uploads\/fiesta-david-guetta-morten-future-rave-hi-ibiza-2023-welcometoibiza-1200x720.jpg\" alt=\"David Guetta Future Rave at H\u00ef Ibiza - Fiestas Ibiza 2023\" \/><\/p>\n<h4><span data-contrast=\"none\">PACHA: MUSIC ON<\/span><span data-ccp-props=\"{&quot;201341983&quot;:0,&quot;335551550&quot;:6,&quot;335551620&quot;:6,&quot;335559739&quot;:375,&quot;335559740&quot;:240}\">\u00a0<\/span><\/h4>\n<p><b><span data-contrast=\"none\">Music On\u202f<\/span><\/b><span data-contrast=\"none\">es LA fiesta de<\/span><b><span data-contrast=\"none\">\u202fMarco Carola<\/span><\/b><span data-contrast=\"none\">, una de las fiestas m\u00e1s populares de Ibiza, cuenta con seguidores muy fieles, m\u00e1s que otras muchas, lo que hace de Music On una de las underground que no puede faltar en tu agenda. Cuenta con un p\u00fablico internacional, pero, los italianos est\u00e1n omnipresentes ya que Carola tambi\u00e9n es italiano.<\/span><span data-ccp-props=\"{&quot;134233117&quot;:false,&quot;134233118&quot;:false,&quot;201341983&quot;:0,&quot;335551550&quot;:6,&quot;335551620&quot;:6,&quot;335559738&quot;:0,&quot;335559739&quot;:0,&quot;335559740&quot;:240}\">\u00a0<\/span><\/p>\n<p><span data-contrast=\"none\">El estilo es m\u00e1s tech y house vocal. Adem\u00e1s de Marco, tambi\u00e9n contar\u00e1n seg\u00fan la fecha con\u202f<\/span><span data-contrast=\"none\">The Martinez Brothers<\/span><b><span data-contrast=\"none\">,\u202f<\/span><\/b><span data-contrast=\"none\">Apollonia<\/span><b><span data-contrast=\"none\">,\u202f<\/span><\/b><span data-contrast=\"none\">Loco Dice<\/span><b><span data-contrast=\"none\">,\u202f<\/span><\/b><span data-contrast=\"none\">Michael Bibi<\/span><b><span data-contrast=\"none\">,\u202f<\/span><\/b><span data-contrast=\"none\">Maceo Plex<\/span><b><span data-contrast=\"none\">,\u202f<\/span><\/b><span data-contrast=\"none\">Hot Since 82<\/span><b><span data-contrast=\"none\">,<\/span><\/b><span data-contrast=\"none\">\u202fLuciano<\/span><b><span data-contrast=\"none\">,\u202f<\/span><\/b><span data-contrast=\"none\">Seth Troxler<\/span><b><span data-contrast=\"none\">,\u202f<\/span><\/b><span data-contrast=\"none\">Paco Osuna<\/span><b><span data-contrast=\"none\">,\u202f<\/span><\/b><span data-contrast=\"none\">Ilario Alicante<\/span><b><span data-contrast=\"none\">,\u202f<\/span><\/b><span data-contrast=\"none\">Joris Voorn<\/span><b><span data-contrast=\"none\">,\u202f<\/span><\/b><span data-contrast=\"none\">Nic Fanciulli<\/span><b><span data-contrast=\"none\">,\u202f<\/span><\/b><span data-contrast=\"none\">East End Dubs<\/span><b><span data-contrast=\"none\">,\u202f<\/span><\/b><span data-contrast=\"none\">Archie Hamilton<\/span><b><span data-contrast=\"none\">,\u202f<\/span><\/b><span data-contrast=\"none\">ANOTR<\/span><b><span data-contrast=\"none\">,\u202f<\/span><\/b><span data-contrast=\"none\">Andrea Oliva<\/span><b><span data-contrast=\"none\">,\u202f<\/span><\/b><span data-contrast=\"none\">Guti<\/span><span data-contrast=\"none\">\u202f(en directo),\u202f<\/span><span data-contrast=\"none\">Ben Sterling<\/span><b><span data-contrast=\"none\">,\u202f<\/span><\/b><span data-contrast=\"none\">entre otros.<\/span><span data-ccp-props=\"{&quot;134233117&quot;:false,&quot;134233118&quot;:false,&quot;201341983&quot;:0,&quot;335551550&quot;:6,&quot;335551620&quot;:6,&quot;335559738&quot;:0,&quot;335559739&quot;:0,&quot;335559740&quot;:240}\">\u00a0<\/span><\/p>\n<p><img decoding=\"async\" src=\"https:\/\/pacha.com\/sites\/pacha\/files\/2023-04\/PACHA-Tickets-Name-1920x1080.jpg\" alt=\"Music On by Marco Carola | Pacha Ibiza\" \/><\/p>\n<h4><span data-contrast=\"none\">EDEN: MON CHERI IBIZA<\/span><span data-ccp-props=\"{&quot;201341983&quot;:0,&quot;335551550&quot;:6,&quot;335551620&quot;:6,&quot;335559739&quot;:375,&quot;335559740&quot;:240}\">\u00a0<\/span><\/h4>\n<p><span data-contrast=\"none\">Una de las mejores fiestas en la zona de San Antonio.\u00a0 Si te gusta el R&amp;B y el Hiphop, Eden es el club por excelencia en su fiesta Mon Cherri. Tiene un ambiente sexy y sofisticado y escuchar\u00e1s a Beyonc\u00e9, Rihanna, Drake, Frank Ocean, Kendrick Lamar, y muchos m\u00e1s, y con actuaciones en directo de algunos de los mejores artistas del Reino Unido y DJs que trabajan en la escena.\u00a0 Es una noche para bailar y bailar, y no parar.\u00a0 Estar\u00e1n hasta el 30 de septiembre.<\/span><span data-ccp-props=\"{&quot;201341983&quot;:0,&quot;335551550&quot;:6,&quot;335551620&quot;:6,&quot;335559739&quot;:375,&quot;335559740&quot;:240}\">\u00a0<\/span><\/p>\n<p><span data-contrast=\"none\">\u00a1Adem\u00e1s, si eres miembro del <\/span><a href=\"https:\/\/www.vibrahotels.com\/es\/club-vibra\"><span data-contrast=\"none\">Club Vibra<\/span><\/a><span data-contrast=\"none\"> tendr\u00e1s entrada gratis hasta la 1:00h.! No debes perd\u00e9rtelo&#8230;<\/span><span data-ccp-props=\"{&quot;201341983&quot;:0,&quot;335551550&quot;:6,&quot;335551620&quot;:6,&quot;335559739&quot;:375,&quot;335559740&quot;:240}\">\u00a0<\/span><\/p>\n<p><img decoding=\"async\" src=\"https:\/\/edenibiza.com\/wp-content\/uploads\/2023\/05\/mon-cheri-eden-ibiza-saturdays-1024x576.png\" alt=\"Mon Cheri - Eden NightClub, San Antonio, Ibiza\" \/><\/p>\n<p><span data-contrast=\"none\">Llegamos al fin de semana de verdad y empieza el s\u00e1bado. Qu\u00e9 mejor plan que ir a ver Black Coffee&#8230;<\/span><span data-ccp-props=\"{&quot;201341983&quot;:0,&quot;335551550&quot;:6,&quot;335551620&quot;:6,&quot;335559739&quot;:375,&quot;335559740&quot;:240}\">\u00a0<\/span><\/p>\n<h4><span data-contrast=\"none\">H\u00ef IBIZA:\u00a0 BLACK COFFEE<\/span><span data-ccp-props=\"{&quot;201341983&quot;:0,&quot;335551550&quot;:6,&quot;335551620&quot;:6,&quot;335559739&quot;:375,&quot;335559740&quot;:240}\">\u00a0<\/span><\/h4>\n<p><b><span data-contrast=\"none\">Black Coffee<\/span><\/b><span data-contrast=\"none\">\u202fes la reina de las fiestas los\u202f<\/span><b><span data-contrast=\"none\">s\u00e1bados\u202f<\/span><\/b><span data-contrast=\"none\">de\u202f<\/span><b><span data-contrast=\"none\">H\u00ef Ibiza\u202f<\/span><\/b><span data-contrast=\"none\">en 2023.\u00a0 Black Coffee es conocido por ser el <\/span><span data-contrast=\"none\">primer residente de la historia de H\u00ef Ibiza\u202f<\/span><span data-contrast=\"none\">y est\u00e1 previsto que contin\u00fae.\u00a0 La superestrella sudafricana llena las noches del s\u00e1bado de ritmos tribales llenos de espiritualidad y no podr\u00e1s parar de mover el cuerpo.<\/span><b><span data-contrast=\"none\">\u202f<\/span><\/b><span data-contrast=\"none\">Adem\u00e1s del siempre presente Black Coffee a los mandos de The Theatre, La fiesta de cierre est\u00e1 prevista para el\u202f<\/span><b><span data-contrast=\"none\">30 de septiembre<\/span><\/b><span data-contrast=\"none\">.<\/span><span data-ccp-props=\"{&quot;134233117&quot;:false,&quot;134233118&quot;:false,&quot;201341983&quot;:0,&quot;335551550&quot;:6,&quot;335551620&quot;:6,&quot;335559738&quot;:0,&quot;335559739&quot;:0,&quot;335559740&quot;:240}\">\u00a0<\/span><\/p>\n<p><img decoding=\"async\" src=\"https:\/\/www.diariodeibiza.com\/di-contenido\/files\/2023\/04\/2023_HI_BLACK_COFFEE_ANNOUNCE_SM_FB_EVENT_1920X1005px.jpg\" alt=\"Black Coffee And Damian Lazarus Headline H\u00ef Ibiza's Lineup For 2023 Season \u2013 Diario De Ibiza News\" \/><\/p>\n<p>&nbsp;<\/p>\n<h4><span data-contrast=\"none\">USHUA\u00cfA:\u00a0 ANTS<\/span><span data-ccp-props=\"{&quot;201341983&quot;:0,&quot;335551550&quot;:6,&quot;335551620&quot;:6,&quot;335559739&quot;:375,&quot;335559740&quot;:240}\">\u00a0<\/span><\/h4>\n<p><span data-contrast=\"none\">\u00bfQui\u00e9n ha venido a las super fiestas de Ibiza y no ha estado en Ants? Es una fiesta con mucho \u00e9xito que comienza a media tarde y se llena de lo m\u00e1s underground, con algunos de los nombres m\u00e1s importantes de la industria que te traer\u00e1n sonidos especiales.\u00a0\u00a0<\/span><span data-ccp-props=\"{&quot;134233117&quot;:false,&quot;134233118&quot;:false,&quot;201341983&quot;:0,&quot;335551550&quot;:6,&quot;335551620&quot;:6,&quot;335559738&quot;:0,&quot;335559739&quot;:0,&quot;335559740&quot;:240}\">\u00a0<\/span><\/p>\n<p><span data-contrast=\"none\">La fiesta celebra diez a\u00f1os esta temporada. Las fiestas ANTS comienzan con la cabina del dj a un lado de la discoteca, y posteriormente se mueve al escenario principal durante las \u00faltimas horas. A media tarde el ambiente de la piscina es de los mejores de la isla.<\/span><span data-ccp-props=\"{&quot;134233117&quot;:false,&quot;134233118&quot;:false,&quot;201341983&quot;:0,&quot;335551550&quot;:6,&quot;335551620&quot;:6,&quot;335559738&quot;:0,&quot;335559739&quot;:0,&quot;335559740&quot;:240}\">\u00a0<\/span><\/p>\n<p><span data-ccp-props=\"{&quot;134233117&quot;:false,&quot;134233118&quot;:false,&quot;201341983&quot;:0,&quot;335551550&quot;:6,&quot;335551620&quot;:6,&quot;335559738&quot;:0,&quot;335559739&quot;:0,&quot;335559740&quot;:240}\"> <img loading=\"lazy\" decoding=\"async\" class=\"alignnone\" src=\"https:\/\/images.theushuaiaexperience.com\/v7o7IRx9-P_C2n0LDQ0_D82jqHA=\/smart\/filters:quality(50)\/ushuaia\/back\/files\/image\/2023_ANTS_LAUNCH_WEB_EVENTIMAGE_1000X800.jpg\" alt=\"ANTS Ushua\u00efa Experience\" width=\"1000\" height=\"800\" \/><\/span><\/p>\n<p><span data-contrast=\"none\">Y al atardecer tiene unos efectos visuales que te dejar\u00e1n sin sentido, mientras estar\u00e1s rodeado de gog\u00f3s-hormiga por todas partes. \u202f<\/span><b><span data-contrast=\"none\">Andrea Oliva<\/span><\/b><span data-contrast=\"none\">\u202fy una lista de invitados y residentes que har\u00e1n que no pares de bailar.\u00a0 Estar\u00e1n hasta el\u202f<\/span><b><span data-contrast=\"none\">30 de septiembre.<\/span><\/b><span data-ccp-props=\"{&quot;134233117&quot;:false,&quot;134233118&quot;:false,&quot;201341983&quot;:0,&quot;335551550&quot;:6,&quot;335551620&quot;:6,&quot;335559738&quot;:0,&quot;335559739&quot;:0,&quot;335559740&quot;:240}\">\u00a0<\/span><\/p>\n<p>&nbsp;<\/p>\n<h4><span data-contrast=\"none\">H\u00cf IBIZA: GLITTERBOX<\/span><span data-ccp-props=\"{&quot;201341983&quot;:0,&quot;335551550&quot;:6,&quot;335551620&quot;:6,&quot;335559739&quot;:375,&quot;335559740&quot;:240}\">\u00a0<\/span><\/h4>\n<p><span data-contrast=\"none\">Glitterbox es la fiesta de la esencia pura del disco, aderezado con incre\u00edbles espect\u00e1culos que te transportan junto con la m\u00fasica a distintas \u00e9pocas en el tiempo.\u00a0<\/span><span data-ccp-props=\"{&quot;134233117&quot;:false,&quot;134233118&quot;:false,&quot;201341983&quot;:0,&quot;335551550&quot;:6,&quot;335551620&quot;:6,&quot;335559738&quot;:0,&quot;335559739&quot;:0,&quot;335559740&quot;:240}\">\u00a0<\/span><\/p>\n<p><span data-contrast=\"none\">El glitter est\u00e1 por todas partes y promete unos<\/span><i><span data-contrast=\"none\">\u202f<\/span><\/i><span data-contrast=\"none\">line-ups repletos de estrellas, actuaciones deslumbrantes de divas de la m\u00fasica, con un h\u00edbrido entre el house, el disco y el soul.<\/span><span data-ccp-props=\"{&quot;134233117&quot;:false,&quot;134233118&quot;:false,&quot;201341983&quot;:0,&quot;335551550&quot;:6,&quot;335551620&quot;:6,&quot;335559738&quot;:0,&quot;335559739&quot;:0,&quot;335559740&quot;:240}\">\u00a0<\/span><\/p>\n<p><span data-contrast=\"none\">El repertorio incluye colaboraciones como\u202f<\/span><span data-contrast=\"auto\">Armand Van Helden<\/span><b><span data-contrast=\"auto\">,\u202f<\/span><\/b><span data-contrast=\"auto\">Artwork<\/span><b><span data-contrast=\"auto\">,\u202f<\/span><\/b><span data-contrast=\"auto\">Basement Jaxx<\/span><b><span data-contrast=\"auto\">,\u202f<\/span><\/b><span data-contrast=\"auto\">Bob Sinclar<\/span><b><span data-contrast=\"auto\">,\u202f<\/span><\/b><span data-contrast=\"auto\">Colleen Cosmo Murphy<\/span><b><span data-contrast=\"auto\">,\u202f<\/span><\/b><span data-contrast=\"auto\">Crazy P Soundsystem<\/span><b><span data-contrast=\"auto\">,<\/span><\/b><span data-contrast=\"auto\">\u202fDan Shake<\/span><b><span data-contrast=\"auto\">,\u202f<\/span><\/b><span data-contrast=\"auto\">Dave Lee<\/span><b><span data-contrast=\"auto\">,\u202f<\/span><\/b><span data-contrast=\"auto\">David Morales<\/span><b><span data-contrast=\"auto\">,\u202f<\/span><\/b><span data-contrast=\"auto\">Dimitri From Paris<\/span><b><span data-contrast=\"auto\">,\u202f<\/span><\/b><span data-contrast=\"auto\">Fat Tony<\/span><b><span data-contrast=\"auto\">,\u202f<\/span><\/b><span data-contrast=\"auto\">DJ Harvey<\/span><b><span data-contrast=\"auto\">,\u202f<\/span><\/b><span data-contrast=\"auto\">Heidi Lawden<\/span><b><span data-contrast=\"auto\">,\u202f<\/span><\/b><span data-contrast=\"auto\">Honey Dijon<\/span><b><span data-contrast=\"auto\">,\u202f<\/span><\/b><span data-contrast=\"auto\">Horse Meat Disco<\/span><b><span data-contrast=\"auto\">,\u202f<\/span><\/b><span data-contrast=\"auto\">Jayda G<\/span><b><span data-contrast=\"auto\">,\u202f<\/span><\/b><span data-contrast=\"auto\">Jellybean Benitez<\/span><b><span data-contrast=\"auto\">,\u202f<\/span><\/b><span data-contrast=\"auto\">Krystal Klear<\/span><b><span data-contrast=\"auto\">,<\/span><\/b><span data-contrast=\"auto\">\u202fLuke Solomon<\/span><b><span data-contrast=\"auto\">,\u202f<\/span><\/b><span data-contrast=\"auto\">Masters At Work<\/span><b><span data-contrast=\"auto\">,\u202f<\/span><\/b><span data-contrast=\"auto\">Melon Bomb<\/span><b><span data-contrast=\"auto\">,\u202f<\/span><\/b><span data-contrast=\"auto\">Melvo Baptiste<\/span><b><span data-contrast=\"auto\">,\u202f<\/span><\/b><span data-contrast=\"auto\">Nightmare On Wax<\/span><b><span data-contrast=\"auto\">,\u202f<\/span><\/b><span data-contrast=\"auto\">DJ<\/span><b><span data-contrast=\"auto\">\u202f<\/span><\/b><span data-contrast=\"auto\">Paulette<\/span><b><span data-contrast=\"auto\">,\u202f<\/span><\/b><span data-contrast=\"auto\">Pippi<\/span><b><span data-contrast=\"auto\">,\u202f<\/span><\/b><span data-contrast=\"auto\">Purple Disco Machine<\/span><b><span data-contrast=\"auto\">,\u202f<\/span><\/b><span data-contrast=\"auto\">Roger Sanchez<\/span><b><span data-contrast=\"auto\">,\u202f<\/span><\/b><span data-contrast=\"auto\">The Shapeshifters<\/span><b><span data-contrast=\"auto\">,\u202f<\/span><\/b><span data-contrast=\"auto\">Smokin&#8217; Jo<\/span><b><span data-contrast=\"auto\">,\u202f<\/span><\/b><span data-contrast=\"auto\">Todd Terry<\/span> <span data-contrast=\"none\">entre muchos otros.<\/span><span data-ccp-props=\"{&quot;134233117&quot;:false,&quot;134233118&quot;:false,&quot;201341983&quot;:0,&quot;335551550&quot;:6,&quot;335551620&quot;:6,&quot;335559738&quot;:0,&quot;335559739&quot;:0,&quot;335559740&quot;:240}\">\u00a0<\/span><\/p>\n<p><span data-contrast=\"none\">Todos los domingos hasta el cierre el d\u00eda\u202f<\/span><span data-contrast=\"none\">1 de octubre<\/span><b><span data-contrast=\"none\">.<\/span><\/b><span data-ccp-props=\"{&quot;134233117&quot;:false,&quot;134233118&quot;:false,&quot;201341983&quot;:0,&quot;335551550&quot;:6,&quot;335551620&quot;:6,&quot;335559738&quot;:0,&quot;335559739&quot;:0,&quot;335559740&quot;:240}\">\u00a0<\/span><\/p>\n<p><img loading=\"lazy\" decoding=\"async\" class=\"alignnone\" src=\"https:\/\/ucarecdn.com\/2ec7ed34-8a95-429e-b912-373cbbdff8ae\/-\/quality\/smart_retina\/\" alt=\"Glitterbox, every Sunday at H\u00ef Ibiza 2022 - Official tickets | Clubtickets\" width=\"600\" height=\"600\" \/><\/p>\n<p>&nbsp;<\/p>\n<h4><span data-contrast=\"none\">PACHA: SOLOMUN +1<\/span><span data-ccp-props=\"{&quot;201341983&quot;:0,&quot;335551550&quot;:6,&quot;335551620&quot;:6,&quot;335559739&quot;:375,&quot;335559740&quot;:240}\">\u00a0<\/span><\/h4>\n<p><span data-contrast=\"none\">Es una de las fiestas tradicionales de Pach\u00e1 y una de las m\u00e1s relevantes haci\u00e9ndose protagonista los\u202f<\/span><span data-contrast=\"none\">domingos<\/span><b><span data-contrast=\"none\">\u202f<\/span><\/b><span data-contrast=\"none\">una vez m\u00e1s en 2023, con la mejor m\u00fasica electr\u00f3nica underground.\u00a0<\/span><span data-ccp-props=\"{&quot;134233117&quot;:false,&quot;134233118&quot;:false,&quot;201341983&quot;:0,&quot;335551550&quot;:6,&quot;335551620&quot;:6,&quot;335559738&quot;:0,&quot;335559739&quot;:0,&quot;335559740&quot;:240}\">\u00a0<\/span><\/p>\n<p><span data-contrast=\"none\">Cada semana, Solomun invita a pinchar a un artista influyente, y todos los DJs invitados de Solomun + 1 son top. A menudo, las noches terminan con el anfitri\u00f3n y su invitado\/a en una sesi\u00f3n\u202f<\/span><i><span data-contrast=\"none\">back-to-back\u202f<\/span><\/i><span data-contrast=\"none\">durante las \u00faltimas horas.<\/span><span data-ccp-props=\"{&quot;134233117&quot;:false,&quot;134233118&quot;:false,&quot;201341983&quot;:0,&quot;335551550&quot;:6,&quot;335551620&quot;:6,&quot;335559738&quot;:0,&quot;335559739&quot;:300,&quot;335559740&quot;:240}\">\u00a0<\/span><\/p>\n<p><span data-contrast=\"none\">Solomun+1 estar\u00e1 hasta el\u202f<\/span><b><span data-contrast=\"none\">15 de octubre<\/span><\/b><span data-contrast=\"none\">.<\/span><span data-ccp-props=\"{&quot;134233117&quot;:false,&quot;134233118&quot;:false,&quot;201341983&quot;:0,&quot;335551550&quot;:6,&quot;335551620&quot;:6,&quot;335559738&quot;:0,&quot;335559739&quot;:300,&quot;335559740&quot;:240}\">\u00a0<\/span><\/p>\n<p><img loading=\"lazy\" decoding=\"async\" class=\"alignnone\" src=\"https:\/\/pacha.com\/sites\/pacha\/files\/2022-03\/01_Solomun-Tickets-poster-Xceed-1920x1080.jpg\" alt=\"Solomun | Pacha NightClub\" width=\"1920\" height=\"1080\" \/><\/p>\n<p>&nbsp;<\/p>\n<p><span data-contrast=\"none\">\u00a1Sabemos que es dif\u00edcil resistirte a disfrutar de las mejores fiestas en Ibiza este verano! En\u202f<\/span><a href=\"https:\/\/www.vibrahotels.com\/es\"><span data-contrast=\"none\">Vibra Hotels<\/span><\/a><span data-contrast=\"none\">, encontrar\u00e1s alojamiento en las zonas m\u00e1s emblem\u00e1ticas de Ibiza y a escasos minutos de las discotecas con mayor renombre de la isla. Visita nuestra web y encuentra entre nuestros 31 hoteles y apartamentos, el que mejor se adapte a tus necesidades. Adem\u00e1s, podr\u00e1s cancelar hasta 72 horas de forma gratuita.<\/span><span data-ccp-props=\"{&quot;134233117&quot;:false,&quot;134233118&quot;:false,&quot;201341983&quot;:0,&quot;335551550&quot;:6,&quot;335551620&quot;:6,&quot;335559738&quot;:0,&quot;335559739&quot;:375,&quot;335559740&quot;:240}\">\u00a0<\/span><\/p>\n<p><span data-contrast=\"none\">Y si te registras en nuestro\u202f<\/span><a href=\"https:\/\/clubvibra.vibrahotels.com\/\"><span data-contrast=\"none\">Club Vibra<\/span><\/a><span data-contrast=\"none\">, tendr\u00e1s muchos descuentos. Tambi\u00e9n disfrutar\u00e1s de descuentos exclusivos durante la estancia.<\/span><span data-ccp-props=\"{&quot;134233117&quot;:false,&quot;134233118&quot;:false,&quot;201341983&quot;:0,&quot;335551550&quot;:6,&quot;335551620&quot;:6,&quot;335559738&quot;:0,&quot;335559739&quot;:375,&quot;335559740&quot;:240}\">\u00a0<\/span><\/p>\n<p><span data-contrast=\"none\">\u00a1Esperamos verte muy pronto en nuestros hoteles, disfrutando de las mejores vacaciones!<\/span><span data-ccp-props=\"{&quot;134233117&quot;:false,&quot;134233118&quot;:false,&quot;201341983&quot;:0,&quot;335551550&quot;:6,&quot;335551620&quot;:6,&quot;335559738&quot;:0,&quot;335559739&quot;:0,&quot;335559740&quot;:240}\">\u00a0<\/span><\/p>\n","protected":false},"excerpt":{"rendered":"<p>\u00bfListo para m\u00e1s tips exclusivos sobre las mejores fiestas de fin de semana en Ibiza? \u00a1Hoy, analizaremos detalladamente algunos de los eventos m\u00e1s candentes de la isla! &nbsp; &nbsp; VIERNES Future Rave Los VIERNES est\u00e1 DAVID GUETA en H\u00cf IBIZA,&#8230;<\/p>\n","protected":false},"author":1,"featured_media":6679,"comment_status":"open","ping_status":"open","sticky":false,"template":"","format":"standard","meta":{"footnotes":""},"categories":[1312,1311],"tags":[],"class_list":["post-6615","post","type-post","status-publish","format-standard","has-post-thumbnail","hentry","category-living-vibra","category-planes-en-ibiza"],"yoast_head":"<!-- This site is optimized with the Yoast SEO plugin v27.4 - https:\/\/yoast.com\/product\/yoast-seo-wordpress\/ -->\n<title>Fiestas en Ibiza 2023<\/title>\n<meta name=\"robots\" content=\"index, follow, max-snippet:-1, max-image-preview:large, max-video-preview:-1\" \/>\n<link rel=\"canonical\" href=\"https:\/\/www.vibrahotels.com\/blog\/las-mejores-fiestas-del-verano-viernes-sabado-y-domingo\/\" \/>\n<meta property=\"og:locale\" content=\"es_ES\" \/>\n<meta property=\"og:type\" content=\"article\" \/>\n<meta property=\"og:title\" content=\"Fiestas en Ibiza 2023\" \/>\n<meta property=\"og:description\" content=\"\u00bfListo para m\u00e1s tips exclusivos sobre las mejores fiestas de fin de semana en Ibiza? \u00a1Hoy, analizaremos detalladamente algunos de los eventos m\u00e1s candentes de la isla! &nbsp; &nbsp; VIERNES Future Rave Los VIERNES est\u00e1 DAVID GUETA en H\u00cf IBIZA,...\" \/>\n<meta property=\"og:url\" content=\"https:\/\/www.vibrahotels.com\/blog\/las-mejores-fiestas-del-verano-viernes-sabado-y-domingo\/\" \/>\n<meta property=\"og:site_name\" content=\"Islander by Vibra Hotels\" \/>\n<meta property=\"article:published_time\" content=\"2023-08-11T08:00:01+00:00\" \/>\n<meta property=\"article:modified_time\" content=\"2024-07-09T14:28:13+00:00\" \/>\n<meta property=\"og:image\" content=\"https:\/\/www.vibrahotels.com\/blog\/wp-content\/uploads\/2023\/08\/david-svihovec-ZN002GIv3FQ-unsplash-2-scaled.jpg\" \/>\n\t<meta property=\"og:image:width\" content=\"2048\" \/>\n\t<meta property=\"og:image:height\" content=\"2560\" \/>\n\t<meta property=\"og:image:type\" content=\"image\/jpeg\" \/>\n<meta name=\"author\" content=\"The Ibiza Blog\" \/>\n<meta name=\"twitter:card\" content=\"summary_large_image\" \/>\n<meta name=\"twitter:label1\" content=\"Escrito por\" \/>\n\t<meta name=\"twitter:data1\" content=\"The Ibiza Blog\" \/>\n\t<meta name=\"twitter:label2\" content=\"Tiempo de lectura\" \/>\n\t<meta name=\"twitter:data2\" content=\"6 minutos\" \/>\n<script type=\"application\/ld+json\" class=\"yoast-schema-graph\">{\"@context\":\"https:\\\/\\\/schema.org\",\"@graph\":[{\"@type\":\"Article\",\"@id\":\"https:\\\/\\\/www.vibrahotels.com\\\/blog\\\/las-mejores-fiestas-del-verano-viernes-sabado-y-domingo\\\/#article\",\"isPartOf\":{\"@id\":\"https:\\\/\\\/www.vibrahotels.com\\\/blog\\\/las-mejores-fiestas-del-verano-viernes-sabado-y-domingo\\\/\"},\"author\":{\"name\":\"The Ibiza Blog\",\"@id\":\"https:\\\/\\\/www.vibrahotels.com\\\/blog\\\/#\\\/schema\\\/person\\\/ad74f13df6e44e7081ef65424f668972\"},\"headline\":\"Las Mejores Fiestas del Verano: Viernes, Sabado y Domingo\",\"datePublished\":\"2023-08-11T08:00:01+00:00\",\"dateModified\":\"2024-07-09T14:28:13+00:00\",\"mainEntityOfPage\":{\"@id\":\"https:\\\/\\\/www.vibrahotels.com\\\/blog\\\/las-mejores-fiestas-del-verano-viernes-sabado-y-domingo\\\/\"},\"wordCount\":972,\"commentCount\":0,\"image\":{\"@id\":\"https:\\\/\\\/www.vibrahotels.com\\\/blog\\\/las-mejores-fiestas-del-verano-viernes-sabado-y-domingo\\\/#primaryimage\"},\"thumbnailUrl\":\"https:\\\/\\\/www.vibrahotels.com\\\/blog\\\/wp-content\\\/uploads\\\/2023\\\/08\\\/david-svihovec-ZN002GIv3FQ-unsplash-2-scaled.jpg\",\"articleSection\":[\"Living Vibra\",\"Planes en Ibiza\"],\"inLanguage\":\"es\",\"potentialAction\":[{\"@type\":\"CommentAction\",\"name\":\"Comment\",\"target\":[\"https:\\\/\\\/www.vibrahotels.com\\\/blog\\\/las-mejores-fiestas-del-verano-viernes-sabado-y-domingo\\\/#respond\"]}]},{\"@type\":\"WebPage\",\"@id\":\"https:\\\/\\\/www.vibrahotels.com\\\/blog\\\/las-mejores-fiestas-del-verano-viernes-sabado-y-domingo\\\/\",\"url\":\"https:\\\/\\\/www.vibrahotels.com\\\/blog\\\/las-mejores-fiestas-del-verano-viernes-sabado-y-domingo\\\/\",\"name\":\"Fiestas en Ibiza 2023\",\"isPartOf\":{\"@id\":\"https:\\\/\\\/www.vibrahotels.com\\\/blog\\\/#website\"},\"primaryImageOfPage\":{\"@id\":\"https:\\\/\\\/www.vibrahotels.com\\\/blog\\\/las-mejores-fiestas-del-verano-viernes-sabado-y-domingo\\\/#primaryimage\"},\"image\":{\"@id\":\"https:\\\/\\\/www.vibrahotels.com\\\/blog\\\/las-mejores-fiestas-del-verano-viernes-sabado-y-domingo\\\/#primaryimage\"},\"thumbnailUrl\":\"https:\\\/\\\/www.vibrahotels.com\\\/blog\\\/wp-content\\\/uploads\\\/2023\\\/08\\\/david-svihovec-ZN002GIv3FQ-unsplash-2-scaled.jpg\",\"datePublished\":\"2023-08-11T08:00:01+00:00\",\"dateModified\":\"2024-07-09T14:28:13+00:00\",\"author\":{\"@id\":\"https:\\\/\\\/www.vibrahotels.com\\\/blog\\\/#\\\/schema\\\/person\\\/ad74f13df6e44e7081ef65424f668972\"},\"breadcrumb\":{\"@id\":\"https:\\\/\\\/www.vibrahotels.com\\\/blog\\\/las-mejores-fiestas-del-verano-viernes-sabado-y-domingo\\\/#breadcrumb\"},\"inLanguage\":\"es\",\"potentialAction\":[{\"@type\":\"ReadAction\",\"target\":[\"https:\\\/\\\/www.vibrahotels.com\\\/blog\\\/las-mejores-fiestas-del-verano-viernes-sabado-y-domingo\\\/\"]}]},{\"@type\":\"ImageObject\",\"inLanguage\":\"es\",\"@id\":\"https:\\\/\\\/www.vibrahotels.com\\\/blog\\\/las-mejores-fiestas-del-verano-viernes-sabado-y-domingo\\\/#primaryimage\",\"url\":\"https:\\\/\\\/www.vibrahotels.com\\\/blog\\\/wp-content\\\/uploads\\\/2023\\\/08\\\/david-svihovec-ZN002GIv3FQ-unsplash-2-scaled.jpg\",\"contentUrl\":\"https:\\\/\\\/www.vibrahotels.com\\\/blog\\\/wp-content\\\/uploads\\\/2023\\\/08\\\/david-svihovec-ZN002GIv3FQ-unsplash-2-scaled.jpg\",\"width\":2048,\"height\":2560},{\"@type\":\"BreadcrumbList\",\"@id\":\"https:\\\/\\\/www.vibrahotels.com\\\/blog\\\/las-mejores-fiestas-del-verano-viernes-sabado-y-domingo\\\/#breadcrumb\",\"itemListElement\":[{\"@type\":\"ListItem\",\"position\":1,\"name\":\"Portada\",\"item\":\"https:\\\/\\\/www.vibrahotels.com\\\/blog\\\/\"},{\"@type\":\"ListItem\",\"position\":2,\"name\":\"Las Mejores Fiestas del Verano: Viernes, Sabado y Domingo\"}]},{\"@type\":\"WebSite\",\"@id\":\"https:\\\/\\\/www.vibrahotels.com\\\/blog\\\/#website\",\"url\":\"https:\\\/\\\/www.vibrahotels.com\\\/blog\\\/\",\"name\":\"Islander by Vibra Hotels\",\"description\":\"\",\"potentialAction\":[{\"@type\":\"SearchAction\",\"target\":{\"@type\":\"EntryPoint\",\"urlTemplate\":\"https:\\\/\\\/www.vibrahotels.com\\\/blog\\\/?s={search_term_string}\"},\"query-input\":{\"@type\":\"PropertyValueSpecification\",\"valueRequired\":true,\"valueName\":\"search_term_string\"}}],\"inLanguage\":\"es\"},{\"@type\":\"Person\",\"@id\":\"https:\\\/\\\/www.vibrahotels.com\\\/blog\\\/#\\\/schema\\\/person\\\/ad74f13df6e44e7081ef65424f668972\",\"name\":\"The Ibiza Blog\",\"image\":{\"@type\":\"ImageObject\",\"inLanguage\":\"es\",\"@id\":\"https:\\\/\\\/secure.gravatar.com\\\/avatar\\\/d172713df318fe4ba11547ee4a70ab1eae0206026db57d7a5920186b9f5ee855?s=96&d=mm&r=g\",\"url\":\"https:\\\/\\\/secure.gravatar.com\\\/avatar\\\/d172713df318fe4ba11547ee4a70ab1eae0206026db57d7a5920186b9f5ee855?s=96&d=mm&r=g\",\"contentUrl\":\"https:\\\/\\\/secure.gravatar.com\\\/avatar\\\/d172713df318fe4ba11547ee4a70ab1eae0206026db57d7a5920186b9f5ee855?s=96&d=mm&r=g\",\"caption\":\"The Ibiza Blog\"},\"url\":\"https:\\\/\\\/www.vibrahotels.com\\\/blog\\\/author\\\/the-ibiza-blog\\\/\"}]}<\/script>\n<!-- \/ Yoast SEO plugin. -->","yoast_head_json":{"title":"Fiestas en Ibiza 2023","robots":{"index":"index","follow":"follow","max-snippet":"max-snippet:-1","max-image-preview":"max-image-preview:large","max-video-preview":"max-video-preview:-1"},"canonical":"https:\/\/www.vibrahotels.com\/blog\/las-mejores-fiestas-del-verano-viernes-sabado-y-domingo\/","og_locale":"es_ES","og_type":"article","og_title":"Fiestas en Ibiza 2023","og_description":"\u00bfListo para m\u00e1s tips exclusivos sobre las mejores fiestas de fin de semana en Ibiza? \u00a1Hoy, analizaremos detalladamente algunos de los eventos m\u00e1s candentes de la isla! &nbsp; &nbsp; VIERNES Future Rave Los VIERNES est\u00e1 DAVID GUETA en H\u00cf IBIZA,...","og_url":"https:\/\/www.vibrahotels.com\/blog\/las-mejores-fiestas-del-verano-viernes-sabado-y-domingo\/","og_site_name":"Islander by Vibra Hotels","article_published_time":"2023-08-11T08:00:01+00:00","article_modified_time":"2024-07-09T14:28:13+00:00","og_image":[{"width":2048,"height":2560,"url":"https:\/\/www.vibrahotels.com\/blog\/wp-content\/uploads\/2023\/08\/david-svihovec-ZN002GIv3FQ-unsplash-2-scaled.jpg","type":"image\/jpeg"}],"author":"The Ibiza Blog","twitter_card":"summary_large_image","twitter_misc":{"Escrito por":"The Ibiza Blog","Tiempo de lectura":"6 minutos"},"schema":{"@context":"https:\/\/schema.org","@graph":[{"@type":"Article","@id":"https:\/\/www.vibrahotels.com\/blog\/las-mejores-fiestas-del-verano-viernes-sabado-y-domingo\/#article","isPartOf":{"@id":"https:\/\/www.vibrahotels.com\/blog\/las-mejores-fiestas-del-verano-viernes-sabado-y-domingo\/"},"author":{"name":"The Ibiza Blog","@id":"https:\/\/www.vibrahotels.com\/blog\/#\/schema\/person\/ad74f13df6e44e7081ef65424f668972"},"headline":"Las Mejores Fiestas del Verano: Viernes, Sabado y Domingo","datePublished":"2023-08-11T08:00:01+00:00","dateModified":"2024-07-09T14:28:13+00:00","mainEntityOfPage":{"@id":"https:\/\/www.vibrahotels.com\/blog\/las-mejores-fiestas-del-verano-viernes-sabado-y-domingo\/"},"wordCount":972,"commentCount":0,"image":{"@id":"https:\/\/www.vibrahotels.com\/blog\/las-mejores-fiestas-del-verano-viernes-sabado-y-domingo\/#primaryimage"},"thumbnailUrl":"https:\/\/www.vibrahotels.com\/blog\/wp-content\/uploads\/2023\/08\/david-svihovec-ZN002GIv3FQ-unsplash-2-scaled.jpg","articleSection":["Living Vibra","Planes en Ibiza"],"inLanguage":"es","potentialAction":[{"@type":"CommentAction","name":"Comment","target":["https:\/\/www.vibrahotels.com\/blog\/las-mejores-fiestas-del-verano-viernes-sabado-y-domingo\/#respond"]}]},{"@type":"WebPage","@id":"https:\/\/www.vibrahotels.com\/blog\/las-mejores-fiestas-del-verano-viernes-sabado-y-domingo\/","url":"https:\/\/www.vibrahotels.com\/blog\/las-mejores-fiestas-del-verano-viernes-sabado-y-domingo\/","name":"Fiestas en Ibiza 2023","isPartOf":{"@id":"https:\/\/www.vibrahotels.com\/blog\/#website"},"primaryImageOfPage":{"@id":"https:\/\/www.vibrahotels.com\/blog\/las-mejores-fiestas-del-verano-viernes-sabado-y-domingo\/#primaryimage"},"image":{"@id":"https:\/\/www.vibrahotels.com\/blog\/las-mejores-fiestas-del-verano-viernes-sabado-y-domingo\/#primaryimage"},"thumbnailUrl":"https:\/\/www.vibrahotels.com\/blog\/wp-content\/uploads\/2023\/08\/david-svihovec-ZN002GIv3FQ-unsplash-2-scaled.jpg","datePublished":"2023-08-11T08:00:01+00:00","dateModified":"2024-07-09T14:28:13+00:00","author":{"@id":"https:\/\/www.vibrahotels.com\/blog\/#\/schema\/person\/ad74f13df6e44e7081ef65424f668972"},"breadcrumb":{"@id":"https:\/\/www.vibrahotels.com\/blog\/las-mejores-fiestas-del-verano-viernes-sabado-y-domingo\/#breadcrumb"},"inLanguage":"es","potentialAction":[{"@type":"ReadAction","target":["https:\/\/www.vibrahotels.com\/blog\/las-mejores-fiestas-del-verano-viernes-sabado-y-domingo\/"]}]},{"@type":"ImageObject","inLanguage":"es","@id":"https:\/\/www.vibrahotels.com\/blog\/las-mejores-fiestas-del-verano-viernes-sabado-y-domingo\/#primaryimage","url":"https:\/\/www.vibrahotels.com\/blog\/wp-content\/uploads\/2023\/08\/david-svihovec-ZN002GIv3FQ-unsplash-2-scaled.jpg","contentUrl":"https:\/\/www.vibrahotels.com\/blog\/wp-content\/uploads\/2023\/08\/david-svihovec-ZN002GIv3FQ-unsplash-2-scaled.jpg","width":2048,"height":2560},{"@type":"BreadcrumbList","@id":"https:\/\/www.vibrahotels.com\/blog\/las-mejores-fiestas-del-verano-viernes-sabado-y-domingo\/#breadcrumb","itemListElement":[{"@type":"ListItem","position":1,"name":"Portada","item":"https:\/\/www.vibrahotels.com\/blog\/"},{"@type":"ListItem","position":2,"name":"Las Mejores Fiestas del Verano: Viernes, Sabado y Domingo"}]},{"@type":"WebSite","@id":"https:\/\/www.vibrahotels.com\/blog\/#website","url":"https:\/\/www.vibrahotels.com\/blog\/","name":"Islander by Vibra Hotels","description":"","potentialAction":[{"@type":"SearchAction","target":{"@type":"EntryPoint","urlTemplate":"https:\/\/www.vibrahotels.com\/blog\/?s={search_term_string}"},"query-input":{"@type":"PropertyValueSpecification","valueRequired":true,"valueName":"search_term_string"}}],"inLanguage":"es"},{"@type":"Person","@id":"https:\/\/www.vibrahotels.com\/blog\/#\/schema\/person\/ad74f13df6e44e7081ef65424f668972","name":"The Ibiza Blog","image":{"@type":"ImageObject","inLanguage":"es","@id":"https:\/\/secure.gravatar.com\/avatar\/d172713df318fe4ba11547ee4a70ab1eae0206026db57d7a5920186b9f5ee855?s=96&d=mm&r=g","url":"https:\/\/secure.gravatar.com\/avatar\/d172713df318fe4ba11547ee4a70ab1eae0206026db57d7a5920186b9f5ee855?s=96&d=mm&r=g","contentUrl":"https:\/\/secure.gravatar.com\/avatar\/d172713df318fe4ba11547ee4a70ab1eae0206026db57d7a5920186b9f5ee855?s=96&d=mm&r=g","caption":"The Ibiza Blog"},"url":"https:\/\/www.vibrahotels.com\/blog\/author\/the-ibiza-blog\/"}]}},"_links":{"self":[{"href":"https:\/\/www.vibrahotels.com\/blog\/wp-json\/wp\/v2\/posts\/6615","targetHints":{"allow":["GET"]}}],"collection":[{"href":"https:\/\/www.vibrahotels.com\/blog\/wp-json\/wp\/v2\/posts"}],"about":[{"href":"https:\/\/www.vibrahotels.com\/blog\/wp-json\/wp\/v2\/types\/post"}],"author":[{"embeddable":true,"href":"https:\/\/www.vibrahotels.com\/blog\/wp-json\/wp\/v2\/users\/1"}],"replies":[{"embeddable":true,"href":"https:\/\/www.vibrahotels.com\/blog\/wp-json\/wp\/v2\/comments?post=6615"}],"version-history":[{"count":5,"href":"https:\/\/www.vibrahotels.com\/blog\/wp-json\/wp\/v2\/posts\/6615\/revisions"}],"predecessor-version":[{"id":6682,"href":"https:\/\/www.vibrahotels.com\/blog\/wp-json\/wp\/v2\/posts\/6615\/revisions\/6682"}],"wp:featuredmedia":[{"embeddable":true,"href":"https:\/\/www.vibrahotels.com\/blog\/wp-json\/wp\/v2\/media\/6679"}],"wp:attachment":[{"href":"https:\/\/www.vibrahotels.com\/blog\/wp-json\/wp\/v2\/media?parent=6615"}],"wp:term":[{"taxonomy":"category","embeddable":true,"href":"https:\/\/www.vibrahotels.com\/blog\/wp-json\/wp\/v2\/categories?post=6615"},{"taxonomy":"post_tag","embeddable":true,"href":"https:\/\/www.vibrahotels.com\/blog\/wp-json\/wp\/v2\/tags?post=6615"}],"curies":[{"name":"wp","href":"https:\/\/api.w.org\/{rel}","templated":true}]}}