{"id":641,"date":"2016-05-03T08:00:05","date_gmt":"2016-05-03T06:00:05","guid":{"rendered":"http:\/\/www.vibrahotels.com\/?p=641"},"modified":"2020-03-11T12:19:53","modified_gmt":"2020-03-11T11:19:53","slug":"regreso-al-pasado","status":"publish","type":"post","link":"https:\/\/www.vibrahotels.com\/blog\/regreso-al-pasado\/","title":{"rendered":"Regreso al pasado"},"content":{"rendered":"<p style=\"text-align: justify;\">Desde que la <a href=\"http:\/\/www.unesco.org\/new\/es\" target=\"_blank\" rel=\"noopener noreferrer\">Unesco<\/a> declar\u00f3 la ciudad amurallada de <strong>Ibiza<\/strong> (conocida como <strong>Dalt Vila<\/strong>, en catal\u00e1n) como Patrimonio de la Humanidad e incluy\u00f3 Ibiza en su lista de <a href=\"http:\/\/www.ciudadespatrimonio.org\/\" target=\"_blank\" rel=\"noopener noreferrer\">Ciudades Patrimonio de la Humanidad<\/a>, en diciembre de 1999, el ayuntamiento de la ciudad organiza una <strong>feria medieval<\/strong> para conmemorar esta cita.<\/p>\n<p style=\"text-align: justify;\">Durante el segundo fin de semana de mayo, el casco antiguo de Ibiza se transforma en un mercado medieval donde los vendedores ambulantes, nobles, faquires, encantadores de serpientes o malabaristas conviven en un ambiente festivo.<\/p>\n<p style=\"text-align: justify;\">La <strong>ciudad amurallada de Ibiza<\/strong> es un excelente ejemplo de una acr\u00f3polis fortificada. Aqu\u00ed se conservan de manera excepcional sus paredes y su tejido urbano, con las impresiones sucesivas de los asentamientos fenicios m\u00e1s antiguos y los per\u00edodos \u00e1rabes y catalanes hasta llegar a los baluartes renacentistas. El largo proceso de construcci\u00f3n de los muros de defensa no ha destruido las fases anteriores y la trama urbana, ha sido incluida en su interior. Caminar por sus calles adoquinadas es, sin duda, una experiencia uno no debe perderse al visitar Ibiza.<\/p>\n<p style=\"text-align: justify;\">Las celebraciones, en su mayor\u00eda, giran en torno a cuestiones relacionadas con las culturas que han conformado la esencia de Ibiza: <strong>fenicios<\/strong>, <strong>romanos<\/strong>, <strong>\u00e1rabes<\/strong> e incluso <strong>influencias actuales<\/strong>. Para esta ocasi\u00f3n, las calles de Dalt Vila est\u00e1n se decoran con telas y banderas recordando como era la isla en la \u00e9poca. Encontrar\u00e9is todo tipo de <strong>productos artesanales<\/strong> pertenecientes a las culturas antes mencionadas, as\u00ed como <strong>productos ibicencos tradicionales<\/strong> de hoy en d\u00eda.<\/p>\n<p style=\"text-align: justify;\">A lo largo del fin de semana, cientos de miles de personas visitan esta <strong>feria<\/strong>, sus mercados y participan en los diversos espect\u00e1culos y actividades de ocio. Los m\u00e1s destacados son: conciertos de m\u00fasica medieval y teatro, cetrer\u00eda, tiro con arco, actuaciones folcl\u00f3ricas, danzas \u00e1rabes y otras opciones culturales. Los conciertos de m\u00fasica se llevan a cabo en las diferentes iglesias de Dalt Vila, proporcion\u00e1ndoles un aire antiguo.<\/p>\n<p style=\"text-align: justify;\">Si ves un puesto en el que venden, barritas de chocolate tradicional, no te vayas sin probarlas. (\u00a1De nada!). \u00a1Vuelve al pasado pero sin dejar de disfrutar de los placeres de hoy!<\/p>\n","protected":false},"excerpt":{"rendered":"<p>Desde que la Unesco declar\u00f3 la ciudad amurallada de Ibiza (conocida como Dalt Vila, en catal\u00e1n) como Patrimonio de la Humanidad e incluy\u00f3 Ibiza en su lista de Ciudades Patrimonio de la Humanidad, en diciembre de 1999, el ayuntamiento de&#8230;<\/p>\n","protected":false},"author":1,"featured_media":642,"comment_status":"open","ping_status":"open","sticky":false,"template":"","format":"standard","meta":{"footnotes":""},"categories":[1297],"tags":[],"class_list":["post-641","post","type-post","status-publish","format-standard","has-post-thumbnail","hentry","category-travel"],"yoast_head":"<!-- This site is optimized with the Yoast SEO plugin v27.4 - https:\/\/yoast.com\/product\/yoast-seo-wordpress\/ -->\n<title>Regreso al pasado - Islander by Vibra Hotels<\/title>\n<meta name=\"robots\" content=\"index, follow, max-snippet:-1, max-image-preview:large, max-video-preview:-1\" \/>\n<link rel=\"canonical\" href=\"https:\/\/www.vibrahotels.com\/blog\/regreso-al-pasado\/\" \/>\n<meta property=\"og:locale\" content=\"es_ES\" \/>\n<meta property=\"og:type\" content=\"article\" \/>\n<meta property=\"og:title\" content=\"Regreso al pasado - Islander by Vibra Hotels\" \/>\n<meta property=\"og:description\" content=\"Desde que la Unesco declar\u00f3 la ciudad amurallada de Ibiza (conocida como Dalt Vila, en catal\u00e1n) como Patrimonio de la Humanidad e incluy\u00f3 Ibiza en su lista de Ciudades Patrimonio de la Humanidad, en diciembre de 1999, el ayuntamiento de...\" \/>\n<meta property=\"og:url\" content=\"https:\/\/www.vibrahotels.com\/blog\/regreso-al-pasado\/\" \/>\n<meta property=\"og:site_name\" content=\"Islander by Vibra Hotels\" \/>\n<meta property=\"article:published_time\" content=\"2016-05-03T06:00:05+00:00\" \/>\n<meta property=\"article:modified_time\" content=\"2020-03-11T11:19:53+00:00\" \/>\n<meta property=\"og:image\" content=\"https:\/\/www.vibrahotels.com\/blog\/wp-content\/uploads\/2016\/05\/00-ibiza-medieval.jpg\" \/>\n\t<meta property=\"og:image:width\" content=\"890\" \/>\n\t<meta property=\"og:image:height\" content=\"395\" \/>\n\t<meta property=\"og:image:type\" content=\"image\/jpeg\" \/>\n<meta name=\"author\" content=\"The Ibiza Blog\" \/>\n<meta name=\"twitter:card\" content=\"summary_large_image\" \/>\n<meta name=\"twitter:label1\" content=\"Escrito por\" \/>\n\t<meta name=\"twitter:data1\" content=\"The Ibiza Blog\" \/>\n\t<meta name=\"twitter:label2\" content=\"Tiempo de lectura\" \/>\n\t<meta name=\"twitter:data2\" content=\"2 minutos\" \/>\n<script type=\"application\/ld+json\" class=\"yoast-schema-graph\">{\"@context\":\"https:\\\/\\\/schema.org\",\"@graph\":[{\"@type\":\"Article\",\"@id\":\"https:\\\/\\\/www.vibrahotels.com\\\/blog\\\/regreso-al-pasado\\\/#article\",\"isPartOf\":{\"@id\":\"https:\\\/\\\/www.vibrahotels.com\\\/blog\\\/regreso-al-pasado\\\/\"},\"author\":{\"name\":\"The Ibiza Blog\",\"@id\":\"https:\\\/\\\/www.vibrahotels.com\\\/blog\\\/#\\\/schema\\\/person\\\/ad74f13df6e44e7081ef65424f668972\"},\"headline\":\"Regreso al pasado\",\"datePublished\":\"2016-05-03T06:00:05+00:00\",\"dateModified\":\"2020-03-11T11:19:53+00:00\",\"mainEntityOfPage\":{\"@id\":\"https:\\\/\\\/www.vibrahotels.com\\\/blog\\\/regreso-al-pasado\\\/\"},\"wordCount\":366,\"commentCount\":0,\"image\":{\"@id\":\"https:\\\/\\\/www.vibrahotels.com\\\/blog\\\/regreso-al-pasado\\\/#primaryimage\"},\"thumbnailUrl\":\"https:\\\/\\\/www.vibrahotels.com\\\/blog\\\/wp-content\\\/uploads\\\/2016\\\/05\\\/00-ibiza-medieval.jpg\",\"articleSection\":[\"Travel\"],\"inLanguage\":\"es\",\"potentialAction\":[{\"@type\":\"CommentAction\",\"name\":\"Comment\",\"target\":[\"https:\\\/\\\/www.vibrahotels.com\\\/blog\\\/regreso-al-pasado\\\/#respond\"]}]},{\"@type\":\"WebPage\",\"@id\":\"https:\\\/\\\/www.vibrahotels.com\\\/blog\\\/regreso-al-pasado\\\/\",\"url\":\"https:\\\/\\\/www.vibrahotels.com\\\/blog\\\/regreso-al-pasado\\\/\",\"name\":\"Regreso al pasado - Islander by Vibra Hotels\",\"isPartOf\":{\"@id\":\"https:\\\/\\\/www.vibrahotels.com\\\/blog\\\/#website\"},\"primaryImageOfPage\":{\"@id\":\"https:\\\/\\\/www.vibrahotels.com\\\/blog\\\/regreso-al-pasado\\\/#primaryimage\"},\"image\":{\"@id\":\"https:\\\/\\\/www.vibrahotels.com\\\/blog\\\/regreso-al-pasado\\\/#primaryimage\"},\"thumbnailUrl\":\"https:\\\/\\\/www.vibrahotels.com\\\/blog\\\/wp-content\\\/uploads\\\/2016\\\/05\\\/00-ibiza-medieval.jpg\",\"datePublished\":\"2016-05-03T06:00:05+00:00\",\"dateModified\":\"2020-03-11T11:19:53+00:00\",\"author\":{\"@id\":\"https:\\\/\\\/www.vibrahotels.com\\\/blog\\\/#\\\/schema\\\/person\\\/ad74f13df6e44e7081ef65424f668972\"},\"breadcrumb\":{\"@id\":\"https:\\\/\\\/www.vibrahotels.com\\\/blog\\\/regreso-al-pasado\\\/#breadcrumb\"},\"inLanguage\":\"es\",\"potentialAction\":[{\"@type\":\"ReadAction\",\"target\":[\"https:\\\/\\\/www.vibrahotels.com\\\/blog\\\/regreso-al-pasado\\\/\"]}]},{\"@type\":\"ImageObject\",\"inLanguage\":\"es\",\"@id\":\"https:\\\/\\\/www.vibrahotels.com\\\/blog\\\/regreso-al-pasado\\\/#primaryimage\",\"url\":\"https:\\\/\\\/www.vibrahotels.com\\\/blog\\\/wp-content\\\/uploads\\\/2016\\\/05\\\/00-ibiza-medieval.jpg\",\"contentUrl\":\"https:\\\/\\\/www.vibrahotels.com\\\/blog\\\/wp-content\\\/uploads\\\/2016\\\/05\\\/00-ibiza-medieval.jpg\",\"width\":890,\"height\":395,\"caption\":\"Feria Medieval en Ibiza - The Ibiza Blog\"},{\"@type\":\"BreadcrumbList\",\"@id\":\"https:\\\/\\\/www.vibrahotels.com\\\/blog\\\/regreso-al-pasado\\\/#breadcrumb\",\"itemListElement\":[{\"@type\":\"ListItem\",\"position\":1,\"name\":\"Portada\",\"item\":\"https:\\\/\\\/www.vibrahotels.com\\\/blog\\\/\"},{\"@type\":\"ListItem\",\"position\":2,\"name\":\"Regreso al pasado\"}]},{\"@type\":\"WebSite\",\"@id\":\"https:\\\/\\\/www.vibrahotels.com\\\/blog\\\/#website\",\"url\":\"https:\\\/\\\/www.vibrahotels.com\\\/blog\\\/\",\"name\":\"Islander by Vibra Hotels\",\"description\":\"\",\"potentialAction\":[{\"@type\":\"SearchAction\",\"target\":{\"@type\":\"EntryPoint\",\"urlTemplate\":\"https:\\\/\\\/www.vibrahotels.com\\\/blog\\\/?s={search_term_string}\"},\"query-input\":{\"@type\":\"PropertyValueSpecification\",\"valueRequired\":true,\"valueName\":\"search_term_string\"}}],\"inLanguage\":\"es\"},{\"@type\":\"Person\",\"@id\":\"https:\\\/\\\/www.vibrahotels.com\\\/blog\\\/#\\\/schema\\\/person\\\/ad74f13df6e44e7081ef65424f668972\",\"name\":\"The Ibiza Blog\",\"image\":{\"@type\":\"ImageObject\",\"inLanguage\":\"es\",\"@id\":\"https:\\\/\\\/secure.gravatar.com\\\/avatar\\\/d172713df318fe4ba11547ee4a70ab1eae0206026db57d7a5920186b9f5ee855?s=96&d=mm&r=g\",\"url\":\"https:\\\/\\\/secure.gravatar.com\\\/avatar\\\/d172713df318fe4ba11547ee4a70ab1eae0206026db57d7a5920186b9f5ee855?s=96&d=mm&r=g\",\"contentUrl\":\"https:\\\/\\\/secure.gravatar.com\\\/avatar\\\/d172713df318fe4ba11547ee4a70ab1eae0206026db57d7a5920186b9f5ee855?s=96&d=mm&r=g\",\"caption\":\"The Ibiza Blog\"},\"url\":\"https:\\\/\\\/www.vibrahotels.com\\\/blog\\\/author\\\/the-ibiza-blog\\\/\"}]}<\/script>\n<!-- \/ Yoast SEO plugin. -->","yoast_head_json":{"title":"Regreso al pasado - Islander by Vibra Hotels","robots":{"index":"index","follow":"follow","max-snippet":"max-snippet:-1","max-image-preview":"max-image-preview:large","max-video-preview":"max-video-preview:-1"},"canonical":"https:\/\/www.vibrahotels.com\/blog\/regreso-al-pasado\/","og_locale":"es_ES","og_type":"article","og_title":"Regreso al pasado - Islander by Vibra Hotels","og_description":"Desde que la Unesco declar\u00f3 la ciudad amurallada de Ibiza (conocida como Dalt Vila, en catal\u00e1n) como Patrimonio de la Humanidad e incluy\u00f3 Ibiza en su lista de Ciudades Patrimonio de la Humanidad, en diciembre de 1999, el ayuntamiento de...","og_url":"https:\/\/www.vibrahotels.com\/blog\/regreso-al-pasado\/","og_site_name":"Islander by Vibra Hotels","article_published_time":"2016-05-03T06:00:05+00:00","article_modified_time":"2020-03-11T11:19:53+00:00","og_image":[{"width":890,"height":395,"url":"https:\/\/www.vibrahotels.com\/blog\/wp-content\/uploads\/2016\/05\/00-ibiza-medieval.jpg","type":"image\/jpeg"}],"author":"The Ibiza Blog","twitter_card":"summary_large_image","twitter_misc":{"Escrito por":"The Ibiza Blog","Tiempo de lectura":"2 minutos"},"schema":{"@context":"https:\/\/schema.org","@graph":[{"@type":"Article","@id":"https:\/\/www.vibrahotels.com\/blog\/regreso-al-pasado\/#article","isPartOf":{"@id":"https:\/\/www.vibrahotels.com\/blog\/regreso-al-pasado\/"},"author":{"name":"The Ibiza Blog","@id":"https:\/\/www.vibrahotels.com\/blog\/#\/schema\/person\/ad74f13df6e44e7081ef65424f668972"},"headline":"Regreso al pasado","datePublished":"2016-05-03T06:00:05+00:00","dateModified":"2020-03-11T11:19:53+00:00","mainEntityOfPage":{"@id":"https:\/\/www.vibrahotels.com\/blog\/regreso-al-pasado\/"},"wordCount":366,"commentCount":0,"image":{"@id":"https:\/\/www.vibrahotels.com\/blog\/regreso-al-pasado\/#primaryimage"},"thumbnailUrl":"https:\/\/www.vibrahotels.com\/blog\/wp-content\/uploads\/2016\/05\/00-ibiza-medieval.jpg","articleSection":["Travel"],"inLanguage":"es","potentialAction":[{"@type":"CommentAction","name":"Comment","target":["https:\/\/www.vibrahotels.com\/blog\/regreso-al-pasado\/#respond"]}]},{"@type":"WebPage","@id":"https:\/\/www.vibrahotels.com\/blog\/regreso-al-pasado\/","url":"https:\/\/www.vibrahotels.com\/blog\/regreso-al-pasado\/","name":"Regreso al pasado - Islander by Vibra Hotels","isPartOf":{"@id":"https:\/\/www.vibrahotels.com\/blog\/#website"},"primaryImageOfPage":{"@id":"https:\/\/www.vibrahotels.com\/blog\/regreso-al-pasado\/#primaryimage"},"image":{"@id":"https:\/\/www.vibrahotels.com\/blog\/regreso-al-pasado\/#primaryimage"},"thumbnailUrl":"https:\/\/www.vibrahotels.com\/blog\/wp-content\/uploads\/2016\/05\/00-ibiza-medieval.jpg","datePublished":"2016-05-03T06:00:05+00:00","dateModified":"2020-03-11T11:19:53+00:00","author":{"@id":"https:\/\/www.vibrahotels.com\/blog\/#\/schema\/person\/ad74f13df6e44e7081ef65424f668972"},"breadcrumb":{"@id":"https:\/\/www.vibrahotels.com\/blog\/regreso-al-pasado\/#breadcrumb"},"inLanguage":"es","potentialAction":[{"@type":"ReadAction","target":["https:\/\/www.vibrahotels.com\/blog\/regreso-al-pasado\/"]}]},{"@type":"ImageObject","inLanguage":"es","@id":"https:\/\/www.vibrahotels.com\/blog\/regreso-al-pasado\/#primaryimage","url":"https:\/\/www.vibrahotels.com\/blog\/wp-content\/uploads\/2016\/05\/00-ibiza-medieval.jpg","contentUrl":"https:\/\/www.vibrahotels.com\/blog\/wp-content\/uploads\/2016\/05\/00-ibiza-medieval.jpg","width":890,"height":395,"caption":"Feria Medieval en Ibiza - The Ibiza Blog"},{"@type":"BreadcrumbList","@id":"https:\/\/www.vibrahotels.com\/blog\/regreso-al-pasado\/#breadcrumb","itemListElement":[{"@type":"ListItem","position":1,"name":"Portada","item":"https:\/\/www.vibrahotels.com\/blog\/"},{"@type":"ListItem","position":2,"name":"Regreso al pasado"}]},{"@type":"WebSite","@id":"https:\/\/www.vibrahotels.com\/blog\/#website","url":"https:\/\/www.vibrahotels.com\/blog\/","name":"Islander by Vibra Hotels","description":"","potentialAction":[{"@type":"SearchAction","target":{"@type":"EntryPoint","urlTemplate":"https:\/\/www.vibrahotels.com\/blog\/?s={search_term_string}"},"query-input":{"@type":"PropertyValueSpecification","valueRequired":true,"valueName":"search_term_string"}}],"inLanguage":"es"},{"@type":"Person","@id":"https:\/\/www.vibrahotels.com\/blog\/#\/schema\/person\/ad74f13df6e44e7081ef65424f668972","name":"The Ibiza Blog","image":{"@type":"ImageObject","inLanguage":"es","@id":"https:\/\/secure.gravatar.com\/avatar\/d172713df318fe4ba11547ee4a70ab1eae0206026db57d7a5920186b9f5ee855?s=96&d=mm&r=g","url":"https:\/\/secure.gravatar.com\/avatar\/d172713df318fe4ba11547ee4a70ab1eae0206026db57d7a5920186b9f5ee855?s=96&d=mm&r=g","contentUrl":"https:\/\/secure.gravatar.com\/avatar\/d172713df318fe4ba11547ee4a70ab1eae0206026db57d7a5920186b9f5ee855?s=96&d=mm&r=g","caption":"The Ibiza Blog"},"url":"https:\/\/www.vibrahotels.com\/blog\/author\/the-ibiza-blog\/"}]}},"_links":{"self":[{"href":"https:\/\/www.vibrahotels.com\/blog\/wp-json\/wp\/v2\/posts\/641","targetHints":{"allow":["GET"]}}],"collection":[{"href":"https:\/\/www.vibrahotels.com\/blog\/wp-json\/wp\/v2\/posts"}],"about":[{"href":"https:\/\/www.vibrahotels.com\/blog\/wp-json\/wp\/v2\/types\/post"}],"author":[{"embeddable":true,"href":"https:\/\/www.vibrahotels.com\/blog\/wp-json\/wp\/v2\/users\/1"}],"replies":[{"embeddable":true,"href":"https:\/\/www.vibrahotels.com\/blog\/wp-json\/wp\/v2\/comments?post=641"}],"version-history":[{"count":0,"href":"https:\/\/www.vibrahotels.com\/blog\/wp-json\/wp\/v2\/posts\/641\/revisions"}],"wp:featuredmedia":[{"embeddable":true,"href":"https:\/\/www.vibrahotels.com\/blog\/wp-json\/wp\/v2\/media\/642"}],"wp:attachment":[{"href":"https:\/\/www.vibrahotels.com\/blog\/wp-json\/wp\/v2\/media?parent=641"}],"wp:term":[{"taxonomy":"category","embeddable":true,"href":"https:\/\/www.vibrahotels.com\/blog\/wp-json\/wp\/v2\/categories?post=641"},{"taxonomy":"post_tag","embeddable":true,"href":"https:\/\/www.vibrahotels.com\/blog\/wp-json\/wp\/v2\/tags?post=641"}],"curies":[{"name":"wp","href":"https:\/\/api.w.org\/{rel}","templated":true}]}}