{"id":6279,"date":"2025-05-03T09:00:00","date_gmt":"2025-05-03T07:00:00","guid":{"rendered":"https:\/\/www.vibrahotels.com\/?p=6279"},"modified":"2024-12-02T12:29:12","modified_gmt":"2024-12-02T11:29:12","slug":"feria-medieval-de-ibiza-el-emblematico-mercado-celebrado-en-dalt-vila","status":"publish","type":"post","link":"https:\/\/www.vibrahotels.com\/blog\/feria-medieval-de-ibiza-el-emblematico-mercado-celebrado-en-dalt-vila\/","title":{"rendered":"Feria medieval Ibiza: as\u00ed es el emblem\u00e1tico mercadillo en Dalt Vila"},"content":{"rendered":"<p>\u00bfEst\u00e1s pensando en completar tus d\u00edas en Ibiza con algo mas que sol y playa y no sabes que hacer? \u00a1Aqu\u00ed te contamos todo sobre la Feria Medieval Ibiza, un emblem\u00e1tico mercadillo celebrado en Dalt Vila que no te puedes perder!<\/p>\n<p>Como cada a\u00f1o, la colorida\u00a0<strong>Feria Medieval\u00a0<\/strong> Ibiza vuelve a la isla los d\u00edas 11 al 14 de mayo, as\u00ed que ven y disfruta, la diversi\u00f3n est\u00e1 garantizada.\u00a0 Ver\u00e1s que las sinuosas calles del casco antiguo de Ibiza, en Dalt Vila, se convierten en un escenario t\u00edpico de la Edad Media, recordando la rica historia de la isla.<\/p>\n<p><img loading=\"lazy\" decoding=\"async\" src=\"https:\/\/www.vibrahotels.com\/blog\/wp-content\/uploads\/2023\/05\/shutterstock_2155850657-1-scaled.jpg\" alt=\"Feria medieval Ibiza: as\u00ed es el emblem\u00e1tico mercadillo en Dalt Vila\" width=\"2560\" height=\"1920\" class=\"alignnone size-full wp-image-8215\" srcset=\"https:\/\/www.vibrahotels.com\/blog\/wp-content\/uploads\/2023\/05\/shutterstock_2155850657-1-scaled.jpg 2560w, https:\/\/www.vibrahotels.com\/blog\/wp-content\/uploads\/2023\/05\/shutterstock_2155850657-1-300x225.jpg 300w, https:\/\/www.vibrahotels.com\/blog\/wp-content\/uploads\/2023\/05\/shutterstock_2155850657-1-1024x768.jpg 1024w, https:\/\/www.vibrahotels.com\/blog\/wp-content\/uploads\/2023\/05\/shutterstock_2155850657-1-768x576.jpg 768w, https:\/\/www.vibrahotels.com\/blog\/wp-content\/uploads\/2023\/05\/shutterstock_2155850657-1-1536x1152.jpg 1536w, https:\/\/www.vibrahotels.com\/blog\/wp-content\/uploads\/2023\/05\/shutterstock_2155850657-1-2048x1536.jpg 2048w\" sizes=\"auto, (max-width: 2560px) 100vw, 2560px\" \/><\/p>\n<p>Las calles de la bella Dalt Vila se adornan con banderas y telas, dando un aspecto medieval a la ciudad de Ibiza y donde encontrar\u00e1s una gran variedad de productos artesanales que representan las antiguas culturas. El mercado medieval se convierte en un plan ideal para pasar unos en d\u00edas en familia o con amigos en la isla blanca, rodeado por el mar, el sol y buen ambiente. <\/p>\n<h2><strong>Dalt Vila vuelve a la \u00e9poca Medieval <\/strong><\/h2>\n<p>\u00bfQu\u00e9 vas a encontrar en la <strong>Feria Medieval Ibiza<\/strong>? El casco antiguo de la isla de Ibiza se llena de puestos y casetas de mercadillo, artesan\u00edas, gastronom\u00eda, m\u00fasica y espect\u00e1culos de malabaristas y acr\u00f3batas, todo ambientado en la \u00e9poca de la Edad Media:\u00a0es una aut\u00e9ntica r\u00e9plica de un bullicioso <strong>mercado medieval<\/strong> con juglares y faquires por todas partes. Los callejones del interior de la muralla que bordea la ciudad en su parte alta son el escenario principal de la feria. <strong>Dalt Vila <\/strong>engloba todo el casco antiguo de la isla de Ibiza: la Muralla, el castillo y todo el recinto fortificado, considerados Patrimonio de la Humanidad por la UNESCO desde 1999 y mostrada como la acr\u00f3polis mejor conservada del Mediterr\u00e1neo.<\/p>\n<p><img loading=\"lazy\" decoding=\"async\" class=\"alignnone wp-image-6286\" src=\"https:\/\/www.vibrahotels.com\/wp-content\/uploads\/2023\/05\/Medieval-4.jpg\" alt=\"Feria medieval Ibiza: as\u00ed es el emblem\u00e1tico mercadillo en Dalt Vila\" width=\"735\" height=\"551\" srcset=\"https:\/\/www.vibrahotels.com\/blog\/wp-content\/uploads\/2023\/05\/Medieval-4.jpg 1022w, https:\/\/www.vibrahotels.com\/blog\/wp-content\/uploads\/2023\/05\/Medieval-4-300x225.jpg 300w, https:\/\/www.vibrahotels.com\/blog\/wp-content\/uploads\/2023\/05\/Medieval-4-768x576.jpg 768w\" sizes=\"auto, (max-width: 735px) 100vw, 735px\" \/><\/p>\n<p>La ciudad se convierte en un gran teatro en esta zona de <strong>Dalt Vila<\/strong>, al aire libre. Aprovechamos para comentarte que Dalt Vila es el nombre con el que se conoce la parte alta de la ciudad de Ibiza, capital de la isla, donde se encuentra su n\u00facleo hist\u00f3rico. Todos los actos que ver\u00e1s est\u00e1n basados en las culturas que configuran la esencia de la isla de Ibiza, ciudad por la que han pasado fenicios, romanos y \u00e1rabes.<\/p>\n<p><img loading=\"lazy\" decoding=\"async\" class=\"alignnone wp-image-6284\" src=\"https:\/\/www.vibrahotels.com\/wp-content\/uploads\/2023\/05\/Medieval-5.jpg\" alt=\"\" width=\"761\" height=\"570\" srcset=\"https:\/\/www.vibrahotels.com\/blog\/wp-content\/uploads\/2023\/05\/Medieval-5.jpg 1003w, https:\/\/www.vibrahotels.com\/blog\/wp-content\/uploads\/2023\/05\/Medieval-5-300x225.jpg 300w, https:\/\/www.vibrahotels.com\/blog\/wp-content\/uploads\/2023\/05\/Medieval-5-768x576.jpg 768w\" sizes=\"auto, (max-width: 761px) 100vw, 761px\" \/><\/p>\n<p>Las calles de Dalt Vila se llenan de gente para ver los diferentes espect\u00e1culos y actividades de la Feria Medieval Ibiza que te encantar\u00e1n por su realismo, como las danzas \u00e1rabes o el tiro con arco. Si eres de los que les gusta ahondar un poquito m\u00e1s en la historia de la isla de Ibiza, puedes completar el programa de actos con los conciertos de m\u00fasica coral en las iglesias de Dalt Vila y exhibiciones de folklore en el claustro del siglo XVI del Ayuntamiento.<\/p>\n<p><img loading=\"lazy\" decoding=\"async\" class=\"wp-image-6280 aligncenter\" src=\"https:\/\/www.vibrahotels.com\/wp-content\/uploads\/2023\/05\/Medieval-6.png\" alt=\"Feria medieval Ibiza: as\u00ed es el emblem\u00e1tico mercadillo en Dalt Vila\" width=\"469\" height=\"353\" srcset=\"https:\/\/www.vibrahotels.com\/blog\/wp-content\/uploads\/2023\/05\/Medieval-6.png 367w, https:\/\/www.vibrahotels.com\/blog\/wp-content\/uploads\/2023\/05\/Medieval-6-300x226.png 300w\" sizes=\"auto, (max-width: 469px) 100vw, 469px\" \/><\/p>\n<p>Para no perderte ninguna de las actuaciones y representaciones de este m\u00e1gico viaje a trav\u00e9s del tiempo \u00e9chale un vistazo al programa completo, que se publicar\u00e1 pr\u00f3ximamente. <a href=\"https:\/\/www.eivissa.es\/portal\/index.php\/es\/personas\/fiestas\/8340-eivissa-medieval\">Eivissa Medieval<\/a><\/p>\n<h2><strong>Donde alojarse en la ciudad de Ibiza<\/strong><\/h2>\n<p>\u00bfD\u00f3nde alojarse en la isla de Ibiza?, nuestro consejo es que busques alg\u00fan hotel o aparthotel que est\u00e9 en Ibiza ciudad, aunque, eso s\u00ed \u00a1lo mejor es que puedas ver el mar!\u00a0Por eso te recomendamos el apartotel <a href=\"https:\/\/www.vibrahotels.com\/es\/ibiza\/ciudad\/aparthotel-vibra-lux-mar utm_medium=cpc&amp;utm_source=google&amp;utm_campaign=marca&amp;utm_content=ALXM&amp;utm_term=es&amp;gad=1&amp;gclid=CjwKCAjwl6OiBhA2EiwAuUwWZeZI4-h_Di4OAbVuZEZ6xpzQ9mcLw2N5NicUPvw6xI86i_-I9RO40BoCcoMQAvD_BwE\">Vibra Luxmar<\/a> a 10-15 minutos a pie desde la zona de Dalt Vila y con unas espectaculares vistas al mar y a la isla de Formentera. Est\u00e1 ubicado a solo 300 metros de la Playa de Figueretas y tiene una buen\u00edsima relaci\u00f3n calidad-precio. Ofrece desayuno buffet en su restaurante y snack bar junto a la piscina exterior, entre otros servicios. Adem\u00e1s, ofrece c\u00f3modos estudios y apartamentos perfectamente equipados, con todos los servicios que puedas requerir. <\/p>\n<p>Si prefieres un hotel, en esa misma calle est\u00e1 el hotel <a href=\"https:\/\/www.vibrahotels.com\/es\/ibiza\/ciudad\/hotel-vibra-maritimo\">Vibra Mar\u00edtimo<\/a> con todas las habitaciones con vistas al mar, piscina interior y gimnasio. No te pierdas su divertido y acogedor <a href=\"https:\/\/www.vibrahotels.com\/en\/gastonomy\/blavos-ibiza?utm_source=google&amp;utm_medium=gmb&amp;utm_campaign=Prospecting\">restaurante Blav\u00f3s<\/a> con una terraza sobre el paseo mar\u00edtimo de Figueretas, sobre el mar, y una carta con cosas de picar y platos ricos, o simplemente para disfrutar de las vistas tomando algo.<\/p>\n<p>No te lo pienses m\u00e1s y disfruta de la isla de Ibiza, adem\u00e1s al inscribirte en nuestro\u00a0<a href=\"https:\/\/clubvibra.vibrahotels.com\/\">Club Vibra<\/a>\u00a0obtendr\u00e1s un\u00a0<strong>7% de descuento en tu pr\u00f3xima reserva.<\/strong>\u00a0Tambi\u00e9n, dispondr\u00e1s de hasta 72 horas para cancelar tu reserva de forma gratuita.<\/p>\n<p>&nbsp;<\/p>\n","protected":false},"excerpt":{"rendered":"<p>\u00bfEst\u00e1s pensando en completar tus d\u00edas en Ibiza con algo mas que sol y playa y no sabes que hacer? \u00a1Aqu\u00ed te contamos todo sobre la Feria Medieval Ibiza, un emblem\u00e1tico mercadillo celebrado en Dalt Vila que no te puedes&#8230;<\/p>\n","protected":false},"author":1,"featured_media":8228,"comment_status":"open","ping_status":"open","sticky":false,"template":"","format":"standard","meta":{"footnotes":""},"categories":[1311,1297],"tags":[],"class_list":["post-6279","post","type-post","status-publish","format-standard","has-post-thumbnail","hentry","category-planes-en-ibiza","category-travel"],"yoast_head":"<!-- This site is optimized with the Yoast SEO plugin v27.4 - https:\/\/yoast.com\/product\/yoast-seo-wordpress\/ -->\n<title>Feria medieval Ibiza: as\u00ed es el emblem\u00e1tico mercadillo en Dalt Vila - Islander by Vibra Hotels<\/title>\n<meta name=\"robots\" content=\"index, follow, max-snippet:-1, max-image-preview:large, max-video-preview:-1\" \/>\n<link rel=\"canonical\" href=\"https:\/\/www.vibrahotels.com\/blog\/feria-medieval-de-ibiza-el-emblematico-mercado-celebrado-en-dalt-vila\/\" \/>\n<meta property=\"og:locale\" content=\"es_ES\" \/>\n<meta property=\"og:type\" content=\"article\" \/>\n<meta property=\"og:title\" content=\"Feria medieval Ibiza: as\u00ed es el emblem\u00e1tico mercadillo en Dalt Vila - Islander by Vibra Hotels\" \/>\n<meta property=\"og:description\" content=\"\u00bfEst\u00e1s pensando en completar tus d\u00edas en Ibiza con algo mas que sol y playa y no sabes que hacer? \u00a1Aqu\u00ed te contamos todo sobre la Feria Medieval Ibiza, un emblem\u00e1tico mercadillo celebrado en Dalt Vila que no te puedes...\" \/>\n<meta property=\"og:url\" content=\"https:\/\/www.vibrahotels.com\/blog\/feria-medieval-de-ibiza-el-emblematico-mercado-celebrado-en-dalt-vila\/\" \/>\n<meta property=\"og:site_name\" content=\"Islander by Vibra Hotels\" \/>\n<meta property=\"article:published_time\" content=\"2025-05-03T07:00:00+00:00\" \/>\n<meta property=\"og:image\" content=\"https:\/\/www.vibrahotels.com\/blog\/wp-content\/uploads\/2023\/05\/shutterstock_2302134471.jpg\" \/>\n\t<meta property=\"og:image:width\" content=\"1000\" \/>\n\t<meta property=\"og:image:height\" content=\"750\" \/>\n\t<meta property=\"og:image:type\" content=\"image\/jpeg\" \/>\n<meta name=\"author\" content=\"The Ibiza Blog\" \/>\n<meta name=\"twitter:card\" content=\"summary_large_image\" \/>\n<meta name=\"twitter:label1\" content=\"Escrito por\" \/>\n\t<meta name=\"twitter:data1\" content=\"The Ibiza Blog\" \/>\n\t<meta name=\"twitter:label2\" content=\"Tiempo de lectura\" \/>\n\t<meta name=\"twitter:data2\" content=\"5 minutos\" \/>\n<script type=\"application\/ld+json\" class=\"yoast-schema-graph\">{\"@context\":\"https:\\\/\\\/schema.org\",\"@graph\":[{\"@type\":\"Article\",\"@id\":\"https:\\\/\\\/www.vibrahotels.com\\\/blog\\\/feria-medieval-de-ibiza-el-emblematico-mercado-celebrado-en-dalt-vila\\\/#article\",\"isPartOf\":{\"@id\":\"https:\\\/\\\/www.vibrahotels.com\\\/blog\\\/feria-medieval-de-ibiza-el-emblematico-mercado-celebrado-en-dalt-vila\\\/\"},\"author\":{\"name\":\"The Ibiza Blog\",\"@id\":\"https:\\\/\\\/www.vibrahotels.com\\\/blog\\\/#\\\/schema\\\/person\\\/ad74f13df6e44e7081ef65424f668972\"},\"headline\":\"Feria medieval Ibiza: as\u00ed es el emblem\u00e1tico mercadillo en Dalt Vila\",\"datePublished\":\"2025-05-03T07:00:00+00:00\",\"mainEntityOfPage\":{\"@id\":\"https:\\\/\\\/www.vibrahotels.com\\\/blog\\\/feria-medieval-de-ibiza-el-emblematico-mercado-celebrado-en-dalt-vila\\\/\"},\"wordCount\":765,\"commentCount\":0,\"image\":{\"@id\":\"https:\\\/\\\/www.vibrahotels.com\\\/blog\\\/feria-medieval-de-ibiza-el-emblematico-mercado-celebrado-en-dalt-vila\\\/#primaryimage\"},\"thumbnailUrl\":\"https:\\\/\\\/www.vibrahotels.com\\\/blog\\\/wp-content\\\/uploads\\\/2023\\\/05\\\/shutterstock_2302134471.jpg\",\"articleSection\":[\"Planes en Ibiza\",\"Travel\"],\"inLanguage\":\"es\",\"potentialAction\":[{\"@type\":\"CommentAction\",\"name\":\"Comment\",\"target\":[\"https:\\\/\\\/www.vibrahotels.com\\\/blog\\\/feria-medieval-de-ibiza-el-emblematico-mercado-celebrado-en-dalt-vila\\\/#respond\"]}]},{\"@type\":\"WebPage\",\"@id\":\"https:\\\/\\\/www.vibrahotels.com\\\/blog\\\/feria-medieval-de-ibiza-el-emblematico-mercado-celebrado-en-dalt-vila\\\/\",\"url\":\"https:\\\/\\\/www.vibrahotels.com\\\/blog\\\/feria-medieval-de-ibiza-el-emblematico-mercado-celebrado-en-dalt-vila\\\/\",\"name\":\"Feria medieval Ibiza: as\u00ed es el emblem\u00e1tico mercadillo en Dalt Vila - Islander by Vibra Hotels\",\"isPartOf\":{\"@id\":\"https:\\\/\\\/www.vibrahotels.com\\\/blog\\\/#website\"},\"primaryImageOfPage\":{\"@id\":\"https:\\\/\\\/www.vibrahotels.com\\\/blog\\\/feria-medieval-de-ibiza-el-emblematico-mercado-celebrado-en-dalt-vila\\\/#primaryimage\"},\"image\":{\"@id\":\"https:\\\/\\\/www.vibrahotels.com\\\/blog\\\/feria-medieval-de-ibiza-el-emblematico-mercado-celebrado-en-dalt-vila\\\/#primaryimage\"},\"thumbnailUrl\":\"https:\\\/\\\/www.vibrahotels.com\\\/blog\\\/wp-content\\\/uploads\\\/2023\\\/05\\\/shutterstock_2302134471.jpg\",\"datePublished\":\"2025-05-03T07:00:00+00:00\",\"author\":{\"@id\":\"https:\\\/\\\/www.vibrahotels.com\\\/blog\\\/#\\\/schema\\\/person\\\/ad74f13df6e44e7081ef65424f668972\"},\"breadcrumb\":{\"@id\":\"https:\\\/\\\/www.vibrahotels.com\\\/blog\\\/feria-medieval-de-ibiza-el-emblematico-mercado-celebrado-en-dalt-vila\\\/#breadcrumb\"},\"inLanguage\":\"es\",\"potentialAction\":[{\"@type\":\"ReadAction\",\"target\":[\"https:\\\/\\\/www.vibrahotels.com\\\/blog\\\/feria-medieval-de-ibiza-el-emblematico-mercado-celebrado-en-dalt-vila\\\/\"]}]},{\"@type\":\"ImageObject\",\"inLanguage\":\"es\",\"@id\":\"https:\\\/\\\/www.vibrahotels.com\\\/blog\\\/feria-medieval-de-ibiza-el-emblematico-mercado-celebrado-en-dalt-vila\\\/#primaryimage\",\"url\":\"https:\\\/\\\/www.vibrahotels.com\\\/blog\\\/wp-content\\\/uploads\\\/2023\\\/05\\\/shutterstock_2302134471.jpg\",\"contentUrl\":\"https:\\\/\\\/www.vibrahotels.com\\\/blog\\\/wp-content\\\/uploads\\\/2023\\\/05\\\/shutterstock_2302134471.jpg\",\"width\":1000,\"height\":750,\"caption\":\"Feria medieval Ibiza: as\u00ed es el emblem\u00e1tico mercadillo en Dalt Vila\"},{\"@type\":\"BreadcrumbList\",\"@id\":\"https:\\\/\\\/www.vibrahotels.com\\\/blog\\\/feria-medieval-de-ibiza-el-emblematico-mercado-celebrado-en-dalt-vila\\\/#breadcrumb\",\"itemListElement\":[{\"@type\":\"ListItem\",\"position\":1,\"name\":\"Portada\",\"item\":\"https:\\\/\\\/www.vibrahotels.com\\\/blog\\\/\"},{\"@type\":\"ListItem\",\"position\":2,\"name\":\"Feria medieval Ibiza: as\u00ed es el emblem\u00e1tico mercadillo en Dalt Vila\"}]},{\"@type\":\"WebSite\",\"@id\":\"https:\\\/\\\/www.vibrahotels.com\\\/blog\\\/#website\",\"url\":\"https:\\\/\\\/www.vibrahotels.com\\\/blog\\\/\",\"name\":\"Islander by Vibra Hotels\",\"description\":\"\",\"potentialAction\":[{\"@type\":\"SearchAction\",\"target\":{\"@type\":\"EntryPoint\",\"urlTemplate\":\"https:\\\/\\\/www.vibrahotels.com\\\/blog\\\/?s={search_term_string}\"},\"query-input\":{\"@type\":\"PropertyValueSpecification\",\"valueRequired\":true,\"valueName\":\"search_term_string\"}}],\"inLanguage\":\"es\"},{\"@type\":\"Person\",\"@id\":\"https:\\\/\\\/www.vibrahotels.com\\\/blog\\\/#\\\/schema\\\/person\\\/ad74f13df6e44e7081ef65424f668972\",\"name\":\"The Ibiza Blog\",\"image\":{\"@type\":\"ImageObject\",\"inLanguage\":\"es\",\"@id\":\"https:\\\/\\\/secure.gravatar.com\\\/avatar\\\/d172713df318fe4ba11547ee4a70ab1eae0206026db57d7a5920186b9f5ee855?s=96&d=mm&r=g\",\"url\":\"https:\\\/\\\/secure.gravatar.com\\\/avatar\\\/d172713df318fe4ba11547ee4a70ab1eae0206026db57d7a5920186b9f5ee855?s=96&d=mm&r=g\",\"contentUrl\":\"https:\\\/\\\/secure.gravatar.com\\\/avatar\\\/d172713df318fe4ba11547ee4a70ab1eae0206026db57d7a5920186b9f5ee855?s=96&d=mm&r=g\",\"caption\":\"The Ibiza Blog\"},\"url\":\"https:\\\/\\\/www.vibrahotels.com\\\/blog\\\/author\\\/the-ibiza-blog\\\/\"}]}<\/script>\n<!-- \/ Yoast SEO plugin. -->","yoast_head_json":{"title":"Feria medieval Ibiza: as\u00ed es el emblem\u00e1tico mercadillo en Dalt Vila - Islander by Vibra Hotels","robots":{"index":"index","follow":"follow","max-snippet":"max-snippet:-1","max-image-preview":"max-image-preview:large","max-video-preview":"max-video-preview:-1"},"canonical":"https:\/\/www.vibrahotels.com\/blog\/feria-medieval-de-ibiza-el-emblematico-mercado-celebrado-en-dalt-vila\/","og_locale":"es_ES","og_type":"article","og_title":"Feria medieval Ibiza: as\u00ed es el emblem\u00e1tico mercadillo en Dalt Vila - Islander by Vibra Hotels","og_description":"\u00bfEst\u00e1s pensando en completar tus d\u00edas en Ibiza con algo mas que sol y playa y no sabes que hacer? \u00a1Aqu\u00ed te contamos todo sobre la Feria Medieval Ibiza, un emblem\u00e1tico mercadillo celebrado en Dalt Vila que no te puedes...","og_url":"https:\/\/www.vibrahotels.com\/blog\/feria-medieval-de-ibiza-el-emblematico-mercado-celebrado-en-dalt-vila\/","og_site_name":"Islander by Vibra Hotels","article_published_time":"2025-05-03T07:00:00+00:00","og_image":[{"width":1000,"height":750,"url":"https:\/\/www.vibrahotels.com\/blog\/wp-content\/uploads\/2023\/05\/shutterstock_2302134471.jpg","type":"image\/jpeg"}],"author":"The Ibiza Blog","twitter_card":"summary_large_image","twitter_misc":{"Escrito por":"The Ibiza Blog","Tiempo de lectura":"5 minutos"},"schema":{"@context":"https:\/\/schema.org","@graph":[{"@type":"Article","@id":"https:\/\/www.vibrahotels.com\/blog\/feria-medieval-de-ibiza-el-emblematico-mercado-celebrado-en-dalt-vila\/#article","isPartOf":{"@id":"https:\/\/www.vibrahotels.com\/blog\/feria-medieval-de-ibiza-el-emblematico-mercado-celebrado-en-dalt-vila\/"},"author":{"name":"The Ibiza Blog","@id":"https:\/\/www.vibrahotels.com\/blog\/#\/schema\/person\/ad74f13df6e44e7081ef65424f668972"},"headline":"Feria medieval Ibiza: as\u00ed es el emblem\u00e1tico mercadillo en Dalt Vila","datePublished":"2025-05-03T07:00:00+00:00","mainEntityOfPage":{"@id":"https:\/\/www.vibrahotels.com\/blog\/feria-medieval-de-ibiza-el-emblematico-mercado-celebrado-en-dalt-vila\/"},"wordCount":765,"commentCount":0,"image":{"@id":"https:\/\/www.vibrahotels.com\/blog\/feria-medieval-de-ibiza-el-emblematico-mercado-celebrado-en-dalt-vila\/#primaryimage"},"thumbnailUrl":"https:\/\/www.vibrahotels.com\/blog\/wp-content\/uploads\/2023\/05\/shutterstock_2302134471.jpg","articleSection":["Planes en Ibiza","Travel"],"inLanguage":"es","potentialAction":[{"@type":"CommentAction","name":"Comment","target":["https:\/\/www.vibrahotels.com\/blog\/feria-medieval-de-ibiza-el-emblematico-mercado-celebrado-en-dalt-vila\/#respond"]}]},{"@type":"WebPage","@id":"https:\/\/www.vibrahotels.com\/blog\/feria-medieval-de-ibiza-el-emblematico-mercado-celebrado-en-dalt-vila\/","url":"https:\/\/www.vibrahotels.com\/blog\/feria-medieval-de-ibiza-el-emblematico-mercado-celebrado-en-dalt-vila\/","name":"Feria medieval Ibiza: as\u00ed es el emblem\u00e1tico mercadillo en Dalt Vila - Islander by Vibra Hotels","isPartOf":{"@id":"https:\/\/www.vibrahotels.com\/blog\/#website"},"primaryImageOfPage":{"@id":"https:\/\/www.vibrahotels.com\/blog\/feria-medieval-de-ibiza-el-emblematico-mercado-celebrado-en-dalt-vila\/#primaryimage"},"image":{"@id":"https:\/\/www.vibrahotels.com\/blog\/feria-medieval-de-ibiza-el-emblematico-mercado-celebrado-en-dalt-vila\/#primaryimage"},"thumbnailUrl":"https:\/\/www.vibrahotels.com\/blog\/wp-content\/uploads\/2023\/05\/shutterstock_2302134471.jpg","datePublished":"2025-05-03T07:00:00+00:00","author":{"@id":"https:\/\/www.vibrahotels.com\/blog\/#\/schema\/person\/ad74f13df6e44e7081ef65424f668972"},"breadcrumb":{"@id":"https:\/\/www.vibrahotels.com\/blog\/feria-medieval-de-ibiza-el-emblematico-mercado-celebrado-en-dalt-vila\/#breadcrumb"},"inLanguage":"es","potentialAction":[{"@type":"ReadAction","target":["https:\/\/www.vibrahotels.com\/blog\/feria-medieval-de-ibiza-el-emblematico-mercado-celebrado-en-dalt-vila\/"]}]},{"@type":"ImageObject","inLanguage":"es","@id":"https:\/\/www.vibrahotels.com\/blog\/feria-medieval-de-ibiza-el-emblematico-mercado-celebrado-en-dalt-vila\/#primaryimage","url":"https:\/\/www.vibrahotels.com\/blog\/wp-content\/uploads\/2023\/05\/shutterstock_2302134471.jpg","contentUrl":"https:\/\/www.vibrahotels.com\/blog\/wp-content\/uploads\/2023\/05\/shutterstock_2302134471.jpg","width":1000,"height":750,"caption":"Feria medieval Ibiza: as\u00ed es el emblem\u00e1tico mercadillo en Dalt Vila"},{"@type":"BreadcrumbList","@id":"https:\/\/www.vibrahotels.com\/blog\/feria-medieval-de-ibiza-el-emblematico-mercado-celebrado-en-dalt-vila\/#breadcrumb","itemListElement":[{"@type":"ListItem","position":1,"name":"Portada","item":"https:\/\/www.vibrahotels.com\/blog\/"},{"@type":"ListItem","position":2,"name":"Feria medieval Ibiza: as\u00ed es el emblem\u00e1tico mercadillo en Dalt Vila"}]},{"@type":"WebSite","@id":"https:\/\/www.vibrahotels.com\/blog\/#website","url":"https:\/\/www.vibrahotels.com\/blog\/","name":"Islander by Vibra Hotels","description":"","potentialAction":[{"@type":"SearchAction","target":{"@type":"EntryPoint","urlTemplate":"https:\/\/www.vibrahotels.com\/blog\/?s={search_term_string}"},"query-input":{"@type":"PropertyValueSpecification","valueRequired":true,"valueName":"search_term_string"}}],"inLanguage":"es"},{"@type":"Person","@id":"https:\/\/www.vibrahotels.com\/blog\/#\/schema\/person\/ad74f13df6e44e7081ef65424f668972","name":"The Ibiza Blog","image":{"@type":"ImageObject","inLanguage":"es","@id":"https:\/\/secure.gravatar.com\/avatar\/d172713df318fe4ba11547ee4a70ab1eae0206026db57d7a5920186b9f5ee855?s=96&d=mm&r=g","url":"https:\/\/secure.gravatar.com\/avatar\/d172713df318fe4ba11547ee4a70ab1eae0206026db57d7a5920186b9f5ee855?s=96&d=mm&r=g","contentUrl":"https:\/\/secure.gravatar.com\/avatar\/d172713df318fe4ba11547ee4a70ab1eae0206026db57d7a5920186b9f5ee855?s=96&d=mm&r=g","caption":"The Ibiza Blog"},"url":"https:\/\/www.vibrahotels.com\/blog\/author\/the-ibiza-blog\/"}]}},"_links":{"self":[{"href":"https:\/\/www.vibrahotels.com\/blog\/wp-json\/wp\/v2\/posts\/6279","targetHints":{"allow":["GET"]}}],"collection":[{"href":"https:\/\/www.vibrahotels.com\/blog\/wp-json\/wp\/v2\/posts"}],"about":[{"href":"https:\/\/www.vibrahotels.com\/blog\/wp-json\/wp\/v2\/types\/post"}],"author":[{"embeddable":true,"href":"https:\/\/www.vibrahotels.com\/blog\/wp-json\/wp\/v2\/users\/1"}],"replies":[{"embeddable":true,"href":"https:\/\/www.vibrahotels.com\/blog\/wp-json\/wp\/v2\/comments?post=6279"}],"version-history":[{"count":31,"href":"https:\/\/www.vibrahotels.com\/blog\/wp-json\/wp\/v2\/posts\/6279\/revisions"}],"predecessor-version":[{"id":9567,"href":"https:\/\/www.vibrahotels.com\/blog\/wp-json\/wp\/v2\/posts\/6279\/revisions\/9567"}],"wp:featuredmedia":[{"embeddable":true,"href":"https:\/\/www.vibrahotels.com\/blog\/wp-json\/wp\/v2\/media\/8228"}],"wp:attachment":[{"href":"https:\/\/www.vibrahotels.com\/blog\/wp-json\/wp\/v2\/media?parent=6279"}],"wp:term":[{"taxonomy":"category","embeddable":true,"href":"https:\/\/www.vibrahotels.com\/blog\/wp-json\/wp\/v2\/categories?post=6279"},{"taxonomy":"post_tag","embeddable":true,"href":"https:\/\/www.vibrahotels.com\/blog\/wp-json\/wp\/v2\/tags?post=6279"}],"curies":[{"name":"wp","href":"https:\/\/api.w.org\/{rel}","templated":true}]}}