{"id":5981,"date":"2022-10-16T09:00:41","date_gmt":"2022-10-16T07:00:41","guid":{"rendered":"https:\/\/www.vibrahotels.com\/?p=5981"},"modified":"2024-12-02T13:04:21","modified_gmt":"2024-12-02T12:04:21","slug":"rincones-mas-instagrameables-de-la-isla-de-ibiza","status":"publish","type":"post","link":"https:\/\/www.vibrahotels.com\/blog\/rincones-mas-instagrameables-de-la-isla-de-ibiza\/","title":{"rendered":"Visitar Ibiza: estos son los 6 rincones m\u00e1s instagrameables de la isla"},"content":{"rendered":"<p><strong>La isla de Ibiza<\/strong> tiene muchas caras, destaca por sus discotecas y fiestas reconocidas a nivel internacional, aunque no hay discusi\u00f3n de que es mucho m\u00e1s. La naturaleza que caracteriza a la <strong>isla de Ibiza<\/strong> es inmensa y ofrece a sus visitantes multitud de lugares s\u00faper fotografiables: desde <strong>Atlantis Ibiza, las Puertas de Can Soleil o el Columpio de Cala Xarraca<\/strong>, entre otros. Si vas a visitar Ibiza, no dudes en apuntar estos lugares. Por lo que s\u00ed realmente quieres conocer la otra cara de la <strong>isla de Ibiza,<\/strong> que mejor plan que con buen tiempo y solecito. Visitar los lugares m\u00e1s emblem\u00e1ticos y bonitos de la isla, esos lugares que no nos cansamos de ver en nuestras redes sociales a\u00f1os tras a\u00f1o.\u00a0A continuaci\u00f3n, te presentamos una gu\u00eda para que no te pierdas ni uno de los rincones m\u00e1s fotografiados, m\u00e1s intagrameables de la isla \u00a1desc\u00fabrelos!<\/p>\n<p><strong><\/p>\n<h2>Es Vedr\u00e0, playa cala d&#8217;Hort<\/h2>\n<p><\/strong><\/p>\n<p>Seguro que has escuchado muchas veces y visualizado im\u00e1genes de <strong>\u00abEs Vedr\u00e0\u00bb<\/strong>, se trata de uno de los lugares m\u00e1s populares de Ibiza gracias a su puesta de sol y a la energ\u00eda que desprende. En definitiva, un lugar con encanto y espiritualidad al mismo tiempo, \u00a1que no podr\u00e1s dejar de fotografiar! Nuestra recomendaci\u00f3n es que vayas hasta Cala d&#8217;Hort, un parque natural que es sin duda una de las mejores playas de la isla, tambi\u00e9n por la vista del famoso islote de Es Vedr\u00e0. Si eres de los que les gusta mostrar sus experiencias en Instagram seguro que te encantara pasear por la pasarela que cruza la cala. <\/p>\n<p><img loading=\"lazy\" decoding=\"async\" src=\"https:\/\/www.vibrahotels.com\/blog\/wp-content\/uploads\/2022\/10\/shutterstock_2475139425.jpg\" alt=\"Visitar Ibiza: estos son los 6 rincones m\u00e1s instagrameables de la isla \" width=\"1000\" height=\"714\" class=\"alignnone size-full wp-image-8421\" srcset=\"https:\/\/www.vibrahotels.com\/blog\/wp-content\/uploads\/2022\/10\/shutterstock_2475139425.jpg 1000w, https:\/\/www.vibrahotels.com\/blog\/wp-content\/uploads\/2022\/10\/shutterstock_2475139425-300x214.jpg 300w, https:\/\/www.vibrahotels.com\/blog\/wp-content\/uploads\/2022\/10\/shutterstock_2475139425-768x548.jpg 768w\" sizes=\"auto, (max-width: 1000px) 100vw, 1000px\" \/><\/p>\n<p><strong><\/p>\n<h2>Atlantis Ibiza, la cala oculta<\/h2>\n<p><\/strong><\/p>\n<p><strong>Atlantis, <\/strong>tambi\u00e9n conocida como la Playa Secreta, es una playa que, como su nombre indica, no aparece en los mapas y es de dif\u00edcil acceso.<strong> Atlantis Ibiza <\/strong>es uno ante uno de los secretos mejor guardados de Ibiza, en la Reserva Natural de Cala d\u00b4Hort, donde se incluye el islote de Es Vedr\u00e0. Anta\u00f1o era el hogar de hippies, ahora se ha convertido en una piscina natural, donde muchos aprovechan la energ\u00eda m\u00edstica del lugar para realizar sesiones espirituales. En definitiva, es uno de los lugares m\u00e1s m\u00e1gicos de la isla. <\/p>\n<p><img loading=\"lazy\" decoding=\"async\" src=\"https:\/\/www.vibrahotels.com\/blog\/wp-content\/uploads\/2022\/10\/shutterstock_2151038377.jpg\" alt=\"Visitar Ibiza: estos son los 6 rincones m\u00e1s instagrameables de la isla\" width=\"1000\" height=\"667\" class=\"alignnone size-full wp-image-8427\" srcset=\"https:\/\/www.vibrahotels.com\/blog\/wp-content\/uploads\/2022\/10\/shutterstock_2151038377.jpg 1000w, https:\/\/www.vibrahotels.com\/blog\/wp-content\/uploads\/2022\/10\/shutterstock_2151038377-300x200.jpg 300w, https:\/\/www.vibrahotels.com\/blog\/wp-content\/uploads\/2022\/10\/shutterstock_2151038377-768x512.jpg 768w\" sizes=\"auto, (max-width: 1000px) 100vw, 1000px\" \/><\/p>\n<p><strong><\/p>\n<h2>Time and Space<\/h2>\n<p><\/strong><\/p>\n<p><strong>Time and Space en Ibiza<\/strong>, m\u00e1s com\u00fanmente llamado el \u201cStonehenge Ibicenco\u201d, es un monumento que forma parte de un proyecto de esculturas presentes en 16 pa\u00edses. Se trata de un reloj solar cuya disposici\u00f3n recuerda la de los planetas que ruedan alrededor del sol. Seguramente uno de los lugares m\u00e1s \u00e9picos de la isla, que sin duda merece la pena ser visitado y fotografiado.<\/p>\n<p><img loading=\"lazy\" decoding=\"async\" src=\"https:\/\/www.vibrahotels.com\/blog\/wp-content\/uploads\/2022\/10\/shutterstock_1496552408.jpg\" alt=\"Visitar Ibiza: estos son los 6 rincones m\u00e1s instagrameables de la isla\" width=\"1000\" height=\"667\" class=\"alignnone size-full wp-image-8431\" srcset=\"https:\/\/www.vibrahotels.com\/blog\/wp-content\/uploads\/2022\/10\/shutterstock_1496552408.jpg 1000w, https:\/\/www.vibrahotels.com\/blog\/wp-content\/uploads\/2022\/10\/shutterstock_1496552408-300x200.jpg 300w, https:\/\/www.vibrahotels.com\/blog\/wp-content\/uploads\/2022\/10\/shutterstock_1496552408-768x512.jpg 768w\" sizes=\"auto, (max-width: 1000px) 100vw, 1000px\" \/><\/p>\n<p><strong><\/p>\n<h2>Puertas de Can Soleil<\/h2>\n<p><\/strong><\/p>\n<p>No muy lejos de la instalaci\u00f3n de arte reci\u00e9n mencionada, encontrar\u00e1s las <strong>puertas de Can Soleil<\/strong>. Se trata de uno de los lugares de inter\u00e9s por turistas y aficionados a la fotograf\u00eda, ya que buscando el \u00e1ngulo adecuado ver\u00e1s el islote de <strong>Es Vedr\u00e0<\/strong>, uno de los rincones m\u00e1s famosos de la isla. Por eso, te recomendamos tomarte un tiempo para encontrar la perspectiva adecuada y sacar una buena foto. \u00a1Seguro que merece la pena!<\/p>\n<p><img loading=\"lazy\" decoding=\"async\" src=\"https:\/\/www.vibrahotels.com\/blog\/wp-content\/uploads\/2022\/10\/shutterstock_2419314385.jpg\" alt=\"Visitar Ibiza: estos son los 6 rincones m\u00e1s instagrameables de la isla\" width=\"1000\" height=\"630\" class=\"alignnone size-full wp-image-8435\" srcset=\"https:\/\/www.vibrahotels.com\/blog\/wp-content\/uploads\/2022\/10\/shutterstock_2419314385.jpg 1000w, https:\/\/www.vibrahotels.com\/blog\/wp-content\/uploads\/2022\/10\/shutterstock_2419314385-300x189.jpg 300w, https:\/\/www.vibrahotels.com\/blog\/wp-content\/uploads\/2022\/10\/shutterstock_2419314385-768x484.jpg 768w\" sizes=\"auto, (max-width: 1000px) 100vw, 1000px\" \/><\/p>\n<p><strong><\/p>\n<h2>Playa Sa Caleta Ibiza<\/h2>\n<p><\/strong><\/p>\n<p>Otro de los lugares m\u00e1s instagrameables de la <strong>isla de Ibiza <\/strong>es probablemente la<strong> playa de Sa Caleta<\/strong>. Se trata de una playa bordeada por acantilados rojos que dan una fuerte sensaci\u00f3n de aislamiento. Aqu\u00ed tendr\u00e1s la oportunidad de hacer fotos incre\u00edbles desde lo alto de los acantilados, eso s\u00ed te recomendamos ir con precauci\u00f3n y no acercarte demasiado.<\/p>\n<p><img loading=\"lazy\" decoding=\"async\" src=\"https:\/\/www.vibrahotels.com\/blog\/wp-content\/uploads\/2022\/10\/shutterstock_1885338151.jpg\" alt=\"Visitar Ibiza: estos son los 6 rincones m\u00e1s instagrameables de la isla\" width=\"1000\" height=\"667\" class=\"alignnone size-full wp-image-8439\" srcset=\"https:\/\/www.vibrahotels.com\/blog\/wp-content\/uploads\/2022\/10\/shutterstock_1885338151.jpg 1000w, https:\/\/www.vibrahotels.com\/blog\/wp-content\/uploads\/2022\/10\/shutterstock_1885338151-300x200.jpg 300w, https:\/\/www.vibrahotels.com\/blog\/wp-content\/uploads\/2022\/10\/shutterstock_1885338151-768x512.jpg 768w\" sizes=\"auto, (max-width: 1000px) 100vw, 1000px\" \/><\/p>\n<p><strong><\/p>\n<h2>Columpio Cala Xarraca<\/h2>\n<p><\/strong><\/p>\n<p><strong>El columpio de Cala Xarraca<\/strong> es uno de los lugares m\u00e1s instagrameables de la isla. La cala es sin\u00f3nimo de aguas cristalinas, naturaleza y paz. Es conocida por que estar localizado en medio un impresionante columpio en medio del mar. S\u00ed, has o\u00eddo bien, \u00a1un columpio! En pocos a\u00f1os, se ha convertido en el lugar favorito de muchos turistas que nos visitan adem\u00e1s de ser una de las im\u00e1genes principales cuando hablamos de impresionantes playas en Ibiza. <\/p>\n<p><img loading=\"lazy\" decoding=\"async\" src=\"https:\/\/www.vibrahotels.com\/blog\/wp-content\/uploads\/2022\/10\/josie-josie-ybz7WB39uB4-unsplash-3-1.jpg\" alt=\"Visitar Ibiza: estos son los 6 rincones m\u00e1s instagrameables de la isla\" width=\"1920\" height=\"1440\" class=\"alignnone size-full wp-image-8441\" srcset=\"https:\/\/www.vibrahotels.com\/blog\/wp-content\/uploads\/2022\/10\/josie-josie-ybz7WB39uB4-unsplash-3-1.jpg 1920w, https:\/\/www.vibrahotels.com\/blog\/wp-content\/uploads\/2022\/10\/josie-josie-ybz7WB39uB4-unsplash-3-1-300x225.jpg 300w, https:\/\/www.vibrahotels.com\/blog\/wp-content\/uploads\/2022\/10\/josie-josie-ybz7WB39uB4-unsplash-3-1-1024x768.jpg 1024w, https:\/\/www.vibrahotels.com\/blog\/wp-content\/uploads\/2022\/10\/josie-josie-ybz7WB39uB4-unsplash-3-1-768x576.jpg 768w, https:\/\/www.vibrahotels.com\/blog\/wp-content\/uploads\/2022\/10\/josie-josie-ybz7WB39uB4-unsplash-3-1-1536x1152.jpg 1536w\" sizes=\"auto, (max-width: 1920px) 100vw, 1920px\" \/><\/p>\n<p>No te lo pienses m\u00e1s y descubre la otra cara de Ibiza. Adem\u00e1s, con los alojamientos de <a href=\"https:\/\/www.vibrahotels.com\/es?utm_medium=cpc&#038;utm_source=google&#038;utm_campaign=marca&#038;utm_content=vibrahotels&#038;utm_term=es&#038;gad_source=1&#038;gclid=EAIaIQobChMImbH4kqefiQMVNzfUAR1kCDkqEAAYASAAEgKNUvD_BwE\">Vibra Hotels <\/a>podr\u00e1s disfrutar de incre\u00edbres hoteles en Ibiza con una buena relaci\u00f3n calidad &#8211; precio y unas ubicaciones cerca del mar. Los lugares m\u00e1s instagrameables de la isla te est\u00e1n esperando. \u00bfTe apuntas?<\/p>\n","protected":false},"excerpt":{"rendered":"<p>La isla de Ibiza tiene muchas caras, destaca por sus discotecas y fiestas reconocidas a nivel internacional, aunque no hay discusi\u00f3n de que es mucho m\u00e1s. La naturaleza que caracteriza a la isla de Ibiza es inmensa y ofrece a&#8230;<\/p>\n","protected":false},"author":1,"featured_media":8441,"comment_status":"open","ping_status":"open","sticky":false,"template":"","format":"standard","meta":{"footnotes":""},"categories":[1311,1297],"tags":[],"class_list":["post-5981","post","type-post","status-publish","format-standard","has-post-thumbnail","hentry","category-planes-en-ibiza","category-travel"],"yoast_head":"<!-- This site is optimized with the Yoast SEO plugin v27.4 - https:\/\/yoast.com\/product\/yoast-seo-wordpress\/ -->\n<title>Rincones m\u00e1s intagrameables de Ibiza<\/title>\n<meta name=\"description\" content=\"Aqu\u00ed tienes una gu\u00eda para que no te pierdas ni uno de los rincones m\u00e1s intagrameables de Ibiza \u00a1desc\u00fabrelos!\" \/>\n<meta name=\"robots\" content=\"index, follow, max-snippet:-1, max-image-preview:large, max-video-preview:-1\" \/>\n<link rel=\"canonical\" href=\"https:\/\/www.vibrahotels.com\/blog\/rincones-mas-instagrameables-de-la-isla-de-ibiza\/\" \/>\n<meta property=\"og:locale\" content=\"es_ES\" \/>\n<meta property=\"og:type\" content=\"article\" \/>\n<meta property=\"og:title\" content=\"Rincones m\u00e1s intagrameables de Ibiza\" \/>\n<meta property=\"og:description\" content=\"Aqu\u00ed tienes una gu\u00eda para que no te pierdas ni uno de los rincones m\u00e1s intagrameables de Ibiza \u00a1desc\u00fabrelos!\" \/>\n<meta property=\"og:url\" content=\"https:\/\/www.vibrahotels.com\/blog\/rincones-mas-instagrameables-de-la-isla-de-ibiza\/\" \/>\n<meta property=\"og:site_name\" content=\"Islander by Vibra Hotels\" \/>\n<meta property=\"article:published_time\" content=\"2022-10-16T07:00:41+00:00\" \/>\n<meta property=\"article:modified_time\" content=\"2024-12-02T12:04:21+00:00\" \/>\n<meta property=\"og:image\" content=\"https:\/\/www.vibrahotels.com\/blog\/wp-content\/uploads\/2022\/10\/josie-josie-ybz7WB39uB4-unsplash-3-1.jpg\" \/>\n\t<meta property=\"og:image:width\" content=\"1920\" \/>\n\t<meta property=\"og:image:height\" content=\"1440\" \/>\n\t<meta property=\"og:image:type\" content=\"image\/jpeg\" \/>\n<meta name=\"author\" content=\"The Ibiza Blog\" \/>\n<meta name=\"twitter:card\" content=\"summary_large_image\" \/>\n<meta name=\"twitter:label1\" content=\"Escrito por\" \/>\n\t<meta name=\"twitter:data1\" content=\"The Ibiza Blog\" \/>\n\t<meta name=\"twitter:label2\" content=\"Tiempo de lectura\" \/>\n\t<meta name=\"twitter:data2\" content=\"5 minutos\" \/>\n<script type=\"application\/ld+json\" class=\"yoast-schema-graph\">{\"@context\":\"https:\\\/\\\/schema.org\",\"@graph\":[{\"@type\":\"Article\",\"@id\":\"https:\\\/\\\/www.vibrahotels.com\\\/blog\\\/rincones-mas-instagrameables-de-la-isla-de-ibiza\\\/#article\",\"isPartOf\":{\"@id\":\"https:\\\/\\\/www.vibrahotels.com\\\/blog\\\/rincones-mas-instagrameables-de-la-isla-de-ibiza\\\/\"},\"author\":{\"name\":\"The Ibiza Blog\",\"@id\":\"https:\\\/\\\/www.vibrahotels.com\\\/blog\\\/#\\\/schema\\\/person\\\/ad74f13df6e44e7081ef65424f668972\"},\"headline\":\"Visitar Ibiza: estos son los 6 rincones m\u00e1s instagrameables de la isla\",\"datePublished\":\"2022-10-16T07:00:41+00:00\",\"dateModified\":\"2024-12-02T12:04:21+00:00\",\"mainEntityOfPage\":{\"@id\":\"https:\\\/\\\/www.vibrahotels.com\\\/blog\\\/rincones-mas-instagrameables-de-la-isla-de-ibiza\\\/\"},\"wordCount\":764,\"commentCount\":0,\"image\":{\"@id\":\"https:\\\/\\\/www.vibrahotels.com\\\/blog\\\/rincones-mas-instagrameables-de-la-isla-de-ibiza\\\/#primaryimage\"},\"thumbnailUrl\":\"https:\\\/\\\/www.vibrahotels.com\\\/blog\\\/wp-content\\\/uploads\\\/2022\\\/10\\\/josie-josie-ybz7WB39uB4-unsplash-3-1.jpg\",\"articleSection\":[\"Planes en Ibiza\",\"Travel\"],\"inLanguage\":\"es\",\"potentialAction\":[{\"@type\":\"CommentAction\",\"name\":\"Comment\",\"target\":[\"https:\\\/\\\/www.vibrahotels.com\\\/blog\\\/rincones-mas-instagrameables-de-la-isla-de-ibiza\\\/#respond\"]}]},{\"@type\":\"WebPage\",\"@id\":\"https:\\\/\\\/www.vibrahotels.com\\\/blog\\\/rincones-mas-instagrameables-de-la-isla-de-ibiza\\\/\",\"url\":\"https:\\\/\\\/www.vibrahotels.com\\\/blog\\\/rincones-mas-instagrameables-de-la-isla-de-ibiza\\\/\",\"name\":\"Rincones m\u00e1s intagrameables de Ibiza\",\"isPartOf\":{\"@id\":\"https:\\\/\\\/www.vibrahotels.com\\\/blog\\\/#website\"},\"primaryImageOfPage\":{\"@id\":\"https:\\\/\\\/www.vibrahotels.com\\\/blog\\\/rincones-mas-instagrameables-de-la-isla-de-ibiza\\\/#primaryimage\"},\"image\":{\"@id\":\"https:\\\/\\\/www.vibrahotels.com\\\/blog\\\/rincones-mas-instagrameables-de-la-isla-de-ibiza\\\/#primaryimage\"},\"thumbnailUrl\":\"https:\\\/\\\/www.vibrahotels.com\\\/blog\\\/wp-content\\\/uploads\\\/2022\\\/10\\\/josie-josie-ybz7WB39uB4-unsplash-3-1.jpg\",\"datePublished\":\"2022-10-16T07:00:41+00:00\",\"dateModified\":\"2024-12-02T12:04:21+00:00\",\"author\":{\"@id\":\"https:\\\/\\\/www.vibrahotels.com\\\/blog\\\/#\\\/schema\\\/person\\\/ad74f13df6e44e7081ef65424f668972\"},\"description\":\"Aqu\u00ed tienes una gu\u00eda para que no te pierdas ni uno de los rincones m\u00e1s intagrameables de Ibiza \u00a1desc\u00fabrelos!\",\"breadcrumb\":{\"@id\":\"https:\\\/\\\/www.vibrahotels.com\\\/blog\\\/rincones-mas-instagrameables-de-la-isla-de-ibiza\\\/#breadcrumb\"},\"inLanguage\":\"es\",\"potentialAction\":[{\"@type\":\"ReadAction\",\"target\":[\"https:\\\/\\\/www.vibrahotels.com\\\/blog\\\/rincones-mas-instagrameables-de-la-isla-de-ibiza\\\/\"]}]},{\"@type\":\"ImageObject\",\"inLanguage\":\"es\",\"@id\":\"https:\\\/\\\/www.vibrahotels.com\\\/blog\\\/rincones-mas-instagrameables-de-la-isla-de-ibiza\\\/#primaryimage\",\"url\":\"https:\\\/\\\/www.vibrahotels.com\\\/blog\\\/wp-content\\\/uploads\\\/2022\\\/10\\\/josie-josie-ybz7WB39uB4-unsplash-3-1.jpg\",\"contentUrl\":\"https:\\\/\\\/www.vibrahotels.com\\\/blog\\\/wp-content\\\/uploads\\\/2022\\\/10\\\/josie-josie-ybz7WB39uB4-unsplash-3-1.jpg\",\"width\":1920,\"height\":1440,\"caption\":\"Visitar Ibiza: estos son los 6 rincones m\u00e1s instagrameables de la isla\"},{\"@type\":\"BreadcrumbList\",\"@id\":\"https:\\\/\\\/www.vibrahotels.com\\\/blog\\\/rincones-mas-instagrameables-de-la-isla-de-ibiza\\\/#breadcrumb\",\"itemListElement\":[{\"@type\":\"ListItem\",\"position\":1,\"name\":\"Portada\",\"item\":\"https:\\\/\\\/www.vibrahotels.com\\\/blog\\\/\"},{\"@type\":\"ListItem\",\"position\":2,\"name\":\"Visitar Ibiza: estos son los 6 rincones m\u00e1s instagrameables de la isla\"}]},{\"@type\":\"WebSite\",\"@id\":\"https:\\\/\\\/www.vibrahotels.com\\\/blog\\\/#website\",\"url\":\"https:\\\/\\\/www.vibrahotels.com\\\/blog\\\/\",\"name\":\"Islander by Vibra Hotels\",\"description\":\"\",\"potentialAction\":[{\"@type\":\"SearchAction\",\"target\":{\"@type\":\"EntryPoint\",\"urlTemplate\":\"https:\\\/\\\/www.vibrahotels.com\\\/blog\\\/?s={search_term_string}\"},\"query-input\":{\"@type\":\"PropertyValueSpecification\",\"valueRequired\":true,\"valueName\":\"search_term_string\"}}],\"inLanguage\":\"es\"},{\"@type\":\"Person\",\"@id\":\"https:\\\/\\\/www.vibrahotels.com\\\/blog\\\/#\\\/schema\\\/person\\\/ad74f13df6e44e7081ef65424f668972\",\"name\":\"The Ibiza Blog\",\"image\":{\"@type\":\"ImageObject\",\"inLanguage\":\"es\",\"@id\":\"https:\\\/\\\/secure.gravatar.com\\\/avatar\\\/d172713df318fe4ba11547ee4a70ab1eae0206026db57d7a5920186b9f5ee855?s=96&d=mm&r=g\",\"url\":\"https:\\\/\\\/secure.gravatar.com\\\/avatar\\\/d172713df318fe4ba11547ee4a70ab1eae0206026db57d7a5920186b9f5ee855?s=96&d=mm&r=g\",\"contentUrl\":\"https:\\\/\\\/secure.gravatar.com\\\/avatar\\\/d172713df318fe4ba11547ee4a70ab1eae0206026db57d7a5920186b9f5ee855?s=96&d=mm&r=g\",\"caption\":\"The Ibiza Blog\"},\"url\":\"https:\\\/\\\/www.vibrahotels.com\\\/blog\\\/author\\\/the-ibiza-blog\\\/\"}]}<\/script>\n<!-- \/ Yoast SEO plugin. -->","yoast_head_json":{"title":"Rincones m\u00e1s intagrameables de Ibiza","description":"Aqu\u00ed tienes una gu\u00eda para que no te pierdas ni uno de los rincones m\u00e1s intagrameables de Ibiza \u00a1desc\u00fabrelos!","robots":{"index":"index","follow":"follow","max-snippet":"max-snippet:-1","max-image-preview":"max-image-preview:large","max-video-preview":"max-video-preview:-1"},"canonical":"https:\/\/www.vibrahotels.com\/blog\/rincones-mas-instagrameables-de-la-isla-de-ibiza\/","og_locale":"es_ES","og_type":"article","og_title":"Rincones m\u00e1s intagrameables de Ibiza","og_description":"Aqu\u00ed tienes una gu\u00eda para que no te pierdas ni uno de los rincones m\u00e1s intagrameables de Ibiza \u00a1desc\u00fabrelos!","og_url":"https:\/\/www.vibrahotels.com\/blog\/rincones-mas-instagrameables-de-la-isla-de-ibiza\/","og_site_name":"Islander by Vibra Hotels","article_published_time":"2022-10-16T07:00:41+00:00","article_modified_time":"2024-12-02T12:04:21+00:00","og_image":[{"width":1920,"height":1440,"url":"https:\/\/www.vibrahotels.com\/blog\/wp-content\/uploads\/2022\/10\/josie-josie-ybz7WB39uB4-unsplash-3-1.jpg","type":"image\/jpeg"}],"author":"The Ibiza Blog","twitter_card":"summary_large_image","twitter_misc":{"Escrito por":"The Ibiza Blog","Tiempo de lectura":"5 minutos"},"schema":{"@context":"https:\/\/schema.org","@graph":[{"@type":"Article","@id":"https:\/\/www.vibrahotels.com\/blog\/rincones-mas-instagrameables-de-la-isla-de-ibiza\/#article","isPartOf":{"@id":"https:\/\/www.vibrahotels.com\/blog\/rincones-mas-instagrameables-de-la-isla-de-ibiza\/"},"author":{"name":"The Ibiza Blog","@id":"https:\/\/www.vibrahotels.com\/blog\/#\/schema\/person\/ad74f13df6e44e7081ef65424f668972"},"headline":"Visitar Ibiza: estos son los 6 rincones m\u00e1s instagrameables de la isla","datePublished":"2022-10-16T07:00:41+00:00","dateModified":"2024-12-02T12:04:21+00:00","mainEntityOfPage":{"@id":"https:\/\/www.vibrahotels.com\/blog\/rincones-mas-instagrameables-de-la-isla-de-ibiza\/"},"wordCount":764,"commentCount":0,"image":{"@id":"https:\/\/www.vibrahotels.com\/blog\/rincones-mas-instagrameables-de-la-isla-de-ibiza\/#primaryimage"},"thumbnailUrl":"https:\/\/www.vibrahotels.com\/blog\/wp-content\/uploads\/2022\/10\/josie-josie-ybz7WB39uB4-unsplash-3-1.jpg","articleSection":["Planes en Ibiza","Travel"],"inLanguage":"es","potentialAction":[{"@type":"CommentAction","name":"Comment","target":["https:\/\/www.vibrahotels.com\/blog\/rincones-mas-instagrameables-de-la-isla-de-ibiza\/#respond"]}]},{"@type":"WebPage","@id":"https:\/\/www.vibrahotels.com\/blog\/rincones-mas-instagrameables-de-la-isla-de-ibiza\/","url":"https:\/\/www.vibrahotels.com\/blog\/rincones-mas-instagrameables-de-la-isla-de-ibiza\/","name":"Rincones m\u00e1s intagrameables de Ibiza","isPartOf":{"@id":"https:\/\/www.vibrahotels.com\/blog\/#website"},"primaryImageOfPage":{"@id":"https:\/\/www.vibrahotels.com\/blog\/rincones-mas-instagrameables-de-la-isla-de-ibiza\/#primaryimage"},"image":{"@id":"https:\/\/www.vibrahotels.com\/blog\/rincones-mas-instagrameables-de-la-isla-de-ibiza\/#primaryimage"},"thumbnailUrl":"https:\/\/www.vibrahotels.com\/blog\/wp-content\/uploads\/2022\/10\/josie-josie-ybz7WB39uB4-unsplash-3-1.jpg","datePublished":"2022-10-16T07:00:41+00:00","dateModified":"2024-12-02T12:04:21+00:00","author":{"@id":"https:\/\/www.vibrahotels.com\/blog\/#\/schema\/person\/ad74f13df6e44e7081ef65424f668972"},"description":"Aqu\u00ed tienes una gu\u00eda para que no te pierdas ni uno de los rincones m\u00e1s intagrameables de Ibiza \u00a1desc\u00fabrelos!","breadcrumb":{"@id":"https:\/\/www.vibrahotels.com\/blog\/rincones-mas-instagrameables-de-la-isla-de-ibiza\/#breadcrumb"},"inLanguage":"es","potentialAction":[{"@type":"ReadAction","target":["https:\/\/www.vibrahotels.com\/blog\/rincones-mas-instagrameables-de-la-isla-de-ibiza\/"]}]},{"@type":"ImageObject","inLanguage":"es","@id":"https:\/\/www.vibrahotels.com\/blog\/rincones-mas-instagrameables-de-la-isla-de-ibiza\/#primaryimage","url":"https:\/\/www.vibrahotels.com\/blog\/wp-content\/uploads\/2022\/10\/josie-josie-ybz7WB39uB4-unsplash-3-1.jpg","contentUrl":"https:\/\/www.vibrahotels.com\/blog\/wp-content\/uploads\/2022\/10\/josie-josie-ybz7WB39uB4-unsplash-3-1.jpg","width":1920,"height":1440,"caption":"Visitar Ibiza: estos son los 6 rincones m\u00e1s instagrameables de la isla"},{"@type":"BreadcrumbList","@id":"https:\/\/www.vibrahotels.com\/blog\/rincones-mas-instagrameables-de-la-isla-de-ibiza\/#breadcrumb","itemListElement":[{"@type":"ListItem","position":1,"name":"Portada","item":"https:\/\/www.vibrahotels.com\/blog\/"},{"@type":"ListItem","position":2,"name":"Visitar Ibiza: estos son los 6 rincones m\u00e1s instagrameables de la isla"}]},{"@type":"WebSite","@id":"https:\/\/www.vibrahotels.com\/blog\/#website","url":"https:\/\/www.vibrahotels.com\/blog\/","name":"Islander by Vibra Hotels","description":"","potentialAction":[{"@type":"SearchAction","target":{"@type":"EntryPoint","urlTemplate":"https:\/\/www.vibrahotels.com\/blog\/?s={search_term_string}"},"query-input":{"@type":"PropertyValueSpecification","valueRequired":true,"valueName":"search_term_string"}}],"inLanguage":"es"},{"@type":"Person","@id":"https:\/\/www.vibrahotels.com\/blog\/#\/schema\/person\/ad74f13df6e44e7081ef65424f668972","name":"The Ibiza Blog","image":{"@type":"ImageObject","inLanguage":"es","@id":"https:\/\/secure.gravatar.com\/avatar\/d172713df318fe4ba11547ee4a70ab1eae0206026db57d7a5920186b9f5ee855?s=96&d=mm&r=g","url":"https:\/\/secure.gravatar.com\/avatar\/d172713df318fe4ba11547ee4a70ab1eae0206026db57d7a5920186b9f5ee855?s=96&d=mm&r=g","contentUrl":"https:\/\/secure.gravatar.com\/avatar\/d172713df318fe4ba11547ee4a70ab1eae0206026db57d7a5920186b9f5ee855?s=96&d=mm&r=g","caption":"The Ibiza Blog"},"url":"https:\/\/www.vibrahotels.com\/blog\/author\/the-ibiza-blog\/"}]}},"_links":{"self":[{"href":"https:\/\/www.vibrahotels.com\/blog\/wp-json\/wp\/v2\/posts\/5981","targetHints":{"allow":["GET"]}}],"collection":[{"href":"https:\/\/www.vibrahotels.com\/blog\/wp-json\/wp\/v2\/posts"}],"about":[{"href":"https:\/\/www.vibrahotels.com\/blog\/wp-json\/wp\/v2\/types\/post"}],"author":[{"embeddable":true,"href":"https:\/\/www.vibrahotels.com\/blog\/wp-json\/wp\/v2\/users\/1"}],"replies":[{"embeddable":true,"href":"https:\/\/www.vibrahotels.com\/blog\/wp-json\/wp\/v2\/comments?post=5981"}],"version-history":[{"count":26,"href":"https:\/\/www.vibrahotels.com\/blog\/wp-json\/wp\/v2\/posts\/5981\/revisions"}],"predecessor-version":[{"id":6003,"href":"https:\/\/www.vibrahotels.com\/blog\/wp-json\/wp\/v2\/posts\/5981\/revisions\/6003"}],"wp:featuredmedia":[{"embeddable":true,"href":"https:\/\/www.vibrahotels.com\/blog\/wp-json\/wp\/v2\/media\/8441"}],"wp:attachment":[{"href":"https:\/\/www.vibrahotels.com\/blog\/wp-json\/wp\/v2\/media?parent=5981"}],"wp:term":[{"taxonomy":"category","embeddable":true,"href":"https:\/\/www.vibrahotels.com\/blog\/wp-json\/wp\/v2\/categories?post=5981"},{"taxonomy":"post_tag","embeddable":true,"href":"https:\/\/www.vibrahotels.com\/blog\/wp-json\/wp\/v2\/tags?post=5981"}],"curies":[{"name":"wp","href":"https:\/\/api.w.org\/{rel}","templated":true}]}}