{"id":5334,"date":"2020-08-13T16:09:58","date_gmt":"2020-08-13T14:09:58","guid":{"rendered":"http:\/\/www.vibrahotels.com\/?p=5334"},"modified":"2022-08-29T12:48:21","modified_gmt":"2022-08-29T10:48:21","slug":"mercadillos-que-no-te-puedes-perder","status":"publish","type":"post","link":"https:\/\/www.vibrahotels.com\/blog\/mercadillos-que-no-te-puedes-perder\/","title":{"rendered":"Mercadillos que no te puedes perder"},"content":{"rendered":"<p>La mejor manera de empaparse de la cultura local, conocer la artesan\u00eda, descubrir artistas locales y, adem\u00e1s, deambular por coloridos y pintorescos lugares es, sin lugar a duda, visitando los mercados locales. Hoy hacemos un repaso a los mercadillos que no te puedes perder, los m\u00e1s populares de Ibiza -y abiertos esta temporada tan at\u00edpica 2020.<\/p>\n<h4>Mercadillo San Jos\u00e9<\/h4>\n<p>Mercadillo de artesan\u00eda y comida ecol\u00f3gica de San Jos\u00e9 est\u00e1 abierto desde el pasado 13 de junio 2020, y se mantendr\u00e1 hasta el mes de octubre 2020. Un lugar estupendo no para adquirir productos locales al 100% y descubrir los alimentos de temporada de Ibiza. M\u00e1s de 40 puestos se ubican justo delante del ayuntamiento del pueblo donde tambi\u00e9n podr\u00e1s disfrutar de distintos talleres: culturales, gastron\u00f3micos, e infantiles&#8230; <a href=\"https:\/\/welcometoibiza.com\/ibiza\/mercadillo-san-jose\/#:~:text=de%20octubre%202019-,En%20el%20Mercadillo%20de%20San%20Jos%C3%A9%20encontrar%C3%A1s%20producto%20local%2C%20ecol%C3%B3gico,el%2019%20de%20octubre%202019&amp;text=El%20mercadillo%20abre%20todos%20los,junio%20hasta%20finales%20de%20octubre.\" target=\"_blank\" rel=\"noopener noreferrer\">M\u00e1s info aqu\u00ed<\/a>.<\/p>\n<h4><img loading=\"lazy\" decoding=\"async\" class=\"wp-image-5335 aligncenter\" src=\"http:\/\/www.vibrahotels.com\/wp-content\/uploads\/2020\/08\/mercadillo-san-jose-ibiza.jpg\" alt=\"Mercadillos que no te puedes perder\" width=\"763\" height=\"572\" srcset=\"https:\/\/www.vibrahotels.com\/blog\/wp-content\/uploads\/2020\/08\/mercadillo-san-jose-ibiza.jpg 1500w, https:\/\/www.vibrahotels.com\/blog\/wp-content\/uploads\/2020\/08\/mercadillo-san-jose-ibiza-300x225.jpg 300w, https:\/\/www.vibrahotels.com\/blog\/wp-content\/uploads\/2020\/08\/mercadillo-san-jose-ibiza-1024x768.jpg 1024w, https:\/\/www.vibrahotels.com\/blog\/wp-content\/uploads\/2020\/08\/mercadillo-san-jose-ibiza-768x576.jpg 768w\" sizes=\"auto, (max-width: 763px) 100vw, 763px\" \/><\/h4>\n<h4>Las Dalias<\/h4>\n<p>El mercadillo hippy de las Dalias no necesita presentaci\u00f3n y es de visita obligatoria en Ibiza. Las Dalias abre todo el a\u00f1o, concretamente los s\u00e1bados; y <a href=\"https:\/\/www.lasdalias.es\/viewer?type=market&amp;id=2&amp;backto=mercadillos&amp;pid=3\" target=\"_blank\" rel=\"noopener noreferrer\">ahora, en verano, ofrece su popular Night Market<\/a> todos los lunes, martes y domingos de 19h a 00h30. Un horario que sin duda permite disfrutar del encanto especial del lugar envuelto en una iluminaci\u00f3n y decoraci\u00f3n diferente. \u00a1Disfruta recorriendo sus puestos en las c\u00e1lidas noches de verano ibicenco!<\/p>\n<h4><img loading=\"lazy\" decoding=\"async\" class=\"wp-image-5337 aligncenter\" src=\"http:\/\/www.vibrahotels.com\/wp-content\/uploads\/2020\/08\/Las-Dalias.jpg\" alt=\"Mercadillos que no te puedes perder\" width=\"781\" height=\"781\" srcset=\"https:\/\/www.vibrahotels.com\/blog\/wp-content\/uploads\/2020\/08\/Las-Dalias.jpg 960w, https:\/\/www.vibrahotels.com\/blog\/wp-content\/uploads\/2020\/08\/Las-Dalias-300x300.jpg 300w, https:\/\/www.vibrahotels.com\/blog\/wp-content\/uploads\/2020\/08\/Las-Dalias-150x150.jpg 150w, https:\/\/www.vibrahotels.com\/blog\/wp-content\/uploads\/2020\/08\/Las-Dalias-768x768.jpg 768w\" sizes=\"auto, (max-width: 781px) 100vw, 781px\" \/><\/h4>\n<h4>Mercadillo de Punta Arab\u00ed<\/h4>\n<p>Con m\u00e1s de 40 de historia, <a href=\"http:\/\/www.hippymarket.info\/index.php?lang=es\" target=\"_blank\" rel=\"noopener noreferrer\">este mercadillo ubicado en la zona de Es Canar<\/a> es el m\u00e1s antiguo de la isla dentro de la tipolog\u00eda de \u201cmercadillos hippies\u201d. Todos los mi\u00e9rcoles desde el pasado 22 de julio, artesanos y artistas ofrecen una gran variedad de sus m\u00e1s exclusivas creaciones de artesan\u00eda, moda, cosm\u00e9tica natural, antig\u00fcedades, instrumentos musicales y originales art\u00edculos tra\u00eddos desde diferentes partes del mundo. Adem\u00e1s, dispone de una zona especial gastron\u00f3mica y zona infantil para los m\u00e1s peque\u00f1os.<\/p>\n<h4><img loading=\"lazy\" decoding=\"async\" class=\"wp-image-5339 aligncenter\" src=\"http:\/\/www.vibrahotels.com\/wp-content\/uploads\/2020\/08\/Hippy-Market.jpg\" alt=\"Mercadillos que no te puedes perder\" width=\"861\" height=\"574\" srcset=\"https:\/\/www.vibrahotels.com\/blog\/wp-content\/uploads\/2020\/08\/Hippy-Market.jpg 960w, https:\/\/www.vibrahotels.com\/blog\/wp-content\/uploads\/2020\/08\/Hippy-Market-300x200.jpg 300w, https:\/\/www.vibrahotels.com\/blog\/wp-content\/uploads\/2020\/08\/Hippy-Market-768x512.jpg 768w\" sizes=\"auto, (max-width: 861px) 100vw, 861px\" \/><\/h4>\n<h4>Mercado de Forada<\/h4>\n<p>Probablemente sea el mercado \u2018menos habitual\u2019 en la ruta tur\u00edstica y, sin embargo, uno de los <a href=\"https:\/\/www.facebook.com\/MercatdeForada\" target=\"_blank\" rel=\"noopener noreferrer\">m\u00e1s visitados por locales de la zona por su oferta de productos de kil\u00f3metro cero de agricultores ibicencos y artesan\u00eda 100% local<\/a>. Todos los s\u00e1bados, en el cruce de Forada, este mercado abierto todo el a\u00f1o monta sus puestos desde lasa 10h hasta las 16h en verano, y 14h en invierno. Adem\u00e1s, siempre puedes cruzar la calle y tomarte una ca\u00f1a helada en el bar de ambiente local Can Teixid\u00f3.<\/p>\n<h4><img loading=\"lazy\" decoding=\"async\" class=\"wp-image-5341 aligncenter\" src=\"http:\/\/www.vibrahotels.com\/wp-content\/uploads\/2020\/08\/Mecat-de-Forada.jpg\" alt=\"\" width=\"859\" height=\"644\" srcset=\"https:\/\/www.vibrahotels.com\/blog\/wp-content\/uploads\/2020\/08\/Mecat-de-Forada.jpg 960w, https:\/\/www.vibrahotels.com\/blog\/wp-content\/uploads\/2020\/08\/Mecat-de-Forada-300x225.jpg 300w, https:\/\/www.vibrahotels.com\/blog\/wp-content\/uploads\/2020\/08\/Mecat-de-Forada-768x576.jpg 768w\" sizes=\"auto, (max-width: 859px) 100vw, 859px\" \/><\/h4>\n<h4>Mercadillo de Sant Jordi<\/h4>\n<p>\u00c9ste es el mercadillo de segunda mano m\u00e1s grande Ibiza. Localizado en el hip\u00f3dromo de San Jordi, aqu\u00ed encontraras todo lo que te puedas imaginar: libros, ropa, muebles, antig\u00fcedades&#8230; <a href=\"http:\/\/www.mercadillodesantjordi.com\/es\/index.php\" target=\"_blank\" rel=\"noopener noreferrer\">Un espacio donde encontrar aquello que necesitas a un precio econ\u00f3mico<\/a> haciendo uso del \u2018second hand\u2019. Bajo el lema \u201cCOMPRAR, VENDER, CAMBIAR\u201d, este mercadillo se celebra los s\u00e1bados de todo el a\u00f1o desde las 8h hasta las 15h, \u00a1ni te imaginas la de gente que va!<\/p>\n<p><img loading=\"lazy\" decoding=\"async\" class=\"wp-image-5343 aligncenter\" src=\"http:\/\/www.vibrahotels.com\/wp-content\/uploads\/2020\/08\/foto42.jpg\" alt=\"\" width=\"798\" height=\"532\" srcset=\"https:\/\/www.vibrahotels.com\/blog\/wp-content\/uploads\/2020\/08\/foto42.jpg 900w, https:\/\/www.vibrahotels.com\/blog\/wp-content\/uploads\/2020\/08\/foto42-300x200.jpg 300w, https:\/\/www.vibrahotels.com\/blog\/wp-content\/uploads\/2020\/08\/foto42-768x512.jpg 768w\" sizes=\"auto, (max-width: 798px) 100vw, 798px\" \/><\/p>\n","protected":false},"excerpt":{"rendered":"<p>La mejor manera de empaparse de la cultura local, conocer la artesan\u00eda, descubrir artistas locales y, adem\u00e1s, deambular por coloridos y pintorescos lugares es, sin lugar a duda, visitando los mercados locales. Hoy hacemos un repaso a los mercadillos que&#8230;<\/p>\n","protected":false},"author":1,"featured_media":5345,"comment_status":"open","ping_status":"open","sticky":false,"template":"","format":"standard","meta":{"footnotes":""},"categories":[1297],"tags":[],"class_list":["post-5334","post","type-post","status-publish","format-standard","has-post-thumbnail","hentry","category-travel"],"yoast_head":"<!-- This site is optimized with the Yoast SEO plugin v27.4 - https:\/\/yoast.com\/product\/yoast-seo-wordpress\/ -->\n<title>Mercadillos que no te puedes perder - Islander by Vibra Hotels<\/title>\n<meta name=\"description\" content=\"Hoy hacemos un repaso a los mercadillos que no te puedes perder, los m\u00e1s populares de Ibiza -y abiertos esta temporada tan at\u00edpica 2020.\" \/>\n<meta name=\"robots\" content=\"index, follow, max-snippet:-1, max-image-preview:large, max-video-preview:-1\" \/>\n<link rel=\"canonical\" href=\"https:\/\/www.vibrahotels.com\/blog\/mercadillos-que-no-te-puedes-perder\/\" \/>\n<meta property=\"og:locale\" content=\"es_ES\" \/>\n<meta property=\"og:type\" content=\"article\" \/>\n<meta property=\"og:title\" content=\"Mercadillos que no te puedes perder - Islander by Vibra Hotels\" \/>\n<meta property=\"og:description\" content=\"Hoy hacemos un repaso a los mercadillos que no te puedes perder, los m\u00e1s populares de Ibiza -y abiertos esta temporada tan at\u00edpica 2020.\" \/>\n<meta property=\"og:url\" content=\"https:\/\/www.vibrahotels.com\/blog\/mercadillos-que-no-te-puedes-perder\/\" \/>\n<meta property=\"og:site_name\" content=\"Islander by Vibra Hotels\" \/>\n<meta property=\"article:published_time\" content=\"2020-08-13T14:09:58+00:00\" \/>\n<meta property=\"article:modified_time\" content=\"2022-08-29T10:48:21+00:00\" \/>\n<meta property=\"og:image\" content=\"https:\/\/www.vibrahotels.com\/blog\/wp-content\/uploads\/2020\/08\/Las-Dalias-1.jpg\" \/>\n\t<meta property=\"og:image:width\" content=\"960\" \/>\n\t<meta property=\"og:image:height\" content=\"960\" \/>\n\t<meta property=\"og:image:type\" content=\"image\/jpeg\" \/>\n<meta name=\"author\" content=\"The Ibiza Blog\" \/>\n<meta name=\"twitter:card\" content=\"summary_large_image\" \/>\n<meta name=\"twitter:label1\" content=\"Escrito por\" \/>\n\t<meta name=\"twitter:data1\" content=\"The Ibiza Blog\" \/>\n\t<meta name=\"twitter:label2\" content=\"Tiempo de lectura\" \/>\n\t<meta name=\"twitter:data2\" content=\"4 minutos\" \/>\n<script type=\"application\/ld+json\" class=\"yoast-schema-graph\">{\"@context\":\"https:\\\/\\\/schema.org\",\"@graph\":[{\"@type\":\"Article\",\"@id\":\"https:\\\/\\\/www.vibrahotels.com\\\/blog\\\/mercadillos-que-no-te-puedes-perder\\\/#article\",\"isPartOf\":{\"@id\":\"https:\\\/\\\/www.vibrahotels.com\\\/blog\\\/mercadillos-que-no-te-puedes-perder\\\/\"},\"author\":{\"name\":\"The Ibiza Blog\",\"@id\":\"https:\\\/\\\/www.vibrahotels.com\\\/blog\\\/#\\\/schema\\\/person\\\/ad74f13df6e44e7081ef65424f668972\"},\"headline\":\"Mercadillos que no te puedes perder\",\"datePublished\":\"2020-08-13T14:09:58+00:00\",\"dateModified\":\"2022-08-29T10:48:21+00:00\",\"mainEntityOfPage\":{\"@id\":\"https:\\\/\\\/www.vibrahotels.com\\\/blog\\\/mercadillos-que-no-te-puedes-perder\\\/\"},\"wordCount\":501,\"commentCount\":0,\"image\":{\"@id\":\"https:\\\/\\\/www.vibrahotels.com\\\/blog\\\/mercadillos-que-no-te-puedes-perder\\\/#primaryimage\"},\"thumbnailUrl\":\"https:\\\/\\\/www.vibrahotels.com\\\/blog\\\/wp-content\\\/uploads\\\/2020\\\/08\\\/Las-Dalias-1.jpg\",\"articleSection\":[\"Travel\"],\"inLanguage\":\"es\",\"potentialAction\":[{\"@type\":\"CommentAction\",\"name\":\"Comment\",\"target\":[\"https:\\\/\\\/www.vibrahotels.com\\\/blog\\\/mercadillos-que-no-te-puedes-perder\\\/#respond\"]}]},{\"@type\":\"WebPage\",\"@id\":\"https:\\\/\\\/www.vibrahotels.com\\\/blog\\\/mercadillos-que-no-te-puedes-perder\\\/\",\"url\":\"https:\\\/\\\/www.vibrahotels.com\\\/blog\\\/mercadillos-que-no-te-puedes-perder\\\/\",\"name\":\"Mercadillos que no te puedes perder - Islander by Vibra Hotels\",\"isPartOf\":{\"@id\":\"https:\\\/\\\/www.vibrahotels.com\\\/blog\\\/#website\"},\"primaryImageOfPage\":{\"@id\":\"https:\\\/\\\/www.vibrahotels.com\\\/blog\\\/mercadillos-que-no-te-puedes-perder\\\/#primaryimage\"},\"image\":{\"@id\":\"https:\\\/\\\/www.vibrahotels.com\\\/blog\\\/mercadillos-que-no-te-puedes-perder\\\/#primaryimage\"},\"thumbnailUrl\":\"https:\\\/\\\/www.vibrahotels.com\\\/blog\\\/wp-content\\\/uploads\\\/2020\\\/08\\\/Las-Dalias-1.jpg\",\"datePublished\":\"2020-08-13T14:09:58+00:00\",\"dateModified\":\"2022-08-29T10:48:21+00:00\",\"author\":{\"@id\":\"https:\\\/\\\/www.vibrahotels.com\\\/blog\\\/#\\\/schema\\\/person\\\/ad74f13df6e44e7081ef65424f668972\"},\"description\":\"Hoy hacemos un repaso a los mercadillos que no te puedes perder, los m\u00e1s populares de Ibiza -y abiertos esta temporada tan at\u00edpica 2020.\",\"breadcrumb\":{\"@id\":\"https:\\\/\\\/www.vibrahotels.com\\\/blog\\\/mercadillos-que-no-te-puedes-perder\\\/#breadcrumb\"},\"inLanguage\":\"es\",\"potentialAction\":[{\"@type\":\"ReadAction\",\"target\":[\"https:\\\/\\\/www.vibrahotels.com\\\/blog\\\/mercadillos-que-no-te-puedes-perder\\\/\"]}]},{\"@type\":\"ImageObject\",\"inLanguage\":\"es\",\"@id\":\"https:\\\/\\\/www.vibrahotels.com\\\/blog\\\/mercadillos-que-no-te-puedes-perder\\\/#primaryimage\",\"url\":\"https:\\\/\\\/www.vibrahotels.com\\\/blog\\\/wp-content\\\/uploads\\\/2020\\\/08\\\/Las-Dalias-1.jpg\",\"contentUrl\":\"https:\\\/\\\/www.vibrahotels.com\\\/blog\\\/wp-content\\\/uploads\\\/2020\\\/08\\\/Las-Dalias-1.jpg\",\"width\":960,\"height\":960},{\"@type\":\"BreadcrumbList\",\"@id\":\"https:\\\/\\\/www.vibrahotels.com\\\/blog\\\/mercadillos-que-no-te-puedes-perder\\\/#breadcrumb\",\"itemListElement\":[{\"@type\":\"ListItem\",\"position\":1,\"name\":\"Portada\",\"item\":\"https:\\\/\\\/www.vibrahotels.com\\\/blog\\\/\"},{\"@type\":\"ListItem\",\"position\":2,\"name\":\"Mercadillos que no te puedes perder\"}]},{\"@type\":\"WebSite\",\"@id\":\"https:\\\/\\\/www.vibrahotels.com\\\/blog\\\/#website\",\"url\":\"https:\\\/\\\/www.vibrahotels.com\\\/blog\\\/\",\"name\":\"Islander by Vibra Hotels\",\"description\":\"\",\"potentialAction\":[{\"@type\":\"SearchAction\",\"target\":{\"@type\":\"EntryPoint\",\"urlTemplate\":\"https:\\\/\\\/www.vibrahotels.com\\\/blog\\\/?s={search_term_string}\"},\"query-input\":{\"@type\":\"PropertyValueSpecification\",\"valueRequired\":true,\"valueName\":\"search_term_string\"}}],\"inLanguage\":\"es\"},{\"@type\":\"Person\",\"@id\":\"https:\\\/\\\/www.vibrahotels.com\\\/blog\\\/#\\\/schema\\\/person\\\/ad74f13df6e44e7081ef65424f668972\",\"name\":\"The Ibiza Blog\",\"image\":{\"@type\":\"ImageObject\",\"inLanguage\":\"es\",\"@id\":\"https:\\\/\\\/secure.gravatar.com\\\/avatar\\\/d172713df318fe4ba11547ee4a70ab1eae0206026db57d7a5920186b9f5ee855?s=96&d=mm&r=g\",\"url\":\"https:\\\/\\\/secure.gravatar.com\\\/avatar\\\/d172713df318fe4ba11547ee4a70ab1eae0206026db57d7a5920186b9f5ee855?s=96&d=mm&r=g\",\"contentUrl\":\"https:\\\/\\\/secure.gravatar.com\\\/avatar\\\/d172713df318fe4ba11547ee4a70ab1eae0206026db57d7a5920186b9f5ee855?s=96&d=mm&r=g\",\"caption\":\"The Ibiza Blog\"},\"url\":\"https:\\\/\\\/www.vibrahotels.com\\\/blog\\\/author\\\/the-ibiza-blog\\\/\"}]}<\/script>\n<!-- \/ Yoast SEO plugin. -->","yoast_head_json":{"title":"Mercadillos que no te puedes perder - Islander by Vibra Hotels","description":"Hoy hacemos un repaso a los mercadillos que no te puedes perder, los m\u00e1s populares de Ibiza -y abiertos esta temporada tan at\u00edpica 2020.","robots":{"index":"index","follow":"follow","max-snippet":"max-snippet:-1","max-image-preview":"max-image-preview:large","max-video-preview":"max-video-preview:-1"},"canonical":"https:\/\/www.vibrahotels.com\/blog\/mercadillos-que-no-te-puedes-perder\/","og_locale":"es_ES","og_type":"article","og_title":"Mercadillos que no te puedes perder - Islander by Vibra Hotels","og_description":"Hoy hacemos un repaso a los mercadillos que no te puedes perder, los m\u00e1s populares de Ibiza -y abiertos esta temporada tan at\u00edpica 2020.","og_url":"https:\/\/www.vibrahotels.com\/blog\/mercadillos-que-no-te-puedes-perder\/","og_site_name":"Islander by Vibra Hotels","article_published_time":"2020-08-13T14:09:58+00:00","article_modified_time":"2022-08-29T10:48:21+00:00","og_image":[{"width":960,"height":960,"url":"https:\/\/www.vibrahotels.com\/blog\/wp-content\/uploads\/2020\/08\/Las-Dalias-1.jpg","type":"image\/jpeg"}],"author":"The Ibiza Blog","twitter_card":"summary_large_image","twitter_misc":{"Escrito por":"The Ibiza Blog","Tiempo de lectura":"4 minutos"},"schema":{"@context":"https:\/\/schema.org","@graph":[{"@type":"Article","@id":"https:\/\/www.vibrahotels.com\/blog\/mercadillos-que-no-te-puedes-perder\/#article","isPartOf":{"@id":"https:\/\/www.vibrahotels.com\/blog\/mercadillos-que-no-te-puedes-perder\/"},"author":{"name":"The Ibiza Blog","@id":"https:\/\/www.vibrahotels.com\/blog\/#\/schema\/person\/ad74f13df6e44e7081ef65424f668972"},"headline":"Mercadillos que no te puedes perder","datePublished":"2020-08-13T14:09:58+00:00","dateModified":"2022-08-29T10:48:21+00:00","mainEntityOfPage":{"@id":"https:\/\/www.vibrahotels.com\/blog\/mercadillos-que-no-te-puedes-perder\/"},"wordCount":501,"commentCount":0,"image":{"@id":"https:\/\/www.vibrahotels.com\/blog\/mercadillos-que-no-te-puedes-perder\/#primaryimage"},"thumbnailUrl":"https:\/\/www.vibrahotels.com\/blog\/wp-content\/uploads\/2020\/08\/Las-Dalias-1.jpg","articleSection":["Travel"],"inLanguage":"es","potentialAction":[{"@type":"CommentAction","name":"Comment","target":["https:\/\/www.vibrahotels.com\/blog\/mercadillos-que-no-te-puedes-perder\/#respond"]}]},{"@type":"WebPage","@id":"https:\/\/www.vibrahotels.com\/blog\/mercadillos-que-no-te-puedes-perder\/","url":"https:\/\/www.vibrahotels.com\/blog\/mercadillos-que-no-te-puedes-perder\/","name":"Mercadillos que no te puedes perder - Islander by Vibra Hotels","isPartOf":{"@id":"https:\/\/www.vibrahotels.com\/blog\/#website"},"primaryImageOfPage":{"@id":"https:\/\/www.vibrahotels.com\/blog\/mercadillos-que-no-te-puedes-perder\/#primaryimage"},"image":{"@id":"https:\/\/www.vibrahotels.com\/blog\/mercadillos-que-no-te-puedes-perder\/#primaryimage"},"thumbnailUrl":"https:\/\/www.vibrahotels.com\/blog\/wp-content\/uploads\/2020\/08\/Las-Dalias-1.jpg","datePublished":"2020-08-13T14:09:58+00:00","dateModified":"2022-08-29T10:48:21+00:00","author":{"@id":"https:\/\/www.vibrahotels.com\/blog\/#\/schema\/person\/ad74f13df6e44e7081ef65424f668972"},"description":"Hoy hacemos un repaso a los mercadillos que no te puedes perder, los m\u00e1s populares de Ibiza -y abiertos esta temporada tan at\u00edpica 2020.","breadcrumb":{"@id":"https:\/\/www.vibrahotels.com\/blog\/mercadillos-que-no-te-puedes-perder\/#breadcrumb"},"inLanguage":"es","potentialAction":[{"@type":"ReadAction","target":["https:\/\/www.vibrahotels.com\/blog\/mercadillos-que-no-te-puedes-perder\/"]}]},{"@type":"ImageObject","inLanguage":"es","@id":"https:\/\/www.vibrahotels.com\/blog\/mercadillos-que-no-te-puedes-perder\/#primaryimage","url":"https:\/\/www.vibrahotels.com\/blog\/wp-content\/uploads\/2020\/08\/Las-Dalias-1.jpg","contentUrl":"https:\/\/www.vibrahotels.com\/blog\/wp-content\/uploads\/2020\/08\/Las-Dalias-1.jpg","width":960,"height":960},{"@type":"BreadcrumbList","@id":"https:\/\/www.vibrahotels.com\/blog\/mercadillos-que-no-te-puedes-perder\/#breadcrumb","itemListElement":[{"@type":"ListItem","position":1,"name":"Portada","item":"https:\/\/www.vibrahotels.com\/blog\/"},{"@type":"ListItem","position":2,"name":"Mercadillos que no te puedes perder"}]},{"@type":"WebSite","@id":"https:\/\/www.vibrahotels.com\/blog\/#website","url":"https:\/\/www.vibrahotels.com\/blog\/","name":"Islander by Vibra Hotels","description":"","potentialAction":[{"@type":"SearchAction","target":{"@type":"EntryPoint","urlTemplate":"https:\/\/www.vibrahotels.com\/blog\/?s={search_term_string}"},"query-input":{"@type":"PropertyValueSpecification","valueRequired":true,"valueName":"search_term_string"}}],"inLanguage":"es"},{"@type":"Person","@id":"https:\/\/www.vibrahotels.com\/blog\/#\/schema\/person\/ad74f13df6e44e7081ef65424f668972","name":"The Ibiza Blog","image":{"@type":"ImageObject","inLanguage":"es","@id":"https:\/\/secure.gravatar.com\/avatar\/d172713df318fe4ba11547ee4a70ab1eae0206026db57d7a5920186b9f5ee855?s=96&d=mm&r=g","url":"https:\/\/secure.gravatar.com\/avatar\/d172713df318fe4ba11547ee4a70ab1eae0206026db57d7a5920186b9f5ee855?s=96&d=mm&r=g","contentUrl":"https:\/\/secure.gravatar.com\/avatar\/d172713df318fe4ba11547ee4a70ab1eae0206026db57d7a5920186b9f5ee855?s=96&d=mm&r=g","caption":"The Ibiza Blog"},"url":"https:\/\/www.vibrahotels.com\/blog\/author\/the-ibiza-blog\/"}]}},"_links":{"self":[{"href":"https:\/\/www.vibrahotels.com\/blog\/wp-json\/wp\/v2\/posts\/5334","targetHints":{"allow":["GET"]}}],"collection":[{"href":"https:\/\/www.vibrahotels.com\/blog\/wp-json\/wp\/v2\/posts"}],"about":[{"href":"https:\/\/www.vibrahotels.com\/blog\/wp-json\/wp\/v2\/types\/post"}],"author":[{"embeddable":true,"href":"https:\/\/www.vibrahotels.com\/blog\/wp-json\/wp\/v2\/users\/1"}],"replies":[{"embeddable":true,"href":"https:\/\/www.vibrahotels.com\/blog\/wp-json\/wp\/v2\/comments?post=5334"}],"version-history":[{"count":1,"href":"https:\/\/www.vibrahotels.com\/blog\/wp-json\/wp\/v2\/posts\/5334\/revisions"}],"predecessor-version":[{"id":5921,"href":"https:\/\/www.vibrahotels.com\/blog\/wp-json\/wp\/v2\/posts\/5334\/revisions\/5921"}],"wp:featuredmedia":[{"embeddable":true,"href":"https:\/\/www.vibrahotels.com\/blog\/wp-json\/wp\/v2\/media\/5345"}],"wp:attachment":[{"href":"https:\/\/www.vibrahotels.com\/blog\/wp-json\/wp\/v2\/media?parent=5334"}],"wp:term":[{"taxonomy":"category","embeddable":true,"href":"https:\/\/www.vibrahotels.com\/blog\/wp-json\/wp\/v2\/categories?post=5334"},{"taxonomy":"post_tag","embeddable":true,"href":"https:\/\/www.vibrahotels.com\/blog\/wp-json\/wp\/v2\/tags?post=5334"}],"curies":[{"name":"wp","href":"https:\/\/api.w.org\/{rel}","templated":true}]}}