{"id":5191,"date":"2020-07-21T11:11:47","date_gmt":"2020-07-21T09:11:47","guid":{"rendered":"http:\/\/www.vibrahotels.com\/?p=5191"},"modified":"2022-08-29T12:46:56","modified_gmt":"2022-08-29T10:46:56","slug":"planes-con-mucha-onda-para-este-verano-2020-nuestra-recomendacion","status":"publish","type":"post","link":"https:\/\/www.vibrahotels.com\/blog\/planes-con-mucha-onda-para-este-verano-2020-nuestra-recomendacion\/","title":{"rendered":"Planes con mucha onda para este verano 2020, \u00a1nuestra recomendaci\u00f3n!"},"content":{"rendered":"<p>Ibiza revive su esplendor en cuanto a naturaleza y entorno esta temporada 2020. La isla blanca es un destino que llama a millones de visitantes por sus aguas cristalinas y paradis\u00edacas, su cultura y gastronom\u00eda atrayente y seductora, y, por supuesto, por ser capital de la m\u00fasica mundial. Esta temporada, la cara m\u00e1s clubber de la isla hiberna tras los anuncios de no apertura de los clubs y las limitaciones a las salas de fiesta. Sin embargo, existen muchos planes para este verano 2020 y revivir el esp\u00edritu de la isla m\u00e1s propio de los a\u00f1os 70, sin aglomeraciones, cuidando y disfrutando del entorno y siempre manteniendo ese brillo propio de Ibiza. \u00bfTe recomendamos algunos?<\/p>\n<h4><strong>Las Dalias reabre con fuerza: m\u00fasica, artesan\u00eda y gastronom\u00eda<\/strong><\/h4>\n<p>Todo el mundo conoce el mercadillo de Las Dalias. Ubicado antes de llegar a Sant Carles, es el lugar de la artesan\u00eda y el ambiente hippy por antonomasia. Las Dalias ya ha abierto sus puertas y ofrece planes muy diversos para todo tipo de p\u00fablicos. Es el caso del Mercadillo Hippy, que tiene lugar todos los s\u00e1bados de 10h a 18h, y los populares Night Market, que reinician su actividad este 20 de julio desde las 19h hasta las 00h30. Como programaci\u00f3n musical paralela, Las Dalias abre \u00ab<a href=\"https:\/\/lasdalias.es\/eventos\" target=\"_blank\" rel=\"noopener noreferrer\">Suen\u0303os de Libertad Live Sessions<\/a>\u201d, todos los viernes desde las 20h; y las sesiones de Los Suruba de los domingos desde las 20h, eso s\u00ed, imprescindible reserva. Para estar al tanto de toda la programaci\u00f3n de Las Dalias, te recomendamos que sigas sus <a href=\"https:\/\/www.facebook.com\/lasdaliasibiza\/\" target=\"_blank\" rel=\"noopener noreferrer\">redes sociales<\/a>.<\/p>\n<h4><strong><img loading=\"lazy\" decoding=\"async\" class=\"wp-image-5204 aligncenter\" src=\"http:\/\/www.vibrahotels.com\/wp-content\/uploads\/2020\/07\/Planes-verano-Ibiza-2.jpg\" alt=\"Planes para este verano 2020\" width=\"737\" height=\"491\" srcset=\"https:\/\/www.vibrahotels.com\/blog\/wp-content\/uploads\/2020\/07\/Planes-verano-Ibiza-2.jpg 936w, https:\/\/www.vibrahotels.com\/blog\/wp-content\/uploads\/2020\/07\/Planes-verano-Ibiza-2-300x200.jpg 300w, https:\/\/www.vibrahotels.com\/blog\/wp-content\/uploads\/2020\/07\/Planes-verano-Ibiza-2-768x512.jpg 768w\" sizes=\"auto, (max-width: 737px) 100vw, 737px\" \/><\/strong><\/h4>\n<h4><strong>Para los cin\u00e9filos y amantes de experiencias \u00fanicas, Cinema Paradiso Ibiza is back!<\/strong><\/h4>\n<p>Cinema Paradiso Ibiza es una experiencia m\u00e1s que recomendable para tus vacaciones en Ibiza. Y como la mayor\u00eda de los mortales no podemos acceder a una sesi\u00f3n privada de cine en casa, existe un programa de cine p\u00fablico para quitar el hipo: ubicaciones inmejorables que destacan por su originalidad o localizaciones unidas a la experiencia del septiembre arte con t\u00edtulos tan potentes como A Star is born, Once upon a time in Hollywood, Saturday Night Fever, &#8230;Consulta su calendario <a href=\"https:\/\/www.cinemaparadisoibiza.com\/es\/programa\/\" target=\"_blank\" rel=\"noopener noreferrer\">aqu\u00ed<\/a>. Con un pel\u00edn de suerte, \u00a1coincide con la fecha de tus vacaciones en Ibiza!<\/p>\n<p><strong><img loading=\"lazy\" decoding=\"async\" class=\"wp-image-5200 aligncenter\" src=\"http:\/\/www.vibrahotels.com\/wp-content\/uploads\/2020\/07\/cinema-paradiso_private-cinema_17-1030x687-1.jpg\" alt=\"Planes para este verano 2020\" width=\"704\" height=\"469\" srcset=\"https:\/\/www.vibrahotels.com\/blog\/wp-content\/uploads\/2020\/07\/cinema-paradiso_private-cinema_17-1030x687-1.jpg 1030w, https:\/\/www.vibrahotels.com\/blog\/wp-content\/uploads\/2020\/07\/cinema-paradiso_private-cinema_17-1030x687-1-300x200.jpg 300w, https:\/\/www.vibrahotels.com\/blog\/wp-content\/uploads\/2020\/07\/cinema-paradiso_private-cinema_17-1030x687-1-1024x683.jpg 1024w, https:\/\/www.vibrahotels.com\/blog\/wp-content\/uploads\/2020\/07\/cinema-paradiso_private-cinema_17-1030x687-1-768x512.jpg 768w\" sizes=\"auto, (max-width: 704px) 100vw, 704px\" \/><\/strong><\/p>\n<h4><strong>\u00a1Los atardeceres con m\u00e1s onda est\u00e1n de regreso!<\/strong><\/h4>\n<p>Entre los planes que se mantienen, refuerzan y perpet\u00faan son los mejores atardeceres con las m\u00edticas sesiones desde <a href=\"https:\/\/www.facebook.com\/mamboibiza\/\" target=\"_blank\" rel=\"noopener noreferrer\">Caf\u00e9 Mambo<\/a>. El ic\u00f3nico lugar abri\u00f3 sus puertas este 17 de julio para el placer de visitantes y residentes con las mejores notas musicales y bajo la seductora luz del atardecer. Eso s\u00ed, te recomiendan reservar mesa ya que esta temporada se aplican las nuevas medidas de seguridad como distancia social garantizada. La programaci\u00f3n se ir\u00e1 detallando en sus perfiles sociales, \u00a1as\u00ed que no les pierdas vista!<\/p>\n<h4><strong><img loading=\"lazy\" decoding=\"async\" class=\"wp-image-5225 aligncenter\" src=\"http:\/\/www.vibrahotels.com\/wp-content\/uploads\/2020\/07\/Caf\u00e9-Mambo.jpg\" alt=\"Planes para este verano 2020\" width=\"707\" height=\"471\" srcset=\"https:\/\/www.vibrahotels.com\/blog\/wp-content\/uploads\/2020\/07\/Caf\u00e9-Mambo.jpg 960w, https:\/\/www.vibrahotels.com\/blog\/wp-content\/uploads\/2020\/07\/Caf\u00e9-Mambo-300x200.jpg 300w, https:\/\/www.vibrahotels.com\/blog\/wp-content\/uploads\/2020\/07\/Caf\u00e9-Mambo-768x512.jpg 768w\" sizes=\"auto, (max-width: 707px) 100vw, 707px\" \/><\/strong><\/h4>\n<h4><strong>En el mar, sabe siempre mucho mejor<\/strong><\/h4>\n<p>Una de las opciones indispensables es el practicar deportes acu\u00e1ticos en aguas ibicencas. Desde sesiones de Paddel Surf, excursiones en Kayak, pero tambi\u00e9n los deportes m\u00e1s atrevidos y exc\u00e9ntricos como lo son la velocidad de la moto acu\u00e1tica, el Flyboard, el Seabob o el tradicional snorkel. Te recomendamos algunos sitios a los que puedes acudir para reservar tu experiencia e ir sobre seguro como lo es <a href=\"https:\/\/www.supibiza.net\/\" target=\"_blank\" rel=\"noopener noreferrer\">SUP Ibiza<\/a>, un equipo que organiza excursiones de Paddel Surf expertos en descubrirte los mejores rincones de la isla; y <a href=\"https:\/\/yachtwatersports.com\/es\/\" target=\"_blank\" rel=\"noopener noreferrer\">Yacht Water Sports<\/a>, el rey de los deportes acu\u00e1ticos extremos que tiene todo tipo de &#8216;bichos&#8217; para los m\u00e1s atrevidos. Opciones hay muchas y, con certeza, este a\u00f1o adorar\u00e1s a\u00fan m\u00e1s nuestras aguas cristalinas.<\/p>\n<p><img loading=\"lazy\" decoding=\"async\" class=\" wp-image-5210 aligncenter\" src=\"http:\/\/www.vibrahotels.com\/wp-content\/uploads\/2020\/07\/paddle2_compressed-1.jpg\" alt=\"Planes para este verano 2020\" width=\"670\" height=\"376\" srcset=\"https:\/\/www.vibrahotels.com\/blog\/wp-content\/uploads\/2020\/07\/paddle2_compressed-1.jpg 700w, https:\/\/www.vibrahotels.com\/blog\/wp-content\/uploads\/2020\/07\/paddle2_compressed-1-300x168.jpg 300w\" sizes=\"auto, (max-width: 670px) 100vw, 670px\" \/><\/p>\n","protected":false},"excerpt":{"rendered":"<p>Ibiza revive su esplendor en cuanto a naturaleza y entorno esta temporada 2020. La isla blanca es un destino que llama a millones de visitantes por sus aguas cristalinas y paradis\u00edacas, su cultura y gastronom\u00eda atrayente y seductora, y, por&#8230;<\/p>\n","protected":false},"author":1,"featured_media":5206,"comment_status":"open","ping_status":"open","sticky":false,"template":"","format":"standard","meta":{"footnotes":""},"categories":[8],"tags":[343,1460,164],"class_list":["post-5191","post","type-post","status-publish","format-standard","has-post-thumbnail","hentry","category-gastro","tag-summer","tag-sup","tag-verano"],"yoast_head":"<!-- This site is optimized with the Yoast SEO plugin v27.4 - https:\/\/yoast.com\/product\/yoast-seo-wordpress\/ -->\n<title>Planes para este verano 2020 - Ibiza Blog by Playasol<\/title>\n<meta name=\"description\" content=\"Planes para este verano 2020 y revivir el esp\u00edritu de la isla, sin aglomeraciones, cuidando y disfrutando del entorno, \u00bfTe recomendamos algunos?\" \/>\n<meta name=\"robots\" content=\"index, follow, max-snippet:-1, max-image-preview:large, max-video-preview:-1\" \/>\n<link rel=\"canonical\" href=\"https:\/\/www.vibrahotels.com\/blog\/planes-con-mucha-onda-para-este-verano-2020-nuestra-recomendacion\/\" \/>\n<meta property=\"og:locale\" content=\"es_ES\" \/>\n<meta property=\"og:type\" content=\"article\" \/>\n<meta property=\"og:title\" content=\"Planes para este verano 2020 - Ibiza Blog by Playasol\" \/>\n<meta property=\"og:description\" content=\"Planes para este verano 2020 y revivir el esp\u00edritu de la isla, sin aglomeraciones, cuidando y disfrutando del entorno, \u00bfTe recomendamos algunos?\" \/>\n<meta property=\"og:url\" content=\"https:\/\/www.vibrahotels.com\/blog\/planes-con-mucha-onda-para-este-verano-2020-nuestra-recomendacion\/\" \/>\n<meta property=\"og:site_name\" content=\"Islander by Vibra Hotels\" \/>\n<meta property=\"article:published_time\" content=\"2020-07-21T09:11:47+00:00\" \/>\n<meta property=\"article:modified_time\" content=\"2022-08-29T10:46:56+00:00\" \/>\n<meta property=\"og:image\" content=\"https:\/\/www.vibrahotels.com\/blog\/wp-content\/uploads\/2020\/07\/Planes-verano-Ibiza.jpg\" \/>\n\t<meta property=\"og:image:width\" content=\"922\" \/>\n\t<meta property=\"og:image:height\" content=\"614\" \/>\n\t<meta property=\"og:image:type\" content=\"image\/jpeg\" \/>\n<meta name=\"author\" content=\"The Ibiza Blog\" \/>\n<meta name=\"twitter:card\" content=\"summary_large_image\" \/>\n<meta name=\"twitter:label1\" content=\"Escrito por\" \/>\n\t<meta name=\"twitter:data1\" content=\"The Ibiza Blog\" \/>\n\t<meta name=\"twitter:label2\" content=\"Tiempo de lectura\" \/>\n\t<meta name=\"twitter:data2\" content=\"4 minutos\" \/>\n<script type=\"application\/ld+json\" class=\"yoast-schema-graph\">{\"@context\":\"https:\\\/\\\/schema.org\",\"@graph\":[{\"@type\":\"Article\",\"@id\":\"https:\\\/\\\/www.vibrahotels.com\\\/blog\\\/planes-con-mucha-onda-para-este-verano-2020-nuestra-recomendacion\\\/#article\",\"isPartOf\":{\"@id\":\"https:\\\/\\\/www.vibrahotels.com\\\/blog\\\/planes-con-mucha-onda-para-este-verano-2020-nuestra-recomendacion\\\/\"},\"author\":{\"name\":\"The Ibiza Blog\",\"@id\":\"https:\\\/\\\/www.vibrahotels.com\\\/blog\\\/#\\\/schema\\\/person\\\/ad74f13df6e44e7081ef65424f668972\"},\"headline\":\"Planes con mucha onda para este verano 2020, \u00a1nuestra recomendaci\u00f3n!\",\"datePublished\":\"2020-07-21T09:11:47+00:00\",\"dateModified\":\"2022-08-29T10:46:56+00:00\",\"mainEntityOfPage\":{\"@id\":\"https:\\\/\\\/www.vibrahotels.com\\\/blog\\\/planes-con-mucha-onda-para-este-verano-2020-nuestra-recomendacion\\\/\"},\"wordCount\":628,\"commentCount\":0,\"image\":{\"@id\":\"https:\\\/\\\/www.vibrahotels.com\\\/blog\\\/planes-con-mucha-onda-para-este-verano-2020-nuestra-recomendacion\\\/#primaryimage\"},\"thumbnailUrl\":\"https:\\\/\\\/www.vibrahotels.com\\\/blog\\\/wp-content\\\/uploads\\\/2020\\\/07\\\/Planes-verano-Ibiza.jpg\",\"keywords\":[\"Summer\",\"sup\",\"verano\"],\"articleSection\":[\"Gastro\"],\"inLanguage\":\"es\",\"potentialAction\":[{\"@type\":\"CommentAction\",\"name\":\"Comment\",\"target\":[\"https:\\\/\\\/www.vibrahotels.com\\\/blog\\\/planes-con-mucha-onda-para-este-verano-2020-nuestra-recomendacion\\\/#respond\"]}]},{\"@type\":\"WebPage\",\"@id\":\"https:\\\/\\\/www.vibrahotels.com\\\/blog\\\/planes-con-mucha-onda-para-este-verano-2020-nuestra-recomendacion\\\/\",\"url\":\"https:\\\/\\\/www.vibrahotels.com\\\/blog\\\/planes-con-mucha-onda-para-este-verano-2020-nuestra-recomendacion\\\/\",\"name\":\"Planes para este verano 2020 - Ibiza Blog by Playasol\",\"isPartOf\":{\"@id\":\"https:\\\/\\\/www.vibrahotels.com\\\/blog\\\/#website\"},\"primaryImageOfPage\":{\"@id\":\"https:\\\/\\\/www.vibrahotels.com\\\/blog\\\/planes-con-mucha-onda-para-este-verano-2020-nuestra-recomendacion\\\/#primaryimage\"},\"image\":{\"@id\":\"https:\\\/\\\/www.vibrahotels.com\\\/blog\\\/planes-con-mucha-onda-para-este-verano-2020-nuestra-recomendacion\\\/#primaryimage\"},\"thumbnailUrl\":\"https:\\\/\\\/www.vibrahotels.com\\\/blog\\\/wp-content\\\/uploads\\\/2020\\\/07\\\/Planes-verano-Ibiza.jpg\",\"datePublished\":\"2020-07-21T09:11:47+00:00\",\"dateModified\":\"2022-08-29T10:46:56+00:00\",\"author\":{\"@id\":\"https:\\\/\\\/www.vibrahotels.com\\\/blog\\\/#\\\/schema\\\/person\\\/ad74f13df6e44e7081ef65424f668972\"},\"description\":\"Planes para este verano 2020 y revivir el esp\u00edritu de la isla, sin aglomeraciones, cuidando y disfrutando del entorno, \u00bfTe recomendamos algunos?\",\"breadcrumb\":{\"@id\":\"https:\\\/\\\/www.vibrahotels.com\\\/blog\\\/planes-con-mucha-onda-para-este-verano-2020-nuestra-recomendacion\\\/#breadcrumb\"},\"inLanguage\":\"es\",\"potentialAction\":[{\"@type\":\"ReadAction\",\"target\":[\"https:\\\/\\\/www.vibrahotels.com\\\/blog\\\/planes-con-mucha-onda-para-este-verano-2020-nuestra-recomendacion\\\/\"]}]},{\"@type\":\"ImageObject\",\"inLanguage\":\"es\",\"@id\":\"https:\\\/\\\/www.vibrahotels.com\\\/blog\\\/planes-con-mucha-onda-para-este-verano-2020-nuestra-recomendacion\\\/#primaryimage\",\"url\":\"https:\\\/\\\/www.vibrahotels.com\\\/blog\\\/wp-content\\\/uploads\\\/2020\\\/07\\\/Planes-verano-Ibiza.jpg\",\"contentUrl\":\"https:\\\/\\\/www.vibrahotels.com\\\/blog\\\/wp-content\\\/uploads\\\/2020\\\/07\\\/Planes-verano-Ibiza.jpg\",\"width\":922,\"height\":614},{\"@type\":\"BreadcrumbList\",\"@id\":\"https:\\\/\\\/www.vibrahotels.com\\\/blog\\\/planes-con-mucha-onda-para-este-verano-2020-nuestra-recomendacion\\\/#breadcrumb\",\"itemListElement\":[{\"@type\":\"ListItem\",\"position\":1,\"name\":\"Portada\",\"item\":\"https:\\\/\\\/www.vibrahotels.com\\\/blog\\\/\"},{\"@type\":\"ListItem\",\"position\":2,\"name\":\"Planes con mucha onda para este verano 2020, \u00a1nuestra recomendaci\u00f3n!\"}]},{\"@type\":\"WebSite\",\"@id\":\"https:\\\/\\\/www.vibrahotels.com\\\/blog\\\/#website\",\"url\":\"https:\\\/\\\/www.vibrahotels.com\\\/blog\\\/\",\"name\":\"Islander by Vibra Hotels\",\"description\":\"\",\"potentialAction\":[{\"@type\":\"SearchAction\",\"target\":{\"@type\":\"EntryPoint\",\"urlTemplate\":\"https:\\\/\\\/www.vibrahotels.com\\\/blog\\\/?s={search_term_string}\"},\"query-input\":{\"@type\":\"PropertyValueSpecification\",\"valueRequired\":true,\"valueName\":\"search_term_string\"}}],\"inLanguage\":\"es\"},{\"@type\":\"Person\",\"@id\":\"https:\\\/\\\/www.vibrahotels.com\\\/blog\\\/#\\\/schema\\\/person\\\/ad74f13df6e44e7081ef65424f668972\",\"name\":\"The Ibiza Blog\",\"image\":{\"@type\":\"ImageObject\",\"inLanguage\":\"es\",\"@id\":\"https:\\\/\\\/secure.gravatar.com\\\/avatar\\\/d172713df318fe4ba11547ee4a70ab1eae0206026db57d7a5920186b9f5ee855?s=96&d=mm&r=g\",\"url\":\"https:\\\/\\\/secure.gravatar.com\\\/avatar\\\/d172713df318fe4ba11547ee4a70ab1eae0206026db57d7a5920186b9f5ee855?s=96&d=mm&r=g\",\"contentUrl\":\"https:\\\/\\\/secure.gravatar.com\\\/avatar\\\/d172713df318fe4ba11547ee4a70ab1eae0206026db57d7a5920186b9f5ee855?s=96&d=mm&r=g\",\"caption\":\"The Ibiza Blog\"},\"url\":\"https:\\\/\\\/www.vibrahotels.com\\\/blog\\\/author\\\/the-ibiza-blog\\\/\"}]}<\/script>\n<!-- \/ Yoast SEO plugin. -->","yoast_head_json":{"title":"Planes para este verano 2020 - Ibiza Blog by Playasol","description":"Planes para este verano 2020 y revivir el esp\u00edritu de la isla, sin aglomeraciones, cuidando y disfrutando del entorno, \u00bfTe recomendamos algunos?","robots":{"index":"index","follow":"follow","max-snippet":"max-snippet:-1","max-image-preview":"max-image-preview:large","max-video-preview":"max-video-preview:-1"},"canonical":"https:\/\/www.vibrahotels.com\/blog\/planes-con-mucha-onda-para-este-verano-2020-nuestra-recomendacion\/","og_locale":"es_ES","og_type":"article","og_title":"Planes para este verano 2020 - Ibiza Blog by Playasol","og_description":"Planes para este verano 2020 y revivir el esp\u00edritu de la isla, sin aglomeraciones, cuidando y disfrutando del entorno, \u00bfTe recomendamos algunos?","og_url":"https:\/\/www.vibrahotels.com\/blog\/planes-con-mucha-onda-para-este-verano-2020-nuestra-recomendacion\/","og_site_name":"Islander by Vibra Hotels","article_published_time":"2020-07-21T09:11:47+00:00","article_modified_time":"2022-08-29T10:46:56+00:00","og_image":[{"width":922,"height":614,"url":"https:\/\/www.vibrahotels.com\/blog\/wp-content\/uploads\/2020\/07\/Planes-verano-Ibiza.jpg","type":"image\/jpeg"}],"author":"The Ibiza Blog","twitter_card":"summary_large_image","twitter_misc":{"Escrito por":"The Ibiza Blog","Tiempo de lectura":"4 minutos"},"schema":{"@context":"https:\/\/schema.org","@graph":[{"@type":"Article","@id":"https:\/\/www.vibrahotels.com\/blog\/planes-con-mucha-onda-para-este-verano-2020-nuestra-recomendacion\/#article","isPartOf":{"@id":"https:\/\/www.vibrahotels.com\/blog\/planes-con-mucha-onda-para-este-verano-2020-nuestra-recomendacion\/"},"author":{"name":"The Ibiza Blog","@id":"https:\/\/www.vibrahotels.com\/blog\/#\/schema\/person\/ad74f13df6e44e7081ef65424f668972"},"headline":"Planes con mucha onda para este verano 2020, \u00a1nuestra recomendaci\u00f3n!","datePublished":"2020-07-21T09:11:47+00:00","dateModified":"2022-08-29T10:46:56+00:00","mainEntityOfPage":{"@id":"https:\/\/www.vibrahotels.com\/blog\/planes-con-mucha-onda-para-este-verano-2020-nuestra-recomendacion\/"},"wordCount":628,"commentCount":0,"image":{"@id":"https:\/\/www.vibrahotels.com\/blog\/planes-con-mucha-onda-para-este-verano-2020-nuestra-recomendacion\/#primaryimage"},"thumbnailUrl":"https:\/\/www.vibrahotels.com\/blog\/wp-content\/uploads\/2020\/07\/Planes-verano-Ibiza.jpg","keywords":["Summer","sup","verano"],"articleSection":["Gastro"],"inLanguage":"es","potentialAction":[{"@type":"CommentAction","name":"Comment","target":["https:\/\/www.vibrahotels.com\/blog\/planes-con-mucha-onda-para-este-verano-2020-nuestra-recomendacion\/#respond"]}]},{"@type":"WebPage","@id":"https:\/\/www.vibrahotels.com\/blog\/planes-con-mucha-onda-para-este-verano-2020-nuestra-recomendacion\/","url":"https:\/\/www.vibrahotels.com\/blog\/planes-con-mucha-onda-para-este-verano-2020-nuestra-recomendacion\/","name":"Planes para este verano 2020 - Ibiza Blog by Playasol","isPartOf":{"@id":"https:\/\/www.vibrahotels.com\/blog\/#website"},"primaryImageOfPage":{"@id":"https:\/\/www.vibrahotels.com\/blog\/planes-con-mucha-onda-para-este-verano-2020-nuestra-recomendacion\/#primaryimage"},"image":{"@id":"https:\/\/www.vibrahotels.com\/blog\/planes-con-mucha-onda-para-este-verano-2020-nuestra-recomendacion\/#primaryimage"},"thumbnailUrl":"https:\/\/www.vibrahotels.com\/blog\/wp-content\/uploads\/2020\/07\/Planes-verano-Ibiza.jpg","datePublished":"2020-07-21T09:11:47+00:00","dateModified":"2022-08-29T10:46:56+00:00","author":{"@id":"https:\/\/www.vibrahotels.com\/blog\/#\/schema\/person\/ad74f13df6e44e7081ef65424f668972"},"description":"Planes para este verano 2020 y revivir el esp\u00edritu de la isla, sin aglomeraciones, cuidando y disfrutando del entorno, \u00bfTe recomendamos algunos?","breadcrumb":{"@id":"https:\/\/www.vibrahotels.com\/blog\/planes-con-mucha-onda-para-este-verano-2020-nuestra-recomendacion\/#breadcrumb"},"inLanguage":"es","potentialAction":[{"@type":"ReadAction","target":["https:\/\/www.vibrahotels.com\/blog\/planes-con-mucha-onda-para-este-verano-2020-nuestra-recomendacion\/"]}]},{"@type":"ImageObject","inLanguage":"es","@id":"https:\/\/www.vibrahotels.com\/blog\/planes-con-mucha-onda-para-este-verano-2020-nuestra-recomendacion\/#primaryimage","url":"https:\/\/www.vibrahotels.com\/blog\/wp-content\/uploads\/2020\/07\/Planes-verano-Ibiza.jpg","contentUrl":"https:\/\/www.vibrahotels.com\/blog\/wp-content\/uploads\/2020\/07\/Planes-verano-Ibiza.jpg","width":922,"height":614},{"@type":"BreadcrumbList","@id":"https:\/\/www.vibrahotels.com\/blog\/planes-con-mucha-onda-para-este-verano-2020-nuestra-recomendacion\/#breadcrumb","itemListElement":[{"@type":"ListItem","position":1,"name":"Portada","item":"https:\/\/www.vibrahotels.com\/blog\/"},{"@type":"ListItem","position":2,"name":"Planes con mucha onda para este verano 2020, \u00a1nuestra recomendaci\u00f3n!"}]},{"@type":"WebSite","@id":"https:\/\/www.vibrahotels.com\/blog\/#website","url":"https:\/\/www.vibrahotels.com\/blog\/","name":"Islander by Vibra Hotels","description":"","potentialAction":[{"@type":"SearchAction","target":{"@type":"EntryPoint","urlTemplate":"https:\/\/www.vibrahotels.com\/blog\/?s={search_term_string}"},"query-input":{"@type":"PropertyValueSpecification","valueRequired":true,"valueName":"search_term_string"}}],"inLanguage":"es"},{"@type":"Person","@id":"https:\/\/www.vibrahotels.com\/blog\/#\/schema\/person\/ad74f13df6e44e7081ef65424f668972","name":"The Ibiza Blog","image":{"@type":"ImageObject","inLanguage":"es","@id":"https:\/\/secure.gravatar.com\/avatar\/d172713df318fe4ba11547ee4a70ab1eae0206026db57d7a5920186b9f5ee855?s=96&d=mm&r=g","url":"https:\/\/secure.gravatar.com\/avatar\/d172713df318fe4ba11547ee4a70ab1eae0206026db57d7a5920186b9f5ee855?s=96&d=mm&r=g","contentUrl":"https:\/\/secure.gravatar.com\/avatar\/d172713df318fe4ba11547ee4a70ab1eae0206026db57d7a5920186b9f5ee855?s=96&d=mm&r=g","caption":"The Ibiza Blog"},"url":"https:\/\/www.vibrahotels.com\/blog\/author\/the-ibiza-blog\/"}]}},"_links":{"self":[{"href":"https:\/\/www.vibrahotels.com\/blog\/wp-json\/wp\/v2\/posts\/5191","targetHints":{"allow":["GET"]}}],"collection":[{"href":"https:\/\/www.vibrahotels.com\/blog\/wp-json\/wp\/v2\/posts"}],"about":[{"href":"https:\/\/www.vibrahotels.com\/blog\/wp-json\/wp\/v2\/types\/post"}],"author":[{"embeddable":true,"href":"https:\/\/www.vibrahotels.com\/blog\/wp-json\/wp\/v2\/users\/1"}],"replies":[{"embeddable":true,"href":"https:\/\/www.vibrahotels.com\/blog\/wp-json\/wp\/v2\/comments?post=5191"}],"version-history":[{"count":1,"href":"https:\/\/www.vibrahotels.com\/blog\/wp-json\/wp\/v2\/posts\/5191\/revisions"}],"predecessor-version":[{"id":5918,"href":"https:\/\/www.vibrahotels.com\/blog\/wp-json\/wp\/v2\/posts\/5191\/revisions\/5918"}],"wp:featuredmedia":[{"embeddable":true,"href":"https:\/\/www.vibrahotels.com\/blog\/wp-json\/wp\/v2\/media\/5206"}],"wp:attachment":[{"href":"https:\/\/www.vibrahotels.com\/blog\/wp-json\/wp\/v2\/media?parent=5191"}],"wp:term":[{"taxonomy":"category","embeddable":true,"href":"https:\/\/www.vibrahotels.com\/blog\/wp-json\/wp\/v2\/categories?post=5191"},{"taxonomy":"post_tag","embeddable":true,"href":"https:\/\/www.vibrahotels.com\/blog\/wp-json\/wp\/v2\/tags?post=5191"}],"curies":[{"name":"wp","href":"https:\/\/api.w.org\/{rel}","templated":true}]}}