{"id":474,"date":"2016-04-08T09:53:11","date_gmt":"2016-04-08T07:53:11","guid":{"rendered":"http:\/\/www.vibrahotels.com\/?p=474"},"modified":"2020-03-11T12:20:35","modified_gmt":"2020-03-11T11:20:35","slug":"semana-santa-diferente-ibiza","status":"publish","type":"post","link":"https:\/\/www.vibrahotels.com\/blog\/semana-santa-diferente-ibiza\/","title":{"rendered":"Un Semana Santa diferente en Ibiza"},"content":{"rendered":"<p style=\"text-align: justify;\">Afortunados los que visitan Ibiza en Semana Santa porque ellos ser\u00e1n los elegidos para ver c\u00f3mo florece una isla que ha permanecido semidormida durante el invierno. Bromas aparte el comienzo de la temporada en la isla es el mejor momento para descubrir sus rincones especiales, ir de compras, abrir sus restaurantes con la atenci\u00f3n llena de ilusi\u00f3n de sus propietarios y vivir unas procesiones y tradiciones diferentes a las del resto del pa\u00eds en las que, junto al recogimiento t\u00edpico de estos d\u00edas, se mezclan curiosas costumbres dignas de ser conocidas.<\/p>\n<p style=\"text-align: justify;\">Es ahora cuando es posible contemplar un atardecer en silencio, sentir el placer de degustar un caf\u00e9 caleta para templar el cuerpo ante la brisa del mar sin ruido ni m\u00fasica de fondo, o conducir solitariamente por sus costas. Los sabios que escogen Semana Santa para vivir las islas son conscientes de que el verdadero privilegio no es estar cuando todos lo hacen, sino cuando el tesoro es solo suyo.<\/p>\n<p style=\"text-align: justify;\">Por eso, para aquellos que deciden disfrutar de sus vacaciones en estas fechas en las Pitiusas, hemos querido preparar un art\u00edculo con los rincones que no deben perderse para vivir una experiencia enriquecedora y plena.<\/p>\n<p style=\"text-align: justify;\">Para empezar v\u00edstase de <strong>Adlib<\/strong>. La mayor\u00eda de los talleres y de las tiendas de los principales dise\u00f1adores de la Pasarela m\u00e1s reconocida de nuestras islas, abren sus puertas a los visitantes y los atienden personalmente. El privilegio de que sus creadores nos customicen un vestido, una joya o un bolso es digno de menci\u00f3n y nos permitir\u00e1 integrarnos con la isla en toda su esencia. Pi\u00e9rdase por las calles de la Marina y visite y conozca a <strong><a href=\"http:\/\/www.elisapomar.es\" target=\"_blank\" rel=\"noopener noreferrer\">Elisa Pomar<\/a><\/strong>. Recorra los lugares en los que las mentes de <strong><a href=\"http:\/\/www.tonybonet.com\/index.php\/component\/users\/?view=login\" target=\"_blank\" rel=\"noopener noreferrer\">Tony Bonet<\/a><\/strong>, <strong>Piluca Bayarri<\/strong>, <strong>Luis Ferrer<\/strong>, <strong>Dira Moda<\/strong> o <strong><a href=\"http:\/\/www.charoruiz.com\" target=\"_blank\" rel=\"noopener noreferrer\">Charo Ruiz<\/a><\/strong> dan vida a sus patrones y conf\u00ede en piezas \u00fanicas para toda la vida y con estilo.<\/p>\n<p style=\"text-align: justify;\">Si quieren recuperar fuerzas nuestro restaurante preferido, <strong><a href=\"http:\/\/sabrisagastrobar.com\" target=\"_blank\" rel=\"noopener noreferrer\">Sa Brisa Gastro Bar &amp; Catering<\/a><\/strong>, les espera en Vara de Rey tanto a mediod\u00eda, como por la tarde con su \u201cluncher\u201d, o por la noche. Las procesiones de Ibiza son curiosas y nos muestras tallas diferentes a las de otros enclaves, por lo que les recomendamos no perd\u00e9rselas en estos d\u00edas festivos y, eso s\u00ed, usar este restaurante de autor como lugar de operaciones para alimentar el cuerpo y el esp\u00edritu. <strong>El Club N\u00e1utico de Ibiza<\/strong>\u00a0es otro de esos lugares en los que merece la pena perderse. Desayunar en su terraza disfrutando del trajinar de los marineros en sus embarcaciones, degustar sus arroces a mediod\u00eda o tomar una copa por la tarde tiene cabida en este club abierto al p\u00fablico con precios muy adecuados. Los viernes su cous-cous es digno de menci\u00f3n.<\/p>\n<p style=\"text-align: justify;\"><strong>Sa Calma<\/strong> y <strong>La Trator\u00eda del Mar<\/strong> son otros de los restaurantes con vistas al mar del Paseo Mar\u00edtimo de Ibiza, mientras que si quieren disfrutar de buenos platos y seguir la fiesta por la noche pueden hacerlo en <strong>La Cava<\/strong>, <strong>Mar a Vila<\/strong> o <strong>Can Terra<\/strong>, aciertos seguros para tapear antes de tomar unas copas.<\/p>\n<p style=\"text-align: justify;\"><strong>La Mediterr\u00e1nea<\/strong> es otro de esos lugares en los que merece la pena desayunar estos d\u00edas festivos donde podr\u00e1n adem\u00e1s comprar las \u00fanicas monas de Pascua elaboradas de forma totalmente artesanal en la isla. Despertarse tarde y degustar en sus establecimientos de Jes\u00fas e Ibiza la mejor pasteler\u00eda francesa de la isla, nos permitir\u00e1 enfrentarnos a la carretera para recorrer ahora las playas m\u00e1s concurridas durante la temporada y que estos d\u00edas son solo nuestras. Pi\u00e9rdanse en Las Salinas, desiertas y sorprendentes,\u00a0 d\u00e9jense llevar hasta Cala Comte, Cala Tarida, Benirr\u00e1s o el Puerto de Sant Miquel donde muchos restaurantes contin\u00faan abiertos durante el invierno y nos muestran su cara m\u00e1s sonriente e \u00edntima en estas fechas. Nuestras recomendaciones son Can Thotom, en Sant Miquel, cuyo pulpo a la brasa es de los mejores que hemos probado, o <strong><a href=\"http:\/\/cottonbeachclub.com\" target=\"_blank\" rel=\"noopener noreferrer\">Cotton Beach Club<\/a><\/strong> en Cala Tarida cuyo \u201cbrunch\u201d de los domingos conjuga buenos platos, atenci\u00f3n, vistas y m\u00fasica.<\/p>\n<p style=\"text-align: justify;\">Las visitas tradicionales a <strong><a href=\"http:\/\/www.lasdalias.es\/#home\" target=\"_blank\" rel=\"noopener noreferrer\">Las Dalias<\/a><\/strong>, disfrutando de su restaurante con comida sana y ecol\u00f3gica, Can Aneta, para vivir su experiencia fla\u00f3 y caf\u00e9 caleta caseros o Santa Agn\u00e8s, para conocer las chuletillas de las aut\u00e9nticas puertas del cielo, son los planes que todos deber\u00edamos repetir en estas fechas vivamos o no en la isla.<\/p>\n<p style=\"text-align: justify;\">Tras contarles estos secretos a voces, solamente les pedimos una cosa a cambio: no dejen de sonre\u00edr y vivan con plenitud la experiencia m\u00e1s aut\u00e9ntica de sus vidas.<\/p>\n","protected":false},"excerpt":{"rendered":"<p>Afortunados los que visitan Ibiza en Semana Santa porque ellos ser\u00e1n los elegidos para ver c\u00f3mo florece una isla que ha permanecido semidormida durante el invierno. Bromas aparte el comienzo de la temporada en la isla es el mejor momento&#8230;<\/p>\n","protected":false},"author":1,"featured_media":475,"comment_status":"open","ping_status":"open","sticky":false,"template":"","format":"standard","meta":{"footnotes":""},"categories":[1297],"tags":[],"class_list":["post-474","post","type-post","status-publish","format-standard","has-post-thumbnail","hentry","category-travel"],"yoast_head":"<!-- This site is optimized with the Yoast SEO plugin v27.4 - https:\/\/yoast.com\/product\/yoast-seo-wordpress\/ -->\n<title>Un Semana Santa diferente en Ibiza - Islander by Vibra Hotels<\/title>\n<meta name=\"robots\" content=\"index, follow, max-snippet:-1, max-image-preview:large, max-video-preview:-1\" \/>\n<link rel=\"canonical\" href=\"https:\/\/www.vibrahotels.com\/blog\/semana-santa-diferente-ibiza\/\" \/>\n<meta property=\"og:locale\" content=\"es_ES\" \/>\n<meta property=\"og:type\" content=\"article\" \/>\n<meta property=\"og:title\" content=\"Un Semana Santa diferente en Ibiza - Islander by Vibra Hotels\" \/>\n<meta property=\"og:description\" content=\"Afortunados los que visitan Ibiza en Semana Santa porque ellos ser\u00e1n los elegidos para ver c\u00f3mo florece una isla que ha permanecido semidormida durante el invierno. Bromas aparte el comienzo de la temporada en la isla es el mejor momento...\" \/>\n<meta property=\"og:url\" content=\"https:\/\/www.vibrahotels.com\/blog\/semana-santa-diferente-ibiza\/\" \/>\n<meta property=\"og:site_name\" content=\"Islander by Vibra Hotels\" \/>\n<meta property=\"article:published_time\" content=\"2016-04-08T07:53:11+00:00\" \/>\n<meta property=\"article:modified_time\" content=\"2020-03-11T11:20:35+00:00\" \/>\n<meta property=\"og:image\" content=\"https:\/\/www.vibrahotels.com\/blog\/wp-content\/uploads\/2016\/04\/03-ibiza-nocturno.jpg\" \/>\n\t<meta property=\"og:image:width\" content=\"890\" \/>\n\t<meta property=\"og:image:height\" content=\"395\" \/>\n\t<meta property=\"og:image:type\" content=\"image\/jpeg\" \/>\n<meta name=\"author\" content=\"The Ibiza Blog\" \/>\n<meta name=\"twitter:card\" content=\"summary_large_image\" \/>\n<meta name=\"twitter:label1\" content=\"Escrito por\" \/>\n\t<meta name=\"twitter:data1\" content=\"The Ibiza Blog\" \/>\n\t<meta name=\"twitter:label2\" content=\"Tiempo de lectura\" \/>\n\t<meta name=\"twitter:data2\" content=\"4 minutos\" \/>\n<script type=\"application\/ld+json\" class=\"yoast-schema-graph\">{\"@context\":\"https:\\\/\\\/schema.org\",\"@graph\":[{\"@type\":\"Article\",\"@id\":\"https:\\\/\\\/www.vibrahotels.com\\\/blog\\\/semana-santa-diferente-ibiza\\\/#article\",\"isPartOf\":{\"@id\":\"https:\\\/\\\/www.vibrahotels.com\\\/blog\\\/semana-santa-diferente-ibiza\\\/\"},\"author\":{\"name\":\"The Ibiza Blog\",\"@id\":\"https:\\\/\\\/www.vibrahotels.com\\\/blog\\\/#\\\/schema\\\/person\\\/ad74f13df6e44e7081ef65424f668972\"},\"headline\":\"Un Semana Santa diferente en Ibiza\",\"datePublished\":\"2016-04-08T07:53:11+00:00\",\"dateModified\":\"2020-03-11T11:20:35+00:00\",\"mainEntityOfPage\":{\"@id\":\"https:\\\/\\\/www.vibrahotels.com\\\/blog\\\/semana-santa-diferente-ibiza\\\/\"},\"wordCount\":802,\"commentCount\":0,\"image\":{\"@id\":\"https:\\\/\\\/www.vibrahotels.com\\\/blog\\\/semana-santa-diferente-ibiza\\\/#primaryimage\"},\"thumbnailUrl\":\"https:\\\/\\\/www.vibrahotels.com\\\/blog\\\/wp-content\\\/uploads\\\/2016\\\/04\\\/03-ibiza-nocturno.jpg\",\"articleSection\":[\"Travel\"],\"inLanguage\":\"es\",\"potentialAction\":[{\"@type\":\"CommentAction\",\"name\":\"Comment\",\"target\":[\"https:\\\/\\\/www.vibrahotels.com\\\/blog\\\/semana-santa-diferente-ibiza\\\/#respond\"]}]},{\"@type\":\"WebPage\",\"@id\":\"https:\\\/\\\/www.vibrahotels.com\\\/blog\\\/semana-santa-diferente-ibiza\\\/\",\"url\":\"https:\\\/\\\/www.vibrahotels.com\\\/blog\\\/semana-santa-diferente-ibiza\\\/\",\"name\":\"Un Semana Santa diferente en Ibiza - Islander by Vibra Hotels\",\"isPartOf\":{\"@id\":\"https:\\\/\\\/www.vibrahotels.com\\\/blog\\\/#website\"},\"primaryImageOfPage\":{\"@id\":\"https:\\\/\\\/www.vibrahotels.com\\\/blog\\\/semana-santa-diferente-ibiza\\\/#primaryimage\"},\"image\":{\"@id\":\"https:\\\/\\\/www.vibrahotels.com\\\/blog\\\/semana-santa-diferente-ibiza\\\/#primaryimage\"},\"thumbnailUrl\":\"https:\\\/\\\/www.vibrahotels.com\\\/blog\\\/wp-content\\\/uploads\\\/2016\\\/04\\\/03-ibiza-nocturno.jpg\",\"datePublished\":\"2016-04-08T07:53:11+00:00\",\"dateModified\":\"2020-03-11T11:20:35+00:00\",\"author\":{\"@id\":\"https:\\\/\\\/www.vibrahotels.com\\\/blog\\\/#\\\/schema\\\/person\\\/ad74f13df6e44e7081ef65424f668972\"},\"breadcrumb\":{\"@id\":\"https:\\\/\\\/www.vibrahotels.com\\\/blog\\\/semana-santa-diferente-ibiza\\\/#breadcrumb\"},\"inLanguage\":\"es\",\"potentialAction\":[{\"@type\":\"ReadAction\",\"target\":[\"https:\\\/\\\/www.vibrahotels.com\\\/blog\\\/semana-santa-diferente-ibiza\\\/\"]}]},{\"@type\":\"ImageObject\",\"inLanguage\":\"es\",\"@id\":\"https:\\\/\\\/www.vibrahotels.com\\\/blog\\\/semana-santa-diferente-ibiza\\\/#primaryimage\",\"url\":\"https:\\\/\\\/www.vibrahotels.com\\\/blog\\\/wp-content\\\/uploads\\\/2016\\\/04\\\/03-ibiza-nocturno.jpg\",\"contentUrl\":\"https:\\\/\\\/www.vibrahotels.com\\\/blog\\\/wp-content\\\/uploads\\\/2016\\\/04\\\/03-ibiza-nocturno.jpg\",\"width\":890,\"height\":395,\"caption\":\"Un Semana Santa diferente en Ibiza\"},{\"@type\":\"BreadcrumbList\",\"@id\":\"https:\\\/\\\/www.vibrahotels.com\\\/blog\\\/semana-santa-diferente-ibiza\\\/#breadcrumb\",\"itemListElement\":[{\"@type\":\"ListItem\",\"position\":1,\"name\":\"Portada\",\"item\":\"https:\\\/\\\/www.vibrahotels.com\\\/blog\\\/\"},{\"@type\":\"ListItem\",\"position\":2,\"name\":\"Un Semana Santa diferente en Ibiza\"}]},{\"@type\":\"WebSite\",\"@id\":\"https:\\\/\\\/www.vibrahotels.com\\\/blog\\\/#website\",\"url\":\"https:\\\/\\\/www.vibrahotels.com\\\/blog\\\/\",\"name\":\"Islander by Vibra Hotels\",\"description\":\"\",\"potentialAction\":[{\"@type\":\"SearchAction\",\"target\":{\"@type\":\"EntryPoint\",\"urlTemplate\":\"https:\\\/\\\/www.vibrahotels.com\\\/blog\\\/?s={search_term_string}\"},\"query-input\":{\"@type\":\"PropertyValueSpecification\",\"valueRequired\":true,\"valueName\":\"search_term_string\"}}],\"inLanguage\":\"es\"},{\"@type\":\"Person\",\"@id\":\"https:\\\/\\\/www.vibrahotels.com\\\/blog\\\/#\\\/schema\\\/person\\\/ad74f13df6e44e7081ef65424f668972\",\"name\":\"The Ibiza Blog\",\"image\":{\"@type\":\"ImageObject\",\"inLanguage\":\"es\",\"@id\":\"https:\\\/\\\/secure.gravatar.com\\\/avatar\\\/d172713df318fe4ba11547ee4a70ab1eae0206026db57d7a5920186b9f5ee855?s=96&d=mm&r=g\",\"url\":\"https:\\\/\\\/secure.gravatar.com\\\/avatar\\\/d172713df318fe4ba11547ee4a70ab1eae0206026db57d7a5920186b9f5ee855?s=96&d=mm&r=g\",\"contentUrl\":\"https:\\\/\\\/secure.gravatar.com\\\/avatar\\\/d172713df318fe4ba11547ee4a70ab1eae0206026db57d7a5920186b9f5ee855?s=96&d=mm&r=g\",\"caption\":\"The Ibiza Blog\"},\"url\":\"https:\\\/\\\/www.vibrahotels.com\\\/blog\\\/author\\\/the-ibiza-blog\\\/\"}]}<\/script>\n<!-- \/ Yoast SEO plugin. -->","yoast_head_json":{"title":"Un Semana Santa diferente en Ibiza - Islander by Vibra Hotels","robots":{"index":"index","follow":"follow","max-snippet":"max-snippet:-1","max-image-preview":"max-image-preview:large","max-video-preview":"max-video-preview:-1"},"canonical":"https:\/\/www.vibrahotels.com\/blog\/semana-santa-diferente-ibiza\/","og_locale":"es_ES","og_type":"article","og_title":"Un Semana Santa diferente en Ibiza - Islander by Vibra Hotels","og_description":"Afortunados los que visitan Ibiza en Semana Santa porque ellos ser\u00e1n los elegidos para ver c\u00f3mo florece una isla que ha permanecido semidormida durante el invierno. Bromas aparte el comienzo de la temporada en la isla es el mejor momento...","og_url":"https:\/\/www.vibrahotels.com\/blog\/semana-santa-diferente-ibiza\/","og_site_name":"Islander by Vibra Hotels","article_published_time":"2016-04-08T07:53:11+00:00","article_modified_time":"2020-03-11T11:20:35+00:00","og_image":[{"width":890,"height":395,"url":"https:\/\/www.vibrahotels.com\/blog\/wp-content\/uploads\/2016\/04\/03-ibiza-nocturno.jpg","type":"image\/jpeg"}],"author":"The Ibiza Blog","twitter_card":"summary_large_image","twitter_misc":{"Escrito por":"The Ibiza Blog","Tiempo de lectura":"4 minutos"},"schema":{"@context":"https:\/\/schema.org","@graph":[{"@type":"Article","@id":"https:\/\/www.vibrahotels.com\/blog\/semana-santa-diferente-ibiza\/#article","isPartOf":{"@id":"https:\/\/www.vibrahotels.com\/blog\/semana-santa-diferente-ibiza\/"},"author":{"name":"The Ibiza Blog","@id":"https:\/\/www.vibrahotels.com\/blog\/#\/schema\/person\/ad74f13df6e44e7081ef65424f668972"},"headline":"Un Semana Santa diferente en Ibiza","datePublished":"2016-04-08T07:53:11+00:00","dateModified":"2020-03-11T11:20:35+00:00","mainEntityOfPage":{"@id":"https:\/\/www.vibrahotels.com\/blog\/semana-santa-diferente-ibiza\/"},"wordCount":802,"commentCount":0,"image":{"@id":"https:\/\/www.vibrahotels.com\/blog\/semana-santa-diferente-ibiza\/#primaryimage"},"thumbnailUrl":"https:\/\/www.vibrahotels.com\/blog\/wp-content\/uploads\/2016\/04\/03-ibiza-nocturno.jpg","articleSection":["Travel"],"inLanguage":"es","potentialAction":[{"@type":"CommentAction","name":"Comment","target":["https:\/\/www.vibrahotels.com\/blog\/semana-santa-diferente-ibiza\/#respond"]}]},{"@type":"WebPage","@id":"https:\/\/www.vibrahotels.com\/blog\/semana-santa-diferente-ibiza\/","url":"https:\/\/www.vibrahotels.com\/blog\/semana-santa-diferente-ibiza\/","name":"Un Semana Santa diferente en Ibiza - Islander by Vibra Hotels","isPartOf":{"@id":"https:\/\/www.vibrahotels.com\/blog\/#website"},"primaryImageOfPage":{"@id":"https:\/\/www.vibrahotels.com\/blog\/semana-santa-diferente-ibiza\/#primaryimage"},"image":{"@id":"https:\/\/www.vibrahotels.com\/blog\/semana-santa-diferente-ibiza\/#primaryimage"},"thumbnailUrl":"https:\/\/www.vibrahotels.com\/blog\/wp-content\/uploads\/2016\/04\/03-ibiza-nocturno.jpg","datePublished":"2016-04-08T07:53:11+00:00","dateModified":"2020-03-11T11:20:35+00:00","author":{"@id":"https:\/\/www.vibrahotels.com\/blog\/#\/schema\/person\/ad74f13df6e44e7081ef65424f668972"},"breadcrumb":{"@id":"https:\/\/www.vibrahotels.com\/blog\/semana-santa-diferente-ibiza\/#breadcrumb"},"inLanguage":"es","potentialAction":[{"@type":"ReadAction","target":["https:\/\/www.vibrahotels.com\/blog\/semana-santa-diferente-ibiza\/"]}]},{"@type":"ImageObject","inLanguage":"es","@id":"https:\/\/www.vibrahotels.com\/blog\/semana-santa-diferente-ibiza\/#primaryimage","url":"https:\/\/www.vibrahotels.com\/blog\/wp-content\/uploads\/2016\/04\/03-ibiza-nocturno.jpg","contentUrl":"https:\/\/www.vibrahotels.com\/blog\/wp-content\/uploads\/2016\/04\/03-ibiza-nocturno.jpg","width":890,"height":395,"caption":"Un Semana Santa diferente en Ibiza"},{"@type":"BreadcrumbList","@id":"https:\/\/www.vibrahotels.com\/blog\/semana-santa-diferente-ibiza\/#breadcrumb","itemListElement":[{"@type":"ListItem","position":1,"name":"Portada","item":"https:\/\/www.vibrahotels.com\/blog\/"},{"@type":"ListItem","position":2,"name":"Un Semana Santa diferente en Ibiza"}]},{"@type":"WebSite","@id":"https:\/\/www.vibrahotels.com\/blog\/#website","url":"https:\/\/www.vibrahotels.com\/blog\/","name":"Islander by Vibra Hotels","description":"","potentialAction":[{"@type":"SearchAction","target":{"@type":"EntryPoint","urlTemplate":"https:\/\/www.vibrahotels.com\/blog\/?s={search_term_string}"},"query-input":{"@type":"PropertyValueSpecification","valueRequired":true,"valueName":"search_term_string"}}],"inLanguage":"es"},{"@type":"Person","@id":"https:\/\/www.vibrahotels.com\/blog\/#\/schema\/person\/ad74f13df6e44e7081ef65424f668972","name":"The Ibiza Blog","image":{"@type":"ImageObject","inLanguage":"es","@id":"https:\/\/secure.gravatar.com\/avatar\/d172713df318fe4ba11547ee4a70ab1eae0206026db57d7a5920186b9f5ee855?s=96&d=mm&r=g","url":"https:\/\/secure.gravatar.com\/avatar\/d172713df318fe4ba11547ee4a70ab1eae0206026db57d7a5920186b9f5ee855?s=96&d=mm&r=g","contentUrl":"https:\/\/secure.gravatar.com\/avatar\/d172713df318fe4ba11547ee4a70ab1eae0206026db57d7a5920186b9f5ee855?s=96&d=mm&r=g","caption":"The Ibiza Blog"},"url":"https:\/\/www.vibrahotels.com\/blog\/author\/the-ibiza-blog\/"}]}},"_links":{"self":[{"href":"https:\/\/www.vibrahotels.com\/blog\/wp-json\/wp\/v2\/posts\/474","targetHints":{"allow":["GET"]}}],"collection":[{"href":"https:\/\/www.vibrahotels.com\/blog\/wp-json\/wp\/v2\/posts"}],"about":[{"href":"https:\/\/www.vibrahotels.com\/blog\/wp-json\/wp\/v2\/types\/post"}],"author":[{"embeddable":true,"href":"https:\/\/www.vibrahotels.com\/blog\/wp-json\/wp\/v2\/users\/1"}],"replies":[{"embeddable":true,"href":"https:\/\/www.vibrahotels.com\/blog\/wp-json\/wp\/v2\/comments?post=474"}],"version-history":[{"count":0,"href":"https:\/\/www.vibrahotels.com\/blog\/wp-json\/wp\/v2\/posts\/474\/revisions"}],"wp:featuredmedia":[{"embeddable":true,"href":"https:\/\/www.vibrahotels.com\/blog\/wp-json\/wp\/v2\/media\/475"}],"wp:attachment":[{"href":"https:\/\/www.vibrahotels.com\/blog\/wp-json\/wp\/v2\/media?parent=474"}],"wp:term":[{"taxonomy":"category","embeddable":true,"href":"https:\/\/www.vibrahotels.com\/blog\/wp-json\/wp\/v2\/categories?post=474"},{"taxonomy":"post_tag","embeddable":true,"href":"https:\/\/www.vibrahotels.com\/blog\/wp-json\/wp\/v2\/tags?post=474"}],"curies":[{"name":"wp","href":"https:\/\/api.w.org\/{rel}","templated":true}]}}