{"id":449,"date":"2016-03-22T07:21:24","date_gmt":"2016-03-22T06:21:24","guid":{"rendered":"http:\/\/www.vibrahotels.com\/?p=449"},"modified":"2020-03-11T12:20:56","modified_gmt":"2020-03-11T11:20:56","slug":"porque-los-papas-son-los-mejores","status":"publish","type":"post","link":"https:\/\/www.vibrahotels.com\/blog\/porque-los-papas-son-los-mejores\/","title":{"rendered":"\u00a1Porque los pap\u00e1s son los mejores!"},"content":{"rendered":"<p style=\"text-align: justify;\">Al igual que sucede en muchos pa\u00edses europeos, el calendario festivo de Espa\u00f1a est\u00e1 claramente influenciado por la Iglesia. De hecho, el D\u00eda del Padre (19 de marzo) se celebra el d\u00eda de San Jos\u00e9. San Jos\u00e9 es tambi\u00e9n el patr\u00f3n de la Iglesia Cat\u00f3lica, los inmigrantes, los trabajadores, carpinteros, as\u00ed como de otros colectivos y causas. Tambi\u00e9n es la capital del municipio de Sant Josep de sa Talaia, en Ibiza, el m\u00e1s grande en extensi\u00f3n de la isla. De hecho, algunos de los establecimientos de <a href=\"https:\/\/www.playasolibizahotels.com\" target=\"_blank\" rel=\"noopener noreferrer\"><strong>Playasol Ibiza Hotels<\/strong><\/a> est\u00e1n situados en este municipio.<\/p>\n<p style=\"text-align: justify;\">Hasta no hace mucho tiempo, el D\u00eda del Padre era un d\u00eda de fiesta nacional en Espa\u00f1a. Esta fiesta a\u00fan se considera muy importante en Ibiza, ya que reconoce la contribuci\u00f3n de los padres dentro de la familia y la sociedad. Muchos de estos festejos tienen lugar en el municipio de Sant Josep para celebrar durante estos d\u00edas a su patr\u00f3n. Tambi\u00e9n es el momento de honrar a los miembros de la familia y amigos que cumplen el papel de figuras paternas y que incluye, por supuesto, nuestros queridos abuelos, t\u00edos o hermanos. En Espa\u00f1a, es algo muy com\u00fan que toda la familia se re\u00fana para una comilona y para dar regalos a su padre.<\/p>\n<p style=\"text-align: justify;\">Uno de los mejores regalos que uno puede dar a sus padres es el de un recuerdo inolvidable, una experiencia imborrable que conservar de por vida. Es por eso que los hoteles en nuestro segmento Singular son la opci\u00f3n perfecta. Una escapada de unos d\u00edas con la familia en nuestros hoteles de primera calidad crear\u00e1n el estado de \u00e1nimo perfecto para una estancia en familia incre\u00edble. Aqu\u00ed encontrar\u00e9is todo lo necesario para una estancia c\u00f3moda m\u00e1s all\u00e1 de vuestras expectativas sin renunciar a disfrutar todo lo que Ibiza tiene para ofrecer.<\/p>\n<p style=\"text-align: justify;\">\u00a1No hay nada como compartir Ibiza con tus seres queridos!<\/p>\n","protected":false},"excerpt":{"rendered":"<p>Al igual que sucede en muchos pa\u00edses europeos, el calendario festivo de Espa\u00f1a est\u00e1 claramente influenciado por la Iglesia. De hecho, el D\u00eda del Padre (19 de marzo) se celebra el d\u00eda de San Jos\u00e9. San Jos\u00e9 es tambi\u00e9n el&#8230;<\/p>\n","protected":false},"author":1,"featured_media":450,"comment_status":"open","ping_status":"open","sticky":false,"template":"","format":"standard","meta":{"footnotes":""},"categories":[1297],"tags":[],"class_list":["post-449","post","type-post","status-publish","format-standard","has-post-thumbnail","hentry","category-travel"],"yoast_head":"<!-- This site is optimized with the Yoast SEO plugin v27.4 - https:\/\/yoast.com\/product\/yoast-seo-wordpress\/ -->\n<title>\u00a1Porque los pap\u00e1s son los mejores! - Islander by Vibra Hotels<\/title>\n<meta name=\"robots\" content=\"index, follow, max-snippet:-1, max-image-preview:large, max-video-preview:-1\" \/>\n<link rel=\"canonical\" href=\"https:\/\/www.vibrahotels.com\/blog\/porque-los-papas-son-los-mejores\/\" \/>\n<meta property=\"og:locale\" content=\"es_ES\" \/>\n<meta property=\"og:type\" content=\"article\" \/>\n<meta property=\"og:title\" content=\"\u00a1Porque los pap\u00e1s son los mejores! - Islander by Vibra Hotels\" \/>\n<meta property=\"og:description\" content=\"Al igual que sucede en muchos pa\u00edses europeos, el calendario festivo de Espa\u00f1a est\u00e1 claramente influenciado por la Iglesia. De hecho, el D\u00eda del Padre (19 de marzo) se celebra el d\u00eda de San Jos\u00e9. San Jos\u00e9 es tambi\u00e9n el...\" \/>\n<meta property=\"og:url\" content=\"https:\/\/www.vibrahotels.com\/blog\/porque-los-papas-son-los-mejores\/\" \/>\n<meta property=\"og:site_name\" content=\"Islander by Vibra Hotels\" \/>\n<meta property=\"article:published_time\" content=\"2016-03-22T06:21:24+00:00\" \/>\n<meta property=\"article:modified_time\" content=\"2020-03-11T11:20:56+00:00\" \/>\n<meta property=\"og:image\" content=\"https:\/\/www.vibrahotels.com\/blog\/wp-content\/uploads\/2016\/03\/blog5.jpg\" \/>\n\t<meta property=\"og:image:width\" content=\"1200\" \/>\n\t<meta property=\"og:image:height\" content=\"700\" \/>\n\t<meta property=\"og:image:type\" content=\"image\/jpeg\" \/>\n<meta name=\"author\" content=\"The Ibiza Blog\" \/>\n<meta name=\"twitter:card\" content=\"summary_large_image\" \/>\n<meta name=\"twitter:label1\" content=\"Escrito por\" \/>\n\t<meta name=\"twitter:data1\" content=\"The Ibiza Blog\" \/>\n\t<meta name=\"twitter:label2\" content=\"Tiempo de lectura\" \/>\n\t<meta name=\"twitter:data2\" content=\"2 minutos\" \/>\n<script type=\"application\/ld+json\" class=\"yoast-schema-graph\">{\"@context\":\"https:\\\/\\\/schema.org\",\"@graph\":[{\"@type\":\"Article\",\"@id\":\"https:\\\/\\\/www.vibrahotels.com\\\/blog\\\/porque-los-papas-son-los-mejores\\\/#article\",\"isPartOf\":{\"@id\":\"https:\\\/\\\/www.vibrahotels.com\\\/blog\\\/porque-los-papas-son-los-mejores\\\/\"},\"author\":{\"name\":\"The Ibiza Blog\",\"@id\":\"https:\\\/\\\/www.vibrahotels.com\\\/blog\\\/#\\\/schema\\\/person\\\/ad74f13df6e44e7081ef65424f668972\"},\"headline\":\"\u00a1Porque los pap\u00e1s son los mejores!\",\"datePublished\":\"2016-03-22T06:21:24+00:00\",\"dateModified\":\"2020-03-11T11:20:56+00:00\",\"mainEntityOfPage\":{\"@id\":\"https:\\\/\\\/www.vibrahotels.com\\\/blog\\\/porque-los-papas-son-los-mejores\\\/\"},\"wordCount\":346,\"commentCount\":0,\"image\":{\"@id\":\"https:\\\/\\\/www.vibrahotels.com\\\/blog\\\/porque-los-papas-son-los-mejores\\\/#primaryimage\"},\"thumbnailUrl\":\"https:\\\/\\\/www.vibrahotels.com\\\/blog\\\/wp-content\\\/uploads\\\/2016\\\/03\\\/blog5.jpg\",\"articleSection\":[\"Travel\"],\"inLanguage\":\"es\",\"potentialAction\":[{\"@type\":\"CommentAction\",\"name\":\"Comment\",\"target\":[\"https:\\\/\\\/www.vibrahotels.com\\\/blog\\\/porque-los-papas-son-los-mejores\\\/#respond\"]}]},{\"@type\":\"WebPage\",\"@id\":\"https:\\\/\\\/www.vibrahotels.com\\\/blog\\\/porque-los-papas-son-los-mejores\\\/\",\"url\":\"https:\\\/\\\/www.vibrahotels.com\\\/blog\\\/porque-los-papas-son-los-mejores\\\/\",\"name\":\"\u00a1Porque los pap\u00e1s son los mejores! - Islander by Vibra Hotels\",\"isPartOf\":{\"@id\":\"https:\\\/\\\/www.vibrahotels.com\\\/blog\\\/#website\"},\"primaryImageOfPage\":{\"@id\":\"https:\\\/\\\/www.vibrahotels.com\\\/blog\\\/porque-los-papas-son-los-mejores\\\/#primaryimage\"},\"image\":{\"@id\":\"https:\\\/\\\/www.vibrahotels.com\\\/blog\\\/porque-los-papas-son-los-mejores\\\/#primaryimage\"},\"thumbnailUrl\":\"https:\\\/\\\/www.vibrahotels.com\\\/blog\\\/wp-content\\\/uploads\\\/2016\\\/03\\\/blog5.jpg\",\"datePublished\":\"2016-03-22T06:21:24+00:00\",\"dateModified\":\"2020-03-11T11:20:56+00:00\",\"author\":{\"@id\":\"https:\\\/\\\/www.vibrahotels.com\\\/blog\\\/#\\\/schema\\\/person\\\/ad74f13df6e44e7081ef65424f668972\"},\"breadcrumb\":{\"@id\":\"https:\\\/\\\/www.vibrahotels.com\\\/blog\\\/porque-los-papas-son-los-mejores\\\/#breadcrumb\"},\"inLanguage\":\"es\",\"potentialAction\":[{\"@type\":\"ReadAction\",\"target\":[\"https:\\\/\\\/www.vibrahotels.com\\\/blog\\\/porque-los-papas-son-los-mejores\\\/\"]}]},{\"@type\":\"ImageObject\",\"inLanguage\":\"es\",\"@id\":\"https:\\\/\\\/www.vibrahotels.com\\\/blog\\\/porque-los-papas-son-los-mejores\\\/#primaryimage\",\"url\":\"https:\\\/\\\/www.vibrahotels.com\\\/blog\\\/wp-content\\\/uploads\\\/2016\\\/03\\\/blog5.jpg\",\"contentUrl\":\"https:\\\/\\\/www.vibrahotels.com\\\/blog\\\/wp-content\\\/uploads\\\/2016\\\/03\\\/blog5.jpg\",\"width\":1200,\"height\":700},{\"@type\":\"BreadcrumbList\",\"@id\":\"https:\\\/\\\/www.vibrahotels.com\\\/blog\\\/porque-los-papas-son-los-mejores\\\/#breadcrumb\",\"itemListElement\":[{\"@type\":\"ListItem\",\"position\":1,\"name\":\"Portada\",\"item\":\"https:\\\/\\\/www.vibrahotels.com\\\/blog\\\/\"},{\"@type\":\"ListItem\",\"position\":2,\"name\":\"\u00a1Porque los pap\u00e1s son los mejores!\"}]},{\"@type\":\"WebSite\",\"@id\":\"https:\\\/\\\/www.vibrahotels.com\\\/blog\\\/#website\",\"url\":\"https:\\\/\\\/www.vibrahotels.com\\\/blog\\\/\",\"name\":\"Islander by Vibra Hotels\",\"description\":\"\",\"potentialAction\":[{\"@type\":\"SearchAction\",\"target\":{\"@type\":\"EntryPoint\",\"urlTemplate\":\"https:\\\/\\\/www.vibrahotels.com\\\/blog\\\/?s={search_term_string}\"},\"query-input\":{\"@type\":\"PropertyValueSpecification\",\"valueRequired\":true,\"valueName\":\"search_term_string\"}}],\"inLanguage\":\"es\"},{\"@type\":\"Person\",\"@id\":\"https:\\\/\\\/www.vibrahotels.com\\\/blog\\\/#\\\/schema\\\/person\\\/ad74f13df6e44e7081ef65424f668972\",\"name\":\"The Ibiza Blog\",\"image\":{\"@type\":\"ImageObject\",\"inLanguage\":\"es\",\"@id\":\"https:\\\/\\\/secure.gravatar.com\\\/avatar\\\/d172713df318fe4ba11547ee4a70ab1eae0206026db57d7a5920186b9f5ee855?s=96&d=mm&r=g\",\"url\":\"https:\\\/\\\/secure.gravatar.com\\\/avatar\\\/d172713df318fe4ba11547ee4a70ab1eae0206026db57d7a5920186b9f5ee855?s=96&d=mm&r=g\",\"contentUrl\":\"https:\\\/\\\/secure.gravatar.com\\\/avatar\\\/d172713df318fe4ba11547ee4a70ab1eae0206026db57d7a5920186b9f5ee855?s=96&d=mm&r=g\",\"caption\":\"The Ibiza Blog\"},\"url\":\"https:\\\/\\\/www.vibrahotels.com\\\/blog\\\/author\\\/the-ibiza-blog\\\/\"}]}<\/script>\n<!-- \/ Yoast SEO plugin. -->","yoast_head_json":{"title":"\u00a1Porque los pap\u00e1s son los mejores! - Islander by Vibra Hotels","robots":{"index":"index","follow":"follow","max-snippet":"max-snippet:-1","max-image-preview":"max-image-preview:large","max-video-preview":"max-video-preview:-1"},"canonical":"https:\/\/www.vibrahotels.com\/blog\/porque-los-papas-son-los-mejores\/","og_locale":"es_ES","og_type":"article","og_title":"\u00a1Porque los pap\u00e1s son los mejores! - Islander by Vibra Hotels","og_description":"Al igual que sucede en muchos pa\u00edses europeos, el calendario festivo de Espa\u00f1a est\u00e1 claramente influenciado por la Iglesia. De hecho, el D\u00eda del Padre (19 de marzo) se celebra el d\u00eda de San Jos\u00e9. San Jos\u00e9 es tambi\u00e9n el...","og_url":"https:\/\/www.vibrahotels.com\/blog\/porque-los-papas-son-los-mejores\/","og_site_name":"Islander by Vibra Hotels","article_published_time":"2016-03-22T06:21:24+00:00","article_modified_time":"2020-03-11T11:20:56+00:00","og_image":[{"width":1200,"height":700,"url":"https:\/\/www.vibrahotels.com\/blog\/wp-content\/uploads\/2016\/03\/blog5.jpg","type":"image\/jpeg"}],"author":"The Ibiza Blog","twitter_card":"summary_large_image","twitter_misc":{"Escrito por":"The Ibiza Blog","Tiempo de lectura":"2 minutos"},"schema":{"@context":"https:\/\/schema.org","@graph":[{"@type":"Article","@id":"https:\/\/www.vibrahotels.com\/blog\/porque-los-papas-son-los-mejores\/#article","isPartOf":{"@id":"https:\/\/www.vibrahotels.com\/blog\/porque-los-papas-son-los-mejores\/"},"author":{"name":"The Ibiza Blog","@id":"https:\/\/www.vibrahotels.com\/blog\/#\/schema\/person\/ad74f13df6e44e7081ef65424f668972"},"headline":"\u00a1Porque los pap\u00e1s son los mejores!","datePublished":"2016-03-22T06:21:24+00:00","dateModified":"2020-03-11T11:20:56+00:00","mainEntityOfPage":{"@id":"https:\/\/www.vibrahotels.com\/blog\/porque-los-papas-son-los-mejores\/"},"wordCount":346,"commentCount":0,"image":{"@id":"https:\/\/www.vibrahotels.com\/blog\/porque-los-papas-son-los-mejores\/#primaryimage"},"thumbnailUrl":"https:\/\/www.vibrahotels.com\/blog\/wp-content\/uploads\/2016\/03\/blog5.jpg","articleSection":["Travel"],"inLanguage":"es","potentialAction":[{"@type":"CommentAction","name":"Comment","target":["https:\/\/www.vibrahotels.com\/blog\/porque-los-papas-son-los-mejores\/#respond"]}]},{"@type":"WebPage","@id":"https:\/\/www.vibrahotels.com\/blog\/porque-los-papas-son-los-mejores\/","url":"https:\/\/www.vibrahotels.com\/blog\/porque-los-papas-son-los-mejores\/","name":"\u00a1Porque los pap\u00e1s son los mejores! - Islander by Vibra Hotels","isPartOf":{"@id":"https:\/\/www.vibrahotels.com\/blog\/#website"},"primaryImageOfPage":{"@id":"https:\/\/www.vibrahotels.com\/blog\/porque-los-papas-son-los-mejores\/#primaryimage"},"image":{"@id":"https:\/\/www.vibrahotels.com\/blog\/porque-los-papas-son-los-mejores\/#primaryimage"},"thumbnailUrl":"https:\/\/www.vibrahotels.com\/blog\/wp-content\/uploads\/2016\/03\/blog5.jpg","datePublished":"2016-03-22T06:21:24+00:00","dateModified":"2020-03-11T11:20:56+00:00","author":{"@id":"https:\/\/www.vibrahotels.com\/blog\/#\/schema\/person\/ad74f13df6e44e7081ef65424f668972"},"breadcrumb":{"@id":"https:\/\/www.vibrahotels.com\/blog\/porque-los-papas-son-los-mejores\/#breadcrumb"},"inLanguage":"es","potentialAction":[{"@type":"ReadAction","target":["https:\/\/www.vibrahotels.com\/blog\/porque-los-papas-son-los-mejores\/"]}]},{"@type":"ImageObject","inLanguage":"es","@id":"https:\/\/www.vibrahotels.com\/blog\/porque-los-papas-son-los-mejores\/#primaryimage","url":"https:\/\/www.vibrahotels.com\/blog\/wp-content\/uploads\/2016\/03\/blog5.jpg","contentUrl":"https:\/\/www.vibrahotels.com\/blog\/wp-content\/uploads\/2016\/03\/blog5.jpg","width":1200,"height":700},{"@type":"BreadcrumbList","@id":"https:\/\/www.vibrahotels.com\/blog\/porque-los-papas-son-los-mejores\/#breadcrumb","itemListElement":[{"@type":"ListItem","position":1,"name":"Portada","item":"https:\/\/www.vibrahotels.com\/blog\/"},{"@type":"ListItem","position":2,"name":"\u00a1Porque los pap\u00e1s son los mejores!"}]},{"@type":"WebSite","@id":"https:\/\/www.vibrahotels.com\/blog\/#website","url":"https:\/\/www.vibrahotels.com\/blog\/","name":"Islander by Vibra Hotels","description":"","potentialAction":[{"@type":"SearchAction","target":{"@type":"EntryPoint","urlTemplate":"https:\/\/www.vibrahotels.com\/blog\/?s={search_term_string}"},"query-input":{"@type":"PropertyValueSpecification","valueRequired":true,"valueName":"search_term_string"}}],"inLanguage":"es"},{"@type":"Person","@id":"https:\/\/www.vibrahotels.com\/blog\/#\/schema\/person\/ad74f13df6e44e7081ef65424f668972","name":"The Ibiza Blog","image":{"@type":"ImageObject","inLanguage":"es","@id":"https:\/\/secure.gravatar.com\/avatar\/d172713df318fe4ba11547ee4a70ab1eae0206026db57d7a5920186b9f5ee855?s=96&d=mm&r=g","url":"https:\/\/secure.gravatar.com\/avatar\/d172713df318fe4ba11547ee4a70ab1eae0206026db57d7a5920186b9f5ee855?s=96&d=mm&r=g","contentUrl":"https:\/\/secure.gravatar.com\/avatar\/d172713df318fe4ba11547ee4a70ab1eae0206026db57d7a5920186b9f5ee855?s=96&d=mm&r=g","caption":"The Ibiza Blog"},"url":"https:\/\/www.vibrahotels.com\/blog\/author\/the-ibiza-blog\/"}]}},"_links":{"self":[{"href":"https:\/\/www.vibrahotels.com\/blog\/wp-json\/wp\/v2\/posts\/449","targetHints":{"allow":["GET"]}}],"collection":[{"href":"https:\/\/www.vibrahotels.com\/blog\/wp-json\/wp\/v2\/posts"}],"about":[{"href":"https:\/\/www.vibrahotels.com\/blog\/wp-json\/wp\/v2\/types\/post"}],"author":[{"embeddable":true,"href":"https:\/\/www.vibrahotels.com\/blog\/wp-json\/wp\/v2\/users\/1"}],"replies":[{"embeddable":true,"href":"https:\/\/www.vibrahotels.com\/blog\/wp-json\/wp\/v2\/comments?post=449"}],"version-history":[{"count":0,"href":"https:\/\/www.vibrahotels.com\/blog\/wp-json\/wp\/v2\/posts\/449\/revisions"}],"wp:featuredmedia":[{"embeddable":true,"href":"https:\/\/www.vibrahotels.com\/blog\/wp-json\/wp\/v2\/media\/450"}],"wp:attachment":[{"href":"https:\/\/www.vibrahotels.com\/blog\/wp-json\/wp\/v2\/media?parent=449"}],"wp:term":[{"taxonomy":"category","embeddable":true,"href":"https:\/\/www.vibrahotels.com\/blog\/wp-json\/wp\/v2\/categories?post=449"},{"taxonomy":"post_tag","embeddable":true,"href":"https:\/\/www.vibrahotels.com\/blog\/wp-json\/wp\/v2\/tags?post=449"}],"curies":[{"name":"wp","href":"https:\/\/api.w.org\/{rel}","templated":true}]}}