{"id":3636,"date":"2019-10-17T15:44:09","date_gmt":"2019-10-17T13:44:09","guid":{"rendered":"http:\/\/www.vibrahotels.com\/?p=3636"},"modified":"2022-08-29T12:44:17","modified_gmt":"2022-08-29T10:44:17","slug":"ibiza-en-tu-paladar-sabores-ibicencos-en-invierno","status":"publish","type":"post","link":"https:\/\/www.vibrahotels.com\/blog\/ibiza-en-tu-paladar-sabores-ibicencos-en-invierno\/","title":{"rendered":"Ibiza en tu paladar. Sabores de invierno"},"content":{"rendered":"\r\n<p>Ibiza es un destino que, debido a la cantidad de turistas que lo visitan, duplica sus restaurantes en verano para satisfacer las expectativas y gustos de todos sus visitantes. Despu\u00e9s de una intensa temporada llega el invierno y muchos de estos lugares cierran. Pero, lejos de lo que pueda parecer, eso no quiere decir que todos los que nos quedamos en este para\u00edso no tengamos m\u00e1s opciones.<\/p>\r\n\r\n\r\n\r\n<p>Durante los meses de oto\u00f1o e invierno hay una amplia oferta gastron\u00f3mica con una incre\u00edble variedad de platos especiales para esta temporada un poco m\u00e1s fr\u00eda. A continuaci\u00f3n, os presentamos algunos de los platos m\u00e1s tradicionales de la comida ibicenca, ideales para un invierno lleno de sabor\u2026<\/p>\r\n\r\n\r\n\r\n<p><strong>Arroz de Matanzas <\/strong><\/p>\r\n\r\n\r\n\r\n<p>Este es un plato que se prepara a base de costilla de cerdo, gallina, pollo, solomillo, lomo de cerdo, arroz, cebolla, pimiento rojo, tomate, ajo, setas\u00a0 y algunas especias. Se le da el nombre de \u201cMatanza\u201d debido a que sobre la \u00e9poca medieval era costumbre sacrificar cerdos en diciembre para aprovechar en su totalidad su carne y llenar la despensa de embutidos.<\/p>\r\n\r\n\r\n\r\n<p><strong>Guisat de ternera <\/strong><\/p>\r\n\r\n\r\n\r\n<p>El Guisat se disfruta sobre todo por subir un poco la temperatura durante el invierno. Es guiso cl\u00e1sico y contundente adem\u00e1s de muy ibicenco. Est\u00e1 compuesto principalmente por ternera, patata, guisantes, jud\u00edas verdes, pimientos y zanahoria.<\/p>\r\n\r\n\r\n\r\n<p><strong>Frita de pulpo<\/strong><\/p>\r\n\r\n\r\n\r\n<p>\u00a1Imposible que en una isla falte EL MAR!<\/p>\r\n\r\n\r\n\r\n<p>La frita de pulpo a la ibicenca es de las preparaciones m\u00e1s representativas; normalmente se encuentra con facilidad en la mayor\u00eda de cartas de los restaurantes de la isla. Este delicioso plato se compone de ajo, cebolla, pimientos verdes, patatas grandes, laural, sal, pimienta, aceite de oliva, pimentos dulce y por supuesto\u2026 PULPO!!<\/p>\r\n\r\n\r\n\r\n<p><strong>Fla\u00f3<\/strong><\/p>\r\n\r\n\r\n\r\n<p>El Fla\u00f3 es una tarta especial de la isla que se acostumbra tomar tanto para comidas como para celebraciones. Sus ingredientes principales son lim\u00f3n, az\u00facar, harina de reposter\u00eda, huevo, sal, an\u00eds, aceite de oliva UNICAMENTE PARA LA MASA\u2026<\/p>\r\n\r\n\r\n\r\n<p>El relleno que es la parte m\u00e1s deliciosa para el paladar est\u00e1 compuesto por huevo, az\u00facar, queso rallado, hierba buena y queso queso y m\u00e1s queso\u2026 Todos estos ingredientes f\u00e1ciles de encontrar para prepararla en la comodidad del hogar\u2026<\/p>\r\n\r\n\r\n\r\n<figure class=\"wp-block-image\"><img loading=\"lazy\" decoding=\"async\" width=\"1024\" height=\"683\" class=\"wp-image-3637\" src=\"http:\/\/www.vibrahotels.com\/wp-content\/uploads\/2019\/10\/FLAO-1-1024x683.jpg\" alt=\"\" srcset=\"https:\/\/www.vibrahotels.com\/blog\/wp-content\/uploads\/2019\/10\/FLAO-1-1024x683.jpg 1024w, https:\/\/www.vibrahotels.com\/blog\/wp-content\/uploads\/2019\/10\/FLAO-1-300x200.jpg 300w, https:\/\/www.vibrahotels.com\/blog\/wp-content\/uploads\/2019\/10\/FLAO-1-768x512.jpg 768w, https:\/\/www.vibrahotels.com\/blog\/wp-content\/uploads\/2019\/10\/FLAO-1.jpg 1299w\" sizes=\"auto, (max-width: 1024px) 100vw, 1024px\" \/><\/figure>\r\n\r\n\r\n\r\n<p><strong>Greixonera <\/strong><\/p>\r\n\r\n\r\n\r\n<p>Para cerrar con broche de oro un dulce plato\u2026<\/p>\r\n\r\n\r\n\r\n<p>Esta preparaci\u00f3n es ideal para finalizar una incre\u00edble comida o quiz\u00e1s tambi\u00e9n para tomar como merienda. La greixonera est\u00e1 hecha a base de las muy conocidas ensaimadas; la clave es que dichas ensaimadas tengan varios d\u00edas de preparaci\u00f3n para luego as\u00ed mezclarlas con leche, huevos, az\u00facar, canela y lim\u00f3n<strong>.<\/strong><\/p>\r\n","protected":false},"excerpt":{"rendered":"<p>Ibiza es un destino que, debido a la cantidad de turistas que lo visitan, duplica sus restaurantes en verano para satisfacer las expectativas y gustos de todos sus visitantes. Despu\u00e9s de una intensa temporada llega el invierno y muchos de&#8230;<\/p>\n","protected":false},"author":1,"featured_media":3630,"comment_status":"open","ping_status":"open","sticky":false,"template":"","format":"standard","meta":{"footnotes":""},"categories":[8],"tags":[1260],"class_list":["post-3636","post","type-post","status-publish","format-standard","has-post-thumbnail","hentry","category-gastro","tag-sabores"],"yoast_head":"<!-- This site is optimized with the Yoast SEO plugin v27.4 - https:\/\/yoast.com\/product\/yoast-seo-wordpress\/ -->\n<title>Ibiza en tu paladar. Sabores de invierno - Islander by Vibra Hotels<\/title>\n<meta name=\"description\" content=\"Ibiza es un destino que, debido a la cantidad de turistas que lo visitan, duplica sus restaurantes en verano para satisfacer las expectativas y gustos de todos sus visitantes.\" \/>\n<meta name=\"robots\" content=\"index, follow, max-snippet:-1, max-image-preview:large, max-video-preview:-1\" \/>\n<link rel=\"canonical\" href=\"https:\/\/www.vibrahotels.com\/blog\/ibiza-en-tu-paladar-sabores-ibicencos-en-invierno\/\" \/>\n<meta property=\"og:locale\" content=\"es_ES\" \/>\n<meta property=\"og:type\" content=\"article\" \/>\n<meta property=\"og:title\" content=\"Ibiza en tu paladar. Sabores de invierno - Islander by Vibra Hotels\" \/>\n<meta property=\"og:description\" content=\"Ibiza es un destino que, debido a la cantidad de turistas que lo visitan, duplica sus restaurantes en verano para satisfacer las expectativas y gustos de todos sus visitantes.\" \/>\n<meta property=\"og:url\" content=\"https:\/\/www.vibrahotels.com\/blog\/ibiza-en-tu-paladar-sabores-ibicencos-en-invierno\/\" \/>\n<meta property=\"og:site_name\" content=\"Islander by Vibra Hotels\" \/>\n<meta property=\"article:published_time\" content=\"2019-10-17T13:44:09+00:00\" \/>\n<meta property=\"article:modified_time\" content=\"2022-08-29T10:44:17+00:00\" \/>\n<meta property=\"og:image\" content=\"https:\/\/www.vibrahotels.com\/blog\/wp-content\/uploads\/2019\/10\/shutterstock_717582367-e1582877359109.jpg\" \/>\n\t<meta property=\"og:image:width\" content=\"5710\" \/>\n\t<meta property=\"og:image:height\" content=\"3483\" \/>\n\t<meta property=\"og:image:type\" content=\"image\/jpeg\" \/>\n<meta name=\"author\" content=\"The Ibiza Blog\" \/>\n<meta name=\"twitter:card\" content=\"summary_large_image\" \/>\n<meta name=\"twitter:label1\" content=\"Escrito por\" \/>\n\t<meta name=\"twitter:data1\" content=\"The Ibiza Blog\" \/>\n\t<meta name=\"twitter:label2\" content=\"Tiempo de lectura\" \/>\n\t<meta name=\"twitter:data2\" content=\"3 minutos\" \/>\n<script type=\"application\/ld+json\" class=\"yoast-schema-graph\">{\"@context\":\"https:\\\/\\\/schema.org\",\"@graph\":[{\"@type\":\"Article\",\"@id\":\"https:\\\/\\\/www.vibrahotels.com\\\/blog\\\/ibiza-en-tu-paladar-sabores-ibicencos-en-invierno\\\/#article\",\"isPartOf\":{\"@id\":\"https:\\\/\\\/www.vibrahotels.com\\\/blog\\\/ibiza-en-tu-paladar-sabores-ibicencos-en-invierno\\\/\"},\"author\":{\"name\":\"The Ibiza Blog\",\"@id\":\"https:\\\/\\\/www.vibrahotels.com\\\/blog\\\/#\\\/schema\\\/person\\\/ad74f13df6e44e7081ef65424f668972\"},\"headline\":\"Ibiza en tu paladar. Sabores de invierno\",\"datePublished\":\"2019-10-17T13:44:09+00:00\",\"dateModified\":\"2022-08-29T10:44:17+00:00\",\"mainEntityOfPage\":{\"@id\":\"https:\\\/\\\/www.vibrahotels.com\\\/blog\\\/ibiza-en-tu-paladar-sabores-ibicencos-en-invierno\\\/\"},\"wordCount\":457,\"commentCount\":0,\"image\":{\"@id\":\"https:\\\/\\\/www.vibrahotels.com\\\/blog\\\/ibiza-en-tu-paladar-sabores-ibicencos-en-invierno\\\/#primaryimage\"},\"thumbnailUrl\":\"https:\\\/\\\/www.vibrahotels.com\\\/blog\\\/wp-content\\\/uploads\\\/2019\\\/10\\\/shutterstock_717582367-e1582877359109.jpg\",\"keywords\":[\"sabores\"],\"articleSection\":[\"Gastro\"],\"inLanguage\":\"es\",\"potentialAction\":[{\"@type\":\"CommentAction\",\"name\":\"Comment\",\"target\":[\"https:\\\/\\\/www.vibrahotels.com\\\/blog\\\/ibiza-en-tu-paladar-sabores-ibicencos-en-invierno\\\/#respond\"]}]},{\"@type\":\"WebPage\",\"@id\":\"https:\\\/\\\/www.vibrahotels.com\\\/blog\\\/ibiza-en-tu-paladar-sabores-ibicencos-en-invierno\\\/\",\"url\":\"https:\\\/\\\/www.vibrahotels.com\\\/blog\\\/ibiza-en-tu-paladar-sabores-ibicencos-en-invierno\\\/\",\"name\":\"Ibiza en tu paladar. Sabores de invierno - Islander by Vibra Hotels\",\"isPartOf\":{\"@id\":\"https:\\\/\\\/www.vibrahotels.com\\\/blog\\\/#website\"},\"primaryImageOfPage\":{\"@id\":\"https:\\\/\\\/www.vibrahotels.com\\\/blog\\\/ibiza-en-tu-paladar-sabores-ibicencos-en-invierno\\\/#primaryimage\"},\"image\":{\"@id\":\"https:\\\/\\\/www.vibrahotels.com\\\/blog\\\/ibiza-en-tu-paladar-sabores-ibicencos-en-invierno\\\/#primaryimage\"},\"thumbnailUrl\":\"https:\\\/\\\/www.vibrahotels.com\\\/blog\\\/wp-content\\\/uploads\\\/2019\\\/10\\\/shutterstock_717582367-e1582877359109.jpg\",\"datePublished\":\"2019-10-17T13:44:09+00:00\",\"dateModified\":\"2022-08-29T10:44:17+00:00\",\"author\":{\"@id\":\"https:\\\/\\\/www.vibrahotels.com\\\/blog\\\/#\\\/schema\\\/person\\\/ad74f13df6e44e7081ef65424f668972\"},\"description\":\"Ibiza es un destino que, debido a la cantidad de turistas que lo visitan, duplica sus restaurantes en verano para satisfacer las expectativas y gustos de todos sus visitantes.\",\"breadcrumb\":{\"@id\":\"https:\\\/\\\/www.vibrahotels.com\\\/blog\\\/ibiza-en-tu-paladar-sabores-ibicencos-en-invierno\\\/#breadcrumb\"},\"inLanguage\":\"es\",\"potentialAction\":[{\"@type\":\"ReadAction\",\"target\":[\"https:\\\/\\\/www.vibrahotels.com\\\/blog\\\/ibiza-en-tu-paladar-sabores-ibicencos-en-invierno\\\/\"]}]},{\"@type\":\"ImageObject\",\"inLanguage\":\"es\",\"@id\":\"https:\\\/\\\/www.vibrahotels.com\\\/blog\\\/ibiza-en-tu-paladar-sabores-ibicencos-en-invierno\\\/#primaryimage\",\"url\":\"https:\\\/\\\/www.vibrahotels.com\\\/blog\\\/wp-content\\\/uploads\\\/2019\\\/10\\\/shutterstock_717582367-e1582877359109.jpg\",\"contentUrl\":\"https:\\\/\\\/www.vibrahotels.com\\\/blog\\\/wp-content\\\/uploads\\\/2019\\\/10\\\/shutterstock_717582367-e1582877359109.jpg\",\"width\":5710,\"height\":3483,\"caption\":\"Ibiza paladar\"},{\"@type\":\"BreadcrumbList\",\"@id\":\"https:\\\/\\\/www.vibrahotels.com\\\/blog\\\/ibiza-en-tu-paladar-sabores-ibicencos-en-invierno\\\/#breadcrumb\",\"itemListElement\":[{\"@type\":\"ListItem\",\"position\":1,\"name\":\"Portada\",\"item\":\"https:\\\/\\\/www.vibrahotels.com\\\/blog\\\/\"},{\"@type\":\"ListItem\",\"position\":2,\"name\":\"Ibiza en tu paladar. Sabores de invierno\"}]},{\"@type\":\"WebSite\",\"@id\":\"https:\\\/\\\/www.vibrahotels.com\\\/blog\\\/#website\",\"url\":\"https:\\\/\\\/www.vibrahotels.com\\\/blog\\\/\",\"name\":\"Islander by Vibra Hotels\",\"description\":\"\",\"potentialAction\":[{\"@type\":\"SearchAction\",\"target\":{\"@type\":\"EntryPoint\",\"urlTemplate\":\"https:\\\/\\\/www.vibrahotels.com\\\/blog\\\/?s={search_term_string}\"},\"query-input\":{\"@type\":\"PropertyValueSpecification\",\"valueRequired\":true,\"valueName\":\"search_term_string\"}}],\"inLanguage\":\"es\"},{\"@type\":\"Person\",\"@id\":\"https:\\\/\\\/www.vibrahotels.com\\\/blog\\\/#\\\/schema\\\/person\\\/ad74f13df6e44e7081ef65424f668972\",\"name\":\"The Ibiza Blog\",\"image\":{\"@type\":\"ImageObject\",\"inLanguage\":\"es\",\"@id\":\"https:\\\/\\\/secure.gravatar.com\\\/avatar\\\/d172713df318fe4ba11547ee4a70ab1eae0206026db57d7a5920186b9f5ee855?s=96&d=mm&r=g\",\"url\":\"https:\\\/\\\/secure.gravatar.com\\\/avatar\\\/d172713df318fe4ba11547ee4a70ab1eae0206026db57d7a5920186b9f5ee855?s=96&d=mm&r=g\",\"contentUrl\":\"https:\\\/\\\/secure.gravatar.com\\\/avatar\\\/d172713df318fe4ba11547ee4a70ab1eae0206026db57d7a5920186b9f5ee855?s=96&d=mm&r=g\",\"caption\":\"The Ibiza Blog\"},\"url\":\"https:\\\/\\\/www.vibrahotels.com\\\/blog\\\/author\\\/the-ibiza-blog\\\/\"}]}<\/script>\n<!-- \/ Yoast SEO plugin. -->","yoast_head_json":{"title":"Ibiza en tu paladar. Sabores de invierno - Islander by Vibra Hotels","description":"Ibiza es un destino que, debido a la cantidad de turistas que lo visitan, duplica sus restaurantes en verano para satisfacer las expectativas y gustos de todos sus visitantes.","robots":{"index":"index","follow":"follow","max-snippet":"max-snippet:-1","max-image-preview":"max-image-preview:large","max-video-preview":"max-video-preview:-1"},"canonical":"https:\/\/www.vibrahotels.com\/blog\/ibiza-en-tu-paladar-sabores-ibicencos-en-invierno\/","og_locale":"es_ES","og_type":"article","og_title":"Ibiza en tu paladar. Sabores de invierno - Islander by Vibra Hotels","og_description":"Ibiza es un destino que, debido a la cantidad de turistas que lo visitan, duplica sus restaurantes en verano para satisfacer las expectativas y gustos de todos sus visitantes.","og_url":"https:\/\/www.vibrahotels.com\/blog\/ibiza-en-tu-paladar-sabores-ibicencos-en-invierno\/","og_site_name":"Islander by Vibra Hotels","article_published_time":"2019-10-17T13:44:09+00:00","article_modified_time":"2022-08-29T10:44:17+00:00","og_image":[{"width":5710,"height":3483,"url":"https:\/\/www.vibrahotels.com\/blog\/wp-content\/uploads\/2019\/10\/shutterstock_717582367-e1582877359109.jpg","type":"image\/jpeg"}],"author":"The Ibiza Blog","twitter_card":"summary_large_image","twitter_misc":{"Escrito por":"The Ibiza Blog","Tiempo de lectura":"3 minutos"},"schema":{"@context":"https:\/\/schema.org","@graph":[{"@type":"Article","@id":"https:\/\/www.vibrahotels.com\/blog\/ibiza-en-tu-paladar-sabores-ibicencos-en-invierno\/#article","isPartOf":{"@id":"https:\/\/www.vibrahotels.com\/blog\/ibiza-en-tu-paladar-sabores-ibicencos-en-invierno\/"},"author":{"name":"The Ibiza Blog","@id":"https:\/\/www.vibrahotels.com\/blog\/#\/schema\/person\/ad74f13df6e44e7081ef65424f668972"},"headline":"Ibiza en tu paladar. Sabores de invierno","datePublished":"2019-10-17T13:44:09+00:00","dateModified":"2022-08-29T10:44:17+00:00","mainEntityOfPage":{"@id":"https:\/\/www.vibrahotels.com\/blog\/ibiza-en-tu-paladar-sabores-ibicencos-en-invierno\/"},"wordCount":457,"commentCount":0,"image":{"@id":"https:\/\/www.vibrahotels.com\/blog\/ibiza-en-tu-paladar-sabores-ibicencos-en-invierno\/#primaryimage"},"thumbnailUrl":"https:\/\/www.vibrahotels.com\/blog\/wp-content\/uploads\/2019\/10\/shutterstock_717582367-e1582877359109.jpg","keywords":["sabores"],"articleSection":["Gastro"],"inLanguage":"es","potentialAction":[{"@type":"CommentAction","name":"Comment","target":["https:\/\/www.vibrahotels.com\/blog\/ibiza-en-tu-paladar-sabores-ibicencos-en-invierno\/#respond"]}]},{"@type":"WebPage","@id":"https:\/\/www.vibrahotels.com\/blog\/ibiza-en-tu-paladar-sabores-ibicencos-en-invierno\/","url":"https:\/\/www.vibrahotels.com\/blog\/ibiza-en-tu-paladar-sabores-ibicencos-en-invierno\/","name":"Ibiza en tu paladar. Sabores de invierno - Islander by Vibra Hotels","isPartOf":{"@id":"https:\/\/www.vibrahotels.com\/blog\/#website"},"primaryImageOfPage":{"@id":"https:\/\/www.vibrahotels.com\/blog\/ibiza-en-tu-paladar-sabores-ibicencos-en-invierno\/#primaryimage"},"image":{"@id":"https:\/\/www.vibrahotels.com\/blog\/ibiza-en-tu-paladar-sabores-ibicencos-en-invierno\/#primaryimage"},"thumbnailUrl":"https:\/\/www.vibrahotels.com\/blog\/wp-content\/uploads\/2019\/10\/shutterstock_717582367-e1582877359109.jpg","datePublished":"2019-10-17T13:44:09+00:00","dateModified":"2022-08-29T10:44:17+00:00","author":{"@id":"https:\/\/www.vibrahotels.com\/blog\/#\/schema\/person\/ad74f13df6e44e7081ef65424f668972"},"description":"Ibiza es un destino que, debido a la cantidad de turistas que lo visitan, duplica sus restaurantes en verano para satisfacer las expectativas y gustos de todos sus visitantes.","breadcrumb":{"@id":"https:\/\/www.vibrahotels.com\/blog\/ibiza-en-tu-paladar-sabores-ibicencos-en-invierno\/#breadcrumb"},"inLanguage":"es","potentialAction":[{"@type":"ReadAction","target":["https:\/\/www.vibrahotels.com\/blog\/ibiza-en-tu-paladar-sabores-ibicencos-en-invierno\/"]}]},{"@type":"ImageObject","inLanguage":"es","@id":"https:\/\/www.vibrahotels.com\/blog\/ibiza-en-tu-paladar-sabores-ibicencos-en-invierno\/#primaryimage","url":"https:\/\/www.vibrahotels.com\/blog\/wp-content\/uploads\/2019\/10\/shutterstock_717582367-e1582877359109.jpg","contentUrl":"https:\/\/www.vibrahotels.com\/blog\/wp-content\/uploads\/2019\/10\/shutterstock_717582367-e1582877359109.jpg","width":5710,"height":3483,"caption":"Ibiza paladar"},{"@type":"BreadcrumbList","@id":"https:\/\/www.vibrahotels.com\/blog\/ibiza-en-tu-paladar-sabores-ibicencos-en-invierno\/#breadcrumb","itemListElement":[{"@type":"ListItem","position":1,"name":"Portada","item":"https:\/\/www.vibrahotels.com\/blog\/"},{"@type":"ListItem","position":2,"name":"Ibiza en tu paladar. Sabores de invierno"}]},{"@type":"WebSite","@id":"https:\/\/www.vibrahotels.com\/blog\/#website","url":"https:\/\/www.vibrahotels.com\/blog\/","name":"Islander by Vibra Hotels","description":"","potentialAction":[{"@type":"SearchAction","target":{"@type":"EntryPoint","urlTemplate":"https:\/\/www.vibrahotels.com\/blog\/?s={search_term_string}"},"query-input":{"@type":"PropertyValueSpecification","valueRequired":true,"valueName":"search_term_string"}}],"inLanguage":"es"},{"@type":"Person","@id":"https:\/\/www.vibrahotels.com\/blog\/#\/schema\/person\/ad74f13df6e44e7081ef65424f668972","name":"The Ibiza Blog","image":{"@type":"ImageObject","inLanguage":"es","@id":"https:\/\/secure.gravatar.com\/avatar\/d172713df318fe4ba11547ee4a70ab1eae0206026db57d7a5920186b9f5ee855?s=96&d=mm&r=g","url":"https:\/\/secure.gravatar.com\/avatar\/d172713df318fe4ba11547ee4a70ab1eae0206026db57d7a5920186b9f5ee855?s=96&d=mm&r=g","contentUrl":"https:\/\/secure.gravatar.com\/avatar\/d172713df318fe4ba11547ee4a70ab1eae0206026db57d7a5920186b9f5ee855?s=96&d=mm&r=g","caption":"The Ibiza Blog"},"url":"https:\/\/www.vibrahotels.com\/blog\/author\/the-ibiza-blog\/"}]}},"_links":{"self":[{"href":"https:\/\/www.vibrahotels.com\/blog\/wp-json\/wp\/v2\/posts\/3636","targetHints":{"allow":["GET"]}}],"collection":[{"href":"https:\/\/www.vibrahotels.com\/blog\/wp-json\/wp\/v2\/posts"}],"about":[{"href":"https:\/\/www.vibrahotels.com\/blog\/wp-json\/wp\/v2\/types\/post"}],"author":[{"embeddable":true,"href":"https:\/\/www.vibrahotels.com\/blog\/wp-json\/wp\/v2\/users\/1"}],"replies":[{"embeddable":true,"href":"https:\/\/www.vibrahotels.com\/blog\/wp-json\/wp\/v2\/comments?post=3636"}],"version-history":[{"count":1,"href":"https:\/\/www.vibrahotels.com\/blog\/wp-json\/wp\/v2\/posts\/3636\/revisions"}],"predecessor-version":[{"id":5913,"href":"https:\/\/www.vibrahotels.com\/blog\/wp-json\/wp\/v2\/posts\/3636\/revisions\/5913"}],"wp:featuredmedia":[{"embeddable":true,"href":"https:\/\/www.vibrahotels.com\/blog\/wp-json\/wp\/v2\/media\/3630"}],"wp:attachment":[{"href":"https:\/\/www.vibrahotels.com\/blog\/wp-json\/wp\/v2\/media?parent=3636"}],"wp:term":[{"taxonomy":"category","embeddable":true,"href":"https:\/\/www.vibrahotels.com\/blog\/wp-json\/wp\/v2\/categories?post=3636"},{"taxonomy":"post_tag","embeddable":true,"href":"https:\/\/www.vibrahotels.com\/blog\/wp-json\/wp\/v2\/tags?post=3636"}],"curies":[{"name":"wp","href":"https:\/\/api.w.org\/{rel}","templated":true}]}}