{"id":3574,"date":"2019-09-30T10:43:50","date_gmt":"2019-09-30T08:43:50","guid":{"rendered":"http:\/\/www.vibrahotels.com\/?p=3574"},"modified":"2022-08-29T12:43:51","modified_gmt":"2022-08-29T10:43:51","slug":"lugares-mas-instagrameables-de-ibiza","status":"publish","type":"post","link":"https:\/\/www.vibrahotels.com\/blog\/lugares-mas-instagrameables-de-ibiza\/","title":{"rendered":"Lugares m\u00e1s instagrameables de Ibiza"},"content":{"rendered":"\r\n<p>Ibiza, la isla de la magia y el lugar id\u00f3neo para conseguir la foto perfecta. Los que conocen la isla saben que es un para\u00edso y que sus muchos rincones pueden hacer de una simple fotograf\u00eda toda una obra de arte. Las personas que pasan por la isla son los testigos perfectos, y nos hacemos eco a trav\u00e9s de sus fotograf\u00edas colgadas en Instagram. El hashtag <strong>#PlayasolNow<\/strong> es uno de los m\u00e1s populares entre los turistas en Ibiza. Os dejamos con una selecci\u00f3n de las mejores postales:<\/p>\r\n\r\n\r\n\r\n<p><em><strong>Mirador de cala D\u2019hort<\/strong><\/em><\/p>\r\n\r\n\r\n\r\n<p>Mirador de cala D\u2019hort El lugar con m\u00e1s magnetismo de la isla. Un espacio donde muchos turistas y residentes se acercan para disfrutar de la puesta de sol, gracias a que ofrece unas vistas espectaculares del islote d\u2019Es Vedra. Una peque\u00f1a isla rodeada de mucho magnetismo y, para muchos, considerada lugar ic\u00f3nico de Ibiza. Una visita obligada para comenzar tu \u00e1lbum de fotograf\u00edas \u201cinstagrameables\u201d.<\/p>\r\n\r\n\r\n\r\n<figure class=\"wp-block-image\"><img loading=\"lazy\" decoding=\"async\" width=\"1024\" height=\"905\" class=\"wp-image-3575\" src=\"http:\/\/www.vibrahotels.com\/wp-content\/uploads\/2019\/09\/@ambrazanlungo-1024x905.jpg\" alt=\"\" srcset=\"https:\/\/www.vibrahotels.com\/blog\/wp-content\/uploads\/2019\/09\/@ambrazanlungo-1024x905.jpg 1024w, https:\/\/www.vibrahotels.com\/blog\/wp-content\/uploads\/2019\/09\/@ambrazanlungo-300x265.jpg 300w, https:\/\/www.vibrahotels.com\/blog\/wp-content\/uploads\/2019\/09\/@ambrazanlungo-768x678.jpg 768w, https:\/\/www.vibrahotels.com\/blog\/wp-content\/uploads\/2019\/09\/@ambrazanlungo.jpg 1080w\" sizes=\"auto, (max-width: 1024px) 100vw, 1024px\" \/>\r\n<figcaption>@ambrazanlungo<\/figcaption>\r\n<\/figure>\r\n\r\n\r\n\r\n<p><em><strong>Cala Tarida <\/strong><\/em><\/p>\r\n\r\n\r\n\r\n<p>Una de las playas m\u00e1s bonitas de la isla. Arena fina, agua cristalina y un ambiente familiar, todo lo necesario para pasar un gran d\u00eda y hacer que tus fotograf\u00edas sean las m\u00e1s comentadas en Instagram.<\/p>\r\n\r\n\r\n\r\n<figure class=\"wp-block-image\"><img loading=\"lazy\" decoding=\"async\" width=\"1024\" height=\"1024\" class=\"wp-image-3577\" src=\"http:\/\/www.vibrahotels.com\/wp-content\/uploads\/2019\/09\/68989250_2317674321679028_7446462247535354589_n-1024x1024.jpg\" alt=\"\" srcset=\"https:\/\/www.vibrahotels.com\/blog\/wp-content\/uploads\/2019\/09\/68989250_2317674321679028_7446462247535354589_n-1024x1024.jpg 1024w, https:\/\/www.vibrahotels.com\/blog\/wp-content\/uploads\/2019\/09\/68989250_2317674321679028_7446462247535354589_n-150x150.jpg 150w, https:\/\/www.vibrahotels.com\/blog\/wp-content\/uploads\/2019\/09\/68989250_2317674321679028_7446462247535354589_n-300x300.jpg 300w, https:\/\/www.vibrahotels.com\/blog\/wp-content\/uploads\/2019\/09\/68989250_2317674321679028_7446462247535354589_n-768x768.jpg 768w, https:\/\/www.vibrahotels.com\/blog\/wp-content\/uploads\/2019\/09\/68989250_2317674321679028_7446462247535354589_n.jpg 1080w\" sizes=\"auto, (max-width: 1024px) 100vw, 1024px\" \/>\r\n<figcaption>@deboracomperatore<\/figcaption>\r\n<\/figure>\r\n\r\n\r\n\r\n<figure class=\"wp-block-image\"><img loading=\"lazy\" decoding=\"async\" width=\"819\" height=\"1024\" class=\"wp-image-3579\" src=\"http:\/\/www.vibrahotels.com\/wp-content\/uploads\/2019\/09\/70756100_2340391099407161_9016504929430954368_n-819x1024.jpg\" alt=\"\" srcset=\"https:\/\/www.vibrahotels.com\/blog\/wp-content\/uploads\/2019\/09\/70756100_2340391099407161_9016504929430954368_n-819x1024.jpg 819w, https:\/\/www.vibrahotels.com\/blog\/wp-content\/uploads\/2019\/09\/70756100_2340391099407161_9016504929430954368_n-240x300.jpg 240w, https:\/\/www.vibrahotels.com\/blog\/wp-content\/uploads\/2019\/09\/70756100_2340391099407161_9016504929430954368_n-768x960.jpg 768w, https:\/\/www.vibrahotels.com\/blog\/wp-content\/uploads\/2019\/09\/70756100_2340391099407161_9016504929430954368_n.jpg 1080w\" sizes=\"auto, (max-width: 819px) 100vw, 819px\" \/>\r\n<figcaption>@lizaveta<\/figcaption>\r\n<\/figure>\r\n\r\n\r\n\r\n<p><em><strong>Sunset strip San Antonio<\/strong><\/em><\/p>\r\n\r\n\r\n\r\n<p>Si visitas Ibiza, una de las visitas obligadas es la puesta de sol en la costa de San Antonio. Esta puesta de sol es considerada por muchos como la m\u00e1s bonita del mundo, y miles de personas se agolpan d\u00eda tras d\u00edas para verla. Adem\u00e1s, en esta zona puedes tomar un cocktail en el famoso Caf\u00e9 Mambo mientras disfrutas del ambiente y de las vistas.<\/p>\r\n\r\n\r\n\r\n<figure class=\"wp-block-image\"><img loading=\"lazy\" decoding=\"async\" width=\"1024\" height=\"1024\" class=\"wp-image-3581\" src=\"http:\/\/www.vibrahotels.com\/wp-content\/uploads\/2019\/09\/67628931_2607160422629323_5035280287484643843_n-1024x1024.jpg\" alt=\"\" srcset=\"https:\/\/www.vibrahotels.com\/blog\/wp-content\/uploads\/2019\/09\/67628931_2607160422629323_5035280287484643843_n-1024x1024.jpg 1024w, https:\/\/www.vibrahotels.com\/blog\/wp-content\/uploads\/2019\/09\/67628931_2607160422629323_5035280287484643843_n-150x150.jpg 150w, https:\/\/www.vibrahotels.com\/blog\/wp-content\/uploads\/2019\/09\/67628931_2607160422629323_5035280287484643843_n-300x300.jpg 300w, https:\/\/www.vibrahotels.com\/blog\/wp-content\/uploads\/2019\/09\/67628931_2607160422629323_5035280287484643843_n-768x768.jpg 768w, https:\/\/www.vibrahotels.com\/blog\/wp-content\/uploads\/2019\/09\/67628931_2607160422629323_5035280287484643843_n.jpg 1080w\" sizes=\"auto, (max-width: 1024px) 100vw, 1024px\" \/>\r\n<figcaption>@jonathan_iglesias.sf<\/figcaption>\r\n<\/figure>\r\n\r\n\r\n\r\n<p><em><strong>Cala Compte<\/strong><\/em><\/p>\r\n\r\n\r\n\r\n<p>Otra magnifica playa con el islote \u201cs\u2019Illa des Bosc\u201d de fondo. En esta ocasi\u00f3n, Cala Compte es una de las playas m\u00e1s famosas de la isla por sus aguas cristalinas que har\u00e1n que los comentarios y likes de tus fotos suban como la espuma.<\/p>\r\n\r\n\r\n\r\n<figure class=\"wp-block-image\"><img loading=\"lazy\" decoding=\"async\" width=\"895\" height=\"1024\" class=\"wp-image-3583\" src=\"http:\/\/www.vibrahotels.com\/wp-content\/uploads\/2019\/09\/69236069_174080760426261_936025606939445323_n-895x1024.jpg\" alt=\"\" srcset=\"https:\/\/www.vibrahotels.com\/blog\/wp-content\/uploads\/2019\/09\/69236069_174080760426261_936025606939445323_n-895x1024.jpg 895w, https:\/\/www.vibrahotels.com\/blog\/wp-content\/uploads\/2019\/09\/69236069_174080760426261_936025606939445323_n-262x300.jpg 262w, https:\/\/www.vibrahotels.com\/blog\/wp-content\/uploads\/2019\/09\/69236069_174080760426261_936025606939445323_n-768x878.jpg 768w, https:\/\/www.vibrahotels.com\/blog\/wp-content\/uploads\/2019\/09\/69236069_174080760426261_936025606939445323_n.jpg 1080w\" sizes=\"auto, (max-width: 895px) 100vw, 895px\" \/>\r\n<figcaption>@le_petitnikol_as<\/figcaption>\r\n<\/figure>\r\n\r\n\r\n\r\n<p>Ahora que ya conoces varios lugares de Ibiza donde conseguir la mejor fotograf\u00eda, no tienes excusa para comenzar a coleccionar esas fotograf\u00edas que tanto deseas para tu feed de Instagram\u2026\u00a0 Si est\u00e1s o has estado alojado con <a href=\"https:\/\/www.playasolibizahotels.com\/es\">Playasol Ibiza Hotels<\/a>, etiqueta tus publicaciones con <strong>#playasolnow<\/strong> y forma parte de nuestro \u00e1lbum de recuerdos.<\/p>\r\n","protected":false},"excerpt":{"rendered":"<p>Ibiza, la isla de la magia y el lugar id\u00f3neo para conseguir la foto perfecta. Los que conocen la isla saben que es un para\u00edso y que sus muchos rincones pueden hacer de una simple fotograf\u00eda toda una obra de&#8230;<\/p>\n","protected":false},"author":1,"featured_media":3586,"comment_status":"open","ping_status":"open","sticky":false,"template":"","format":"standard","meta":{"footnotes":""},"categories":[1297],"tags":[942,1190],"class_list":["post-3574","post","type-post","status-publish","format-standard","has-post-thumbnail","hentry","category-travel","tag-san-antonio","tag-sunset-strip"],"yoast_head":"<!-- This site is optimized with the Yoast SEO plugin v27.4 - https:\/\/yoast.com\/product\/yoast-seo-wordpress\/ -->\n<title>Lugares m\u00e1s instagrameables de Ibiza - Islander by Vibra Hotels<\/title>\n<meta name=\"robots\" content=\"index, follow, max-snippet:-1, max-image-preview:large, max-video-preview:-1\" \/>\n<link rel=\"canonical\" href=\"https:\/\/www.vibrahotels.com\/blog\/lugares-mas-instagrameables-de-ibiza\/\" \/>\n<meta property=\"og:locale\" content=\"es_ES\" \/>\n<meta property=\"og:type\" content=\"article\" \/>\n<meta property=\"og:title\" content=\"Lugares m\u00e1s instagrameables de Ibiza - Islander by Vibra Hotels\" \/>\n<meta property=\"og:description\" content=\"Ibiza, la isla de la magia y el lugar id\u00f3neo para conseguir la foto perfecta. Los que conocen la isla saben que es un para\u00edso y que sus muchos rincones pueden hacer de una simple fotograf\u00eda toda una obra de...\" \/>\n<meta property=\"og:url\" content=\"https:\/\/www.vibrahotels.com\/blog\/lugares-mas-instagrameables-de-ibiza\/\" \/>\n<meta property=\"og:site_name\" content=\"Islander by Vibra Hotels\" \/>\n<meta property=\"article:published_time\" content=\"2019-09-30T08:43:50+00:00\" \/>\n<meta property=\"article:modified_time\" content=\"2022-08-29T10:43:51+00:00\" \/>\n<meta property=\"og:image\" content=\"https:\/\/www.vibrahotels.com\/blog\/wp-content\/uploads\/2019\/09\/shutterstock_1103650541-e1582804238112-1024x648.jpg\" \/>\n\t<meta property=\"og:image:width\" content=\"1024\" \/>\n\t<meta property=\"og:image:height\" content=\"648\" \/>\n\t<meta property=\"og:image:type\" content=\"image\/jpeg\" \/>\n<meta name=\"author\" content=\"The Ibiza Blog\" \/>\n<meta name=\"twitter:card\" content=\"summary_large_image\" \/>\n<meta name=\"twitter:label1\" content=\"Escrito por\" \/>\n\t<meta name=\"twitter:data1\" content=\"The Ibiza Blog\" \/>\n\t<meta name=\"twitter:label2\" content=\"Tiempo de lectura\" \/>\n\t<meta name=\"twitter:data2\" content=\"3 minutos\" \/>\n<script type=\"application\/ld+json\" class=\"yoast-schema-graph\">{\"@context\":\"https:\\\/\\\/schema.org\",\"@graph\":[{\"@type\":\"Article\",\"@id\":\"https:\\\/\\\/www.vibrahotels.com\\\/blog\\\/lugares-mas-instagrameables-de-ibiza\\\/#article\",\"isPartOf\":{\"@id\":\"https:\\\/\\\/www.vibrahotels.com\\\/blog\\\/lugares-mas-instagrameables-de-ibiza\\\/\"},\"author\":{\"name\":\"The Ibiza Blog\",\"@id\":\"https:\\\/\\\/www.vibrahotels.com\\\/blog\\\/#\\\/schema\\\/person\\\/ad74f13df6e44e7081ef65424f668972\"},\"headline\":\"Lugares m\u00e1s instagrameables de Ibiza\",\"datePublished\":\"2019-09-30T08:43:50+00:00\",\"dateModified\":\"2022-08-29T10:43:51+00:00\",\"mainEntityOfPage\":{\"@id\":\"https:\\\/\\\/www.vibrahotels.com\\\/blog\\\/lugares-mas-instagrameables-de-ibiza\\\/\"},\"wordCount\":405,\"commentCount\":0,\"image\":{\"@id\":\"https:\\\/\\\/www.vibrahotels.com\\\/blog\\\/lugares-mas-instagrameables-de-ibiza\\\/#primaryimage\"},\"thumbnailUrl\":\"https:\\\/\\\/www.vibrahotels.com\\\/blog\\\/wp-content\\\/uploads\\\/2019\\\/09\\\/shutterstock_1103650541-e1582804238112.jpg\",\"keywords\":[\"San Antonio\",\"sunset strip\"],\"articleSection\":[\"Travel\"],\"inLanguage\":\"es\",\"potentialAction\":[{\"@type\":\"CommentAction\",\"name\":\"Comment\",\"target\":[\"https:\\\/\\\/www.vibrahotels.com\\\/blog\\\/lugares-mas-instagrameables-de-ibiza\\\/#respond\"]}]},{\"@type\":\"WebPage\",\"@id\":\"https:\\\/\\\/www.vibrahotels.com\\\/blog\\\/lugares-mas-instagrameables-de-ibiza\\\/\",\"url\":\"https:\\\/\\\/www.vibrahotels.com\\\/blog\\\/lugares-mas-instagrameables-de-ibiza\\\/\",\"name\":\"Lugares m\u00e1s instagrameables de Ibiza - Islander by Vibra Hotels\",\"isPartOf\":{\"@id\":\"https:\\\/\\\/www.vibrahotels.com\\\/blog\\\/#website\"},\"primaryImageOfPage\":{\"@id\":\"https:\\\/\\\/www.vibrahotels.com\\\/blog\\\/lugares-mas-instagrameables-de-ibiza\\\/#primaryimage\"},\"image\":{\"@id\":\"https:\\\/\\\/www.vibrahotels.com\\\/blog\\\/lugares-mas-instagrameables-de-ibiza\\\/#primaryimage\"},\"thumbnailUrl\":\"https:\\\/\\\/www.vibrahotels.com\\\/blog\\\/wp-content\\\/uploads\\\/2019\\\/09\\\/shutterstock_1103650541-e1582804238112.jpg\",\"datePublished\":\"2019-09-30T08:43:50+00:00\",\"dateModified\":\"2022-08-29T10:43:51+00:00\",\"author\":{\"@id\":\"https:\\\/\\\/www.vibrahotels.com\\\/blog\\\/#\\\/schema\\\/person\\\/ad74f13df6e44e7081ef65424f668972\"},\"breadcrumb\":{\"@id\":\"https:\\\/\\\/www.vibrahotels.com\\\/blog\\\/lugares-mas-instagrameables-de-ibiza\\\/#breadcrumb\"},\"inLanguage\":\"es\",\"potentialAction\":[{\"@type\":\"ReadAction\",\"target\":[\"https:\\\/\\\/www.vibrahotels.com\\\/blog\\\/lugares-mas-instagrameables-de-ibiza\\\/\"]}]},{\"@type\":\"ImageObject\",\"inLanguage\":\"es\",\"@id\":\"https:\\\/\\\/www.vibrahotels.com\\\/blog\\\/lugares-mas-instagrameables-de-ibiza\\\/#primaryimage\",\"url\":\"https:\\\/\\\/www.vibrahotels.com\\\/blog\\\/wp-content\\\/uploads\\\/2019\\\/09\\\/shutterstock_1103650541-e1582804238112.jpg\",\"contentUrl\":\"https:\\\/\\\/www.vibrahotels.com\\\/blog\\\/wp-content\\\/uploads\\\/2019\\\/09\\\/shutterstock_1103650541-e1582804238112.jpg\",\"width\":3979,\"height\":2517,\"caption\":\"Lugares \\\"Instagrameables\\\" Ibiza\"},{\"@type\":\"BreadcrumbList\",\"@id\":\"https:\\\/\\\/www.vibrahotels.com\\\/blog\\\/lugares-mas-instagrameables-de-ibiza\\\/#breadcrumb\",\"itemListElement\":[{\"@type\":\"ListItem\",\"position\":1,\"name\":\"Portada\",\"item\":\"https:\\\/\\\/www.vibrahotels.com\\\/blog\\\/\"},{\"@type\":\"ListItem\",\"position\":2,\"name\":\"Lugares m\u00e1s instagrameables de Ibiza\"}]},{\"@type\":\"WebSite\",\"@id\":\"https:\\\/\\\/www.vibrahotels.com\\\/blog\\\/#website\",\"url\":\"https:\\\/\\\/www.vibrahotels.com\\\/blog\\\/\",\"name\":\"Islander by Vibra Hotels\",\"description\":\"\",\"potentialAction\":[{\"@type\":\"SearchAction\",\"target\":{\"@type\":\"EntryPoint\",\"urlTemplate\":\"https:\\\/\\\/www.vibrahotels.com\\\/blog\\\/?s={search_term_string}\"},\"query-input\":{\"@type\":\"PropertyValueSpecification\",\"valueRequired\":true,\"valueName\":\"search_term_string\"}}],\"inLanguage\":\"es\"},{\"@type\":\"Person\",\"@id\":\"https:\\\/\\\/www.vibrahotels.com\\\/blog\\\/#\\\/schema\\\/person\\\/ad74f13df6e44e7081ef65424f668972\",\"name\":\"The Ibiza Blog\",\"image\":{\"@type\":\"ImageObject\",\"inLanguage\":\"es\",\"@id\":\"https:\\\/\\\/secure.gravatar.com\\\/avatar\\\/d172713df318fe4ba11547ee4a70ab1eae0206026db57d7a5920186b9f5ee855?s=96&d=mm&r=g\",\"url\":\"https:\\\/\\\/secure.gravatar.com\\\/avatar\\\/d172713df318fe4ba11547ee4a70ab1eae0206026db57d7a5920186b9f5ee855?s=96&d=mm&r=g\",\"contentUrl\":\"https:\\\/\\\/secure.gravatar.com\\\/avatar\\\/d172713df318fe4ba11547ee4a70ab1eae0206026db57d7a5920186b9f5ee855?s=96&d=mm&r=g\",\"caption\":\"The Ibiza Blog\"},\"url\":\"https:\\\/\\\/www.vibrahotels.com\\\/blog\\\/author\\\/the-ibiza-blog\\\/\"}]}<\/script>\n<!-- \/ Yoast SEO plugin. -->","yoast_head_json":{"title":"Lugares m\u00e1s instagrameables de Ibiza - Islander by Vibra Hotels","robots":{"index":"index","follow":"follow","max-snippet":"max-snippet:-1","max-image-preview":"max-image-preview:large","max-video-preview":"max-video-preview:-1"},"canonical":"https:\/\/www.vibrahotels.com\/blog\/lugares-mas-instagrameables-de-ibiza\/","og_locale":"es_ES","og_type":"article","og_title":"Lugares m\u00e1s instagrameables de Ibiza - Islander by Vibra Hotels","og_description":"Ibiza, la isla de la magia y el lugar id\u00f3neo para conseguir la foto perfecta. Los que conocen la isla saben que es un para\u00edso y que sus muchos rincones pueden hacer de una simple fotograf\u00eda toda una obra de...","og_url":"https:\/\/www.vibrahotels.com\/blog\/lugares-mas-instagrameables-de-ibiza\/","og_site_name":"Islander by Vibra Hotels","article_published_time":"2019-09-30T08:43:50+00:00","article_modified_time":"2022-08-29T10:43:51+00:00","og_image":[{"width":1024,"height":648,"url":"https:\/\/www.vibrahotels.com\/blog\/wp-content\/uploads\/2019\/09\/shutterstock_1103650541-e1582804238112-1024x648.jpg","type":"image\/jpeg"}],"author":"The Ibiza Blog","twitter_card":"summary_large_image","twitter_misc":{"Escrito por":"The Ibiza Blog","Tiempo de lectura":"3 minutos"},"schema":{"@context":"https:\/\/schema.org","@graph":[{"@type":"Article","@id":"https:\/\/www.vibrahotels.com\/blog\/lugares-mas-instagrameables-de-ibiza\/#article","isPartOf":{"@id":"https:\/\/www.vibrahotels.com\/blog\/lugares-mas-instagrameables-de-ibiza\/"},"author":{"name":"The Ibiza Blog","@id":"https:\/\/www.vibrahotels.com\/blog\/#\/schema\/person\/ad74f13df6e44e7081ef65424f668972"},"headline":"Lugares m\u00e1s instagrameables de Ibiza","datePublished":"2019-09-30T08:43:50+00:00","dateModified":"2022-08-29T10:43:51+00:00","mainEntityOfPage":{"@id":"https:\/\/www.vibrahotels.com\/blog\/lugares-mas-instagrameables-de-ibiza\/"},"wordCount":405,"commentCount":0,"image":{"@id":"https:\/\/www.vibrahotels.com\/blog\/lugares-mas-instagrameables-de-ibiza\/#primaryimage"},"thumbnailUrl":"https:\/\/www.vibrahotels.com\/blog\/wp-content\/uploads\/2019\/09\/shutterstock_1103650541-e1582804238112.jpg","keywords":["San Antonio","sunset strip"],"articleSection":["Travel"],"inLanguage":"es","potentialAction":[{"@type":"CommentAction","name":"Comment","target":["https:\/\/www.vibrahotels.com\/blog\/lugares-mas-instagrameables-de-ibiza\/#respond"]}]},{"@type":"WebPage","@id":"https:\/\/www.vibrahotels.com\/blog\/lugares-mas-instagrameables-de-ibiza\/","url":"https:\/\/www.vibrahotels.com\/blog\/lugares-mas-instagrameables-de-ibiza\/","name":"Lugares m\u00e1s instagrameables de Ibiza - Islander by Vibra Hotels","isPartOf":{"@id":"https:\/\/www.vibrahotels.com\/blog\/#website"},"primaryImageOfPage":{"@id":"https:\/\/www.vibrahotels.com\/blog\/lugares-mas-instagrameables-de-ibiza\/#primaryimage"},"image":{"@id":"https:\/\/www.vibrahotels.com\/blog\/lugares-mas-instagrameables-de-ibiza\/#primaryimage"},"thumbnailUrl":"https:\/\/www.vibrahotels.com\/blog\/wp-content\/uploads\/2019\/09\/shutterstock_1103650541-e1582804238112.jpg","datePublished":"2019-09-30T08:43:50+00:00","dateModified":"2022-08-29T10:43:51+00:00","author":{"@id":"https:\/\/www.vibrahotels.com\/blog\/#\/schema\/person\/ad74f13df6e44e7081ef65424f668972"},"breadcrumb":{"@id":"https:\/\/www.vibrahotels.com\/blog\/lugares-mas-instagrameables-de-ibiza\/#breadcrumb"},"inLanguage":"es","potentialAction":[{"@type":"ReadAction","target":["https:\/\/www.vibrahotels.com\/blog\/lugares-mas-instagrameables-de-ibiza\/"]}]},{"@type":"ImageObject","inLanguage":"es","@id":"https:\/\/www.vibrahotels.com\/blog\/lugares-mas-instagrameables-de-ibiza\/#primaryimage","url":"https:\/\/www.vibrahotels.com\/blog\/wp-content\/uploads\/2019\/09\/shutterstock_1103650541-e1582804238112.jpg","contentUrl":"https:\/\/www.vibrahotels.com\/blog\/wp-content\/uploads\/2019\/09\/shutterstock_1103650541-e1582804238112.jpg","width":3979,"height":2517,"caption":"Lugares \"Instagrameables\" Ibiza"},{"@type":"BreadcrumbList","@id":"https:\/\/www.vibrahotels.com\/blog\/lugares-mas-instagrameables-de-ibiza\/#breadcrumb","itemListElement":[{"@type":"ListItem","position":1,"name":"Portada","item":"https:\/\/www.vibrahotels.com\/blog\/"},{"@type":"ListItem","position":2,"name":"Lugares m\u00e1s instagrameables de Ibiza"}]},{"@type":"WebSite","@id":"https:\/\/www.vibrahotels.com\/blog\/#website","url":"https:\/\/www.vibrahotels.com\/blog\/","name":"Islander by Vibra Hotels","description":"","potentialAction":[{"@type":"SearchAction","target":{"@type":"EntryPoint","urlTemplate":"https:\/\/www.vibrahotels.com\/blog\/?s={search_term_string}"},"query-input":{"@type":"PropertyValueSpecification","valueRequired":true,"valueName":"search_term_string"}}],"inLanguage":"es"},{"@type":"Person","@id":"https:\/\/www.vibrahotels.com\/blog\/#\/schema\/person\/ad74f13df6e44e7081ef65424f668972","name":"The Ibiza Blog","image":{"@type":"ImageObject","inLanguage":"es","@id":"https:\/\/secure.gravatar.com\/avatar\/d172713df318fe4ba11547ee4a70ab1eae0206026db57d7a5920186b9f5ee855?s=96&d=mm&r=g","url":"https:\/\/secure.gravatar.com\/avatar\/d172713df318fe4ba11547ee4a70ab1eae0206026db57d7a5920186b9f5ee855?s=96&d=mm&r=g","contentUrl":"https:\/\/secure.gravatar.com\/avatar\/d172713df318fe4ba11547ee4a70ab1eae0206026db57d7a5920186b9f5ee855?s=96&d=mm&r=g","caption":"The Ibiza Blog"},"url":"https:\/\/www.vibrahotels.com\/blog\/author\/the-ibiza-blog\/"}]}},"_links":{"self":[{"href":"https:\/\/www.vibrahotels.com\/blog\/wp-json\/wp\/v2\/posts\/3574","targetHints":{"allow":["GET"]}}],"collection":[{"href":"https:\/\/www.vibrahotels.com\/blog\/wp-json\/wp\/v2\/posts"}],"about":[{"href":"https:\/\/www.vibrahotels.com\/blog\/wp-json\/wp\/v2\/types\/post"}],"author":[{"embeddable":true,"href":"https:\/\/www.vibrahotels.com\/blog\/wp-json\/wp\/v2\/users\/1"}],"replies":[{"embeddable":true,"href":"https:\/\/www.vibrahotels.com\/blog\/wp-json\/wp\/v2\/comments?post=3574"}],"version-history":[{"count":1,"href":"https:\/\/www.vibrahotels.com\/blog\/wp-json\/wp\/v2\/posts\/3574\/revisions"}],"predecessor-version":[{"id":5911,"href":"https:\/\/www.vibrahotels.com\/blog\/wp-json\/wp\/v2\/posts\/3574\/revisions\/5911"}],"wp:featuredmedia":[{"embeddable":true,"href":"https:\/\/www.vibrahotels.com\/blog\/wp-json\/wp\/v2\/media\/3586"}],"wp:attachment":[{"href":"https:\/\/www.vibrahotels.com\/blog\/wp-json\/wp\/v2\/media?parent=3574"}],"wp:term":[{"taxonomy":"category","embeddable":true,"href":"https:\/\/www.vibrahotels.com\/blog\/wp-json\/wp\/v2\/categories?post=3574"},{"taxonomy":"post_tag","embeddable":true,"href":"https:\/\/www.vibrahotels.com\/blog\/wp-json\/wp\/v2\/tags?post=3574"}],"curies":[{"name":"wp","href":"https:\/\/api.w.org\/{rel}","templated":true}]}}