{"id":3535,"date":"2019-09-03T13:03:53","date_gmt":"2019-09-03T11:03:53","guid":{"rendered":"http:\/\/www.vibrahotels.com\/?p=3535"},"modified":"2020-03-11T11:56:48","modified_gmt":"2020-03-11T10:56:48","slug":"5-razones-para-visitar-ibiza-en-septiembre","status":"publish","type":"post","link":"https:\/\/www.vibrahotels.com\/blog\/5-razones-para-visitar-ibiza-en-septiembre\/","title":{"rendered":"5 razones para visitar Ibiza en septiembre"},"content":{"rendered":"\r\n<p>Ibiza es el para\u00edso natural del Mediterr\u00e1neo, y en septiembre brilla con toda su luz y hermosura. Las aglomeraciones de turistas se acabaron, el sol sigue bronceando y la isla recupera todo su esplendor, su energ\u00eda y color.<\/p>\r\n\r\n\r\n\r\n<p>\u00a1Sin duda el mes perfecto para una escapada! 210 kil\u00f3metros de playa te esperan, y sus deliciosas calas de aguas turquesas, parques naturales y espectaculares acantilados son redescubiertos por los amantes de la llamada Ibiza aut\u00e9ntica.<\/p>\r\n\r\n\r\n\r\n<p>Ibiza, en septiembre, se convierte en el para\u00edso ideal para perderse unos d\u00edas, unos meses o, s\u00f3lo para algunos afortunados, toda la vida.<\/p>\r\n\r\n\r\n\r\n<p>Te dejamos algunas razones para escaparte s\u00ed o s\u00ed:<\/p>\r\n\r\n\r\n\r\n<p><strong>\u00bfTe gusta la fiesta?<\/strong><\/p>\r\n\r\n\r\n\r\n<p>En Ibiza, los Dj\u2019s m\u00e1s importantes suelen tener sus residencias semanales en las discotecas m\u00e1s famosas en temporada alta. En septiembre, es una buena oportunidad para disfrutar de muchas de ellas hasta la celebraci\u00f3n de sus closing parties, las fiestas de cierre que tienen lugar en la mayor\u00eda de los casos a final de mes. Recomendamos visitar Amnesia o Heart Ibiza si eres un buen amante de la fiesta Ibicenca.<\/p>\r\n\r\n\r\n\r\n<p><strong>A\u00fan calienta el sol<\/strong><\/p>\r\n\r\n\r\n\r\n<p>Las temperaturas se suavizan, aunque sigue apretando el calor, ideal si lo que quieres es visitar cada rinc\u00f3n de la isla o si prefieres conocer cada una de las maravillosas calas y playas de agua turquesa de la isla.<\/p>\r\n\r\n\r\n\r\n<p><strong>Evita aglomeraciones<\/strong><\/p>\r\n\r\n\r\n\r\n<p>Adem\u00e1s, si eliges Ibiza en el mes de septiembre, olv\u00eddate de largas colas de espera en restaurantes y beach clubs, las masificaciones de turistas han desaparecido y ya no encontrar\u00e1s los temidos atascos de tr\u00e1fico o playas y calas saturadas. Rel\u00e1jate tomando un coctel en playas casi desiertas y\u00a0 consigue desconectar de la rutina. Ibiza es tu destino en esta \u00e9poca del a\u00f1o.<\/p>\r\n\r\n\r\n\r\n<p><strong>\u00bfBuscando un mejor precio?<\/strong><\/p>\r\n\r\n\r\n\r\n<p>El coste de los alojamientos comienza a descender, los complejos hoteleros dejan de ofertar sus habitaciones a precio de temporada alta. Si finalmente decides alojarte en apartamentos u hoteles en Ibiza, los que sin duda te ofrecen la mejor calidad precio son los de la cadena <a href=\"https:\/\/www.playasolibizahotels.com\/es\">Playasol Ibiza Hotels<\/a>.<\/p>\r\n\r\n\r\n\r\n<p><strong>Antes de empezar la rutina\u2026.<\/strong><\/p>\r\n\r\n\r\n\r\n<p>\u00a1Date un capricho antes de comenzar con la rutina! Si eres de los afortunados que pueden alargar sus vacaciones o disfrutarlas durante septiembre, no lo dudes y reserva tu viaje en Ibiza. \u00a1Te lo mereces!<\/p>\r\n","protected":false},"excerpt":{"rendered":"<p>Ibiza es el para\u00edso natural del Mediterr\u00e1neo, y en septiembre brilla con toda su luz y hermosura. Las aglomeraciones de turistas se acabaron, el sol sigue bronceando y la isla recupera todo su esplendor, su energ\u00eda y color. \u00a1Sin duda&#8230;<\/p>\n","protected":false},"author":1,"featured_media":4888,"comment_status":"open","ping_status":"open","sticky":false,"template":"","format":"standard","meta":{"footnotes":""},"categories":[1297],"tags":[],"class_list":["post-3535","post","type-post","status-publish","format-standard","has-post-thumbnail","hentry","category-travel"],"yoast_head":"<!-- This site is optimized with the Yoast SEO plugin v27.4 - https:\/\/yoast.com\/product\/yoast-seo-wordpress\/ -->\n<title>5 razones para visitar Ibiza en septiembre - Islander by Vibra Hotels<\/title>\n<meta name=\"robots\" content=\"index, follow, max-snippet:-1, max-image-preview:large, max-video-preview:-1\" \/>\n<link rel=\"canonical\" href=\"https:\/\/www.vibrahotels.com\/blog\/5-razones-para-visitar-ibiza-en-septiembre\/\" \/>\n<meta property=\"og:locale\" content=\"es_ES\" \/>\n<meta property=\"og:type\" content=\"article\" \/>\n<meta property=\"og:title\" content=\"5 razones para visitar Ibiza en septiembre - Islander by Vibra Hotels\" \/>\n<meta property=\"og:description\" content=\"Ibiza es el para\u00edso natural del Mediterr\u00e1neo, y en septiembre brilla con toda su luz y hermosura. Las aglomeraciones de turistas se acabaron, el sol sigue bronceando y la isla recupera todo su esplendor, su energ\u00eda y color. \u00a1Sin duda...\" \/>\n<meta property=\"og:url\" content=\"https:\/\/www.vibrahotels.com\/blog\/5-razones-para-visitar-ibiza-en-septiembre\/\" \/>\n<meta property=\"og:site_name\" content=\"Islander by Vibra Hotels\" \/>\n<meta property=\"article:published_time\" content=\"2019-09-03T11:03:53+00:00\" \/>\n<meta property=\"article:modified_time\" content=\"2020-03-11T10:56:48+00:00\" \/>\n<meta property=\"og:image\" content=\"https:\/\/www.vibrahotels.com\/blog\/wp-content\/uploads\/2019\/09\/shutterstock_197210675_ret.jpg\" \/>\n\t<meta property=\"og:image:width\" content=\"1140\" \/>\n\t<meta property=\"og:image:height\" content=\"760\" \/>\n\t<meta property=\"og:image:type\" content=\"image\/jpeg\" \/>\n<meta name=\"author\" content=\"The Ibiza Blog\" \/>\n<meta name=\"twitter:card\" content=\"summary_large_image\" \/>\n<meta name=\"twitter:label1\" content=\"Escrito por\" \/>\n\t<meta name=\"twitter:data1\" content=\"The Ibiza Blog\" \/>\n\t<meta name=\"twitter:label2\" content=\"Tiempo de lectura\" \/>\n\t<meta name=\"twitter:data2\" content=\"2 minutos\" \/>\n<script type=\"application\/ld+json\" class=\"yoast-schema-graph\">{\"@context\":\"https:\\\/\\\/schema.org\",\"@graph\":[{\"@type\":\"Article\",\"@id\":\"https:\\\/\\\/www.vibrahotels.com\\\/blog\\\/5-razones-para-visitar-ibiza-en-septiembre\\\/#article\",\"isPartOf\":{\"@id\":\"https:\\\/\\\/www.vibrahotels.com\\\/blog\\\/5-razones-para-visitar-ibiza-en-septiembre\\\/\"},\"author\":{\"name\":\"The Ibiza Blog\",\"@id\":\"https:\\\/\\\/www.vibrahotels.com\\\/blog\\\/#\\\/schema\\\/person\\\/ad74f13df6e44e7081ef65424f668972\"},\"headline\":\"5 razones para visitar Ibiza en septiembre\",\"datePublished\":\"2019-09-03T11:03:53+00:00\",\"dateModified\":\"2020-03-11T10:56:48+00:00\",\"mainEntityOfPage\":{\"@id\":\"https:\\\/\\\/www.vibrahotels.com\\\/blog\\\/5-razones-para-visitar-ibiza-en-septiembre\\\/\"},\"wordCount\":407,\"commentCount\":0,\"image\":{\"@id\":\"https:\\\/\\\/www.vibrahotels.com\\\/blog\\\/5-razones-para-visitar-ibiza-en-septiembre\\\/#primaryimage\"},\"thumbnailUrl\":\"https:\\\/\\\/www.vibrahotels.com\\\/blog\\\/wp-content\\\/uploads\\\/2019\\\/09\\\/shutterstock_197210675_ret.jpg\",\"articleSection\":[\"Travel\"],\"inLanguage\":\"es\",\"potentialAction\":[{\"@type\":\"CommentAction\",\"name\":\"Comment\",\"target\":[\"https:\\\/\\\/www.vibrahotels.com\\\/blog\\\/5-razones-para-visitar-ibiza-en-septiembre\\\/#respond\"]}]},{\"@type\":\"WebPage\",\"@id\":\"https:\\\/\\\/www.vibrahotels.com\\\/blog\\\/5-razones-para-visitar-ibiza-en-septiembre\\\/\",\"url\":\"https:\\\/\\\/www.vibrahotels.com\\\/blog\\\/5-razones-para-visitar-ibiza-en-septiembre\\\/\",\"name\":\"5 razones para visitar Ibiza en septiembre - Islander by Vibra Hotels\",\"isPartOf\":{\"@id\":\"https:\\\/\\\/www.vibrahotels.com\\\/blog\\\/#website\"},\"primaryImageOfPage\":{\"@id\":\"https:\\\/\\\/www.vibrahotels.com\\\/blog\\\/5-razones-para-visitar-ibiza-en-septiembre\\\/#primaryimage\"},\"image\":{\"@id\":\"https:\\\/\\\/www.vibrahotels.com\\\/blog\\\/5-razones-para-visitar-ibiza-en-septiembre\\\/#primaryimage\"},\"thumbnailUrl\":\"https:\\\/\\\/www.vibrahotels.com\\\/blog\\\/wp-content\\\/uploads\\\/2019\\\/09\\\/shutterstock_197210675_ret.jpg\",\"datePublished\":\"2019-09-03T11:03:53+00:00\",\"dateModified\":\"2020-03-11T10:56:48+00:00\",\"author\":{\"@id\":\"https:\\\/\\\/www.vibrahotels.com\\\/blog\\\/#\\\/schema\\\/person\\\/ad74f13df6e44e7081ef65424f668972\"},\"breadcrumb\":{\"@id\":\"https:\\\/\\\/www.vibrahotels.com\\\/blog\\\/5-razones-para-visitar-ibiza-en-septiembre\\\/#breadcrumb\"},\"inLanguage\":\"es\",\"potentialAction\":[{\"@type\":\"ReadAction\",\"target\":[\"https:\\\/\\\/www.vibrahotels.com\\\/blog\\\/5-razones-para-visitar-ibiza-en-septiembre\\\/\"]}]},{\"@type\":\"ImageObject\",\"inLanguage\":\"es\",\"@id\":\"https:\\\/\\\/www.vibrahotels.com\\\/blog\\\/5-razones-para-visitar-ibiza-en-septiembre\\\/#primaryimage\",\"url\":\"https:\\\/\\\/www.vibrahotels.com\\\/blog\\\/wp-content\\\/uploads\\\/2019\\\/09\\\/shutterstock_197210675_ret.jpg\",\"contentUrl\":\"https:\\\/\\\/www.vibrahotels.com\\\/blog\\\/wp-content\\\/uploads\\\/2019\\\/09\\\/shutterstock_197210675_ret.jpg\",\"width\":1140,\"height\":760},{\"@type\":\"BreadcrumbList\",\"@id\":\"https:\\\/\\\/www.vibrahotels.com\\\/blog\\\/5-razones-para-visitar-ibiza-en-septiembre\\\/#breadcrumb\",\"itemListElement\":[{\"@type\":\"ListItem\",\"position\":1,\"name\":\"Portada\",\"item\":\"https:\\\/\\\/www.vibrahotels.com\\\/blog\\\/\"},{\"@type\":\"ListItem\",\"position\":2,\"name\":\"5 razones para visitar Ibiza en septiembre\"}]},{\"@type\":\"WebSite\",\"@id\":\"https:\\\/\\\/www.vibrahotels.com\\\/blog\\\/#website\",\"url\":\"https:\\\/\\\/www.vibrahotels.com\\\/blog\\\/\",\"name\":\"Islander by Vibra Hotels\",\"description\":\"\",\"potentialAction\":[{\"@type\":\"SearchAction\",\"target\":{\"@type\":\"EntryPoint\",\"urlTemplate\":\"https:\\\/\\\/www.vibrahotels.com\\\/blog\\\/?s={search_term_string}\"},\"query-input\":{\"@type\":\"PropertyValueSpecification\",\"valueRequired\":true,\"valueName\":\"search_term_string\"}}],\"inLanguage\":\"es\"},{\"@type\":\"Person\",\"@id\":\"https:\\\/\\\/www.vibrahotels.com\\\/blog\\\/#\\\/schema\\\/person\\\/ad74f13df6e44e7081ef65424f668972\",\"name\":\"The Ibiza Blog\",\"image\":{\"@type\":\"ImageObject\",\"inLanguage\":\"es\",\"@id\":\"https:\\\/\\\/secure.gravatar.com\\\/avatar\\\/d172713df318fe4ba11547ee4a70ab1eae0206026db57d7a5920186b9f5ee855?s=96&d=mm&r=g\",\"url\":\"https:\\\/\\\/secure.gravatar.com\\\/avatar\\\/d172713df318fe4ba11547ee4a70ab1eae0206026db57d7a5920186b9f5ee855?s=96&d=mm&r=g\",\"contentUrl\":\"https:\\\/\\\/secure.gravatar.com\\\/avatar\\\/d172713df318fe4ba11547ee4a70ab1eae0206026db57d7a5920186b9f5ee855?s=96&d=mm&r=g\",\"caption\":\"The Ibiza Blog\"},\"url\":\"https:\\\/\\\/www.vibrahotels.com\\\/blog\\\/author\\\/the-ibiza-blog\\\/\"}]}<\/script>\n<!-- \/ Yoast SEO plugin. -->","yoast_head_json":{"title":"5 razones para visitar Ibiza en septiembre - Islander by Vibra Hotels","robots":{"index":"index","follow":"follow","max-snippet":"max-snippet:-1","max-image-preview":"max-image-preview:large","max-video-preview":"max-video-preview:-1"},"canonical":"https:\/\/www.vibrahotels.com\/blog\/5-razones-para-visitar-ibiza-en-septiembre\/","og_locale":"es_ES","og_type":"article","og_title":"5 razones para visitar Ibiza en septiembre - Islander by Vibra Hotels","og_description":"Ibiza es el para\u00edso natural del Mediterr\u00e1neo, y en septiembre brilla con toda su luz y hermosura. Las aglomeraciones de turistas se acabaron, el sol sigue bronceando y la isla recupera todo su esplendor, su energ\u00eda y color. \u00a1Sin duda...","og_url":"https:\/\/www.vibrahotels.com\/blog\/5-razones-para-visitar-ibiza-en-septiembre\/","og_site_name":"Islander by Vibra Hotels","article_published_time":"2019-09-03T11:03:53+00:00","article_modified_time":"2020-03-11T10:56:48+00:00","og_image":[{"width":1140,"height":760,"url":"https:\/\/www.vibrahotels.com\/blog\/wp-content\/uploads\/2019\/09\/shutterstock_197210675_ret.jpg","type":"image\/jpeg"}],"author":"The Ibiza Blog","twitter_card":"summary_large_image","twitter_misc":{"Escrito por":"The Ibiza Blog","Tiempo de lectura":"2 minutos"},"schema":{"@context":"https:\/\/schema.org","@graph":[{"@type":"Article","@id":"https:\/\/www.vibrahotels.com\/blog\/5-razones-para-visitar-ibiza-en-septiembre\/#article","isPartOf":{"@id":"https:\/\/www.vibrahotels.com\/blog\/5-razones-para-visitar-ibiza-en-septiembre\/"},"author":{"name":"The Ibiza Blog","@id":"https:\/\/www.vibrahotels.com\/blog\/#\/schema\/person\/ad74f13df6e44e7081ef65424f668972"},"headline":"5 razones para visitar Ibiza en septiembre","datePublished":"2019-09-03T11:03:53+00:00","dateModified":"2020-03-11T10:56:48+00:00","mainEntityOfPage":{"@id":"https:\/\/www.vibrahotels.com\/blog\/5-razones-para-visitar-ibiza-en-septiembre\/"},"wordCount":407,"commentCount":0,"image":{"@id":"https:\/\/www.vibrahotels.com\/blog\/5-razones-para-visitar-ibiza-en-septiembre\/#primaryimage"},"thumbnailUrl":"https:\/\/www.vibrahotels.com\/blog\/wp-content\/uploads\/2019\/09\/shutterstock_197210675_ret.jpg","articleSection":["Travel"],"inLanguage":"es","potentialAction":[{"@type":"CommentAction","name":"Comment","target":["https:\/\/www.vibrahotels.com\/blog\/5-razones-para-visitar-ibiza-en-septiembre\/#respond"]}]},{"@type":"WebPage","@id":"https:\/\/www.vibrahotels.com\/blog\/5-razones-para-visitar-ibiza-en-septiembre\/","url":"https:\/\/www.vibrahotels.com\/blog\/5-razones-para-visitar-ibiza-en-septiembre\/","name":"5 razones para visitar Ibiza en septiembre - Islander by Vibra Hotels","isPartOf":{"@id":"https:\/\/www.vibrahotels.com\/blog\/#website"},"primaryImageOfPage":{"@id":"https:\/\/www.vibrahotels.com\/blog\/5-razones-para-visitar-ibiza-en-septiembre\/#primaryimage"},"image":{"@id":"https:\/\/www.vibrahotels.com\/blog\/5-razones-para-visitar-ibiza-en-septiembre\/#primaryimage"},"thumbnailUrl":"https:\/\/www.vibrahotels.com\/blog\/wp-content\/uploads\/2019\/09\/shutterstock_197210675_ret.jpg","datePublished":"2019-09-03T11:03:53+00:00","dateModified":"2020-03-11T10:56:48+00:00","author":{"@id":"https:\/\/www.vibrahotels.com\/blog\/#\/schema\/person\/ad74f13df6e44e7081ef65424f668972"},"breadcrumb":{"@id":"https:\/\/www.vibrahotels.com\/blog\/5-razones-para-visitar-ibiza-en-septiembre\/#breadcrumb"},"inLanguage":"es","potentialAction":[{"@type":"ReadAction","target":["https:\/\/www.vibrahotels.com\/blog\/5-razones-para-visitar-ibiza-en-septiembre\/"]}]},{"@type":"ImageObject","inLanguage":"es","@id":"https:\/\/www.vibrahotels.com\/blog\/5-razones-para-visitar-ibiza-en-septiembre\/#primaryimage","url":"https:\/\/www.vibrahotels.com\/blog\/wp-content\/uploads\/2019\/09\/shutterstock_197210675_ret.jpg","contentUrl":"https:\/\/www.vibrahotels.com\/blog\/wp-content\/uploads\/2019\/09\/shutterstock_197210675_ret.jpg","width":1140,"height":760},{"@type":"BreadcrumbList","@id":"https:\/\/www.vibrahotels.com\/blog\/5-razones-para-visitar-ibiza-en-septiembre\/#breadcrumb","itemListElement":[{"@type":"ListItem","position":1,"name":"Portada","item":"https:\/\/www.vibrahotels.com\/blog\/"},{"@type":"ListItem","position":2,"name":"5 razones para visitar Ibiza en septiembre"}]},{"@type":"WebSite","@id":"https:\/\/www.vibrahotels.com\/blog\/#website","url":"https:\/\/www.vibrahotels.com\/blog\/","name":"Islander by Vibra Hotels","description":"","potentialAction":[{"@type":"SearchAction","target":{"@type":"EntryPoint","urlTemplate":"https:\/\/www.vibrahotels.com\/blog\/?s={search_term_string}"},"query-input":{"@type":"PropertyValueSpecification","valueRequired":true,"valueName":"search_term_string"}}],"inLanguage":"es"},{"@type":"Person","@id":"https:\/\/www.vibrahotels.com\/blog\/#\/schema\/person\/ad74f13df6e44e7081ef65424f668972","name":"The Ibiza Blog","image":{"@type":"ImageObject","inLanguage":"es","@id":"https:\/\/secure.gravatar.com\/avatar\/d172713df318fe4ba11547ee4a70ab1eae0206026db57d7a5920186b9f5ee855?s=96&d=mm&r=g","url":"https:\/\/secure.gravatar.com\/avatar\/d172713df318fe4ba11547ee4a70ab1eae0206026db57d7a5920186b9f5ee855?s=96&d=mm&r=g","contentUrl":"https:\/\/secure.gravatar.com\/avatar\/d172713df318fe4ba11547ee4a70ab1eae0206026db57d7a5920186b9f5ee855?s=96&d=mm&r=g","caption":"The Ibiza Blog"},"url":"https:\/\/www.vibrahotels.com\/blog\/author\/the-ibiza-blog\/"}]}},"_links":{"self":[{"href":"https:\/\/www.vibrahotels.com\/blog\/wp-json\/wp\/v2\/posts\/3535","targetHints":{"allow":["GET"]}}],"collection":[{"href":"https:\/\/www.vibrahotels.com\/blog\/wp-json\/wp\/v2\/posts"}],"about":[{"href":"https:\/\/www.vibrahotels.com\/blog\/wp-json\/wp\/v2\/types\/post"}],"author":[{"embeddable":true,"href":"https:\/\/www.vibrahotels.com\/blog\/wp-json\/wp\/v2\/users\/1"}],"replies":[{"embeddable":true,"href":"https:\/\/www.vibrahotels.com\/blog\/wp-json\/wp\/v2\/comments?post=3535"}],"version-history":[{"count":0,"href":"https:\/\/www.vibrahotels.com\/blog\/wp-json\/wp\/v2\/posts\/3535\/revisions"}],"wp:featuredmedia":[{"embeddable":true,"href":"https:\/\/www.vibrahotels.com\/blog\/wp-json\/wp\/v2\/media\/4888"}],"wp:attachment":[{"href":"https:\/\/www.vibrahotels.com\/blog\/wp-json\/wp\/v2\/media?parent=3535"}],"wp:term":[{"taxonomy":"category","embeddable":true,"href":"https:\/\/www.vibrahotels.com\/blog\/wp-json\/wp\/v2\/categories?post=3535"},{"taxonomy":"post_tag","embeddable":true,"href":"https:\/\/www.vibrahotels.com\/blog\/wp-json\/wp\/v2\/tags?post=3535"}],"curies":[{"name":"wp","href":"https:\/\/api.w.org\/{rel}","templated":true}]}}