{"id":3501,"date":"2019-08-28T10:24:40","date_gmt":"2019-08-28T08:24:40","guid":{"rendered":"http:\/\/www.vibrahotels.com\/?p=3501"},"modified":"2022-08-29T12:38:36","modified_gmt":"2022-08-29T10:38:36","slug":"4-calas-para-perderse-en-ibiza","status":"publish","type":"post","link":"https:\/\/www.vibrahotels.com\/blog\/4-calas-para-perderse-en-ibiza\/","title":{"rendered":"4 calas para perderse en Ibiza"},"content":{"rendered":"\r\n<p>Ibiza esconde rincones y calas maravillosas donde perderse y pasar un d\u00eda en familia, con amigos o en pareja, con opciones para todos los gustos. En este nuevo post, hemos recopilado una selecci\u00f3n de las mejores calas de Ibiza para que puedas visitarlas durante tu estancia. \u00bfA qu\u00e9 est\u00e1s esperando para conocerlas?\u00a0 \u00a0<\/p>\r\n\r\n\r\n\r\n<p><strong>Cala D\u2019Hort<\/strong>.<\/p>\r\n\r\n\r\n\r\n<p>El lugar con m\u00e1s magnetismo de la isla. Una cala peque\u00f1a cuyo mayor encanto son las vistas a los islotes de Es Vedra y Es Vedranell. La playa se encuentra en el municipio de Sant Josep de Sa Talaia y el acceso es bastante f\u00e1cil, ya sea en coche o en moto, aunque en temporada alta ser\u00e1 dif\u00edcil aparcar. Esta playa cuenta con dos chiringuitos muy demandados por su comida t\u00edtpica ibicenca, con especialidades como el Bullit de Peix o la paella, El Carmen y Es Boldad\u00f3. Tambi\u00e9n cuentan con una peque\u00f1a boutique donde comprar peque\u00f1os souvenirs.<\/p>\r\n\r\n\r\n\r\n<p>En definitiva, una playa de arena fina rodeada de acantilados y con unas vistas maravillosas, ideal para conocer la esencia y magnetismo de una isla m\u00e1gica.<\/p>\r\n\r\n\r\n\r\n<figure class=\"wp-block-image\"><img loading=\"lazy\" decoding=\"async\" width=\"1000\" height=\"667\" class=\"wp-image-3502\" src=\"http:\/\/www.vibrahotels.com\/wp-content\/uploads\/2019\/08\/cala-dhort-1.jpg\" alt=\"\" srcset=\"https:\/\/www.vibrahotels.com\/blog\/wp-content\/uploads\/2019\/08\/cala-dhort-1.jpg 1000w, https:\/\/www.vibrahotels.com\/blog\/wp-content\/uploads\/2019\/08\/cala-dhort-1-300x200.jpg 300w, https:\/\/www.vibrahotels.com\/blog\/wp-content\/uploads\/2019\/08\/cala-dhort-1-768x512.jpg 768w\" sizes=\"auto, (max-width: 1000px) 100vw, 1000px\" \/><\/figure>\r\n\r\n\r\n\r\n<p><strong>Cala d\u2019en Serra<\/strong>.<\/p>\r\n\r\n\r\n\r\n<p>Situada en el norte de la isla, en el municipio de Sant Joan de Labritja. Una de las calas menos conocidas y pr\u00e1cticamente virgen de apenas 50 metros de largo, que se ha mantenido intacta gracias a su dif\u00edcil acceso en coche.<\/p>\r\n\r\n\r\n\r\n<p>Una vez consigues llegar al lugar, el agua cristalina y tranquila invita a realizar snorkeling y disfrutar de la vida marina. Un peque\u00f1o chiringuito ofrece bocadillos y snacks para quitar el gusanillo.<\/p>\r\n\r\n\r\n\r\n<figure class=\"wp-block-image\"><img loading=\"lazy\" decoding=\"async\" width=\"1024\" height=\"683\" class=\"wp-image-3504\" src=\"http:\/\/www.vibrahotels.com\/wp-content\/uploads\/2019\/08\/cala-den-serra-1-1024x683.jpg\" alt=\"\" srcset=\"https:\/\/www.vibrahotels.com\/blog\/wp-content\/uploads\/2019\/08\/cala-den-serra-1.jpg 1024w, https:\/\/www.vibrahotels.com\/blog\/wp-content\/uploads\/2019\/08\/cala-den-serra-1-300x200.jpg 300w, https:\/\/www.vibrahotels.com\/blog\/wp-content\/uploads\/2019\/08\/cala-den-serra-1-768x512.jpg 768w\" sizes=\"auto, (max-width: 1024px) 100vw, 1024px\" \/><\/figure>\r\n\r\n\r\n\r\n<p><strong>Es Portixol<\/strong>.<\/p>\r\n\r\n\r\n\r\n<p>A\u00fan m\u00e1s rec\u00f3ndita que Cala d\u2019en Serra. Una cala ins\u00f3lita, tambi\u00e9n en el norte de Ibiza en Sant Joan de Labritja, y a la cual es imposible acceder en coche. Un camino estrecho y una caminata de m\u00e1s de media hora impiden que la masificaci\u00f3n de turistas llegue a esta playa. Muy recomendable para los amantes del senderismo, pues el camino de llegada ofrece unas vistas espectaculares.<\/p>\r\n\r\n\r\n\r\n<p>Esta playa no cuenta con ning\u00fan servicio y es muy recomendada para realizar buceo, por lo que no puedes olvidar las gafas de buceo para visitarla.<\/p>\r\n\r\n\r\n\r\n<p>&nbsp;<\/p>\r\n\r\n\r\n\r\n<figure class=\"wp-block-image\"><img loading=\"lazy\" decoding=\"async\" width=\"1024\" height=\"683\" class=\"wp-image-3525\" src=\"http:\/\/www.vibrahotels.com\/wp-content\/uploads\/2019\/08\/Es-portixol-2-1024x683.jpg\" alt=\"\" srcset=\"https:\/\/www.vibrahotels.com\/blog\/wp-content\/uploads\/2019\/08\/Es-portixol-2-1024x683.jpg 1024w, https:\/\/www.vibrahotels.com\/blog\/wp-content\/uploads\/2019\/08\/Es-portixol-2-300x200.jpg 300w, https:\/\/www.vibrahotels.com\/blog\/wp-content\/uploads\/2019\/08\/Es-portixol-2-768x512.jpg 768w, https:\/\/www.vibrahotels.com\/blog\/wp-content\/uploads\/2019\/08\/Es-portixol-2.jpg 1500w\" sizes=\"auto, (max-width: 1024px) 100vw, 1024px\" \/><\/figure>\r\n\r\n\r\n\r\n<p><strong>Cala Saladeta<\/strong>.<\/p>\r\n\r\n\r\n\r\n<p>Una de las calas m\u00e1s visitadas y m\u00e1s famosas de toda la isla. Se encuentra en el municipio de Sant Antoni de Portmany. La afluencia de turistas es tal que el tr\u00e1fico de veh\u00edculos est\u00e1 restringido en ciertos horarios. Por otra parte, es una cala preciosa de aguas cristalinas, arena dorada y un ambiente muy festivo. Se encuentra al lado de Cala Salada y se puede acceder a ella por dos caminos: uno m\u00e1s dif\u00edcil pero m\u00e1s directo y otro en el que debes dar una vuelta por encima de la monta\u00f1a y rodear la playa.<\/p>\r\n\r\n\r\n\r\n<p>Esta cala no cuenta con servicios y si quieres ver la puesta del sol esta no es tu playa. Eso s\u00ed, es una visita obligada si te encuentras en Sant Antoni.<\/p>\r\n\r\n\r\n\r\n<figure class=\"wp-block-image\"><img loading=\"lazy\" decoding=\"async\" width=\"1000\" height=\"563\" class=\"wp-image-3508\" src=\"http:\/\/www.vibrahotels.com\/wp-content\/uploads\/2019\/08\/cala-saladeta.jpg\" alt=\"\" srcset=\"https:\/\/www.vibrahotels.com\/blog\/wp-content\/uploads\/2019\/08\/cala-saladeta.jpg 1000w, https:\/\/www.vibrahotels.com\/blog\/wp-content\/uploads\/2019\/08\/cala-saladeta-300x169.jpg 300w, https:\/\/www.vibrahotels.com\/blog\/wp-content\/uploads\/2019\/08\/cala-saladeta-768x432.jpg 768w\" sizes=\"auto, (max-width: 1000px) 100vw, 1000px\" \/><\/figure>\r\n\r\n\r\n\r\n<p>Ahora que ya conoces las 4 calas que debes visitar obligatoriamente, conoce los mejores alojamientos de toda la isla de la mano de Playasol Ibiza Hotels y\u2026. <a href=\"https:\/\/www.playasolibizahotels.com\/\">\u00a1Comienza a planear tu viaje!<\/a><\/p>\r\n","protected":false},"excerpt":{"rendered":"<p>Ibiza esconde rincones y calas maravillosas donde perderse y pasar un d\u00eda en familia, con amigos o en pareja, con opciones para todos los gustos. En este nuevo post, hemos recopilado una selecci\u00f3n de las mejores calas de Ibiza para&#8230;<\/p>\n","protected":false},"author":1,"featured_media":3523,"comment_status":"open","ping_status":"open","sticky":false,"template":"","format":"standard","meta":{"footnotes":""},"categories":[1297],"tags":[1218],"class_list":["post-3501","post","type-post","status-publish","format-standard","has-post-thumbnail","hentry","category-travel","tag-rincones-donde-perderse"],"yoast_head":"<!-- This site is optimized with the Yoast SEO plugin v27.4 - https:\/\/yoast.com\/product\/yoast-seo-wordpress\/ -->\n<title>4 calas para perderse en Ibiza - Islander by Vibra Hotels<\/title>\n<meta name=\"robots\" content=\"index, follow, max-snippet:-1, max-image-preview:large, max-video-preview:-1\" \/>\n<link rel=\"canonical\" href=\"https:\/\/www.vibrahotels.com\/blog\/4-calas-para-perderse-en-ibiza\/\" \/>\n<meta property=\"og:locale\" content=\"es_ES\" \/>\n<meta property=\"og:type\" content=\"article\" \/>\n<meta property=\"og:title\" content=\"4 calas para perderse en Ibiza - Islander by Vibra Hotels\" \/>\n<meta property=\"og:description\" content=\"Ibiza esconde rincones y calas maravillosas donde perderse y pasar un d\u00eda en familia, con amigos o en pareja, con opciones para todos los gustos. En este nuevo post, hemos recopilado una selecci\u00f3n de las mejores calas de Ibiza para...\" \/>\n<meta property=\"og:url\" content=\"https:\/\/www.vibrahotels.com\/blog\/4-calas-para-perderse-en-ibiza\/\" \/>\n<meta property=\"og:site_name\" content=\"Islander by Vibra Hotels\" \/>\n<meta property=\"article:published_time\" content=\"2019-08-28T08:24:40+00:00\" \/>\n<meta property=\"article:modified_time\" content=\"2022-08-29T10:38:36+00:00\" \/>\n<meta property=\"og:image\" content=\"https:\/\/www.vibrahotels.com\/blog\/wp-content\/uploads\/2019\/08\/shutterstock_662612836-1-1024x679.jpg\" \/>\n\t<meta property=\"og:image:width\" content=\"1024\" \/>\n\t<meta property=\"og:image:height\" content=\"679\" \/>\n\t<meta property=\"og:image:type\" content=\"image\/jpeg\" \/>\n<meta name=\"author\" content=\"The Ibiza Blog\" \/>\n<meta name=\"twitter:card\" content=\"summary_large_image\" \/>\n<meta name=\"twitter:label1\" content=\"Escrito por\" \/>\n\t<meta name=\"twitter:data1\" content=\"The Ibiza Blog\" \/>\n\t<meta name=\"twitter:label2\" content=\"Tiempo de lectura\" \/>\n\t<meta name=\"twitter:data2\" content=\"4 minutos\" \/>\n<script type=\"application\/ld+json\" class=\"yoast-schema-graph\">{\"@context\":\"https:\\\/\\\/schema.org\",\"@graph\":[{\"@type\":\"Article\",\"@id\":\"https:\\\/\\\/www.vibrahotels.com\\\/blog\\\/4-calas-para-perderse-en-ibiza\\\/#article\",\"isPartOf\":{\"@id\":\"https:\\\/\\\/www.vibrahotels.com\\\/blog\\\/4-calas-para-perderse-en-ibiza\\\/\"},\"author\":{\"name\":\"The Ibiza Blog\",\"@id\":\"https:\\\/\\\/www.vibrahotels.com\\\/blog\\\/#\\\/schema\\\/person\\\/ad74f13df6e44e7081ef65424f668972\"},\"headline\":\"4 calas para perderse en Ibiza\",\"datePublished\":\"2019-08-28T08:24:40+00:00\",\"dateModified\":\"2022-08-29T10:38:36+00:00\",\"mainEntityOfPage\":{\"@id\":\"https:\\\/\\\/www.vibrahotels.com\\\/blog\\\/4-calas-para-perderse-en-ibiza\\\/\"},\"wordCount\":548,\"commentCount\":0,\"image\":{\"@id\":\"https:\\\/\\\/www.vibrahotels.com\\\/blog\\\/4-calas-para-perderse-en-ibiza\\\/#primaryimage\"},\"thumbnailUrl\":\"https:\\\/\\\/www.vibrahotels.com\\\/blog\\\/wp-content\\\/uploads\\\/2019\\\/08\\\/shutterstock_662612836-1.jpg\",\"keywords\":[\"Rincones donde perderse\"],\"articleSection\":[\"Travel\"],\"inLanguage\":\"es\",\"potentialAction\":[{\"@type\":\"CommentAction\",\"name\":\"Comment\",\"target\":[\"https:\\\/\\\/www.vibrahotels.com\\\/blog\\\/4-calas-para-perderse-en-ibiza\\\/#respond\"]}]},{\"@type\":\"WebPage\",\"@id\":\"https:\\\/\\\/www.vibrahotels.com\\\/blog\\\/4-calas-para-perderse-en-ibiza\\\/\",\"url\":\"https:\\\/\\\/www.vibrahotels.com\\\/blog\\\/4-calas-para-perderse-en-ibiza\\\/\",\"name\":\"4 calas para perderse en Ibiza - Islander by Vibra Hotels\",\"isPartOf\":{\"@id\":\"https:\\\/\\\/www.vibrahotels.com\\\/blog\\\/#website\"},\"primaryImageOfPage\":{\"@id\":\"https:\\\/\\\/www.vibrahotels.com\\\/blog\\\/4-calas-para-perderse-en-ibiza\\\/#primaryimage\"},\"image\":{\"@id\":\"https:\\\/\\\/www.vibrahotels.com\\\/blog\\\/4-calas-para-perderse-en-ibiza\\\/#primaryimage\"},\"thumbnailUrl\":\"https:\\\/\\\/www.vibrahotels.com\\\/blog\\\/wp-content\\\/uploads\\\/2019\\\/08\\\/shutterstock_662612836-1.jpg\",\"datePublished\":\"2019-08-28T08:24:40+00:00\",\"dateModified\":\"2022-08-29T10:38:36+00:00\",\"author\":{\"@id\":\"https:\\\/\\\/www.vibrahotels.com\\\/blog\\\/#\\\/schema\\\/person\\\/ad74f13df6e44e7081ef65424f668972\"},\"breadcrumb\":{\"@id\":\"https:\\\/\\\/www.vibrahotels.com\\\/blog\\\/4-calas-para-perderse-en-ibiza\\\/#breadcrumb\"},\"inLanguage\":\"es\",\"potentialAction\":[{\"@type\":\"ReadAction\",\"target\":[\"https:\\\/\\\/www.vibrahotels.com\\\/blog\\\/4-calas-para-perderse-en-ibiza\\\/\"]}]},{\"@type\":\"ImageObject\",\"inLanguage\":\"es\",\"@id\":\"https:\\\/\\\/www.vibrahotels.com\\\/blog\\\/4-calas-para-perderse-en-ibiza\\\/#primaryimage\",\"url\":\"https:\\\/\\\/www.vibrahotels.com\\\/blog\\\/wp-content\\\/uploads\\\/2019\\\/08\\\/shutterstock_662612836-1.jpg\",\"contentUrl\":\"https:\\\/\\\/www.vibrahotels.com\\\/blog\\\/wp-content\\\/uploads\\\/2019\\\/08\\\/shutterstock_662612836-1.jpg\",\"width\":5723,\"height\":3797,\"caption\":\"4 calas para perderse en Ibiza\"},{\"@type\":\"BreadcrumbList\",\"@id\":\"https:\\\/\\\/www.vibrahotels.com\\\/blog\\\/4-calas-para-perderse-en-ibiza\\\/#breadcrumb\",\"itemListElement\":[{\"@type\":\"ListItem\",\"position\":1,\"name\":\"Portada\",\"item\":\"https:\\\/\\\/www.vibrahotels.com\\\/blog\\\/\"},{\"@type\":\"ListItem\",\"position\":2,\"name\":\"4 calas para perderse en Ibiza\"}]},{\"@type\":\"WebSite\",\"@id\":\"https:\\\/\\\/www.vibrahotels.com\\\/blog\\\/#website\",\"url\":\"https:\\\/\\\/www.vibrahotels.com\\\/blog\\\/\",\"name\":\"Islander by Vibra Hotels\",\"description\":\"\",\"potentialAction\":[{\"@type\":\"SearchAction\",\"target\":{\"@type\":\"EntryPoint\",\"urlTemplate\":\"https:\\\/\\\/www.vibrahotels.com\\\/blog\\\/?s={search_term_string}\"},\"query-input\":{\"@type\":\"PropertyValueSpecification\",\"valueRequired\":true,\"valueName\":\"search_term_string\"}}],\"inLanguage\":\"es\"},{\"@type\":\"Person\",\"@id\":\"https:\\\/\\\/www.vibrahotels.com\\\/blog\\\/#\\\/schema\\\/person\\\/ad74f13df6e44e7081ef65424f668972\",\"name\":\"The Ibiza Blog\",\"image\":{\"@type\":\"ImageObject\",\"inLanguage\":\"es\",\"@id\":\"https:\\\/\\\/secure.gravatar.com\\\/avatar\\\/d172713df318fe4ba11547ee4a70ab1eae0206026db57d7a5920186b9f5ee855?s=96&d=mm&r=g\",\"url\":\"https:\\\/\\\/secure.gravatar.com\\\/avatar\\\/d172713df318fe4ba11547ee4a70ab1eae0206026db57d7a5920186b9f5ee855?s=96&d=mm&r=g\",\"contentUrl\":\"https:\\\/\\\/secure.gravatar.com\\\/avatar\\\/d172713df318fe4ba11547ee4a70ab1eae0206026db57d7a5920186b9f5ee855?s=96&d=mm&r=g\",\"caption\":\"The Ibiza Blog\"},\"url\":\"https:\\\/\\\/www.vibrahotels.com\\\/blog\\\/author\\\/the-ibiza-blog\\\/\"}]}<\/script>\n<!-- \/ Yoast SEO plugin. -->","yoast_head_json":{"title":"4 calas para perderse en Ibiza - Islander by Vibra Hotels","robots":{"index":"index","follow":"follow","max-snippet":"max-snippet:-1","max-image-preview":"max-image-preview:large","max-video-preview":"max-video-preview:-1"},"canonical":"https:\/\/www.vibrahotels.com\/blog\/4-calas-para-perderse-en-ibiza\/","og_locale":"es_ES","og_type":"article","og_title":"4 calas para perderse en Ibiza - Islander by Vibra Hotels","og_description":"Ibiza esconde rincones y calas maravillosas donde perderse y pasar un d\u00eda en familia, con amigos o en pareja, con opciones para todos los gustos. En este nuevo post, hemos recopilado una selecci\u00f3n de las mejores calas de Ibiza para...","og_url":"https:\/\/www.vibrahotels.com\/blog\/4-calas-para-perderse-en-ibiza\/","og_site_name":"Islander by Vibra Hotels","article_published_time":"2019-08-28T08:24:40+00:00","article_modified_time":"2022-08-29T10:38:36+00:00","og_image":[{"width":1024,"height":679,"url":"https:\/\/www.vibrahotels.com\/blog\/wp-content\/uploads\/2019\/08\/shutterstock_662612836-1-1024x679.jpg","type":"image\/jpeg"}],"author":"The Ibiza Blog","twitter_card":"summary_large_image","twitter_misc":{"Escrito por":"The Ibiza Blog","Tiempo de lectura":"4 minutos"},"schema":{"@context":"https:\/\/schema.org","@graph":[{"@type":"Article","@id":"https:\/\/www.vibrahotels.com\/blog\/4-calas-para-perderse-en-ibiza\/#article","isPartOf":{"@id":"https:\/\/www.vibrahotels.com\/blog\/4-calas-para-perderse-en-ibiza\/"},"author":{"name":"The Ibiza Blog","@id":"https:\/\/www.vibrahotels.com\/blog\/#\/schema\/person\/ad74f13df6e44e7081ef65424f668972"},"headline":"4 calas para perderse en Ibiza","datePublished":"2019-08-28T08:24:40+00:00","dateModified":"2022-08-29T10:38:36+00:00","mainEntityOfPage":{"@id":"https:\/\/www.vibrahotels.com\/blog\/4-calas-para-perderse-en-ibiza\/"},"wordCount":548,"commentCount":0,"image":{"@id":"https:\/\/www.vibrahotels.com\/blog\/4-calas-para-perderse-en-ibiza\/#primaryimage"},"thumbnailUrl":"https:\/\/www.vibrahotels.com\/blog\/wp-content\/uploads\/2019\/08\/shutterstock_662612836-1.jpg","keywords":["Rincones donde perderse"],"articleSection":["Travel"],"inLanguage":"es","potentialAction":[{"@type":"CommentAction","name":"Comment","target":["https:\/\/www.vibrahotels.com\/blog\/4-calas-para-perderse-en-ibiza\/#respond"]}]},{"@type":"WebPage","@id":"https:\/\/www.vibrahotels.com\/blog\/4-calas-para-perderse-en-ibiza\/","url":"https:\/\/www.vibrahotels.com\/blog\/4-calas-para-perderse-en-ibiza\/","name":"4 calas para perderse en Ibiza - Islander by Vibra Hotels","isPartOf":{"@id":"https:\/\/www.vibrahotels.com\/blog\/#website"},"primaryImageOfPage":{"@id":"https:\/\/www.vibrahotels.com\/blog\/4-calas-para-perderse-en-ibiza\/#primaryimage"},"image":{"@id":"https:\/\/www.vibrahotels.com\/blog\/4-calas-para-perderse-en-ibiza\/#primaryimage"},"thumbnailUrl":"https:\/\/www.vibrahotels.com\/blog\/wp-content\/uploads\/2019\/08\/shutterstock_662612836-1.jpg","datePublished":"2019-08-28T08:24:40+00:00","dateModified":"2022-08-29T10:38:36+00:00","author":{"@id":"https:\/\/www.vibrahotels.com\/blog\/#\/schema\/person\/ad74f13df6e44e7081ef65424f668972"},"breadcrumb":{"@id":"https:\/\/www.vibrahotels.com\/blog\/4-calas-para-perderse-en-ibiza\/#breadcrumb"},"inLanguage":"es","potentialAction":[{"@type":"ReadAction","target":["https:\/\/www.vibrahotels.com\/blog\/4-calas-para-perderse-en-ibiza\/"]}]},{"@type":"ImageObject","inLanguage":"es","@id":"https:\/\/www.vibrahotels.com\/blog\/4-calas-para-perderse-en-ibiza\/#primaryimage","url":"https:\/\/www.vibrahotels.com\/blog\/wp-content\/uploads\/2019\/08\/shutterstock_662612836-1.jpg","contentUrl":"https:\/\/www.vibrahotels.com\/blog\/wp-content\/uploads\/2019\/08\/shutterstock_662612836-1.jpg","width":5723,"height":3797,"caption":"4 calas para perderse en Ibiza"},{"@type":"BreadcrumbList","@id":"https:\/\/www.vibrahotels.com\/blog\/4-calas-para-perderse-en-ibiza\/#breadcrumb","itemListElement":[{"@type":"ListItem","position":1,"name":"Portada","item":"https:\/\/www.vibrahotels.com\/blog\/"},{"@type":"ListItem","position":2,"name":"4 calas para perderse en Ibiza"}]},{"@type":"WebSite","@id":"https:\/\/www.vibrahotels.com\/blog\/#website","url":"https:\/\/www.vibrahotels.com\/blog\/","name":"Islander by Vibra Hotels","description":"","potentialAction":[{"@type":"SearchAction","target":{"@type":"EntryPoint","urlTemplate":"https:\/\/www.vibrahotels.com\/blog\/?s={search_term_string}"},"query-input":{"@type":"PropertyValueSpecification","valueRequired":true,"valueName":"search_term_string"}}],"inLanguage":"es"},{"@type":"Person","@id":"https:\/\/www.vibrahotels.com\/blog\/#\/schema\/person\/ad74f13df6e44e7081ef65424f668972","name":"The Ibiza Blog","image":{"@type":"ImageObject","inLanguage":"es","@id":"https:\/\/secure.gravatar.com\/avatar\/d172713df318fe4ba11547ee4a70ab1eae0206026db57d7a5920186b9f5ee855?s=96&d=mm&r=g","url":"https:\/\/secure.gravatar.com\/avatar\/d172713df318fe4ba11547ee4a70ab1eae0206026db57d7a5920186b9f5ee855?s=96&d=mm&r=g","contentUrl":"https:\/\/secure.gravatar.com\/avatar\/d172713df318fe4ba11547ee4a70ab1eae0206026db57d7a5920186b9f5ee855?s=96&d=mm&r=g","caption":"The Ibiza Blog"},"url":"https:\/\/www.vibrahotels.com\/blog\/author\/the-ibiza-blog\/"}]}},"_links":{"self":[{"href":"https:\/\/www.vibrahotels.com\/blog\/wp-json\/wp\/v2\/posts\/3501","targetHints":{"allow":["GET"]}}],"collection":[{"href":"https:\/\/www.vibrahotels.com\/blog\/wp-json\/wp\/v2\/posts"}],"about":[{"href":"https:\/\/www.vibrahotels.com\/blog\/wp-json\/wp\/v2\/types\/post"}],"author":[{"embeddable":true,"href":"https:\/\/www.vibrahotels.com\/blog\/wp-json\/wp\/v2\/users\/1"}],"replies":[{"embeddable":true,"href":"https:\/\/www.vibrahotels.com\/blog\/wp-json\/wp\/v2\/comments?post=3501"}],"version-history":[{"count":1,"href":"https:\/\/www.vibrahotels.com\/blog\/wp-json\/wp\/v2\/posts\/3501\/revisions"}],"predecessor-version":[{"id":5910,"href":"https:\/\/www.vibrahotels.com\/blog\/wp-json\/wp\/v2\/posts\/3501\/revisions\/5910"}],"wp:featuredmedia":[{"embeddable":true,"href":"https:\/\/www.vibrahotels.com\/blog\/wp-json\/wp\/v2\/media\/3523"}],"wp:attachment":[{"href":"https:\/\/www.vibrahotels.com\/blog\/wp-json\/wp\/v2\/media?parent=3501"}],"wp:term":[{"taxonomy":"category","embeddable":true,"href":"https:\/\/www.vibrahotels.com\/blog\/wp-json\/wp\/v2\/categories?post=3501"},{"taxonomy":"post_tag","embeddable":true,"href":"https:\/\/www.vibrahotels.com\/blog\/wp-json\/wp\/v2\/tags?post=3501"}],"curies":[{"name":"wp","href":"https:\/\/api.w.org\/{rel}","templated":true}]}}