{"id":3465,"date":"2019-07-16T12:32:07","date_gmt":"2019-07-16T10:32:07","guid":{"rendered":"http:\/\/www.vibrahotels.com\/?p=3465"},"modified":"2020-03-11T11:57:43","modified_gmt":"2020-03-11T10:57:43","slug":"storytellers-un-mundo-magico-en-cova-santa-ibiza","status":"publish","type":"post","link":"https:\/\/www.vibrahotels.com\/blog\/storytellers-un-mundo-magico-en-cova-santa-ibiza\/","title":{"rendered":"Storytellers, un mundo m\u00e1gico en Cova Santa Ibiza"},"content":{"rendered":"\r\n<p>Storytellers, la promotora m\u00e1s creativa de Ibiza, creadora de fiestas exitosas como <strong>WooMooN<\/strong> o <strong>Acid Sundays<\/strong>, vuelve un a\u00f1o m\u00e1s para fascinarnos con varias sesiones en el m\u00edtico <strong>Club Restaurante Cova Santa Ibiza<\/strong>. Esta vez proponen cuatro citas especiales: 4 de julio, 8, 18 y 25 de agosto 2019. \u00bfPreparado para entrar en un mundo de sue\u00f1o y fantas\u00eda?<\/p>\r\n\r\n\r\n\r\n<p><strong>Dancing into Dreamland<\/strong>, la fiesta celebrada el pasado 4 de Julio supuso un \u00e9xito gracias a la organizaci\u00f3n y a invitados como <strong>Guy Lalibert\u00e9<\/strong>, creador del <strong>Cirque du Soleil<\/strong>, y a <strong>LUM<\/strong>, el artista m\u00e1s representativo de <strong>Tulum<\/strong>. Un mundo de fantas\u00eda lleno de artistas, acr\u00f3batas y bailarines invit\u00e1ndote a bailar desenfrenadamente en un mundo de cuento. Si crees que ya no podr\u00e1s disfrutar de este ambiente te equivocas, <strong>Dancing into Dreamland<\/strong> cap\u00edtulo 2 tendr\u00e1 lugar el domingo 18 de agosto.<\/p>\r\n\r\n\r\n\r\n<figure class=\"wp-block-image\"><img loading=\"lazy\" decoding=\"async\" width=\"1024\" height=\"683\" class=\"wp-image-3466\" src=\"http:\/\/www.vibrahotels.com\/wp-content\/uploads\/2019\/07\/Storytellers2-1024x683.jpg\" alt=\"Storytellers\" srcset=\"https:\/\/www.vibrahotels.com\/blog\/wp-content\/uploads\/2019\/07\/Storytellers2-1024x683.jpg 1024w, https:\/\/www.vibrahotels.com\/blog\/wp-content\/uploads\/2019\/07\/Storytellers2-300x200.jpg 300w, https:\/\/www.vibrahotels.com\/blog\/wp-content\/uploads\/2019\/07\/Storytellers2-768x512.jpg 768w, https:\/\/www.vibrahotels.com\/blog\/wp-content\/uploads\/2019\/07\/Storytellers2.jpg 1068w\" sizes=\"auto, (max-width: 1024px) 100vw, 1024px\" \/><\/figure>\r\n\r\n\r\n\r\n<p>La fiesta del 8 de agosto se celebra bajo el t\u00edtulo de <strong>Mayan Warrior<\/strong>, el proyecto acercar\u00e1 la m\u00fasica electr\u00f3nica contempor\u00e1nea mexicana a la isla. Este sello es famoso por celebrar otras fiestas como <strong>Burning Man<\/strong>.\u00a0 Por otro lado, el closing party del 25 de agosto es toda una sorpresa. A\u00fan no se conocen los DJ\u2019s ni la tem\u00e1tica de la fiesta, pero conociendo a <strong>Storytellers<\/strong> seguro que no dejar\u00e1n a ning\u00fan visitante indiferente.<\/p>\r\n\r\n\r\n\r\n<p>En definitiva, una fiesta diferente, atractiva y con una ambientaci\u00f3n muy lejos de lo que estamos acostumbrados a ver. Sin lugar a dudas, vale la pena perderse entre este ambiente m\u00e1gico y creativo. \u00bfEscapamos de la realidad por unas horas?<\/p>\r\n","protected":false},"excerpt":{"rendered":"<p>Storytellers, la promotora m\u00e1s creativa de Ibiza, creadora de fiestas exitosas como WooMooN o Acid Sundays, vuelve un a\u00f1o m\u00e1s para fascinarnos con varias sesiones en el m\u00edtico Club Restaurante Cova Santa Ibiza. Esta vez proponen cuatro citas especiales: 4&#8230;<\/p>\n","protected":false},"author":1,"featured_media":3468,"comment_status":"open","ping_status":"open","sticky":false,"template":"","format":"standard","meta":{"footnotes":""},"categories":[1311],"tags":[1201],"class_list":["post-3465","post","type-post","status-publish","format-standard","has-post-thumbnail","hentry","category-planes-en-ibiza","tag-storytellers-2"],"yoast_head":"<!-- This site is optimized with the Yoast SEO plugin v27.4 - https:\/\/yoast.com\/product\/yoast-seo-wordpress\/ -->\n<title>Storytellers, un mundo m\u00e1gico en Cova Santa Ibiza - Islander by Vibra Hotels<\/title>\n<meta name=\"robots\" content=\"index, follow, max-snippet:-1, max-image-preview:large, max-video-preview:-1\" \/>\n<link rel=\"canonical\" href=\"https:\/\/www.vibrahotels.com\/blog\/storytellers-un-mundo-magico-en-cova-santa-ibiza\/\" \/>\n<meta property=\"og:locale\" content=\"es_ES\" \/>\n<meta property=\"og:type\" content=\"article\" \/>\n<meta property=\"og:title\" content=\"Storytellers, un mundo m\u00e1gico en Cova Santa Ibiza - Islander by Vibra Hotels\" \/>\n<meta property=\"og:description\" content=\"Storytellers, la promotora m\u00e1s creativa de Ibiza, creadora de fiestas exitosas como WooMooN o Acid Sundays, vuelve un a\u00f1o m\u00e1s para fascinarnos con varias sesiones en el m\u00edtico Club Restaurante Cova Santa Ibiza. Esta vez proponen cuatro citas especiales: 4...\" \/>\n<meta property=\"og:url\" content=\"https:\/\/www.vibrahotels.com\/blog\/storytellers-un-mundo-magico-en-cova-santa-ibiza\/\" \/>\n<meta property=\"og:site_name\" content=\"Islander by Vibra Hotels\" \/>\n<meta property=\"article:published_time\" content=\"2019-07-16T10:32:07+00:00\" \/>\n<meta property=\"article:modified_time\" content=\"2020-03-11T10:57:43+00:00\" \/>\n<meta property=\"og:image\" content=\"https:\/\/www.vibrahotels.com\/blog\/wp-content\/uploads\/2019\/07\/Storytellers1.png\" \/>\n\t<meta property=\"og:image:width\" content=\"1280\" \/>\n\t<meta property=\"og:image:height\" content=\"667\" \/>\n\t<meta property=\"og:image:type\" content=\"image\/png\" \/>\n<meta name=\"author\" content=\"The Ibiza Blog\" \/>\n<meta name=\"twitter:card\" content=\"summary_large_image\" \/>\n<meta name=\"twitter:label1\" content=\"Escrito por\" \/>\n\t<meta name=\"twitter:data1\" content=\"The Ibiza Blog\" \/>\n\t<meta name=\"twitter:label2\" content=\"Tiempo de lectura\" \/>\n\t<meta name=\"twitter:data2\" content=\"2 minutos\" \/>\n<script type=\"application\/ld+json\" class=\"yoast-schema-graph\">{\"@context\":\"https:\\\/\\\/schema.org\",\"@graph\":[{\"@type\":\"Article\",\"@id\":\"https:\\\/\\\/www.vibrahotels.com\\\/blog\\\/storytellers-un-mundo-magico-en-cova-santa-ibiza\\\/#article\",\"isPartOf\":{\"@id\":\"https:\\\/\\\/www.vibrahotels.com\\\/blog\\\/storytellers-un-mundo-magico-en-cova-santa-ibiza\\\/\"},\"author\":{\"name\":\"The Ibiza Blog\",\"@id\":\"https:\\\/\\\/www.vibrahotels.com\\\/blog\\\/#\\\/schema\\\/person\\\/ad74f13df6e44e7081ef65424f668972\"},\"headline\":\"Storytellers, un mundo m\u00e1gico en Cova Santa Ibiza\",\"datePublished\":\"2019-07-16T10:32:07+00:00\",\"dateModified\":\"2020-03-11T10:57:43+00:00\",\"mainEntityOfPage\":{\"@id\":\"https:\\\/\\\/www.vibrahotels.com\\\/blog\\\/storytellers-un-mundo-magico-en-cova-santa-ibiza\\\/\"},\"wordCount\":277,\"commentCount\":0,\"image\":{\"@id\":\"https:\\\/\\\/www.vibrahotels.com\\\/blog\\\/storytellers-un-mundo-magico-en-cova-santa-ibiza\\\/#primaryimage\"},\"thumbnailUrl\":\"https:\\\/\\\/www.vibrahotels.com\\\/blog\\\/wp-content\\\/uploads\\\/2019\\\/07\\\/Storytellers1.png\",\"keywords\":[\"Storytellers\"],\"articleSection\":[\"Planes en Ibiza\"],\"inLanguage\":\"es\",\"potentialAction\":[{\"@type\":\"CommentAction\",\"name\":\"Comment\",\"target\":[\"https:\\\/\\\/www.vibrahotels.com\\\/blog\\\/storytellers-un-mundo-magico-en-cova-santa-ibiza\\\/#respond\"]}]},{\"@type\":\"WebPage\",\"@id\":\"https:\\\/\\\/www.vibrahotels.com\\\/blog\\\/storytellers-un-mundo-magico-en-cova-santa-ibiza\\\/\",\"url\":\"https:\\\/\\\/www.vibrahotels.com\\\/blog\\\/storytellers-un-mundo-magico-en-cova-santa-ibiza\\\/\",\"name\":\"Storytellers, un mundo m\u00e1gico en Cova Santa Ibiza - Islander by Vibra Hotels\",\"isPartOf\":{\"@id\":\"https:\\\/\\\/www.vibrahotels.com\\\/blog\\\/#website\"},\"primaryImageOfPage\":{\"@id\":\"https:\\\/\\\/www.vibrahotels.com\\\/blog\\\/storytellers-un-mundo-magico-en-cova-santa-ibiza\\\/#primaryimage\"},\"image\":{\"@id\":\"https:\\\/\\\/www.vibrahotels.com\\\/blog\\\/storytellers-un-mundo-magico-en-cova-santa-ibiza\\\/#primaryimage\"},\"thumbnailUrl\":\"https:\\\/\\\/www.vibrahotels.com\\\/blog\\\/wp-content\\\/uploads\\\/2019\\\/07\\\/Storytellers1.png\",\"datePublished\":\"2019-07-16T10:32:07+00:00\",\"dateModified\":\"2020-03-11T10:57:43+00:00\",\"author\":{\"@id\":\"https:\\\/\\\/www.vibrahotels.com\\\/blog\\\/#\\\/schema\\\/person\\\/ad74f13df6e44e7081ef65424f668972\"},\"breadcrumb\":{\"@id\":\"https:\\\/\\\/www.vibrahotels.com\\\/blog\\\/storytellers-un-mundo-magico-en-cova-santa-ibiza\\\/#breadcrumb\"},\"inLanguage\":\"es\",\"potentialAction\":[{\"@type\":\"ReadAction\",\"target\":[\"https:\\\/\\\/www.vibrahotels.com\\\/blog\\\/storytellers-un-mundo-magico-en-cova-santa-ibiza\\\/\"]}]},{\"@type\":\"ImageObject\",\"inLanguage\":\"es\",\"@id\":\"https:\\\/\\\/www.vibrahotels.com\\\/blog\\\/storytellers-un-mundo-magico-en-cova-santa-ibiza\\\/#primaryimage\",\"url\":\"https:\\\/\\\/www.vibrahotels.com\\\/blog\\\/wp-content\\\/uploads\\\/2019\\\/07\\\/Storytellers1.png\",\"contentUrl\":\"https:\\\/\\\/www.vibrahotels.com\\\/blog\\\/wp-content\\\/uploads\\\/2019\\\/07\\\/Storytellers1.png\",\"width\":1280,\"height\":667,\"caption\":\"Storytellers\"},{\"@type\":\"BreadcrumbList\",\"@id\":\"https:\\\/\\\/www.vibrahotels.com\\\/blog\\\/storytellers-un-mundo-magico-en-cova-santa-ibiza\\\/#breadcrumb\",\"itemListElement\":[{\"@type\":\"ListItem\",\"position\":1,\"name\":\"Portada\",\"item\":\"https:\\\/\\\/www.vibrahotels.com\\\/blog\\\/\"},{\"@type\":\"ListItem\",\"position\":2,\"name\":\"Storytellers, un mundo m\u00e1gico en Cova Santa Ibiza\"}]},{\"@type\":\"WebSite\",\"@id\":\"https:\\\/\\\/www.vibrahotels.com\\\/blog\\\/#website\",\"url\":\"https:\\\/\\\/www.vibrahotels.com\\\/blog\\\/\",\"name\":\"Islander by Vibra Hotels\",\"description\":\"\",\"potentialAction\":[{\"@type\":\"SearchAction\",\"target\":{\"@type\":\"EntryPoint\",\"urlTemplate\":\"https:\\\/\\\/www.vibrahotels.com\\\/blog\\\/?s={search_term_string}\"},\"query-input\":{\"@type\":\"PropertyValueSpecification\",\"valueRequired\":true,\"valueName\":\"search_term_string\"}}],\"inLanguage\":\"es\"},{\"@type\":\"Person\",\"@id\":\"https:\\\/\\\/www.vibrahotels.com\\\/blog\\\/#\\\/schema\\\/person\\\/ad74f13df6e44e7081ef65424f668972\",\"name\":\"The Ibiza Blog\",\"image\":{\"@type\":\"ImageObject\",\"inLanguage\":\"es\",\"@id\":\"https:\\\/\\\/secure.gravatar.com\\\/avatar\\\/d172713df318fe4ba11547ee4a70ab1eae0206026db57d7a5920186b9f5ee855?s=96&d=mm&r=g\",\"url\":\"https:\\\/\\\/secure.gravatar.com\\\/avatar\\\/d172713df318fe4ba11547ee4a70ab1eae0206026db57d7a5920186b9f5ee855?s=96&d=mm&r=g\",\"contentUrl\":\"https:\\\/\\\/secure.gravatar.com\\\/avatar\\\/d172713df318fe4ba11547ee4a70ab1eae0206026db57d7a5920186b9f5ee855?s=96&d=mm&r=g\",\"caption\":\"The Ibiza Blog\"},\"url\":\"https:\\\/\\\/www.vibrahotels.com\\\/blog\\\/author\\\/the-ibiza-blog\\\/\"}]}<\/script>\n<!-- \/ Yoast SEO plugin. -->","yoast_head_json":{"title":"Storytellers, un mundo m\u00e1gico en Cova Santa Ibiza - Islander by Vibra Hotels","robots":{"index":"index","follow":"follow","max-snippet":"max-snippet:-1","max-image-preview":"max-image-preview:large","max-video-preview":"max-video-preview:-1"},"canonical":"https:\/\/www.vibrahotels.com\/blog\/storytellers-un-mundo-magico-en-cova-santa-ibiza\/","og_locale":"es_ES","og_type":"article","og_title":"Storytellers, un mundo m\u00e1gico en Cova Santa Ibiza - Islander by Vibra Hotels","og_description":"Storytellers, la promotora m\u00e1s creativa de Ibiza, creadora de fiestas exitosas como WooMooN o Acid Sundays, vuelve un a\u00f1o m\u00e1s para fascinarnos con varias sesiones en el m\u00edtico Club Restaurante Cova Santa Ibiza. Esta vez proponen cuatro citas especiales: 4...","og_url":"https:\/\/www.vibrahotels.com\/blog\/storytellers-un-mundo-magico-en-cova-santa-ibiza\/","og_site_name":"Islander by Vibra Hotels","article_published_time":"2019-07-16T10:32:07+00:00","article_modified_time":"2020-03-11T10:57:43+00:00","og_image":[{"width":1280,"height":667,"url":"https:\/\/www.vibrahotels.com\/blog\/wp-content\/uploads\/2019\/07\/Storytellers1.png","type":"image\/png"}],"author":"The Ibiza Blog","twitter_card":"summary_large_image","twitter_misc":{"Escrito por":"The Ibiza Blog","Tiempo de lectura":"2 minutos"},"schema":{"@context":"https:\/\/schema.org","@graph":[{"@type":"Article","@id":"https:\/\/www.vibrahotels.com\/blog\/storytellers-un-mundo-magico-en-cova-santa-ibiza\/#article","isPartOf":{"@id":"https:\/\/www.vibrahotels.com\/blog\/storytellers-un-mundo-magico-en-cova-santa-ibiza\/"},"author":{"name":"The Ibiza Blog","@id":"https:\/\/www.vibrahotels.com\/blog\/#\/schema\/person\/ad74f13df6e44e7081ef65424f668972"},"headline":"Storytellers, un mundo m\u00e1gico en Cova Santa Ibiza","datePublished":"2019-07-16T10:32:07+00:00","dateModified":"2020-03-11T10:57:43+00:00","mainEntityOfPage":{"@id":"https:\/\/www.vibrahotels.com\/blog\/storytellers-un-mundo-magico-en-cova-santa-ibiza\/"},"wordCount":277,"commentCount":0,"image":{"@id":"https:\/\/www.vibrahotels.com\/blog\/storytellers-un-mundo-magico-en-cova-santa-ibiza\/#primaryimage"},"thumbnailUrl":"https:\/\/www.vibrahotels.com\/blog\/wp-content\/uploads\/2019\/07\/Storytellers1.png","keywords":["Storytellers"],"articleSection":["Planes en Ibiza"],"inLanguage":"es","potentialAction":[{"@type":"CommentAction","name":"Comment","target":["https:\/\/www.vibrahotels.com\/blog\/storytellers-un-mundo-magico-en-cova-santa-ibiza\/#respond"]}]},{"@type":"WebPage","@id":"https:\/\/www.vibrahotels.com\/blog\/storytellers-un-mundo-magico-en-cova-santa-ibiza\/","url":"https:\/\/www.vibrahotels.com\/blog\/storytellers-un-mundo-magico-en-cova-santa-ibiza\/","name":"Storytellers, un mundo m\u00e1gico en Cova Santa Ibiza - Islander by Vibra Hotels","isPartOf":{"@id":"https:\/\/www.vibrahotels.com\/blog\/#website"},"primaryImageOfPage":{"@id":"https:\/\/www.vibrahotels.com\/blog\/storytellers-un-mundo-magico-en-cova-santa-ibiza\/#primaryimage"},"image":{"@id":"https:\/\/www.vibrahotels.com\/blog\/storytellers-un-mundo-magico-en-cova-santa-ibiza\/#primaryimage"},"thumbnailUrl":"https:\/\/www.vibrahotels.com\/blog\/wp-content\/uploads\/2019\/07\/Storytellers1.png","datePublished":"2019-07-16T10:32:07+00:00","dateModified":"2020-03-11T10:57:43+00:00","author":{"@id":"https:\/\/www.vibrahotels.com\/blog\/#\/schema\/person\/ad74f13df6e44e7081ef65424f668972"},"breadcrumb":{"@id":"https:\/\/www.vibrahotels.com\/blog\/storytellers-un-mundo-magico-en-cova-santa-ibiza\/#breadcrumb"},"inLanguage":"es","potentialAction":[{"@type":"ReadAction","target":["https:\/\/www.vibrahotels.com\/blog\/storytellers-un-mundo-magico-en-cova-santa-ibiza\/"]}]},{"@type":"ImageObject","inLanguage":"es","@id":"https:\/\/www.vibrahotels.com\/blog\/storytellers-un-mundo-magico-en-cova-santa-ibiza\/#primaryimage","url":"https:\/\/www.vibrahotels.com\/blog\/wp-content\/uploads\/2019\/07\/Storytellers1.png","contentUrl":"https:\/\/www.vibrahotels.com\/blog\/wp-content\/uploads\/2019\/07\/Storytellers1.png","width":1280,"height":667,"caption":"Storytellers"},{"@type":"BreadcrumbList","@id":"https:\/\/www.vibrahotels.com\/blog\/storytellers-un-mundo-magico-en-cova-santa-ibiza\/#breadcrumb","itemListElement":[{"@type":"ListItem","position":1,"name":"Portada","item":"https:\/\/www.vibrahotels.com\/blog\/"},{"@type":"ListItem","position":2,"name":"Storytellers, un mundo m\u00e1gico en Cova Santa Ibiza"}]},{"@type":"WebSite","@id":"https:\/\/www.vibrahotels.com\/blog\/#website","url":"https:\/\/www.vibrahotels.com\/blog\/","name":"Islander by Vibra Hotels","description":"","potentialAction":[{"@type":"SearchAction","target":{"@type":"EntryPoint","urlTemplate":"https:\/\/www.vibrahotels.com\/blog\/?s={search_term_string}"},"query-input":{"@type":"PropertyValueSpecification","valueRequired":true,"valueName":"search_term_string"}}],"inLanguage":"es"},{"@type":"Person","@id":"https:\/\/www.vibrahotels.com\/blog\/#\/schema\/person\/ad74f13df6e44e7081ef65424f668972","name":"The Ibiza Blog","image":{"@type":"ImageObject","inLanguage":"es","@id":"https:\/\/secure.gravatar.com\/avatar\/d172713df318fe4ba11547ee4a70ab1eae0206026db57d7a5920186b9f5ee855?s=96&d=mm&r=g","url":"https:\/\/secure.gravatar.com\/avatar\/d172713df318fe4ba11547ee4a70ab1eae0206026db57d7a5920186b9f5ee855?s=96&d=mm&r=g","contentUrl":"https:\/\/secure.gravatar.com\/avatar\/d172713df318fe4ba11547ee4a70ab1eae0206026db57d7a5920186b9f5ee855?s=96&d=mm&r=g","caption":"The Ibiza Blog"},"url":"https:\/\/www.vibrahotels.com\/blog\/author\/the-ibiza-blog\/"}]}},"_links":{"self":[{"href":"https:\/\/www.vibrahotels.com\/blog\/wp-json\/wp\/v2\/posts\/3465","targetHints":{"allow":["GET"]}}],"collection":[{"href":"https:\/\/www.vibrahotels.com\/blog\/wp-json\/wp\/v2\/posts"}],"about":[{"href":"https:\/\/www.vibrahotels.com\/blog\/wp-json\/wp\/v2\/types\/post"}],"author":[{"embeddable":true,"href":"https:\/\/www.vibrahotels.com\/blog\/wp-json\/wp\/v2\/users\/1"}],"replies":[{"embeddable":true,"href":"https:\/\/www.vibrahotels.com\/blog\/wp-json\/wp\/v2\/comments?post=3465"}],"version-history":[{"count":1,"href":"https:\/\/www.vibrahotels.com\/blog\/wp-json\/wp\/v2\/posts\/3465\/revisions"}],"predecessor-version":[{"id":6470,"href":"https:\/\/www.vibrahotels.com\/blog\/wp-json\/wp\/v2\/posts\/3465\/revisions\/6470"}],"wp:featuredmedia":[{"embeddable":true,"href":"https:\/\/www.vibrahotels.com\/blog\/wp-json\/wp\/v2\/media\/3468"}],"wp:attachment":[{"href":"https:\/\/www.vibrahotels.com\/blog\/wp-json\/wp\/v2\/media?parent=3465"}],"wp:term":[{"taxonomy":"category","embeddable":true,"href":"https:\/\/www.vibrahotels.com\/blog\/wp-json\/wp\/v2\/categories?post=3465"},{"taxonomy":"post_tag","embeddable":true,"href":"https:\/\/www.vibrahotels.com\/blog\/wp-json\/wp\/v2\/tags?post=3465"}],"curies":[{"name":"wp","href":"https:\/\/api.w.org\/{rel}","templated":true}]}}