{"id":3449,"date":"2019-05-10T13:57:15","date_gmt":"2019-05-10T11:57:15","guid":{"rendered":"http:\/\/www.vibrahotels.com\/?p=3449"},"modified":"2020-03-11T11:58:08","modified_gmt":"2020-03-11T10:58:08","slug":"opening-parties-ibiza-2019","status":"publish","type":"post","link":"https:\/\/www.vibrahotels.com\/blog\/opening-parties-ibiza-2019\/","title":{"rendered":"Opening Parties en Ibiza 2019"},"content":{"rendered":"<p>\u00a1Se abre el tel\u00f3n clubbers! <strong>Llega la temporada de verano a Ibiza<\/strong> y los primeros grandes clubs de la isla comienzan a abrir sus puertas \u00a1los <strong>openings Ibiza 2019<\/strong> ya est\u00e1n aqu\u00ed! Amnesia, Ushua\u00efa, H\u00ef Ibiza y muchos otros clubes ya est\u00e1n preparados para albergar las mejores fiestas de todo el planeta \u00bfTe apuntas? Estamos seguros de que s\u00ed y por eso te contamos donde y cuando comienza el show.<\/p>\n<p><strong>Amnesia pondr\u00e1 la locura.<\/strong><\/p>\n<p><strong>Amnesia<\/strong> abre sus puertas el pr\u00f3ximo s\u00e1bado 11 de mayo y celebra su 45 aniversario con un cartel de esc\u00e1ndalo: <strong>Luciano, The Martinez Brothers, Mar-T y Adam Beyer<\/strong>, entre otros, ser\u00e1n los protagonistas de la noche en un ambiente de locura y diversi\u00f3n asegurada.<\/p>\n<p>Un line-up incre\u00edble que dar\u00e1 el pistoletazo de salida desde las 8:00 pm del s\u00e1bado \u00a1Hasta que salga el sol!<\/p>\n<p>Adem\u00e1s, la discoteca estrena un avanzado sistema de sonido ideado y dise\u00f1ado por el legendario pionero del audio, <strong>George Krampera<\/strong>. Un nuevo sistema que, seg\u00fan George, \u00abcapta verdaderamente las emociones de las actuaciones de los artistas\u00bb\u00a0y consigue \u00abuna definici\u00f3n incre\u00edble, es transparente y real\u00bb. Un sistema que une el arte y la ciencia para crear una experiencia inolvidable.<\/p>\n<p><img loading=\"lazy\" decoding=\"async\" class=\"alignnone size-full wp-image-3450\" src=\"http:\/\/www.vibrahotels.com\/wp-content\/uploads\/2019\/05\/Cartel-Amnesia.jpg\" alt=\"Cartel Amnesia\" width=\"1080\" height=\"1080\" srcset=\"https:\/\/www.vibrahotels.com\/blog\/wp-content\/uploads\/2019\/05\/Cartel-Amnesia.jpg 1080w, https:\/\/www.vibrahotels.com\/blog\/wp-content\/uploads\/2019\/05\/Cartel-Amnesia-150x150.jpg 150w, https:\/\/www.vibrahotels.com\/blog\/wp-content\/uploads\/2019\/05\/Cartel-Amnesia-300x300.jpg 300w, https:\/\/www.vibrahotels.com\/blog\/wp-content\/uploads\/2019\/05\/Cartel-Amnesia-768x768.jpg 768w, https:\/\/www.vibrahotels.com\/blog\/wp-content\/uploads\/2019\/05\/Cartel-Amnesia-1024x1024.jpg 1024w, https:\/\/www.vibrahotels.com\/blog\/wp-content\/uploads\/2019\/05\/Cartel-Amnesia-180x180.jpg 180w, https:\/\/www.vibrahotels.com\/blog\/wp-content\/uploads\/2019\/05\/Cartel-Amnesia-600x600.jpg 600w\" sizes=\"auto, (max-width: 1080px) 100vw, 1080px\" \/><\/p>\n<p><strong>H\u00ef y Ushua\u00efa, estreno conjunto.<\/strong><\/p>\n<p>Estos dos clubes abren con una apuesta conjunta el s\u00e1bado 18 de Mayo, <strong>Odyssey<\/strong>. El primer y \u00fanico evento en Ibiza que durar\u00e1 24 horas y utilizar\u00e1 espacios interiores y exteriores. Esta fiesta dar\u00e1 comienzo en <strong>Ushua\u00efa<\/strong> con DJ\u2019s como Andrea Oliva como cabeza de cartel y cuando se ponga el sol la fiesta seguir\u00e1 en <strong>H\u00ef Ibiza<\/strong>. Una aut\u00e9ntica locura solo posible en la isla de la fiesta.<\/p>\n<p><strong>Otros clubes<\/strong><\/p>\n<p>Otros clubes como <strong>Pacha, DC 10 o Eden Ibiza<\/strong> tambi\u00e9n tienen sus openings parties durante el mes de Mayo. Adem\u00e1s, no podemos olvidar que el mayor evento de m\u00fasica electr\u00f3nica, el <strong>IMS Ibiza<\/strong> tiene lugar entre el 24 y el 26 de Mayo. Un aut\u00e9ntico mes de m\u00fasica y fiesta en la isla blanca.<\/p>\n<p>Si ya tienes tus entradas para los openings pero a\u00fan no dispones de alojamiento, te recomendamos los hoteles del grupo hotelero <strong><a href=\"https:\/\/www.playasolibizahotels.com\/es\" target=\"_blank\" rel=\"noopener noreferrer\">Playasol Ibiza Hotels<\/a>.\u00a0<\/strong>La cadena cuenta con grandes hoteles relaci\u00f3n calidad\/precio para disfrutar de unas vacaciones \u201cClubbers\u201d a lo grande.<\/p>\n<p><strong>Openings 2019 en Ibiza, una visita obligada para los amantes de la m\u00fasica.<\/strong><\/p>\n","protected":false},"excerpt":{"rendered":"<p>\u00a1Se abre el tel\u00f3n clubbers! Llega la temporada de verano a Ibiza y los primeros grandes clubs de la isla comienzan a abrir sus puertas \u00a1los openings Ibiza 2019 ya est\u00e1n aqu\u00ed! Amnesia, Ushua\u00efa, H\u00ef Ibiza y muchos otros clubes&#8230;<\/p>\n","protected":false},"author":1,"featured_media":3452,"comment_status":"open","ping_status":"open","sticky":false,"template":"","format":"standard","meta":{"footnotes":""},"categories":[1311],"tags":[1193,1192,261],"class_list":["post-3449","post","type-post","status-publish","format-standard","has-post-thumbnail","hentry","category-planes-en-ibiza","tag-mart","tag-opening-party","tag-pacha"],"yoast_head":"<!-- This site is optimized with the Yoast SEO plugin v27.4 - https:\/\/yoast.com\/product\/yoast-seo-wordpress\/ -->\n<title>Opening Parties en Ibiza 2019 - Islander by Vibra Hotels<\/title>\n<meta name=\"robots\" content=\"index, follow, max-snippet:-1, max-image-preview:large, max-video-preview:-1\" \/>\n<link rel=\"canonical\" href=\"https:\/\/www.vibrahotels.com\/blog\/opening-parties-ibiza-2019\/\" \/>\n<meta property=\"og:locale\" content=\"es_ES\" \/>\n<meta property=\"og:type\" content=\"article\" \/>\n<meta property=\"og:title\" content=\"Opening Parties en Ibiza 2019 - Islander by Vibra Hotels\" \/>\n<meta property=\"og:description\" content=\"\u00a1Se abre el tel\u00f3n clubbers! Llega la temporada de verano a Ibiza y los primeros grandes clubs de la isla comienzan a abrir sus puertas \u00a1los openings Ibiza 2019 ya est\u00e1n aqu\u00ed! Amnesia, Ushua\u00efa, H\u00ef Ibiza y muchos otros clubes...\" \/>\n<meta property=\"og:url\" content=\"https:\/\/www.vibrahotels.com\/blog\/opening-parties-ibiza-2019\/\" \/>\n<meta property=\"og:site_name\" content=\"Islander by Vibra Hotels\" \/>\n<meta property=\"article:published_time\" content=\"2019-05-10T11:57:15+00:00\" \/>\n<meta property=\"article:modified_time\" content=\"2020-03-11T10:58:08+00:00\" \/>\n<meta property=\"og:image\" content=\"https:\/\/www.vibrahotels.com\/blog\/wp-content\/uploads\/2019\/05\/shutterstock_287171675-1024x640.jpg\" \/>\n\t<meta property=\"og:image:width\" content=\"1024\" \/>\n\t<meta property=\"og:image:height\" content=\"640\" \/>\n\t<meta property=\"og:image:type\" content=\"image\/jpeg\" \/>\n<meta name=\"author\" content=\"The Ibiza Blog\" \/>\n<meta name=\"twitter:card\" content=\"summary_large_image\" \/>\n<meta name=\"twitter:label1\" content=\"Escrito por\" \/>\n\t<meta name=\"twitter:data1\" content=\"The Ibiza Blog\" \/>\n\t<meta name=\"twitter:label2\" content=\"Tiempo de lectura\" \/>\n\t<meta name=\"twitter:data2\" content=\"2 minutos\" \/>\n<script type=\"application\/ld+json\" class=\"yoast-schema-graph\">{\"@context\":\"https:\\\/\\\/schema.org\",\"@graph\":[{\"@type\":\"Article\",\"@id\":\"https:\\\/\\\/www.vibrahotels.com\\\/blog\\\/opening-parties-ibiza-2019\\\/#article\",\"isPartOf\":{\"@id\":\"https:\\\/\\\/www.vibrahotels.com\\\/blog\\\/opening-parties-ibiza-2019\\\/\"},\"author\":{\"name\":\"The Ibiza Blog\",\"@id\":\"https:\\\/\\\/www.vibrahotels.com\\\/blog\\\/#\\\/schema\\\/person\\\/ad74f13df6e44e7081ef65424f668972\"},\"headline\":\"Opening Parties en Ibiza 2019\",\"datePublished\":\"2019-05-10T11:57:15+00:00\",\"dateModified\":\"2020-03-11T10:58:08+00:00\",\"mainEntityOfPage\":{\"@id\":\"https:\\\/\\\/www.vibrahotels.com\\\/blog\\\/opening-parties-ibiza-2019\\\/\"},\"wordCount\":406,\"commentCount\":0,\"image\":{\"@id\":\"https:\\\/\\\/www.vibrahotels.com\\\/blog\\\/opening-parties-ibiza-2019\\\/#primaryimage\"},\"thumbnailUrl\":\"https:\\\/\\\/www.vibrahotels.com\\\/blog\\\/wp-content\\\/uploads\\\/2019\\\/05\\\/shutterstock_287171675.jpg\",\"keywords\":[\"MarT\",\"Opening party\",\"Pacha\"],\"articleSection\":[\"Planes en Ibiza\"],\"inLanguage\":\"es\",\"potentialAction\":[{\"@type\":\"CommentAction\",\"name\":\"Comment\",\"target\":[\"https:\\\/\\\/www.vibrahotels.com\\\/blog\\\/opening-parties-ibiza-2019\\\/#respond\"]}]},{\"@type\":\"WebPage\",\"@id\":\"https:\\\/\\\/www.vibrahotels.com\\\/blog\\\/opening-parties-ibiza-2019\\\/\",\"url\":\"https:\\\/\\\/www.vibrahotels.com\\\/blog\\\/opening-parties-ibiza-2019\\\/\",\"name\":\"Opening Parties en Ibiza 2019 - Islander by Vibra Hotels\",\"isPartOf\":{\"@id\":\"https:\\\/\\\/www.vibrahotels.com\\\/blog\\\/#website\"},\"primaryImageOfPage\":{\"@id\":\"https:\\\/\\\/www.vibrahotels.com\\\/blog\\\/opening-parties-ibiza-2019\\\/#primaryimage\"},\"image\":{\"@id\":\"https:\\\/\\\/www.vibrahotels.com\\\/blog\\\/opening-parties-ibiza-2019\\\/#primaryimage\"},\"thumbnailUrl\":\"https:\\\/\\\/www.vibrahotels.com\\\/blog\\\/wp-content\\\/uploads\\\/2019\\\/05\\\/shutterstock_287171675.jpg\",\"datePublished\":\"2019-05-10T11:57:15+00:00\",\"dateModified\":\"2020-03-11T10:58:08+00:00\",\"author\":{\"@id\":\"https:\\\/\\\/www.vibrahotels.com\\\/blog\\\/#\\\/schema\\\/person\\\/ad74f13df6e44e7081ef65424f668972\"},\"breadcrumb\":{\"@id\":\"https:\\\/\\\/www.vibrahotels.com\\\/blog\\\/opening-parties-ibiza-2019\\\/#breadcrumb\"},\"inLanguage\":\"es\",\"potentialAction\":[{\"@type\":\"ReadAction\",\"target\":[\"https:\\\/\\\/www.vibrahotels.com\\\/blog\\\/opening-parties-ibiza-2019\\\/\"]}]},{\"@type\":\"ImageObject\",\"inLanguage\":\"es\",\"@id\":\"https:\\\/\\\/www.vibrahotels.com\\\/blog\\\/opening-parties-ibiza-2019\\\/#primaryimage\",\"url\":\"https:\\\/\\\/www.vibrahotels.com\\\/blog\\\/wp-content\\\/uploads\\\/2019\\\/05\\\/shutterstock_287171675.jpg\",\"contentUrl\":\"https:\\\/\\\/www.vibrahotels.com\\\/blog\\\/wp-content\\\/uploads\\\/2019\\\/05\\\/shutterstock_287171675.jpg\",\"width\":3000,\"height\":1875},{\"@type\":\"BreadcrumbList\",\"@id\":\"https:\\\/\\\/www.vibrahotels.com\\\/blog\\\/opening-parties-ibiza-2019\\\/#breadcrumb\",\"itemListElement\":[{\"@type\":\"ListItem\",\"position\":1,\"name\":\"Portada\",\"item\":\"https:\\\/\\\/www.vibrahotels.com\\\/blog\\\/\"},{\"@type\":\"ListItem\",\"position\":2,\"name\":\"Opening Parties en Ibiza 2019\"}]},{\"@type\":\"WebSite\",\"@id\":\"https:\\\/\\\/www.vibrahotels.com\\\/blog\\\/#website\",\"url\":\"https:\\\/\\\/www.vibrahotels.com\\\/blog\\\/\",\"name\":\"Islander by Vibra Hotels\",\"description\":\"\",\"potentialAction\":[{\"@type\":\"SearchAction\",\"target\":{\"@type\":\"EntryPoint\",\"urlTemplate\":\"https:\\\/\\\/www.vibrahotels.com\\\/blog\\\/?s={search_term_string}\"},\"query-input\":{\"@type\":\"PropertyValueSpecification\",\"valueRequired\":true,\"valueName\":\"search_term_string\"}}],\"inLanguage\":\"es\"},{\"@type\":\"Person\",\"@id\":\"https:\\\/\\\/www.vibrahotels.com\\\/blog\\\/#\\\/schema\\\/person\\\/ad74f13df6e44e7081ef65424f668972\",\"name\":\"The Ibiza Blog\",\"image\":{\"@type\":\"ImageObject\",\"inLanguage\":\"es\",\"@id\":\"https:\\\/\\\/secure.gravatar.com\\\/avatar\\\/d172713df318fe4ba11547ee4a70ab1eae0206026db57d7a5920186b9f5ee855?s=96&d=mm&r=g\",\"url\":\"https:\\\/\\\/secure.gravatar.com\\\/avatar\\\/d172713df318fe4ba11547ee4a70ab1eae0206026db57d7a5920186b9f5ee855?s=96&d=mm&r=g\",\"contentUrl\":\"https:\\\/\\\/secure.gravatar.com\\\/avatar\\\/d172713df318fe4ba11547ee4a70ab1eae0206026db57d7a5920186b9f5ee855?s=96&d=mm&r=g\",\"caption\":\"The Ibiza Blog\"},\"url\":\"https:\\\/\\\/www.vibrahotels.com\\\/blog\\\/author\\\/the-ibiza-blog\\\/\"}]}<\/script>\n<!-- \/ Yoast SEO plugin. -->","yoast_head_json":{"title":"Opening Parties en Ibiza 2019 - Islander by Vibra Hotels","robots":{"index":"index","follow":"follow","max-snippet":"max-snippet:-1","max-image-preview":"max-image-preview:large","max-video-preview":"max-video-preview:-1"},"canonical":"https:\/\/www.vibrahotels.com\/blog\/opening-parties-ibiza-2019\/","og_locale":"es_ES","og_type":"article","og_title":"Opening Parties en Ibiza 2019 - Islander by Vibra Hotels","og_description":"\u00a1Se abre el tel\u00f3n clubbers! Llega la temporada de verano a Ibiza y los primeros grandes clubs de la isla comienzan a abrir sus puertas \u00a1los openings Ibiza 2019 ya est\u00e1n aqu\u00ed! Amnesia, Ushua\u00efa, H\u00ef Ibiza y muchos otros clubes...","og_url":"https:\/\/www.vibrahotels.com\/blog\/opening-parties-ibiza-2019\/","og_site_name":"Islander by Vibra Hotels","article_published_time":"2019-05-10T11:57:15+00:00","article_modified_time":"2020-03-11T10:58:08+00:00","og_image":[{"width":1024,"height":640,"url":"https:\/\/www.vibrahotels.com\/blog\/wp-content\/uploads\/2019\/05\/shutterstock_287171675-1024x640.jpg","type":"image\/jpeg"}],"author":"The Ibiza Blog","twitter_card":"summary_large_image","twitter_misc":{"Escrito por":"The Ibiza Blog","Tiempo de lectura":"2 minutos"},"schema":{"@context":"https:\/\/schema.org","@graph":[{"@type":"Article","@id":"https:\/\/www.vibrahotels.com\/blog\/opening-parties-ibiza-2019\/#article","isPartOf":{"@id":"https:\/\/www.vibrahotels.com\/blog\/opening-parties-ibiza-2019\/"},"author":{"name":"The Ibiza Blog","@id":"https:\/\/www.vibrahotels.com\/blog\/#\/schema\/person\/ad74f13df6e44e7081ef65424f668972"},"headline":"Opening Parties en Ibiza 2019","datePublished":"2019-05-10T11:57:15+00:00","dateModified":"2020-03-11T10:58:08+00:00","mainEntityOfPage":{"@id":"https:\/\/www.vibrahotels.com\/blog\/opening-parties-ibiza-2019\/"},"wordCount":406,"commentCount":0,"image":{"@id":"https:\/\/www.vibrahotels.com\/blog\/opening-parties-ibiza-2019\/#primaryimage"},"thumbnailUrl":"https:\/\/www.vibrahotels.com\/blog\/wp-content\/uploads\/2019\/05\/shutterstock_287171675.jpg","keywords":["MarT","Opening party","Pacha"],"articleSection":["Planes en Ibiza"],"inLanguage":"es","potentialAction":[{"@type":"CommentAction","name":"Comment","target":["https:\/\/www.vibrahotels.com\/blog\/opening-parties-ibiza-2019\/#respond"]}]},{"@type":"WebPage","@id":"https:\/\/www.vibrahotels.com\/blog\/opening-parties-ibiza-2019\/","url":"https:\/\/www.vibrahotels.com\/blog\/opening-parties-ibiza-2019\/","name":"Opening Parties en Ibiza 2019 - Islander by Vibra Hotels","isPartOf":{"@id":"https:\/\/www.vibrahotels.com\/blog\/#website"},"primaryImageOfPage":{"@id":"https:\/\/www.vibrahotels.com\/blog\/opening-parties-ibiza-2019\/#primaryimage"},"image":{"@id":"https:\/\/www.vibrahotels.com\/blog\/opening-parties-ibiza-2019\/#primaryimage"},"thumbnailUrl":"https:\/\/www.vibrahotels.com\/blog\/wp-content\/uploads\/2019\/05\/shutterstock_287171675.jpg","datePublished":"2019-05-10T11:57:15+00:00","dateModified":"2020-03-11T10:58:08+00:00","author":{"@id":"https:\/\/www.vibrahotels.com\/blog\/#\/schema\/person\/ad74f13df6e44e7081ef65424f668972"},"breadcrumb":{"@id":"https:\/\/www.vibrahotels.com\/blog\/opening-parties-ibiza-2019\/#breadcrumb"},"inLanguage":"es","potentialAction":[{"@type":"ReadAction","target":["https:\/\/www.vibrahotels.com\/blog\/opening-parties-ibiza-2019\/"]}]},{"@type":"ImageObject","inLanguage":"es","@id":"https:\/\/www.vibrahotels.com\/blog\/opening-parties-ibiza-2019\/#primaryimage","url":"https:\/\/www.vibrahotels.com\/blog\/wp-content\/uploads\/2019\/05\/shutterstock_287171675.jpg","contentUrl":"https:\/\/www.vibrahotels.com\/blog\/wp-content\/uploads\/2019\/05\/shutterstock_287171675.jpg","width":3000,"height":1875},{"@type":"BreadcrumbList","@id":"https:\/\/www.vibrahotels.com\/blog\/opening-parties-ibiza-2019\/#breadcrumb","itemListElement":[{"@type":"ListItem","position":1,"name":"Portada","item":"https:\/\/www.vibrahotels.com\/blog\/"},{"@type":"ListItem","position":2,"name":"Opening Parties en Ibiza 2019"}]},{"@type":"WebSite","@id":"https:\/\/www.vibrahotels.com\/blog\/#website","url":"https:\/\/www.vibrahotels.com\/blog\/","name":"Islander by Vibra Hotels","description":"","potentialAction":[{"@type":"SearchAction","target":{"@type":"EntryPoint","urlTemplate":"https:\/\/www.vibrahotels.com\/blog\/?s={search_term_string}"},"query-input":{"@type":"PropertyValueSpecification","valueRequired":true,"valueName":"search_term_string"}}],"inLanguage":"es"},{"@type":"Person","@id":"https:\/\/www.vibrahotels.com\/blog\/#\/schema\/person\/ad74f13df6e44e7081ef65424f668972","name":"The Ibiza Blog","image":{"@type":"ImageObject","inLanguage":"es","@id":"https:\/\/secure.gravatar.com\/avatar\/d172713df318fe4ba11547ee4a70ab1eae0206026db57d7a5920186b9f5ee855?s=96&d=mm&r=g","url":"https:\/\/secure.gravatar.com\/avatar\/d172713df318fe4ba11547ee4a70ab1eae0206026db57d7a5920186b9f5ee855?s=96&d=mm&r=g","contentUrl":"https:\/\/secure.gravatar.com\/avatar\/d172713df318fe4ba11547ee4a70ab1eae0206026db57d7a5920186b9f5ee855?s=96&d=mm&r=g","caption":"The Ibiza Blog"},"url":"https:\/\/www.vibrahotels.com\/blog\/author\/the-ibiza-blog\/"}]}},"_links":{"self":[{"href":"https:\/\/www.vibrahotels.com\/blog\/wp-json\/wp\/v2\/posts\/3449","targetHints":{"allow":["GET"]}}],"collection":[{"href":"https:\/\/www.vibrahotels.com\/blog\/wp-json\/wp\/v2\/posts"}],"about":[{"href":"https:\/\/www.vibrahotels.com\/blog\/wp-json\/wp\/v2\/types\/post"}],"author":[{"embeddable":true,"href":"https:\/\/www.vibrahotels.com\/blog\/wp-json\/wp\/v2\/users\/1"}],"replies":[{"embeddable":true,"href":"https:\/\/www.vibrahotels.com\/blog\/wp-json\/wp\/v2\/comments?post=3449"}],"version-history":[{"count":0,"href":"https:\/\/www.vibrahotels.com\/blog\/wp-json\/wp\/v2\/posts\/3449\/revisions"}],"wp:featuredmedia":[{"embeddable":true,"href":"https:\/\/www.vibrahotels.com\/blog\/wp-json\/wp\/v2\/media\/3452"}],"wp:attachment":[{"href":"https:\/\/www.vibrahotels.com\/blog\/wp-json\/wp\/v2\/media?parent=3449"}],"wp:term":[{"taxonomy":"category","embeddable":true,"href":"https:\/\/www.vibrahotels.com\/blog\/wp-json\/wp\/v2\/categories?post=3449"},{"taxonomy":"post_tag","embeddable":true,"href":"https:\/\/www.vibrahotels.com\/blog\/wp-json\/wp\/v2\/tags?post=3449"}],"curies":[{"name":"wp","href":"https:\/\/api.w.org\/{rel}","templated":true}]}}