{"id":3402,"date":"2019-04-12T09:47:34","date_gmt":"2019-04-12T07:47:34","guid":{"rendered":"http:\/\/www.vibrahotels.com\/?p=3402"},"modified":"2020-03-11T11:50:58","modified_gmt":"2020-03-11T10:50:58","slug":"planes-una-semana-santa-ibiza","status":"publish","type":"post","link":"https:\/\/www.vibrahotels.com\/blog\/planes-una-semana-santa-ibiza\/","title":{"rendered":"Planes para una Semana Santa en Ibiza"},"content":{"rendered":"<p><strong>Semana Santa<\/strong> es, sin duda, la mejor \u00e9poca para viajar a <strong>Ibiza<\/strong>. El buen tiempo hace presagiar la llegada de la temporada de verano y la isla se llena de ambiente buscando disfrutar de sus rincones m\u00e1gicos y la extensa oferta de ocio, cultura y restauraci\u00f3n.<\/p>\n<p>Hoy hacemos selecci\u00f3n de algunos de los lugares de inter\u00e9s que no puedes perderte si decides visitar la isla en esta fecha:<\/p>\n<p><strong>Mercadillo de Las Dalias<\/strong><\/p>\n<p>Durante esta \u00e9poca del a\u00f1o la afluencia de turistas en la isla es menor y lugares que en verano no se pueden visitar por las aglomeraciones, ahora est\u00e1n casi desiertos. Un claro ejemplo es el mercadillo de Las Dalias, el \u201c<strong>mercadillo hippie<\/strong>\u201d por excelencia de la isla abre sus puertas todos los s\u00e1bados del a\u00f1o, lugar de visita obligada si quieres disfrutar de la verdadera esencia hippie de <strong>Ibiza<\/strong>. Situado en San Carlos, en \u00e9l podr\u00e1s encontrar todo tipo de <strong>artesan\u00eda y moda ibicenca<\/strong>, adem\u00e1s de <strong>deliciosa gastronom\u00eda ecol\u00f3gica<\/strong> y <strong>m\u00fasica en directo<\/strong>.<\/p>\n<p><strong>Dalt Vila<\/strong><\/p>\n<p>Una visita obligada es el <strong>casco antiguo de Ibiza<\/strong>, conocido como \u201c<strong>Dalt Vila<\/strong>\u201d. Este Castillo se construy\u00f3 en el siglo XVI y fue declarado <strong>Patrimonio de la Humanidad por la Unesco en el a\u00f1o 1999<\/strong>. Pasear por sus calles y vivir la historia de <strong>Ibiza<\/strong> es un placer, adem\u00e1s de que dentro de sus murallas cuenta con multitud de lugares que merece la pena visitar. \u00a1No olvides contemplar sus maravillosas vistas desde lo m\u00e1s alto!<\/p>\n<p><img loading=\"lazy\" decoding=\"async\" class=\"alignnone size-full wp-image-3407\" src=\"http:\/\/www.vibrahotels.com\/wp-content\/uploads\/2019\/04\/Portada-2.jpg\" alt=\"Ibiza\" width=\"4608\" height=\"3456\" srcset=\"https:\/\/www.vibrahotels.com\/blog\/wp-content\/uploads\/2019\/04\/Portada-2.jpg 4608w, https:\/\/www.vibrahotels.com\/blog\/wp-content\/uploads\/2019\/04\/Portada-2-300x225.jpg 300w, https:\/\/www.vibrahotels.com\/blog\/wp-content\/uploads\/2019\/04\/Portada-2-768x576.jpg 768w, https:\/\/www.vibrahotels.com\/blog\/wp-content\/uploads\/2019\/04\/Portada-2-1024x768.jpg 1024w\" sizes=\"auto, (max-width: 4608px) 100vw, 4608px\" \/><\/p>\n<p><strong>Ibiza y sus procesiones<\/strong><\/p>\n<p>Si lo tuyo es la <strong>Semana Santa, Ibiza<\/strong> tambi\u00e9n tiene una propuesta para ti. Lejos de lo que pueda parecer, existe una <strong>Ibiza<\/strong> m\u00e1s aut\u00f3ctona que disfruta de la semana m\u00e1s devota del a\u00f1o. Si bien es verdad que no se celebra tanto como en otros lugares, s\u00ed puede presumir de tener <strong>uno de los recorridos m\u00e1s bonitos<\/strong> para ver sus procesiones. En especial destaca su precioso casco hist\u00f3rico. Te recomendamos que no te pierdas c\u00f3mo avanzan los pasos por sus empinadas y estrechas calles.<\/p>\n<p><strong>Visita las playas m\u00e1s famosas de Ibiza<\/strong><\/p>\n<p>\u00a1El invierno se aleja! Y si <strong>Ibiza<\/strong> tiene algo de lo que presumir es de sus <strong>playas y calas<\/strong>. \u00bfLo mejor? La afluencia de turistas en Semana Santa es tan baja, que puedes disfrutar de todas ellas sin aglomeraciones. <strong>Cala Bassa, Cala Compta, Cala Salada\u2026<\/strong> todas ellas con agua cristalina y arena fina ideal para pasar un d\u00eda de playa sin el agobio que supone no tener espacio para la toalla. <strong>\u00a1En verano estos paisajes no se repiten!<\/strong><\/p>\n<p><img loading=\"lazy\" decoding=\"async\" class=\"alignnone size-full wp-image-3403\" src=\"http:\/\/www.vibrahotels.com\/wp-content\/uploads\/2019\/04\/cala-bassa.jpg\" alt=\"cala bassa\" width=\"5760\" height=\"3840\" srcset=\"https:\/\/www.vibrahotels.com\/blog\/wp-content\/uploads\/2019\/04\/cala-bassa.jpg 5760w, https:\/\/www.vibrahotels.com\/blog\/wp-content\/uploads\/2019\/04\/cala-bassa-300x200.jpg 300w, https:\/\/www.vibrahotels.com\/blog\/wp-content\/uploads\/2019\/04\/cala-bassa-768x512.jpg 768w, https:\/\/www.vibrahotels.com\/blog\/wp-content\/uploads\/2019\/04\/cala-bassa-1024x683.jpg 1024w\" sizes=\"auto, (max-width: 5760px) 100vw, 5760px\" \/><\/p>\n<p><strong>Alojamiento para todas las necesidades<\/strong><\/p>\n<p><strong>La semana santa<\/strong> es cuando la mayor\u00eda de hoteles abren sus puertas. Si lo que quieres es estar cerca del centro de la isla, te recomendamos los hoteles de la cadena Playasol Ibiza Hotels:\u00a0<strong><a href=\"https:\/\/www.playasolibizahotels.com\/es\/ibiza\/playa-d-en-bossa\/hotel-playasol-the-new-algarb?utm_source=google&amp;utm_medium=cpc_es&amp;utm_campaign=Marca&amp;utm_term=es&amp;utm_content=HALG_es\">the New Algarb Playasol Hotel<\/a>, <a href=\"https:\/\/www.playasolibizahotels.com\/es\/ibiza\/playa-d-en-bossa\/apartamentos-playasol-my-tivoli?utm_source=google&amp;utm_medium=cpc_es&amp;utm_campaign=Marca&amp;utm_term=es&amp;utm_content=AMYT_es\">the My Tivoli Playasol Hotel<\/a> o <a href=\"https:\/\/www.playasolibizahotels.com\/es\/ibiza\/ciudad\/apartamentos-playasol-jabeque-soul?utm_source=google&amp;utm_medium=cpc_es&amp;utm_campaign=Marca&amp;utm_term=es&amp;utm_content=AJBS_es\">el Jabeque Soul Playasol Hotel<\/a>.<\/strong> La cadena tambi\u00e9n dispone de otros hoteles interesantes pero, sea el que sea el que escojas ellos te ofrecen la mejor relaci\u00f3n calidad-precio.<\/p>\n<p><strong>Ibiza\u00a0<\/strong>, toda una experiencia para disfrutar durante todo el a\u00f1o y en especial en esta Semana Santa. \u00bfTe vienes?<\/p>\n<p>&nbsp;<\/p>\n","protected":false},"excerpt":{"rendered":"<p>Semana Santa es, sin duda, la mejor \u00e9poca para viajar a Ibiza. El buen tiempo hace presagiar la llegada de la temporada de verano y la isla se llena de ambiente buscando disfrutar de sus rincones m\u00e1gicos y la extensa&#8230;<\/p>\n","protected":false},"author":1,"featured_media":3409,"comment_status":"open","ping_status":"open","sticky":false,"template":"","format":"standard","meta":{"footnotes":""},"categories":[1297],"tags":[778],"class_list":["post-3402","post","type-post","status-publish","format-standard","has-post-thumbnail","hentry","category-travel","tag-semana-santa"],"yoast_head":"<!-- This site is optimized with the Yoast SEO plugin v27.4 - https:\/\/yoast.com\/product\/yoast-seo-wordpress\/ -->\n<title>Planes para una Semana Santa en Ibiza - Islander by Vibra Hotels<\/title>\n<meta name=\"robots\" content=\"index, follow, max-snippet:-1, max-image-preview:large, max-video-preview:-1\" \/>\n<link rel=\"canonical\" href=\"https:\/\/www.vibrahotels.com\/blog\/planes-una-semana-santa-ibiza\/\" \/>\n<meta property=\"og:locale\" content=\"es_ES\" \/>\n<meta property=\"og:type\" content=\"article\" \/>\n<meta property=\"og:title\" content=\"Planes para una Semana Santa en Ibiza - Islander by Vibra Hotels\" \/>\n<meta property=\"og:description\" content=\"Semana Santa es, sin duda, la mejor \u00e9poca para viajar a Ibiza. El buen tiempo hace presagiar la llegada de la temporada de verano y la isla se llena de ambiente buscando disfrutar de sus rincones m\u00e1gicos y la extensa...\" \/>\n<meta property=\"og:url\" content=\"https:\/\/www.vibrahotels.com\/blog\/planes-una-semana-santa-ibiza\/\" \/>\n<meta property=\"og:site_name\" content=\"Islander by Vibra Hotels\" \/>\n<meta property=\"article:published_time\" content=\"2019-04-12T07:47:34+00:00\" \/>\n<meta property=\"article:modified_time\" content=\"2020-03-11T10:50:58+00:00\" \/>\n<meta property=\"og:image\" content=\"https:\/\/www.vibrahotels.com\/blog\/wp-content\/uploads\/2019\/04\/Portada-1024x398.jpg\" \/>\n\t<meta property=\"og:image:width\" content=\"1024\" \/>\n\t<meta property=\"og:image:height\" content=\"398\" \/>\n\t<meta property=\"og:image:type\" content=\"image\/jpeg\" \/>\n<meta name=\"author\" content=\"The Ibiza Blog\" \/>\n<meta name=\"twitter:card\" content=\"summary_large_image\" \/>\n<meta name=\"twitter:label1\" content=\"Escrito por\" \/>\n\t<meta name=\"twitter:data1\" content=\"The Ibiza Blog\" \/>\n\t<meta name=\"twitter:label2\" content=\"Tiempo de lectura\" \/>\n\t<meta name=\"twitter:data2\" content=\"3 minutos\" \/>\n<script type=\"application\/ld+json\" class=\"yoast-schema-graph\">{\"@context\":\"https:\\\/\\\/schema.org\",\"@graph\":[{\"@type\":\"Article\",\"@id\":\"https:\\\/\\\/www.vibrahotels.com\\\/blog\\\/planes-una-semana-santa-ibiza\\\/#article\",\"isPartOf\":{\"@id\":\"https:\\\/\\\/www.vibrahotels.com\\\/blog\\\/planes-una-semana-santa-ibiza\\\/\"},\"author\":{\"name\":\"The Ibiza Blog\",\"@id\":\"https:\\\/\\\/www.vibrahotels.com\\\/blog\\\/#\\\/schema\\\/person\\\/ad74f13df6e44e7081ef65424f668972\"},\"headline\":\"Planes para una Semana Santa en Ibiza\",\"datePublished\":\"2019-04-12T07:47:34+00:00\",\"dateModified\":\"2020-03-11T10:50:58+00:00\",\"mainEntityOfPage\":{\"@id\":\"https:\\\/\\\/www.vibrahotels.com\\\/blog\\\/planes-una-semana-santa-ibiza\\\/\"},\"wordCount\":551,\"commentCount\":0,\"image\":{\"@id\":\"https:\\\/\\\/www.vibrahotels.com\\\/blog\\\/planes-una-semana-santa-ibiza\\\/#primaryimage\"},\"thumbnailUrl\":\"https:\\\/\\\/www.vibrahotels.com\\\/blog\\\/wp-content\\\/uploads\\\/2019\\\/04\\\/Portada.jpg\",\"keywords\":[\"semana santa\"],\"articleSection\":[\"Travel\"],\"inLanguage\":\"es\",\"potentialAction\":[{\"@type\":\"CommentAction\",\"name\":\"Comment\",\"target\":[\"https:\\\/\\\/www.vibrahotels.com\\\/blog\\\/planes-una-semana-santa-ibiza\\\/#respond\"]}]},{\"@type\":\"WebPage\",\"@id\":\"https:\\\/\\\/www.vibrahotels.com\\\/blog\\\/planes-una-semana-santa-ibiza\\\/\",\"url\":\"https:\\\/\\\/www.vibrahotels.com\\\/blog\\\/planes-una-semana-santa-ibiza\\\/\",\"name\":\"Planes para una Semana Santa en Ibiza - Islander by Vibra Hotels\",\"isPartOf\":{\"@id\":\"https:\\\/\\\/www.vibrahotels.com\\\/blog\\\/#website\"},\"primaryImageOfPage\":{\"@id\":\"https:\\\/\\\/www.vibrahotels.com\\\/blog\\\/planes-una-semana-santa-ibiza\\\/#primaryimage\"},\"image\":{\"@id\":\"https:\\\/\\\/www.vibrahotels.com\\\/blog\\\/planes-una-semana-santa-ibiza\\\/#primaryimage\"},\"thumbnailUrl\":\"https:\\\/\\\/www.vibrahotels.com\\\/blog\\\/wp-content\\\/uploads\\\/2019\\\/04\\\/Portada.jpg\",\"datePublished\":\"2019-04-12T07:47:34+00:00\",\"dateModified\":\"2020-03-11T10:50:58+00:00\",\"author\":{\"@id\":\"https:\\\/\\\/www.vibrahotels.com\\\/blog\\\/#\\\/schema\\\/person\\\/ad74f13df6e44e7081ef65424f668972\"},\"breadcrumb\":{\"@id\":\"https:\\\/\\\/www.vibrahotels.com\\\/blog\\\/planes-una-semana-santa-ibiza\\\/#breadcrumb\"},\"inLanguage\":\"es\",\"potentialAction\":[{\"@type\":\"ReadAction\",\"target\":[\"https:\\\/\\\/www.vibrahotels.com\\\/blog\\\/planes-una-semana-santa-ibiza\\\/\"]}]},{\"@type\":\"ImageObject\",\"inLanguage\":\"es\",\"@id\":\"https:\\\/\\\/www.vibrahotels.com\\\/blog\\\/planes-una-semana-santa-ibiza\\\/#primaryimage\",\"url\":\"https:\\\/\\\/www.vibrahotels.com\\\/blog\\\/wp-content\\\/uploads\\\/2019\\\/04\\\/Portada.jpg\",\"contentUrl\":\"https:\\\/\\\/www.vibrahotels.com\\\/blog\\\/wp-content\\\/uploads\\\/2019\\\/04\\\/Portada.jpg\",\"width\":9643,\"height\":3750,\"caption\":\"Ibiza Playasol\"},{\"@type\":\"BreadcrumbList\",\"@id\":\"https:\\\/\\\/www.vibrahotels.com\\\/blog\\\/planes-una-semana-santa-ibiza\\\/#breadcrumb\",\"itemListElement\":[{\"@type\":\"ListItem\",\"position\":1,\"name\":\"Portada\",\"item\":\"https:\\\/\\\/www.vibrahotels.com\\\/blog\\\/\"},{\"@type\":\"ListItem\",\"position\":2,\"name\":\"Planes para una Semana Santa en Ibiza\"}]},{\"@type\":\"WebSite\",\"@id\":\"https:\\\/\\\/www.vibrahotels.com\\\/blog\\\/#website\",\"url\":\"https:\\\/\\\/www.vibrahotels.com\\\/blog\\\/\",\"name\":\"Islander by Vibra Hotels\",\"description\":\"\",\"potentialAction\":[{\"@type\":\"SearchAction\",\"target\":{\"@type\":\"EntryPoint\",\"urlTemplate\":\"https:\\\/\\\/www.vibrahotels.com\\\/blog\\\/?s={search_term_string}\"},\"query-input\":{\"@type\":\"PropertyValueSpecification\",\"valueRequired\":true,\"valueName\":\"search_term_string\"}}],\"inLanguage\":\"es\"},{\"@type\":\"Person\",\"@id\":\"https:\\\/\\\/www.vibrahotels.com\\\/blog\\\/#\\\/schema\\\/person\\\/ad74f13df6e44e7081ef65424f668972\",\"name\":\"The Ibiza Blog\",\"image\":{\"@type\":\"ImageObject\",\"inLanguage\":\"es\",\"@id\":\"https:\\\/\\\/secure.gravatar.com\\\/avatar\\\/d172713df318fe4ba11547ee4a70ab1eae0206026db57d7a5920186b9f5ee855?s=96&d=mm&r=g\",\"url\":\"https:\\\/\\\/secure.gravatar.com\\\/avatar\\\/d172713df318fe4ba11547ee4a70ab1eae0206026db57d7a5920186b9f5ee855?s=96&d=mm&r=g\",\"contentUrl\":\"https:\\\/\\\/secure.gravatar.com\\\/avatar\\\/d172713df318fe4ba11547ee4a70ab1eae0206026db57d7a5920186b9f5ee855?s=96&d=mm&r=g\",\"caption\":\"The Ibiza Blog\"},\"url\":\"https:\\\/\\\/www.vibrahotels.com\\\/blog\\\/author\\\/the-ibiza-blog\\\/\"}]}<\/script>\n<!-- \/ Yoast SEO plugin. -->","yoast_head_json":{"title":"Planes para una Semana Santa en Ibiza - Islander by Vibra Hotels","robots":{"index":"index","follow":"follow","max-snippet":"max-snippet:-1","max-image-preview":"max-image-preview:large","max-video-preview":"max-video-preview:-1"},"canonical":"https:\/\/www.vibrahotels.com\/blog\/planes-una-semana-santa-ibiza\/","og_locale":"es_ES","og_type":"article","og_title":"Planes para una Semana Santa en Ibiza - Islander by Vibra Hotels","og_description":"Semana Santa es, sin duda, la mejor \u00e9poca para viajar a Ibiza. El buen tiempo hace presagiar la llegada de la temporada de verano y la isla se llena de ambiente buscando disfrutar de sus rincones m\u00e1gicos y la extensa...","og_url":"https:\/\/www.vibrahotels.com\/blog\/planes-una-semana-santa-ibiza\/","og_site_name":"Islander by Vibra Hotels","article_published_time":"2019-04-12T07:47:34+00:00","article_modified_time":"2020-03-11T10:50:58+00:00","og_image":[{"width":1024,"height":398,"url":"https:\/\/www.vibrahotels.com\/blog\/wp-content\/uploads\/2019\/04\/Portada-1024x398.jpg","type":"image\/jpeg"}],"author":"The Ibiza Blog","twitter_card":"summary_large_image","twitter_misc":{"Escrito por":"The Ibiza Blog","Tiempo de lectura":"3 minutos"},"schema":{"@context":"https:\/\/schema.org","@graph":[{"@type":"Article","@id":"https:\/\/www.vibrahotels.com\/blog\/planes-una-semana-santa-ibiza\/#article","isPartOf":{"@id":"https:\/\/www.vibrahotels.com\/blog\/planes-una-semana-santa-ibiza\/"},"author":{"name":"The Ibiza Blog","@id":"https:\/\/www.vibrahotels.com\/blog\/#\/schema\/person\/ad74f13df6e44e7081ef65424f668972"},"headline":"Planes para una Semana Santa en Ibiza","datePublished":"2019-04-12T07:47:34+00:00","dateModified":"2020-03-11T10:50:58+00:00","mainEntityOfPage":{"@id":"https:\/\/www.vibrahotels.com\/blog\/planes-una-semana-santa-ibiza\/"},"wordCount":551,"commentCount":0,"image":{"@id":"https:\/\/www.vibrahotels.com\/blog\/planes-una-semana-santa-ibiza\/#primaryimage"},"thumbnailUrl":"https:\/\/www.vibrahotels.com\/blog\/wp-content\/uploads\/2019\/04\/Portada.jpg","keywords":["semana santa"],"articleSection":["Travel"],"inLanguage":"es","potentialAction":[{"@type":"CommentAction","name":"Comment","target":["https:\/\/www.vibrahotels.com\/blog\/planes-una-semana-santa-ibiza\/#respond"]}]},{"@type":"WebPage","@id":"https:\/\/www.vibrahotels.com\/blog\/planes-una-semana-santa-ibiza\/","url":"https:\/\/www.vibrahotels.com\/blog\/planes-una-semana-santa-ibiza\/","name":"Planes para una Semana Santa en Ibiza - Islander by Vibra Hotels","isPartOf":{"@id":"https:\/\/www.vibrahotels.com\/blog\/#website"},"primaryImageOfPage":{"@id":"https:\/\/www.vibrahotels.com\/blog\/planes-una-semana-santa-ibiza\/#primaryimage"},"image":{"@id":"https:\/\/www.vibrahotels.com\/blog\/planes-una-semana-santa-ibiza\/#primaryimage"},"thumbnailUrl":"https:\/\/www.vibrahotels.com\/blog\/wp-content\/uploads\/2019\/04\/Portada.jpg","datePublished":"2019-04-12T07:47:34+00:00","dateModified":"2020-03-11T10:50:58+00:00","author":{"@id":"https:\/\/www.vibrahotels.com\/blog\/#\/schema\/person\/ad74f13df6e44e7081ef65424f668972"},"breadcrumb":{"@id":"https:\/\/www.vibrahotels.com\/blog\/planes-una-semana-santa-ibiza\/#breadcrumb"},"inLanguage":"es","potentialAction":[{"@type":"ReadAction","target":["https:\/\/www.vibrahotels.com\/blog\/planes-una-semana-santa-ibiza\/"]}]},{"@type":"ImageObject","inLanguage":"es","@id":"https:\/\/www.vibrahotels.com\/blog\/planes-una-semana-santa-ibiza\/#primaryimage","url":"https:\/\/www.vibrahotels.com\/blog\/wp-content\/uploads\/2019\/04\/Portada.jpg","contentUrl":"https:\/\/www.vibrahotels.com\/blog\/wp-content\/uploads\/2019\/04\/Portada.jpg","width":9643,"height":3750,"caption":"Ibiza Playasol"},{"@type":"BreadcrumbList","@id":"https:\/\/www.vibrahotels.com\/blog\/planes-una-semana-santa-ibiza\/#breadcrumb","itemListElement":[{"@type":"ListItem","position":1,"name":"Portada","item":"https:\/\/www.vibrahotels.com\/blog\/"},{"@type":"ListItem","position":2,"name":"Planes para una Semana Santa en Ibiza"}]},{"@type":"WebSite","@id":"https:\/\/www.vibrahotels.com\/blog\/#website","url":"https:\/\/www.vibrahotels.com\/blog\/","name":"Islander by Vibra Hotels","description":"","potentialAction":[{"@type":"SearchAction","target":{"@type":"EntryPoint","urlTemplate":"https:\/\/www.vibrahotels.com\/blog\/?s={search_term_string}"},"query-input":{"@type":"PropertyValueSpecification","valueRequired":true,"valueName":"search_term_string"}}],"inLanguage":"es"},{"@type":"Person","@id":"https:\/\/www.vibrahotels.com\/blog\/#\/schema\/person\/ad74f13df6e44e7081ef65424f668972","name":"The Ibiza Blog","image":{"@type":"ImageObject","inLanguage":"es","@id":"https:\/\/secure.gravatar.com\/avatar\/d172713df318fe4ba11547ee4a70ab1eae0206026db57d7a5920186b9f5ee855?s=96&d=mm&r=g","url":"https:\/\/secure.gravatar.com\/avatar\/d172713df318fe4ba11547ee4a70ab1eae0206026db57d7a5920186b9f5ee855?s=96&d=mm&r=g","contentUrl":"https:\/\/secure.gravatar.com\/avatar\/d172713df318fe4ba11547ee4a70ab1eae0206026db57d7a5920186b9f5ee855?s=96&d=mm&r=g","caption":"The Ibiza Blog"},"url":"https:\/\/www.vibrahotels.com\/blog\/author\/the-ibiza-blog\/"}]}},"_links":{"self":[{"href":"https:\/\/www.vibrahotels.com\/blog\/wp-json\/wp\/v2\/posts\/3402","targetHints":{"allow":["GET"]}}],"collection":[{"href":"https:\/\/www.vibrahotels.com\/blog\/wp-json\/wp\/v2\/posts"}],"about":[{"href":"https:\/\/www.vibrahotels.com\/blog\/wp-json\/wp\/v2\/types\/post"}],"author":[{"embeddable":true,"href":"https:\/\/www.vibrahotels.com\/blog\/wp-json\/wp\/v2\/users\/1"}],"replies":[{"embeddable":true,"href":"https:\/\/www.vibrahotels.com\/blog\/wp-json\/wp\/v2\/comments?post=3402"}],"version-history":[{"count":0,"href":"https:\/\/www.vibrahotels.com\/blog\/wp-json\/wp\/v2\/posts\/3402\/revisions"}],"wp:featuredmedia":[{"embeddable":true,"href":"https:\/\/www.vibrahotels.com\/blog\/wp-json\/wp\/v2\/media\/3409"}],"wp:attachment":[{"href":"https:\/\/www.vibrahotels.com\/blog\/wp-json\/wp\/v2\/media?parent=3402"}],"wp:term":[{"taxonomy":"category","embeddable":true,"href":"https:\/\/www.vibrahotels.com\/blog\/wp-json\/wp\/v2\/categories?post=3402"},{"taxonomy":"post_tag","embeddable":true,"href":"https:\/\/www.vibrahotels.com\/blog\/wp-json\/wp\/v2\/tags?post=3402"}],"curies":[{"name":"wp","href":"https:\/\/api.w.org\/{rel}","templated":true}]}}