{"id":3387,"date":"2019-03-28T13:09:43","date_gmt":"2019-03-28T12:09:43","guid":{"rendered":"http:\/\/www.vibrahotels.com\/?p=3387"},"modified":"2020-03-11T12:00:28","modified_gmt":"2020-03-11T11:00:28","slug":"ims-international-music-summit-ibiza-2019","status":"publish","type":"post","link":"https:\/\/www.vibrahotels.com\/blog\/ims-international-music-summit-ibiza-2019\/","title":{"rendered":"IMS, International Music Summit Ibiza 2019"},"content":{"rendered":"<p><strong>Dalt Vila<\/strong>, la emblem\u00e1tica catedral de Ibiza, y el mar Mediterr\u00e1neo ser\u00e1n escenario, un a\u00f1o m\u00e1s, del evento m\u00e1s esperado por los amantes de la m\u00fasica electr\u00f3nica, el <strong>International Music Summit (IMS) 2019<\/strong>.<\/p>\n<p>Coincidiendo con su 12\u00ba aniversario, el congreso internacional celebrar\u00e1 su fiesta final el <strong>pr\u00f3ximo d\u00eda 24 de mayo<\/strong>, despu\u00e9s de tres d\u00edas intensos de charlas, conferencias, actividades, debates, clases maestras y talleres, que marcar\u00e1n, como cada a\u00f1o, el inicio de la temporada de verano.<\/p>\n<p>El Festival ya ha anunciado un line-up de altura repleto de <strong>grandes artistas internacionales<\/strong>, uniendo a l\u00edderes consagrados del house con los m\u00e1s innovadores pioneros artistas del techno, en lo que supone el \u00fanico evento oficialmente autorizado en un marco incomparable como <strong>Dalt Vila<\/strong>, el fuerte de m\u00e1s de 2.500 a\u00f1os de antig\u00fcedad declarado <strong>Patrimonio de la Humanidad por la Unesco<\/strong>.<\/p>\n<p>Cabe destacar la presencia este a\u00f1o de <strong>Luciano<\/strong>, uno de los DJs m\u00e1s influyentes de la m\u00fasica electr\u00f3nica, siempre a la vanguardia del techno y el house. Le acompa\u00f1ar\u00e1n artistas de primera l\u00ednea como el italiano <strong>Joseph Capriati<\/strong>, <strong>Nicole Moudaber<\/strong> o <strong>Ida Engberg<\/strong>, entre otros.<\/p>\n<p style=\"text-align: center;\">Por orden alfab\u00e9tico:<\/p>\n<p style=\"text-align: center;\"><strong>ADAM BEYER B2B IDA ENGBERG<\/strong><br \/>\n<strong> AGORIA b2b sophie<\/strong><br \/>\n<strong> CHARLOTTE DE WITTE<\/strong><br \/>\n<strong> JOSEPH CAPRIATI b2b PETE TONG<\/strong><br \/>\n<strong> LUCIANO b2b DAVID MORALES<\/strong><br \/>\n<strong> MANU GONZALEZ b2b ANNA TUR<\/strong><br \/>\n<strong> NICOLE MOUDABER b2b SAMA\u2019<\/strong><\/p>\n<p><img loading=\"lazy\" decoding=\"async\" class=\"alignnone size-full wp-image-3388\" src=\"http:\/\/www.vibrahotels.com\/wp-content\/uploads\/2019\/03\/ims-dalt-vila-2019-ibiza-welcometoibiza.jpg\" alt=\"ims-dalt-vila-2019-ibiza-welcometoibiza\" width=\"1200\" height=\"628\" srcset=\"https:\/\/www.vibrahotels.com\/blog\/wp-content\/uploads\/2019\/03\/ims-dalt-vila-2019-ibiza-welcometoibiza.jpg 1200w, https:\/\/www.vibrahotels.com\/blog\/wp-content\/uploads\/2019\/03\/ims-dalt-vila-2019-ibiza-welcometoibiza-300x157.jpg 300w, https:\/\/www.vibrahotels.com\/blog\/wp-content\/uploads\/2019\/03\/ims-dalt-vila-2019-ibiza-welcometoibiza-768x402.jpg 768w, https:\/\/www.vibrahotels.com\/blog\/wp-content\/uploads\/2019\/03\/ims-dalt-vila-2019-ibiza-welcometoibiza-1024x536.jpg 1024w\" sizes=\"auto, (max-width: 1200px) 100vw, 1200px\" \/>Luciano<strong>Joseph Capriati<\/strong>Luciano<\/p>\n<p>No te pierdas el evento de m\u00fasica electr\u00f3nica m\u00e1s demandado del mundo, que marcar\u00e1 la tendencia de la m\u00fasica electr\u00f3nica en Ibiza para la pr\u00f3xima temporada de verano en uno de los lugares m\u00e1s extraordinarios y sorprendentes del mundo.<\/p>\n<p>Gracias a la <strong>colaboraci\u00f3n de IMF y <a href=\"https:\/\/www.playasolibizahotels.com\" target=\"_blank\" rel=\"noopener noreferrer\">Playasol<\/a><\/strong>, consigue ahora tu entrada con un <a href=\"https:\/\/www.internationalmusicsummit.com\/ims_event\/ims-dalt-vila-2019\/\" target=\"_blank\" rel=\"noopener noreferrer\"><strong>15% de descuento para tu alojamiento en todos los hoteles y apartamentos<\/strong><\/a> de la cadena hotelera.<\/p>\n","protected":false},"excerpt":{"rendered":"<p>Dalt Vila, la emblem\u00e1tica catedral de Ibiza, y el mar Mediterr\u00e1neo ser\u00e1n escenario, un a\u00f1o m\u00e1s, del evento m\u00e1s esperado por los amantes de la m\u00fasica electr\u00f3nica, el International Music Summit (IMS) 2019. Coincidiendo con su 12\u00ba aniversario, el congreso&#8230;<\/p>\n","protected":false},"author":1,"featured_media":3390,"comment_status":"open","ping_status":"open","sticky":false,"template":"","format":"standard","meta":{"footnotes":""},"categories":[1311],"tags":[476],"class_list":["post-3387","post","type-post","status-publish","format-standard","has-post-thumbnail","hentry","category-planes-en-ibiza","tag-techno"],"yoast_head":"<!-- This site is optimized with the Yoast SEO plugin v27.4 - https:\/\/yoast.com\/product\/yoast-seo-wordpress\/ -->\n<title>IMS, International Music Summit Ibiza 2019 - Islander by Vibra Hotels<\/title>\n<meta name=\"robots\" content=\"index, follow, max-snippet:-1, max-image-preview:large, max-video-preview:-1\" \/>\n<link rel=\"canonical\" href=\"https:\/\/www.vibrahotels.com\/blog\/ims-international-music-summit-ibiza-2019\/\" \/>\n<meta property=\"og:locale\" content=\"es_ES\" \/>\n<meta property=\"og:type\" content=\"article\" \/>\n<meta property=\"og:title\" content=\"IMS, International Music Summit Ibiza 2019 - Islander by Vibra Hotels\" \/>\n<meta property=\"og:description\" content=\"Dalt Vila, la emblem\u00e1tica catedral de Ibiza, y el mar Mediterr\u00e1neo ser\u00e1n escenario, un a\u00f1o m\u00e1s, del evento m\u00e1s esperado por los amantes de la m\u00fasica electr\u00f3nica, el International Music Summit (IMS) 2019. Coincidiendo con su 12\u00ba aniversario, el congreso...\" \/>\n<meta property=\"og:url\" content=\"https:\/\/www.vibrahotels.com\/blog\/ims-international-music-summit-ibiza-2019\/\" \/>\n<meta property=\"og:site_name\" content=\"Islander by Vibra Hotels\" \/>\n<meta property=\"article:published_time\" content=\"2019-03-28T12:09:43+00:00\" \/>\n<meta property=\"article:modified_time\" content=\"2020-03-11T11:00:28+00:00\" \/>\n<meta property=\"og:image\" content=\"https:\/\/www.vibrahotels.com\/blog\/wp-content\/uploads\/2019\/03\/slideshow-1424482543.jpg\" \/>\n\t<meta property=\"og:image:width\" content=\"1500\" \/>\n\t<meta property=\"og:image:height\" content=\"1000\" \/>\n\t<meta property=\"og:image:type\" content=\"image\/jpeg\" \/>\n<meta name=\"author\" content=\"The Ibiza Blog\" \/>\n<meta name=\"twitter:card\" content=\"summary_large_image\" \/>\n<meta name=\"twitter:label1\" content=\"Escrito por\" \/>\n\t<meta name=\"twitter:data1\" content=\"The Ibiza Blog\" \/>\n\t<meta name=\"twitter:label2\" content=\"Tiempo de lectura\" \/>\n\t<meta name=\"twitter:data2\" content=\"2 minutos\" \/>\n<script type=\"application\/ld+json\" class=\"yoast-schema-graph\">{\"@context\":\"https:\\\/\\\/schema.org\",\"@graph\":[{\"@type\":\"Article\",\"@id\":\"https:\\\/\\\/www.vibrahotels.com\\\/blog\\\/ims-international-music-summit-ibiza-2019\\\/#article\",\"isPartOf\":{\"@id\":\"https:\\\/\\\/www.vibrahotels.com\\\/blog\\\/ims-international-music-summit-ibiza-2019\\\/\"},\"author\":{\"name\":\"The Ibiza Blog\",\"@id\":\"https:\\\/\\\/www.vibrahotels.com\\\/blog\\\/#\\\/schema\\\/person\\\/ad74f13df6e44e7081ef65424f668972\"},\"headline\":\"IMS, International Music Summit Ibiza 2019\",\"datePublished\":\"2019-03-28T12:09:43+00:00\",\"dateModified\":\"2020-03-11T11:00:28+00:00\",\"mainEntityOfPage\":{\"@id\":\"https:\\\/\\\/www.vibrahotels.com\\\/blog\\\/ims-international-music-summit-ibiza-2019\\\/\"},\"wordCount\":327,\"commentCount\":0,\"image\":{\"@id\":\"https:\\\/\\\/www.vibrahotels.com\\\/blog\\\/ims-international-music-summit-ibiza-2019\\\/#primaryimage\"},\"thumbnailUrl\":\"https:\\\/\\\/www.vibrahotels.com\\\/blog\\\/wp-content\\\/uploads\\\/2019\\\/03\\\/slideshow-1424482543.jpg\",\"keywords\":[\"Techno\"],\"articleSection\":[\"Planes en Ibiza\"],\"inLanguage\":\"es\",\"potentialAction\":[{\"@type\":\"CommentAction\",\"name\":\"Comment\",\"target\":[\"https:\\\/\\\/www.vibrahotels.com\\\/blog\\\/ims-international-music-summit-ibiza-2019\\\/#respond\"]}]},{\"@type\":\"WebPage\",\"@id\":\"https:\\\/\\\/www.vibrahotels.com\\\/blog\\\/ims-international-music-summit-ibiza-2019\\\/\",\"url\":\"https:\\\/\\\/www.vibrahotels.com\\\/blog\\\/ims-international-music-summit-ibiza-2019\\\/\",\"name\":\"IMS, International Music Summit Ibiza 2019 - Islander by Vibra Hotels\",\"isPartOf\":{\"@id\":\"https:\\\/\\\/www.vibrahotels.com\\\/blog\\\/#website\"},\"primaryImageOfPage\":{\"@id\":\"https:\\\/\\\/www.vibrahotels.com\\\/blog\\\/ims-international-music-summit-ibiza-2019\\\/#primaryimage\"},\"image\":{\"@id\":\"https:\\\/\\\/www.vibrahotels.com\\\/blog\\\/ims-international-music-summit-ibiza-2019\\\/#primaryimage\"},\"thumbnailUrl\":\"https:\\\/\\\/www.vibrahotels.com\\\/blog\\\/wp-content\\\/uploads\\\/2019\\\/03\\\/slideshow-1424482543.jpg\",\"datePublished\":\"2019-03-28T12:09:43+00:00\",\"dateModified\":\"2020-03-11T11:00:28+00:00\",\"author\":{\"@id\":\"https:\\\/\\\/www.vibrahotels.com\\\/blog\\\/#\\\/schema\\\/person\\\/ad74f13df6e44e7081ef65424f668972\"},\"breadcrumb\":{\"@id\":\"https:\\\/\\\/www.vibrahotels.com\\\/blog\\\/ims-international-music-summit-ibiza-2019\\\/#breadcrumb\"},\"inLanguage\":\"es\",\"potentialAction\":[{\"@type\":\"ReadAction\",\"target\":[\"https:\\\/\\\/www.vibrahotels.com\\\/blog\\\/ims-international-music-summit-ibiza-2019\\\/\"]}]},{\"@type\":\"ImageObject\",\"inLanguage\":\"es\",\"@id\":\"https:\\\/\\\/www.vibrahotels.com\\\/blog\\\/ims-international-music-summit-ibiza-2019\\\/#primaryimage\",\"url\":\"https:\\\/\\\/www.vibrahotels.com\\\/blog\\\/wp-content\\\/uploads\\\/2019\\\/03\\\/slideshow-1424482543.jpg\",\"contentUrl\":\"https:\\\/\\\/www.vibrahotels.com\\\/blog\\\/wp-content\\\/uploads\\\/2019\\\/03\\\/slideshow-1424482543.jpg\",\"width\":1500,\"height\":1000},{\"@type\":\"BreadcrumbList\",\"@id\":\"https:\\\/\\\/www.vibrahotels.com\\\/blog\\\/ims-international-music-summit-ibiza-2019\\\/#breadcrumb\",\"itemListElement\":[{\"@type\":\"ListItem\",\"position\":1,\"name\":\"Portada\",\"item\":\"https:\\\/\\\/www.vibrahotels.com\\\/blog\\\/\"},{\"@type\":\"ListItem\",\"position\":2,\"name\":\"IMS, International Music Summit Ibiza 2019\"}]},{\"@type\":\"WebSite\",\"@id\":\"https:\\\/\\\/www.vibrahotels.com\\\/blog\\\/#website\",\"url\":\"https:\\\/\\\/www.vibrahotels.com\\\/blog\\\/\",\"name\":\"Islander by Vibra Hotels\",\"description\":\"\",\"potentialAction\":[{\"@type\":\"SearchAction\",\"target\":{\"@type\":\"EntryPoint\",\"urlTemplate\":\"https:\\\/\\\/www.vibrahotels.com\\\/blog\\\/?s={search_term_string}\"},\"query-input\":{\"@type\":\"PropertyValueSpecification\",\"valueRequired\":true,\"valueName\":\"search_term_string\"}}],\"inLanguage\":\"es\"},{\"@type\":\"Person\",\"@id\":\"https:\\\/\\\/www.vibrahotels.com\\\/blog\\\/#\\\/schema\\\/person\\\/ad74f13df6e44e7081ef65424f668972\",\"name\":\"The Ibiza Blog\",\"image\":{\"@type\":\"ImageObject\",\"inLanguage\":\"es\",\"@id\":\"https:\\\/\\\/secure.gravatar.com\\\/avatar\\\/d172713df318fe4ba11547ee4a70ab1eae0206026db57d7a5920186b9f5ee855?s=96&d=mm&r=g\",\"url\":\"https:\\\/\\\/secure.gravatar.com\\\/avatar\\\/d172713df318fe4ba11547ee4a70ab1eae0206026db57d7a5920186b9f5ee855?s=96&d=mm&r=g\",\"contentUrl\":\"https:\\\/\\\/secure.gravatar.com\\\/avatar\\\/d172713df318fe4ba11547ee4a70ab1eae0206026db57d7a5920186b9f5ee855?s=96&d=mm&r=g\",\"caption\":\"The Ibiza Blog\"},\"url\":\"https:\\\/\\\/www.vibrahotels.com\\\/blog\\\/author\\\/the-ibiza-blog\\\/\"}]}<\/script>\n<!-- \/ Yoast SEO plugin. -->","yoast_head_json":{"title":"IMS, International Music Summit Ibiza 2019 - Islander by Vibra Hotels","robots":{"index":"index","follow":"follow","max-snippet":"max-snippet:-1","max-image-preview":"max-image-preview:large","max-video-preview":"max-video-preview:-1"},"canonical":"https:\/\/www.vibrahotels.com\/blog\/ims-international-music-summit-ibiza-2019\/","og_locale":"es_ES","og_type":"article","og_title":"IMS, International Music Summit Ibiza 2019 - Islander by Vibra Hotels","og_description":"Dalt Vila, la emblem\u00e1tica catedral de Ibiza, y el mar Mediterr\u00e1neo ser\u00e1n escenario, un a\u00f1o m\u00e1s, del evento m\u00e1s esperado por los amantes de la m\u00fasica electr\u00f3nica, el International Music Summit (IMS) 2019. Coincidiendo con su 12\u00ba aniversario, el congreso...","og_url":"https:\/\/www.vibrahotels.com\/blog\/ims-international-music-summit-ibiza-2019\/","og_site_name":"Islander by Vibra Hotels","article_published_time":"2019-03-28T12:09:43+00:00","article_modified_time":"2020-03-11T11:00:28+00:00","og_image":[{"width":1500,"height":1000,"url":"https:\/\/www.vibrahotels.com\/blog\/wp-content\/uploads\/2019\/03\/slideshow-1424482543.jpg","type":"image\/jpeg"}],"author":"The Ibiza Blog","twitter_card":"summary_large_image","twitter_misc":{"Escrito por":"The Ibiza Blog","Tiempo de lectura":"2 minutos"},"schema":{"@context":"https:\/\/schema.org","@graph":[{"@type":"Article","@id":"https:\/\/www.vibrahotels.com\/blog\/ims-international-music-summit-ibiza-2019\/#article","isPartOf":{"@id":"https:\/\/www.vibrahotels.com\/blog\/ims-international-music-summit-ibiza-2019\/"},"author":{"name":"The Ibiza Blog","@id":"https:\/\/www.vibrahotels.com\/blog\/#\/schema\/person\/ad74f13df6e44e7081ef65424f668972"},"headline":"IMS, International Music Summit Ibiza 2019","datePublished":"2019-03-28T12:09:43+00:00","dateModified":"2020-03-11T11:00:28+00:00","mainEntityOfPage":{"@id":"https:\/\/www.vibrahotels.com\/blog\/ims-international-music-summit-ibiza-2019\/"},"wordCount":327,"commentCount":0,"image":{"@id":"https:\/\/www.vibrahotels.com\/blog\/ims-international-music-summit-ibiza-2019\/#primaryimage"},"thumbnailUrl":"https:\/\/www.vibrahotels.com\/blog\/wp-content\/uploads\/2019\/03\/slideshow-1424482543.jpg","keywords":["Techno"],"articleSection":["Planes en Ibiza"],"inLanguage":"es","potentialAction":[{"@type":"CommentAction","name":"Comment","target":["https:\/\/www.vibrahotels.com\/blog\/ims-international-music-summit-ibiza-2019\/#respond"]}]},{"@type":"WebPage","@id":"https:\/\/www.vibrahotels.com\/blog\/ims-international-music-summit-ibiza-2019\/","url":"https:\/\/www.vibrahotels.com\/blog\/ims-international-music-summit-ibiza-2019\/","name":"IMS, International Music Summit Ibiza 2019 - Islander by Vibra Hotels","isPartOf":{"@id":"https:\/\/www.vibrahotels.com\/blog\/#website"},"primaryImageOfPage":{"@id":"https:\/\/www.vibrahotels.com\/blog\/ims-international-music-summit-ibiza-2019\/#primaryimage"},"image":{"@id":"https:\/\/www.vibrahotels.com\/blog\/ims-international-music-summit-ibiza-2019\/#primaryimage"},"thumbnailUrl":"https:\/\/www.vibrahotels.com\/blog\/wp-content\/uploads\/2019\/03\/slideshow-1424482543.jpg","datePublished":"2019-03-28T12:09:43+00:00","dateModified":"2020-03-11T11:00:28+00:00","author":{"@id":"https:\/\/www.vibrahotels.com\/blog\/#\/schema\/person\/ad74f13df6e44e7081ef65424f668972"},"breadcrumb":{"@id":"https:\/\/www.vibrahotels.com\/blog\/ims-international-music-summit-ibiza-2019\/#breadcrumb"},"inLanguage":"es","potentialAction":[{"@type":"ReadAction","target":["https:\/\/www.vibrahotels.com\/blog\/ims-international-music-summit-ibiza-2019\/"]}]},{"@type":"ImageObject","inLanguage":"es","@id":"https:\/\/www.vibrahotels.com\/blog\/ims-international-music-summit-ibiza-2019\/#primaryimage","url":"https:\/\/www.vibrahotels.com\/blog\/wp-content\/uploads\/2019\/03\/slideshow-1424482543.jpg","contentUrl":"https:\/\/www.vibrahotels.com\/blog\/wp-content\/uploads\/2019\/03\/slideshow-1424482543.jpg","width":1500,"height":1000},{"@type":"BreadcrumbList","@id":"https:\/\/www.vibrahotels.com\/blog\/ims-international-music-summit-ibiza-2019\/#breadcrumb","itemListElement":[{"@type":"ListItem","position":1,"name":"Portada","item":"https:\/\/www.vibrahotels.com\/blog\/"},{"@type":"ListItem","position":2,"name":"IMS, International Music Summit Ibiza 2019"}]},{"@type":"WebSite","@id":"https:\/\/www.vibrahotels.com\/blog\/#website","url":"https:\/\/www.vibrahotels.com\/blog\/","name":"Islander by Vibra Hotels","description":"","potentialAction":[{"@type":"SearchAction","target":{"@type":"EntryPoint","urlTemplate":"https:\/\/www.vibrahotels.com\/blog\/?s={search_term_string}"},"query-input":{"@type":"PropertyValueSpecification","valueRequired":true,"valueName":"search_term_string"}}],"inLanguage":"es"},{"@type":"Person","@id":"https:\/\/www.vibrahotels.com\/blog\/#\/schema\/person\/ad74f13df6e44e7081ef65424f668972","name":"The Ibiza Blog","image":{"@type":"ImageObject","inLanguage":"es","@id":"https:\/\/secure.gravatar.com\/avatar\/d172713df318fe4ba11547ee4a70ab1eae0206026db57d7a5920186b9f5ee855?s=96&d=mm&r=g","url":"https:\/\/secure.gravatar.com\/avatar\/d172713df318fe4ba11547ee4a70ab1eae0206026db57d7a5920186b9f5ee855?s=96&d=mm&r=g","contentUrl":"https:\/\/secure.gravatar.com\/avatar\/d172713df318fe4ba11547ee4a70ab1eae0206026db57d7a5920186b9f5ee855?s=96&d=mm&r=g","caption":"The Ibiza Blog"},"url":"https:\/\/www.vibrahotels.com\/blog\/author\/the-ibiza-blog\/"}]}},"_links":{"self":[{"href":"https:\/\/www.vibrahotels.com\/blog\/wp-json\/wp\/v2\/posts\/3387","targetHints":{"allow":["GET"]}}],"collection":[{"href":"https:\/\/www.vibrahotels.com\/blog\/wp-json\/wp\/v2\/posts"}],"about":[{"href":"https:\/\/www.vibrahotels.com\/blog\/wp-json\/wp\/v2\/types\/post"}],"author":[{"embeddable":true,"href":"https:\/\/www.vibrahotels.com\/blog\/wp-json\/wp\/v2\/users\/1"}],"replies":[{"embeddable":true,"href":"https:\/\/www.vibrahotels.com\/blog\/wp-json\/wp\/v2\/comments?post=3387"}],"version-history":[{"count":0,"href":"https:\/\/www.vibrahotels.com\/blog\/wp-json\/wp\/v2\/posts\/3387\/revisions"}],"wp:featuredmedia":[{"embeddable":true,"href":"https:\/\/www.vibrahotels.com\/blog\/wp-json\/wp\/v2\/media\/3390"}],"wp:attachment":[{"href":"https:\/\/www.vibrahotels.com\/blog\/wp-json\/wp\/v2\/media?parent=3387"}],"wp:term":[{"taxonomy":"category","embeddable":true,"href":"https:\/\/www.vibrahotels.com\/blog\/wp-json\/wp\/v2\/categories?post=3387"},{"taxonomy":"post_tag","embeddable":true,"href":"https:\/\/www.vibrahotels.com\/blog\/wp-json\/wp\/v2\/tags?post=3387"}],"curies":[{"name":"wp","href":"https:\/\/api.w.org\/{rel}","templated":true}]}}