{"id":3334,"date":"2019-01-29T17:56:46","date_gmt":"2019-01-29T16:56:46","guid":{"rendered":"http:\/\/www.vibrahotels.com\/?p=3334"},"modified":"2022-08-29T12:18:37","modified_gmt":"2022-08-29T10:18:37","slug":"la-ruta-ibicenca-los-almendros-flor","status":"publish","type":"post","link":"https:\/\/www.vibrahotels.com\/blog\/la-ruta-ibicenca-los-almendros-flor\/","title":{"rendered":"La ruta ibicenca de los almendros en flor"},"content":{"rendered":"<p>La <strong>primavera<\/strong> est\u00e1 a la vuelta de la esquina y el pistoletazo de salida en <strong>Ibiza<\/strong> est\u00e1 protagonizado por la floraci\u00f3n de sus <strong>almendros desde principios de enero hasta mediados de febrero<\/strong>. Sin duda, es una de las \u00e9pocas m\u00e1s esperadas por los residentes en la isla debido a su incomparable belleza y una magia inigualable.<\/p>\n<p>Aunque se pueden encontrar almendros florecidos por toda la isla, sin duda el mejor lugar para contemplarlos es el valle de <strong>Santa Agn\u00e8s de Corona<\/strong>, zona que se caracteriza por un manto blanco y rosa palo de p\u00e9talos. Aqu\u00ed podr\u00e1s encontrar la conocida ruta de los almendros en flor, lugar de peregrinaci\u00f3n de cientos de curiosos y aficionados a la fotograf\u00eda.<\/p>\n<p><img loading=\"lazy\" decoding=\"async\" class=\"alignnone size-full wp-image-3337\" src=\"http:\/\/www.vibrahotels.com\/wp-content\/uploads\/2019\/01\/pladecorona10.jpg\" alt=\"pladecorona10\" width=\"800\" height=\"597\" srcset=\"https:\/\/www.vibrahotels.com\/blog\/wp-content\/uploads\/2019\/01\/pladecorona10.jpg 800w, https:\/\/www.vibrahotels.com\/blog\/wp-content\/uploads\/2019\/01\/pladecorona10-300x224.jpg 300w, https:\/\/www.vibrahotels.com\/blog\/wp-content\/uploads\/2019\/01\/pladecorona10-768x573.jpg 768w\" sizes=\"auto, (max-width: 800px) 100vw, 800px\" \/><\/p>\n<p>El pueblo de <strong>Santa Agn\u00e9s o Santa In\u00e9s<\/strong>, como es conocido por la gente local, es un peque\u00f1o pueblo situado en el norte de San Antonio formado por casas blancas junto a una iglesia de estilo ibicencos, custodiado por altas colinas que conceden al lugar una belleza extraordinaria.<\/p>\n<p>Recomendamos completar la experiencia finalizando la ruta en un lugar llamado <strong>\u201cLas Puertas de Cielo\u201d<\/strong> donde, como su nombre indica, podr\u00e1s disfrutar de una de las vistas m\u00e1s espectaculares de la isla y de una de las mejores puestas de sol. Puedes acceder tomando la carretera de Es Pla des Corona hasta Sa Penya Esbarrada.<\/p>\n","protected":false},"excerpt":{"rendered":"<p>La primavera est\u00e1 a la vuelta de la esquina y el pistoletazo de salida en Ibiza est\u00e1 protagonizado por la floraci\u00f3n de sus almendros desde principios de enero hasta mediados de febrero. Sin duda, es una de las \u00e9pocas m\u00e1s&#8230;<\/p>\n","protected":false},"author":1,"featured_media":3335,"comment_status":"open","ping_status":"open","sticky":false,"template":"","format":"standard","meta":{"footnotes":""},"categories":[1297],"tags":[898],"class_list":["post-3334","post","type-post","status-publish","format-standard","has-post-thumbnail","hentry","category-travel","tag-ruta"],"yoast_head":"<!-- This site is optimized with the Yoast SEO plugin v27.4 - https:\/\/yoast.com\/product\/yoast-seo-wordpress\/ -->\n<title>La ruta ibicenca de los almendros en flor - Islander by Vibra Hotels<\/title>\n<meta name=\"robots\" content=\"index, follow, max-snippet:-1, max-image-preview:large, max-video-preview:-1\" \/>\n<link rel=\"canonical\" href=\"https:\/\/www.vibrahotels.com\/blog\/la-ruta-ibicenca-los-almendros-flor\/\" \/>\n<meta property=\"og:locale\" content=\"es_ES\" \/>\n<meta property=\"og:type\" content=\"article\" \/>\n<meta property=\"og:title\" content=\"La ruta ibicenca de los almendros en flor - Islander by Vibra Hotels\" \/>\n<meta property=\"og:description\" content=\"La primavera est\u00e1 a la vuelta de la esquina y el pistoletazo de salida en Ibiza est\u00e1 protagonizado por la floraci\u00f3n de sus almendros desde principios de enero hasta mediados de febrero. Sin duda, es una de las \u00e9pocas m\u00e1s...\" \/>\n<meta property=\"og:url\" content=\"https:\/\/www.vibrahotels.com\/blog\/la-ruta-ibicenca-los-almendros-flor\/\" \/>\n<meta property=\"og:site_name\" content=\"Islander by Vibra Hotels\" \/>\n<meta property=\"article:published_time\" content=\"2019-01-29T16:56:46+00:00\" \/>\n<meta property=\"article:modified_time\" content=\"2022-08-29T10:18:37+00:00\" \/>\n<meta property=\"og:image\" content=\"https:\/\/www.vibrahotels.com\/blog\/wp-content\/uploads\/2019\/01\/shutterstock_1018955464-1024x683.jpg\" \/>\n\t<meta property=\"og:image:width\" content=\"1024\" \/>\n\t<meta property=\"og:image:height\" content=\"683\" \/>\n\t<meta property=\"og:image:type\" content=\"image\/jpeg\" \/>\n<meta name=\"author\" content=\"The Ibiza Blog\" \/>\n<meta name=\"twitter:card\" content=\"summary_large_image\" \/>\n<meta name=\"twitter:label1\" content=\"Escrito por\" \/>\n\t<meta name=\"twitter:data1\" content=\"The Ibiza Blog\" \/>\n\t<meta name=\"twitter:label2\" content=\"Tiempo de lectura\" \/>\n\t<meta name=\"twitter:data2\" content=\"2 minutos\" \/>\n<script type=\"application\/ld+json\" class=\"yoast-schema-graph\">{\"@context\":\"https:\\\/\\\/schema.org\",\"@graph\":[{\"@type\":\"Article\",\"@id\":\"https:\\\/\\\/www.vibrahotels.com\\\/blog\\\/la-ruta-ibicenca-los-almendros-flor\\\/#article\",\"isPartOf\":{\"@id\":\"https:\\\/\\\/www.vibrahotels.com\\\/blog\\\/la-ruta-ibicenca-los-almendros-flor\\\/\"},\"author\":{\"name\":\"The Ibiza Blog\",\"@id\":\"https:\\\/\\\/www.vibrahotels.com\\\/blog\\\/#\\\/schema\\\/person\\\/ad74f13df6e44e7081ef65424f668972\"},\"headline\":\"La ruta ibicenca de los almendros en flor\",\"datePublished\":\"2019-01-29T16:56:46+00:00\",\"dateModified\":\"2022-08-29T10:18:37+00:00\",\"mainEntityOfPage\":{\"@id\":\"https:\\\/\\\/www.vibrahotels.com\\\/blog\\\/la-ruta-ibicenca-los-almendros-flor\\\/\"},\"wordCount\":240,\"commentCount\":0,\"image\":{\"@id\":\"https:\\\/\\\/www.vibrahotels.com\\\/blog\\\/la-ruta-ibicenca-los-almendros-flor\\\/#primaryimage\"},\"thumbnailUrl\":\"https:\\\/\\\/www.vibrahotels.com\\\/blog\\\/wp-content\\\/uploads\\\/2019\\\/01\\\/shutterstock_1018955464.jpg\",\"keywords\":[\"ruta\"],\"articleSection\":[\"Travel\"],\"inLanguage\":\"es\",\"potentialAction\":[{\"@type\":\"CommentAction\",\"name\":\"Comment\",\"target\":[\"https:\\\/\\\/www.vibrahotels.com\\\/blog\\\/la-ruta-ibicenca-los-almendros-flor\\\/#respond\"]}]},{\"@type\":\"WebPage\",\"@id\":\"https:\\\/\\\/www.vibrahotels.com\\\/blog\\\/la-ruta-ibicenca-los-almendros-flor\\\/\",\"url\":\"https:\\\/\\\/www.vibrahotels.com\\\/blog\\\/la-ruta-ibicenca-los-almendros-flor\\\/\",\"name\":\"La ruta ibicenca de los almendros en flor - Islander by Vibra Hotels\",\"isPartOf\":{\"@id\":\"https:\\\/\\\/www.vibrahotels.com\\\/blog\\\/#website\"},\"primaryImageOfPage\":{\"@id\":\"https:\\\/\\\/www.vibrahotels.com\\\/blog\\\/la-ruta-ibicenca-los-almendros-flor\\\/#primaryimage\"},\"image\":{\"@id\":\"https:\\\/\\\/www.vibrahotels.com\\\/blog\\\/la-ruta-ibicenca-los-almendros-flor\\\/#primaryimage\"},\"thumbnailUrl\":\"https:\\\/\\\/www.vibrahotels.com\\\/blog\\\/wp-content\\\/uploads\\\/2019\\\/01\\\/shutterstock_1018955464.jpg\",\"datePublished\":\"2019-01-29T16:56:46+00:00\",\"dateModified\":\"2022-08-29T10:18:37+00:00\",\"author\":{\"@id\":\"https:\\\/\\\/www.vibrahotels.com\\\/blog\\\/#\\\/schema\\\/person\\\/ad74f13df6e44e7081ef65424f668972\"},\"breadcrumb\":{\"@id\":\"https:\\\/\\\/www.vibrahotels.com\\\/blog\\\/la-ruta-ibicenca-los-almendros-flor\\\/#breadcrumb\"},\"inLanguage\":\"es\",\"potentialAction\":[{\"@type\":\"ReadAction\",\"target\":[\"https:\\\/\\\/www.vibrahotels.com\\\/blog\\\/la-ruta-ibicenca-los-almendros-flor\\\/\"]}]},{\"@type\":\"ImageObject\",\"inLanguage\":\"es\",\"@id\":\"https:\\\/\\\/www.vibrahotels.com\\\/blog\\\/la-ruta-ibicenca-los-almendros-flor\\\/#primaryimage\",\"url\":\"https:\\\/\\\/www.vibrahotels.com\\\/blog\\\/wp-content\\\/uploads\\\/2019\\\/01\\\/shutterstock_1018955464.jpg\",\"contentUrl\":\"https:\\\/\\\/www.vibrahotels.com\\\/blog\\\/wp-content\\\/uploads\\\/2019\\\/01\\\/shutterstock_1018955464.jpg\",\"width\":5760,\"height\":3840,\"caption\":\"ruta ibiza almendros en flor\"},{\"@type\":\"BreadcrumbList\",\"@id\":\"https:\\\/\\\/www.vibrahotels.com\\\/blog\\\/la-ruta-ibicenca-los-almendros-flor\\\/#breadcrumb\",\"itemListElement\":[{\"@type\":\"ListItem\",\"position\":1,\"name\":\"Portada\",\"item\":\"https:\\\/\\\/www.vibrahotels.com\\\/blog\\\/\"},{\"@type\":\"ListItem\",\"position\":2,\"name\":\"La ruta ibicenca de los almendros en flor\"}]},{\"@type\":\"WebSite\",\"@id\":\"https:\\\/\\\/www.vibrahotels.com\\\/blog\\\/#website\",\"url\":\"https:\\\/\\\/www.vibrahotels.com\\\/blog\\\/\",\"name\":\"Islander by Vibra Hotels\",\"description\":\"\",\"potentialAction\":[{\"@type\":\"SearchAction\",\"target\":{\"@type\":\"EntryPoint\",\"urlTemplate\":\"https:\\\/\\\/www.vibrahotels.com\\\/blog\\\/?s={search_term_string}\"},\"query-input\":{\"@type\":\"PropertyValueSpecification\",\"valueRequired\":true,\"valueName\":\"search_term_string\"}}],\"inLanguage\":\"es\"},{\"@type\":\"Person\",\"@id\":\"https:\\\/\\\/www.vibrahotels.com\\\/blog\\\/#\\\/schema\\\/person\\\/ad74f13df6e44e7081ef65424f668972\",\"name\":\"The Ibiza Blog\",\"image\":{\"@type\":\"ImageObject\",\"inLanguage\":\"es\",\"@id\":\"https:\\\/\\\/secure.gravatar.com\\\/avatar\\\/d172713df318fe4ba11547ee4a70ab1eae0206026db57d7a5920186b9f5ee855?s=96&d=mm&r=g\",\"url\":\"https:\\\/\\\/secure.gravatar.com\\\/avatar\\\/d172713df318fe4ba11547ee4a70ab1eae0206026db57d7a5920186b9f5ee855?s=96&d=mm&r=g\",\"contentUrl\":\"https:\\\/\\\/secure.gravatar.com\\\/avatar\\\/d172713df318fe4ba11547ee4a70ab1eae0206026db57d7a5920186b9f5ee855?s=96&d=mm&r=g\",\"caption\":\"The Ibiza Blog\"},\"url\":\"https:\\\/\\\/www.vibrahotels.com\\\/blog\\\/author\\\/the-ibiza-blog\\\/\"}]}<\/script>\n<!-- \/ Yoast SEO plugin. -->","yoast_head_json":{"title":"La ruta ibicenca de los almendros en flor - Islander by Vibra Hotels","robots":{"index":"index","follow":"follow","max-snippet":"max-snippet:-1","max-image-preview":"max-image-preview:large","max-video-preview":"max-video-preview:-1"},"canonical":"https:\/\/www.vibrahotels.com\/blog\/la-ruta-ibicenca-los-almendros-flor\/","og_locale":"es_ES","og_type":"article","og_title":"La ruta ibicenca de los almendros en flor - Islander by Vibra Hotels","og_description":"La primavera est\u00e1 a la vuelta de la esquina y el pistoletazo de salida en Ibiza est\u00e1 protagonizado por la floraci\u00f3n de sus almendros desde principios de enero hasta mediados de febrero. Sin duda, es una de las \u00e9pocas m\u00e1s...","og_url":"https:\/\/www.vibrahotels.com\/blog\/la-ruta-ibicenca-los-almendros-flor\/","og_site_name":"Islander by Vibra Hotels","article_published_time":"2019-01-29T16:56:46+00:00","article_modified_time":"2022-08-29T10:18:37+00:00","og_image":[{"width":1024,"height":683,"url":"https:\/\/www.vibrahotels.com\/blog\/wp-content\/uploads\/2019\/01\/shutterstock_1018955464-1024x683.jpg","type":"image\/jpeg"}],"author":"The Ibiza Blog","twitter_card":"summary_large_image","twitter_misc":{"Escrito por":"The Ibiza Blog","Tiempo de lectura":"2 minutos"},"schema":{"@context":"https:\/\/schema.org","@graph":[{"@type":"Article","@id":"https:\/\/www.vibrahotels.com\/blog\/la-ruta-ibicenca-los-almendros-flor\/#article","isPartOf":{"@id":"https:\/\/www.vibrahotels.com\/blog\/la-ruta-ibicenca-los-almendros-flor\/"},"author":{"name":"The Ibiza Blog","@id":"https:\/\/www.vibrahotels.com\/blog\/#\/schema\/person\/ad74f13df6e44e7081ef65424f668972"},"headline":"La ruta ibicenca de los almendros en flor","datePublished":"2019-01-29T16:56:46+00:00","dateModified":"2022-08-29T10:18:37+00:00","mainEntityOfPage":{"@id":"https:\/\/www.vibrahotels.com\/blog\/la-ruta-ibicenca-los-almendros-flor\/"},"wordCount":240,"commentCount":0,"image":{"@id":"https:\/\/www.vibrahotels.com\/blog\/la-ruta-ibicenca-los-almendros-flor\/#primaryimage"},"thumbnailUrl":"https:\/\/www.vibrahotels.com\/blog\/wp-content\/uploads\/2019\/01\/shutterstock_1018955464.jpg","keywords":["ruta"],"articleSection":["Travel"],"inLanguage":"es","potentialAction":[{"@type":"CommentAction","name":"Comment","target":["https:\/\/www.vibrahotels.com\/blog\/la-ruta-ibicenca-los-almendros-flor\/#respond"]}]},{"@type":"WebPage","@id":"https:\/\/www.vibrahotels.com\/blog\/la-ruta-ibicenca-los-almendros-flor\/","url":"https:\/\/www.vibrahotels.com\/blog\/la-ruta-ibicenca-los-almendros-flor\/","name":"La ruta ibicenca de los almendros en flor - Islander by Vibra Hotels","isPartOf":{"@id":"https:\/\/www.vibrahotels.com\/blog\/#website"},"primaryImageOfPage":{"@id":"https:\/\/www.vibrahotels.com\/blog\/la-ruta-ibicenca-los-almendros-flor\/#primaryimage"},"image":{"@id":"https:\/\/www.vibrahotels.com\/blog\/la-ruta-ibicenca-los-almendros-flor\/#primaryimage"},"thumbnailUrl":"https:\/\/www.vibrahotels.com\/blog\/wp-content\/uploads\/2019\/01\/shutterstock_1018955464.jpg","datePublished":"2019-01-29T16:56:46+00:00","dateModified":"2022-08-29T10:18:37+00:00","author":{"@id":"https:\/\/www.vibrahotels.com\/blog\/#\/schema\/person\/ad74f13df6e44e7081ef65424f668972"},"breadcrumb":{"@id":"https:\/\/www.vibrahotels.com\/blog\/la-ruta-ibicenca-los-almendros-flor\/#breadcrumb"},"inLanguage":"es","potentialAction":[{"@type":"ReadAction","target":["https:\/\/www.vibrahotels.com\/blog\/la-ruta-ibicenca-los-almendros-flor\/"]}]},{"@type":"ImageObject","inLanguage":"es","@id":"https:\/\/www.vibrahotels.com\/blog\/la-ruta-ibicenca-los-almendros-flor\/#primaryimage","url":"https:\/\/www.vibrahotels.com\/blog\/wp-content\/uploads\/2019\/01\/shutterstock_1018955464.jpg","contentUrl":"https:\/\/www.vibrahotels.com\/blog\/wp-content\/uploads\/2019\/01\/shutterstock_1018955464.jpg","width":5760,"height":3840,"caption":"ruta ibiza almendros en flor"},{"@type":"BreadcrumbList","@id":"https:\/\/www.vibrahotels.com\/blog\/la-ruta-ibicenca-los-almendros-flor\/#breadcrumb","itemListElement":[{"@type":"ListItem","position":1,"name":"Portada","item":"https:\/\/www.vibrahotels.com\/blog\/"},{"@type":"ListItem","position":2,"name":"La ruta ibicenca de los almendros en flor"}]},{"@type":"WebSite","@id":"https:\/\/www.vibrahotels.com\/blog\/#website","url":"https:\/\/www.vibrahotels.com\/blog\/","name":"Islander by Vibra Hotels","description":"","potentialAction":[{"@type":"SearchAction","target":{"@type":"EntryPoint","urlTemplate":"https:\/\/www.vibrahotels.com\/blog\/?s={search_term_string}"},"query-input":{"@type":"PropertyValueSpecification","valueRequired":true,"valueName":"search_term_string"}}],"inLanguage":"es"},{"@type":"Person","@id":"https:\/\/www.vibrahotels.com\/blog\/#\/schema\/person\/ad74f13df6e44e7081ef65424f668972","name":"The Ibiza Blog","image":{"@type":"ImageObject","inLanguage":"es","@id":"https:\/\/secure.gravatar.com\/avatar\/d172713df318fe4ba11547ee4a70ab1eae0206026db57d7a5920186b9f5ee855?s=96&d=mm&r=g","url":"https:\/\/secure.gravatar.com\/avatar\/d172713df318fe4ba11547ee4a70ab1eae0206026db57d7a5920186b9f5ee855?s=96&d=mm&r=g","contentUrl":"https:\/\/secure.gravatar.com\/avatar\/d172713df318fe4ba11547ee4a70ab1eae0206026db57d7a5920186b9f5ee855?s=96&d=mm&r=g","caption":"The Ibiza Blog"},"url":"https:\/\/www.vibrahotels.com\/blog\/author\/the-ibiza-blog\/"}]}},"_links":{"self":[{"href":"https:\/\/www.vibrahotels.com\/blog\/wp-json\/wp\/v2\/posts\/3334","targetHints":{"allow":["GET"]}}],"collection":[{"href":"https:\/\/www.vibrahotels.com\/blog\/wp-json\/wp\/v2\/posts"}],"about":[{"href":"https:\/\/www.vibrahotels.com\/blog\/wp-json\/wp\/v2\/types\/post"}],"author":[{"embeddable":true,"href":"https:\/\/www.vibrahotels.com\/blog\/wp-json\/wp\/v2\/users\/1"}],"replies":[{"embeddable":true,"href":"https:\/\/www.vibrahotels.com\/blog\/wp-json\/wp\/v2\/comments?post=3334"}],"version-history":[{"count":1,"href":"https:\/\/www.vibrahotels.com\/blog\/wp-json\/wp\/v2\/posts\/3334\/revisions"}],"predecessor-version":[{"id":5908,"href":"https:\/\/www.vibrahotels.com\/blog\/wp-json\/wp\/v2\/posts\/3334\/revisions\/5908"}],"wp:featuredmedia":[{"embeddable":true,"href":"https:\/\/www.vibrahotels.com\/blog\/wp-json\/wp\/v2\/media\/3335"}],"wp:attachment":[{"href":"https:\/\/www.vibrahotels.com\/blog\/wp-json\/wp\/v2\/media?parent=3334"}],"wp:term":[{"taxonomy":"category","embeddable":true,"href":"https:\/\/www.vibrahotels.com\/blog\/wp-json\/wp\/v2\/categories?post=3334"},{"taxonomy":"post_tag","embeddable":true,"href":"https:\/\/www.vibrahotels.com\/blog\/wp-json\/wp\/v2\/tags?post=3334"}],"curies":[{"name":"wp","href":"https:\/\/api.w.org\/{rel}","templated":true}]}}