{"id":3259,"date":"2018-10-05T10:45:55","date_gmt":"2018-10-05T08:45:55","guid":{"rendered":"http:\/\/www.vibrahotels.com\/?p=3259"},"modified":"2020-03-11T12:04:26","modified_gmt":"2020-03-11T11:04:26","slug":"5-planes-no-te-puedes-perder-este-mes-ibiza","status":"publish","type":"post","link":"https:\/\/www.vibrahotels.com\/blog\/5-planes-no-te-puedes-perder-este-mes-ibiza\/","title":{"rendered":"5 Planes que no te puedes perder este mes en Ibiza"},"content":{"rendered":"<p><strong><u>Ibiza en Octubre<\/u><\/strong><\/p>\n<p>As\u00ed es, los \u2018Closings\u2019 se van sucediendo y acabando poco a poco y el bullicio en la isla comienza a disminuir. Octubre es y ser\u00e1 uno de los meses m\u00e1s bonitos del a\u00f1o en Ibiza: buen clima con temperaturas superiores a los 20 grados y el sol contin\u00faa iluminando <strong>la isla blanca<\/strong>. Los cierres de los <em>clubs<\/em> marcan el principio de una Ibiza m\u00e1s tranquila con una gran variedad de actividades culturales, eventos y oferta de ocio. <strong>\u00bfTe animas a descubrir lo que nos espera este mes en Ibiza?\u00a0 <\/strong><\/p>\n<p><strong><u>Ibiza Spirit Festival en Atzaro<\/u><\/strong><\/p>\n<p>Si nunca has visitado <strong>Atzaro<\/strong>, este evento deber\u00eda estar en tu lista de \u00b4obligatorio\u00b4. Atzaro est\u00e1 ubicado en el coraz\u00f3n de los campos de Ibiza, rodeado de paisajes incre\u00edbles y naturaleza preciosa. Un hotel que se conoce por su ambiente <strong>Mediterr\u00e1neo<\/strong>: con arquitectura ibicenca tradicional, jardines inmensos (con horticultura diversa) junto a piscinas horizontales y zonas de \u00b4chill out\u00b4. La tranquilidad del sitio hace de <strong>Atzaro<\/strong> sitio ideal para llevar a cabo el <strong>Ibiza Spirit Festival.<\/strong><\/p>\n<p><strong>El Spirit Festival de Ibiza<\/strong> se llevar\u00e1 a cabo el <strong>7 de octubre<\/strong> y no se repetir\u00e1 hasta abril de 2019, <strong>\u00a1as\u00ed que no te lo puedes perder!<\/strong> Tradici\u00f3n, buen rollo y amor: <strong>danza creativa, tantra, meditaciones, yoga, terapias, talleres, charlas inspiradoras, ceremonias, c\u00edrculos de canto, comida deliciosa, buena m\u00fasica y mucho m\u00e1s.<\/strong> Incluso hay un <strong>\u00abJard\u00edn de ni\u00f1os\u00bb<\/strong> donde se realizan eventos durante todo el d\u00eda para los peque\u00f1os. Un ambiente que verdaderamente irradia el verdadero esp\u00edritu de Ibiza.<\/p>\n<p>Lo mejor de este evento es que est\u00e1 abierto a todos los p\u00fablicos. Adem\u00e1s, todas las ganancias <strong>se donan a organizaciones ben\u00e9ficas locales.<\/strong> Este festival es una muestra de la comunidad local, la positividad y diversidad. <strong>\u00a1Namaste!<\/strong><\/p>\n<p><img loading=\"lazy\" decoding=\"async\" class=\"alignnone wp-image-3290\" src=\"http:\/\/www.vibrahotels.com\/wp-content\/uploads\/2018\/10\/veranda2015-carrsuel-01.jpg\" alt=\"veranda2015-carrsuel-01\" width=\"952\" height=\"567\" \/><\/p>\n<p><strong><u>Festival de la Luz<\/u><\/strong><\/p>\n<p><strong>\u00a1El evento m\u00e1s brillante del a\u00f1o, literalmente!<\/strong>\u00a0Un evento donde la tradici\u00f3n se encuentra con la modernidad.\u00a0El casco antiguo de Ibiza y el puerto se iluminar\u00e1n <strong>los d\u00edas 12 y 13 de octubre<\/strong> por el <strong>Festival de la Luz de Ibiza.<\/strong>\u00a0Las zonas m\u00e1s emblem\u00e1ticas de la ciudad de Ibiza se transformar\u00e1n en un oasis visual y auditivo.<br \/>\nEste evento est\u00e1 dise\u00f1ado para adaptarse a todos los p\u00fablicos y crear un recuerdo inolvidable para todos sus asistentes.\u00a0<strong>Una apreciaci\u00f3n del arte visual a trav\u00e9s de la forma de luz<\/strong>, ya sea video, escultura, proyecciones gr\u00e1ficas. Adem\u00e1s, muchas de las obras de arte ser\u00e1n interactivas.<br \/>\nDurante dos noches, Ibiza y su castillo de D\u2019Alt Vila se transformar\u00e1n.\u00a0<strong>\u00a1Sigue la luz, nunca sabes lo que puedes encontrar!<\/strong><\/p>\n<p><img loading=\"lazy\" decoding=\"async\" class=\"alignnone wp-image-3260\" src=\"http:\/\/www.vibrahotels.com\/wp-content\/uploads\/2018\/10\/oct.jpg\" alt=\"oct\" width=\"958\" height=\"636\" \/><\/p>\n<p><u><\/u><strong><u>Triatlones de Ibiza y Formentera <\/u><\/strong><\/p>\n<p><strong>\u00bfBuscas un octubre m\u00e1s deportivo?<\/strong> Los <strong>triatlones<\/strong> de Ibiza y Formentera pueden ser lo que est\u00e1s buscando. El triatl\u00f3n consta de tres eventos: nataci\u00f3n, ciclismo y carreras de larga distancia.<\/p>\n<p>En ambos lugares hay una opci\u00f3n para la longitud de la ruta que Formentera ofrece: Ol\u00edmpico (1.500 m de nataci\u00f3n, 40 km de ciclo y 10 km de carrera), Sprint (750 m de nataci\u00f3n, 20 km de ciclo y 5 km de carrera) y Relevo (las mismas distancias que Olympic &amp; Sprint) e Ibiza: tres opciones diferentes de 10, 21 o 42 kil\u00f3metros de camino aut\u00e9ntico.<\/p>\n<p><strong>La primera tendr\u00e1 lugar en Formentera el 6 de octubre, y la segunda en Ibiza el 28 de octubre. \u00a1Preparados, listos, ya!<\/strong><\/p>\n<p><strong><u>Ibiza Semana de Jap\u00f3n<\/u><\/strong><\/p>\n<p><strong>\u00bfEn busca de planes culturales?<\/strong> \u00bfPor qu\u00e9 no asistir a un evento durante <strong>la semana de Jap\u00f3n<\/strong>? Desde <strong>el<\/strong> <strong>22 de octubre hasta el 26<\/strong> habr\u00e1 una serie de citas vespertinas en el <strong>C19 Ibiza.<\/strong> Dise\u00f1ados para apreciar y transmitir las tradiciones japonesas, se ofrecer\u00e1 una variedad de talleres, desde <strong>pintura Sumi-e, mu\u00f1ecas Koboshi, Gyotaku, cuentacuentos con Kamishibai hasta actividades para ni\u00f1os.<\/strong><\/p>\n<p><strong>\u00a1Un plan completamente diferente!<\/strong><\/p>\n<p><strong><u>Halloween<\/u><\/strong><br \/>\nPor supuesto, esta fecha es un <strong><em>must<\/em><\/strong> de la lista. Aunque la mayor\u00eda de los clubs hayan echado el tel\u00f3n, <strong>Halloween<\/strong> es una fecha en la que muchas salas vuelven a\u00a0 abrir sus puertas para la ocasi\u00f3n. Aunque todav\u00eda queda tiempo para que se anuncien los lugares, <strong>Pikes<\/strong> ya lanz\u00f3 su promoci\u00f3n y es probable que <strong>Heart<\/strong> organice un evento (como lo ha hecho en a\u00f1os anteriores).\u00a0<strong>Hay que estar al tanto de las novedades\u2026<\/strong><\/p>\n<p><strong>Recuerda que en el mes de octubre, tenemos una amplia oferta de hoteles y apartamentos a\u00fan abiertos para que puedas disfrutar del mes de octubre en Ibiza:<br \/>\n<\/strong>Para alojamiento, recomendamos nuestros hoteles mejor conectados para que puedas moverte por la isla y asistir a todos estos eventos: <strong><a href=\"https:\/\/www.playasolibizahotels.com\/es\/Hoteles-en-Ibiza\/Ciudad\/Hotel-Central-Playa-Ibiza\" target=\"_blank\" rel=\"noopener noreferrer\">Hotel Central Playa<\/a>, <a href=\"https:\/\/www.apartamentosjabequeibiza.com\/\" target=\"_blank\" rel=\"noopener noreferrer\">Aparthotel Playasol Jabeque Soul<\/a>, <a href=\"https:\/\/www.hotelalgarbibiza.com\/es\" target=\"_blank\" rel=\"noopener noreferrer\">Hotel Playasol The New Algarb<\/a>, y el <a href=\"https:\/\/www.hotelmarcopoloibiza.com\/es\" target=\"_blank\" rel=\"noopener noreferrer\">Hotel Playasol Marco Polo<\/a><\/strong> son algunos de ellos\u2026<\/p>\n<p>&nbsp;<\/p>\n<p>Fotos: Ibiza Spotlight<\/p>\n","protected":false},"excerpt":{"rendered":"<p>Ibiza en Octubre As\u00ed es, los \u2018Closings\u2019 se van sucediendo y acabando poco a poco y el bullicio en la isla comienza a disminuir. Octubre es y ser\u00e1 uno de los meses m\u00e1s bonitos del a\u00f1o en Ibiza: buen clima&#8230;<\/p>\n","protected":false},"author":1,"featured_media":3262,"comment_status":"open","ping_status":"open","sticky":false,"template":"","format":"standard","meta":{"footnotes":""},"categories":[1297],"tags":[1116,1336,1115,164],"class_list":["post-3259","post","type-post","status-publish","format-standard","has-post-thumbnail","hentry","category-travel","tag-october","tag-season-2","tag-spirit","tag-verano"],"yoast_head":"<!-- This site is optimized with the Yoast SEO plugin v27.4 - https:\/\/yoast.com\/product\/yoast-seo-wordpress\/ -->\n<title>5 Planes que no te puedes perder este mes en Ibiza - Islander by Vibra Hotels<\/title>\n<meta name=\"robots\" content=\"index, follow, max-snippet:-1, max-image-preview:large, max-video-preview:-1\" \/>\n<link rel=\"canonical\" href=\"https:\/\/www.vibrahotels.com\/blog\/5-planes-no-te-puedes-perder-este-mes-ibiza\/\" \/>\n<meta property=\"og:locale\" content=\"es_ES\" \/>\n<meta property=\"og:type\" content=\"article\" \/>\n<meta property=\"og:title\" content=\"5 Planes que no te puedes perder este mes en Ibiza - Islander by Vibra Hotels\" \/>\n<meta property=\"og:description\" content=\"Ibiza en Octubre As\u00ed es, los \u2018Closings\u2019 se van sucediendo y acabando poco a poco y el bullicio en la isla comienza a disminuir. Octubre es y ser\u00e1 uno de los meses m\u00e1s bonitos del a\u00f1o en Ibiza: buen clima...\" \/>\n<meta property=\"og:url\" content=\"https:\/\/www.vibrahotels.com\/blog\/5-planes-no-te-puedes-perder-este-mes-ibiza\/\" \/>\n<meta property=\"og:site_name\" content=\"Islander by Vibra Hotels\" \/>\n<meta property=\"article:published_time\" content=\"2018-10-05T08:45:55+00:00\" \/>\n<meta property=\"article:modified_time\" content=\"2020-03-11T11:04:26+00:00\" \/>\n<meta property=\"og:image\" content=\"https:\/\/www.vibrahotels.com\/blog\/wp-content\/uploads\/2018\/10\/oct1.jpg\" \/>\n\t<meta property=\"og:image:width\" content=\"960\" \/>\n\t<meta property=\"og:image:height\" content=\"640\" \/>\n\t<meta property=\"og:image:type\" content=\"image\/jpeg\" \/>\n<meta name=\"author\" content=\"The Ibiza Blog\" \/>\n<meta name=\"twitter:card\" content=\"summary_large_image\" \/>\n<meta name=\"twitter:label1\" content=\"Escrito por\" \/>\n\t<meta name=\"twitter:data1\" content=\"The Ibiza Blog\" \/>\n\t<meta name=\"twitter:label2\" content=\"Tiempo de lectura\" \/>\n\t<meta name=\"twitter:data2\" content=\"4 minutos\" \/>\n<script type=\"application\/ld+json\" class=\"yoast-schema-graph\">{\"@context\":\"https:\\\/\\\/schema.org\",\"@graph\":[{\"@type\":\"Article\",\"@id\":\"https:\\\/\\\/www.vibrahotels.com\\\/blog\\\/5-planes-no-te-puedes-perder-este-mes-ibiza\\\/#article\",\"isPartOf\":{\"@id\":\"https:\\\/\\\/www.vibrahotels.com\\\/blog\\\/5-planes-no-te-puedes-perder-este-mes-ibiza\\\/\"},\"author\":{\"name\":\"The Ibiza Blog\",\"@id\":\"https:\\\/\\\/www.vibrahotels.com\\\/blog\\\/#\\\/schema\\\/person\\\/ad74f13df6e44e7081ef65424f668972\"},\"headline\":\"5 Planes que no te puedes perder este mes en Ibiza\",\"datePublished\":\"2018-10-05T08:45:55+00:00\",\"dateModified\":\"2020-03-11T11:04:26+00:00\",\"mainEntityOfPage\":{\"@id\":\"https:\\\/\\\/www.vibrahotels.com\\\/blog\\\/5-planes-no-te-puedes-perder-este-mes-ibiza\\\/\"},\"wordCount\":813,\"commentCount\":0,\"image\":{\"@id\":\"https:\\\/\\\/www.vibrahotels.com\\\/blog\\\/5-planes-no-te-puedes-perder-este-mes-ibiza\\\/#primaryimage\"},\"thumbnailUrl\":\"https:\\\/\\\/www.vibrahotels.com\\\/blog\\\/wp-content\\\/uploads\\\/2018\\\/10\\\/oct1.jpg\",\"keywords\":[\"october\",\"season\",\"spirit\",\"verano\"],\"articleSection\":[\"Travel\"],\"inLanguage\":\"es\",\"potentialAction\":[{\"@type\":\"CommentAction\",\"name\":\"Comment\",\"target\":[\"https:\\\/\\\/www.vibrahotels.com\\\/blog\\\/5-planes-no-te-puedes-perder-este-mes-ibiza\\\/#respond\"]}]},{\"@type\":\"WebPage\",\"@id\":\"https:\\\/\\\/www.vibrahotels.com\\\/blog\\\/5-planes-no-te-puedes-perder-este-mes-ibiza\\\/\",\"url\":\"https:\\\/\\\/www.vibrahotels.com\\\/blog\\\/5-planes-no-te-puedes-perder-este-mes-ibiza\\\/\",\"name\":\"5 Planes que no te puedes perder este mes en Ibiza - Islander by Vibra Hotels\",\"isPartOf\":{\"@id\":\"https:\\\/\\\/www.vibrahotels.com\\\/blog\\\/#website\"},\"primaryImageOfPage\":{\"@id\":\"https:\\\/\\\/www.vibrahotels.com\\\/blog\\\/5-planes-no-te-puedes-perder-este-mes-ibiza\\\/#primaryimage\"},\"image\":{\"@id\":\"https:\\\/\\\/www.vibrahotels.com\\\/blog\\\/5-planes-no-te-puedes-perder-este-mes-ibiza\\\/#primaryimage\"},\"thumbnailUrl\":\"https:\\\/\\\/www.vibrahotels.com\\\/blog\\\/wp-content\\\/uploads\\\/2018\\\/10\\\/oct1.jpg\",\"datePublished\":\"2018-10-05T08:45:55+00:00\",\"dateModified\":\"2020-03-11T11:04:26+00:00\",\"author\":{\"@id\":\"https:\\\/\\\/www.vibrahotels.com\\\/blog\\\/#\\\/schema\\\/person\\\/ad74f13df6e44e7081ef65424f668972\"},\"breadcrumb\":{\"@id\":\"https:\\\/\\\/www.vibrahotels.com\\\/blog\\\/5-planes-no-te-puedes-perder-este-mes-ibiza\\\/#breadcrumb\"},\"inLanguage\":\"es\",\"potentialAction\":[{\"@type\":\"ReadAction\",\"target\":[\"https:\\\/\\\/www.vibrahotels.com\\\/blog\\\/5-planes-no-te-puedes-perder-este-mes-ibiza\\\/\"]}]},{\"@type\":\"ImageObject\",\"inLanguage\":\"es\",\"@id\":\"https:\\\/\\\/www.vibrahotels.com\\\/blog\\\/5-planes-no-te-puedes-perder-este-mes-ibiza\\\/#primaryimage\",\"url\":\"https:\\\/\\\/www.vibrahotels.com\\\/blog\\\/wp-content\\\/uploads\\\/2018\\\/10\\\/oct1.jpg\",\"contentUrl\":\"https:\\\/\\\/www.vibrahotels.com\\\/blog\\\/wp-content\\\/uploads\\\/2018\\\/10\\\/oct1.jpg\",\"width\":960,\"height\":640},{\"@type\":\"BreadcrumbList\",\"@id\":\"https:\\\/\\\/www.vibrahotels.com\\\/blog\\\/5-planes-no-te-puedes-perder-este-mes-ibiza\\\/#breadcrumb\",\"itemListElement\":[{\"@type\":\"ListItem\",\"position\":1,\"name\":\"Portada\",\"item\":\"https:\\\/\\\/www.vibrahotels.com\\\/blog\\\/\"},{\"@type\":\"ListItem\",\"position\":2,\"name\":\"5 Planes que no te puedes perder este mes en Ibiza\"}]},{\"@type\":\"WebSite\",\"@id\":\"https:\\\/\\\/www.vibrahotels.com\\\/blog\\\/#website\",\"url\":\"https:\\\/\\\/www.vibrahotels.com\\\/blog\\\/\",\"name\":\"Islander by Vibra Hotels\",\"description\":\"\",\"potentialAction\":[{\"@type\":\"SearchAction\",\"target\":{\"@type\":\"EntryPoint\",\"urlTemplate\":\"https:\\\/\\\/www.vibrahotels.com\\\/blog\\\/?s={search_term_string}\"},\"query-input\":{\"@type\":\"PropertyValueSpecification\",\"valueRequired\":true,\"valueName\":\"search_term_string\"}}],\"inLanguage\":\"es\"},{\"@type\":\"Person\",\"@id\":\"https:\\\/\\\/www.vibrahotels.com\\\/blog\\\/#\\\/schema\\\/person\\\/ad74f13df6e44e7081ef65424f668972\",\"name\":\"The Ibiza Blog\",\"image\":{\"@type\":\"ImageObject\",\"inLanguage\":\"es\",\"@id\":\"https:\\\/\\\/secure.gravatar.com\\\/avatar\\\/d172713df318fe4ba11547ee4a70ab1eae0206026db57d7a5920186b9f5ee855?s=96&d=mm&r=g\",\"url\":\"https:\\\/\\\/secure.gravatar.com\\\/avatar\\\/d172713df318fe4ba11547ee4a70ab1eae0206026db57d7a5920186b9f5ee855?s=96&d=mm&r=g\",\"contentUrl\":\"https:\\\/\\\/secure.gravatar.com\\\/avatar\\\/d172713df318fe4ba11547ee4a70ab1eae0206026db57d7a5920186b9f5ee855?s=96&d=mm&r=g\",\"caption\":\"The Ibiza Blog\"},\"url\":\"https:\\\/\\\/www.vibrahotels.com\\\/blog\\\/author\\\/the-ibiza-blog\\\/\"}]}<\/script>\n<!-- \/ Yoast SEO plugin. -->","yoast_head_json":{"title":"5 Planes que no te puedes perder este mes en Ibiza - Islander by Vibra Hotels","robots":{"index":"index","follow":"follow","max-snippet":"max-snippet:-1","max-image-preview":"max-image-preview:large","max-video-preview":"max-video-preview:-1"},"canonical":"https:\/\/www.vibrahotels.com\/blog\/5-planes-no-te-puedes-perder-este-mes-ibiza\/","og_locale":"es_ES","og_type":"article","og_title":"5 Planes que no te puedes perder este mes en Ibiza - Islander by Vibra Hotels","og_description":"Ibiza en Octubre As\u00ed es, los \u2018Closings\u2019 se van sucediendo y acabando poco a poco y el bullicio en la isla comienza a disminuir. Octubre es y ser\u00e1 uno de los meses m\u00e1s bonitos del a\u00f1o en Ibiza: buen clima...","og_url":"https:\/\/www.vibrahotels.com\/blog\/5-planes-no-te-puedes-perder-este-mes-ibiza\/","og_site_name":"Islander by Vibra Hotels","article_published_time":"2018-10-05T08:45:55+00:00","article_modified_time":"2020-03-11T11:04:26+00:00","og_image":[{"width":960,"height":640,"url":"https:\/\/www.vibrahotels.com\/blog\/wp-content\/uploads\/2018\/10\/oct1.jpg","type":"image\/jpeg"}],"author":"The Ibiza Blog","twitter_card":"summary_large_image","twitter_misc":{"Escrito por":"The Ibiza Blog","Tiempo de lectura":"4 minutos"},"schema":{"@context":"https:\/\/schema.org","@graph":[{"@type":"Article","@id":"https:\/\/www.vibrahotels.com\/blog\/5-planes-no-te-puedes-perder-este-mes-ibiza\/#article","isPartOf":{"@id":"https:\/\/www.vibrahotels.com\/blog\/5-planes-no-te-puedes-perder-este-mes-ibiza\/"},"author":{"name":"The Ibiza Blog","@id":"https:\/\/www.vibrahotels.com\/blog\/#\/schema\/person\/ad74f13df6e44e7081ef65424f668972"},"headline":"5 Planes que no te puedes perder este mes en Ibiza","datePublished":"2018-10-05T08:45:55+00:00","dateModified":"2020-03-11T11:04:26+00:00","mainEntityOfPage":{"@id":"https:\/\/www.vibrahotels.com\/blog\/5-planes-no-te-puedes-perder-este-mes-ibiza\/"},"wordCount":813,"commentCount":0,"image":{"@id":"https:\/\/www.vibrahotels.com\/blog\/5-planes-no-te-puedes-perder-este-mes-ibiza\/#primaryimage"},"thumbnailUrl":"https:\/\/www.vibrahotels.com\/blog\/wp-content\/uploads\/2018\/10\/oct1.jpg","keywords":["october","season","spirit","verano"],"articleSection":["Travel"],"inLanguage":"es","potentialAction":[{"@type":"CommentAction","name":"Comment","target":["https:\/\/www.vibrahotels.com\/blog\/5-planes-no-te-puedes-perder-este-mes-ibiza\/#respond"]}]},{"@type":"WebPage","@id":"https:\/\/www.vibrahotels.com\/blog\/5-planes-no-te-puedes-perder-este-mes-ibiza\/","url":"https:\/\/www.vibrahotels.com\/blog\/5-planes-no-te-puedes-perder-este-mes-ibiza\/","name":"5 Planes que no te puedes perder este mes en Ibiza - Islander by Vibra Hotels","isPartOf":{"@id":"https:\/\/www.vibrahotels.com\/blog\/#website"},"primaryImageOfPage":{"@id":"https:\/\/www.vibrahotels.com\/blog\/5-planes-no-te-puedes-perder-este-mes-ibiza\/#primaryimage"},"image":{"@id":"https:\/\/www.vibrahotels.com\/blog\/5-planes-no-te-puedes-perder-este-mes-ibiza\/#primaryimage"},"thumbnailUrl":"https:\/\/www.vibrahotels.com\/blog\/wp-content\/uploads\/2018\/10\/oct1.jpg","datePublished":"2018-10-05T08:45:55+00:00","dateModified":"2020-03-11T11:04:26+00:00","author":{"@id":"https:\/\/www.vibrahotels.com\/blog\/#\/schema\/person\/ad74f13df6e44e7081ef65424f668972"},"breadcrumb":{"@id":"https:\/\/www.vibrahotels.com\/blog\/5-planes-no-te-puedes-perder-este-mes-ibiza\/#breadcrumb"},"inLanguage":"es","potentialAction":[{"@type":"ReadAction","target":["https:\/\/www.vibrahotels.com\/blog\/5-planes-no-te-puedes-perder-este-mes-ibiza\/"]}]},{"@type":"ImageObject","inLanguage":"es","@id":"https:\/\/www.vibrahotels.com\/blog\/5-planes-no-te-puedes-perder-este-mes-ibiza\/#primaryimage","url":"https:\/\/www.vibrahotels.com\/blog\/wp-content\/uploads\/2018\/10\/oct1.jpg","contentUrl":"https:\/\/www.vibrahotels.com\/blog\/wp-content\/uploads\/2018\/10\/oct1.jpg","width":960,"height":640},{"@type":"BreadcrumbList","@id":"https:\/\/www.vibrahotels.com\/blog\/5-planes-no-te-puedes-perder-este-mes-ibiza\/#breadcrumb","itemListElement":[{"@type":"ListItem","position":1,"name":"Portada","item":"https:\/\/www.vibrahotels.com\/blog\/"},{"@type":"ListItem","position":2,"name":"5 Planes que no te puedes perder este mes en Ibiza"}]},{"@type":"WebSite","@id":"https:\/\/www.vibrahotels.com\/blog\/#website","url":"https:\/\/www.vibrahotels.com\/blog\/","name":"Islander by Vibra Hotels","description":"","potentialAction":[{"@type":"SearchAction","target":{"@type":"EntryPoint","urlTemplate":"https:\/\/www.vibrahotels.com\/blog\/?s={search_term_string}"},"query-input":{"@type":"PropertyValueSpecification","valueRequired":true,"valueName":"search_term_string"}}],"inLanguage":"es"},{"@type":"Person","@id":"https:\/\/www.vibrahotels.com\/blog\/#\/schema\/person\/ad74f13df6e44e7081ef65424f668972","name":"The Ibiza Blog","image":{"@type":"ImageObject","inLanguage":"es","@id":"https:\/\/secure.gravatar.com\/avatar\/d172713df318fe4ba11547ee4a70ab1eae0206026db57d7a5920186b9f5ee855?s=96&d=mm&r=g","url":"https:\/\/secure.gravatar.com\/avatar\/d172713df318fe4ba11547ee4a70ab1eae0206026db57d7a5920186b9f5ee855?s=96&d=mm&r=g","contentUrl":"https:\/\/secure.gravatar.com\/avatar\/d172713df318fe4ba11547ee4a70ab1eae0206026db57d7a5920186b9f5ee855?s=96&d=mm&r=g","caption":"The Ibiza Blog"},"url":"https:\/\/www.vibrahotels.com\/blog\/author\/the-ibiza-blog\/"}]}},"_links":{"self":[{"href":"https:\/\/www.vibrahotels.com\/blog\/wp-json\/wp\/v2\/posts\/3259","targetHints":{"allow":["GET"]}}],"collection":[{"href":"https:\/\/www.vibrahotels.com\/blog\/wp-json\/wp\/v2\/posts"}],"about":[{"href":"https:\/\/www.vibrahotels.com\/blog\/wp-json\/wp\/v2\/types\/post"}],"author":[{"embeddable":true,"href":"https:\/\/www.vibrahotels.com\/blog\/wp-json\/wp\/v2\/users\/1"}],"replies":[{"embeddable":true,"href":"https:\/\/www.vibrahotels.com\/blog\/wp-json\/wp\/v2\/comments?post=3259"}],"version-history":[{"count":0,"href":"https:\/\/www.vibrahotels.com\/blog\/wp-json\/wp\/v2\/posts\/3259\/revisions"}],"wp:featuredmedia":[{"embeddable":true,"href":"https:\/\/www.vibrahotels.com\/blog\/wp-json\/wp\/v2\/media\/3262"}],"wp:attachment":[{"href":"https:\/\/www.vibrahotels.com\/blog\/wp-json\/wp\/v2\/media?parent=3259"}],"wp:term":[{"taxonomy":"category","embeddable":true,"href":"https:\/\/www.vibrahotels.com\/blog\/wp-json\/wp\/v2\/categories?post=3259"},{"taxonomy":"post_tag","embeddable":true,"href":"https:\/\/www.vibrahotels.com\/blog\/wp-json\/wp\/v2\/tags?post=3259"}],"curies":[{"name":"wp","href":"https:\/\/api.w.org\/{rel}","templated":true}]}}