{"id":3247,"date":"2018-09-26T17:31:52","date_gmt":"2018-09-26T15:31:52","guid":{"rendered":"http:\/\/www.vibrahotels.com\/?p=3247"},"modified":"2020-03-11T12:04:32","modified_gmt":"2020-03-11T11:04:32","slug":"amnesia-ibiza-se-prepara-closing-party","status":"publish","type":"post","link":"https:\/\/www.vibrahotels.com\/blog\/amnesia-ibiza-se-prepara-closing-party\/","title":{"rendered":"Amnesia Ibiza se prepara para su Closing Party"},"content":{"rendered":"<p>La espera se acab\u00f3, por fin, <strong>Amnesia<\/strong> anunci\u00f3 los detalles de su <strong>fiesta<\/strong> <strong>Closing<\/strong> para el pr\u00f3ximo d\u00eda 13 de octubre de 2018. Sin duda, se trata de una fiesta que no te puedes perder. Como el a\u00f1o pasado, este Closing tendr\u00e1 <strong>12 horas de m\u00fasica sin parar<\/strong>, as\u00ed que descansa bien antes de la fiesta, \u00a1necesitar\u00e1s toda tu energ\u00eda!<\/p>\n<p><strong>Amnesia<\/strong> ha sido una de las primeras discotecas de la isla desde su apertura en <strong>1976<\/strong> por <strong>Antonio Escohotado.<\/strong> Su objetivo era dedicar un espacio para la gente de Ibiza donde pudiera olvidarse de sus problemas y escapar a un mundo alejado de la rutina y las reglas. Y la elecci\u00f3n del nombre <strong>Amnesia<\/strong> respondi\u00f3 a esta visi\u00f3n, que significa \u00abp\u00e9rdida de memoria\u00bb en lat\u00edn. Casi medio siglo despu\u00e9s, este prop\u00f3sito a\u00fan se siente en el club, un entorno lleno de <strong>energ\u00eda, m\u00fasica y baile.<\/strong><\/p>\n<p>Este a\u00f1o, el line up es a\u00fan m\u00e1s importante: una selecci\u00f3n de los mejores DJ&#8217;s se dar\u00e1n cita en Ibiza para liderar la pista de baile durante la misma noche. <strong>Amnesia<\/strong> ha invitado a muchos DJ\u2019s residentes de sus propias fiestas a pinchar en el cierre. <strong>Paco Osuna<\/strong>, una de las caras m\u00e1s conocidas de Music On, junto al pionero de Do Not Sleep, <strong>Darius Syrossian. Luigi Madonna<\/strong>, quien dirigi\u00f3 la construcci\u00f3n de la nueva fiesta Pyramid esta temporada y el invitado habitual <strong>De La Swing<\/strong> de Elrow, as\u00ed como <strong>GW Harrison<\/strong> de ABODE. Y por si no fuera suficiente, hay al menos una docena m\u00e1s de artistas confirmados a\u00fan pendiente de anunciar.<\/p>\n<p style=\"text-align: left;\"><img loading=\"lazy\" decoding=\"async\" class=\"alignnone wp-image-3248\" src=\"http:\/\/www.vibrahotels.com\/wp-content\/uploads\/2018\/09\/21092018172618029783.jpg\" alt=\"21092018172618029783\" width=\"511\" height=\"511\" srcset=\"https:\/\/www.vibrahotels.com\/blog\/wp-content\/uploads\/2018\/09\/21092018172618029783.jpg 1000w, https:\/\/www.vibrahotels.com\/blog\/wp-content\/uploads\/2018\/09\/21092018172618029783-150x150.jpg 150w, https:\/\/www.vibrahotels.com\/blog\/wp-content\/uploads\/2018\/09\/21092018172618029783-300x300.jpg 300w, https:\/\/www.vibrahotels.com\/blog\/wp-content\/uploads\/2018\/09\/21092018172618029783-768x768.jpg 768w, https:\/\/www.vibrahotels.com\/blog\/wp-content\/uploads\/2018\/09\/21092018172618029783-180x180.jpg 180w, https:\/\/www.vibrahotels.com\/blog\/wp-content\/uploads\/2018\/09\/21092018172618029783-600x600.jpg 600w\" sizes=\"auto, (max-width: 511px) 100vw, 511px\" \/><\/p>\n<p style=\"text-align: left;\"><strong>Amnesia<\/strong> ha tenido una temporada extremadamente exitosa este a\u00f1o, especialmente teniendo en cuenta la cantidad de fiestas nuevas que se han dado cita, entre <strong>ellas Vibra, Pyramid y Abode<\/strong>, muy bien aceptadas por los fan\u00e1ticos del club. Con la excepci\u00f3n de Vibra, que suele ser anfitri\u00f3n de la m\u00fasica reggeaton, Amnesia es conocida por su m\u00fasica electr\u00f3nica, techno y house, g\u00e9neros que se esperan disfrutar en el Closing.<\/p>\n<p><strong>\u00bfListos para terminar el verano de una manera inolvidable?<\/strong><\/p>\n<p>Te recomendamos no dejar al azar tu alojamiento, aseg\u00farate hospedarte en hoteles de la zona de <a href=\"https:\/\/www.playasolibizahotels.com\/es\/Hoteles-en-Ibiza\/San-Antonio-Portmany\">San Antonio<\/a>, <a href=\"https:\/\/www.playasolibizahotels.com\/es\/Hoteles-en-Ibiza\/Bahia-San-Antonio\">bah\u00eda de San Antonio<\/a> o <a href=\"https:\/\/www.playasolibizahotels.com\/es\/Hoteles-en-Ibiza\/Ciudad\">Ibiza centro<\/a>.<\/p>\n<p>&nbsp;<\/p>\n<p>Fotos: Ibiza Spotlight<\/p>\n","protected":false},"excerpt":{"rendered":"<p>La espera se acab\u00f3, por fin, Amnesia anunci\u00f3 los detalles de su fiesta Closing para el pr\u00f3ximo d\u00eda 13 de octubre de 2018. Sin duda, se trata de una fiesta que no te puedes perder. Como el a\u00f1o pasado, este&#8230;<\/p>\n","protected":false},"author":1,"featured_media":3250,"comment_status":"open","ping_status":"open","sticky":false,"template":"","format":"standard","meta":{"footnotes":""},"categories":[1311],"tags":[476,1089,1112,164],"class_list":["post-3247","post","type-post","status-publish","format-standard","has-post-thumbnail","hentry","category-planes-en-ibiza","tag-techno","tag-temporada","tag-ultima","tag-verano"],"yoast_head":"<!-- This site is optimized with the Yoast SEO plugin v27.4 - https:\/\/yoast.com\/product\/yoast-seo-wordpress\/ -->\n<title>Amnesia Ibiza se prepara para su Closing Party - Islander by Vibra Hotels<\/title>\n<meta name=\"robots\" content=\"index, follow, max-snippet:-1, max-image-preview:large, max-video-preview:-1\" \/>\n<link rel=\"canonical\" href=\"https:\/\/www.vibrahotels.com\/blog\/amnesia-ibiza-se-prepara-closing-party\/\" \/>\n<meta property=\"og:locale\" content=\"es_ES\" \/>\n<meta property=\"og:type\" content=\"article\" \/>\n<meta property=\"og:title\" content=\"Amnesia Ibiza se prepara para su Closing Party - Islander by Vibra Hotels\" \/>\n<meta property=\"og:description\" content=\"La espera se acab\u00f3, por fin, Amnesia anunci\u00f3 los detalles de su fiesta Closing para el pr\u00f3ximo d\u00eda 13 de octubre de 2018. Sin duda, se trata de una fiesta que no te puedes perder. Como el a\u00f1o pasado, este...\" \/>\n<meta property=\"og:url\" content=\"https:\/\/www.vibrahotels.com\/blog\/amnesia-ibiza-se-prepara-closing-party\/\" \/>\n<meta property=\"og:site_name\" content=\"Islander by Vibra Hotels\" \/>\n<meta property=\"article:published_time\" content=\"2018-09-26T15:31:52+00:00\" \/>\n<meta property=\"article:modified_time\" content=\"2020-03-11T11:04:32+00:00\" \/>\n<meta property=\"og:image\" content=\"https:\/\/www.vibrahotels.com\/blog\/wp-content\/uploads\/2018\/09\/slideshow-1503433012_5.jpg\" \/>\n\t<meta property=\"og:image:width\" content=\"1500\" \/>\n\t<meta property=\"og:image:height\" content=\"1001\" \/>\n\t<meta property=\"og:image:type\" content=\"image\/jpeg\" \/>\n<meta name=\"author\" content=\"The Ibiza Blog\" \/>\n<meta name=\"twitter:card\" content=\"summary_large_image\" \/>\n<meta name=\"twitter:label1\" content=\"Escrito por\" \/>\n\t<meta name=\"twitter:data1\" content=\"The Ibiza Blog\" \/>\n\t<meta name=\"twitter:label2\" content=\"Tiempo de lectura\" \/>\n\t<meta name=\"twitter:data2\" content=\"2 minutos\" \/>\n<script type=\"application\/ld+json\" class=\"yoast-schema-graph\">{\"@context\":\"https:\\\/\\\/schema.org\",\"@graph\":[{\"@type\":\"Article\",\"@id\":\"https:\\\/\\\/www.vibrahotels.com\\\/blog\\\/amnesia-ibiza-se-prepara-closing-party\\\/#article\",\"isPartOf\":{\"@id\":\"https:\\\/\\\/www.vibrahotels.com\\\/blog\\\/amnesia-ibiza-se-prepara-closing-party\\\/\"},\"author\":{\"name\":\"The Ibiza Blog\",\"@id\":\"https:\\\/\\\/www.vibrahotels.com\\\/blog\\\/#\\\/schema\\\/person\\\/ad74f13df6e44e7081ef65424f668972\"},\"headline\":\"Amnesia Ibiza se prepara para su Closing Party\",\"datePublished\":\"2018-09-26T15:31:52+00:00\",\"dateModified\":\"2020-03-11T11:04:32+00:00\",\"mainEntityOfPage\":{\"@id\":\"https:\\\/\\\/www.vibrahotels.com\\\/blog\\\/amnesia-ibiza-se-prepara-closing-party\\\/\"},\"wordCount\":403,\"commentCount\":0,\"image\":{\"@id\":\"https:\\\/\\\/www.vibrahotels.com\\\/blog\\\/amnesia-ibiza-se-prepara-closing-party\\\/#primaryimage\"},\"thumbnailUrl\":\"https:\\\/\\\/www.vibrahotels.com\\\/blog\\\/wp-content\\\/uploads\\\/2018\\\/09\\\/slideshow-1503433012_5.jpg\",\"keywords\":[\"Techno\",\"temporada\",\"ultima\",\"verano\"],\"articleSection\":[\"Planes en Ibiza\"],\"inLanguage\":\"es\",\"potentialAction\":[{\"@type\":\"CommentAction\",\"name\":\"Comment\",\"target\":[\"https:\\\/\\\/www.vibrahotels.com\\\/blog\\\/amnesia-ibiza-se-prepara-closing-party\\\/#respond\"]}]},{\"@type\":\"WebPage\",\"@id\":\"https:\\\/\\\/www.vibrahotels.com\\\/blog\\\/amnesia-ibiza-se-prepara-closing-party\\\/\",\"url\":\"https:\\\/\\\/www.vibrahotels.com\\\/blog\\\/amnesia-ibiza-se-prepara-closing-party\\\/\",\"name\":\"Amnesia Ibiza se prepara para su Closing Party - Islander by Vibra Hotels\",\"isPartOf\":{\"@id\":\"https:\\\/\\\/www.vibrahotels.com\\\/blog\\\/#website\"},\"primaryImageOfPage\":{\"@id\":\"https:\\\/\\\/www.vibrahotels.com\\\/blog\\\/amnesia-ibiza-se-prepara-closing-party\\\/#primaryimage\"},\"image\":{\"@id\":\"https:\\\/\\\/www.vibrahotels.com\\\/blog\\\/amnesia-ibiza-se-prepara-closing-party\\\/#primaryimage\"},\"thumbnailUrl\":\"https:\\\/\\\/www.vibrahotels.com\\\/blog\\\/wp-content\\\/uploads\\\/2018\\\/09\\\/slideshow-1503433012_5.jpg\",\"datePublished\":\"2018-09-26T15:31:52+00:00\",\"dateModified\":\"2020-03-11T11:04:32+00:00\",\"author\":{\"@id\":\"https:\\\/\\\/www.vibrahotels.com\\\/blog\\\/#\\\/schema\\\/person\\\/ad74f13df6e44e7081ef65424f668972\"},\"breadcrumb\":{\"@id\":\"https:\\\/\\\/www.vibrahotels.com\\\/blog\\\/amnesia-ibiza-se-prepara-closing-party\\\/#breadcrumb\"},\"inLanguage\":\"es\",\"potentialAction\":[{\"@type\":\"ReadAction\",\"target\":[\"https:\\\/\\\/www.vibrahotels.com\\\/blog\\\/amnesia-ibiza-se-prepara-closing-party\\\/\"]}]},{\"@type\":\"ImageObject\",\"inLanguage\":\"es\",\"@id\":\"https:\\\/\\\/www.vibrahotels.com\\\/blog\\\/amnesia-ibiza-se-prepara-closing-party\\\/#primaryimage\",\"url\":\"https:\\\/\\\/www.vibrahotels.com\\\/blog\\\/wp-content\\\/uploads\\\/2018\\\/09\\\/slideshow-1503433012_5.jpg\",\"contentUrl\":\"https:\\\/\\\/www.vibrahotels.com\\\/blog\\\/wp-content\\\/uploads\\\/2018\\\/09\\\/slideshow-1503433012_5.jpg\",\"width\":1500,\"height\":1001},{\"@type\":\"BreadcrumbList\",\"@id\":\"https:\\\/\\\/www.vibrahotels.com\\\/blog\\\/amnesia-ibiza-se-prepara-closing-party\\\/#breadcrumb\",\"itemListElement\":[{\"@type\":\"ListItem\",\"position\":1,\"name\":\"Portada\",\"item\":\"https:\\\/\\\/www.vibrahotels.com\\\/blog\\\/\"},{\"@type\":\"ListItem\",\"position\":2,\"name\":\"Amnesia Ibiza se prepara para su Closing Party\"}]},{\"@type\":\"WebSite\",\"@id\":\"https:\\\/\\\/www.vibrahotels.com\\\/blog\\\/#website\",\"url\":\"https:\\\/\\\/www.vibrahotels.com\\\/blog\\\/\",\"name\":\"Islander by Vibra Hotels\",\"description\":\"\",\"potentialAction\":[{\"@type\":\"SearchAction\",\"target\":{\"@type\":\"EntryPoint\",\"urlTemplate\":\"https:\\\/\\\/www.vibrahotels.com\\\/blog\\\/?s={search_term_string}\"},\"query-input\":{\"@type\":\"PropertyValueSpecification\",\"valueRequired\":true,\"valueName\":\"search_term_string\"}}],\"inLanguage\":\"es\"},{\"@type\":\"Person\",\"@id\":\"https:\\\/\\\/www.vibrahotels.com\\\/blog\\\/#\\\/schema\\\/person\\\/ad74f13df6e44e7081ef65424f668972\",\"name\":\"The Ibiza Blog\",\"image\":{\"@type\":\"ImageObject\",\"inLanguage\":\"es\",\"@id\":\"https:\\\/\\\/secure.gravatar.com\\\/avatar\\\/d172713df318fe4ba11547ee4a70ab1eae0206026db57d7a5920186b9f5ee855?s=96&d=mm&r=g\",\"url\":\"https:\\\/\\\/secure.gravatar.com\\\/avatar\\\/d172713df318fe4ba11547ee4a70ab1eae0206026db57d7a5920186b9f5ee855?s=96&d=mm&r=g\",\"contentUrl\":\"https:\\\/\\\/secure.gravatar.com\\\/avatar\\\/d172713df318fe4ba11547ee4a70ab1eae0206026db57d7a5920186b9f5ee855?s=96&d=mm&r=g\",\"caption\":\"The Ibiza Blog\"},\"url\":\"https:\\\/\\\/www.vibrahotels.com\\\/blog\\\/author\\\/the-ibiza-blog\\\/\"}]}<\/script>\n<!-- \/ Yoast SEO plugin. -->","yoast_head_json":{"title":"Amnesia Ibiza se prepara para su Closing Party - Islander by Vibra Hotels","robots":{"index":"index","follow":"follow","max-snippet":"max-snippet:-1","max-image-preview":"max-image-preview:large","max-video-preview":"max-video-preview:-1"},"canonical":"https:\/\/www.vibrahotels.com\/blog\/amnesia-ibiza-se-prepara-closing-party\/","og_locale":"es_ES","og_type":"article","og_title":"Amnesia Ibiza se prepara para su Closing Party - Islander by Vibra Hotels","og_description":"La espera se acab\u00f3, por fin, Amnesia anunci\u00f3 los detalles de su fiesta Closing para el pr\u00f3ximo d\u00eda 13 de octubre de 2018. Sin duda, se trata de una fiesta que no te puedes perder. Como el a\u00f1o pasado, este...","og_url":"https:\/\/www.vibrahotels.com\/blog\/amnesia-ibiza-se-prepara-closing-party\/","og_site_name":"Islander by Vibra Hotels","article_published_time":"2018-09-26T15:31:52+00:00","article_modified_time":"2020-03-11T11:04:32+00:00","og_image":[{"width":1500,"height":1001,"url":"https:\/\/www.vibrahotels.com\/blog\/wp-content\/uploads\/2018\/09\/slideshow-1503433012_5.jpg","type":"image\/jpeg"}],"author":"The Ibiza Blog","twitter_card":"summary_large_image","twitter_misc":{"Escrito por":"The Ibiza Blog","Tiempo de lectura":"2 minutos"},"schema":{"@context":"https:\/\/schema.org","@graph":[{"@type":"Article","@id":"https:\/\/www.vibrahotels.com\/blog\/amnesia-ibiza-se-prepara-closing-party\/#article","isPartOf":{"@id":"https:\/\/www.vibrahotels.com\/blog\/amnesia-ibiza-se-prepara-closing-party\/"},"author":{"name":"The Ibiza Blog","@id":"https:\/\/www.vibrahotels.com\/blog\/#\/schema\/person\/ad74f13df6e44e7081ef65424f668972"},"headline":"Amnesia Ibiza se prepara para su Closing Party","datePublished":"2018-09-26T15:31:52+00:00","dateModified":"2020-03-11T11:04:32+00:00","mainEntityOfPage":{"@id":"https:\/\/www.vibrahotels.com\/blog\/amnesia-ibiza-se-prepara-closing-party\/"},"wordCount":403,"commentCount":0,"image":{"@id":"https:\/\/www.vibrahotels.com\/blog\/amnesia-ibiza-se-prepara-closing-party\/#primaryimage"},"thumbnailUrl":"https:\/\/www.vibrahotels.com\/blog\/wp-content\/uploads\/2018\/09\/slideshow-1503433012_5.jpg","keywords":["Techno","temporada","ultima","verano"],"articleSection":["Planes en Ibiza"],"inLanguage":"es","potentialAction":[{"@type":"CommentAction","name":"Comment","target":["https:\/\/www.vibrahotels.com\/blog\/amnesia-ibiza-se-prepara-closing-party\/#respond"]}]},{"@type":"WebPage","@id":"https:\/\/www.vibrahotels.com\/blog\/amnesia-ibiza-se-prepara-closing-party\/","url":"https:\/\/www.vibrahotels.com\/blog\/amnesia-ibiza-se-prepara-closing-party\/","name":"Amnesia Ibiza se prepara para su Closing Party - Islander by Vibra Hotels","isPartOf":{"@id":"https:\/\/www.vibrahotels.com\/blog\/#website"},"primaryImageOfPage":{"@id":"https:\/\/www.vibrahotels.com\/blog\/amnesia-ibiza-se-prepara-closing-party\/#primaryimage"},"image":{"@id":"https:\/\/www.vibrahotels.com\/blog\/amnesia-ibiza-se-prepara-closing-party\/#primaryimage"},"thumbnailUrl":"https:\/\/www.vibrahotels.com\/blog\/wp-content\/uploads\/2018\/09\/slideshow-1503433012_5.jpg","datePublished":"2018-09-26T15:31:52+00:00","dateModified":"2020-03-11T11:04:32+00:00","author":{"@id":"https:\/\/www.vibrahotels.com\/blog\/#\/schema\/person\/ad74f13df6e44e7081ef65424f668972"},"breadcrumb":{"@id":"https:\/\/www.vibrahotels.com\/blog\/amnesia-ibiza-se-prepara-closing-party\/#breadcrumb"},"inLanguage":"es","potentialAction":[{"@type":"ReadAction","target":["https:\/\/www.vibrahotels.com\/blog\/amnesia-ibiza-se-prepara-closing-party\/"]}]},{"@type":"ImageObject","inLanguage":"es","@id":"https:\/\/www.vibrahotels.com\/blog\/amnesia-ibiza-se-prepara-closing-party\/#primaryimage","url":"https:\/\/www.vibrahotels.com\/blog\/wp-content\/uploads\/2018\/09\/slideshow-1503433012_5.jpg","contentUrl":"https:\/\/www.vibrahotels.com\/blog\/wp-content\/uploads\/2018\/09\/slideshow-1503433012_5.jpg","width":1500,"height":1001},{"@type":"BreadcrumbList","@id":"https:\/\/www.vibrahotels.com\/blog\/amnesia-ibiza-se-prepara-closing-party\/#breadcrumb","itemListElement":[{"@type":"ListItem","position":1,"name":"Portada","item":"https:\/\/www.vibrahotels.com\/blog\/"},{"@type":"ListItem","position":2,"name":"Amnesia Ibiza se prepara para su Closing Party"}]},{"@type":"WebSite","@id":"https:\/\/www.vibrahotels.com\/blog\/#website","url":"https:\/\/www.vibrahotels.com\/blog\/","name":"Islander by Vibra Hotels","description":"","potentialAction":[{"@type":"SearchAction","target":{"@type":"EntryPoint","urlTemplate":"https:\/\/www.vibrahotels.com\/blog\/?s={search_term_string}"},"query-input":{"@type":"PropertyValueSpecification","valueRequired":true,"valueName":"search_term_string"}}],"inLanguage":"es"},{"@type":"Person","@id":"https:\/\/www.vibrahotels.com\/blog\/#\/schema\/person\/ad74f13df6e44e7081ef65424f668972","name":"The Ibiza Blog","image":{"@type":"ImageObject","inLanguage":"es","@id":"https:\/\/secure.gravatar.com\/avatar\/d172713df318fe4ba11547ee4a70ab1eae0206026db57d7a5920186b9f5ee855?s=96&d=mm&r=g","url":"https:\/\/secure.gravatar.com\/avatar\/d172713df318fe4ba11547ee4a70ab1eae0206026db57d7a5920186b9f5ee855?s=96&d=mm&r=g","contentUrl":"https:\/\/secure.gravatar.com\/avatar\/d172713df318fe4ba11547ee4a70ab1eae0206026db57d7a5920186b9f5ee855?s=96&d=mm&r=g","caption":"The Ibiza Blog"},"url":"https:\/\/www.vibrahotels.com\/blog\/author\/the-ibiza-blog\/"}]}},"_links":{"self":[{"href":"https:\/\/www.vibrahotels.com\/blog\/wp-json\/wp\/v2\/posts\/3247","targetHints":{"allow":["GET"]}}],"collection":[{"href":"https:\/\/www.vibrahotels.com\/blog\/wp-json\/wp\/v2\/posts"}],"about":[{"href":"https:\/\/www.vibrahotels.com\/blog\/wp-json\/wp\/v2\/types\/post"}],"author":[{"embeddable":true,"href":"https:\/\/www.vibrahotels.com\/blog\/wp-json\/wp\/v2\/users\/1"}],"replies":[{"embeddable":true,"href":"https:\/\/www.vibrahotels.com\/blog\/wp-json\/wp\/v2\/comments?post=3247"}],"version-history":[{"count":0,"href":"https:\/\/www.vibrahotels.com\/blog\/wp-json\/wp\/v2\/posts\/3247\/revisions"}],"wp:featuredmedia":[{"embeddable":true,"href":"https:\/\/www.vibrahotels.com\/blog\/wp-json\/wp\/v2\/media\/3250"}],"wp:attachment":[{"href":"https:\/\/www.vibrahotels.com\/blog\/wp-json\/wp\/v2\/media?parent=3247"}],"wp:term":[{"taxonomy":"category","embeddable":true,"href":"https:\/\/www.vibrahotels.com\/blog\/wp-json\/wp\/v2\/categories?post=3247"},{"taxonomy":"post_tag","embeddable":true,"href":"https:\/\/www.vibrahotels.com\/blog\/wp-json\/wp\/v2\/tags?post=3247"}],"curies":[{"name":"wp","href":"https:\/\/api.w.org\/{rel}","templated":true}]}}