{"id":3026,"date":"2018-05-30T12:27:29","date_gmt":"2018-05-30T10:27:29","guid":{"rendered":"http:\/\/www.vibrahotels.com\/?p=3026"},"modified":"2020-03-11T12:10:18","modified_gmt":"2020-03-11T11:10:18","slug":"ibiza-acoge-una-nueva-edicion-la-pararela-adlib","status":"publish","type":"post","link":"https:\/\/www.vibrahotels.com\/blog\/ibiza-acoge-una-nueva-edicion-la-pararela-adlib\/","title":{"rendered":"Ibiza acoge una nueva edici\u00f3n de la Pararela Adlib"},"content":{"rendered":"<p>Los amantes de la moda ibicenca tienen una cita con la <strong>pasarela Adlib Moda Ibiza<\/strong> los pr\u00f3ximos d\u00edas 7, 8 y 9 de junio en <strong>Marina Botafoch<\/strong>. Este a\u00f1o, coincidiendo con su 47 aniversario, el evento de moda ibicenca arrancar\u00e1 con el certamen de nuevos dise\u00f1adores\u00a0<strong>Futur Adlib<\/strong>, presentado por el periodista\u00a0<strong>Jota Abril<\/strong>\u00a0en\u00a0<strong>Marina Botafoch<\/strong>. Ser\u00e1 la antesala de la Pasarela Adlib, un concurso de futuros talentos de las Islas Baleares, justo antes del pistoletazo de salida del d\u00eda 8 de junio.<\/p>\n<p>Tras la rueda de prensa del d\u00eda 8 en el <a href=\"https:\/\/www.hotelalgarbibiza.com\/es\" target=\"_blank\" rel=\"noopener noreferrer\"><strong>Hotel Playasol The New Algarb<\/strong><\/a>, cobrar\u00e1 vida el evento considerado m\u00e1s longevo del mundo de la mano de la actriz y periodista <strong>Cayetana Guill\u00e9n Cuervo<\/strong> como presentadora y madrina. Una cita con la moda ibicenca en la que mostrar\u00e1n las colecciones de 17 dise\u00f1adores modelos internacionales como\u00a0<strong>Toya Montoya<\/strong>, que tambi\u00e9n es la imagen de la campa\u00f1a de\u00a0<strong>Adlib Moda Ibiza 2018<\/strong>\u00a0y embajadora de la marca en esta edici\u00f3n, as\u00ed como\u00a0<strong>Miss Mundo 2015<\/strong>,\u00a0<strong>Mireia Lalaguna<\/strong>, y profesionales de la talla de\u00a0<strong>Krys Pasiecznik<\/strong>,\u00a0<strong>Mireia Canalda<\/strong>,\u00a0<strong>Felipe L\u00f3pez<\/strong>\u00a0o la ibicenca\u00a0<strong>Ana Vide<\/strong>, entre otros.<\/p>\n<p>De este modo, la\u00a0<strong>47 edici\u00f3n de la Pasarela Adlib<\/strong>\u00a0contar\u00e1 con tres d\u00edas de eventos que mostrar\u00e1n 29 pases que resumen el pasado, el presente y el futuro de las tendencias elaboradas e inspiradas en la isla de Ibiza.<\/p>\n<p>Esta cita se celebra gracias al patrocinio principal de marcas como\u00a0<strong><a href=\"http:\/\/www.playasolibizahotels.com\" target=\"_blank\" rel=\"noopener noreferrer\">Playasol Ibiza Hotels<\/a><\/strong>,\u00a0<strong>Fashion TV<\/strong>\u00a0y\u00a0<strong>Marina Botafoch Ibiza<\/strong>.<\/p>\n<p><img loading=\"lazy\" decoding=\"async\" class=\"alignnone size-full wp-image-3027\" src=\"http:\/\/www.vibrahotels.com\/wp-content\/uploads\/2018\/05\/historia.jpg\" alt=\"Pasarela Adlib Ibiza\" width=\"1995\" height=\"1250\" srcset=\"https:\/\/www.vibrahotels.com\/blog\/wp-content\/uploads\/2018\/05\/historia.jpg 1995w, https:\/\/www.vibrahotels.com\/blog\/wp-content\/uploads\/2018\/05\/historia-300x188.jpg 300w, https:\/\/www.vibrahotels.com\/blog\/wp-content\/uploads\/2018\/05\/historia-768x481.jpg 768w, https:\/\/www.vibrahotels.com\/blog\/wp-content\/uploads\/2018\/05\/historia-1024x642.jpg 1024w\" sizes=\"auto, (max-width: 1995px) 100vw, 1995px\" \/><\/p>\n<p><strong>Un poco de historia<\/strong><\/p>\n<p>La historia de la\u00a0<strong>Moda Adlib<\/strong>\u00a0est\u00e1 ligada a la\u00a0<strong>vestimenta tradicional ibicenca<\/strong>. As\u00ed, los\u00a0<strong>sombreros de paja<\/strong>, las\u00a0<strong>zapatillas de esparto<\/strong>\u00a0y los\u00a0<strong>mantones<\/strong>\u00a0de las mujeres, presentes en la indumentaria de las islas son parte de su inspiraci\u00f3n.<\/p>\n<p>La I Semana de la Moda de Ibiza naci\u00f3 en 1971 con la llegada a las Pitiusas del\u00a0<strong>movimiento hippie<\/strong>\u00a0cuyo estilo aut\u00f3ctono enamoro\u0301 a los recie\u0301n llegados, que quisieron poner en valor la delicadeza de estos materiales naturalmente toscos y trabajados artesanalmente. La multiculturalidad de la isla, cuajada de artistas y de visitantes de todos los rincones del mudo, se fusion\u00f3 con la\u00a0<strong>moda auto\u0301ctona<\/strong>\u00a0y con los\u00a0<strong>trajes tradicionales ibicencos<\/strong>\u00a0que se hicieron ma\u0301s ligeros, adapt\u00e1ndose a estas nuevas tendencias para dar lugar a la Moda Adlib. Su nombre fue acu\u00f1ado por uno de sus art\u00edfices, Jos\u00e9 Colomar, vicepresidente en aquellos a\u00f1os de Fomento del Turismo de Ibiza, ente que, junto con la\u00a0<a href=\"http:\/\/www.camaraibizayformentera.com\/\">C\u00e1mara de Comercio<\/a>, apoy\u00f3 y consolid\u00f3 una marca que nac\u00eda amparada en la expresi\u00f3n latina \u201c<strong>ad libitum<\/strong>\u201c, que significa \u201c<strong>libertad<\/strong>\u201c.<\/p>\n<p>&nbsp;<\/p>\n","protected":false},"excerpt":{"rendered":"<p>Los amantes de la moda ibicenca tienen una cita con la pasarela Adlib Moda Ibiza los pr\u00f3ximos d\u00edas 7, 8 y 9 de junio en Marina Botafoch. Este a\u00f1o, coincidiendo con su 47 aniversario, el evento de moda ibicenca arrancar\u00e1&#8230;<\/p>\n","protected":false},"author":1,"featured_media":3029,"comment_status":"open","ping_status":"open","sticky":false,"template":"","format":"standard","meta":{"footnotes":""},"categories":[1297],"tags":[750],"class_list":["post-3026","post","type-post","status-publish","format-standard","has-post-thumbnail","hentry","category-travel","tag-travel"],"yoast_head":"<!-- This site is optimized with the Yoast SEO plugin v27.4 - https:\/\/yoast.com\/product\/yoast-seo-wordpress\/ -->\n<title>Ibiza acoge una nueva edici\u00f3n de la Pararela Adlib - Islander by Vibra Hotels<\/title>\n<meta name=\"robots\" content=\"index, follow, max-snippet:-1, max-image-preview:large, max-video-preview:-1\" \/>\n<link rel=\"canonical\" href=\"https:\/\/www.vibrahotels.com\/blog\/ibiza-acoge-una-nueva-edicion-la-pararela-adlib\/\" \/>\n<meta property=\"og:locale\" content=\"es_ES\" \/>\n<meta property=\"og:type\" content=\"article\" \/>\n<meta property=\"og:title\" content=\"Ibiza acoge una nueva edici\u00f3n de la Pararela Adlib - Islander by Vibra Hotels\" \/>\n<meta property=\"og:description\" content=\"Los amantes de la moda ibicenca tienen una cita con la pasarela Adlib Moda Ibiza los pr\u00f3ximos d\u00edas 7, 8 y 9 de junio en Marina Botafoch. Este a\u00f1o, coincidiendo con su 47 aniversario, el evento de moda ibicenca arrancar\u00e1...\" \/>\n<meta property=\"og:url\" content=\"https:\/\/www.vibrahotels.com\/blog\/ibiza-acoge-una-nueva-edicion-la-pararela-adlib\/\" \/>\n<meta property=\"og:site_name\" content=\"Islander by Vibra Hotels\" \/>\n<meta property=\"article:published_time\" content=\"2018-05-30T10:27:29+00:00\" \/>\n<meta property=\"article:modified_time\" content=\"2020-03-11T11:10:18+00:00\" \/>\n<meta property=\"og:image\" content=\"https:\/\/www.vibrahotels.com\/blog\/wp-content\/uploads\/2018\/05\/01-toya-montoya-protagoniza-adlib-2018.jpg\" \/>\n\t<meta property=\"og:image:width\" content=\"730\" \/>\n\t<meta property=\"og:image:height\" content=\"487\" \/>\n\t<meta property=\"og:image:type\" content=\"image\/jpeg\" \/>\n<meta name=\"author\" content=\"The Ibiza Blog\" \/>\n<meta name=\"twitter:card\" content=\"summary_large_image\" \/>\n<meta name=\"twitter:label1\" content=\"Escrito por\" \/>\n\t<meta name=\"twitter:data1\" content=\"The Ibiza Blog\" \/>\n\t<meta name=\"twitter:label2\" content=\"Tiempo de lectura\" \/>\n\t<meta name=\"twitter:data2\" content=\"2 minutos\" \/>\n<script type=\"application\/ld+json\" class=\"yoast-schema-graph\">{\"@context\":\"https:\\\/\\\/schema.org\",\"@graph\":[{\"@type\":\"Article\",\"@id\":\"https:\\\/\\\/www.vibrahotels.com\\\/blog\\\/ibiza-acoge-una-nueva-edicion-la-pararela-adlib\\\/#article\",\"isPartOf\":{\"@id\":\"https:\\\/\\\/www.vibrahotels.com\\\/blog\\\/ibiza-acoge-una-nueva-edicion-la-pararela-adlib\\\/\"},\"author\":{\"name\":\"The Ibiza Blog\",\"@id\":\"https:\\\/\\\/www.vibrahotels.com\\\/blog\\\/#\\\/schema\\\/person\\\/ad74f13df6e44e7081ef65424f668972\"},\"headline\":\"Ibiza acoge una nueva edici\u00f3n de la Pararela Adlib\",\"datePublished\":\"2018-05-30T10:27:29+00:00\",\"dateModified\":\"2020-03-11T11:10:18+00:00\",\"mainEntityOfPage\":{\"@id\":\"https:\\\/\\\/www.vibrahotels.com\\\/blog\\\/ibiza-acoge-una-nueva-edicion-la-pararela-adlib\\\/\"},\"wordCount\":457,\"commentCount\":0,\"image\":{\"@id\":\"https:\\\/\\\/www.vibrahotels.com\\\/blog\\\/ibiza-acoge-una-nueva-edicion-la-pararela-adlib\\\/#primaryimage\"},\"thumbnailUrl\":\"https:\\\/\\\/www.vibrahotels.com\\\/blog\\\/wp-content\\\/uploads\\\/2018\\\/05\\\/01-toya-montoya-protagoniza-adlib-2018.jpg\",\"keywords\":[\"travel\"],\"articleSection\":[\"Travel\"],\"inLanguage\":\"es\",\"potentialAction\":[{\"@type\":\"CommentAction\",\"name\":\"Comment\",\"target\":[\"https:\\\/\\\/www.vibrahotels.com\\\/blog\\\/ibiza-acoge-una-nueva-edicion-la-pararela-adlib\\\/#respond\"]}]},{\"@type\":\"WebPage\",\"@id\":\"https:\\\/\\\/www.vibrahotels.com\\\/blog\\\/ibiza-acoge-una-nueva-edicion-la-pararela-adlib\\\/\",\"url\":\"https:\\\/\\\/www.vibrahotels.com\\\/blog\\\/ibiza-acoge-una-nueva-edicion-la-pararela-adlib\\\/\",\"name\":\"Ibiza acoge una nueva edici\u00f3n de la Pararela Adlib - Islander by Vibra Hotels\",\"isPartOf\":{\"@id\":\"https:\\\/\\\/www.vibrahotels.com\\\/blog\\\/#website\"},\"primaryImageOfPage\":{\"@id\":\"https:\\\/\\\/www.vibrahotels.com\\\/blog\\\/ibiza-acoge-una-nueva-edicion-la-pararela-adlib\\\/#primaryimage\"},\"image\":{\"@id\":\"https:\\\/\\\/www.vibrahotels.com\\\/blog\\\/ibiza-acoge-una-nueva-edicion-la-pararela-adlib\\\/#primaryimage\"},\"thumbnailUrl\":\"https:\\\/\\\/www.vibrahotels.com\\\/blog\\\/wp-content\\\/uploads\\\/2018\\\/05\\\/01-toya-montoya-protagoniza-adlib-2018.jpg\",\"datePublished\":\"2018-05-30T10:27:29+00:00\",\"dateModified\":\"2020-03-11T11:10:18+00:00\",\"author\":{\"@id\":\"https:\\\/\\\/www.vibrahotels.com\\\/blog\\\/#\\\/schema\\\/person\\\/ad74f13df6e44e7081ef65424f668972\"},\"breadcrumb\":{\"@id\":\"https:\\\/\\\/www.vibrahotels.com\\\/blog\\\/ibiza-acoge-una-nueva-edicion-la-pararela-adlib\\\/#breadcrumb\"},\"inLanguage\":\"es\",\"potentialAction\":[{\"@type\":\"ReadAction\",\"target\":[\"https:\\\/\\\/www.vibrahotels.com\\\/blog\\\/ibiza-acoge-una-nueva-edicion-la-pararela-adlib\\\/\"]}]},{\"@type\":\"ImageObject\",\"inLanguage\":\"es\",\"@id\":\"https:\\\/\\\/www.vibrahotels.com\\\/blog\\\/ibiza-acoge-una-nueva-edicion-la-pararela-adlib\\\/#primaryimage\",\"url\":\"https:\\\/\\\/www.vibrahotels.com\\\/blog\\\/wp-content\\\/uploads\\\/2018\\\/05\\\/01-toya-montoya-protagoniza-adlib-2018.jpg\",\"contentUrl\":\"https:\\\/\\\/www.vibrahotels.com\\\/blog\\\/wp-content\\\/uploads\\\/2018\\\/05\\\/01-toya-montoya-protagoniza-adlib-2018.jpg\",\"width\":730,\"height\":487},{\"@type\":\"BreadcrumbList\",\"@id\":\"https:\\\/\\\/www.vibrahotels.com\\\/blog\\\/ibiza-acoge-una-nueva-edicion-la-pararela-adlib\\\/#breadcrumb\",\"itemListElement\":[{\"@type\":\"ListItem\",\"position\":1,\"name\":\"Portada\",\"item\":\"https:\\\/\\\/www.vibrahotels.com\\\/blog\\\/\"},{\"@type\":\"ListItem\",\"position\":2,\"name\":\"Ibiza acoge una nueva edici\u00f3n de la Pararela Adlib\"}]},{\"@type\":\"WebSite\",\"@id\":\"https:\\\/\\\/www.vibrahotels.com\\\/blog\\\/#website\",\"url\":\"https:\\\/\\\/www.vibrahotels.com\\\/blog\\\/\",\"name\":\"Islander by Vibra Hotels\",\"description\":\"\",\"potentialAction\":[{\"@type\":\"SearchAction\",\"target\":{\"@type\":\"EntryPoint\",\"urlTemplate\":\"https:\\\/\\\/www.vibrahotels.com\\\/blog\\\/?s={search_term_string}\"},\"query-input\":{\"@type\":\"PropertyValueSpecification\",\"valueRequired\":true,\"valueName\":\"search_term_string\"}}],\"inLanguage\":\"es\"},{\"@type\":\"Person\",\"@id\":\"https:\\\/\\\/www.vibrahotels.com\\\/blog\\\/#\\\/schema\\\/person\\\/ad74f13df6e44e7081ef65424f668972\",\"name\":\"The Ibiza Blog\",\"image\":{\"@type\":\"ImageObject\",\"inLanguage\":\"es\",\"@id\":\"https:\\\/\\\/secure.gravatar.com\\\/avatar\\\/d172713df318fe4ba11547ee4a70ab1eae0206026db57d7a5920186b9f5ee855?s=96&d=mm&r=g\",\"url\":\"https:\\\/\\\/secure.gravatar.com\\\/avatar\\\/d172713df318fe4ba11547ee4a70ab1eae0206026db57d7a5920186b9f5ee855?s=96&d=mm&r=g\",\"contentUrl\":\"https:\\\/\\\/secure.gravatar.com\\\/avatar\\\/d172713df318fe4ba11547ee4a70ab1eae0206026db57d7a5920186b9f5ee855?s=96&d=mm&r=g\",\"caption\":\"The Ibiza Blog\"},\"url\":\"https:\\\/\\\/www.vibrahotels.com\\\/blog\\\/author\\\/the-ibiza-blog\\\/\"}]}<\/script>\n<!-- \/ Yoast SEO plugin. -->","yoast_head_json":{"title":"Ibiza acoge una nueva edici\u00f3n de la Pararela Adlib - Islander by Vibra Hotels","robots":{"index":"index","follow":"follow","max-snippet":"max-snippet:-1","max-image-preview":"max-image-preview:large","max-video-preview":"max-video-preview:-1"},"canonical":"https:\/\/www.vibrahotels.com\/blog\/ibiza-acoge-una-nueva-edicion-la-pararela-adlib\/","og_locale":"es_ES","og_type":"article","og_title":"Ibiza acoge una nueva edici\u00f3n de la Pararela Adlib - Islander by Vibra Hotels","og_description":"Los amantes de la moda ibicenca tienen una cita con la pasarela Adlib Moda Ibiza los pr\u00f3ximos d\u00edas 7, 8 y 9 de junio en Marina Botafoch. Este a\u00f1o, coincidiendo con su 47 aniversario, el evento de moda ibicenca arrancar\u00e1...","og_url":"https:\/\/www.vibrahotels.com\/blog\/ibiza-acoge-una-nueva-edicion-la-pararela-adlib\/","og_site_name":"Islander by Vibra Hotels","article_published_time":"2018-05-30T10:27:29+00:00","article_modified_time":"2020-03-11T11:10:18+00:00","og_image":[{"width":730,"height":487,"url":"https:\/\/www.vibrahotels.com\/blog\/wp-content\/uploads\/2018\/05\/01-toya-montoya-protagoniza-adlib-2018.jpg","type":"image\/jpeg"}],"author":"The Ibiza Blog","twitter_card":"summary_large_image","twitter_misc":{"Escrito por":"The Ibiza Blog","Tiempo de lectura":"2 minutos"},"schema":{"@context":"https:\/\/schema.org","@graph":[{"@type":"Article","@id":"https:\/\/www.vibrahotels.com\/blog\/ibiza-acoge-una-nueva-edicion-la-pararela-adlib\/#article","isPartOf":{"@id":"https:\/\/www.vibrahotels.com\/blog\/ibiza-acoge-una-nueva-edicion-la-pararela-adlib\/"},"author":{"name":"The Ibiza Blog","@id":"https:\/\/www.vibrahotels.com\/blog\/#\/schema\/person\/ad74f13df6e44e7081ef65424f668972"},"headline":"Ibiza acoge una nueva edici\u00f3n de la Pararela Adlib","datePublished":"2018-05-30T10:27:29+00:00","dateModified":"2020-03-11T11:10:18+00:00","mainEntityOfPage":{"@id":"https:\/\/www.vibrahotels.com\/blog\/ibiza-acoge-una-nueva-edicion-la-pararela-adlib\/"},"wordCount":457,"commentCount":0,"image":{"@id":"https:\/\/www.vibrahotels.com\/blog\/ibiza-acoge-una-nueva-edicion-la-pararela-adlib\/#primaryimage"},"thumbnailUrl":"https:\/\/www.vibrahotels.com\/blog\/wp-content\/uploads\/2018\/05\/01-toya-montoya-protagoniza-adlib-2018.jpg","keywords":["travel"],"articleSection":["Travel"],"inLanguage":"es","potentialAction":[{"@type":"CommentAction","name":"Comment","target":["https:\/\/www.vibrahotels.com\/blog\/ibiza-acoge-una-nueva-edicion-la-pararela-adlib\/#respond"]}]},{"@type":"WebPage","@id":"https:\/\/www.vibrahotels.com\/blog\/ibiza-acoge-una-nueva-edicion-la-pararela-adlib\/","url":"https:\/\/www.vibrahotels.com\/blog\/ibiza-acoge-una-nueva-edicion-la-pararela-adlib\/","name":"Ibiza acoge una nueva edici\u00f3n de la Pararela Adlib - Islander by Vibra Hotels","isPartOf":{"@id":"https:\/\/www.vibrahotels.com\/blog\/#website"},"primaryImageOfPage":{"@id":"https:\/\/www.vibrahotels.com\/blog\/ibiza-acoge-una-nueva-edicion-la-pararela-adlib\/#primaryimage"},"image":{"@id":"https:\/\/www.vibrahotels.com\/blog\/ibiza-acoge-una-nueva-edicion-la-pararela-adlib\/#primaryimage"},"thumbnailUrl":"https:\/\/www.vibrahotels.com\/blog\/wp-content\/uploads\/2018\/05\/01-toya-montoya-protagoniza-adlib-2018.jpg","datePublished":"2018-05-30T10:27:29+00:00","dateModified":"2020-03-11T11:10:18+00:00","author":{"@id":"https:\/\/www.vibrahotels.com\/blog\/#\/schema\/person\/ad74f13df6e44e7081ef65424f668972"},"breadcrumb":{"@id":"https:\/\/www.vibrahotels.com\/blog\/ibiza-acoge-una-nueva-edicion-la-pararela-adlib\/#breadcrumb"},"inLanguage":"es","potentialAction":[{"@type":"ReadAction","target":["https:\/\/www.vibrahotels.com\/blog\/ibiza-acoge-una-nueva-edicion-la-pararela-adlib\/"]}]},{"@type":"ImageObject","inLanguage":"es","@id":"https:\/\/www.vibrahotels.com\/blog\/ibiza-acoge-una-nueva-edicion-la-pararela-adlib\/#primaryimage","url":"https:\/\/www.vibrahotels.com\/blog\/wp-content\/uploads\/2018\/05\/01-toya-montoya-protagoniza-adlib-2018.jpg","contentUrl":"https:\/\/www.vibrahotels.com\/blog\/wp-content\/uploads\/2018\/05\/01-toya-montoya-protagoniza-adlib-2018.jpg","width":730,"height":487},{"@type":"BreadcrumbList","@id":"https:\/\/www.vibrahotels.com\/blog\/ibiza-acoge-una-nueva-edicion-la-pararela-adlib\/#breadcrumb","itemListElement":[{"@type":"ListItem","position":1,"name":"Portada","item":"https:\/\/www.vibrahotels.com\/blog\/"},{"@type":"ListItem","position":2,"name":"Ibiza acoge una nueva edici\u00f3n de la Pararela Adlib"}]},{"@type":"WebSite","@id":"https:\/\/www.vibrahotels.com\/blog\/#website","url":"https:\/\/www.vibrahotels.com\/blog\/","name":"Islander by Vibra Hotels","description":"","potentialAction":[{"@type":"SearchAction","target":{"@type":"EntryPoint","urlTemplate":"https:\/\/www.vibrahotels.com\/blog\/?s={search_term_string}"},"query-input":{"@type":"PropertyValueSpecification","valueRequired":true,"valueName":"search_term_string"}}],"inLanguage":"es"},{"@type":"Person","@id":"https:\/\/www.vibrahotels.com\/blog\/#\/schema\/person\/ad74f13df6e44e7081ef65424f668972","name":"The Ibiza Blog","image":{"@type":"ImageObject","inLanguage":"es","@id":"https:\/\/secure.gravatar.com\/avatar\/d172713df318fe4ba11547ee4a70ab1eae0206026db57d7a5920186b9f5ee855?s=96&d=mm&r=g","url":"https:\/\/secure.gravatar.com\/avatar\/d172713df318fe4ba11547ee4a70ab1eae0206026db57d7a5920186b9f5ee855?s=96&d=mm&r=g","contentUrl":"https:\/\/secure.gravatar.com\/avatar\/d172713df318fe4ba11547ee4a70ab1eae0206026db57d7a5920186b9f5ee855?s=96&d=mm&r=g","caption":"The Ibiza Blog"},"url":"https:\/\/www.vibrahotels.com\/blog\/author\/the-ibiza-blog\/"}]}},"_links":{"self":[{"href":"https:\/\/www.vibrahotels.com\/blog\/wp-json\/wp\/v2\/posts\/3026","targetHints":{"allow":["GET"]}}],"collection":[{"href":"https:\/\/www.vibrahotels.com\/blog\/wp-json\/wp\/v2\/posts"}],"about":[{"href":"https:\/\/www.vibrahotels.com\/blog\/wp-json\/wp\/v2\/types\/post"}],"author":[{"embeddable":true,"href":"https:\/\/www.vibrahotels.com\/blog\/wp-json\/wp\/v2\/users\/1"}],"replies":[{"embeddable":true,"href":"https:\/\/www.vibrahotels.com\/blog\/wp-json\/wp\/v2\/comments?post=3026"}],"version-history":[{"count":0,"href":"https:\/\/www.vibrahotels.com\/blog\/wp-json\/wp\/v2\/posts\/3026\/revisions"}],"wp:featuredmedia":[{"embeddable":true,"href":"https:\/\/www.vibrahotels.com\/blog\/wp-json\/wp\/v2\/media\/3029"}],"wp:attachment":[{"href":"https:\/\/www.vibrahotels.com\/blog\/wp-json\/wp\/v2\/media?parent=3026"}],"wp:term":[{"taxonomy":"category","embeddable":true,"href":"https:\/\/www.vibrahotels.com\/blog\/wp-json\/wp\/v2\/categories?post=3026"},{"taxonomy":"post_tag","embeddable":true,"href":"https:\/\/www.vibrahotels.com\/blog\/wp-json\/wp\/v2\/tags?post=3026"}],"curies":[{"name":"wp","href":"https:\/\/api.w.org\/{rel}","templated":true}]}}